{"id":49373,"date":"2025-12-18T16:05:18","date_gmt":"2025-12-18T15:05:18","guid":{"rendered":"https:\/\/www.vkpbratislava.sk\/?p=49373"},"modified":"2025-12-19T16:09:15","modified_gmt":"2025-12-19T15:09:15","slug":"slovanistky-s-cistym-kontom-aj-po-11-kole","status":"publish","type":"post","link":"https:\/\/www.vkpbratislava.sk\/?p=49373","title":{"rendered":"Slovanistky s \u010dist\u00fdm kontom aj po 11. kole"},"content":{"rendered":"<p><strong>Bratislav\u010danky zost\u00e1vaj\u00fa aj po 11. kole v Gopass Ar\u00e9ne stopercentn\u00e9. Na dom\u00e1cej palubovke zdolali Hit UCM Trnava bez v\u00e4\u010d\u0161\u00edch probl\u00e9mov 3:0. Slovanistky sa opreli najm\u00e4 o kvalitu v \u00fatoku, kde sa dvadsiatimi bodmi presadila Romana Hudecov\u00e1, a o stabiln\u00fd v\u00fdkon po\u010das cel\u00e9ho stretnutia. Trnava dok\u00e1zala dr\u017ea\u0165 krok len v \u00favodoch setov, v rozhoduj\u00facich momentoch v\u0161ak Slovan potvrdil svoju prevahu.<\/strong><\/p>\n<p>K z\u00e1pasu sa vyjadril Pavel Bern\u00e1th, tr\u00e9ner VK Slovan: <strong>\u201eSom r\u00e1d za v\u00ed\u0165azstvo 3:0. Hrali sme koncentrovane. S\u00faper pritla\u010dil na servise, ale v koncovke druh\u00e9ho setu znerv\u00f3znel. V na\u0161ej hre som ale videl tie prvky, \u010do som chcel vidie\u0165 a navy\u0161e s dobr\u00fdm v\u00fdsledkom pre n\u00e1s, tak\u017ee sme spokojn\u00ed.\u201c<\/strong><\/p>\n<p><strong>\u201eSlovan n\u00e1s pred\u010dil v ka\u017edej \u010dinnosti. Zdatn\u00fdm s\u00faperom sme boli len na za\u010diatku setov,\u201c <\/strong>dodal Adri\u00e1n \u010cerven\u00fd, tr\u00e9ner Hit UCM.<\/p>\n<p>&nbsp;<\/p>\n<p><img loading=\"lazy\" decoding=\"async\" class=\"alignnone size-full wp-image-49374\" src=\"https:\/\/www.vkpbratislava.sk\/wp-content\/uploads\/2025\/12\/Baijo-a-Fartelova.jpg\" alt=\"\" width=\"1536\" height=\"2048\" srcset=\"https:\/\/www.vkpbratislava.sk\/wp-content\/uploads\/2025\/12\/Baijo-a-Fartelova.jpg 1536w, https:\/\/www.vkpbratislava.sk\/wp-content\/uploads\/2025\/12\/Baijo-a-Fartelova-640x853.jpg 640w, https:\/\/www.vkpbratislava.sk\/wp-content\/uploads\/2025\/12\/Baijo-a-Fartelova-1280x1707.jpg 1280w, https:\/\/www.vkpbratislava.sk\/wp-content\/uploads\/2025\/12\/Baijo-a-Fartelova-768x1024.jpg 768w, https:\/\/www.vkpbratislava.sk\/wp-content\/uploads\/2025\/12\/Baijo-a-Fartelova-1152x1536.jpg 1152w, https:\/\/www.vkpbratislava.sk\/wp-content\/uploads\/2025\/12\/Baijo-a-Fartelova-320x427.jpg 320w, https:\/\/www.vkpbratislava.sk\/wp-content\/uploads\/2025\/12\/Baijo-a-Fartelova-600x800.jpg 600w\" sizes=\"auto, (max-width: 1536px) 100vw, 1536px\" \/><\/p>\n<p>&nbsp;<\/p>\n<p><strong>Nik\u00e9 Extraliga \u017eeny \u2013 11. kolo \u2013 streda:<\/strong><\/p>\n<p><strong>VK Slovan Bratislava \u2013 Hit UCM Trnava 3:0 (14, 21, 13)<\/strong><\/p>\n<p><strong>Hr\u00e1\u010dky z\u00e1pasu:<\/strong> Barros Baijo Lenara (VK Slovan Bratislava) \u2013 Marta Fartelov\u00e1 (Hit UCM Trnava)<\/p>\n<p><strong>VK SLOVAN:<\/strong> Kaplanska 8, Smie\u0161kov\u00e1 5, R. Hudecov\u00e1 20, A. Fri\u010dov\u00e1 12, Baijo 17, Canedo 0, liberka S. Jan\u010dov\u00e1 (Paz\u00farikov\u00e1 0). Tr\u00e9ner: P. Bern\u00e1th.<\/p>\n<p><strong>HIT UCM:<\/strong> Richlieva 0, Fartelov\u00e1 8, Ondrejkov\u00e1 3, Doluda 3, J\u00e1no\u0161\u00edkov\u00e1 3, Truchl\u00e1 10, liberky Pag\u00e1\u010dov\u00e1 a Pomothy (Krausov\u00e1 0, Ritterov\u00e1 2, Sadlo\u0148ov\u00e1 2, Z. P\u00edse\u010dn\u00e1 2). Tr\u00e9ner: A. \u010cerven\u00fd.<\/p>\n<p><strong>Rozhodovali:<\/strong> Gerboc a Hr\u010dka, 380 div\u00e1kov.<\/p>\n<p>Pred z\u00e1pasom Slovana s Trnavou si prebrala liberka bratislavsk\u00e9ho dru\u017estva Skarleta Jan\u010dov\u00e1 z r\u00fak Filipa Morav\u010d\u00edka cenu pre Nik\u00e9 Hr\u00e1\u010dku mesiaca november 2025. FOTO VK SLOVAN\/IGOR URBAN<\/p>\n<p><img loading=\"lazy\" decoding=\"async\" class=\"alignnone size-full wp-image-49375\" src=\"https:\/\/www.vkpbratislava.sk\/wp-content\/uploads\/2025\/12\/Filip-a-Skaja.jpg\" alt=\"\" width=\"882\" height=\"1362\" srcset=\"https:\/\/www.vkpbratislava.sk\/wp-content\/uploads\/2025\/12\/Filip-a-Skaja.jpg 882w, https:\/\/www.vkpbratislava.sk\/wp-content\/uploads\/2025\/12\/Filip-a-Skaja-640x988.jpg 640w, https:\/\/www.vkpbratislava.sk\/wp-content\/uploads\/2025\/12\/Filip-a-Skaja-768x1186.jpg 768w, https:\/\/www.vkpbratislava.sk\/wp-content\/uploads\/2025\/12\/Filip-a-Skaja-320x494.jpg 320w, https:\/\/www.vkpbratislava.sk\/wp-content\/uploads\/2025\/12\/Filip-a-Skaja-600x927.jpg 600w\" sizes=\"auto, (max-width: 882px) 100vw, 882px\" \/><\/p>\n<p>&nbsp;<\/p>\n<p>Zdroj: VK Slovan, svf<\/p>\n","protected":false},"excerpt":{"rendered":"<p>Bratislav\u010danky zost\u00e1vaj\u00fa aj po 11. kole v Gopass Ar\u00e9ne stopercentn\u00e9. Na dom\u00e1cej palubovke zdolali Hit UCM Trnava bez v\u00e4\u010d\u0161\u00edch probl\u00e9mov 3:0. Slovanistky sa opreli najm\u00e4 o kvalitu v \u00fatoku, kde sa dvadsiatimi bodmi presadila Romana Hudecov\u00e1, a o stabiln\u00fd v\u00fdkon po\u010das cel\u00e9ho stretnutia. Trnava dok\u00e1zala dr\u017ea\u0165 krok len v \u00favodoch setov, v rozhoduj\u00facich momentoch v\u0161ak&#8230;<\/p>\n","protected":false},"author":3,"featured_media":49250,"comment_status":"closed","ping_status":"closed","sticky":false,"template":"","format":"standard","meta":{"_monsterinsights_skip_tracking":false,"_monsterinsights_sitenote_active":false,"_monsterinsights_sitenote_note":"","_monsterinsights_sitenote_category":0,"footnotes":""},"categories":[48],"tags":[],"class_list":["post-49373","post","type-post","status-publish","format-standard","has-post-thumbnail","hentry","category-zeny"],"yoast_head":"<!-- This site is optimized with the Yoast SEO plugin v25.6 - https:\/\/yoast.com\/wordpress\/plugins\/seo\/ -->\n<title>Slovanistky s \u010dist\u00fdm kontom aj po 11. kole - VK SLOVAN Bratislava<\/title>\n<meta name=\"robots\" content=\"index, follow, max-snippet:-1, max-image-preview:large, max-video-preview:-1\" \/>\n<link rel=\"canonical\" href=\"https:\/\/www.vkpbratislava.sk\/?p=49373\" \/>\n<meta property=\"og:locale\" content=\"sk_SK\" \/>\n<meta property=\"og:type\" content=\"article\" \/>\n<meta property=\"og:title\" content=\"Slovanistky s \u010dist\u00fdm kontom aj po 11. kole - VK SLOVAN Bratislava\" \/>\n<meta property=\"og:description\" content=\"Bratislav\u010danky zost\u00e1vaj\u00fa aj po 11. kole v Gopass Ar\u00e9ne stopercentn\u00e9. Na dom\u00e1cej palubovke zdolali Hit UCM Trnava bez v\u00e4\u010d\u0161\u00edch probl\u00e9mov 3:0. Slovanistky sa opreli najm\u00e4 o kvalitu v \u00fatoku, kde sa dvadsiatimi bodmi presadila Romana Hudecov\u00e1, a o stabiln\u00fd v\u00fdkon po\u010das cel\u00e9ho stretnutia. Trnava dok\u00e1zala dr\u017ea\u0165 krok len v \u00favodoch setov, v rozhoduj\u00facich momentoch v\u0161ak...\" \/>\n<meta property=\"og:url\" content=\"https:\/\/www.vkpbratislava.sk\/?p=49373\" \/>\n<meta property=\"og:site_name\" content=\"VK SLOVAN Bratislava\" \/>\n<meta property=\"article:published_time\" content=\"2025-12-18T15:05:18+00:00\" \/>\n<meta property=\"article:modified_time\" content=\"2025-12-19T15:09:15+00:00\" \/>\n<meta property=\"og:image\" content=\"https:\/\/www.vkpbratislava.sk\/wp-content\/uploads\/2025\/12\/20251217_igor_urban_VK-Slovan-Z-vs-Trnava_IUR00396-scaled.jpg\" \/>\n\t<meta property=\"og:image:width\" content=\"2560\" \/>\n\t<meta property=\"og:image:height\" content=\"1707\" \/>\n\t<meta property=\"og:image:type\" content=\"image\/jpeg\" \/>\n<meta name=\"author\" content=\"jenca\" \/>\n<meta name=\"twitter:card\" content=\"summary_large_image\" \/>\n<meta name=\"twitter:label1\" content=\"Autor\" \/>\n\t<meta name=\"twitter:data1\" content=\"jenca\" \/>\n\t<meta name=\"twitter:label2\" content=\"Predpokladan\u00fd \u010das \u010d\u00edtania\" \/>\n\t<meta name=\"twitter:data2\" content=\"1 min\u00fata\" \/>\n<script type=\"application\/ld+json\" class=\"yoast-schema-graph\">{\"@context\":\"https:\/\/schema.org\",\"@graph\":[{\"@type\":\"Article\",\"@id\":\"https:\/\/www.vkpbratislava.sk\/?p=49373#article\",\"isPartOf\":{\"@id\":\"https:\/\/www.vkpbratislava.sk\/?p=49373\"},\"author\":{\"name\":\"jenca\",\"@id\":\"https:\/\/www.vkpbratislava.sk\/#\/schema\/person\/7037e769f9515aa58493d1b5852c4c50\"},\"headline\":\"Slovanistky s \u010dist\u00fdm kontom aj po 11. kole\",\"datePublished\":\"2025-12-18T15:05:18+00:00\",\"dateModified\":\"2025-12-19T15:09:15+00:00\",\"mainEntityOfPage\":{\"@id\":\"https:\/\/www.vkpbratislava.sk\/?p=49373\"},\"wordCount\":293,\"publisher\":{\"@id\":\"https:\/\/www.vkpbratislava.sk\/#organization\"},\"image\":{\"@id\":\"https:\/\/www.vkpbratislava.sk\/?p=49373#primaryimage\"},\"thumbnailUrl\":\"https:\/\/www.vkpbratislava.sk\/wp-content\/uploads\/2025\/12\/20251217_igor_urban_VK-Slovan-Z-vs-Trnava_IUR00396-scaled.jpg\",\"articleSection\":[\"\u017deny\"],\"inLanguage\":\"sk-SK\"},{\"@type\":\"WebPage\",\"@id\":\"https:\/\/www.vkpbratislava.sk\/?p=49373\",\"url\":\"https:\/\/www.vkpbratislava.sk\/?p=49373\",\"name\":\"Slovanistky s \u010dist\u00fdm kontom aj po 11. kole - VK SLOVAN Bratislava\",\"isPartOf\":{\"@id\":\"https:\/\/www.vkpbratislava.sk\/#website\"},\"primaryImageOfPage\":{\"@id\":\"https:\/\/www.vkpbratislava.sk\/?p=49373#primaryimage\"},\"image\":{\"@id\":\"https:\/\/www.vkpbratislava.sk\/?p=49373#primaryimage\"},\"thumbnailUrl\":\"https:\/\/www.vkpbratislava.sk\/wp-content\/uploads\/2025\/12\/20251217_igor_urban_VK-Slovan-Z-vs-Trnava_IUR00396-scaled.jpg\",\"datePublished\":\"2025-12-18T15:05:18+00:00\",\"dateModified\":\"2025-12-19T15:09:15+00:00\",\"breadcrumb\":{\"@id\":\"https:\/\/www.vkpbratislava.sk\/?p=49373#breadcrumb\"},\"inLanguage\":\"sk-SK\",\"potentialAction\":[{\"@type\":\"ReadAction\",\"target\":[\"https:\/\/www.vkpbratislava.sk\/?p=49373\"]}]},{\"@type\":\"ImageObject\",\"inLanguage\":\"sk-SK\",\"@id\":\"https:\/\/www.vkpbratislava.sk\/?p=49373#primaryimage\",\"url\":\"https:\/\/www.vkpbratislava.sk\/wp-content\/uploads\/2025\/12\/20251217_igor_urban_VK-Slovan-Z-vs-Trnava_IUR00396-scaled.jpg\",\"contentUrl\":\"https:\/\/www.vkpbratislava.sk\/wp-content\/uploads\/2025\/12\/20251217_igor_urban_VK-Slovan-Z-vs-Trnava_IUR00396-scaled.jpg\",\"width\":2560,\"height\":1707},{\"@type\":\"BreadcrumbList\",\"@id\":\"https:\/\/www.vkpbratislava.sk\/?p=49373#breadcrumb\",\"itemListElement\":[{\"@type\":\"ListItem\",\"position\":1,\"name\":\"Domov\",\"item\":\"https:\/\/www.vkpbratislava.sk\/\"},{\"@type\":\"ListItem\",\"position\":2,\"name\":\"Slovanistky s \u010dist\u00fdm kontom aj po 11. kole\"}]},{\"@type\":\"WebSite\",\"@id\":\"https:\/\/www.vkpbratislava.sk\/#website\",\"url\":\"https:\/\/www.vkpbratislava.sk\/\",\"name\":\"VK SLOVAN Bratislava\",\"description\":\"Volejbalov\u00fd klub\",\"publisher\":{\"@id\":\"https:\/\/www.vkpbratislava.sk\/#organization\"},\"potentialAction\":[{\"@type\":\"SearchAction\",\"target\":{\"@type\":\"EntryPoint\",\"urlTemplate\":\"https:\/\/www.vkpbratislava.sk\/?s={search_term_string}\"},\"query-input\":{\"@type\":\"PropertyValueSpecification\",\"valueRequired\":true,\"valueName\":\"search_term_string\"}}],\"inLanguage\":\"sk-SK\"},{\"@type\":\"Organization\",\"@id\":\"https:\/\/www.vkpbratislava.sk\/#organization\",\"name\":\"VKP Bratislava\",\"url\":\"https:\/\/www.vkpbratislava.sk\/\",\"logo\":{\"@type\":\"ImageObject\",\"inLanguage\":\"sk-SK\",\"@id\":\"https:\/\/www.vkpbratislava.sk\/#\/schema\/logo\/image\/\",\"url\":\"https:\/\/www.vkpbratislava.sk\/wp-content\/uploads\/2020\/10\/vkpBA.png\",\"contentUrl\":\"https:\/\/www.vkpbratislava.sk\/wp-content\/uploads\/2020\/10\/vkpBA.png\",\"width\":600,\"height\":600,\"caption\":\"VKP Bratislava\"},\"image\":{\"@id\":\"https:\/\/www.vkpbratislava.sk\/#\/schema\/logo\/image\/\"}},{\"@type\":\"Person\",\"@id\":\"https:\/\/www.vkpbratislava.sk\/#\/schema\/person\/7037e769f9515aa58493d1b5852c4c50\",\"name\":\"jenca\",\"image\":{\"@type\":\"ImageObject\",\"inLanguage\":\"sk-SK\",\"@id\":\"https:\/\/www.vkpbratislava.sk\/#\/schema\/person\/image\/\",\"url\":\"https:\/\/secure.gravatar.com\/avatar\/67aa89e9aab2911bbd0c6fbf0a891ea8d80c207c9b6a6e2c96e13fc2f16e536d?s=96&d=mm&r=g\",\"contentUrl\":\"https:\/\/secure.gravatar.com\/avatar\/67aa89e9aab2911bbd0c6fbf0a891ea8d80c207c9b6a6e2c96e13fc2f16e536d?s=96&d=mm&r=g\",\"caption\":\"jenca\"},\"url\":\"https:\/\/www.vkpbratislava.sk\/?author=3\"}]}<\/script>\n<!-- \/ Yoast SEO plugin. -->","yoast_head_json":{"title":"Slovanistky s \u010dist\u00fdm kontom aj po 11. kole - VK SLOVAN Bratislava","robots":{"index":"index","follow":"follow","max-snippet":"max-snippet:-1","max-image-preview":"max-image-preview:large","max-video-preview":"max-video-preview:-1"},"canonical":"https:\/\/www.vkpbratislava.sk\/?p=49373","og_locale":"sk_SK","og_type":"article","og_title":"Slovanistky s \u010dist\u00fdm kontom aj po 11. kole - VK SLOVAN Bratislava","og_description":"Bratislav\u010danky zost\u00e1vaj\u00fa aj po 11. kole v Gopass Ar\u00e9ne stopercentn\u00e9. Na dom\u00e1cej palubovke zdolali Hit UCM Trnava bez v\u00e4\u010d\u0161\u00edch probl\u00e9mov 3:0. Slovanistky sa opreli najm\u00e4 o kvalitu v \u00fatoku, kde sa dvadsiatimi bodmi presadila Romana Hudecov\u00e1, a o stabiln\u00fd v\u00fdkon po\u010das cel\u00e9ho stretnutia. Trnava dok\u00e1zala dr\u017ea\u0165 krok len v \u00favodoch setov, v rozhoduj\u00facich momentoch v\u0161ak...","og_url":"https:\/\/www.vkpbratislava.sk\/?p=49373","og_site_name":"VK SLOVAN Bratislava","article_published_time":"2025-12-18T15:05:18+00:00","article_modified_time":"2025-12-19T15:09:15+00:00","og_image":[{"width":2560,"height":1707,"url":"https:\/\/www.vkpbratislava.sk\/wp-content\/uploads\/2025\/12\/20251217_igor_urban_VK-Slovan-Z-vs-Trnava_IUR00396-scaled.jpg","type":"image\/jpeg"}],"author":"jenca","twitter_card":"summary_large_image","twitter_misc":{"Autor":"jenca","Predpokladan\u00fd \u010das \u010d\u00edtania":"1 min\u00fata"},"schema":{"@context":"https:\/\/schema.org","@graph":[{"@type":"Article","@id":"https:\/\/www.vkpbratislava.sk\/?p=49373#article","isPartOf":{"@id":"https:\/\/www.vkpbratislava.sk\/?p=49373"},"author":{"name":"jenca","@id":"https:\/\/www.vkpbratislava.sk\/#\/schema\/person\/7037e769f9515aa58493d1b5852c4c50"},"headline":"Slovanistky s \u010dist\u00fdm kontom aj po 11. kole","datePublished":"2025-12-18T15:05:18+00:00","dateModified":"2025-12-19T15:09:15+00:00","mainEntityOfPage":{"@id":"https:\/\/www.vkpbratislava.sk\/?p=49373"},"wordCount":293,"publisher":{"@id":"https:\/\/www.vkpbratislava.sk\/#organization"},"image":{"@id":"https:\/\/www.vkpbratislava.sk\/?p=49373#primaryimage"},"thumbnailUrl":"https:\/\/www.vkpbratislava.sk\/wp-content\/uploads\/2025\/12\/20251217_igor_urban_VK-Slovan-Z-vs-Trnava_IUR00396-scaled.jpg","articleSection":["\u017deny"],"inLanguage":"sk-SK"},{"@type":"WebPage","@id":"https:\/\/www.vkpbratislava.sk\/?p=49373","url":"https:\/\/www.vkpbratislava.sk\/?p=49373","name":"Slovanistky s \u010dist\u00fdm kontom aj po 11. kole - VK SLOVAN Bratislava","isPartOf":{"@id":"https:\/\/www.vkpbratislava.sk\/#website"},"primaryImageOfPage":{"@id":"https:\/\/www.vkpbratislava.sk\/?p=49373#primaryimage"},"image":{"@id":"https:\/\/www.vkpbratislava.sk\/?p=49373#primaryimage"},"thumbnailUrl":"https:\/\/www.vkpbratislava.sk\/wp-content\/uploads\/2025\/12\/20251217_igor_urban_VK-Slovan-Z-vs-Trnava_IUR00396-scaled.jpg","datePublished":"2025-12-18T15:05:18+00:00","dateModified":"2025-12-19T15:09:15+00:00","breadcrumb":{"@id":"https:\/\/www.vkpbratislava.sk\/?p=49373#breadcrumb"},"inLanguage":"sk-SK","potentialAction":[{"@type":"ReadAction","target":["https:\/\/www.vkpbratislava.sk\/?p=49373"]}]},{"@type":"ImageObject","inLanguage":"sk-SK","@id":"https:\/\/www.vkpbratislava.sk\/?p=49373#primaryimage","url":"https:\/\/www.vkpbratislava.sk\/wp-content\/uploads\/2025\/12\/20251217_igor_urban_VK-Slovan-Z-vs-Trnava_IUR00396-scaled.jpg","contentUrl":"https:\/\/www.vkpbratislava.sk\/wp-content\/uploads\/2025\/12\/20251217_igor_urban_VK-Slovan-Z-vs-Trnava_IUR00396-scaled.jpg","width":2560,"height":1707},{"@type":"BreadcrumbList","@id":"https:\/\/www.vkpbratislava.sk\/?p=49373#breadcrumb","itemListElement":[{"@type":"ListItem","position":1,"name":"Domov","item":"https:\/\/www.vkpbratislava.sk\/"},{"@type":"ListItem","position":2,"name":"Slovanistky s \u010dist\u00fdm kontom aj po 11. kole"}]},{"@type":"WebSite","@id":"https:\/\/www.vkpbratislava.sk\/#website","url":"https:\/\/www.vkpbratislava.sk\/","name":"VK SLOVAN Bratislava","description":"Volejbalov\u00fd klub","publisher":{"@id":"https:\/\/www.vkpbratislava.sk\/#organization"},"potentialAction":[{"@type":"SearchAction","target":{"@type":"EntryPoint","urlTemplate":"https:\/\/www.vkpbratislava.sk\/?s={search_term_string}"},"query-input":{"@type":"PropertyValueSpecification","valueRequired":true,"valueName":"search_term_string"}}],"inLanguage":"sk-SK"},{"@type":"Organization","@id":"https:\/\/www.vkpbratislava.sk\/#organization","name":"VKP Bratislava","url":"https:\/\/www.vkpbratislava.sk\/","logo":{"@type":"ImageObject","inLanguage":"sk-SK","@id":"https:\/\/www.vkpbratislava.sk\/#\/schema\/logo\/image\/","url":"https:\/\/www.vkpbratislava.sk\/wp-content\/uploads\/2020\/10\/vkpBA.png","contentUrl":"https:\/\/www.vkpbratislava.sk\/wp-content\/uploads\/2020\/10\/vkpBA.png","width":600,"height":600,"caption":"VKP Bratislava"},"image":{"@id":"https:\/\/www.vkpbratislava.sk\/#\/schema\/logo\/image\/"}},{"@type":"Person","@id":"https:\/\/www.vkpbratislava.sk\/#\/schema\/person\/7037e769f9515aa58493d1b5852c4c50","name":"jenca","image":{"@type":"ImageObject","inLanguage":"sk-SK","@id":"https:\/\/www.vkpbratislava.sk\/#\/schema\/person\/image\/","url":"https:\/\/secure.gravatar.com\/avatar\/67aa89e9aab2911bbd0c6fbf0a891ea8d80c207c9b6a6e2c96e13fc2f16e536d?s=96&d=mm&r=g","contentUrl":"https:\/\/secure.gravatar.com\/avatar\/67aa89e9aab2911bbd0c6fbf0a891ea8d80c207c9b6a6e2c96e13fc2f16e536d?s=96&d=mm&r=g","caption":"jenca"},"url":"https:\/\/www.vkpbratislava.sk\/?author=3"}]}},"_links":{"self":[{"href":"https:\/\/www.vkpbratislava.sk\/index.php?rest_route=\/wp\/v2\/posts\/49373","targetHints":{"allow":["GET"]}}],"collection":[{"href":"https:\/\/www.vkpbratislava.sk\/index.php?rest_route=\/wp\/v2\/posts"}],"about":[{"href":"https:\/\/www.vkpbratislava.sk\/index.php?rest_route=\/wp\/v2\/types\/post"}],"author":[{"embeddable":true,"href":"https:\/\/www.vkpbratislava.sk\/index.php?rest_route=\/wp\/v2\/users\/3"}],"replies":[{"embeddable":true,"href":"https:\/\/www.vkpbratislava.sk\/index.php?rest_route=%2Fwp%2Fv2%2Fcomments&post=49373"}],"version-history":[{"count":1,"href":"https:\/\/www.vkpbratislava.sk\/index.php?rest_route=\/wp\/v2\/posts\/49373\/revisions"}],"predecessor-version":[{"id":49376,"href":"https:\/\/www.vkpbratislava.sk\/index.php?rest_route=\/wp\/v2\/posts\/49373\/revisions\/49376"}],"wp:featuredmedia":[{"embeddable":true,"href":"https:\/\/www.vkpbratislava.sk\/index.php?rest_route=\/wp\/v2\/media\/49250"}],"wp:attachment":[{"href":"https:\/\/www.vkpbratislava.sk\/index.php?rest_route=%2Fwp%2Fv2%2Fmedia&parent=49373"}],"wp:term":[{"taxonomy":"category","embeddable":true,"href":"https:\/\/www.vkpbratislava.sk\/index.php?rest_route=%2Fwp%2Fv2%2Fcategories&post=49373"},{"taxonomy":"post_tag","embeddable":true,"href":"https:\/\/www.vkpbratislava.sk\/index.php?rest_route=%2Fwp%2Fv2%2Ftags&post=49373"}],"curies":[{"name":"wp","href":"https:\/\/api.w.org\/{rel}","templated":true}]}}