{"id":49377,"date":"2025-12-18T12:11:26","date_gmt":"2025-12-18T11:11:26","guid":{"rendered":"https:\/\/www.vkpbratislava.sk\/?p=49377"},"modified":"2025-12-19T16:19:26","modified_gmt":"2025-12-19T15:19:26","slug":"slovan-otvoril-semifinale-pohara-suverennym-vitazstvom","status":"publish","type":"post","link":"https:\/\/www.vkpbratislava.sk\/?p=49377","title":{"rendered":"Slovan otvoril semifin\u00e1le poh\u00e1ra suver\u00e9nnym v\u00ed\u0165azstvom"},"content":{"rendered":"<p><strong>V \u00favodnom semifin\u00e1lovom z\u00e1pase Nik\u00e9 Slovensk\u00e9ho poh\u00e1ra mu\u017eov potvrdili volejbalisti VK Slovan Bratislava \u00falohu favorita, ke\u010f na dom\u00e1cej palubovke zdolali \u0160VK Tatran Slovensk\u00e1 \u013dup\u010da UMB Bansk\u00e1 Bystrica 3:0.<\/strong><\/p>\n<p>&nbsp;<\/p>\n<p>Dom\u00e1ci od za\u010diatku stretnutia ud\u00e1vali tempo hry a prv\u00fd set z\u00edskali jednozna\u010dne 25:10. Druh\u00e9 dejstvo bolo vyrovnanej\u0161ie, no Slovan v koncovke zachoval pokoj a zv\u00ed\u0165azil 25:22. V tre\u0165om sete u\u017e Bratislav\u010dania op\u00e4\u0165 dominovali a z\u00e1pas uzavreli v\u00fdhrou 25:18<\/p>\n<p>Semifin\u00e1lov\u00e1 odveta je napl\u00e1novan\u00e1 na 14. janu\u00e1ra 2026.<\/p>\n<p>K\u00a0prv\u00e9mu semifin\u00e1lov\u00e9mu duelu sa vyjadril Robin P\u011blucha, tr\u00e9ner VK Slovan: <strong>\u201eSom r\u00e1d, \u017ee sme prv\u00fd semifin\u00e1lov\u00fd z\u00e1pas vyhrali 3:0. D\u00f4kladne sme sa na\u0148 pripravili. A\u017e na p\u00e1r momentov v druhom sete, kde sme sa Banskou Bystricou \u0165ahali, sme mali z\u00e1pas v podstate pod kontrolou. Urobili sme prv\u00fd krok pri postupe do fin\u00e1le.\u201c<\/strong><\/p>\n<p><strong>\u201eV prvom sete nie je \u010do hodnoti\u0165. Nemal som pocit, \u017ee by sme do Bratislavy cestovali z Banskej Bystrice, ale cez polovicu zemegule z Tokia, lebo sme sa rozbiehali ve\u013emi dlho. Pozit\u00edvna vec bola, \u017ee sme v druhom sete zareagovali, ale v tomto z\u00e1pase hral Slovan koncentrovane a agres\u00edvne so z\u00e1kladnou \u0161estkou. Sk\u00f4r ma mrz\u00ed n\u00e1\u0161 pr\u00edstup a u\u017e mysl\u00edme na sobot\u0148aj\u0161\u00ed z\u00e1pas s Kom\u00e1rnom, kde mus\u00edme zo seba vyda\u0165 v\u0161etko,\u201c <\/strong>dodal Pavol Bart\u00edk, tr\u00e9ner \u0160VK Tatran.<\/p>\n<p>&nbsp;<\/p>\n<p><img loading=\"lazy\" decoding=\"async\" class=\"alignnone size-full wp-image-49378\" src=\"https:\/\/www.vkpbratislava.sk\/wp-content\/uploads\/2025\/12\/peter-michalovic.jpg\" alt=\"\" width=\"1536\" height=\"2048\" srcset=\"https:\/\/www.vkpbratislava.sk\/wp-content\/uploads\/2025\/12\/peter-michalovic.jpg 1536w, https:\/\/www.vkpbratislava.sk\/wp-content\/uploads\/2025\/12\/peter-michalovic-640x853.jpg 640w, https:\/\/www.vkpbratislava.sk\/wp-content\/uploads\/2025\/12\/peter-michalovic-1280x1707.jpg 1280w, https:\/\/www.vkpbratislava.sk\/wp-content\/uploads\/2025\/12\/peter-michalovic-768x1024.jpg 768w, https:\/\/www.vkpbratislava.sk\/wp-content\/uploads\/2025\/12\/peter-michalovic-1152x1536.jpg 1152w, https:\/\/www.vkpbratislava.sk\/wp-content\/uploads\/2025\/12\/peter-michalovic-320x427.jpg 320w, https:\/\/www.vkpbratislava.sk\/wp-content\/uploads\/2025\/12\/peter-michalovic-600x800.jpg 600w\" sizes=\"auto, (max-width: 1536px) 100vw, 1536px\" \/><\/p>\n<p>&nbsp;<\/p>\n<p><strong>Nik\u00e9 Slovensk\u00fd poh\u00e1r mu\u017ei \u2013 semifin\u00e1le \u2013 prv\u00fd z\u00e1pas \u2013 streda:<\/strong><\/p>\n<p><strong>VK Slovan Bratislava \u2013 \u0160VK Tatran Slovensk\u00e1 \u013dup\u010da-UMB Bansk\u00e1 Bystrica 3:0 (10, 22, 18)<\/strong><\/p>\n<p><strong>Hr\u00e1\u010d z\u00e1pasu:<\/strong> Peter Michalovi\u010d (VK Slovan Bratislava)<\/p>\n<p><strong>VK SLOVAN:<\/strong> Kri\u0161ko 10, \u0160ellong 4, Michalovi\u010d 21, Fo\u0159t 8, Billich 10, Za\u0165ko 2, libero T. Pat\u00fac (Belas 0, V\u00edglask\u00fd 1, Marjov 0). Tr\u00e9ner: R. P\u011blucha.<\/p>\n<p><strong>\u0160VK TATRAN UMB:<\/strong> Poulsen 2, Funk 7, Vil\u00edm 6, S\u00fdkora 11, M. Vesel\u00fd 7, Baslar 4, libero R. Petruf (Beli\u010dka 0, Janovec 0). Tr\u00e9ner: P. Bart\u00edk.<\/p>\n<p><strong>Rozhodovali:<\/strong> Svoren\u010d\u00edk a Dovi\u010dovi\u010d, 278 div\u00e1kov.<\/p>\n<p>&nbsp;<\/p>\n<p>&nbsp;<\/p>\n<p>Zdroj: VK Slovan, svf<\/p>\n<p>&nbsp;<\/p>\n<p>&nbsp;<\/p>\n<p>&nbsp;<\/p>\n<p>&nbsp;<\/p>\n","protected":false},"excerpt":{"rendered":"<p>V \u00favodnom semifin\u00e1lovom z\u00e1pase Nik\u00e9 Slovensk\u00e9ho poh\u00e1ra mu\u017eov potvrdili volejbalisti VK Slovan Bratislava \u00falohu favorita, ke\u010f na dom\u00e1cej palubovke zdolali \u0160VK Tatran Slovensk\u00e1 \u013dup\u010da UMB Bansk\u00e1 Bystrica 3:0. &nbsp; Dom\u00e1ci od za\u010diatku stretnutia ud\u00e1vali tempo hry a prv\u00fd set z\u00edskali jednozna\u010dne 25:10. Druh\u00e9 dejstvo bolo vyrovnanej\u0161ie, no Slovan v koncovke zachoval pokoj a zv\u00ed\u0165azil 25:22&#8230;.<\/p>\n","protected":false},"author":3,"featured_media":49317,"comment_status":"closed","ping_status":"closed","sticky":false,"template":"","format":"standard","meta":{"_monsterinsights_skip_tracking":false,"_monsterinsights_sitenote_active":false,"_monsterinsights_sitenote_note":"","_monsterinsights_sitenote_category":0,"footnotes":""},"categories":[47],"tags":[],"class_list":["post-49377","post","type-post","status-publish","format-standard","has-post-thumbnail","hentry","category-muzi"],"yoast_head":"<!-- This site is optimized with the Yoast SEO plugin v25.6 - https:\/\/yoast.com\/wordpress\/plugins\/seo\/ -->\n<title>Slovan otvoril semifin\u00e1le poh\u00e1ra suver\u00e9nnym v\u00ed\u0165azstvom - VK SLOVAN Bratislava<\/title>\n<meta name=\"robots\" content=\"index, follow, max-snippet:-1, max-image-preview:large, max-video-preview:-1\" \/>\n<link rel=\"canonical\" href=\"https:\/\/www.vkpbratislava.sk\/?p=49377\" \/>\n<meta property=\"og:locale\" content=\"sk_SK\" \/>\n<meta property=\"og:type\" content=\"article\" \/>\n<meta property=\"og:title\" content=\"Slovan otvoril semifin\u00e1le poh\u00e1ra suver\u00e9nnym v\u00ed\u0165azstvom - VK SLOVAN Bratislava\" \/>\n<meta property=\"og:description\" content=\"V \u00favodnom semifin\u00e1lovom z\u00e1pase Nik\u00e9 Slovensk\u00e9ho poh\u00e1ra mu\u017eov potvrdili volejbalisti VK Slovan Bratislava \u00falohu favorita, ke\u010f na dom\u00e1cej palubovke zdolali \u0160VK Tatran Slovensk\u00e1 \u013dup\u010da UMB Bansk\u00e1 Bystrica 3:0. &nbsp; Dom\u00e1ci od za\u010diatku stretnutia ud\u00e1vali tempo hry a prv\u00fd set z\u00edskali jednozna\u010dne 25:10. Druh\u00e9 dejstvo bolo vyrovnanej\u0161ie, no Slovan v koncovke zachoval pokoj a zv\u00ed\u0165azil 25:22....\" \/>\n<meta property=\"og:url\" content=\"https:\/\/www.vkpbratislava.sk\/?p=49377\" \/>\n<meta property=\"og:site_name\" content=\"VK SLOVAN Bratislava\" \/>\n<meta property=\"article:published_time\" content=\"2025-12-18T11:11:26+00:00\" \/>\n<meta property=\"article:modified_time\" content=\"2025-12-19T15:19:26+00:00\" \/>\n<meta property=\"og:image\" content=\"https:\/\/www.vkpbratislava.sk\/wp-content\/uploads\/2025\/12\/MS_20251217_SPSlovnavsBB-47-1280x853.jpg\" \/>\n\t<meta property=\"og:image:width\" content=\"1280\" \/>\n\t<meta property=\"og:image:height\" content=\"853\" \/>\n\t<meta property=\"og:image:type\" content=\"image\/jpeg\" \/>\n<meta name=\"author\" content=\"jenca\" \/>\n<meta name=\"twitter:card\" content=\"summary_large_image\" \/>\n<meta name=\"twitter:label1\" content=\"Autor\" \/>\n\t<meta name=\"twitter:data1\" content=\"jenca\" \/>\n\t<meta name=\"twitter:label2\" content=\"Predpokladan\u00fd \u010das \u010d\u00edtania\" \/>\n\t<meta name=\"twitter:data2\" content=\"1 min\u00fata\" \/>\n<script type=\"application\/ld+json\" class=\"yoast-schema-graph\">{\"@context\":\"https:\/\/schema.org\",\"@graph\":[{\"@type\":\"Article\",\"@id\":\"https:\/\/www.vkpbratislava.sk\/?p=49377#article\",\"isPartOf\":{\"@id\":\"https:\/\/www.vkpbratislava.sk\/?p=49377\"},\"author\":{\"name\":\"jenca\",\"@id\":\"https:\/\/www.vkpbratislava.sk\/#\/schema\/person\/7037e769f9515aa58493d1b5852c4c50\"},\"headline\":\"Slovan otvoril semifin\u00e1le poh\u00e1ra suver\u00e9nnym v\u00ed\u0165azstvom\",\"datePublished\":\"2025-12-18T11:11:26+00:00\",\"dateModified\":\"2025-12-19T15:19:26+00:00\",\"mainEntityOfPage\":{\"@id\":\"https:\/\/www.vkpbratislava.sk\/?p=49377\"},\"wordCount\":353,\"publisher\":{\"@id\":\"https:\/\/www.vkpbratislava.sk\/#organization\"},\"image\":{\"@id\":\"https:\/\/www.vkpbratislava.sk\/?p=49377#primaryimage\"},\"thumbnailUrl\":\"https:\/\/www.vkpbratislava.sk\/wp-content\/uploads\/2025\/12\/MS_20251217_SPSlovnavsBB-47.jpg\",\"articleSection\":[\"Mu\u017ei\"],\"inLanguage\":\"sk-SK\"},{\"@type\":\"WebPage\",\"@id\":\"https:\/\/www.vkpbratislava.sk\/?p=49377\",\"url\":\"https:\/\/www.vkpbratislava.sk\/?p=49377\",\"name\":\"Slovan otvoril semifin\u00e1le poh\u00e1ra suver\u00e9nnym v\u00ed\u0165azstvom - VK SLOVAN Bratislava\",\"isPartOf\":{\"@id\":\"https:\/\/www.vkpbratislava.sk\/#website\"},\"primaryImageOfPage\":{\"@id\":\"https:\/\/www.vkpbratislava.sk\/?p=49377#primaryimage\"},\"image\":{\"@id\":\"https:\/\/www.vkpbratislava.sk\/?p=49377#primaryimage\"},\"thumbnailUrl\":\"https:\/\/www.vkpbratislava.sk\/wp-content\/uploads\/2025\/12\/MS_20251217_SPSlovnavsBB-47.jpg\",\"datePublished\":\"2025-12-18T11:11:26+00:00\",\"dateModified\":\"2025-12-19T15:19:26+00:00\",\"breadcrumb\":{\"@id\":\"https:\/\/www.vkpbratislava.sk\/?p=49377#breadcrumb\"},\"inLanguage\":\"sk-SK\",\"potentialAction\":[{\"@type\":\"ReadAction\",\"target\":[\"https:\/\/www.vkpbratislava.sk\/?p=49377\"]}]},{\"@type\":\"ImageObject\",\"inLanguage\":\"sk-SK\",\"@id\":\"https:\/\/www.vkpbratislava.sk\/?p=49377#primaryimage\",\"url\":\"https:\/\/www.vkpbratislava.sk\/wp-content\/uploads\/2025\/12\/MS_20251217_SPSlovnavsBB-47.jpg\",\"contentUrl\":\"https:\/\/www.vkpbratislava.sk\/wp-content\/uploads\/2025\/12\/MS_20251217_SPSlovnavsBB-47.jpg\",\"width\":2048,\"height\":1365},{\"@type\":\"BreadcrumbList\",\"@id\":\"https:\/\/www.vkpbratislava.sk\/?p=49377#breadcrumb\",\"itemListElement\":[{\"@type\":\"ListItem\",\"position\":1,\"name\":\"Domov\",\"item\":\"https:\/\/www.vkpbratislava.sk\/\"},{\"@type\":\"ListItem\",\"position\":2,\"name\":\"Slovan otvoril semifin\u00e1le poh\u00e1ra suver\u00e9nnym v\u00ed\u0165azstvom\"}]},{\"@type\":\"WebSite\",\"@id\":\"https:\/\/www.vkpbratislava.sk\/#website\",\"url\":\"https:\/\/www.vkpbratislava.sk\/\",\"name\":\"VK SLOVAN Bratislava\",\"description\":\"Volejbalov\u00fd klub\",\"publisher\":{\"@id\":\"https:\/\/www.vkpbratislava.sk\/#organization\"},\"potentialAction\":[{\"@type\":\"SearchAction\",\"target\":{\"@type\":\"EntryPoint\",\"urlTemplate\":\"https:\/\/www.vkpbratislava.sk\/?s={search_term_string}\"},\"query-input\":{\"@type\":\"PropertyValueSpecification\",\"valueRequired\":true,\"valueName\":\"search_term_string\"}}],\"inLanguage\":\"sk-SK\"},{\"@type\":\"Organization\",\"@id\":\"https:\/\/www.vkpbratislava.sk\/#organization\",\"name\":\"VKP Bratislava\",\"url\":\"https:\/\/www.vkpbratislava.sk\/\",\"logo\":{\"@type\":\"ImageObject\",\"inLanguage\":\"sk-SK\",\"@id\":\"https:\/\/www.vkpbratislava.sk\/#\/schema\/logo\/image\/\",\"url\":\"https:\/\/www.vkpbratislava.sk\/wp-content\/uploads\/2020\/10\/vkpBA.png\",\"contentUrl\":\"https:\/\/www.vkpbratislava.sk\/wp-content\/uploads\/2020\/10\/vkpBA.png\",\"width\":600,\"height\":600,\"caption\":\"VKP Bratislava\"},\"image\":{\"@id\":\"https:\/\/www.vkpbratislava.sk\/#\/schema\/logo\/image\/\"}},{\"@type\":\"Person\",\"@id\":\"https:\/\/www.vkpbratislava.sk\/#\/schema\/person\/7037e769f9515aa58493d1b5852c4c50\",\"name\":\"jenca\",\"image\":{\"@type\":\"ImageObject\",\"inLanguage\":\"sk-SK\",\"@id\":\"https:\/\/www.vkpbratislava.sk\/#\/schema\/person\/image\/\",\"url\":\"https:\/\/secure.gravatar.com\/avatar\/67aa89e9aab2911bbd0c6fbf0a891ea8d80c207c9b6a6e2c96e13fc2f16e536d?s=96&d=mm&r=g\",\"contentUrl\":\"https:\/\/secure.gravatar.com\/avatar\/67aa89e9aab2911bbd0c6fbf0a891ea8d80c207c9b6a6e2c96e13fc2f16e536d?s=96&d=mm&r=g\",\"caption\":\"jenca\"},\"url\":\"https:\/\/www.vkpbratislava.sk\/?author=3\"}]}<\/script>\n<!-- \/ Yoast SEO plugin. -->","yoast_head_json":{"title":"Slovan otvoril semifin\u00e1le poh\u00e1ra suver\u00e9nnym v\u00ed\u0165azstvom - VK SLOVAN Bratislava","robots":{"index":"index","follow":"follow","max-snippet":"max-snippet:-1","max-image-preview":"max-image-preview:large","max-video-preview":"max-video-preview:-1"},"canonical":"https:\/\/www.vkpbratislava.sk\/?p=49377","og_locale":"sk_SK","og_type":"article","og_title":"Slovan otvoril semifin\u00e1le poh\u00e1ra suver\u00e9nnym v\u00ed\u0165azstvom - VK SLOVAN Bratislava","og_description":"V \u00favodnom semifin\u00e1lovom z\u00e1pase Nik\u00e9 Slovensk\u00e9ho poh\u00e1ra mu\u017eov potvrdili volejbalisti VK Slovan Bratislava \u00falohu favorita, ke\u010f na dom\u00e1cej palubovke zdolali \u0160VK Tatran Slovensk\u00e1 \u013dup\u010da UMB Bansk\u00e1 Bystrica 3:0. &nbsp; Dom\u00e1ci od za\u010diatku stretnutia ud\u00e1vali tempo hry a prv\u00fd set z\u00edskali jednozna\u010dne 25:10. Druh\u00e9 dejstvo bolo vyrovnanej\u0161ie, no Slovan v koncovke zachoval pokoj a zv\u00ed\u0165azil 25:22....","og_url":"https:\/\/www.vkpbratislava.sk\/?p=49377","og_site_name":"VK SLOVAN Bratislava","article_published_time":"2025-12-18T11:11:26+00:00","article_modified_time":"2025-12-19T15:19:26+00:00","og_image":[{"width":1280,"height":853,"url":"https:\/\/www.vkpbratislava.sk\/wp-content\/uploads\/2025\/12\/MS_20251217_SPSlovnavsBB-47-1280x853.jpg","type":"image\/jpeg"}],"author":"jenca","twitter_card":"summary_large_image","twitter_misc":{"Autor":"jenca","Predpokladan\u00fd \u010das \u010d\u00edtania":"1 min\u00fata"},"schema":{"@context":"https:\/\/schema.org","@graph":[{"@type":"Article","@id":"https:\/\/www.vkpbratislava.sk\/?p=49377#article","isPartOf":{"@id":"https:\/\/www.vkpbratislava.sk\/?p=49377"},"author":{"name":"jenca","@id":"https:\/\/www.vkpbratislava.sk\/#\/schema\/person\/7037e769f9515aa58493d1b5852c4c50"},"headline":"Slovan otvoril semifin\u00e1le poh\u00e1ra suver\u00e9nnym v\u00ed\u0165azstvom","datePublished":"2025-12-18T11:11:26+00:00","dateModified":"2025-12-19T15:19:26+00:00","mainEntityOfPage":{"@id":"https:\/\/www.vkpbratislava.sk\/?p=49377"},"wordCount":353,"publisher":{"@id":"https:\/\/www.vkpbratislava.sk\/#organization"},"image":{"@id":"https:\/\/www.vkpbratislava.sk\/?p=49377#primaryimage"},"thumbnailUrl":"https:\/\/www.vkpbratislava.sk\/wp-content\/uploads\/2025\/12\/MS_20251217_SPSlovnavsBB-47.jpg","articleSection":["Mu\u017ei"],"inLanguage":"sk-SK"},{"@type":"WebPage","@id":"https:\/\/www.vkpbratislava.sk\/?p=49377","url":"https:\/\/www.vkpbratislava.sk\/?p=49377","name":"Slovan otvoril semifin\u00e1le poh\u00e1ra suver\u00e9nnym v\u00ed\u0165azstvom - VK SLOVAN Bratislava","isPartOf":{"@id":"https:\/\/www.vkpbratislava.sk\/#website"},"primaryImageOfPage":{"@id":"https:\/\/www.vkpbratislava.sk\/?p=49377#primaryimage"},"image":{"@id":"https:\/\/www.vkpbratislava.sk\/?p=49377#primaryimage"},"thumbnailUrl":"https:\/\/www.vkpbratislava.sk\/wp-content\/uploads\/2025\/12\/MS_20251217_SPSlovnavsBB-47.jpg","datePublished":"2025-12-18T11:11:26+00:00","dateModified":"2025-12-19T15:19:26+00:00","breadcrumb":{"@id":"https:\/\/www.vkpbratislava.sk\/?p=49377#breadcrumb"},"inLanguage":"sk-SK","potentialAction":[{"@type":"ReadAction","target":["https:\/\/www.vkpbratislava.sk\/?p=49377"]}]},{"@type":"ImageObject","inLanguage":"sk-SK","@id":"https:\/\/www.vkpbratislava.sk\/?p=49377#primaryimage","url":"https:\/\/www.vkpbratislava.sk\/wp-content\/uploads\/2025\/12\/MS_20251217_SPSlovnavsBB-47.jpg","contentUrl":"https:\/\/www.vkpbratislava.sk\/wp-content\/uploads\/2025\/12\/MS_20251217_SPSlovnavsBB-47.jpg","width":2048,"height":1365},{"@type":"BreadcrumbList","@id":"https:\/\/www.vkpbratislava.sk\/?p=49377#breadcrumb","itemListElement":[{"@type":"ListItem","position":1,"name":"Domov","item":"https:\/\/www.vkpbratislava.sk\/"},{"@type":"ListItem","position":2,"name":"Slovan otvoril semifin\u00e1le poh\u00e1ra suver\u00e9nnym v\u00ed\u0165azstvom"}]},{"@type":"WebSite","@id":"https:\/\/www.vkpbratislava.sk\/#website","url":"https:\/\/www.vkpbratislava.sk\/","name":"VK SLOVAN Bratislava","description":"Volejbalov\u00fd klub","publisher":{"@id":"https:\/\/www.vkpbratislava.sk\/#organization"},"potentialAction":[{"@type":"SearchAction","target":{"@type":"EntryPoint","urlTemplate":"https:\/\/www.vkpbratislava.sk\/?s={search_term_string}"},"query-input":{"@type":"PropertyValueSpecification","valueRequired":true,"valueName":"search_term_string"}}],"inLanguage":"sk-SK"},{"@type":"Organization","@id":"https:\/\/www.vkpbratislava.sk\/#organization","name":"VKP Bratislava","url":"https:\/\/www.vkpbratislava.sk\/","logo":{"@type":"ImageObject","inLanguage":"sk-SK","@id":"https:\/\/www.vkpbratislava.sk\/#\/schema\/logo\/image\/","url":"https:\/\/www.vkpbratislava.sk\/wp-content\/uploads\/2020\/10\/vkpBA.png","contentUrl":"https:\/\/www.vkpbratislava.sk\/wp-content\/uploads\/2020\/10\/vkpBA.png","width":600,"height":600,"caption":"VKP Bratislava"},"image":{"@id":"https:\/\/www.vkpbratislava.sk\/#\/schema\/logo\/image\/"}},{"@type":"Person","@id":"https:\/\/www.vkpbratislava.sk\/#\/schema\/person\/7037e769f9515aa58493d1b5852c4c50","name":"jenca","image":{"@type":"ImageObject","inLanguage":"sk-SK","@id":"https:\/\/www.vkpbratislava.sk\/#\/schema\/person\/image\/","url":"https:\/\/secure.gravatar.com\/avatar\/67aa89e9aab2911bbd0c6fbf0a891ea8d80c207c9b6a6e2c96e13fc2f16e536d?s=96&d=mm&r=g","contentUrl":"https:\/\/secure.gravatar.com\/avatar\/67aa89e9aab2911bbd0c6fbf0a891ea8d80c207c9b6a6e2c96e13fc2f16e536d?s=96&d=mm&r=g","caption":"jenca"},"url":"https:\/\/www.vkpbratislava.sk\/?author=3"}]}},"_links":{"self":[{"href":"https:\/\/www.vkpbratislava.sk\/index.php?rest_route=\/wp\/v2\/posts\/49377","targetHints":{"allow":["GET"]}}],"collection":[{"href":"https:\/\/www.vkpbratislava.sk\/index.php?rest_route=\/wp\/v2\/posts"}],"about":[{"href":"https:\/\/www.vkpbratislava.sk\/index.php?rest_route=\/wp\/v2\/types\/post"}],"author":[{"embeddable":true,"href":"https:\/\/www.vkpbratislava.sk\/index.php?rest_route=\/wp\/v2\/users\/3"}],"replies":[{"embeddable":true,"href":"https:\/\/www.vkpbratislava.sk\/index.php?rest_route=%2Fwp%2Fv2%2Fcomments&post=49377"}],"version-history":[{"count":1,"href":"https:\/\/www.vkpbratislava.sk\/index.php?rest_route=\/wp\/v2\/posts\/49377\/revisions"}],"predecessor-version":[{"id":49379,"href":"https:\/\/www.vkpbratislava.sk\/index.php?rest_route=\/wp\/v2\/posts\/49377\/revisions\/49379"}],"wp:featuredmedia":[{"embeddable":true,"href":"https:\/\/www.vkpbratislava.sk\/index.php?rest_route=\/wp\/v2\/media\/49317"}],"wp:attachment":[{"href":"https:\/\/www.vkpbratislava.sk\/index.php?rest_route=%2Fwp%2Fv2%2Fmedia&parent=49377"}],"wp:term":[{"taxonomy":"category","embeddable":true,"href":"https:\/\/www.vkpbratislava.sk\/index.php?rest_route=%2Fwp%2Fv2%2Fcategories&post=49377"},{"taxonomy":"post_tag","embeddable":true,"href":"https:\/\/www.vkpbratislava.sk\/index.php?rest_route=%2Fwp%2Fv2%2Ftags&post=49377"}],"curies":[{"name":"wp","href":"https:\/\/api.w.org\/{rel}","templated":true}]}}