{"id":49479,"date":"2025-12-22T12:14:41","date_gmt":"2025-12-22T11:14:41","guid":{"rendered":"https:\/\/www.vkpbratislava.sk\/?p=49479"},"modified":"2026-01-05T12:17:59","modified_gmt":"2026-01-05T11:17:59","slug":"jasna-vyhra-jasne-tri-body","status":"publish","type":"post","link":"https:\/\/www.vkpbratislava.sk\/?p=49479","title":{"rendered":"Jasn\u00e1 v\u00fdhra, jasn\u00e9 tri body"},"content":{"rendered":"<p>Aj v deviatom extraligovom kole potvrdili volejbalisti VK Slovan Bratislava v\u00fdborn\u00fa formu. V s\u00faboji dvoch semifinalistov Slovensk\u00e9ho poh\u00e1ra si v dom\u00e1com prostred\u00ed poradili s Pre\u0161ovom hladko 3:0 a op\u00e4\u0165 uk\u00e1zali svoju kvalitu. Belas\u00ed mali z\u00e1pas od \u00favodu pod kontrolou, diktovali tempo hry a s\u00fapera nepustili do v\u00fdraznej\u0161ieho tlaku.<\/p>\n<p>K\u00a0z\u00e1pasu sa vyjadril Robin P\u011blucha, tr\u00e9ner VK Slovan: <strong>\u201eZ na\u0161ej strany v z\u00e1sade povinn\u00fd z\u00e1pas, ktor\u00fd sme vyhrali 3:0. Boli tam, samozrejme, nejak\u00e9 nezrovnalosti, s ktor\u00fdmi nie som \u00faplne spokojn\u00fd. U\u017e sa te\u0161\u00edme na tr\u00e9ningy bez z\u00e1pasov.\u201c\u00a0 <\/strong><\/p>\n<p><strong>\u201ePr\u00edle\u017eitos\u0165 dostali hr\u00e1\u010di, ktor\u00ed potrebuj\u00fa z\u00e1pasov\u00fa prax, aby som si ich pripravil na tie d\u00f4le\u017eit\u00e9 \u010dasti, vedel, \u010di s nimi m\u00f4\u017eem po\u010d\u00edta\u0165 a \u010di m\u00f4\u017eu hra\u0165 za tento klub. Viacer\u00ed z nich uspeli. Teraz si d\u00e1me tri dni vo\u013ena, ale ka\u017edop\u00e1dne n\u00e1s \u010dak\u00e1 ve\u013ea pr\u00e1ce. Budeme sa s\u00fastredi\u0165 na tie veci, kde n\u00e1s tla\u010d\u00ed p\u00e4ta,\u201c<\/strong>doplnil Erik Diga\u0148a, tr\u00e9ner VK MIRAD UNIPO.<\/p>\n<p>&nbsp;<\/p>\n<p><img loading=\"lazy\" decoding=\"async\" class=\"alignnone size-full wp-image-49476\" src=\"https:\/\/www.vkpbratislava.sk\/wp-content\/uploads\/2025\/12\/IMG-20251220-WA0018.jpg\" alt=\"\" width=\"1600\" height=\"1545\" srcset=\"https:\/\/www.vkpbratislava.sk\/wp-content\/uploads\/2025\/12\/IMG-20251220-WA0018.jpg 1600w, https:\/\/www.vkpbratislava.sk\/wp-content\/uploads\/2025\/12\/IMG-20251220-WA0018-640x618.jpg 640w, https:\/\/www.vkpbratislava.sk\/wp-content\/uploads\/2025\/12\/IMG-20251220-WA0018-1280x1236.jpg 1280w, https:\/\/www.vkpbratislava.sk\/wp-content\/uploads\/2025\/12\/IMG-20251220-WA0018-768x742.jpg 768w, https:\/\/www.vkpbratislava.sk\/wp-content\/uploads\/2025\/12\/IMG-20251220-WA0018-1536x1483.jpg 1536w, https:\/\/www.vkpbratislava.sk\/wp-content\/uploads\/2025\/12\/IMG-20251220-WA0018-320x309.jpg 320w, https:\/\/www.vkpbratislava.sk\/wp-content\/uploads\/2025\/12\/IMG-20251220-WA0018-600x579.jpg 600w\" sizes=\"auto, (max-width: 1600px) 100vw, 1600px\" \/><\/p>\n<p>&nbsp;<\/p>\n<p><strong>Nik\u00e9 Extraliga mu\u017eov \u2013 z\u00e1kladn\u00e1 \u010das\u0165 \u2013 9. kolo \u2013 sobota:<\/strong><\/p>\n<p><strong>Hr\u00e1\u010d z\u00e1pasu: <\/strong>Juraj Za\u0165ko (VK Slovan Bratislava)<\/p>\n<p><strong>VK SLOVAN:<\/strong>\u00a0Kri\u0161ko 11, Billich 8, Za\u0165ko 4, Truba\u010d 17, Marjov 11, Michalovi\u010d 8,\u00a0libero Jakub\u00edk (Belas 1, V\u00edglask\u00fd 1, U\u010de\u0148 0). Tr\u00e9ner: R. P\u011blucha.<\/p>\n<p><strong>VK MIRAD UNIPO:\u00a0<\/strong>\u010coma 2, Labik 5, Pij\u00e1\u010dek 5, Suchani\u010d 15, Kolp\u00e1k 2, Voj\u010dek 0, libero Falat (\u0160\u010derba 3, Anderko 5, \u010cerve\u0148\u00e1k 0, Bart\u00e1k 0, Ver\u010dim\u00e1k 0).<strong>\u00a0<\/strong>Tr\u00e9ner: E. Diga\u0148a.<\/p>\n<p><strong>Rozhodovali:<\/strong> Viktor\u00edni-Lis\u00e1 a B. Kov\u00e1\u010d \u2013 267 div\u00e1kov.<\/p>\n<p>&nbsp;<\/p>\n<p>Zdroj: VK Slovan, svf<\/p>\n","protected":false},"excerpt":{"rendered":"<p>Aj v deviatom extraligovom kole potvrdili volejbalisti VK Slovan Bratislava v\u00fdborn\u00fa formu. V s\u00faboji dvoch semifinalistov Slovensk\u00e9ho poh\u00e1ra si v dom\u00e1com prostred\u00ed poradili s Pre\u0161ovom hladko 3:0 a op\u00e4\u0165 uk\u00e1zali svoju kvalitu. Belas\u00ed mali z\u00e1pas od \u00favodu pod kontrolou, diktovali tempo hry a s\u00fapera nepustili do v\u00fdraznej\u0161ieho tlaku. K\u00a0z\u00e1pasu sa vyjadril Robin P\u011blucha, tr\u00e9ner VK&#8230;<\/p>\n","protected":false},"author":3,"featured_media":49459,"comment_status":"closed","ping_status":"closed","sticky":false,"template":"","format":"standard","meta":{"_monsterinsights_skip_tracking":false,"_monsterinsights_sitenote_active":false,"_monsterinsights_sitenote_note":"","_monsterinsights_sitenote_category":0,"footnotes":""},"categories":[47],"tags":[],"class_list":["post-49479","post","type-post","status-publish","format-standard","has-post-thumbnail","hentry","category-muzi"],"yoast_head":"<!-- This site is optimized with the Yoast SEO plugin v25.6 - https:\/\/yoast.com\/wordpress\/plugins\/seo\/ -->\n<title>Jasn\u00e1 v\u00fdhra, jasn\u00e9 tri body - VK SLOVAN Bratislava<\/title>\n<meta name=\"robots\" content=\"index, follow, max-snippet:-1, max-image-preview:large, max-video-preview:-1\" \/>\n<link rel=\"canonical\" href=\"https:\/\/www.vkpbratislava.sk\/?p=49479\" \/>\n<meta property=\"og:locale\" content=\"sk_SK\" \/>\n<meta property=\"og:type\" content=\"article\" \/>\n<meta property=\"og:title\" content=\"Jasn\u00e1 v\u00fdhra, jasn\u00e9 tri body - VK SLOVAN Bratislava\" \/>\n<meta property=\"og:description\" content=\"Aj v deviatom extraligovom kole potvrdili volejbalisti VK Slovan Bratislava v\u00fdborn\u00fa formu. V s\u00faboji dvoch semifinalistov Slovensk\u00e9ho poh\u00e1ra si v dom\u00e1com prostred\u00ed poradili s Pre\u0161ovom hladko 3:0 a op\u00e4\u0165 uk\u00e1zali svoju kvalitu. Belas\u00ed mali z\u00e1pas od \u00favodu pod kontrolou, diktovali tempo hry a s\u00fapera nepustili do v\u00fdraznej\u0161ieho tlaku. K\u00a0z\u00e1pasu sa vyjadril Robin P\u011blucha, tr\u00e9ner VK...\" \/>\n<meta property=\"og:url\" content=\"https:\/\/www.vkpbratislava.sk\/?p=49479\" \/>\n<meta property=\"og:site_name\" content=\"VK SLOVAN Bratislava\" \/>\n<meta property=\"article:published_time\" content=\"2025-12-22T11:14:41+00:00\" \/>\n<meta property=\"article:modified_time\" content=\"2026-01-05T11:17:59+00:00\" \/>\n<meta property=\"og:image\" content=\"https:\/\/www.vkpbratislava.sk\/wp-content\/uploads\/2025\/12\/MS_20251220_ELSlovanvsPresov-73-1280x853.jpg\" \/>\n\t<meta property=\"og:image:width\" content=\"1280\" \/>\n\t<meta property=\"og:image:height\" content=\"853\" \/>\n\t<meta property=\"og:image:type\" content=\"image\/jpeg\" \/>\n<meta name=\"author\" content=\"jenca\" \/>\n<meta name=\"twitter:card\" content=\"summary_large_image\" \/>\n<meta name=\"twitter:label1\" content=\"Autor\" \/>\n\t<meta name=\"twitter:data1\" content=\"jenca\" \/>\n\t<meta name=\"twitter:label2\" content=\"Predpokladan\u00fd \u010das \u010d\u00edtania\" \/>\n\t<meta name=\"twitter:data2\" content=\"2 min\u00faty\" \/>\n<script type=\"application\/ld+json\" class=\"yoast-schema-graph\">{\"@context\":\"https:\/\/schema.org\",\"@graph\":[{\"@type\":\"Article\",\"@id\":\"https:\/\/www.vkpbratislava.sk\/?p=49479#article\",\"isPartOf\":{\"@id\":\"https:\/\/www.vkpbratislava.sk\/?p=49479\"},\"author\":{\"name\":\"jenca\",\"@id\":\"https:\/\/www.vkpbratislava.sk\/#\/schema\/person\/7037e769f9515aa58493d1b5852c4c50\"},\"headline\":\"Jasn\u00e1 v\u00fdhra, jasn\u00e9 tri body\",\"datePublished\":\"2025-12-22T11:14:41+00:00\",\"dateModified\":\"2026-01-05T11:17:59+00:00\",\"mainEntityOfPage\":{\"@id\":\"https:\/\/www.vkpbratislava.sk\/?p=49479\"},\"wordCount\":278,\"publisher\":{\"@id\":\"https:\/\/www.vkpbratislava.sk\/#organization\"},\"image\":{\"@id\":\"https:\/\/www.vkpbratislava.sk\/?p=49479#primaryimage\"},\"thumbnailUrl\":\"https:\/\/www.vkpbratislava.sk\/wp-content\/uploads\/2025\/12\/MS_20251220_ELSlovanvsPresov-73.jpg\",\"articleSection\":[\"Mu\u017ei\"],\"inLanguage\":\"sk-SK\"},{\"@type\":\"WebPage\",\"@id\":\"https:\/\/www.vkpbratislava.sk\/?p=49479\",\"url\":\"https:\/\/www.vkpbratislava.sk\/?p=49479\",\"name\":\"Jasn\u00e1 v\u00fdhra, jasn\u00e9 tri body - VK SLOVAN Bratislava\",\"isPartOf\":{\"@id\":\"https:\/\/www.vkpbratislava.sk\/#website\"},\"primaryImageOfPage\":{\"@id\":\"https:\/\/www.vkpbratislava.sk\/?p=49479#primaryimage\"},\"image\":{\"@id\":\"https:\/\/www.vkpbratislava.sk\/?p=49479#primaryimage\"},\"thumbnailUrl\":\"https:\/\/www.vkpbratislava.sk\/wp-content\/uploads\/2025\/12\/MS_20251220_ELSlovanvsPresov-73.jpg\",\"datePublished\":\"2025-12-22T11:14:41+00:00\",\"dateModified\":\"2026-01-05T11:17:59+00:00\",\"breadcrumb\":{\"@id\":\"https:\/\/www.vkpbratislava.sk\/?p=49479#breadcrumb\"},\"inLanguage\":\"sk-SK\",\"potentialAction\":[{\"@type\":\"ReadAction\",\"target\":[\"https:\/\/www.vkpbratislava.sk\/?p=49479\"]}]},{\"@type\":\"ImageObject\",\"inLanguage\":\"sk-SK\",\"@id\":\"https:\/\/www.vkpbratislava.sk\/?p=49479#primaryimage\",\"url\":\"https:\/\/www.vkpbratislava.sk\/wp-content\/uploads\/2025\/12\/MS_20251220_ELSlovanvsPresov-73.jpg\",\"contentUrl\":\"https:\/\/www.vkpbratislava.sk\/wp-content\/uploads\/2025\/12\/MS_20251220_ELSlovanvsPresov-73.jpg\",\"width\":2048,\"height\":1365},{\"@type\":\"BreadcrumbList\",\"@id\":\"https:\/\/www.vkpbratislava.sk\/?p=49479#breadcrumb\",\"itemListElement\":[{\"@type\":\"ListItem\",\"position\":1,\"name\":\"Domov\",\"item\":\"https:\/\/www.vkpbratislava.sk\/\"},{\"@type\":\"ListItem\",\"position\":2,\"name\":\"Jasn\u00e1 v\u00fdhra, jasn\u00e9 tri body\"}]},{\"@type\":\"WebSite\",\"@id\":\"https:\/\/www.vkpbratislava.sk\/#website\",\"url\":\"https:\/\/www.vkpbratislava.sk\/\",\"name\":\"VK SLOVAN Bratislava\",\"description\":\"Volejbalov\u00fd klub\",\"publisher\":{\"@id\":\"https:\/\/www.vkpbratislava.sk\/#organization\"},\"potentialAction\":[{\"@type\":\"SearchAction\",\"target\":{\"@type\":\"EntryPoint\",\"urlTemplate\":\"https:\/\/www.vkpbratislava.sk\/?s={search_term_string}\"},\"query-input\":{\"@type\":\"PropertyValueSpecification\",\"valueRequired\":true,\"valueName\":\"search_term_string\"}}],\"inLanguage\":\"sk-SK\"},{\"@type\":\"Organization\",\"@id\":\"https:\/\/www.vkpbratislava.sk\/#organization\",\"name\":\"VKP Bratislava\",\"url\":\"https:\/\/www.vkpbratislava.sk\/\",\"logo\":{\"@type\":\"ImageObject\",\"inLanguage\":\"sk-SK\",\"@id\":\"https:\/\/www.vkpbratislava.sk\/#\/schema\/logo\/image\/\",\"url\":\"https:\/\/www.vkpbratislava.sk\/wp-content\/uploads\/2020\/10\/vkpBA.png\",\"contentUrl\":\"https:\/\/www.vkpbratislava.sk\/wp-content\/uploads\/2020\/10\/vkpBA.png\",\"width\":600,\"height\":600,\"caption\":\"VKP Bratislava\"},\"image\":{\"@id\":\"https:\/\/www.vkpbratislava.sk\/#\/schema\/logo\/image\/\"}},{\"@type\":\"Person\",\"@id\":\"https:\/\/www.vkpbratislava.sk\/#\/schema\/person\/7037e769f9515aa58493d1b5852c4c50\",\"name\":\"jenca\",\"image\":{\"@type\":\"ImageObject\",\"inLanguage\":\"sk-SK\",\"@id\":\"https:\/\/www.vkpbratislava.sk\/#\/schema\/person\/image\/\",\"url\":\"https:\/\/secure.gravatar.com\/avatar\/67aa89e9aab2911bbd0c6fbf0a891ea8d80c207c9b6a6e2c96e13fc2f16e536d?s=96&d=mm&r=g\",\"contentUrl\":\"https:\/\/secure.gravatar.com\/avatar\/67aa89e9aab2911bbd0c6fbf0a891ea8d80c207c9b6a6e2c96e13fc2f16e536d?s=96&d=mm&r=g\",\"caption\":\"jenca\"},\"url\":\"https:\/\/www.vkpbratislava.sk\/?author=3\"}]}<\/script>\n<!-- \/ Yoast SEO plugin. -->","yoast_head_json":{"title":"Jasn\u00e1 v\u00fdhra, jasn\u00e9 tri body - VK SLOVAN Bratislava","robots":{"index":"index","follow":"follow","max-snippet":"max-snippet:-1","max-image-preview":"max-image-preview:large","max-video-preview":"max-video-preview:-1"},"canonical":"https:\/\/www.vkpbratislava.sk\/?p=49479","og_locale":"sk_SK","og_type":"article","og_title":"Jasn\u00e1 v\u00fdhra, jasn\u00e9 tri body - VK SLOVAN Bratislava","og_description":"Aj v deviatom extraligovom kole potvrdili volejbalisti VK Slovan Bratislava v\u00fdborn\u00fa formu. V s\u00faboji dvoch semifinalistov Slovensk\u00e9ho poh\u00e1ra si v dom\u00e1com prostred\u00ed poradili s Pre\u0161ovom hladko 3:0 a op\u00e4\u0165 uk\u00e1zali svoju kvalitu. Belas\u00ed mali z\u00e1pas od \u00favodu pod kontrolou, diktovali tempo hry a s\u00fapera nepustili do v\u00fdraznej\u0161ieho tlaku. K\u00a0z\u00e1pasu sa vyjadril Robin P\u011blucha, tr\u00e9ner VK...","og_url":"https:\/\/www.vkpbratislava.sk\/?p=49479","og_site_name":"VK SLOVAN Bratislava","article_published_time":"2025-12-22T11:14:41+00:00","article_modified_time":"2026-01-05T11:17:59+00:00","og_image":[{"width":1280,"height":853,"url":"https:\/\/www.vkpbratislava.sk\/wp-content\/uploads\/2025\/12\/MS_20251220_ELSlovanvsPresov-73-1280x853.jpg","type":"image\/jpeg"}],"author":"jenca","twitter_card":"summary_large_image","twitter_misc":{"Autor":"jenca","Predpokladan\u00fd \u010das \u010d\u00edtania":"2 min\u00faty"},"schema":{"@context":"https:\/\/schema.org","@graph":[{"@type":"Article","@id":"https:\/\/www.vkpbratislava.sk\/?p=49479#article","isPartOf":{"@id":"https:\/\/www.vkpbratislava.sk\/?p=49479"},"author":{"name":"jenca","@id":"https:\/\/www.vkpbratislava.sk\/#\/schema\/person\/7037e769f9515aa58493d1b5852c4c50"},"headline":"Jasn\u00e1 v\u00fdhra, jasn\u00e9 tri body","datePublished":"2025-12-22T11:14:41+00:00","dateModified":"2026-01-05T11:17:59+00:00","mainEntityOfPage":{"@id":"https:\/\/www.vkpbratislava.sk\/?p=49479"},"wordCount":278,"publisher":{"@id":"https:\/\/www.vkpbratislava.sk\/#organization"},"image":{"@id":"https:\/\/www.vkpbratislava.sk\/?p=49479#primaryimage"},"thumbnailUrl":"https:\/\/www.vkpbratislava.sk\/wp-content\/uploads\/2025\/12\/MS_20251220_ELSlovanvsPresov-73.jpg","articleSection":["Mu\u017ei"],"inLanguage":"sk-SK"},{"@type":"WebPage","@id":"https:\/\/www.vkpbratislava.sk\/?p=49479","url":"https:\/\/www.vkpbratislava.sk\/?p=49479","name":"Jasn\u00e1 v\u00fdhra, jasn\u00e9 tri body - VK SLOVAN Bratislava","isPartOf":{"@id":"https:\/\/www.vkpbratislava.sk\/#website"},"primaryImageOfPage":{"@id":"https:\/\/www.vkpbratislava.sk\/?p=49479#primaryimage"},"image":{"@id":"https:\/\/www.vkpbratislava.sk\/?p=49479#primaryimage"},"thumbnailUrl":"https:\/\/www.vkpbratislava.sk\/wp-content\/uploads\/2025\/12\/MS_20251220_ELSlovanvsPresov-73.jpg","datePublished":"2025-12-22T11:14:41+00:00","dateModified":"2026-01-05T11:17:59+00:00","breadcrumb":{"@id":"https:\/\/www.vkpbratislava.sk\/?p=49479#breadcrumb"},"inLanguage":"sk-SK","potentialAction":[{"@type":"ReadAction","target":["https:\/\/www.vkpbratislava.sk\/?p=49479"]}]},{"@type":"ImageObject","inLanguage":"sk-SK","@id":"https:\/\/www.vkpbratislava.sk\/?p=49479#primaryimage","url":"https:\/\/www.vkpbratislava.sk\/wp-content\/uploads\/2025\/12\/MS_20251220_ELSlovanvsPresov-73.jpg","contentUrl":"https:\/\/www.vkpbratislava.sk\/wp-content\/uploads\/2025\/12\/MS_20251220_ELSlovanvsPresov-73.jpg","width":2048,"height":1365},{"@type":"BreadcrumbList","@id":"https:\/\/www.vkpbratislava.sk\/?p=49479#breadcrumb","itemListElement":[{"@type":"ListItem","position":1,"name":"Domov","item":"https:\/\/www.vkpbratislava.sk\/"},{"@type":"ListItem","position":2,"name":"Jasn\u00e1 v\u00fdhra, jasn\u00e9 tri body"}]},{"@type":"WebSite","@id":"https:\/\/www.vkpbratislava.sk\/#website","url":"https:\/\/www.vkpbratislava.sk\/","name":"VK SLOVAN Bratislava","description":"Volejbalov\u00fd klub","publisher":{"@id":"https:\/\/www.vkpbratislava.sk\/#organization"},"potentialAction":[{"@type":"SearchAction","target":{"@type":"EntryPoint","urlTemplate":"https:\/\/www.vkpbratislava.sk\/?s={search_term_string}"},"query-input":{"@type":"PropertyValueSpecification","valueRequired":true,"valueName":"search_term_string"}}],"inLanguage":"sk-SK"},{"@type":"Organization","@id":"https:\/\/www.vkpbratislava.sk\/#organization","name":"VKP Bratislava","url":"https:\/\/www.vkpbratislava.sk\/","logo":{"@type":"ImageObject","inLanguage":"sk-SK","@id":"https:\/\/www.vkpbratislava.sk\/#\/schema\/logo\/image\/","url":"https:\/\/www.vkpbratislava.sk\/wp-content\/uploads\/2020\/10\/vkpBA.png","contentUrl":"https:\/\/www.vkpbratislava.sk\/wp-content\/uploads\/2020\/10\/vkpBA.png","width":600,"height":600,"caption":"VKP Bratislava"},"image":{"@id":"https:\/\/www.vkpbratislava.sk\/#\/schema\/logo\/image\/"}},{"@type":"Person","@id":"https:\/\/www.vkpbratislava.sk\/#\/schema\/person\/7037e769f9515aa58493d1b5852c4c50","name":"jenca","image":{"@type":"ImageObject","inLanguage":"sk-SK","@id":"https:\/\/www.vkpbratislava.sk\/#\/schema\/person\/image\/","url":"https:\/\/secure.gravatar.com\/avatar\/67aa89e9aab2911bbd0c6fbf0a891ea8d80c207c9b6a6e2c96e13fc2f16e536d?s=96&d=mm&r=g","contentUrl":"https:\/\/secure.gravatar.com\/avatar\/67aa89e9aab2911bbd0c6fbf0a891ea8d80c207c9b6a6e2c96e13fc2f16e536d?s=96&d=mm&r=g","caption":"jenca"},"url":"https:\/\/www.vkpbratislava.sk\/?author=3"}]}},"_links":{"self":[{"href":"https:\/\/www.vkpbratislava.sk\/index.php?rest_route=\/wp\/v2\/posts\/49479","targetHints":{"allow":["GET"]}}],"collection":[{"href":"https:\/\/www.vkpbratislava.sk\/index.php?rest_route=\/wp\/v2\/posts"}],"about":[{"href":"https:\/\/www.vkpbratislava.sk\/index.php?rest_route=\/wp\/v2\/types\/post"}],"author":[{"embeddable":true,"href":"https:\/\/www.vkpbratislava.sk\/index.php?rest_route=\/wp\/v2\/users\/3"}],"replies":[{"embeddable":true,"href":"https:\/\/www.vkpbratislava.sk\/index.php?rest_route=%2Fwp%2Fv2%2Fcomments&post=49479"}],"version-history":[{"count":3,"href":"https:\/\/www.vkpbratislava.sk\/index.php?rest_route=\/wp\/v2\/posts\/49479\/revisions"}],"predecessor-version":[{"id":49483,"href":"https:\/\/www.vkpbratislava.sk\/index.php?rest_route=\/wp\/v2\/posts\/49479\/revisions\/49483"}],"wp:featuredmedia":[{"embeddable":true,"href":"https:\/\/www.vkpbratislava.sk\/index.php?rest_route=\/wp\/v2\/media\/49459"}],"wp:attachment":[{"href":"https:\/\/www.vkpbratislava.sk\/index.php?rest_route=%2Fwp%2Fv2%2Fmedia&parent=49479"}],"wp:term":[{"taxonomy":"category","embeddable":true,"href":"https:\/\/www.vkpbratislava.sk\/index.php?rest_route=%2Fwp%2Fv2%2Fcategories&post=49479"},{"taxonomy":"post_tag","embeddable":true,"href":"https:\/\/www.vkpbratislava.sk\/index.php?rest_route=%2Fwp%2Fv2%2Ftags&post=49479"}],"curies":[{"name":"wp","href":"https:\/\/api.w.org\/{rel}","templated":true}]}}