{"id":49485,"date":"2025-12-22T11:28:53","date_gmt":"2025-12-22T10:28:53","guid":{"rendered":"https:\/\/www.vkpbratislava.sk\/?p=49485"},"modified":"2026-01-05T12:35:43","modified_gmt":"2026-01-05T11:35:43","slug":"slovanistky-zakoncili-rok-vitazne","status":"publish","type":"post","link":"https:\/\/www.vkpbratislava.sk\/?p=49485","title":{"rendered":"Belas\u00e9 zakon\u010dili rok v\u00ed\u0165azne"},"content":{"rendered":"<p>V \u0161l\u00e1gri dvan\u00e1steho kola Nik\u00e9 Extraligy \u017eien sa na palubovke Sl\u00e1vie EUBA stretli prv\u00fd s druh\u00fdm t\u00edmom tabu\u013eky. Volejbalistky VK Slovan Bratislava potvrdili rolu l\u00eddra s\u00fa\u0165a\u017ee aj v n\u00e1ro\u010dnom vonkaj\u0161om prostred\u00ed a zv\u00ed\u0165azili 3:0.<\/p>\n<p>Dom\u00e1ce volejbalistky, ktor\u00e9 v doteraj\u0161om priebehu sez\u00f3ny pod\u013eahli iba Slovanu, dok\u00e1zali belas\u00fdm vzdorova\u0165 najm\u00e4 v \u00favode z\u00e1pasu. Rozhoduj\u00face momenty v\u0161ak zvl\u00e1dli lep\u0161ie hostky, ktor\u00e9 uspeli v koncovk\u00e1ch setov a napokon duel uzavreli presved\u010div\u00fdm v\u00ed\u0165azstvom. Slovan si tak aj po dvan\u00e1stom kole udr\u017eiava stopercentn\u00fa bilanciu v z\u00e1kladnej \u010dasti extraligy.<\/p>\n<p>K\u00a0z\u00e1pasu sa vyjadril Michal Matu\u0161ov, tr\u00e9ner KOOPERATIVA: <strong>\u201eDnes n\u00e1m to, bohu\u017eia\u013e, \u00faplne nevy\u0161lo pod\u013ea na\u0161ich predst\u00e1v. Nevedeli sme n\u00e1js\u0165 spr\u00e1vny rytmus a mo\u017eno aj ne\u0161\u0165astne nezvl\u00e1dli dve koncovky. Ak chceme byt \u00faspe\u0161n\u00ed, mali by sme svojou hrou tieto rozhoduj\u00face pas\u00e1\u017ee zvl\u00e1da\u0165. Aj ke\u010f \u0161tatistika z\u00e1pasu bola ve\u013emi vyrovnan\u00e1, super bol v ur\u010dit\u00fdch pas\u00e1\u017each hry pokojnej\u0161\u00ed a my sme niektor\u00e9 herne situ\u00e1cie rie\u0161ili zbrklo. Teraz si p\u00e1r dn\u00ed vyf\u00fakneme a pracujeme \u010falej. \u017del\u00e1m v mene cel\u00e9ho kolekt\u00edvu Sl\u00e1via v\u0161etk\u00fdm \u0161\u0165astn\u00e9 a pokojn\u00e9 Vianoce.\u201d<\/strong><\/p>\n<p><strong>\u201eZ\u00e1pas sa evidentne rozhodol v koncovk\u00e1ch prv\u00fdch dvoch setov. Prv\u00fd set sme mali dobre rozohran\u00fd, nakoniec sme o\u0148 skoro pri\u0161li. Druh\u00fd set sme oto\u010dili a dostali sa do vedenia 2:0. V tom tre\u0165om to u\u017e bolo jednoduch\u0161ie. V\u0161etky na\u0161e z\u00e1pasy so Sl\u00e1viou s\u00fa vyrovnan\u00e9 a rozhoduj\u00fa detaily. Dnes, chvalabohu, pre n\u00e1s. Som r\u00e1d, \u017ee sme rok zakon\u010dili v\u00ed\u0165azstvom,\u201c<\/strong> dodal Pavel Bern\u00e1th, tr\u00e9ner VK Slovan.<\/p>\n<p>&nbsp;<\/p>\n<p><img loading=\"lazy\" decoding=\"async\" class=\"alignnone size-full wp-image-49486\" src=\"https:\/\/www.vkpbratislava.sk\/wp-content\/uploads\/2026\/01\/20251220_183826-scaled.jpg\" alt=\"\" width=\"1920\" height=\"2560\" srcset=\"https:\/\/www.vkpbratislava.sk\/wp-content\/uploads\/2026\/01\/20251220_183826-scaled.jpg 1920w, https:\/\/www.vkpbratislava.sk\/wp-content\/uploads\/2026\/01\/20251220_183826-640x853.jpg 640w, https:\/\/www.vkpbratislava.sk\/wp-content\/uploads\/2026\/01\/20251220_183826-1280x1707.jpg 1280w, https:\/\/www.vkpbratislava.sk\/wp-content\/uploads\/2026\/01\/20251220_183826-768x1024.jpg 768w, https:\/\/www.vkpbratislava.sk\/wp-content\/uploads\/2026\/01\/20251220_183826-1152x1536.jpg 1152w, https:\/\/www.vkpbratislava.sk\/wp-content\/uploads\/2026\/01\/20251220_183826-1536x2048.jpg 1536w, https:\/\/www.vkpbratislava.sk\/wp-content\/uploads\/2026\/01\/20251220_183826-320x427.jpg 320w, https:\/\/www.vkpbratislava.sk\/wp-content\/uploads\/2026\/01\/20251220_183826-600x800.jpg 600w\" sizes=\"auto, (max-width: 1920px) 100vw, 1920px\" \/><\/p>\n<p>&nbsp;<\/p>\n<p><strong>Nik\u00e9 Extraliga \u017eeny \u2013 z\u00e1kladn\u00e1 \u010das\u0165 &#8211; 12. kolo \u2013 sobota:<\/strong><\/p>\n<p><strong>KOOPERATIVA Sl\u00e1via EUBA &#8211; VK Slovan Bratislava 0:3 (-26, -23, -17)<\/strong><\/p>\n<p><strong>Hr\u00e1\u010dky z\u00e1pasu:<\/strong> Jasm\u00edna Pavl\u00edkov\u00e1 (KOOPERATIVA Sl\u00e1via EUBA) \u2013 Romana Hudecov\u00e1 (VK Slovan Bratislava)<\/p>\n<p><strong>KOOPERATIVA Sl\u00e1via EUBA:<\/strong> Cibulov\u00e1 2, Ha\u0161kov\u00e1 6, F\u00f6ldesiov\u00e1 5, Sil\u00e1diov\u00e1 10, K. Matal\u00edkov\u00e1 16, Lib\u00e1kov\u00e1 4, liberka Pavl\u00edkov\u00e1 (K\u00e1nov\u00e1 8, \u017dia\u010d\u00edkov\u00e1 1, J. Matal\u00edkov\u00e1 0). Tr\u00e9ner: M. Matu\u0161ov.<\/p>\n<p><strong>VK SLOVAN:<\/strong> A. Fri\u010dov\u00e1 6, Smie\u0161kov\u00e1 5, Massari 12, R. Hudecov\u00e1 21, Baijo 5, Canedo 0, liberka S. Jan\u010dov\u00e1 (Palkovi\u010dov\u00e1 3, Kaplanska 0, Brewster 0). Tr\u00e9ner: P. Bern\u00e1th.<\/p>\n<p><strong>Rozhodovali: <\/strong>Tir\u0161el a Jur\u00e1\u010dek.<\/p>\n<p>&nbsp;<\/p>\n<p>Zdroj: VK Slovan, svf<\/p>\n<p>&nbsp;<\/p>\n","protected":false},"excerpt":{"rendered":"<p>V \u0161l\u00e1gri dvan\u00e1steho kola Nik\u00e9 Extraligy \u017eien sa na palubovke Sl\u00e1vie EUBA stretli prv\u00fd s druh\u00fdm t\u00edmom tabu\u013eky. Volejbalistky VK Slovan Bratislava potvrdili rolu l\u00eddra s\u00fa\u0165a\u017ee aj v n\u00e1ro\u010dnom vonkaj\u0161om prostred\u00ed a zv\u00ed\u0165azili 3:0. Dom\u00e1ce volejbalistky, ktor\u00e9 v doteraj\u0161om priebehu sez\u00f3ny pod\u013eahli iba Slovanu, dok\u00e1zali belas\u00fdm vzdorova\u0165 najm\u00e4 v \u00favode z\u00e1pasu. Rozhoduj\u00face momenty v\u0161ak zvl\u00e1dli&#8230;<\/p>\n","protected":false},"author":3,"featured_media":49252,"comment_status":"closed","ping_status":"closed","sticky":false,"template":"","format":"standard","meta":{"_monsterinsights_skip_tracking":false,"_monsterinsights_sitenote_active":false,"_monsterinsights_sitenote_note":"","_monsterinsights_sitenote_category":0,"footnotes":""},"categories":[48],"tags":[],"class_list":["post-49485","post","type-post","status-publish","format-standard","has-post-thumbnail","hentry","category-zeny"],"yoast_head":"<!-- This site is optimized with the Yoast SEO plugin v25.6 - https:\/\/yoast.com\/wordpress\/plugins\/seo\/ -->\n<title>Belas\u00e9 zakon\u010dili rok v\u00ed\u0165azne - VK SLOVAN Bratislava<\/title>\n<meta name=\"robots\" content=\"index, follow, max-snippet:-1, max-image-preview:large, max-video-preview:-1\" \/>\n<link rel=\"canonical\" href=\"https:\/\/www.vkpbratislava.sk\/?p=49485\" \/>\n<meta property=\"og:locale\" content=\"sk_SK\" \/>\n<meta property=\"og:type\" content=\"article\" \/>\n<meta property=\"og:title\" content=\"Belas\u00e9 zakon\u010dili rok v\u00ed\u0165azne - VK SLOVAN Bratislava\" \/>\n<meta property=\"og:description\" content=\"V \u0161l\u00e1gri dvan\u00e1steho kola Nik\u00e9 Extraligy \u017eien sa na palubovke Sl\u00e1vie EUBA stretli prv\u00fd s druh\u00fdm t\u00edmom tabu\u013eky. Volejbalistky VK Slovan Bratislava potvrdili rolu l\u00eddra s\u00fa\u0165a\u017ee aj v n\u00e1ro\u010dnom vonkaj\u0161om prostred\u00ed a zv\u00ed\u0165azili 3:0. Dom\u00e1ce volejbalistky, ktor\u00e9 v doteraj\u0161om priebehu sez\u00f3ny pod\u013eahli iba Slovanu, dok\u00e1zali belas\u00fdm vzdorova\u0165 najm\u00e4 v \u00favode z\u00e1pasu. Rozhoduj\u00face momenty v\u0161ak zvl\u00e1dli...\" \/>\n<meta property=\"og:url\" content=\"https:\/\/www.vkpbratislava.sk\/?p=49485\" \/>\n<meta property=\"og:site_name\" content=\"VK SLOVAN Bratislava\" \/>\n<meta property=\"article:published_time\" content=\"2025-12-22T10:28:53+00:00\" \/>\n<meta property=\"article:modified_time\" content=\"2026-01-05T11:35:43+00:00\" \/>\n<meta property=\"og:image\" content=\"https:\/\/www.vkpbratislava.sk\/wp-content\/uploads\/2025\/12\/20251217_igor_urban_VK-Slovan-Z-vs-Trnava_IUR00399-scaled.jpg\" \/>\n\t<meta property=\"og:image:width\" content=\"2560\" \/>\n\t<meta property=\"og:image:height\" content=\"1707\" \/>\n\t<meta property=\"og:image:type\" content=\"image\/jpeg\" \/>\n<meta name=\"author\" content=\"jenca\" \/>\n<meta name=\"twitter:card\" content=\"summary_large_image\" \/>\n<meta name=\"twitter:label1\" content=\"Autor\" \/>\n\t<meta name=\"twitter:data1\" content=\"jenca\" \/>\n\t<meta name=\"twitter:label2\" content=\"Predpokladan\u00fd \u010das \u010d\u00edtania\" \/>\n\t<meta name=\"twitter:data2\" content=\"3 min\u00faty\" \/>\n<script type=\"application\/ld+json\" class=\"yoast-schema-graph\">{\"@context\":\"https:\/\/schema.org\",\"@graph\":[{\"@type\":\"Article\",\"@id\":\"https:\/\/www.vkpbratislava.sk\/?p=49485#article\",\"isPartOf\":{\"@id\":\"https:\/\/www.vkpbratislava.sk\/?p=49485\"},\"author\":{\"name\":\"jenca\",\"@id\":\"https:\/\/www.vkpbratislava.sk\/#\/schema\/person\/7037e769f9515aa58493d1b5852c4c50\"},\"headline\":\"Belas\u00e9 zakon\u010dili rok v\u00ed\u0165azne\",\"datePublished\":\"2025-12-22T10:28:53+00:00\",\"dateModified\":\"2026-01-05T11:35:43+00:00\",\"mainEntityOfPage\":{\"@id\":\"https:\/\/www.vkpbratislava.sk\/?p=49485\"},\"wordCount\":421,\"publisher\":{\"@id\":\"https:\/\/www.vkpbratislava.sk\/#organization\"},\"image\":{\"@id\":\"https:\/\/www.vkpbratislava.sk\/?p=49485#primaryimage\"},\"thumbnailUrl\":\"https:\/\/www.vkpbratislava.sk\/wp-content\/uploads\/2025\/12\/20251217_igor_urban_VK-Slovan-Z-vs-Trnava_IUR00399-scaled.jpg\",\"articleSection\":[\"\u017deny\"],\"inLanguage\":\"sk-SK\"},{\"@type\":\"WebPage\",\"@id\":\"https:\/\/www.vkpbratislava.sk\/?p=49485\",\"url\":\"https:\/\/www.vkpbratislava.sk\/?p=49485\",\"name\":\"Belas\u00e9 zakon\u010dili rok v\u00ed\u0165azne - VK SLOVAN Bratislava\",\"isPartOf\":{\"@id\":\"https:\/\/www.vkpbratislava.sk\/#website\"},\"primaryImageOfPage\":{\"@id\":\"https:\/\/www.vkpbratislava.sk\/?p=49485#primaryimage\"},\"image\":{\"@id\":\"https:\/\/www.vkpbratislava.sk\/?p=49485#primaryimage\"},\"thumbnailUrl\":\"https:\/\/www.vkpbratislava.sk\/wp-content\/uploads\/2025\/12\/20251217_igor_urban_VK-Slovan-Z-vs-Trnava_IUR00399-scaled.jpg\",\"datePublished\":\"2025-12-22T10:28:53+00:00\",\"dateModified\":\"2026-01-05T11:35:43+00:00\",\"breadcrumb\":{\"@id\":\"https:\/\/www.vkpbratislava.sk\/?p=49485#breadcrumb\"},\"inLanguage\":\"sk-SK\",\"potentialAction\":[{\"@type\":\"ReadAction\",\"target\":[\"https:\/\/www.vkpbratislava.sk\/?p=49485\"]}]},{\"@type\":\"ImageObject\",\"inLanguage\":\"sk-SK\",\"@id\":\"https:\/\/www.vkpbratislava.sk\/?p=49485#primaryimage\",\"url\":\"https:\/\/www.vkpbratislava.sk\/wp-content\/uploads\/2025\/12\/20251217_igor_urban_VK-Slovan-Z-vs-Trnava_IUR00399-scaled.jpg\",\"contentUrl\":\"https:\/\/www.vkpbratislava.sk\/wp-content\/uploads\/2025\/12\/20251217_igor_urban_VK-Slovan-Z-vs-Trnava_IUR00399-scaled.jpg\",\"width\":2560,\"height\":1707},{\"@type\":\"BreadcrumbList\",\"@id\":\"https:\/\/www.vkpbratislava.sk\/?p=49485#breadcrumb\",\"itemListElement\":[{\"@type\":\"ListItem\",\"position\":1,\"name\":\"Domov\",\"item\":\"https:\/\/www.vkpbratislava.sk\/\"},{\"@type\":\"ListItem\",\"position\":2,\"name\":\"Belas\u00e9 zakon\u010dili rok v\u00ed\u0165azne\"}]},{\"@type\":\"WebSite\",\"@id\":\"https:\/\/www.vkpbratislava.sk\/#website\",\"url\":\"https:\/\/www.vkpbratislava.sk\/\",\"name\":\"VK SLOVAN Bratislava\",\"description\":\"Volejbalov\u00fd klub\",\"publisher\":{\"@id\":\"https:\/\/www.vkpbratislava.sk\/#organization\"},\"potentialAction\":[{\"@type\":\"SearchAction\",\"target\":{\"@type\":\"EntryPoint\",\"urlTemplate\":\"https:\/\/www.vkpbratislava.sk\/?s={search_term_string}\"},\"query-input\":{\"@type\":\"PropertyValueSpecification\",\"valueRequired\":true,\"valueName\":\"search_term_string\"}}],\"inLanguage\":\"sk-SK\"},{\"@type\":\"Organization\",\"@id\":\"https:\/\/www.vkpbratislava.sk\/#organization\",\"name\":\"VKP Bratislava\",\"url\":\"https:\/\/www.vkpbratislava.sk\/\",\"logo\":{\"@type\":\"ImageObject\",\"inLanguage\":\"sk-SK\",\"@id\":\"https:\/\/www.vkpbratislava.sk\/#\/schema\/logo\/image\/\",\"url\":\"https:\/\/www.vkpbratislava.sk\/wp-content\/uploads\/2020\/10\/vkpBA.png\",\"contentUrl\":\"https:\/\/www.vkpbratislava.sk\/wp-content\/uploads\/2020\/10\/vkpBA.png\",\"width\":600,\"height\":600,\"caption\":\"VKP Bratislava\"},\"image\":{\"@id\":\"https:\/\/www.vkpbratislava.sk\/#\/schema\/logo\/image\/\"}},{\"@type\":\"Person\",\"@id\":\"https:\/\/www.vkpbratislava.sk\/#\/schema\/person\/7037e769f9515aa58493d1b5852c4c50\",\"name\":\"jenca\",\"image\":{\"@type\":\"ImageObject\",\"inLanguage\":\"sk-SK\",\"@id\":\"https:\/\/www.vkpbratislava.sk\/#\/schema\/person\/image\/\",\"url\":\"https:\/\/secure.gravatar.com\/avatar\/67aa89e9aab2911bbd0c6fbf0a891ea8d80c207c9b6a6e2c96e13fc2f16e536d?s=96&d=mm&r=g\",\"contentUrl\":\"https:\/\/secure.gravatar.com\/avatar\/67aa89e9aab2911bbd0c6fbf0a891ea8d80c207c9b6a6e2c96e13fc2f16e536d?s=96&d=mm&r=g\",\"caption\":\"jenca\"},\"url\":\"https:\/\/www.vkpbratislava.sk\/?author=3\"}]}<\/script>\n<!-- \/ Yoast SEO plugin. -->","yoast_head_json":{"title":"Belas\u00e9 zakon\u010dili rok v\u00ed\u0165azne - VK SLOVAN Bratislava","robots":{"index":"index","follow":"follow","max-snippet":"max-snippet:-1","max-image-preview":"max-image-preview:large","max-video-preview":"max-video-preview:-1"},"canonical":"https:\/\/www.vkpbratislava.sk\/?p=49485","og_locale":"sk_SK","og_type":"article","og_title":"Belas\u00e9 zakon\u010dili rok v\u00ed\u0165azne - VK SLOVAN Bratislava","og_description":"V \u0161l\u00e1gri dvan\u00e1steho kola Nik\u00e9 Extraligy \u017eien sa na palubovke Sl\u00e1vie EUBA stretli prv\u00fd s druh\u00fdm t\u00edmom tabu\u013eky. Volejbalistky VK Slovan Bratislava potvrdili rolu l\u00eddra s\u00fa\u0165a\u017ee aj v n\u00e1ro\u010dnom vonkaj\u0161om prostred\u00ed a zv\u00ed\u0165azili 3:0. Dom\u00e1ce volejbalistky, ktor\u00e9 v doteraj\u0161om priebehu sez\u00f3ny pod\u013eahli iba Slovanu, dok\u00e1zali belas\u00fdm vzdorova\u0165 najm\u00e4 v \u00favode z\u00e1pasu. Rozhoduj\u00face momenty v\u0161ak zvl\u00e1dli...","og_url":"https:\/\/www.vkpbratislava.sk\/?p=49485","og_site_name":"VK SLOVAN Bratislava","article_published_time":"2025-12-22T10:28:53+00:00","article_modified_time":"2026-01-05T11:35:43+00:00","og_image":[{"width":2560,"height":1707,"url":"https:\/\/www.vkpbratislava.sk\/wp-content\/uploads\/2025\/12\/20251217_igor_urban_VK-Slovan-Z-vs-Trnava_IUR00399-scaled.jpg","type":"image\/jpeg"}],"author":"jenca","twitter_card":"summary_large_image","twitter_misc":{"Autor":"jenca","Predpokladan\u00fd \u010das \u010d\u00edtania":"3 min\u00faty"},"schema":{"@context":"https:\/\/schema.org","@graph":[{"@type":"Article","@id":"https:\/\/www.vkpbratislava.sk\/?p=49485#article","isPartOf":{"@id":"https:\/\/www.vkpbratislava.sk\/?p=49485"},"author":{"name":"jenca","@id":"https:\/\/www.vkpbratislava.sk\/#\/schema\/person\/7037e769f9515aa58493d1b5852c4c50"},"headline":"Belas\u00e9 zakon\u010dili rok v\u00ed\u0165azne","datePublished":"2025-12-22T10:28:53+00:00","dateModified":"2026-01-05T11:35:43+00:00","mainEntityOfPage":{"@id":"https:\/\/www.vkpbratislava.sk\/?p=49485"},"wordCount":421,"publisher":{"@id":"https:\/\/www.vkpbratislava.sk\/#organization"},"image":{"@id":"https:\/\/www.vkpbratislava.sk\/?p=49485#primaryimage"},"thumbnailUrl":"https:\/\/www.vkpbratislava.sk\/wp-content\/uploads\/2025\/12\/20251217_igor_urban_VK-Slovan-Z-vs-Trnava_IUR00399-scaled.jpg","articleSection":["\u017deny"],"inLanguage":"sk-SK"},{"@type":"WebPage","@id":"https:\/\/www.vkpbratislava.sk\/?p=49485","url":"https:\/\/www.vkpbratislava.sk\/?p=49485","name":"Belas\u00e9 zakon\u010dili rok v\u00ed\u0165azne - VK SLOVAN Bratislava","isPartOf":{"@id":"https:\/\/www.vkpbratislava.sk\/#website"},"primaryImageOfPage":{"@id":"https:\/\/www.vkpbratislava.sk\/?p=49485#primaryimage"},"image":{"@id":"https:\/\/www.vkpbratislava.sk\/?p=49485#primaryimage"},"thumbnailUrl":"https:\/\/www.vkpbratislava.sk\/wp-content\/uploads\/2025\/12\/20251217_igor_urban_VK-Slovan-Z-vs-Trnava_IUR00399-scaled.jpg","datePublished":"2025-12-22T10:28:53+00:00","dateModified":"2026-01-05T11:35:43+00:00","breadcrumb":{"@id":"https:\/\/www.vkpbratislava.sk\/?p=49485#breadcrumb"},"inLanguage":"sk-SK","potentialAction":[{"@type":"ReadAction","target":["https:\/\/www.vkpbratislava.sk\/?p=49485"]}]},{"@type":"ImageObject","inLanguage":"sk-SK","@id":"https:\/\/www.vkpbratislava.sk\/?p=49485#primaryimage","url":"https:\/\/www.vkpbratislava.sk\/wp-content\/uploads\/2025\/12\/20251217_igor_urban_VK-Slovan-Z-vs-Trnava_IUR00399-scaled.jpg","contentUrl":"https:\/\/www.vkpbratislava.sk\/wp-content\/uploads\/2025\/12\/20251217_igor_urban_VK-Slovan-Z-vs-Trnava_IUR00399-scaled.jpg","width":2560,"height":1707},{"@type":"BreadcrumbList","@id":"https:\/\/www.vkpbratislava.sk\/?p=49485#breadcrumb","itemListElement":[{"@type":"ListItem","position":1,"name":"Domov","item":"https:\/\/www.vkpbratislava.sk\/"},{"@type":"ListItem","position":2,"name":"Belas\u00e9 zakon\u010dili rok v\u00ed\u0165azne"}]},{"@type":"WebSite","@id":"https:\/\/www.vkpbratislava.sk\/#website","url":"https:\/\/www.vkpbratislava.sk\/","name":"VK SLOVAN Bratislava","description":"Volejbalov\u00fd klub","publisher":{"@id":"https:\/\/www.vkpbratislava.sk\/#organization"},"potentialAction":[{"@type":"SearchAction","target":{"@type":"EntryPoint","urlTemplate":"https:\/\/www.vkpbratislava.sk\/?s={search_term_string}"},"query-input":{"@type":"PropertyValueSpecification","valueRequired":true,"valueName":"search_term_string"}}],"inLanguage":"sk-SK"},{"@type":"Organization","@id":"https:\/\/www.vkpbratislava.sk\/#organization","name":"VKP Bratislava","url":"https:\/\/www.vkpbratislava.sk\/","logo":{"@type":"ImageObject","inLanguage":"sk-SK","@id":"https:\/\/www.vkpbratislava.sk\/#\/schema\/logo\/image\/","url":"https:\/\/www.vkpbratislava.sk\/wp-content\/uploads\/2020\/10\/vkpBA.png","contentUrl":"https:\/\/www.vkpbratislava.sk\/wp-content\/uploads\/2020\/10\/vkpBA.png","width":600,"height":600,"caption":"VKP Bratislava"},"image":{"@id":"https:\/\/www.vkpbratislava.sk\/#\/schema\/logo\/image\/"}},{"@type":"Person","@id":"https:\/\/www.vkpbratislava.sk\/#\/schema\/person\/7037e769f9515aa58493d1b5852c4c50","name":"jenca","image":{"@type":"ImageObject","inLanguage":"sk-SK","@id":"https:\/\/www.vkpbratislava.sk\/#\/schema\/person\/image\/","url":"https:\/\/secure.gravatar.com\/avatar\/67aa89e9aab2911bbd0c6fbf0a891ea8d80c207c9b6a6e2c96e13fc2f16e536d?s=96&d=mm&r=g","contentUrl":"https:\/\/secure.gravatar.com\/avatar\/67aa89e9aab2911bbd0c6fbf0a891ea8d80c207c9b6a6e2c96e13fc2f16e536d?s=96&d=mm&r=g","caption":"jenca"},"url":"https:\/\/www.vkpbratislava.sk\/?author=3"}]}},"_links":{"self":[{"href":"https:\/\/www.vkpbratislava.sk\/index.php?rest_route=\/wp\/v2\/posts\/49485","targetHints":{"allow":["GET"]}}],"collection":[{"href":"https:\/\/www.vkpbratislava.sk\/index.php?rest_route=\/wp\/v2\/posts"}],"about":[{"href":"https:\/\/www.vkpbratislava.sk\/index.php?rest_route=\/wp\/v2\/types\/post"}],"author":[{"embeddable":true,"href":"https:\/\/www.vkpbratislava.sk\/index.php?rest_route=\/wp\/v2\/users\/3"}],"replies":[{"embeddable":true,"href":"https:\/\/www.vkpbratislava.sk\/index.php?rest_route=%2Fwp%2Fv2%2Fcomments&post=49485"}],"version-history":[{"count":3,"href":"https:\/\/www.vkpbratislava.sk\/index.php?rest_route=\/wp\/v2\/posts\/49485\/revisions"}],"predecessor-version":[{"id":49489,"href":"https:\/\/www.vkpbratislava.sk\/index.php?rest_route=\/wp\/v2\/posts\/49485\/revisions\/49489"}],"wp:featuredmedia":[{"embeddable":true,"href":"https:\/\/www.vkpbratislava.sk\/index.php?rest_route=\/wp\/v2\/media\/49252"}],"wp:attachment":[{"href":"https:\/\/www.vkpbratislava.sk\/index.php?rest_route=%2Fwp%2Fv2%2Fmedia&parent=49485"}],"wp:term":[{"taxonomy":"category","embeddable":true,"href":"https:\/\/www.vkpbratislava.sk\/index.php?rest_route=%2Fwp%2Fv2%2Fcategories&post=49485"},{"taxonomy":"post_tag","embeddable":true,"href":"https:\/\/www.vkpbratislava.sk\/index.php?rest_route=%2Fwp%2Fv2%2Ftags&post=49485"}],"curies":[{"name":"wp","href":"https:\/\/api.w.org\/{rel}","templated":true}]}}