{"id":49771,"date":"2026-01-07T17:22:45","date_gmt":"2026-01-07T16:22:45","guid":{"rendered":"https:\/\/www.vkpbratislava.sk\/?p=49771"},"modified":"2026-01-08T17:27:37","modified_gmt":"2026-01-08T16:27:37","slug":"ako-na-novy-rok-tak-po-cely-rok-belase-beru-dalsie-tri-body","status":"publish","type":"post","link":"https:\/\/www.vkpbratislava.sk\/?p=49771","title":{"rendered":"Ako na nov\u00fd rok, tak po cel\u00fd rok \u2013 Belas\u00e9 ber\u00fa \u010fal\u0161ie tri body"},"content":{"rendered":"<p><strong>Volejbalistky VK Slovan Bratislava sa po viano\u010dnej prest\u00e1vke vr\u00e1tili na extraligov\u00e9 palubovky vo ve\u013ekom \u0161t\u00fdle. V 13. kole Nik\u00e9 Extraligy \u017eien si v dom\u00e1com prostred\u00ed poradili s Nov\u00fdm Mestom nad V\u00e1hom hladko 3:0 a potvrdili v\u00fdborn\u00fa formu. Belas\u00e9 tak aj po \u010fal\u0161om kole zost\u00e1vaj\u00fa bez straty bodu a suver\u00e9nne ved\u00fa extraligov\u00fd pelot\u00f3n.<\/strong><\/p>\n<p>K\u00a0z\u00e1pasu sa vyjadril Pavel Bern\u00e1th, tr\u00e9ner VK Slovan: <strong>\u201eNehrali sme po sviatkoch zrovna ide\u00e1lne, ale zvl\u00e1dli sme to za tri body a to je d\u00f4le\u017eit\u00e9. Ideme \u010falej, \u010dak\u00e1 n\u00e1s n\u00e1ro\u010dn\u00fd program.\u201c<\/strong><\/p>\n<p><strong>\u201eGratulujem Slovanu k v\u00ed\u0165azstvu. Vedeli sme, \u017ee n\u00e1s \u010dak\u00e1 ve\u013emi siln\u00fd s\u00faper a favorit v tomto z\u00e1pase. M\u00f4j t\u00edm napriek probl\u00e9mom so zraneniami a chorobami uk\u00e1zal v prv\u00fdch dvoch setoch dobr\u00fa hern\u00fa \u00farove\u0148, discipl\u00ednu a charakter. Potom nastal prepad, ktor\u00fd sa proti s\u00faperovi tejto kvality okam\u017eite trest\u00e1. Berieme si z tohto z\u00e1pasu jasn\u00e9 ponau\u010denie a ideme vpred so zameran\u00edm na pr\u00e1cu, zotavenie t\u00edmu a nadch\u00e1dzaj\u00face v\u00fdzvy,\u201c<\/strong> doplnil Stefan Paunovi\u010d, tr\u00e9ner VK.<\/p>\n<p><strong>\u00a0<\/strong><\/p>\n<p><img loading=\"lazy\" decoding=\"async\" class=\"alignnone size-full wp-image-49768\" src=\"https:\/\/www.vkpbratislava.sk\/wp-content\/uploads\/2026\/01\/20260106_igor_urban_VK-Slovan-Z-vs-NMnV_IUR00750-scaled.jpg\" alt=\"\" width=\"2560\" height=\"1707\" srcset=\"https:\/\/www.vkpbratislava.sk\/wp-content\/uploads\/2026\/01\/20260106_igor_urban_VK-Slovan-Z-vs-NMnV_IUR00750-scaled.jpg 2560w, https:\/\/www.vkpbratislava.sk\/wp-content\/uploads\/2026\/01\/20260106_igor_urban_VK-Slovan-Z-vs-NMnV_IUR00750-640x427.jpg 640w, https:\/\/www.vkpbratislava.sk\/wp-content\/uploads\/2026\/01\/20260106_igor_urban_VK-Slovan-Z-vs-NMnV_IUR00750-1280x853.jpg 1280w, https:\/\/www.vkpbratislava.sk\/wp-content\/uploads\/2026\/01\/20260106_igor_urban_VK-Slovan-Z-vs-NMnV_IUR00750-768x512.jpg 768w, https:\/\/www.vkpbratislava.sk\/wp-content\/uploads\/2026\/01\/20260106_igor_urban_VK-Slovan-Z-vs-NMnV_IUR00750-1536x1024.jpg 1536w, https:\/\/www.vkpbratislava.sk\/wp-content\/uploads\/2026\/01\/20260106_igor_urban_VK-Slovan-Z-vs-NMnV_IUR00750-2048x1365.jpg 2048w, https:\/\/www.vkpbratislava.sk\/wp-content\/uploads\/2026\/01\/20260106_igor_urban_VK-Slovan-Z-vs-NMnV_IUR00750-320x213.jpg 320w, https:\/\/www.vkpbratislava.sk\/wp-content\/uploads\/2026\/01\/20260106_igor_urban_VK-Slovan-Z-vs-NMnV_IUR00750-600x400.jpg 600w\" sizes=\"auto, (max-width: 2560px) 100vw, 2560px\" \/><\/p>\n<p>&nbsp;<\/p>\n<p><strong>Nik\u00e9 Extraliga \u017eeny \u2013 z\u00e1kladn\u00e1 \u010das\u0165 &#8211; 13. kolo \u2013 utorok:<\/strong><\/p>\n<p><strong>VK Slovan Bratislava &#8211; VK Nov\u00e9 Mesto nad V\u00e1hom 3:0 (21, 24, 6)<\/strong><\/p>\n<p><strong>Hr\u00e1\u010dky z\u00e1pasu:<\/strong> Lenara Barros Baijos (VK Slovan Bratislava) \u2013 Veronika Richweissov\u00e1 (VK Nov\u00e9 Mesto nad V\u00e1hom)<\/p>\n<p><strong>VK SLOVAN: <\/strong>A. Fri\u010dov\u00e1 6, Massari 11, Palkovi\u010dov\u00e1 9, R. Hudecov\u00e1 11, Baijo 13, Brewster 0, liberky S. Jan\u010dov\u00e1 a \u010cavojsk\u00e1 (Smie\u0161kov\u00e1 5, Canedo 1, Paz\u00farikov\u00e1 0). Tr\u00e9ner: P. Bern\u00e1th.<\/p>\n<p><strong>VK:<\/strong> Jonuzi 3, Biloshapkina 9, M. B\u00edlikov\u00e1 1, Ma\u0165a\u0161ov\u00e1 7, Richweissov\u00e1 7, \u0160pil\u00e1rov\u00e1 1, liberka Zelen\u00e1kov\u00e1. Tr\u00e9ner: S. Paunovi\u010d.<\/p>\n<p><strong>Rozhodovali:<\/strong> Barto\u0161ovi\u010d a Viktor\u00edni-Lis\u00e1 \u2013 220 div\u00e1kov.<\/p>\n<p>&nbsp;<\/p>\n<p>Zdroj: VK Slovan, svf<\/p>\n<p>&nbsp;<\/p>\n<p>&nbsp;<\/p>\n","protected":false},"excerpt":{"rendered":"<p>Volejbalistky VK Slovan Bratislava sa po viano\u010dnej prest\u00e1vke vr\u00e1tili na extraligov\u00e9 palubovky vo ve\u013ekom \u0161t\u00fdle. V 13. kole Nik\u00e9 Extraligy \u017eien si v dom\u00e1com prostred\u00ed poradili s Nov\u00fdm Mestom nad V\u00e1hom hladko 3:0 a potvrdili v\u00fdborn\u00fa formu. Belas\u00e9 tak aj po \u010fal\u0161om kole zost\u00e1vaj\u00fa bez straty bodu a suver\u00e9nne ved\u00fa extraligov\u00fd pelot\u00f3n. K\u00a0z\u00e1pasu sa vyjadril&#8230;<\/p>\n","protected":false},"author":3,"featured_media":49631,"comment_status":"closed","ping_status":"closed","sticky":false,"template":"","format":"standard","meta":{"_monsterinsights_skip_tracking":false,"_monsterinsights_sitenote_active":false,"_monsterinsights_sitenote_note":"","_monsterinsights_sitenote_category":0,"footnotes":""},"categories":[48],"tags":[],"class_list":["post-49771","post","type-post","status-publish","format-standard","has-post-thumbnail","hentry","category-zeny"],"yoast_head":"<!-- This site is optimized with the Yoast SEO plugin v25.6 - https:\/\/yoast.com\/wordpress\/plugins\/seo\/ -->\n<title>Ako na nov\u00fd rok, tak po cel\u00fd rok \u2013 Belas\u00e9 ber\u00fa \u010fal\u0161ie tri body - VK SLOVAN Bratislava<\/title>\n<meta name=\"robots\" content=\"index, follow, max-snippet:-1, max-image-preview:large, max-video-preview:-1\" \/>\n<link rel=\"canonical\" href=\"https:\/\/www.vkpbratislava.sk\/?p=49771\" \/>\n<meta property=\"og:locale\" content=\"sk_SK\" \/>\n<meta property=\"og:type\" content=\"article\" \/>\n<meta property=\"og:title\" content=\"Ako na nov\u00fd rok, tak po cel\u00fd rok \u2013 Belas\u00e9 ber\u00fa \u010fal\u0161ie tri body - VK SLOVAN Bratislava\" \/>\n<meta property=\"og:description\" content=\"Volejbalistky VK Slovan Bratislava sa po viano\u010dnej prest\u00e1vke vr\u00e1tili na extraligov\u00e9 palubovky vo ve\u013ekom \u0161t\u00fdle. V 13. kole Nik\u00e9 Extraligy \u017eien si v dom\u00e1com prostred\u00ed poradili s Nov\u00fdm Mestom nad V\u00e1hom hladko 3:0 a potvrdili v\u00fdborn\u00fa formu. Belas\u00e9 tak aj po \u010fal\u0161om kole zost\u00e1vaj\u00fa bez straty bodu a suver\u00e9nne ved\u00fa extraligov\u00fd pelot\u00f3n. K\u00a0z\u00e1pasu sa vyjadril...\" \/>\n<meta property=\"og:url\" content=\"https:\/\/www.vkpbratislava.sk\/?p=49771\" \/>\n<meta property=\"og:site_name\" content=\"VK SLOVAN Bratislava\" \/>\n<meta property=\"article:published_time\" content=\"2026-01-07T16:22:45+00:00\" \/>\n<meta property=\"article:modified_time\" content=\"2026-01-08T16:27:37+00:00\" \/>\n<meta property=\"og:image\" content=\"https:\/\/www.vkpbratislava.sk\/wp-content\/uploads\/2026\/01\/20260106_igor_urban_VK-Slovan-Z-vs-NMnV_IUR00098-scaled.jpg\" \/>\n\t<meta property=\"og:image:width\" content=\"2560\" \/>\n\t<meta property=\"og:image:height\" content=\"1707\" \/>\n\t<meta property=\"og:image:type\" content=\"image\/jpeg\" \/>\n<meta name=\"author\" content=\"jenca\" \/>\n<meta name=\"twitter:card\" content=\"summary_large_image\" \/>\n<meta name=\"twitter:label1\" content=\"Autor\" \/>\n\t<meta name=\"twitter:data1\" content=\"jenca\" \/>\n\t<meta name=\"twitter:label2\" content=\"Predpokladan\u00fd \u010das \u010d\u00edtania\" \/>\n\t<meta name=\"twitter:data2\" content=\"1 min\u00fata\" \/>\n<script type=\"application\/ld+json\" class=\"yoast-schema-graph\">{\"@context\":\"https:\/\/schema.org\",\"@graph\":[{\"@type\":\"Article\",\"@id\":\"https:\/\/www.vkpbratislava.sk\/?p=49771#article\",\"isPartOf\":{\"@id\":\"https:\/\/www.vkpbratislava.sk\/?p=49771\"},\"author\":{\"name\":\"jenca\",\"@id\":\"https:\/\/www.vkpbratislava.sk\/#\/schema\/person\/7037e769f9515aa58493d1b5852c4c50\"},\"headline\":\"Ako na nov\u00fd rok, tak po cel\u00fd rok \u2013 Belas\u00e9 ber\u00fa \u010fal\u0161ie tri body\",\"datePublished\":\"2026-01-07T16:22:45+00:00\",\"dateModified\":\"2026-01-08T16:27:37+00:00\",\"mainEntityOfPage\":{\"@id\":\"https:\/\/www.vkpbratislava.sk\/?p=49771\"},\"wordCount\":312,\"publisher\":{\"@id\":\"https:\/\/www.vkpbratislava.sk\/#organization\"},\"image\":{\"@id\":\"https:\/\/www.vkpbratislava.sk\/?p=49771#primaryimage\"},\"thumbnailUrl\":\"https:\/\/www.vkpbratislava.sk\/wp-content\/uploads\/2026\/01\/20260106_igor_urban_VK-Slovan-Z-vs-NMnV_IUR00098-scaled.jpg\",\"articleSection\":[\"\u017deny\"],\"inLanguage\":\"sk-SK\"},{\"@type\":\"WebPage\",\"@id\":\"https:\/\/www.vkpbratislava.sk\/?p=49771\",\"url\":\"https:\/\/www.vkpbratislava.sk\/?p=49771\",\"name\":\"Ako na nov\u00fd rok, tak po cel\u00fd rok \u2013 Belas\u00e9 ber\u00fa \u010fal\u0161ie tri body - VK SLOVAN Bratislava\",\"isPartOf\":{\"@id\":\"https:\/\/www.vkpbratislava.sk\/#website\"},\"primaryImageOfPage\":{\"@id\":\"https:\/\/www.vkpbratislava.sk\/?p=49771#primaryimage\"},\"image\":{\"@id\":\"https:\/\/www.vkpbratislava.sk\/?p=49771#primaryimage\"},\"thumbnailUrl\":\"https:\/\/www.vkpbratislava.sk\/wp-content\/uploads\/2026\/01\/20260106_igor_urban_VK-Slovan-Z-vs-NMnV_IUR00098-scaled.jpg\",\"datePublished\":\"2026-01-07T16:22:45+00:00\",\"dateModified\":\"2026-01-08T16:27:37+00:00\",\"breadcrumb\":{\"@id\":\"https:\/\/www.vkpbratislava.sk\/?p=49771#breadcrumb\"},\"inLanguage\":\"sk-SK\",\"potentialAction\":[{\"@type\":\"ReadAction\",\"target\":[\"https:\/\/www.vkpbratislava.sk\/?p=49771\"]}]},{\"@type\":\"ImageObject\",\"inLanguage\":\"sk-SK\",\"@id\":\"https:\/\/www.vkpbratislava.sk\/?p=49771#primaryimage\",\"url\":\"https:\/\/www.vkpbratislava.sk\/wp-content\/uploads\/2026\/01\/20260106_igor_urban_VK-Slovan-Z-vs-NMnV_IUR00098-scaled.jpg\",\"contentUrl\":\"https:\/\/www.vkpbratislava.sk\/wp-content\/uploads\/2026\/01\/20260106_igor_urban_VK-Slovan-Z-vs-NMnV_IUR00098-scaled.jpg\",\"width\":2560,\"height\":1707},{\"@type\":\"BreadcrumbList\",\"@id\":\"https:\/\/www.vkpbratislava.sk\/?p=49771#breadcrumb\",\"itemListElement\":[{\"@type\":\"ListItem\",\"position\":1,\"name\":\"Domov\",\"item\":\"https:\/\/www.vkpbratislava.sk\/\"},{\"@type\":\"ListItem\",\"position\":2,\"name\":\"Ako na nov\u00fd rok, tak po cel\u00fd rok \u2013 Belas\u00e9 ber\u00fa \u010fal\u0161ie tri body\"}]},{\"@type\":\"WebSite\",\"@id\":\"https:\/\/www.vkpbratislava.sk\/#website\",\"url\":\"https:\/\/www.vkpbratislava.sk\/\",\"name\":\"VK SLOVAN Bratislava\",\"description\":\"Volejbalov\u00fd klub\",\"publisher\":{\"@id\":\"https:\/\/www.vkpbratislava.sk\/#organization\"},\"potentialAction\":[{\"@type\":\"SearchAction\",\"target\":{\"@type\":\"EntryPoint\",\"urlTemplate\":\"https:\/\/www.vkpbratislava.sk\/?s={search_term_string}\"},\"query-input\":{\"@type\":\"PropertyValueSpecification\",\"valueRequired\":true,\"valueName\":\"search_term_string\"}}],\"inLanguage\":\"sk-SK\"},{\"@type\":\"Organization\",\"@id\":\"https:\/\/www.vkpbratislava.sk\/#organization\",\"name\":\"VKP Bratislava\",\"url\":\"https:\/\/www.vkpbratislava.sk\/\",\"logo\":{\"@type\":\"ImageObject\",\"inLanguage\":\"sk-SK\",\"@id\":\"https:\/\/www.vkpbratislava.sk\/#\/schema\/logo\/image\/\",\"url\":\"https:\/\/www.vkpbratislava.sk\/wp-content\/uploads\/2020\/10\/vkpBA.png\",\"contentUrl\":\"https:\/\/www.vkpbratislava.sk\/wp-content\/uploads\/2020\/10\/vkpBA.png\",\"width\":600,\"height\":600,\"caption\":\"VKP Bratislava\"},\"image\":{\"@id\":\"https:\/\/www.vkpbratislava.sk\/#\/schema\/logo\/image\/\"}},{\"@type\":\"Person\",\"@id\":\"https:\/\/www.vkpbratislava.sk\/#\/schema\/person\/7037e769f9515aa58493d1b5852c4c50\",\"name\":\"jenca\",\"image\":{\"@type\":\"ImageObject\",\"inLanguage\":\"sk-SK\",\"@id\":\"https:\/\/www.vkpbratislava.sk\/#\/schema\/person\/image\/\",\"url\":\"https:\/\/secure.gravatar.com\/avatar\/67aa89e9aab2911bbd0c6fbf0a891ea8d80c207c9b6a6e2c96e13fc2f16e536d?s=96&d=mm&r=g\",\"contentUrl\":\"https:\/\/secure.gravatar.com\/avatar\/67aa89e9aab2911bbd0c6fbf0a891ea8d80c207c9b6a6e2c96e13fc2f16e536d?s=96&d=mm&r=g\",\"caption\":\"jenca\"},\"url\":\"https:\/\/www.vkpbratislava.sk\/?author=3\"}]}<\/script>\n<!-- \/ Yoast SEO plugin. -->","yoast_head_json":{"title":"Ako na nov\u00fd rok, tak po cel\u00fd rok \u2013 Belas\u00e9 ber\u00fa \u010fal\u0161ie tri body - VK SLOVAN Bratislava","robots":{"index":"index","follow":"follow","max-snippet":"max-snippet:-1","max-image-preview":"max-image-preview:large","max-video-preview":"max-video-preview:-1"},"canonical":"https:\/\/www.vkpbratislava.sk\/?p=49771","og_locale":"sk_SK","og_type":"article","og_title":"Ako na nov\u00fd rok, tak po cel\u00fd rok \u2013 Belas\u00e9 ber\u00fa \u010fal\u0161ie tri body - VK SLOVAN Bratislava","og_description":"Volejbalistky VK Slovan Bratislava sa po viano\u010dnej prest\u00e1vke vr\u00e1tili na extraligov\u00e9 palubovky vo ve\u013ekom \u0161t\u00fdle. V 13. kole Nik\u00e9 Extraligy \u017eien si v dom\u00e1com prostred\u00ed poradili s Nov\u00fdm Mestom nad V\u00e1hom hladko 3:0 a potvrdili v\u00fdborn\u00fa formu. Belas\u00e9 tak aj po \u010fal\u0161om kole zost\u00e1vaj\u00fa bez straty bodu a suver\u00e9nne ved\u00fa extraligov\u00fd pelot\u00f3n. K\u00a0z\u00e1pasu sa vyjadril...","og_url":"https:\/\/www.vkpbratislava.sk\/?p=49771","og_site_name":"VK SLOVAN Bratislava","article_published_time":"2026-01-07T16:22:45+00:00","article_modified_time":"2026-01-08T16:27:37+00:00","og_image":[{"width":2560,"height":1707,"url":"https:\/\/www.vkpbratislava.sk\/wp-content\/uploads\/2026\/01\/20260106_igor_urban_VK-Slovan-Z-vs-NMnV_IUR00098-scaled.jpg","type":"image\/jpeg"}],"author":"jenca","twitter_card":"summary_large_image","twitter_misc":{"Autor":"jenca","Predpokladan\u00fd \u010das \u010d\u00edtania":"1 min\u00fata"},"schema":{"@context":"https:\/\/schema.org","@graph":[{"@type":"Article","@id":"https:\/\/www.vkpbratislava.sk\/?p=49771#article","isPartOf":{"@id":"https:\/\/www.vkpbratislava.sk\/?p=49771"},"author":{"name":"jenca","@id":"https:\/\/www.vkpbratislava.sk\/#\/schema\/person\/7037e769f9515aa58493d1b5852c4c50"},"headline":"Ako na nov\u00fd rok, tak po cel\u00fd rok \u2013 Belas\u00e9 ber\u00fa \u010fal\u0161ie tri body","datePublished":"2026-01-07T16:22:45+00:00","dateModified":"2026-01-08T16:27:37+00:00","mainEntityOfPage":{"@id":"https:\/\/www.vkpbratislava.sk\/?p=49771"},"wordCount":312,"publisher":{"@id":"https:\/\/www.vkpbratislava.sk\/#organization"},"image":{"@id":"https:\/\/www.vkpbratislava.sk\/?p=49771#primaryimage"},"thumbnailUrl":"https:\/\/www.vkpbratislava.sk\/wp-content\/uploads\/2026\/01\/20260106_igor_urban_VK-Slovan-Z-vs-NMnV_IUR00098-scaled.jpg","articleSection":["\u017deny"],"inLanguage":"sk-SK"},{"@type":"WebPage","@id":"https:\/\/www.vkpbratislava.sk\/?p=49771","url":"https:\/\/www.vkpbratislava.sk\/?p=49771","name":"Ako na nov\u00fd rok, tak po cel\u00fd rok \u2013 Belas\u00e9 ber\u00fa \u010fal\u0161ie tri body - VK SLOVAN Bratislava","isPartOf":{"@id":"https:\/\/www.vkpbratislava.sk\/#website"},"primaryImageOfPage":{"@id":"https:\/\/www.vkpbratislava.sk\/?p=49771#primaryimage"},"image":{"@id":"https:\/\/www.vkpbratislava.sk\/?p=49771#primaryimage"},"thumbnailUrl":"https:\/\/www.vkpbratislava.sk\/wp-content\/uploads\/2026\/01\/20260106_igor_urban_VK-Slovan-Z-vs-NMnV_IUR00098-scaled.jpg","datePublished":"2026-01-07T16:22:45+00:00","dateModified":"2026-01-08T16:27:37+00:00","breadcrumb":{"@id":"https:\/\/www.vkpbratislava.sk\/?p=49771#breadcrumb"},"inLanguage":"sk-SK","potentialAction":[{"@type":"ReadAction","target":["https:\/\/www.vkpbratislava.sk\/?p=49771"]}]},{"@type":"ImageObject","inLanguage":"sk-SK","@id":"https:\/\/www.vkpbratislava.sk\/?p=49771#primaryimage","url":"https:\/\/www.vkpbratislava.sk\/wp-content\/uploads\/2026\/01\/20260106_igor_urban_VK-Slovan-Z-vs-NMnV_IUR00098-scaled.jpg","contentUrl":"https:\/\/www.vkpbratislava.sk\/wp-content\/uploads\/2026\/01\/20260106_igor_urban_VK-Slovan-Z-vs-NMnV_IUR00098-scaled.jpg","width":2560,"height":1707},{"@type":"BreadcrumbList","@id":"https:\/\/www.vkpbratislava.sk\/?p=49771#breadcrumb","itemListElement":[{"@type":"ListItem","position":1,"name":"Domov","item":"https:\/\/www.vkpbratislava.sk\/"},{"@type":"ListItem","position":2,"name":"Ako na nov\u00fd rok, tak po cel\u00fd rok \u2013 Belas\u00e9 ber\u00fa \u010fal\u0161ie tri body"}]},{"@type":"WebSite","@id":"https:\/\/www.vkpbratislava.sk\/#website","url":"https:\/\/www.vkpbratislava.sk\/","name":"VK SLOVAN Bratislava","description":"Volejbalov\u00fd klub","publisher":{"@id":"https:\/\/www.vkpbratislava.sk\/#organization"},"potentialAction":[{"@type":"SearchAction","target":{"@type":"EntryPoint","urlTemplate":"https:\/\/www.vkpbratislava.sk\/?s={search_term_string}"},"query-input":{"@type":"PropertyValueSpecification","valueRequired":true,"valueName":"search_term_string"}}],"inLanguage":"sk-SK"},{"@type":"Organization","@id":"https:\/\/www.vkpbratislava.sk\/#organization","name":"VKP Bratislava","url":"https:\/\/www.vkpbratislava.sk\/","logo":{"@type":"ImageObject","inLanguage":"sk-SK","@id":"https:\/\/www.vkpbratislava.sk\/#\/schema\/logo\/image\/","url":"https:\/\/www.vkpbratislava.sk\/wp-content\/uploads\/2020\/10\/vkpBA.png","contentUrl":"https:\/\/www.vkpbratislava.sk\/wp-content\/uploads\/2020\/10\/vkpBA.png","width":600,"height":600,"caption":"VKP Bratislava"},"image":{"@id":"https:\/\/www.vkpbratislava.sk\/#\/schema\/logo\/image\/"}},{"@type":"Person","@id":"https:\/\/www.vkpbratislava.sk\/#\/schema\/person\/7037e769f9515aa58493d1b5852c4c50","name":"jenca","image":{"@type":"ImageObject","inLanguage":"sk-SK","@id":"https:\/\/www.vkpbratislava.sk\/#\/schema\/person\/image\/","url":"https:\/\/secure.gravatar.com\/avatar\/67aa89e9aab2911bbd0c6fbf0a891ea8d80c207c9b6a6e2c96e13fc2f16e536d?s=96&d=mm&r=g","contentUrl":"https:\/\/secure.gravatar.com\/avatar\/67aa89e9aab2911bbd0c6fbf0a891ea8d80c207c9b6a6e2c96e13fc2f16e536d?s=96&d=mm&r=g","caption":"jenca"},"url":"https:\/\/www.vkpbratislava.sk\/?author=3"}]}},"_links":{"self":[{"href":"https:\/\/www.vkpbratislava.sk\/index.php?rest_route=\/wp\/v2\/posts\/49771","targetHints":{"allow":["GET"]}}],"collection":[{"href":"https:\/\/www.vkpbratislava.sk\/index.php?rest_route=\/wp\/v2\/posts"}],"about":[{"href":"https:\/\/www.vkpbratislava.sk\/index.php?rest_route=\/wp\/v2\/types\/post"}],"author":[{"embeddable":true,"href":"https:\/\/www.vkpbratislava.sk\/index.php?rest_route=\/wp\/v2\/users\/3"}],"replies":[{"embeddable":true,"href":"https:\/\/www.vkpbratislava.sk\/index.php?rest_route=%2Fwp%2Fv2%2Fcomments&post=49771"}],"version-history":[{"count":1,"href":"https:\/\/www.vkpbratislava.sk\/index.php?rest_route=\/wp\/v2\/posts\/49771\/revisions"}],"predecessor-version":[{"id":49772,"href":"https:\/\/www.vkpbratislava.sk\/index.php?rest_route=\/wp\/v2\/posts\/49771\/revisions\/49772"}],"wp:featuredmedia":[{"embeddable":true,"href":"https:\/\/www.vkpbratislava.sk\/index.php?rest_route=\/wp\/v2\/media\/49631"}],"wp:attachment":[{"href":"https:\/\/www.vkpbratislava.sk\/index.php?rest_route=%2Fwp%2Fv2%2Fmedia&parent=49771"}],"wp:term":[{"taxonomy":"category","embeddable":true,"href":"https:\/\/www.vkpbratislava.sk\/index.php?rest_route=%2Fwp%2Fv2%2Fcategories&post=49771"},{"taxonomy":"post_tag","embeddable":true,"href":"https:\/\/www.vkpbratislava.sk\/index.php?rest_route=%2Fwp%2Fv2%2Ftags&post=49771"}],"curies":[{"name":"wp","href":"https:\/\/api.w.org\/{rel}","templated":true}]}}