{"id":49782,"date":"2026-01-11T18:06:23","date_gmt":"2026-01-11T17:06:23","guid":{"rendered":"https:\/\/www.vkpbratislava.sk\/?p=49782"},"modified":"2026-01-12T18:46:58","modified_gmt":"2026-01-12T17:46:58","slug":"robin-pelucha-musime-ukazat-co-v-nas-je-a-neprestavat-bojovat","status":"publish","type":"post","link":"https:\/\/www.vkpbratislava.sk\/?p=49782","title":{"rendered":"Robin P\u011blucha: Mus\u00edme uk\u00e1za\u0165, \u010do v n\u00e1s je a neprest\u00e1va\u0165 bojova\u0165"},"content":{"rendered":"<p>Tri dni po vyst\u00fapen\u00ed v holandskom Huizene v \u0161estn\u00e1s\u0165fin\u00e1le Challenge Cupu sa volejbalisti Slovana op\u00e4\u0165 presunuli na dom\u00e1cu palubovku, kde ich \u010dakal extraligov\u00fd \u0161l\u00e1ger proti Myjave. V priamom s\u00faboji tabu\u013ekov\u00fdch susedov potvrdil Slovan svoju formu a po presved\u010divom v\u00fdkone zdolal druh\u00fa Myjavu hladko 3:0, \u010d\u00edm sa ako tret\u00ed t\u00edm tabu\u013eky te\u0161il z cenn\u00e9ho v\u00ed\u0165azstva.<\/p>\n<p>K\u00a0z\u00e1pasu sa vyjadril Robin P\u011blucha, tr\u00e9ner VK Slovan: <strong>\u201eTe\u0161\u00edm sa z v\u00fdhry proti Myjave, ktor\u00e1 m\u00e1 ve\u013emi dobr\u00e9 mu\u017estvo. K\u013e\u00fa\u010dov\u00fd bol druh\u00fd set, ale mus\u00edm spomen\u00fa\u0165 aj tie zvy\u0161n\u00e9 dva, v ktor\u00fdch sme tla\u010dili a nepo\u013eavovali za \u017eiadnych okolnost\u00ed. To sme hr\u00e1\u010dom aj v\u0161tepovali. \u017de to nep\u00f4jde sam\u00e9. Tak to nefunguje, prv\u00e9 \u0161tvorka \u2013 p\u00e4\u0165ka je vyrovnan\u00e1. Mus\u00edme uk\u00e1za\u0165, \u010do v n\u00e1s je a neprest\u00e1va\u0165 bojova\u0165. Aj ke\u010f sme prehr\u00e1vali, tak n\u00e1s na\u0161a hra dr\u017eala.\u201c<\/strong><\/p>\n<p><strong>\u201eNesplnili sme to, \u010do sme si predsavzali. Nepod\u00e1vali sme tak ako s\u00faper, nedostali sme sa do toho. Mali sme \u0161ancu v druhom sete, ale zbyto\u010dne sme si to svojimi chybami skomplikovali. S\u00faper dobre pod\u00e1val a hlavne v\u010faka nemu vyhral,\u201c<\/strong> dodal Mat\u00fa\u0161 Kaln\u00fd, tr\u00e9ner TJ Spartak.<\/p>\n<p>&nbsp;<\/p>\n<p><img loading=\"lazy\" decoding=\"async\" class=\"alignnone size-full wp-image-49783\" src=\"https:\/\/www.vkpbratislava.sk\/wp-content\/uploads\/2026\/01\/IMG-20260110-WA0001.jpg\" alt=\"\" width=\"2048\" height=\"1608\" srcset=\"https:\/\/www.vkpbratislava.sk\/wp-content\/uploads\/2026\/01\/IMG-20260110-WA0001.jpg 2048w, https:\/\/www.vkpbratislava.sk\/wp-content\/uploads\/2026\/01\/IMG-20260110-WA0001-640x503.jpg 640w, https:\/\/www.vkpbratislava.sk\/wp-content\/uploads\/2026\/01\/IMG-20260110-WA0001-1280x1005.jpg 1280w, https:\/\/www.vkpbratislava.sk\/wp-content\/uploads\/2026\/01\/IMG-20260110-WA0001-768x603.jpg 768w, https:\/\/www.vkpbratislava.sk\/wp-content\/uploads\/2026\/01\/IMG-20260110-WA0001-1536x1206.jpg 1536w, https:\/\/www.vkpbratislava.sk\/wp-content\/uploads\/2026\/01\/IMG-20260110-WA0001-320x251.jpg 320w, https:\/\/www.vkpbratislava.sk\/wp-content\/uploads\/2026\/01\/IMG-20260110-WA0001-600x471.jpg 600w\" sizes=\"auto, (max-width: 2048px) 100vw, 2048px\" \/><\/p>\n<p>&nbsp;<\/p>\n<p><strong>Nik\u00e9 Extraliga mu\u017eov \u2013 z\u00e1kladn\u00e1 \u010das\u0165 &#8211; 11. kolo \u2013 sobota:<\/strong><\/p>\n<p><strong>VK Slovan Bratislava &#8211; TJ Spartak Myjava 3:0 (14, 20, 18)<\/strong><\/p>\n<p><strong>Hr\u00e1\u010d z\u00e1pasu:<\/strong> Patrik Marjov (VK Slovan Bratislava)<\/p>\n<p><strong>VK SLOVAN:<\/strong> Truba\u010d 10, Marjov 9, Mlynar\u010d\u00edk 7, Kri\u0161ko 8, Billich 15, Za\u0165ko 2, libero Jakub\u00edk. Tr\u00e9ner: R. P\u011blucha.<\/p>\n<p><strong>TJ SPARTAK:<\/strong> Pokopec 4, Klima\u010dek 2, T. Viskup 11, Rendla 12, O. Zeman 12, Bielka 2, libero S. Pa\u0148ko (M. Kov\u00e1\u010d 0, Mak\u00f3nyi 3, Kr\u00e1lovi\u010d 0, \u0160ujan 0, J. Slov\u00e1k 0). Tr\u00e9ner: M. Kaln\u00fd.<\/p>\n<p><strong>Rozhodovali:<\/strong> Schimpl a B. Kov\u00e1\u010d \u2013 373 div\u00e1kov.<\/p>\n<p>&nbsp;<\/p>\n<p>&nbsp;<\/p>\n<p>Zdroj: VK Slovan, svf<\/p>\n","protected":false},"excerpt":{"rendered":"<p>Tri dni po vyst\u00fapen\u00ed v holandskom Huizene v \u0161estn\u00e1s\u0165fin\u00e1le Challenge Cupu sa volejbalisti Slovana op\u00e4\u0165 presunuli na dom\u00e1cu palubovku, kde ich \u010dakal extraligov\u00fd \u0161l\u00e1ger proti Myjave. V priamom s\u00faboji tabu\u013ekov\u00fdch susedov potvrdil Slovan svoju formu a po presved\u010divom v\u00fdkone zdolal druh\u00fa Myjavu hladko 3:0, \u010d\u00edm sa ako tret\u00ed t\u00edm tabu\u013eky te\u0161il z cenn\u00e9ho v\u00ed\u0165azstva. K\u00a0z\u00e1pasu&#8230;<\/p>\n","protected":false},"author":3,"featured_media":49784,"comment_status":"closed","ping_status":"closed","sticky":false,"template":"","format":"standard","meta":{"_monsterinsights_skip_tracking":false,"_monsterinsights_sitenote_active":false,"_monsterinsights_sitenote_note":"","_monsterinsights_sitenote_category":0,"footnotes":""},"categories":[47],"tags":[],"class_list":["post-49782","post","type-post","status-publish","format-standard","has-post-thumbnail","hentry","category-muzi"],"yoast_head":"<!-- This site is optimized with the Yoast SEO plugin v25.6 - https:\/\/yoast.com\/wordpress\/plugins\/seo\/ -->\n<title>Robin P\u011blucha: Mus\u00edme uk\u00e1za\u0165, \u010do v n\u00e1s je a neprest\u00e1va\u0165 bojova\u0165 - VK SLOVAN Bratislava<\/title>\n<meta name=\"robots\" content=\"index, follow, max-snippet:-1, max-image-preview:large, max-video-preview:-1\" \/>\n<link rel=\"canonical\" href=\"https:\/\/www.vkpbratislava.sk\/?p=49782\" \/>\n<meta property=\"og:locale\" content=\"sk_SK\" \/>\n<meta property=\"og:type\" content=\"article\" \/>\n<meta property=\"og:title\" content=\"Robin P\u011blucha: Mus\u00edme uk\u00e1za\u0165, \u010do v n\u00e1s je a neprest\u00e1va\u0165 bojova\u0165 - VK SLOVAN Bratislava\" \/>\n<meta property=\"og:description\" content=\"Tri dni po vyst\u00fapen\u00ed v holandskom Huizene v \u0161estn\u00e1s\u0165fin\u00e1le Challenge Cupu sa volejbalisti Slovana op\u00e4\u0165 presunuli na dom\u00e1cu palubovku, kde ich \u010dakal extraligov\u00fd \u0161l\u00e1ger proti Myjave. V priamom s\u00faboji tabu\u013ekov\u00fdch susedov potvrdil Slovan svoju formu a po presved\u010divom v\u00fdkone zdolal druh\u00fa Myjavu hladko 3:0, \u010d\u00edm sa ako tret\u00ed t\u00edm tabu\u013eky te\u0161il z cenn\u00e9ho v\u00ed\u0165azstva. K\u00a0z\u00e1pasu...\" \/>\n<meta property=\"og:url\" content=\"https:\/\/www.vkpbratislava.sk\/?p=49782\" \/>\n<meta property=\"og:site_name\" content=\"VK SLOVAN Bratislava\" \/>\n<meta property=\"article:published_time\" content=\"2026-01-11T17:06:23+00:00\" \/>\n<meta property=\"article:modified_time\" content=\"2026-01-12T17:46:58+00:00\" \/>\n<meta property=\"og:image\" content=\"https:\/\/www.vkpbratislava.sk\/wp-content\/uploads\/2026\/01\/DSC09473-scaled.jpg\" \/>\n\t<meta property=\"og:image:width\" content=\"2560\" \/>\n\t<meta property=\"og:image:height\" content=\"1707\" \/>\n\t<meta property=\"og:image:type\" content=\"image\/jpeg\" \/>\n<meta name=\"author\" content=\"jenca\" \/>\n<meta name=\"twitter:card\" content=\"summary_large_image\" \/>\n<meta name=\"twitter:label1\" content=\"Autor\" \/>\n\t<meta name=\"twitter:data1\" content=\"jenca\" \/>\n\t<meta name=\"twitter:label2\" content=\"Predpokladan\u00fd \u010das \u010d\u00edtania\" \/>\n\t<meta name=\"twitter:data2\" content=\"1 min\u00fata\" \/>\n<script type=\"application\/ld+json\" class=\"yoast-schema-graph\">{\"@context\":\"https:\/\/schema.org\",\"@graph\":[{\"@type\":\"Article\",\"@id\":\"https:\/\/www.vkpbratislava.sk\/?p=49782#article\",\"isPartOf\":{\"@id\":\"https:\/\/www.vkpbratislava.sk\/?p=49782\"},\"author\":{\"name\":\"jenca\",\"@id\":\"https:\/\/www.vkpbratislava.sk\/#\/schema\/person\/7037e769f9515aa58493d1b5852c4c50\"},\"headline\":\"Robin P\u011blucha: Mus\u00edme uk\u00e1za\u0165, \u010do v n\u00e1s je a neprest\u00e1va\u0165 bojova\u0165\",\"datePublished\":\"2026-01-11T17:06:23+00:00\",\"dateModified\":\"2026-01-12T17:46:58+00:00\",\"mainEntityOfPage\":{\"@id\":\"https:\/\/www.vkpbratislava.sk\/?p=49782\"},\"wordCount\":325,\"publisher\":{\"@id\":\"https:\/\/www.vkpbratislava.sk\/#organization\"},\"image\":{\"@id\":\"https:\/\/www.vkpbratislava.sk\/?p=49782#primaryimage\"},\"thumbnailUrl\":\"https:\/\/www.vkpbratislava.sk\/wp-content\/uploads\/2026\/01\/DSC09473-scaled.jpg\",\"articleSection\":[\"Mu\u017ei\"],\"inLanguage\":\"sk-SK\"},{\"@type\":\"WebPage\",\"@id\":\"https:\/\/www.vkpbratislava.sk\/?p=49782\",\"url\":\"https:\/\/www.vkpbratislava.sk\/?p=49782\",\"name\":\"Robin P\u011blucha: Mus\u00edme uk\u00e1za\u0165, \u010do v n\u00e1s je a neprest\u00e1va\u0165 bojova\u0165 - VK SLOVAN Bratislava\",\"isPartOf\":{\"@id\":\"https:\/\/www.vkpbratislava.sk\/#website\"},\"primaryImageOfPage\":{\"@id\":\"https:\/\/www.vkpbratislava.sk\/?p=49782#primaryimage\"},\"image\":{\"@id\":\"https:\/\/www.vkpbratislava.sk\/?p=49782#primaryimage\"},\"thumbnailUrl\":\"https:\/\/www.vkpbratislava.sk\/wp-content\/uploads\/2026\/01\/DSC09473-scaled.jpg\",\"datePublished\":\"2026-01-11T17:06:23+00:00\",\"dateModified\":\"2026-01-12T17:46:58+00:00\",\"breadcrumb\":{\"@id\":\"https:\/\/www.vkpbratislava.sk\/?p=49782#breadcrumb\"},\"inLanguage\":\"sk-SK\",\"potentialAction\":[{\"@type\":\"ReadAction\",\"target\":[\"https:\/\/www.vkpbratislava.sk\/?p=49782\"]}]},{\"@type\":\"ImageObject\",\"inLanguage\":\"sk-SK\",\"@id\":\"https:\/\/www.vkpbratislava.sk\/?p=49782#primaryimage\",\"url\":\"https:\/\/www.vkpbratislava.sk\/wp-content\/uploads\/2026\/01\/DSC09473-scaled.jpg\",\"contentUrl\":\"https:\/\/www.vkpbratislava.sk\/wp-content\/uploads\/2026\/01\/DSC09473-scaled.jpg\",\"width\":2560,\"height\":1707},{\"@type\":\"BreadcrumbList\",\"@id\":\"https:\/\/www.vkpbratislava.sk\/?p=49782#breadcrumb\",\"itemListElement\":[{\"@type\":\"ListItem\",\"position\":1,\"name\":\"Domov\",\"item\":\"https:\/\/www.vkpbratislava.sk\/\"},{\"@type\":\"ListItem\",\"position\":2,\"name\":\"Robin P\u011blucha: Mus\u00edme uk\u00e1za\u0165, \u010do v n\u00e1s je a neprest\u00e1va\u0165 bojova\u0165\"}]},{\"@type\":\"WebSite\",\"@id\":\"https:\/\/www.vkpbratislava.sk\/#website\",\"url\":\"https:\/\/www.vkpbratislava.sk\/\",\"name\":\"VK SLOVAN Bratislava\",\"description\":\"Volejbalov\u00fd klub\",\"publisher\":{\"@id\":\"https:\/\/www.vkpbratislava.sk\/#organization\"},\"potentialAction\":[{\"@type\":\"SearchAction\",\"target\":{\"@type\":\"EntryPoint\",\"urlTemplate\":\"https:\/\/www.vkpbratislava.sk\/?s={search_term_string}\"},\"query-input\":{\"@type\":\"PropertyValueSpecification\",\"valueRequired\":true,\"valueName\":\"search_term_string\"}}],\"inLanguage\":\"sk-SK\"},{\"@type\":\"Organization\",\"@id\":\"https:\/\/www.vkpbratislava.sk\/#organization\",\"name\":\"VKP Bratislava\",\"url\":\"https:\/\/www.vkpbratislava.sk\/\",\"logo\":{\"@type\":\"ImageObject\",\"inLanguage\":\"sk-SK\",\"@id\":\"https:\/\/www.vkpbratislava.sk\/#\/schema\/logo\/image\/\",\"url\":\"https:\/\/www.vkpbratislava.sk\/wp-content\/uploads\/2020\/10\/vkpBA.png\",\"contentUrl\":\"https:\/\/www.vkpbratislava.sk\/wp-content\/uploads\/2020\/10\/vkpBA.png\",\"width\":600,\"height\":600,\"caption\":\"VKP Bratislava\"},\"image\":{\"@id\":\"https:\/\/www.vkpbratislava.sk\/#\/schema\/logo\/image\/\"}},{\"@type\":\"Person\",\"@id\":\"https:\/\/www.vkpbratislava.sk\/#\/schema\/person\/7037e769f9515aa58493d1b5852c4c50\",\"name\":\"jenca\",\"image\":{\"@type\":\"ImageObject\",\"inLanguage\":\"sk-SK\",\"@id\":\"https:\/\/www.vkpbratislava.sk\/#\/schema\/person\/image\/\",\"url\":\"https:\/\/secure.gravatar.com\/avatar\/67aa89e9aab2911bbd0c6fbf0a891ea8d80c207c9b6a6e2c96e13fc2f16e536d?s=96&d=mm&r=g\",\"contentUrl\":\"https:\/\/secure.gravatar.com\/avatar\/67aa89e9aab2911bbd0c6fbf0a891ea8d80c207c9b6a6e2c96e13fc2f16e536d?s=96&d=mm&r=g\",\"caption\":\"jenca\"},\"url\":\"https:\/\/www.vkpbratislava.sk\/?author=3\"}]}<\/script>\n<!-- \/ Yoast SEO plugin. -->","yoast_head_json":{"title":"Robin P\u011blucha: Mus\u00edme uk\u00e1za\u0165, \u010do v n\u00e1s je a neprest\u00e1va\u0165 bojova\u0165 - VK SLOVAN Bratislava","robots":{"index":"index","follow":"follow","max-snippet":"max-snippet:-1","max-image-preview":"max-image-preview:large","max-video-preview":"max-video-preview:-1"},"canonical":"https:\/\/www.vkpbratislava.sk\/?p=49782","og_locale":"sk_SK","og_type":"article","og_title":"Robin P\u011blucha: Mus\u00edme uk\u00e1za\u0165, \u010do v n\u00e1s je a neprest\u00e1va\u0165 bojova\u0165 - VK SLOVAN Bratislava","og_description":"Tri dni po vyst\u00fapen\u00ed v holandskom Huizene v \u0161estn\u00e1s\u0165fin\u00e1le Challenge Cupu sa volejbalisti Slovana op\u00e4\u0165 presunuli na dom\u00e1cu palubovku, kde ich \u010dakal extraligov\u00fd \u0161l\u00e1ger proti Myjave. V priamom s\u00faboji tabu\u013ekov\u00fdch susedov potvrdil Slovan svoju formu a po presved\u010divom v\u00fdkone zdolal druh\u00fa Myjavu hladko 3:0, \u010d\u00edm sa ako tret\u00ed t\u00edm tabu\u013eky te\u0161il z cenn\u00e9ho v\u00ed\u0165azstva. K\u00a0z\u00e1pasu...","og_url":"https:\/\/www.vkpbratislava.sk\/?p=49782","og_site_name":"VK SLOVAN Bratislava","article_published_time":"2026-01-11T17:06:23+00:00","article_modified_time":"2026-01-12T17:46:58+00:00","og_image":[{"width":2560,"height":1707,"url":"https:\/\/www.vkpbratislava.sk\/wp-content\/uploads\/2026\/01\/DSC09473-scaled.jpg","type":"image\/jpeg"}],"author":"jenca","twitter_card":"summary_large_image","twitter_misc":{"Autor":"jenca","Predpokladan\u00fd \u010das \u010d\u00edtania":"1 min\u00fata"},"schema":{"@context":"https:\/\/schema.org","@graph":[{"@type":"Article","@id":"https:\/\/www.vkpbratislava.sk\/?p=49782#article","isPartOf":{"@id":"https:\/\/www.vkpbratislava.sk\/?p=49782"},"author":{"name":"jenca","@id":"https:\/\/www.vkpbratislava.sk\/#\/schema\/person\/7037e769f9515aa58493d1b5852c4c50"},"headline":"Robin P\u011blucha: Mus\u00edme uk\u00e1za\u0165, \u010do v n\u00e1s je a neprest\u00e1va\u0165 bojova\u0165","datePublished":"2026-01-11T17:06:23+00:00","dateModified":"2026-01-12T17:46:58+00:00","mainEntityOfPage":{"@id":"https:\/\/www.vkpbratislava.sk\/?p=49782"},"wordCount":325,"publisher":{"@id":"https:\/\/www.vkpbratislava.sk\/#organization"},"image":{"@id":"https:\/\/www.vkpbratislava.sk\/?p=49782#primaryimage"},"thumbnailUrl":"https:\/\/www.vkpbratislava.sk\/wp-content\/uploads\/2026\/01\/DSC09473-scaled.jpg","articleSection":["Mu\u017ei"],"inLanguage":"sk-SK"},{"@type":"WebPage","@id":"https:\/\/www.vkpbratislava.sk\/?p=49782","url":"https:\/\/www.vkpbratislava.sk\/?p=49782","name":"Robin P\u011blucha: Mus\u00edme uk\u00e1za\u0165, \u010do v n\u00e1s je a neprest\u00e1va\u0165 bojova\u0165 - VK SLOVAN Bratislava","isPartOf":{"@id":"https:\/\/www.vkpbratislava.sk\/#website"},"primaryImageOfPage":{"@id":"https:\/\/www.vkpbratislava.sk\/?p=49782#primaryimage"},"image":{"@id":"https:\/\/www.vkpbratislava.sk\/?p=49782#primaryimage"},"thumbnailUrl":"https:\/\/www.vkpbratislava.sk\/wp-content\/uploads\/2026\/01\/DSC09473-scaled.jpg","datePublished":"2026-01-11T17:06:23+00:00","dateModified":"2026-01-12T17:46:58+00:00","breadcrumb":{"@id":"https:\/\/www.vkpbratislava.sk\/?p=49782#breadcrumb"},"inLanguage":"sk-SK","potentialAction":[{"@type":"ReadAction","target":["https:\/\/www.vkpbratislava.sk\/?p=49782"]}]},{"@type":"ImageObject","inLanguage":"sk-SK","@id":"https:\/\/www.vkpbratislava.sk\/?p=49782#primaryimage","url":"https:\/\/www.vkpbratislava.sk\/wp-content\/uploads\/2026\/01\/DSC09473-scaled.jpg","contentUrl":"https:\/\/www.vkpbratislava.sk\/wp-content\/uploads\/2026\/01\/DSC09473-scaled.jpg","width":2560,"height":1707},{"@type":"BreadcrumbList","@id":"https:\/\/www.vkpbratislava.sk\/?p=49782#breadcrumb","itemListElement":[{"@type":"ListItem","position":1,"name":"Domov","item":"https:\/\/www.vkpbratislava.sk\/"},{"@type":"ListItem","position":2,"name":"Robin P\u011blucha: Mus\u00edme uk\u00e1za\u0165, \u010do v n\u00e1s je a neprest\u00e1va\u0165 bojova\u0165"}]},{"@type":"WebSite","@id":"https:\/\/www.vkpbratislava.sk\/#website","url":"https:\/\/www.vkpbratislava.sk\/","name":"VK SLOVAN Bratislava","description":"Volejbalov\u00fd klub","publisher":{"@id":"https:\/\/www.vkpbratislava.sk\/#organization"},"potentialAction":[{"@type":"SearchAction","target":{"@type":"EntryPoint","urlTemplate":"https:\/\/www.vkpbratislava.sk\/?s={search_term_string}"},"query-input":{"@type":"PropertyValueSpecification","valueRequired":true,"valueName":"search_term_string"}}],"inLanguage":"sk-SK"},{"@type":"Organization","@id":"https:\/\/www.vkpbratislava.sk\/#organization","name":"VKP Bratislava","url":"https:\/\/www.vkpbratislava.sk\/","logo":{"@type":"ImageObject","inLanguage":"sk-SK","@id":"https:\/\/www.vkpbratislava.sk\/#\/schema\/logo\/image\/","url":"https:\/\/www.vkpbratislava.sk\/wp-content\/uploads\/2020\/10\/vkpBA.png","contentUrl":"https:\/\/www.vkpbratislava.sk\/wp-content\/uploads\/2020\/10\/vkpBA.png","width":600,"height":600,"caption":"VKP Bratislava"},"image":{"@id":"https:\/\/www.vkpbratislava.sk\/#\/schema\/logo\/image\/"}},{"@type":"Person","@id":"https:\/\/www.vkpbratislava.sk\/#\/schema\/person\/7037e769f9515aa58493d1b5852c4c50","name":"jenca","image":{"@type":"ImageObject","inLanguage":"sk-SK","@id":"https:\/\/www.vkpbratislava.sk\/#\/schema\/person\/image\/","url":"https:\/\/secure.gravatar.com\/avatar\/67aa89e9aab2911bbd0c6fbf0a891ea8d80c207c9b6a6e2c96e13fc2f16e536d?s=96&d=mm&r=g","contentUrl":"https:\/\/secure.gravatar.com\/avatar\/67aa89e9aab2911bbd0c6fbf0a891ea8d80c207c9b6a6e2c96e13fc2f16e536d?s=96&d=mm&r=g","caption":"jenca"},"url":"https:\/\/www.vkpbratislava.sk\/?author=3"}]}},"_links":{"self":[{"href":"https:\/\/www.vkpbratislava.sk\/index.php?rest_route=\/wp\/v2\/posts\/49782","targetHints":{"allow":["GET"]}}],"collection":[{"href":"https:\/\/www.vkpbratislava.sk\/index.php?rest_route=\/wp\/v2\/posts"}],"about":[{"href":"https:\/\/www.vkpbratislava.sk\/index.php?rest_route=\/wp\/v2\/types\/post"}],"author":[{"embeddable":true,"href":"https:\/\/www.vkpbratislava.sk\/index.php?rest_route=\/wp\/v2\/users\/3"}],"replies":[{"embeddable":true,"href":"https:\/\/www.vkpbratislava.sk\/index.php?rest_route=%2Fwp%2Fv2%2Fcomments&post=49782"}],"version-history":[{"count":1,"href":"https:\/\/www.vkpbratislava.sk\/index.php?rest_route=\/wp\/v2\/posts\/49782\/revisions"}],"predecessor-version":[{"id":49785,"href":"https:\/\/www.vkpbratislava.sk\/index.php?rest_route=\/wp\/v2\/posts\/49782\/revisions\/49785"}],"wp:featuredmedia":[{"embeddable":true,"href":"https:\/\/www.vkpbratislava.sk\/index.php?rest_route=\/wp\/v2\/media\/49784"}],"wp:attachment":[{"href":"https:\/\/www.vkpbratislava.sk\/index.php?rest_route=%2Fwp%2Fv2%2Fmedia&parent=49782"}],"wp:term":[{"taxonomy":"category","embeddable":true,"href":"https:\/\/www.vkpbratislava.sk\/index.php?rest_route=%2Fwp%2Fv2%2Fcategories&post=49782"},{"taxonomy":"post_tag","embeddable":true,"href":"https:\/\/www.vkpbratislava.sk\/index.php?rest_route=%2Fwp%2Fv2%2Ftags&post=49782"}],"curies":[{"name":"wp","href":"https:\/\/api.w.org\/{rel}","templated":true}]}}