{"id":50016,"date":"2026-01-15T17:42:05","date_gmt":"2026-01-15T16:42:05","guid":{"rendered":"https:\/\/www.vkpbratislava.sk\/?p=50016"},"modified":"2026-01-17T17:45:47","modified_gmt":"2026-01-17T16:45:47","slug":"slovan-ma-finale-ciel-je-jasny","status":"publish","type":"post","link":"https:\/\/www.vkpbratislava.sk\/?p=50016","title":{"rendered":"Slovan m\u00e1 fin\u00e1le, cie\u013e je jasn\u00fd"},"content":{"rendered":"<p>Volejbalisti VK Slovan Bratislava potvrdili svoju dominanciu v semifin\u00e1le Nik\u00e9 Slovensk\u00e9ho poh\u00e1ra mu\u017eov a stali sa prv\u00fdm finalistom s\u00fa\u0165a\u017ee. V odvete na palubovke Tatrana Slovensk\u00e1 \u013dup\u010da zv\u00ed\u0165azili presved\u010divo 3:0 a bez zav\u00e1hania nadviazali na rovnak\u00fd v\u00fdsledok z \u00favodn\u00e9ho stretnutia.<\/p>\n<p>&nbsp;<\/p>\n<p>Zverenci tr\u00e9nera R\u00f3berta P\u011bluchu vst\u00fapili do z\u00e1pasu koncentrovane a od \u00favodn\u00fdch v\u00fdmen si udr\u017eiavali hern\u00fa prevahu. Hoci prv\u00fd set priniesol vyrovnanej\u0161\u00ed priebeh, Slovan si v z\u00e1vere dok\u00e1zal vybudova\u0165 v\u00fdraznej\u0161\u00ed n\u00e1skok a z\u00edskal ho v pomere 25:18. V druhom dejstve mali hostia priebeh pod kontrolou po\u010das cel\u00e9ho setu a aj napriek snahe dom\u00e1cich ho dotiahli do v\u00ed\u0165azn\u00e9ho konca 25:20.<\/p>\n<p>Tret\u00ed set u\u017e jasne patril belas\u00fdm, ktor\u00ed dominovali vo v\u0161etk\u00fdch hern\u00fdch \u010dinnostiach a nepustili s\u00fapera do v\u00e1\u017enej\u0161ej \u0161ance. Najprodukt\u00edvnej\u0161\u00edm hr\u00e1\u010dom Slovana bol Mlynar\u010d\u00edk s 13 bodmi, v\u00fdrazne mu sekundovali aj \u010fal\u0161\u00ed spoluhr\u00e1\u010di. Slovan tak bez straty setu spe\u010datil postup do fin\u00e1le a na\u010falej \u017eiv\u00ed \u0161ancu na obhajobu Trofeje \u0160tefana Pipu.<\/p>\n<p>&nbsp;<\/p>\n<p>Z\u00e1pas zhodnotil Pavol Bart\u00edk, tr\u00e9ner \u0160VK Tatran: <strong>\u201eJedin\u00fa \u0161ancu sme mali v prvom sete, v ktorom sme tro\u0161ku \u0165ahali aj ke\u010f bol Slovan s\u00edce st\u00e1le popredu, ale spravili sme tam dve-tri chybi\u010dky a to sa proti s\u00faperovi ako je Slovan nevypl\u00e1ca. V druhom sete op\u00e4\u0165 zl\u00fd za\u010diatok, tro\u0161ku sme sa vr\u00e1tili ke\u010f tr\u00e9ner s\u00fapera trochu prestriedal.\u00a0 No a t\u00fdm p\u00e1dom u\u017e bolo rozhodnut\u00e9 s postupom Slovana, tak som v tre\u0165om sete postavil aj ja z lavi\u010dky v\u0161etk\u00fdch hr\u00e1\u010dov, \u010do m\u00e1me aj tak\u00fdch zranen\u00fdch&#8230; Zasl\u00fa\u017een\u00fd postup Slovana, 6 bodov sved\u010d\u00ed o svojom, gratulujem a my sa budeme s\u00fastredi\u0165 na ligu.\u201c<\/strong><\/p>\n<p><strong>\u201eTak sa ve\u013emi te\u0161\u00edm, \u017ee sme vyhrali a post\u00fapili do fin\u00e1le poh\u00e1ra. Naposledy sme v Slovenskej \u013dup\u010di nepodali ve\u013emi dobr\u00fd v\u00fdkon, tak\u017ee te\u0161\u00edm sa, \u017ee sme to od\u010dinili a 3:0 vyhrali, aj ke\u010f samozrejme z dom\u00e1cich mi ch\u00fdbali bratia Vesel\u00ed, jeden je zranen\u00fd a druh\u00fd asi tie\u017e, tak\u017ee to bola \u0161koda, tak prajem skor\u00e9 uzdravenie a d\u00fafam, \u017ee my nast\u00fapime v plnej zostave a zahr\u00e1me pekn\u00fd \u0161port,\u201c <\/strong>dodal Robin P\u011blucha, tr\u00e9ner VK Slovan.<\/p>\n<p>&nbsp;<\/p>\n<p><img loading=\"lazy\" decoding=\"async\" class=\"alignnone size-full wp-image-50017\" src=\"https:\/\/www.vkpbratislava.sk\/wp-content\/uploads\/2026\/01\/bartolomej-jakubik-scaled.jpg\" alt=\"\" width=\"1703\" height=\"2560\" srcset=\"https:\/\/www.vkpbratislava.sk\/wp-content\/uploads\/2026\/01\/bartolomej-jakubik-scaled.jpg 1703w, https:\/\/www.vkpbratislava.sk\/wp-content\/uploads\/2026\/01\/bartolomej-jakubik-640x962.jpg 640w, https:\/\/www.vkpbratislava.sk\/wp-content\/uploads\/2026\/01\/bartolomej-jakubik-1280x1924.jpg 1280w, https:\/\/www.vkpbratislava.sk\/wp-content\/uploads\/2026\/01\/bartolomej-jakubik-768x1154.jpg 768w, https:\/\/www.vkpbratislava.sk\/wp-content\/uploads\/2026\/01\/bartolomej-jakubik-1022x1536.jpg 1022w, https:\/\/www.vkpbratislava.sk\/wp-content\/uploads\/2026\/01\/bartolomej-jakubik-1363x2048.jpg 1363w, https:\/\/www.vkpbratislava.sk\/wp-content\/uploads\/2026\/01\/bartolomej-jakubik-320x481.jpg 320w, https:\/\/www.vkpbratislava.sk\/wp-content\/uploads\/2026\/01\/bartolomej-jakubik-600x902.jpg 600w\" sizes=\"auto, (max-width: 1703px) 100vw, 1703px\" \/><\/p>\n<p>&nbsp;<\/p>\n<p><strong>Nik\u00e9 Slovensk\u00fd poh\u00e1r &#8211; mu\u017ei \u2013 semifin\u00e1le \u2013 2. z\u00e1pas \u2013 streda:<\/strong><\/p>\n<p><strong>\u0160VK Tatran Slovensk\u00e1 \u013dup\u010da-UMB Bansk\u00e1 Bystrica \u2013 VK Slovan Bratislava 0:3 (-18,-20,-13) \u2013 prv\u00fd z\u00e1pas 0:3, postupuje Slovan<\/strong><\/p>\n<p><strong>Hr\u00e1\u010d z\u00e1pasu:<\/strong> Bartolomej Jakub\u00edk (VK Slovan Bratislava)<\/p>\n<p><strong>\u0160VK TATRAN: <\/strong>Poulsen 2, Funk 5, Sl\u00e1vik 5, S\u00fdkora 6, Janovec 7, Baslar 8, liber\u00e1 R. Petruf a Ondr\u010dka (Beli\u010dka 0, Vikhliaiev 2, Trnovec 1). Tr\u00e9ner: B. Skladan\u00fd.<\/p>\n<p><strong>VK SLOVAN:<\/strong> Truba\u010d 10, Marjov 9, Mlynar\u010d\u00edk 13, Kri\u0161ko 7, Billich 7, Za\u0165ko 2, libero Jakub\u00edk (L. \u0160abo 5, Viglask\u00fd 2, \u0160ellong 2, U\u010de\u0148 1). Tr\u00e9ner: R. P\u011blucha.<\/p>\n<p><strong>Rozhodovali:<\/strong> Mal\u00edk a Yurlov, 150 div\u00e1kov.<\/p>\n<p>&nbsp;<\/p>\n<p>&nbsp;<\/p>\n<p>Zdroj: VK Slovan, svf<\/p>\n<p>&nbsp;<\/p>\n<p><strong>\u00a0<\/strong><\/p>\n","protected":false},"excerpt":{"rendered":"<p>Volejbalisti VK Slovan Bratislava potvrdili svoju dominanciu v semifin\u00e1le Nik\u00e9 Slovensk\u00e9ho poh\u00e1ra mu\u017eov a stali sa prv\u00fdm finalistom s\u00fa\u0165a\u017ee. V odvete na palubovke Tatrana Slovensk\u00e1 \u013dup\u010da zv\u00ed\u0165azili presved\u010divo 3:0 a bez zav\u00e1hania nadviazali na rovnak\u00fd v\u00fdsledok z \u00favodn\u00e9ho stretnutia. &nbsp; Zverenci tr\u00e9nera R\u00f3berta P\u011bluchu vst\u00fapili do z\u00e1pasu koncentrovane a od \u00favodn\u00fdch v\u00fdmen si udr\u017eiavali hern\u00fa&#8230;<\/p>\n","protected":false},"author":3,"featured_media":48669,"comment_status":"closed","ping_status":"closed","sticky":false,"template":"","format":"standard","meta":{"_monsterinsights_skip_tracking":false,"_monsterinsights_sitenote_active":false,"_monsterinsights_sitenote_note":"","_monsterinsights_sitenote_category":0,"footnotes":""},"categories":[47],"tags":[],"class_list":["post-50016","post","type-post","status-publish","format-standard","has-post-thumbnail","hentry","category-muzi"],"yoast_head":"<!-- This site is optimized with the Yoast SEO plugin v25.6 - https:\/\/yoast.com\/wordpress\/plugins\/seo\/ -->\n<title>Slovan m\u00e1 fin\u00e1le, cie\u013e je jasn\u00fd - VK SLOVAN Bratislava<\/title>\n<meta name=\"robots\" content=\"index, follow, max-snippet:-1, max-image-preview:large, max-video-preview:-1\" \/>\n<link rel=\"canonical\" href=\"https:\/\/www.vkpbratislava.sk\/?p=50016\" \/>\n<meta property=\"og:locale\" content=\"sk_SK\" \/>\n<meta property=\"og:type\" content=\"article\" \/>\n<meta property=\"og:title\" content=\"Slovan m\u00e1 fin\u00e1le, cie\u013e je jasn\u00fd - VK SLOVAN Bratislava\" \/>\n<meta property=\"og:description\" content=\"Volejbalisti VK Slovan Bratislava potvrdili svoju dominanciu v semifin\u00e1le Nik\u00e9 Slovensk\u00e9ho poh\u00e1ra mu\u017eov a stali sa prv\u00fdm finalistom s\u00fa\u0165a\u017ee. V odvete na palubovke Tatrana Slovensk\u00e1 \u013dup\u010da zv\u00ed\u0165azili presved\u010divo 3:0 a bez zav\u00e1hania nadviazali na rovnak\u00fd v\u00fdsledok z \u00favodn\u00e9ho stretnutia. &nbsp; Zverenci tr\u00e9nera R\u00f3berta P\u011bluchu vst\u00fapili do z\u00e1pasu koncentrovane a od \u00favodn\u00fdch v\u00fdmen si udr\u017eiavali hern\u00fa...\" \/>\n<meta property=\"og:url\" content=\"https:\/\/www.vkpbratislava.sk\/?p=50016\" \/>\n<meta property=\"og:site_name\" content=\"VK SLOVAN Bratislava\" \/>\n<meta property=\"article:published_time\" content=\"2026-01-15T16:42:05+00:00\" \/>\n<meta property=\"article:modified_time\" content=\"2026-01-17T16:45:47+00:00\" \/>\n<meta property=\"og:image\" content=\"https:\/\/www.vkpbratislava.sk\/wp-content\/uploads\/2025\/12\/MS_20251210_CCSlovanvsHuizen-106-1280x853.jpg\" \/>\n\t<meta property=\"og:image:width\" content=\"1280\" \/>\n\t<meta property=\"og:image:height\" content=\"853\" \/>\n\t<meta property=\"og:image:type\" content=\"image\/jpeg\" \/>\n<meta name=\"author\" content=\"jenca\" \/>\n<meta name=\"twitter:card\" content=\"summary_large_image\" \/>\n<meta name=\"twitter:label1\" content=\"Autor\" \/>\n\t<meta name=\"twitter:data1\" content=\"jenca\" \/>\n\t<meta name=\"twitter:label2\" content=\"Predpokladan\u00fd \u010das \u010d\u00edtania\" \/>\n\t<meta name=\"twitter:data2\" content=\"1 min\u00fata\" \/>\n<script type=\"application\/ld+json\" class=\"yoast-schema-graph\">{\"@context\":\"https:\/\/schema.org\",\"@graph\":[{\"@type\":\"Article\",\"@id\":\"https:\/\/www.vkpbratislava.sk\/?p=50016#article\",\"isPartOf\":{\"@id\":\"https:\/\/www.vkpbratislava.sk\/?p=50016\"},\"author\":{\"name\":\"jenca\",\"@id\":\"https:\/\/www.vkpbratislava.sk\/#\/schema\/person\/7037e769f9515aa58493d1b5852c4c50\"},\"headline\":\"Slovan m\u00e1 fin\u00e1le, cie\u013e je jasn\u00fd\",\"datePublished\":\"2026-01-15T16:42:05+00:00\",\"dateModified\":\"2026-01-17T16:45:47+00:00\",\"mainEntityOfPage\":{\"@id\":\"https:\/\/www.vkpbratislava.sk\/?p=50016\"},\"wordCount\":518,\"publisher\":{\"@id\":\"https:\/\/www.vkpbratislava.sk\/#organization\"},\"image\":{\"@id\":\"https:\/\/www.vkpbratislava.sk\/?p=50016#primaryimage\"},\"thumbnailUrl\":\"https:\/\/www.vkpbratislava.sk\/wp-content\/uploads\/2025\/12\/MS_20251210_CCSlovanvsHuizen-106.jpg\",\"articleSection\":[\"Mu\u017ei\"],\"inLanguage\":\"sk-SK\"},{\"@type\":\"WebPage\",\"@id\":\"https:\/\/www.vkpbratislava.sk\/?p=50016\",\"url\":\"https:\/\/www.vkpbratislava.sk\/?p=50016\",\"name\":\"Slovan m\u00e1 fin\u00e1le, cie\u013e je jasn\u00fd - VK SLOVAN Bratislava\",\"isPartOf\":{\"@id\":\"https:\/\/www.vkpbratislava.sk\/#website\"},\"primaryImageOfPage\":{\"@id\":\"https:\/\/www.vkpbratislava.sk\/?p=50016#primaryimage\"},\"image\":{\"@id\":\"https:\/\/www.vkpbratislava.sk\/?p=50016#primaryimage\"},\"thumbnailUrl\":\"https:\/\/www.vkpbratislava.sk\/wp-content\/uploads\/2025\/12\/MS_20251210_CCSlovanvsHuizen-106.jpg\",\"datePublished\":\"2026-01-15T16:42:05+00:00\",\"dateModified\":\"2026-01-17T16:45:47+00:00\",\"breadcrumb\":{\"@id\":\"https:\/\/www.vkpbratislava.sk\/?p=50016#breadcrumb\"},\"inLanguage\":\"sk-SK\",\"potentialAction\":[{\"@type\":\"ReadAction\",\"target\":[\"https:\/\/www.vkpbratislava.sk\/?p=50016\"]}]},{\"@type\":\"ImageObject\",\"inLanguage\":\"sk-SK\",\"@id\":\"https:\/\/www.vkpbratislava.sk\/?p=50016#primaryimage\",\"url\":\"https:\/\/www.vkpbratislava.sk\/wp-content\/uploads\/2025\/12\/MS_20251210_CCSlovanvsHuizen-106.jpg\",\"contentUrl\":\"https:\/\/www.vkpbratislava.sk\/wp-content\/uploads\/2025\/12\/MS_20251210_CCSlovanvsHuizen-106.jpg\",\"width\":2048,\"height\":1365},{\"@type\":\"BreadcrumbList\",\"@id\":\"https:\/\/www.vkpbratislava.sk\/?p=50016#breadcrumb\",\"itemListElement\":[{\"@type\":\"ListItem\",\"position\":1,\"name\":\"Domov\",\"item\":\"https:\/\/www.vkpbratislava.sk\/\"},{\"@type\":\"ListItem\",\"position\":2,\"name\":\"Slovan m\u00e1 fin\u00e1le, cie\u013e je jasn\u00fd\"}]},{\"@type\":\"WebSite\",\"@id\":\"https:\/\/www.vkpbratislava.sk\/#website\",\"url\":\"https:\/\/www.vkpbratislava.sk\/\",\"name\":\"VK SLOVAN Bratislava\",\"description\":\"Volejbalov\u00fd klub\",\"publisher\":{\"@id\":\"https:\/\/www.vkpbratislava.sk\/#organization\"},\"potentialAction\":[{\"@type\":\"SearchAction\",\"target\":{\"@type\":\"EntryPoint\",\"urlTemplate\":\"https:\/\/www.vkpbratislava.sk\/?s={search_term_string}\"},\"query-input\":{\"@type\":\"PropertyValueSpecification\",\"valueRequired\":true,\"valueName\":\"search_term_string\"}}],\"inLanguage\":\"sk-SK\"},{\"@type\":\"Organization\",\"@id\":\"https:\/\/www.vkpbratislava.sk\/#organization\",\"name\":\"VKP Bratislava\",\"url\":\"https:\/\/www.vkpbratislava.sk\/\",\"logo\":{\"@type\":\"ImageObject\",\"inLanguage\":\"sk-SK\",\"@id\":\"https:\/\/www.vkpbratislava.sk\/#\/schema\/logo\/image\/\",\"url\":\"https:\/\/www.vkpbratislava.sk\/wp-content\/uploads\/2020\/10\/vkpBA.png\",\"contentUrl\":\"https:\/\/www.vkpbratislava.sk\/wp-content\/uploads\/2020\/10\/vkpBA.png\",\"width\":600,\"height\":600,\"caption\":\"VKP Bratislava\"},\"image\":{\"@id\":\"https:\/\/www.vkpbratislava.sk\/#\/schema\/logo\/image\/\"}},{\"@type\":\"Person\",\"@id\":\"https:\/\/www.vkpbratislava.sk\/#\/schema\/person\/7037e769f9515aa58493d1b5852c4c50\",\"name\":\"jenca\",\"image\":{\"@type\":\"ImageObject\",\"inLanguage\":\"sk-SK\",\"@id\":\"https:\/\/www.vkpbratislava.sk\/#\/schema\/person\/image\/\",\"url\":\"https:\/\/secure.gravatar.com\/avatar\/67aa89e9aab2911bbd0c6fbf0a891ea8d80c207c9b6a6e2c96e13fc2f16e536d?s=96&d=mm&r=g\",\"contentUrl\":\"https:\/\/secure.gravatar.com\/avatar\/67aa89e9aab2911bbd0c6fbf0a891ea8d80c207c9b6a6e2c96e13fc2f16e536d?s=96&d=mm&r=g\",\"caption\":\"jenca\"},\"url\":\"https:\/\/www.vkpbratislava.sk\/?author=3\"}]}<\/script>\n<!-- \/ Yoast SEO plugin. -->","yoast_head_json":{"title":"Slovan m\u00e1 fin\u00e1le, cie\u013e je jasn\u00fd - VK SLOVAN Bratislava","robots":{"index":"index","follow":"follow","max-snippet":"max-snippet:-1","max-image-preview":"max-image-preview:large","max-video-preview":"max-video-preview:-1"},"canonical":"https:\/\/www.vkpbratislava.sk\/?p=50016","og_locale":"sk_SK","og_type":"article","og_title":"Slovan m\u00e1 fin\u00e1le, cie\u013e je jasn\u00fd - VK SLOVAN Bratislava","og_description":"Volejbalisti VK Slovan Bratislava potvrdili svoju dominanciu v semifin\u00e1le Nik\u00e9 Slovensk\u00e9ho poh\u00e1ra mu\u017eov a stali sa prv\u00fdm finalistom s\u00fa\u0165a\u017ee. V odvete na palubovke Tatrana Slovensk\u00e1 \u013dup\u010da zv\u00ed\u0165azili presved\u010divo 3:0 a bez zav\u00e1hania nadviazali na rovnak\u00fd v\u00fdsledok z \u00favodn\u00e9ho stretnutia. &nbsp; Zverenci tr\u00e9nera R\u00f3berta P\u011bluchu vst\u00fapili do z\u00e1pasu koncentrovane a od \u00favodn\u00fdch v\u00fdmen si udr\u017eiavali hern\u00fa...","og_url":"https:\/\/www.vkpbratislava.sk\/?p=50016","og_site_name":"VK SLOVAN Bratislava","article_published_time":"2026-01-15T16:42:05+00:00","article_modified_time":"2026-01-17T16:45:47+00:00","og_image":[{"width":1280,"height":853,"url":"https:\/\/www.vkpbratislava.sk\/wp-content\/uploads\/2025\/12\/MS_20251210_CCSlovanvsHuizen-106-1280x853.jpg","type":"image\/jpeg"}],"author":"jenca","twitter_card":"summary_large_image","twitter_misc":{"Autor":"jenca","Predpokladan\u00fd \u010das \u010d\u00edtania":"1 min\u00fata"},"schema":{"@context":"https:\/\/schema.org","@graph":[{"@type":"Article","@id":"https:\/\/www.vkpbratislava.sk\/?p=50016#article","isPartOf":{"@id":"https:\/\/www.vkpbratislava.sk\/?p=50016"},"author":{"name":"jenca","@id":"https:\/\/www.vkpbratislava.sk\/#\/schema\/person\/7037e769f9515aa58493d1b5852c4c50"},"headline":"Slovan m\u00e1 fin\u00e1le, cie\u013e je jasn\u00fd","datePublished":"2026-01-15T16:42:05+00:00","dateModified":"2026-01-17T16:45:47+00:00","mainEntityOfPage":{"@id":"https:\/\/www.vkpbratislava.sk\/?p=50016"},"wordCount":518,"publisher":{"@id":"https:\/\/www.vkpbratislava.sk\/#organization"},"image":{"@id":"https:\/\/www.vkpbratislava.sk\/?p=50016#primaryimage"},"thumbnailUrl":"https:\/\/www.vkpbratislava.sk\/wp-content\/uploads\/2025\/12\/MS_20251210_CCSlovanvsHuizen-106.jpg","articleSection":["Mu\u017ei"],"inLanguage":"sk-SK"},{"@type":"WebPage","@id":"https:\/\/www.vkpbratislava.sk\/?p=50016","url":"https:\/\/www.vkpbratislava.sk\/?p=50016","name":"Slovan m\u00e1 fin\u00e1le, cie\u013e je jasn\u00fd - VK SLOVAN Bratislava","isPartOf":{"@id":"https:\/\/www.vkpbratislava.sk\/#website"},"primaryImageOfPage":{"@id":"https:\/\/www.vkpbratislava.sk\/?p=50016#primaryimage"},"image":{"@id":"https:\/\/www.vkpbratislava.sk\/?p=50016#primaryimage"},"thumbnailUrl":"https:\/\/www.vkpbratislava.sk\/wp-content\/uploads\/2025\/12\/MS_20251210_CCSlovanvsHuizen-106.jpg","datePublished":"2026-01-15T16:42:05+00:00","dateModified":"2026-01-17T16:45:47+00:00","breadcrumb":{"@id":"https:\/\/www.vkpbratislava.sk\/?p=50016#breadcrumb"},"inLanguage":"sk-SK","potentialAction":[{"@type":"ReadAction","target":["https:\/\/www.vkpbratislava.sk\/?p=50016"]}]},{"@type":"ImageObject","inLanguage":"sk-SK","@id":"https:\/\/www.vkpbratislava.sk\/?p=50016#primaryimage","url":"https:\/\/www.vkpbratislava.sk\/wp-content\/uploads\/2025\/12\/MS_20251210_CCSlovanvsHuizen-106.jpg","contentUrl":"https:\/\/www.vkpbratislava.sk\/wp-content\/uploads\/2025\/12\/MS_20251210_CCSlovanvsHuizen-106.jpg","width":2048,"height":1365},{"@type":"BreadcrumbList","@id":"https:\/\/www.vkpbratislava.sk\/?p=50016#breadcrumb","itemListElement":[{"@type":"ListItem","position":1,"name":"Domov","item":"https:\/\/www.vkpbratislava.sk\/"},{"@type":"ListItem","position":2,"name":"Slovan m\u00e1 fin\u00e1le, cie\u013e je jasn\u00fd"}]},{"@type":"WebSite","@id":"https:\/\/www.vkpbratislava.sk\/#website","url":"https:\/\/www.vkpbratislava.sk\/","name":"VK SLOVAN Bratislava","description":"Volejbalov\u00fd klub","publisher":{"@id":"https:\/\/www.vkpbratislava.sk\/#organization"},"potentialAction":[{"@type":"SearchAction","target":{"@type":"EntryPoint","urlTemplate":"https:\/\/www.vkpbratislava.sk\/?s={search_term_string}"},"query-input":{"@type":"PropertyValueSpecification","valueRequired":true,"valueName":"search_term_string"}}],"inLanguage":"sk-SK"},{"@type":"Organization","@id":"https:\/\/www.vkpbratislava.sk\/#organization","name":"VKP Bratislava","url":"https:\/\/www.vkpbratislava.sk\/","logo":{"@type":"ImageObject","inLanguage":"sk-SK","@id":"https:\/\/www.vkpbratislava.sk\/#\/schema\/logo\/image\/","url":"https:\/\/www.vkpbratislava.sk\/wp-content\/uploads\/2020\/10\/vkpBA.png","contentUrl":"https:\/\/www.vkpbratislava.sk\/wp-content\/uploads\/2020\/10\/vkpBA.png","width":600,"height":600,"caption":"VKP Bratislava"},"image":{"@id":"https:\/\/www.vkpbratislava.sk\/#\/schema\/logo\/image\/"}},{"@type":"Person","@id":"https:\/\/www.vkpbratislava.sk\/#\/schema\/person\/7037e769f9515aa58493d1b5852c4c50","name":"jenca","image":{"@type":"ImageObject","inLanguage":"sk-SK","@id":"https:\/\/www.vkpbratislava.sk\/#\/schema\/person\/image\/","url":"https:\/\/secure.gravatar.com\/avatar\/67aa89e9aab2911bbd0c6fbf0a891ea8d80c207c9b6a6e2c96e13fc2f16e536d?s=96&d=mm&r=g","contentUrl":"https:\/\/secure.gravatar.com\/avatar\/67aa89e9aab2911bbd0c6fbf0a891ea8d80c207c9b6a6e2c96e13fc2f16e536d?s=96&d=mm&r=g","caption":"jenca"},"url":"https:\/\/www.vkpbratislava.sk\/?author=3"}]}},"_links":{"self":[{"href":"https:\/\/www.vkpbratislava.sk\/index.php?rest_route=\/wp\/v2\/posts\/50016","targetHints":{"allow":["GET"]}}],"collection":[{"href":"https:\/\/www.vkpbratislava.sk\/index.php?rest_route=\/wp\/v2\/posts"}],"about":[{"href":"https:\/\/www.vkpbratislava.sk\/index.php?rest_route=\/wp\/v2\/types\/post"}],"author":[{"embeddable":true,"href":"https:\/\/www.vkpbratislava.sk\/index.php?rest_route=\/wp\/v2\/users\/3"}],"replies":[{"embeddable":true,"href":"https:\/\/www.vkpbratislava.sk\/index.php?rest_route=%2Fwp%2Fv2%2Fcomments&post=50016"}],"version-history":[{"count":1,"href":"https:\/\/www.vkpbratislava.sk\/index.php?rest_route=\/wp\/v2\/posts\/50016\/revisions"}],"predecessor-version":[{"id":50018,"href":"https:\/\/www.vkpbratislava.sk\/index.php?rest_route=\/wp\/v2\/posts\/50016\/revisions\/50018"}],"wp:featuredmedia":[{"embeddable":true,"href":"https:\/\/www.vkpbratislava.sk\/index.php?rest_route=\/wp\/v2\/media\/48669"}],"wp:attachment":[{"href":"https:\/\/www.vkpbratislava.sk\/index.php?rest_route=%2Fwp%2Fv2%2Fmedia&parent=50016"}],"wp:term":[{"taxonomy":"category","embeddable":true,"href":"https:\/\/www.vkpbratislava.sk\/index.php?rest_route=%2Fwp%2Fv2%2Fcategories&post=50016"},{"taxonomy":"post_tag","embeddable":true,"href":"https:\/\/www.vkpbratislava.sk\/index.php?rest_route=%2Fwp%2Fv2%2Ftags&post=50016"}],"curies":[{"name":"wp","href":"https:\/\/api.w.org\/{rel}","templated":true}]}}