{"id":50084,"date":"2026-01-17T22:53:28","date_gmt":"2026-01-17T21:53:28","guid":{"rendered":"https:\/\/www.vkpbratislava.sk\/?p=50084"},"modified":"2026-01-17T23:12:59","modified_gmt":"2026-01-17T22:12:59","slug":"pavel-bernath-hrali-sme-s-chutou-a-koncentrovane","status":"publish","type":"post","link":"https:\/\/www.vkpbratislava.sk\/?p=50084","title":{"rendered":"Pavel Bern\u00e1th: Hrali sme s chu\u0165ou a koncentrovane"},"content":{"rendered":"<p><strong>Volejbalistky VK Slovan Bratislava sa po prvej extraligovej prehre sez\u00f3ny dok\u00e1zali r\u00fdchlo vr\u00e1ti\u0165 na v\u00ed\u0165azn\u00fa vlnu. V 15. kole z\u00e1kladnej \u010dasti Nik\u00e9 Extraligy \u017eien pred dom\u00e1cim publikom zvl\u00e1dli duel proti Pezinku a po koncentrovanom v\u00fdkone zv\u00ed\u0165azili hladko 3:0.<\/strong><\/p>\n<p>&nbsp;<\/p>\n<p>K\u00a0z\u00e1pasu sa vyjadril Pavel Bern\u00e1th, tr\u00e9ner VK Slovan: <strong>\u201ePo stredaj\u0161om z\u00e1pase sme trochu obmenili zostavu, aby sme hrali s chu\u0165ou. Po\u010das cel\u00e9ho z\u00e1pasu sme museli udr\u017ea\u0165 koncentr\u00e1ciu, \u010do sa n\u00e1m v z\u00e1sade aj podarilo a v podstate \u013eahko sme vyhrali 3:0. Tak\u017ee fajn.\u201c<\/strong><\/p>\n<p><strong>\u201eSpokojn\u00fd m\u00f4\u017eem by\u0165 s bojovnos\u0165ou a pr\u00edstupom k z\u00e1pasu. Bolo jasn\u00e9, kto je favorit a od za\u010diatku to bolo aj vidie\u0165,\u201c <\/strong>dodal Patrik \u0160elep, tr\u00e9ner \u0160VK.<\/p>\n<p>&nbsp;<\/p>\n<p><img loading=\"lazy\" decoding=\"async\" class=\"alignnone size-full wp-image-50085\" src=\"https:\/\/www.vkpbratislava.sk\/wp-content\/uploads\/2026\/01\/IMG-20260117-WA0000.jpg\" alt=\"\" width=\"2032\" height=\"2048\" srcset=\"https:\/\/www.vkpbratislava.sk\/wp-content\/uploads\/2026\/01\/IMG-20260117-WA0000.jpg 2032w, https:\/\/www.vkpbratislava.sk\/wp-content\/uploads\/2026\/01\/IMG-20260117-WA0000-640x645.jpg 640w, https:\/\/www.vkpbratislava.sk\/wp-content\/uploads\/2026\/01\/IMG-20260117-WA0000-1280x1290.jpg 1280w, https:\/\/www.vkpbratislava.sk\/wp-content\/uploads\/2026\/01\/IMG-20260117-WA0000-160x160.jpg 160w, https:\/\/www.vkpbratislava.sk\/wp-content\/uploads\/2026\/01\/IMG-20260117-WA0000-768x774.jpg 768w, https:\/\/www.vkpbratislava.sk\/wp-content\/uploads\/2026\/01\/IMG-20260117-WA0000-1524x1536.jpg 1524w, https:\/\/www.vkpbratislava.sk\/wp-content\/uploads\/2026\/01\/IMG-20260117-WA0000-320x323.jpg 320w, https:\/\/www.vkpbratislava.sk\/wp-content\/uploads\/2026\/01\/IMG-20260117-WA0000-600x605.jpg 600w, https:\/\/www.vkpbratislava.sk\/wp-content\/uploads\/2026\/01\/IMG-20260117-WA0000-100x100.jpg 100w\" sizes=\"auto, (max-width: 2032px) 100vw, 2032px\" \/><\/p>\n<p>&nbsp;<\/p>\n<p><strong>Nik\u00e9 Extraliga \u017eeny \u2013 z\u00e1kladn\u00e1 \u010das\u0165 &#8211; 15. kolo \u2013 sobota:<\/strong><\/p>\n<p><strong>VK Slovan Bratislava &#8211; \u0160VK Pezinok 3:0 (16, 10, 14)<\/strong><\/p>\n<p><strong>Hr\u00e1\u010dky z\u00e1pasu:<\/strong> Sara Wagner (VK Slovan Bratislava) \u2013 Veronika Koll\u00e1rikov\u00e1 (\u0160VK Pezinok)<\/p>\n<p><strong>VK SLOVAN:<\/strong> Smie\u0161kov\u00e1 3, Brewster 4, Wagner 13, Massari 16, Palkovi\u010dov\u00e1 7, R. Hudecov\u00e1 4, liberka \u010cavojsk\u00e1 (Paz\u00farikov\u00e1 0, A. N\u00e1vratov\u00e1 2). Tr\u00e9ner: P. Bern\u00e1th.<\/p>\n<p><strong>\u0160VK:<\/strong> Burdanov\u00e1 1, Kujovi\u010dov\u00e1 4, Koll\u00e1rikov\u00e1 7, Rarigov\u00e1 4, Rybani\u010dov\u00e1 4, \u00daradn\u00ed\u010dkov\u00e1 8, liberka Borkaov\u00e1 (\u013d. P\u00edse\u010dn\u00e1 0, Jur\u00edkov\u00e1 0, Keszeghov\u00e1 0, Bir\u010d\u00e1kov\u00e1 0). Tr\u00e9ner: P. \u0160elep.<\/p>\n<p><strong>Rozhodovali:<\/strong> Jur\u00e1\u010dek a Schimpl \u2013 148 div\u00e1kov.<\/p>\n<p>&nbsp;<\/p>\n<p>Zdroj: VK Slovan, svf<\/p>\n<p>&nbsp;<\/p>\n<p>&nbsp;<\/p>\n","protected":false},"excerpt":{"rendered":"<p>Volejbalistky VK Slovan Bratislava sa po prvej extraligovej prehre sez\u00f3ny dok\u00e1zali r\u00fdchlo vr\u00e1ti\u0165 na v\u00ed\u0165azn\u00fa vlnu. V 15. kole z\u00e1kladnej \u010dasti Nik\u00e9 Extraligy \u017eien pred dom\u00e1cim publikom zvl\u00e1dli duel proti Pezinku a po koncentrovanom v\u00fdkone zv\u00ed\u0165azili hladko 3:0. &nbsp; K\u00a0z\u00e1pasu sa vyjadril Pavel Bern\u00e1th, tr\u00e9ner VK Slovan: \u201ePo stredaj\u0161om z\u00e1pase sme trochu obmenili zostavu, aby&#8230;<\/p>\n","protected":false},"author":3,"featured_media":50046,"comment_status":"closed","ping_status":"closed","sticky":false,"template":"","format":"standard","meta":{"_monsterinsights_skip_tracking":false,"_monsterinsights_sitenote_active":false,"_monsterinsights_sitenote_note":"","_monsterinsights_sitenote_category":0,"footnotes":""},"categories":[48],"tags":[],"class_list":["post-50084","post","type-post","status-publish","format-standard","has-post-thumbnail","hentry","category-zeny"],"yoast_head":"<!-- This site is optimized with the Yoast SEO plugin v25.6 - https:\/\/yoast.com\/wordpress\/plugins\/seo\/ -->\n<title>Pavel Bern\u00e1th: Hrali sme s chu\u0165ou a koncentrovane - VK SLOVAN Bratislava<\/title>\n<meta name=\"robots\" content=\"index, follow, max-snippet:-1, max-image-preview:large, max-video-preview:-1\" \/>\n<link rel=\"canonical\" href=\"https:\/\/www.vkpbratislava.sk\/?p=50084\" \/>\n<meta property=\"og:locale\" content=\"sk_SK\" \/>\n<meta property=\"og:type\" content=\"article\" \/>\n<meta property=\"og:title\" content=\"Pavel Bern\u00e1th: Hrali sme s chu\u0165ou a koncentrovane - VK SLOVAN Bratislava\" \/>\n<meta property=\"og:description\" content=\"Volejbalistky VK Slovan Bratislava sa po prvej extraligovej prehre sez\u00f3ny dok\u00e1zali r\u00fdchlo vr\u00e1ti\u0165 na v\u00ed\u0165azn\u00fa vlnu. V 15. kole z\u00e1kladnej \u010dasti Nik\u00e9 Extraligy \u017eien pred dom\u00e1cim publikom zvl\u00e1dli duel proti Pezinku a po koncentrovanom v\u00fdkone zv\u00ed\u0165azili hladko 3:0. &nbsp; K\u00a0z\u00e1pasu sa vyjadril Pavel Bern\u00e1th, tr\u00e9ner VK Slovan: \u201ePo stredaj\u0161om z\u00e1pase sme trochu obmenili zostavu, aby...\" \/>\n<meta property=\"og:url\" content=\"https:\/\/www.vkpbratislava.sk\/?p=50084\" \/>\n<meta property=\"og:site_name\" content=\"VK SLOVAN Bratislava\" \/>\n<meta property=\"article:published_time\" content=\"2026-01-17T21:53:28+00:00\" \/>\n<meta property=\"article:modified_time\" content=\"2026-01-17T22:12:59+00:00\" \/>\n<meta property=\"og:image\" content=\"https:\/\/www.vkpbratislava.sk\/wp-content\/uploads\/2026\/01\/DSC03022-scaled.jpg\" \/>\n\t<meta property=\"og:image:width\" content=\"2560\" \/>\n\t<meta property=\"og:image:height\" content=\"1707\" \/>\n\t<meta property=\"og:image:type\" content=\"image\/jpeg\" \/>\n<meta name=\"author\" content=\"jenca\" \/>\n<meta name=\"twitter:card\" content=\"summary_large_image\" \/>\n<meta name=\"twitter:label1\" content=\"Autor\" \/>\n\t<meta name=\"twitter:data1\" content=\"jenca\" \/>\n\t<meta name=\"twitter:label2\" content=\"Predpokladan\u00fd \u010das \u010d\u00edtania\" \/>\n\t<meta name=\"twitter:data2\" content=\"2 min\u00faty\" \/>\n<script type=\"application\/ld+json\" class=\"yoast-schema-graph\">{\"@context\":\"https:\/\/schema.org\",\"@graph\":[{\"@type\":\"Article\",\"@id\":\"https:\/\/www.vkpbratislava.sk\/?p=50084#article\",\"isPartOf\":{\"@id\":\"https:\/\/www.vkpbratislava.sk\/?p=50084\"},\"author\":{\"name\":\"jenca\",\"@id\":\"https:\/\/www.vkpbratislava.sk\/#\/schema\/person\/7037e769f9515aa58493d1b5852c4c50\"},\"headline\":\"Pavel Bern\u00e1th: Hrali sme s chu\u0165ou a koncentrovane\",\"datePublished\":\"2026-01-17T21:53:28+00:00\",\"dateModified\":\"2026-01-17T22:12:59+00:00\",\"mainEntityOfPage\":{\"@id\":\"https:\/\/www.vkpbratislava.sk\/?p=50084\"},\"wordCount\":239,\"publisher\":{\"@id\":\"https:\/\/www.vkpbratislava.sk\/#organization\"},\"image\":{\"@id\":\"https:\/\/www.vkpbratislava.sk\/?p=50084#primaryimage\"},\"thumbnailUrl\":\"https:\/\/www.vkpbratislava.sk\/wp-content\/uploads\/2026\/01\/DSC03022-scaled.jpg\",\"articleSection\":[\"\u017deny\"],\"inLanguage\":\"sk-SK\"},{\"@type\":\"WebPage\",\"@id\":\"https:\/\/www.vkpbratislava.sk\/?p=50084\",\"url\":\"https:\/\/www.vkpbratislava.sk\/?p=50084\",\"name\":\"Pavel Bern\u00e1th: Hrali sme s chu\u0165ou a koncentrovane - VK SLOVAN Bratislava\",\"isPartOf\":{\"@id\":\"https:\/\/www.vkpbratislava.sk\/#website\"},\"primaryImageOfPage\":{\"@id\":\"https:\/\/www.vkpbratislava.sk\/?p=50084#primaryimage\"},\"image\":{\"@id\":\"https:\/\/www.vkpbratislava.sk\/?p=50084#primaryimage\"},\"thumbnailUrl\":\"https:\/\/www.vkpbratislava.sk\/wp-content\/uploads\/2026\/01\/DSC03022-scaled.jpg\",\"datePublished\":\"2026-01-17T21:53:28+00:00\",\"dateModified\":\"2026-01-17T22:12:59+00:00\",\"breadcrumb\":{\"@id\":\"https:\/\/www.vkpbratislava.sk\/?p=50084#breadcrumb\"},\"inLanguage\":\"sk-SK\",\"potentialAction\":[{\"@type\":\"ReadAction\",\"target\":[\"https:\/\/www.vkpbratislava.sk\/?p=50084\"]}]},{\"@type\":\"ImageObject\",\"inLanguage\":\"sk-SK\",\"@id\":\"https:\/\/www.vkpbratislava.sk\/?p=50084#primaryimage\",\"url\":\"https:\/\/www.vkpbratislava.sk\/wp-content\/uploads\/2026\/01\/DSC03022-scaled.jpg\",\"contentUrl\":\"https:\/\/www.vkpbratislava.sk\/wp-content\/uploads\/2026\/01\/DSC03022-scaled.jpg\",\"width\":2560,\"height\":1707},{\"@type\":\"BreadcrumbList\",\"@id\":\"https:\/\/www.vkpbratislava.sk\/?p=50084#breadcrumb\",\"itemListElement\":[{\"@type\":\"ListItem\",\"position\":1,\"name\":\"Domov\",\"item\":\"https:\/\/www.vkpbratislava.sk\/\"},{\"@type\":\"ListItem\",\"position\":2,\"name\":\"Pavel Bern\u00e1th: Hrali sme s chu\u0165ou a koncentrovane\"}]},{\"@type\":\"WebSite\",\"@id\":\"https:\/\/www.vkpbratislava.sk\/#website\",\"url\":\"https:\/\/www.vkpbratislava.sk\/\",\"name\":\"VK SLOVAN Bratislava\",\"description\":\"Volejbalov\u00fd klub\",\"publisher\":{\"@id\":\"https:\/\/www.vkpbratislava.sk\/#organization\"},\"potentialAction\":[{\"@type\":\"SearchAction\",\"target\":{\"@type\":\"EntryPoint\",\"urlTemplate\":\"https:\/\/www.vkpbratislava.sk\/?s={search_term_string}\"},\"query-input\":{\"@type\":\"PropertyValueSpecification\",\"valueRequired\":true,\"valueName\":\"search_term_string\"}}],\"inLanguage\":\"sk-SK\"},{\"@type\":\"Organization\",\"@id\":\"https:\/\/www.vkpbratislava.sk\/#organization\",\"name\":\"VKP Bratislava\",\"url\":\"https:\/\/www.vkpbratislava.sk\/\",\"logo\":{\"@type\":\"ImageObject\",\"inLanguage\":\"sk-SK\",\"@id\":\"https:\/\/www.vkpbratislava.sk\/#\/schema\/logo\/image\/\",\"url\":\"https:\/\/www.vkpbratislava.sk\/wp-content\/uploads\/2020\/10\/vkpBA.png\",\"contentUrl\":\"https:\/\/www.vkpbratislava.sk\/wp-content\/uploads\/2020\/10\/vkpBA.png\",\"width\":600,\"height\":600,\"caption\":\"VKP Bratislava\"},\"image\":{\"@id\":\"https:\/\/www.vkpbratislava.sk\/#\/schema\/logo\/image\/\"}},{\"@type\":\"Person\",\"@id\":\"https:\/\/www.vkpbratislava.sk\/#\/schema\/person\/7037e769f9515aa58493d1b5852c4c50\",\"name\":\"jenca\",\"image\":{\"@type\":\"ImageObject\",\"inLanguage\":\"sk-SK\",\"@id\":\"https:\/\/www.vkpbratislava.sk\/#\/schema\/person\/image\/\",\"url\":\"https:\/\/secure.gravatar.com\/avatar\/67aa89e9aab2911bbd0c6fbf0a891ea8d80c207c9b6a6e2c96e13fc2f16e536d?s=96&d=mm&r=g\",\"contentUrl\":\"https:\/\/secure.gravatar.com\/avatar\/67aa89e9aab2911bbd0c6fbf0a891ea8d80c207c9b6a6e2c96e13fc2f16e536d?s=96&d=mm&r=g\",\"caption\":\"jenca\"},\"url\":\"https:\/\/www.vkpbratislava.sk\/?author=3\"}]}<\/script>\n<!-- \/ Yoast SEO plugin. -->","yoast_head_json":{"title":"Pavel Bern\u00e1th: Hrali sme s chu\u0165ou a koncentrovane - VK SLOVAN Bratislava","robots":{"index":"index","follow":"follow","max-snippet":"max-snippet:-1","max-image-preview":"max-image-preview:large","max-video-preview":"max-video-preview:-1"},"canonical":"https:\/\/www.vkpbratislava.sk\/?p=50084","og_locale":"sk_SK","og_type":"article","og_title":"Pavel Bern\u00e1th: Hrali sme s chu\u0165ou a koncentrovane - VK SLOVAN Bratislava","og_description":"Volejbalistky VK Slovan Bratislava sa po prvej extraligovej prehre sez\u00f3ny dok\u00e1zali r\u00fdchlo vr\u00e1ti\u0165 na v\u00ed\u0165azn\u00fa vlnu. V 15. kole z\u00e1kladnej \u010dasti Nik\u00e9 Extraligy \u017eien pred dom\u00e1cim publikom zvl\u00e1dli duel proti Pezinku a po koncentrovanom v\u00fdkone zv\u00ed\u0165azili hladko 3:0. &nbsp; K\u00a0z\u00e1pasu sa vyjadril Pavel Bern\u00e1th, tr\u00e9ner VK Slovan: \u201ePo stredaj\u0161om z\u00e1pase sme trochu obmenili zostavu, aby...","og_url":"https:\/\/www.vkpbratislava.sk\/?p=50084","og_site_name":"VK SLOVAN Bratislava","article_published_time":"2026-01-17T21:53:28+00:00","article_modified_time":"2026-01-17T22:12:59+00:00","og_image":[{"width":2560,"height":1707,"url":"https:\/\/www.vkpbratislava.sk\/wp-content\/uploads\/2026\/01\/DSC03022-scaled.jpg","type":"image\/jpeg"}],"author":"jenca","twitter_card":"summary_large_image","twitter_misc":{"Autor":"jenca","Predpokladan\u00fd \u010das \u010d\u00edtania":"2 min\u00faty"},"schema":{"@context":"https:\/\/schema.org","@graph":[{"@type":"Article","@id":"https:\/\/www.vkpbratislava.sk\/?p=50084#article","isPartOf":{"@id":"https:\/\/www.vkpbratislava.sk\/?p=50084"},"author":{"name":"jenca","@id":"https:\/\/www.vkpbratislava.sk\/#\/schema\/person\/7037e769f9515aa58493d1b5852c4c50"},"headline":"Pavel Bern\u00e1th: Hrali sme s chu\u0165ou a koncentrovane","datePublished":"2026-01-17T21:53:28+00:00","dateModified":"2026-01-17T22:12:59+00:00","mainEntityOfPage":{"@id":"https:\/\/www.vkpbratislava.sk\/?p=50084"},"wordCount":239,"publisher":{"@id":"https:\/\/www.vkpbratislava.sk\/#organization"},"image":{"@id":"https:\/\/www.vkpbratislava.sk\/?p=50084#primaryimage"},"thumbnailUrl":"https:\/\/www.vkpbratislava.sk\/wp-content\/uploads\/2026\/01\/DSC03022-scaled.jpg","articleSection":["\u017deny"],"inLanguage":"sk-SK"},{"@type":"WebPage","@id":"https:\/\/www.vkpbratislava.sk\/?p=50084","url":"https:\/\/www.vkpbratislava.sk\/?p=50084","name":"Pavel Bern\u00e1th: Hrali sme s chu\u0165ou a koncentrovane - VK SLOVAN Bratislava","isPartOf":{"@id":"https:\/\/www.vkpbratislava.sk\/#website"},"primaryImageOfPage":{"@id":"https:\/\/www.vkpbratislava.sk\/?p=50084#primaryimage"},"image":{"@id":"https:\/\/www.vkpbratislava.sk\/?p=50084#primaryimage"},"thumbnailUrl":"https:\/\/www.vkpbratislava.sk\/wp-content\/uploads\/2026\/01\/DSC03022-scaled.jpg","datePublished":"2026-01-17T21:53:28+00:00","dateModified":"2026-01-17T22:12:59+00:00","breadcrumb":{"@id":"https:\/\/www.vkpbratislava.sk\/?p=50084#breadcrumb"},"inLanguage":"sk-SK","potentialAction":[{"@type":"ReadAction","target":["https:\/\/www.vkpbratislava.sk\/?p=50084"]}]},{"@type":"ImageObject","inLanguage":"sk-SK","@id":"https:\/\/www.vkpbratislava.sk\/?p=50084#primaryimage","url":"https:\/\/www.vkpbratislava.sk\/wp-content\/uploads\/2026\/01\/DSC03022-scaled.jpg","contentUrl":"https:\/\/www.vkpbratislava.sk\/wp-content\/uploads\/2026\/01\/DSC03022-scaled.jpg","width":2560,"height":1707},{"@type":"BreadcrumbList","@id":"https:\/\/www.vkpbratislava.sk\/?p=50084#breadcrumb","itemListElement":[{"@type":"ListItem","position":1,"name":"Domov","item":"https:\/\/www.vkpbratislava.sk\/"},{"@type":"ListItem","position":2,"name":"Pavel Bern\u00e1th: Hrali sme s chu\u0165ou a koncentrovane"}]},{"@type":"WebSite","@id":"https:\/\/www.vkpbratislava.sk\/#website","url":"https:\/\/www.vkpbratislava.sk\/","name":"VK SLOVAN Bratislava","description":"Volejbalov\u00fd klub","publisher":{"@id":"https:\/\/www.vkpbratislava.sk\/#organization"},"potentialAction":[{"@type":"SearchAction","target":{"@type":"EntryPoint","urlTemplate":"https:\/\/www.vkpbratislava.sk\/?s={search_term_string}"},"query-input":{"@type":"PropertyValueSpecification","valueRequired":true,"valueName":"search_term_string"}}],"inLanguage":"sk-SK"},{"@type":"Organization","@id":"https:\/\/www.vkpbratislava.sk\/#organization","name":"VKP Bratislava","url":"https:\/\/www.vkpbratislava.sk\/","logo":{"@type":"ImageObject","inLanguage":"sk-SK","@id":"https:\/\/www.vkpbratislava.sk\/#\/schema\/logo\/image\/","url":"https:\/\/www.vkpbratislava.sk\/wp-content\/uploads\/2020\/10\/vkpBA.png","contentUrl":"https:\/\/www.vkpbratislava.sk\/wp-content\/uploads\/2020\/10\/vkpBA.png","width":600,"height":600,"caption":"VKP Bratislava"},"image":{"@id":"https:\/\/www.vkpbratislava.sk\/#\/schema\/logo\/image\/"}},{"@type":"Person","@id":"https:\/\/www.vkpbratislava.sk\/#\/schema\/person\/7037e769f9515aa58493d1b5852c4c50","name":"jenca","image":{"@type":"ImageObject","inLanguage":"sk-SK","@id":"https:\/\/www.vkpbratislava.sk\/#\/schema\/person\/image\/","url":"https:\/\/secure.gravatar.com\/avatar\/67aa89e9aab2911bbd0c6fbf0a891ea8d80c207c9b6a6e2c96e13fc2f16e536d?s=96&d=mm&r=g","contentUrl":"https:\/\/secure.gravatar.com\/avatar\/67aa89e9aab2911bbd0c6fbf0a891ea8d80c207c9b6a6e2c96e13fc2f16e536d?s=96&d=mm&r=g","caption":"jenca"},"url":"https:\/\/www.vkpbratislava.sk\/?author=3"}]}},"_links":{"self":[{"href":"https:\/\/www.vkpbratislava.sk\/index.php?rest_route=\/wp\/v2\/posts\/50084","targetHints":{"allow":["GET"]}}],"collection":[{"href":"https:\/\/www.vkpbratislava.sk\/index.php?rest_route=\/wp\/v2\/posts"}],"about":[{"href":"https:\/\/www.vkpbratislava.sk\/index.php?rest_route=\/wp\/v2\/types\/post"}],"author":[{"embeddable":true,"href":"https:\/\/www.vkpbratislava.sk\/index.php?rest_route=\/wp\/v2\/users\/3"}],"replies":[{"embeddable":true,"href":"https:\/\/www.vkpbratislava.sk\/index.php?rest_route=%2Fwp%2Fv2%2Fcomments&post=50084"}],"version-history":[{"count":1,"href":"https:\/\/www.vkpbratislava.sk\/index.php?rest_route=\/wp\/v2\/posts\/50084\/revisions"}],"predecessor-version":[{"id":50086,"href":"https:\/\/www.vkpbratislava.sk\/index.php?rest_route=\/wp\/v2\/posts\/50084\/revisions\/50086"}],"wp:featuredmedia":[{"embeddable":true,"href":"https:\/\/www.vkpbratislava.sk\/index.php?rest_route=\/wp\/v2\/media\/50046"}],"wp:attachment":[{"href":"https:\/\/www.vkpbratislava.sk\/index.php?rest_route=%2Fwp%2Fv2%2Fmedia&parent=50084"}],"wp:term":[{"taxonomy":"category","embeddable":true,"href":"https:\/\/www.vkpbratislava.sk\/index.php?rest_route=%2Fwp%2Fv2%2Fcategories&post=50084"},{"taxonomy":"post_tag","embeddable":true,"href":"https:\/\/www.vkpbratislava.sk\/index.php?rest_route=%2Fwp%2Fv2%2Ftags&post=50084"}],"curies":[{"name":"wp","href":"https:\/\/api.w.org\/{rel}","templated":true}]}}