{"id":50087,"date":"2026-01-17T23:05:02","date_gmt":"2026-01-17T22:05:02","guid":{"rendered":"https:\/\/www.vkpbratislava.sk\/?p=50087"},"modified":"2026-01-17T23:05:02","modified_gmt":"2026-01-17T22:05:02","slug":"duel-s-novacikom-zvladnuty","status":"publish","type":"post","link":"https:\/\/www.vkpbratislava.sk\/?p=50087","title":{"rendered":"Duel s nov\u00e1\u010dikom zvl\u00e1dnut\u00fd"},"content":{"rendered":"<p><strong>Belas\u00ed nast\u00fapili v 12. extraligovom kole na palubovke nov\u00e1\u010dika z Trnavy, v ktor\u00e9ho drese p\u00f4sob\u00ed aj viacero mlad\u00fdch hr\u00e1\u010dov Slovana. Majster potvrdil \u00falohu favorita a po troch pomerne vyrovnan\u00fdch setoch si prip\u00edsal o\u010dak\u00e1van\u00e9 v\u00ed\u0165azstvo.<\/strong><\/p>\n<p><strong>\u00a0<\/strong><\/p>\n<p>Duel zhodnotil Rastislav Fil\u00edpek, tr\u00e9ner Hit MTF:<strong> \u201eNast\u00fapili sme s ve\u013ek\u00fdm re\u0161pektom a v\u00f4bec to teda nevyzeralo dobre. Podobne sa niesol aj druh\u00fd set, a\u017e po prestriedan\u00ed na strane Slovana sme sa dok\u00e1zali dosta\u0165 do z\u00e1pasu, vr\u00e1ti\u0165 nasp\u00e4\u0165 k\u013e\u00fa\u010dov\u00fdch hr\u00e1\u010dov s\u00fapera a s nimi si n\u00e1sledne aj zahra\u0165 tret\u00ed set. Rozdiel bol v na\u0161ich nevyn\u00faten\u00fdch chyb\u00e1ch.\u201c<\/strong><\/p>\n<p><strong>\u201eS\u00faper z kateg\u00f3rie \u013eah\u0161\u00edch, aj ke\u010f doma m\u00f4\u017eu hr\u00fdz\u0165. Moc nehr\u00fdzli a tri body s\u00fa na\u0161e. To jedin\u00e9 n\u00e1s te\u0161\u00ed a u\u017e sa pozer\u00e1me na poh\u00e1rov\u00fd z\u00e1pas, \u201c <\/strong>doplnil Robin P\u011blucha, tr\u00e9ner VK Slovan.<\/p>\n<p><strong>\u00a0<\/strong><\/p>\n<p><strong><img loading=\"lazy\" decoding=\"async\" class=\"alignnone size-full wp-image-50088\" src=\"https:\/\/www.vkpbratislava.sk\/wp-content\/uploads\/2026\/01\/IMG-20260117-WA0002.jpg\" alt=\"\" width=\"1200\" height=\"1600\" srcset=\"https:\/\/www.vkpbratislava.sk\/wp-content\/uploads\/2026\/01\/IMG-20260117-WA0002.jpg 1200w, https:\/\/www.vkpbratislava.sk\/wp-content\/uploads\/2026\/01\/IMG-20260117-WA0002-640x853.jpg 640w, https:\/\/www.vkpbratislava.sk\/wp-content\/uploads\/2026\/01\/IMG-20260117-WA0002-768x1024.jpg 768w, https:\/\/www.vkpbratislava.sk\/wp-content\/uploads\/2026\/01\/IMG-20260117-WA0002-1152x1536.jpg 1152w, https:\/\/www.vkpbratislava.sk\/wp-content\/uploads\/2026\/01\/IMG-20260117-WA0002-320x427.jpg 320w, https:\/\/www.vkpbratislava.sk\/wp-content\/uploads\/2026\/01\/IMG-20260117-WA0002-600x800.jpg 600w\" sizes=\"auto, (max-width: 1200px) 100vw, 1200px\" \/>\u00a0<\/strong><\/p>\n<p>&nbsp;<\/p>\n<p><strong>Nik\u00e9 Extraliga mu\u017eov \u2013 z\u00e1kladn\u00e1 \u010das\u0165 &#8211; 12. kolo \u2013 sobota:<\/strong><\/p>\n<p><strong>Hit MTF Trnava &#8211; VK Slovan Bratislava 0:3 (-17, -20, -20)<\/strong><\/p>\n<p><strong>Hr\u00e1\u010d z\u00e1pasu: <\/strong>Dominik Fo\u0159t (VK Slovan Bratislava)<\/p>\n<p><strong>MIT MTF: <\/strong>Barbas 3, Kintler 7, D. Str\u00ed\u017e 10, Galba 1, Fekete 8, T\u00f6k\u00f6ly 3, libero Martinkovi\u010d (Ne\u0161tick\u00fd 9, Michalec 0). Tr\u00e9ner: R. Fil\u00edpek.<\/p>\n<p><strong>VK SLOVAN: <\/strong>Fo\u0159t 8, Marjov 9, Jaloveck\u00fd 2, Kri\u0161ko 10, \u0160ellong 11, Mlynar\u010d\u00edk 14, libero Pat\u00fac (\u0160abo 2, V\u00edglask\u00fd 0, U\u010de\u0148 0). Tr\u00e9ner: R. P\u011blucha.<\/p>\n<p><strong>Rozhodovali: <\/strong>Barto\u0161ovi\u010d a Pivar\u010dek \u2013 154 div\u00e1kov.<\/p>\n<p>&nbsp;<\/p>\n<p>Zdroj: VK Slovan, svf<\/p>\n<p>&nbsp;<\/p>\n<p><strong>\u00a0<\/strong><\/p>\n<p><strong>\u00a0<\/strong><\/p>\n<p>&nbsp;<\/p>\n","protected":false},"excerpt":{"rendered":"<p>Belas\u00ed nast\u00fapili v 12. extraligovom kole na palubovke nov\u00e1\u010dika z Trnavy, v ktor\u00e9ho drese p\u00f4sob\u00ed aj viacero mlad\u00fdch hr\u00e1\u010dov Slovana. Majster potvrdil \u00falohu favorita a po troch pomerne vyrovnan\u00fdch setoch si prip\u00edsal o\u010dak\u00e1van\u00e9 v\u00ed\u0165azstvo. \u00a0 Duel zhodnotil Rastislav Fil\u00edpek, tr\u00e9ner Hit MTF: \u201eNast\u00fapili sme s ve\u013ek\u00fdm re\u0161pektom a v\u00f4bec to teda nevyzeralo dobre. Podobne sa&#8230;<\/p>\n","protected":false},"author":3,"featured_media":49826,"comment_status":"closed","ping_status":"closed","sticky":false,"template":"","format":"standard","meta":{"_monsterinsights_skip_tracking":false,"_monsterinsights_sitenote_active":false,"_monsterinsights_sitenote_note":"","_monsterinsights_sitenote_category":0,"footnotes":""},"categories":[47],"tags":[],"class_list":["post-50087","post","type-post","status-publish","format-standard","has-post-thumbnail","hentry","category-muzi"],"yoast_head":"<!-- This site is optimized with the Yoast SEO plugin v25.6 - https:\/\/yoast.com\/wordpress\/plugins\/seo\/ -->\n<title>Duel s nov\u00e1\u010dikom zvl\u00e1dnut\u00fd - VK SLOVAN Bratislava<\/title>\n<meta name=\"robots\" content=\"index, follow, max-snippet:-1, max-image-preview:large, max-video-preview:-1\" \/>\n<link rel=\"canonical\" href=\"https:\/\/www.vkpbratislava.sk\/?p=50087\" \/>\n<meta property=\"og:locale\" content=\"sk_SK\" \/>\n<meta property=\"og:type\" content=\"article\" \/>\n<meta property=\"og:title\" content=\"Duel s nov\u00e1\u010dikom zvl\u00e1dnut\u00fd - VK SLOVAN Bratislava\" \/>\n<meta property=\"og:description\" content=\"Belas\u00ed nast\u00fapili v 12. extraligovom kole na palubovke nov\u00e1\u010dika z Trnavy, v ktor\u00e9ho drese p\u00f4sob\u00ed aj viacero mlad\u00fdch hr\u00e1\u010dov Slovana. Majster potvrdil \u00falohu favorita a po troch pomerne vyrovnan\u00fdch setoch si prip\u00edsal o\u010dak\u00e1van\u00e9 v\u00ed\u0165azstvo. \u00a0 Duel zhodnotil Rastislav Fil\u00edpek, tr\u00e9ner Hit MTF: \u201eNast\u00fapili sme s ve\u013ek\u00fdm re\u0161pektom a v\u00f4bec to teda nevyzeralo dobre. Podobne sa...\" \/>\n<meta property=\"og:url\" content=\"https:\/\/www.vkpbratislava.sk\/?p=50087\" \/>\n<meta property=\"og:site_name\" content=\"VK SLOVAN Bratislava\" \/>\n<meta property=\"article:published_time\" content=\"2026-01-17T22:05:02+00:00\" \/>\n<meta property=\"og:image\" content=\"https:\/\/www.vkpbratislava.sk\/wp-content\/uploads\/2026\/01\/DSC09894-scaled.jpg\" \/>\n\t<meta property=\"og:image:width\" content=\"2560\" \/>\n\t<meta property=\"og:image:height\" content=\"1707\" \/>\n\t<meta property=\"og:image:type\" content=\"image\/jpeg\" \/>\n<meta name=\"author\" content=\"jenca\" \/>\n<meta name=\"twitter:card\" content=\"summary_large_image\" \/>\n<meta name=\"twitter:label1\" content=\"Autor\" \/>\n\t<meta name=\"twitter:data1\" content=\"jenca\" \/>\n\t<meta name=\"twitter:label2\" content=\"Predpokladan\u00fd \u010das \u010d\u00edtania\" \/>\n\t<meta name=\"twitter:data2\" content=\"1 min\u00fata\" \/>\n<script type=\"application\/ld+json\" class=\"yoast-schema-graph\">{\"@context\":\"https:\/\/schema.org\",\"@graph\":[{\"@type\":\"Article\",\"@id\":\"https:\/\/www.vkpbratislava.sk\/?p=50087#article\",\"isPartOf\":{\"@id\":\"https:\/\/www.vkpbratislava.sk\/?p=50087\"},\"author\":{\"name\":\"jenca\",\"@id\":\"https:\/\/www.vkpbratislava.sk\/#\/schema\/person\/7037e769f9515aa58493d1b5852c4c50\"},\"headline\":\"Duel s nov\u00e1\u010dikom zvl\u00e1dnut\u00fd\",\"datePublished\":\"2026-01-17T22:05:02+00:00\",\"mainEntityOfPage\":{\"@id\":\"https:\/\/www.vkpbratislava.sk\/?p=50087\"},\"wordCount\":261,\"publisher\":{\"@id\":\"https:\/\/www.vkpbratislava.sk\/#organization\"},\"image\":{\"@id\":\"https:\/\/www.vkpbratislava.sk\/?p=50087#primaryimage\"},\"thumbnailUrl\":\"https:\/\/www.vkpbratislava.sk\/wp-content\/uploads\/2026\/01\/DSC09894-scaled.jpg\",\"articleSection\":[\"Mu\u017ei\"],\"inLanguage\":\"sk-SK\"},{\"@type\":\"WebPage\",\"@id\":\"https:\/\/www.vkpbratislava.sk\/?p=50087\",\"url\":\"https:\/\/www.vkpbratislava.sk\/?p=50087\",\"name\":\"Duel s nov\u00e1\u010dikom zvl\u00e1dnut\u00fd - VK SLOVAN Bratislava\",\"isPartOf\":{\"@id\":\"https:\/\/www.vkpbratislava.sk\/#website\"},\"primaryImageOfPage\":{\"@id\":\"https:\/\/www.vkpbratislava.sk\/?p=50087#primaryimage\"},\"image\":{\"@id\":\"https:\/\/www.vkpbratislava.sk\/?p=50087#primaryimage\"},\"thumbnailUrl\":\"https:\/\/www.vkpbratislava.sk\/wp-content\/uploads\/2026\/01\/DSC09894-scaled.jpg\",\"datePublished\":\"2026-01-17T22:05:02+00:00\",\"breadcrumb\":{\"@id\":\"https:\/\/www.vkpbratislava.sk\/?p=50087#breadcrumb\"},\"inLanguage\":\"sk-SK\",\"potentialAction\":[{\"@type\":\"ReadAction\",\"target\":[\"https:\/\/www.vkpbratislava.sk\/?p=50087\"]}]},{\"@type\":\"ImageObject\",\"inLanguage\":\"sk-SK\",\"@id\":\"https:\/\/www.vkpbratislava.sk\/?p=50087#primaryimage\",\"url\":\"https:\/\/www.vkpbratislava.sk\/wp-content\/uploads\/2026\/01\/DSC09894-scaled.jpg\",\"contentUrl\":\"https:\/\/www.vkpbratislava.sk\/wp-content\/uploads\/2026\/01\/DSC09894-scaled.jpg\",\"width\":2560,\"height\":1707},{\"@type\":\"BreadcrumbList\",\"@id\":\"https:\/\/www.vkpbratislava.sk\/?p=50087#breadcrumb\",\"itemListElement\":[{\"@type\":\"ListItem\",\"position\":1,\"name\":\"Domov\",\"item\":\"https:\/\/www.vkpbratislava.sk\/\"},{\"@type\":\"ListItem\",\"position\":2,\"name\":\"Duel s nov\u00e1\u010dikom zvl\u00e1dnut\u00fd\"}]},{\"@type\":\"WebSite\",\"@id\":\"https:\/\/www.vkpbratislava.sk\/#website\",\"url\":\"https:\/\/www.vkpbratislava.sk\/\",\"name\":\"VK SLOVAN Bratislava\",\"description\":\"Volejbalov\u00fd klub\",\"publisher\":{\"@id\":\"https:\/\/www.vkpbratislava.sk\/#organization\"},\"potentialAction\":[{\"@type\":\"SearchAction\",\"target\":{\"@type\":\"EntryPoint\",\"urlTemplate\":\"https:\/\/www.vkpbratislava.sk\/?s={search_term_string}\"},\"query-input\":{\"@type\":\"PropertyValueSpecification\",\"valueRequired\":true,\"valueName\":\"search_term_string\"}}],\"inLanguage\":\"sk-SK\"},{\"@type\":\"Organization\",\"@id\":\"https:\/\/www.vkpbratislava.sk\/#organization\",\"name\":\"VKP Bratislava\",\"url\":\"https:\/\/www.vkpbratislava.sk\/\",\"logo\":{\"@type\":\"ImageObject\",\"inLanguage\":\"sk-SK\",\"@id\":\"https:\/\/www.vkpbratislava.sk\/#\/schema\/logo\/image\/\",\"url\":\"https:\/\/www.vkpbratislava.sk\/wp-content\/uploads\/2020\/10\/vkpBA.png\",\"contentUrl\":\"https:\/\/www.vkpbratislava.sk\/wp-content\/uploads\/2020\/10\/vkpBA.png\",\"width\":600,\"height\":600,\"caption\":\"VKP Bratislava\"},\"image\":{\"@id\":\"https:\/\/www.vkpbratislava.sk\/#\/schema\/logo\/image\/\"}},{\"@type\":\"Person\",\"@id\":\"https:\/\/www.vkpbratislava.sk\/#\/schema\/person\/7037e769f9515aa58493d1b5852c4c50\",\"name\":\"jenca\",\"image\":{\"@type\":\"ImageObject\",\"inLanguage\":\"sk-SK\",\"@id\":\"https:\/\/www.vkpbratislava.sk\/#\/schema\/person\/image\/\",\"url\":\"https:\/\/secure.gravatar.com\/avatar\/67aa89e9aab2911bbd0c6fbf0a891ea8d80c207c9b6a6e2c96e13fc2f16e536d?s=96&d=mm&r=g\",\"contentUrl\":\"https:\/\/secure.gravatar.com\/avatar\/67aa89e9aab2911bbd0c6fbf0a891ea8d80c207c9b6a6e2c96e13fc2f16e536d?s=96&d=mm&r=g\",\"caption\":\"jenca\"},\"url\":\"https:\/\/www.vkpbratislava.sk\/?author=3\"}]}<\/script>\n<!-- \/ Yoast SEO plugin. -->","yoast_head_json":{"title":"Duel s nov\u00e1\u010dikom zvl\u00e1dnut\u00fd - VK SLOVAN Bratislava","robots":{"index":"index","follow":"follow","max-snippet":"max-snippet:-1","max-image-preview":"max-image-preview:large","max-video-preview":"max-video-preview:-1"},"canonical":"https:\/\/www.vkpbratislava.sk\/?p=50087","og_locale":"sk_SK","og_type":"article","og_title":"Duel s nov\u00e1\u010dikom zvl\u00e1dnut\u00fd - VK SLOVAN Bratislava","og_description":"Belas\u00ed nast\u00fapili v 12. extraligovom kole na palubovke nov\u00e1\u010dika z Trnavy, v ktor\u00e9ho drese p\u00f4sob\u00ed aj viacero mlad\u00fdch hr\u00e1\u010dov Slovana. Majster potvrdil \u00falohu favorita a po troch pomerne vyrovnan\u00fdch setoch si prip\u00edsal o\u010dak\u00e1van\u00e9 v\u00ed\u0165azstvo. \u00a0 Duel zhodnotil Rastislav Fil\u00edpek, tr\u00e9ner Hit MTF: \u201eNast\u00fapili sme s ve\u013ek\u00fdm re\u0161pektom a v\u00f4bec to teda nevyzeralo dobre. Podobne sa...","og_url":"https:\/\/www.vkpbratislava.sk\/?p=50087","og_site_name":"VK SLOVAN Bratislava","article_published_time":"2026-01-17T22:05:02+00:00","og_image":[{"width":2560,"height":1707,"url":"https:\/\/www.vkpbratislava.sk\/wp-content\/uploads\/2026\/01\/DSC09894-scaled.jpg","type":"image\/jpeg"}],"author":"jenca","twitter_card":"summary_large_image","twitter_misc":{"Autor":"jenca","Predpokladan\u00fd \u010das \u010d\u00edtania":"1 min\u00fata"},"schema":{"@context":"https:\/\/schema.org","@graph":[{"@type":"Article","@id":"https:\/\/www.vkpbratislava.sk\/?p=50087#article","isPartOf":{"@id":"https:\/\/www.vkpbratislava.sk\/?p=50087"},"author":{"name":"jenca","@id":"https:\/\/www.vkpbratislava.sk\/#\/schema\/person\/7037e769f9515aa58493d1b5852c4c50"},"headline":"Duel s nov\u00e1\u010dikom zvl\u00e1dnut\u00fd","datePublished":"2026-01-17T22:05:02+00:00","mainEntityOfPage":{"@id":"https:\/\/www.vkpbratislava.sk\/?p=50087"},"wordCount":261,"publisher":{"@id":"https:\/\/www.vkpbratislava.sk\/#organization"},"image":{"@id":"https:\/\/www.vkpbratislava.sk\/?p=50087#primaryimage"},"thumbnailUrl":"https:\/\/www.vkpbratislava.sk\/wp-content\/uploads\/2026\/01\/DSC09894-scaled.jpg","articleSection":["Mu\u017ei"],"inLanguage":"sk-SK"},{"@type":"WebPage","@id":"https:\/\/www.vkpbratislava.sk\/?p=50087","url":"https:\/\/www.vkpbratislava.sk\/?p=50087","name":"Duel s nov\u00e1\u010dikom zvl\u00e1dnut\u00fd - VK SLOVAN Bratislava","isPartOf":{"@id":"https:\/\/www.vkpbratislava.sk\/#website"},"primaryImageOfPage":{"@id":"https:\/\/www.vkpbratislava.sk\/?p=50087#primaryimage"},"image":{"@id":"https:\/\/www.vkpbratislava.sk\/?p=50087#primaryimage"},"thumbnailUrl":"https:\/\/www.vkpbratislava.sk\/wp-content\/uploads\/2026\/01\/DSC09894-scaled.jpg","datePublished":"2026-01-17T22:05:02+00:00","breadcrumb":{"@id":"https:\/\/www.vkpbratislava.sk\/?p=50087#breadcrumb"},"inLanguage":"sk-SK","potentialAction":[{"@type":"ReadAction","target":["https:\/\/www.vkpbratislava.sk\/?p=50087"]}]},{"@type":"ImageObject","inLanguage":"sk-SK","@id":"https:\/\/www.vkpbratislava.sk\/?p=50087#primaryimage","url":"https:\/\/www.vkpbratislava.sk\/wp-content\/uploads\/2026\/01\/DSC09894-scaled.jpg","contentUrl":"https:\/\/www.vkpbratislava.sk\/wp-content\/uploads\/2026\/01\/DSC09894-scaled.jpg","width":2560,"height":1707},{"@type":"BreadcrumbList","@id":"https:\/\/www.vkpbratislava.sk\/?p=50087#breadcrumb","itemListElement":[{"@type":"ListItem","position":1,"name":"Domov","item":"https:\/\/www.vkpbratislava.sk\/"},{"@type":"ListItem","position":2,"name":"Duel s nov\u00e1\u010dikom zvl\u00e1dnut\u00fd"}]},{"@type":"WebSite","@id":"https:\/\/www.vkpbratislava.sk\/#website","url":"https:\/\/www.vkpbratislava.sk\/","name":"VK SLOVAN Bratislava","description":"Volejbalov\u00fd klub","publisher":{"@id":"https:\/\/www.vkpbratislava.sk\/#organization"},"potentialAction":[{"@type":"SearchAction","target":{"@type":"EntryPoint","urlTemplate":"https:\/\/www.vkpbratislava.sk\/?s={search_term_string}"},"query-input":{"@type":"PropertyValueSpecification","valueRequired":true,"valueName":"search_term_string"}}],"inLanguage":"sk-SK"},{"@type":"Organization","@id":"https:\/\/www.vkpbratislava.sk\/#organization","name":"VKP Bratislava","url":"https:\/\/www.vkpbratislava.sk\/","logo":{"@type":"ImageObject","inLanguage":"sk-SK","@id":"https:\/\/www.vkpbratislava.sk\/#\/schema\/logo\/image\/","url":"https:\/\/www.vkpbratislava.sk\/wp-content\/uploads\/2020\/10\/vkpBA.png","contentUrl":"https:\/\/www.vkpbratislava.sk\/wp-content\/uploads\/2020\/10\/vkpBA.png","width":600,"height":600,"caption":"VKP Bratislava"},"image":{"@id":"https:\/\/www.vkpbratislava.sk\/#\/schema\/logo\/image\/"}},{"@type":"Person","@id":"https:\/\/www.vkpbratislava.sk\/#\/schema\/person\/7037e769f9515aa58493d1b5852c4c50","name":"jenca","image":{"@type":"ImageObject","inLanguage":"sk-SK","@id":"https:\/\/www.vkpbratislava.sk\/#\/schema\/person\/image\/","url":"https:\/\/secure.gravatar.com\/avatar\/67aa89e9aab2911bbd0c6fbf0a891ea8d80c207c9b6a6e2c96e13fc2f16e536d?s=96&d=mm&r=g","contentUrl":"https:\/\/secure.gravatar.com\/avatar\/67aa89e9aab2911bbd0c6fbf0a891ea8d80c207c9b6a6e2c96e13fc2f16e536d?s=96&d=mm&r=g","caption":"jenca"},"url":"https:\/\/www.vkpbratislava.sk\/?author=3"}]}},"_links":{"self":[{"href":"https:\/\/www.vkpbratislava.sk\/index.php?rest_route=\/wp\/v2\/posts\/50087","targetHints":{"allow":["GET"]}}],"collection":[{"href":"https:\/\/www.vkpbratislava.sk\/index.php?rest_route=\/wp\/v2\/posts"}],"about":[{"href":"https:\/\/www.vkpbratislava.sk\/index.php?rest_route=\/wp\/v2\/types\/post"}],"author":[{"embeddable":true,"href":"https:\/\/www.vkpbratislava.sk\/index.php?rest_route=\/wp\/v2\/users\/3"}],"replies":[{"embeddable":true,"href":"https:\/\/www.vkpbratislava.sk\/index.php?rest_route=%2Fwp%2Fv2%2Fcomments&post=50087"}],"version-history":[{"count":1,"href":"https:\/\/www.vkpbratislava.sk\/index.php?rest_route=\/wp\/v2\/posts\/50087\/revisions"}],"predecessor-version":[{"id":50089,"href":"https:\/\/www.vkpbratislava.sk\/index.php?rest_route=\/wp\/v2\/posts\/50087\/revisions\/50089"}],"wp:featuredmedia":[{"embeddable":true,"href":"https:\/\/www.vkpbratislava.sk\/index.php?rest_route=\/wp\/v2\/media\/49826"}],"wp:attachment":[{"href":"https:\/\/www.vkpbratislava.sk\/index.php?rest_route=%2Fwp%2Fv2%2Fmedia&parent=50087"}],"wp:term":[{"taxonomy":"category","embeddable":true,"href":"https:\/\/www.vkpbratislava.sk\/index.php?rest_route=%2Fwp%2Fv2%2Fcategories&post=50087"},{"taxonomy":"post_tag","embeddable":true,"href":"https:\/\/www.vkpbratislava.sk\/index.php?rest_route=%2Fwp%2Fv2%2Ftags&post=50087"}],"curies":[{"name":"wp","href":"https:\/\/api.w.org\/{rel}","templated":true}]}}