{"id":5019,"date":"2021-03-26T18:10:06","date_gmt":"2021-03-26T17:10:06","guid":{"rendered":"https:\/\/www.vkpbratislava.sk\/?p=5019"},"modified":"2021-03-26T18:10:06","modified_gmt":"2021-03-26T17:10:06","slug":"juraj-zatko-motivacia-sa-hlada-tazsie-ale","status":"publish","type":"post","link":"https:\/\/www.vkpbratislava.sk\/?p=5019","title":{"rendered":"Juraj Za\u0165ko: Motiv\u00e1cia sa h\u013ead\u00e1 \u0165a\u017e\u0161ie, ale&#8230;"},"content":{"rendered":"<p>Sez\u00f3na u\u017e je na konci. V\u00a0z\u00e1vere\u010dnom s\u00faboji tohto ro\u010dn\u00edka extraligy sa volejbalisti VKP Bratislava predstavia na dom\u00e1cej palubovke proti Prievidzi (sobota, 27. marca o\u00a018.00 h). V\u00ed\u0165azstvo za tri body zaru\u010d\u00ed \u201epolicajtom\u201c piate miesto v\u00a0tabu\u013eke.<\/p>\n<p>V\u00a0z\u00e1pasoch o\u00a0kone\u010dn\u00e9 umiestnenie maj\u00fa zverenci Jaroslava Noseka bilanciu dve v\u00ed\u0165azstv\u00e1 a\u00a0jedna prehra. V\u00a0poslednom z\u00e1pase vo Svidn\u00edku uchmatli dom\u00e1cim bod, no o\u00a0jeden pri\u0161li na palubovke Prievidze, ke\u010f prehr\u00e1vali 2:0, ale s\u00faboj zvr\u00e1tili vo svoj prospech. \u201eTeraz potrebujeme vyhra\u0165 za tri body. Neprip\u00fa\u0161\u0165ame si, \u017ee by sme museli ot\u00e1\u010da\u0165 z\u00e1pas. Budeme nastaven\u00ed tak, aby sme i\u0161li jednozna\u010dne za v\u00ed\u0165azstvom 3:0,\u201c rozhovoril sa kapit\u00e1n t\u00edmu Juraj Za\u0165ko. \u201ePo ne\u00faspechu vo \u0161tvr\u0165fin\u00e1le sa \u0165a\u017e\u0161ie h\u013ead\u00e1 motiv\u00e1cia na tieto z\u00e1pasy. Nie ka\u017ed\u00e1 liga dohr\u00e1va aj tieto s\u00faboje o\u00a0umiestnenie. Slovensk\u00e1 sa rozhodla to odohra\u0165. V\u00a0podstate to nie je a\u017e tak\u00e9 zl\u00e9, sez\u00f3na by bola pr\u00edli\u0161 kr\u00e1tka. Aspo\u0148 je ak\u00e1-tak\u00e1 s\u00fa\u0165a\u017eiv\u00e1 atmosf\u00e9ra. M\u00e1me to v\u0161ak rozohrat\u00e9 tak, \u017ee \u0161tandardn\u00fd v\u00fdkon by n\u00e1m mal sta\u010di\u0165 na piate miesto. Budeme sa s\u00fastredi\u0165 na to, aby sme n\u00e1hodou neriskovali v\u00fdsledok. U\u017e to chceme ma\u0165 \u010d\u00edm sk\u00f4r za sebou,\u201c pokra\u010doval rod\u00e1k z\u00a0Bratislavy.<\/p>\n<p>Hr\u00e1\u010dov st\u00e1le m\u00e1ta p\u00e4\u0165z\u00e1pasov\u00e1 dr\u00e1ma vo \u0161tvr\u0165fin\u00e1le play-off a\u00a0vypadnutie s\u00a0Ko\u0161icami. \u201eMrz\u00ed to&#8230; O\u00a0to viac, ke\u010f sme sledovali semifin\u00e1lov\u00e9 z\u00e1pasy. D\u00fafali sme, \u017ee budeme akt\u00e9rom t\u00fdchto z\u00e1pasov. Bohu\u017eia\u013e sa n\u00e1m to nepodarilo,\u201c doplnil Za\u0165ko.<\/p>\n<p>A\u00a0ako vid\u00ed rekord\u00e9r v\u00a0po\u010dte \u0161tartov za reprezent\u00e1ciu Slovenska prv\u00fa sez\u00f3nu VKP po n\u00e1vrate do Bratislavy? \u201e\u0160tart bol \u0165a\u017ek\u00fd, pozna\u010den\u00fd t\u00fdm, \u017ee sme nemali dom\u00e1cu halu. Potom sme sa dostali na domovsk\u00fa palubovku na FEI STU. T\u00e1 \u010das\u0165 sez\u00f3ny bola najlep\u0161ia. Doteraz sme doma prehrali len jeden z\u00e1pas. Do \u0161tvr\u0165fin\u00e1le sme vstupovali z\u00a0tretieho miesta ako papierov\u00fd favorit, ale pri tej vyrovnanosti ligy od tretieho po siedme miesto sa \u00faplne nedalo poveda\u0165, kto by mal ma\u0165 navrch. Napokon to dopadlo lep\u0161ie pre Ko\u0161ice a\u00a0pre n\u00e1s sklaman\u00edm,\u201c uzavrel Juraj Za\u0165ko.<\/p>\n","protected":false},"excerpt":{"rendered":"<p>Sez\u00f3na u\u017e je na konci. V\u00a0z\u00e1vere\u010dnom s\u00faboji tohto ro\u010dn\u00edka extraligy sa volejbalisti VKP Bratislava predstavia na dom\u00e1cej palubovke proti Prievidzi (sobota, 27. marca o\u00a018.00 h). V\u00ed\u0165azstvo za tri body zaru\u010d\u00ed \u201epolicajtom\u201c piate miesto v\u00a0tabu\u013eke.<\/p>\n","protected":false},"author":3,"featured_media":4533,"comment_status":"closed","ping_status":"open","sticky":false,"template":"","format":"standard","meta":{"_monsterinsights_skip_tracking":false,"_monsterinsights_sitenote_active":false,"_monsterinsights_sitenote_note":"","_monsterinsights_sitenote_category":0,"footnotes":""},"categories":[47],"tags":[],"class_list":["post-5019","post","type-post","status-publish","format-standard","has-post-thumbnail","hentry","category-muzi"],"yoast_head":"<!-- This site is optimized with the Yoast SEO plugin v25.6 - https:\/\/yoast.com\/wordpress\/plugins\/seo\/ -->\n<title>Juraj Za\u0165ko: Motiv\u00e1cia sa h\u013ead\u00e1 \u0165a\u017e\u0161ie, ale... - VK SLOVAN Bratislava<\/title>\n<meta name=\"description\" content=\"Sez\u00f3na u\u017e je na konci. V\u00a0z\u00e1vere\u010dnom s\u00faboji tohto ro\u010dn\u00edka extraligy sa volejbalisti VKP Bratislava predstavia na dom\u00e1cej palubovke proti Prievidzi (sobota, 27. marca o\u00a018.00 h). V\u00ed\u0165azstvo za tri body zaru\u010d\u00ed \u201epolicajtom\u201c piate miesto v\u00a0tabu\u013eke.\" \/>\n<meta name=\"robots\" content=\"index, follow, max-snippet:-1, max-image-preview:large, max-video-preview:-1\" \/>\n<link rel=\"canonical\" href=\"https:\/\/www.vkpbratislava.sk\/?p=5019\" \/>\n<meta property=\"og:locale\" content=\"sk_SK\" \/>\n<meta property=\"og:type\" content=\"article\" \/>\n<meta property=\"og:title\" content=\"Juraj Za\u0165ko: Motiv\u00e1cia sa h\u013ead\u00e1 \u0165a\u017e\u0161ie, ale... - VK SLOVAN Bratislava\" \/>\n<meta property=\"og:description\" content=\"Sez\u00f3na u\u017e je na konci. V\u00a0z\u00e1vere\u010dnom s\u00faboji tohto ro\u010dn\u00edka extraligy sa volejbalisti VKP Bratislava predstavia na dom\u00e1cej palubovke proti Prievidzi (sobota, 27. marca o\u00a018.00 h). V\u00ed\u0165azstvo za tri body zaru\u010d\u00ed \u201epolicajtom\u201c piate miesto v\u00a0tabu\u013eke.\" \/>\n<meta property=\"og:url\" content=\"https:\/\/www.vkpbratislava.sk\/?p=5019\" \/>\n<meta property=\"og:site_name\" content=\"VK SLOVAN Bratislava\" \/>\n<meta property=\"article:published_time\" content=\"2021-03-26T17:10:06+00:00\" \/>\n<meta property=\"og:image\" content=\"https:\/\/www.vkpbratislava.sk\/wp-content\/uploads\/2021\/02\/DF1A7417.jpg\" \/>\n\t<meta property=\"og:image:width\" content=\"2048\" \/>\n\t<meta property=\"og:image:height\" content=\"1365\" \/>\n\t<meta property=\"og:image:type\" content=\"image\/jpeg\" \/>\n<meta name=\"author\" content=\"jenca\" \/>\n<meta name=\"twitter:card\" content=\"summary_large_image\" \/>\n<meta name=\"twitter:label1\" content=\"Autor\" \/>\n\t<meta name=\"twitter:data1\" content=\"jenca\" \/>\n\t<meta name=\"twitter:label2\" content=\"Predpokladan\u00fd \u010das \u010d\u00edtania\" \/>\n\t<meta name=\"twitter:data2\" content=\"2 min\u00faty\" \/>\n<script type=\"application\/ld+json\" class=\"yoast-schema-graph\">{\"@context\":\"https:\/\/schema.org\",\"@graph\":[{\"@type\":\"Article\",\"@id\":\"https:\/\/www.vkpbratislava.sk\/?p=5019#article\",\"isPartOf\":{\"@id\":\"https:\/\/www.vkpbratislava.sk\/?p=5019\"},\"author\":{\"name\":\"jenca\",\"@id\":\"https:\/\/www.vkpbratislava.sk\/#\/schema\/person\/7037e769f9515aa58493d1b5852c4c50\"},\"headline\":\"Juraj Za\u0165ko: Motiv\u00e1cia sa h\u013ead\u00e1 \u0165a\u017e\u0161ie, ale&#8230;\",\"datePublished\":\"2021-03-26T17:10:06+00:00\",\"mainEntityOfPage\":{\"@id\":\"https:\/\/www.vkpbratislava.sk\/?p=5019\"},\"wordCount\":413,\"publisher\":{\"@id\":\"https:\/\/www.vkpbratislava.sk\/#organization\"},\"image\":{\"@id\":\"https:\/\/www.vkpbratislava.sk\/?p=5019#primaryimage\"},\"thumbnailUrl\":\"https:\/\/www.vkpbratislava.sk\/wp-content\/uploads\/2021\/02\/DF1A7417.jpg\",\"articleSection\":[\"Mu\u017ei\"],\"inLanguage\":\"sk-SK\"},{\"@type\":\"WebPage\",\"@id\":\"https:\/\/www.vkpbratislava.sk\/?p=5019\",\"url\":\"https:\/\/www.vkpbratislava.sk\/?p=5019\",\"name\":\"Juraj Za\u0165ko: Motiv\u00e1cia sa h\u013ead\u00e1 \u0165a\u017e\u0161ie, ale... - VK SLOVAN Bratislava\",\"isPartOf\":{\"@id\":\"https:\/\/www.vkpbratislava.sk\/#website\"},\"primaryImageOfPage\":{\"@id\":\"https:\/\/www.vkpbratislava.sk\/?p=5019#primaryimage\"},\"image\":{\"@id\":\"https:\/\/www.vkpbratislava.sk\/?p=5019#primaryimage\"},\"thumbnailUrl\":\"https:\/\/www.vkpbratislava.sk\/wp-content\/uploads\/2021\/02\/DF1A7417.jpg\",\"datePublished\":\"2021-03-26T17:10:06+00:00\",\"description\":\"Sez\u00f3na u\u017e je na konci. V\u00a0z\u00e1vere\u010dnom s\u00faboji tohto ro\u010dn\u00edka extraligy sa volejbalisti VKP Bratislava predstavia na dom\u00e1cej palubovke proti Prievidzi (sobota, 27. marca o\u00a018.00 h). V\u00ed\u0165azstvo za tri body zaru\u010d\u00ed \u201epolicajtom\u201c piate miesto v\u00a0tabu\u013eke.\",\"breadcrumb\":{\"@id\":\"https:\/\/www.vkpbratislava.sk\/?p=5019#breadcrumb\"},\"inLanguage\":\"sk-SK\",\"potentialAction\":[{\"@type\":\"ReadAction\",\"target\":[\"https:\/\/www.vkpbratislava.sk\/?p=5019\"]}]},{\"@type\":\"ImageObject\",\"inLanguage\":\"sk-SK\",\"@id\":\"https:\/\/www.vkpbratislava.sk\/?p=5019#primaryimage\",\"url\":\"https:\/\/www.vkpbratislava.sk\/wp-content\/uploads\/2021\/02\/DF1A7417.jpg\",\"contentUrl\":\"https:\/\/www.vkpbratislava.sk\/wp-content\/uploads\/2021\/02\/DF1A7417.jpg\",\"width\":2048,\"height\":1365},{\"@type\":\"BreadcrumbList\",\"@id\":\"https:\/\/www.vkpbratislava.sk\/?p=5019#breadcrumb\",\"itemListElement\":[{\"@type\":\"ListItem\",\"position\":1,\"name\":\"Domov\",\"item\":\"https:\/\/www.vkpbratislava.sk\/\"},{\"@type\":\"ListItem\",\"position\":2,\"name\":\"Juraj Za\u0165ko: Motiv\u00e1cia sa h\u013ead\u00e1 \u0165a\u017e\u0161ie, ale&#8230;\"}]},{\"@type\":\"WebSite\",\"@id\":\"https:\/\/www.vkpbratislava.sk\/#website\",\"url\":\"https:\/\/www.vkpbratislava.sk\/\",\"name\":\"VK SLOVAN Bratislava\",\"description\":\"Volejbalov\u00fd klub\",\"publisher\":{\"@id\":\"https:\/\/www.vkpbratislava.sk\/#organization\"},\"potentialAction\":[{\"@type\":\"SearchAction\",\"target\":{\"@type\":\"EntryPoint\",\"urlTemplate\":\"https:\/\/www.vkpbratislava.sk\/?s={search_term_string}\"},\"query-input\":{\"@type\":\"PropertyValueSpecification\",\"valueRequired\":true,\"valueName\":\"search_term_string\"}}],\"inLanguage\":\"sk-SK\"},{\"@type\":\"Organization\",\"@id\":\"https:\/\/www.vkpbratislava.sk\/#organization\",\"name\":\"VKP Bratislava\",\"url\":\"https:\/\/www.vkpbratislava.sk\/\",\"logo\":{\"@type\":\"ImageObject\",\"inLanguage\":\"sk-SK\",\"@id\":\"https:\/\/www.vkpbratislava.sk\/#\/schema\/logo\/image\/\",\"url\":\"https:\/\/www.vkpbratislava.sk\/wp-content\/uploads\/2020\/10\/vkpBA.png\",\"contentUrl\":\"https:\/\/www.vkpbratislava.sk\/wp-content\/uploads\/2020\/10\/vkpBA.png\",\"width\":600,\"height\":600,\"caption\":\"VKP Bratislava\"},\"image\":{\"@id\":\"https:\/\/www.vkpbratislava.sk\/#\/schema\/logo\/image\/\"}},{\"@type\":\"Person\",\"@id\":\"https:\/\/www.vkpbratislava.sk\/#\/schema\/person\/7037e769f9515aa58493d1b5852c4c50\",\"name\":\"jenca\",\"image\":{\"@type\":\"ImageObject\",\"inLanguage\":\"sk-SK\",\"@id\":\"https:\/\/www.vkpbratislava.sk\/#\/schema\/person\/image\/\",\"url\":\"https:\/\/secure.gravatar.com\/avatar\/67aa89e9aab2911bbd0c6fbf0a891ea8d80c207c9b6a6e2c96e13fc2f16e536d?s=96&d=mm&r=g\",\"contentUrl\":\"https:\/\/secure.gravatar.com\/avatar\/67aa89e9aab2911bbd0c6fbf0a891ea8d80c207c9b6a6e2c96e13fc2f16e536d?s=96&d=mm&r=g\",\"caption\":\"jenca\"},\"url\":\"https:\/\/www.vkpbratislava.sk\/?author=3\"}]}<\/script>\n<!-- \/ Yoast SEO plugin. -->","yoast_head_json":{"title":"Juraj Za\u0165ko: Motiv\u00e1cia sa h\u013ead\u00e1 \u0165a\u017e\u0161ie, ale... - VK SLOVAN Bratislava","description":"Sez\u00f3na u\u017e je na konci. V\u00a0z\u00e1vere\u010dnom s\u00faboji tohto ro\u010dn\u00edka extraligy sa volejbalisti VKP Bratislava predstavia na dom\u00e1cej palubovke proti Prievidzi (sobota, 27. marca o\u00a018.00 h). V\u00ed\u0165azstvo za tri body zaru\u010d\u00ed \u201epolicajtom\u201c piate miesto v\u00a0tabu\u013eke.","robots":{"index":"index","follow":"follow","max-snippet":"max-snippet:-1","max-image-preview":"max-image-preview:large","max-video-preview":"max-video-preview:-1"},"canonical":"https:\/\/www.vkpbratislava.sk\/?p=5019","og_locale":"sk_SK","og_type":"article","og_title":"Juraj Za\u0165ko: Motiv\u00e1cia sa h\u013ead\u00e1 \u0165a\u017e\u0161ie, ale... - VK SLOVAN Bratislava","og_description":"Sez\u00f3na u\u017e je na konci. V\u00a0z\u00e1vere\u010dnom s\u00faboji tohto ro\u010dn\u00edka extraligy sa volejbalisti VKP Bratislava predstavia na dom\u00e1cej palubovke proti Prievidzi (sobota, 27. marca o\u00a018.00 h). V\u00ed\u0165azstvo za tri body zaru\u010d\u00ed \u201epolicajtom\u201c piate miesto v\u00a0tabu\u013eke.","og_url":"https:\/\/www.vkpbratislava.sk\/?p=5019","og_site_name":"VK SLOVAN Bratislava","article_published_time":"2021-03-26T17:10:06+00:00","og_image":[{"width":2048,"height":1365,"url":"https:\/\/www.vkpbratislava.sk\/wp-content\/uploads\/2021\/02\/DF1A7417.jpg","type":"image\/jpeg"}],"author":"jenca","twitter_card":"summary_large_image","twitter_misc":{"Autor":"jenca","Predpokladan\u00fd \u010das \u010d\u00edtania":"2 min\u00faty"},"schema":{"@context":"https:\/\/schema.org","@graph":[{"@type":"Article","@id":"https:\/\/www.vkpbratislava.sk\/?p=5019#article","isPartOf":{"@id":"https:\/\/www.vkpbratislava.sk\/?p=5019"},"author":{"name":"jenca","@id":"https:\/\/www.vkpbratislava.sk\/#\/schema\/person\/7037e769f9515aa58493d1b5852c4c50"},"headline":"Juraj Za\u0165ko: Motiv\u00e1cia sa h\u013ead\u00e1 \u0165a\u017e\u0161ie, ale&#8230;","datePublished":"2021-03-26T17:10:06+00:00","mainEntityOfPage":{"@id":"https:\/\/www.vkpbratislava.sk\/?p=5019"},"wordCount":413,"publisher":{"@id":"https:\/\/www.vkpbratislava.sk\/#organization"},"image":{"@id":"https:\/\/www.vkpbratislava.sk\/?p=5019#primaryimage"},"thumbnailUrl":"https:\/\/www.vkpbratislava.sk\/wp-content\/uploads\/2021\/02\/DF1A7417.jpg","articleSection":["Mu\u017ei"],"inLanguage":"sk-SK"},{"@type":"WebPage","@id":"https:\/\/www.vkpbratislava.sk\/?p=5019","url":"https:\/\/www.vkpbratislava.sk\/?p=5019","name":"Juraj Za\u0165ko: Motiv\u00e1cia sa h\u013ead\u00e1 \u0165a\u017e\u0161ie, ale... - VK SLOVAN Bratislava","isPartOf":{"@id":"https:\/\/www.vkpbratislava.sk\/#website"},"primaryImageOfPage":{"@id":"https:\/\/www.vkpbratislava.sk\/?p=5019#primaryimage"},"image":{"@id":"https:\/\/www.vkpbratislava.sk\/?p=5019#primaryimage"},"thumbnailUrl":"https:\/\/www.vkpbratislava.sk\/wp-content\/uploads\/2021\/02\/DF1A7417.jpg","datePublished":"2021-03-26T17:10:06+00:00","description":"Sez\u00f3na u\u017e je na konci. V\u00a0z\u00e1vere\u010dnom s\u00faboji tohto ro\u010dn\u00edka extraligy sa volejbalisti VKP Bratislava predstavia na dom\u00e1cej palubovke proti Prievidzi (sobota, 27. marca o\u00a018.00 h). V\u00ed\u0165azstvo za tri body zaru\u010d\u00ed \u201epolicajtom\u201c piate miesto v\u00a0tabu\u013eke.","breadcrumb":{"@id":"https:\/\/www.vkpbratislava.sk\/?p=5019#breadcrumb"},"inLanguage":"sk-SK","potentialAction":[{"@type":"ReadAction","target":["https:\/\/www.vkpbratislava.sk\/?p=5019"]}]},{"@type":"ImageObject","inLanguage":"sk-SK","@id":"https:\/\/www.vkpbratislava.sk\/?p=5019#primaryimage","url":"https:\/\/www.vkpbratislava.sk\/wp-content\/uploads\/2021\/02\/DF1A7417.jpg","contentUrl":"https:\/\/www.vkpbratislava.sk\/wp-content\/uploads\/2021\/02\/DF1A7417.jpg","width":2048,"height":1365},{"@type":"BreadcrumbList","@id":"https:\/\/www.vkpbratislava.sk\/?p=5019#breadcrumb","itemListElement":[{"@type":"ListItem","position":1,"name":"Domov","item":"https:\/\/www.vkpbratislava.sk\/"},{"@type":"ListItem","position":2,"name":"Juraj Za\u0165ko: Motiv\u00e1cia sa h\u013ead\u00e1 \u0165a\u017e\u0161ie, ale&#8230;"}]},{"@type":"WebSite","@id":"https:\/\/www.vkpbratislava.sk\/#website","url":"https:\/\/www.vkpbratislava.sk\/","name":"VK SLOVAN Bratislava","description":"Volejbalov\u00fd klub","publisher":{"@id":"https:\/\/www.vkpbratislava.sk\/#organization"},"potentialAction":[{"@type":"SearchAction","target":{"@type":"EntryPoint","urlTemplate":"https:\/\/www.vkpbratislava.sk\/?s={search_term_string}"},"query-input":{"@type":"PropertyValueSpecification","valueRequired":true,"valueName":"search_term_string"}}],"inLanguage":"sk-SK"},{"@type":"Organization","@id":"https:\/\/www.vkpbratislava.sk\/#organization","name":"VKP Bratislava","url":"https:\/\/www.vkpbratislava.sk\/","logo":{"@type":"ImageObject","inLanguage":"sk-SK","@id":"https:\/\/www.vkpbratislava.sk\/#\/schema\/logo\/image\/","url":"https:\/\/www.vkpbratislava.sk\/wp-content\/uploads\/2020\/10\/vkpBA.png","contentUrl":"https:\/\/www.vkpbratislava.sk\/wp-content\/uploads\/2020\/10\/vkpBA.png","width":600,"height":600,"caption":"VKP Bratislava"},"image":{"@id":"https:\/\/www.vkpbratislava.sk\/#\/schema\/logo\/image\/"}},{"@type":"Person","@id":"https:\/\/www.vkpbratislava.sk\/#\/schema\/person\/7037e769f9515aa58493d1b5852c4c50","name":"jenca","image":{"@type":"ImageObject","inLanguage":"sk-SK","@id":"https:\/\/www.vkpbratislava.sk\/#\/schema\/person\/image\/","url":"https:\/\/secure.gravatar.com\/avatar\/67aa89e9aab2911bbd0c6fbf0a891ea8d80c207c9b6a6e2c96e13fc2f16e536d?s=96&d=mm&r=g","contentUrl":"https:\/\/secure.gravatar.com\/avatar\/67aa89e9aab2911bbd0c6fbf0a891ea8d80c207c9b6a6e2c96e13fc2f16e536d?s=96&d=mm&r=g","caption":"jenca"},"url":"https:\/\/www.vkpbratislava.sk\/?author=3"}]}},"_links":{"self":[{"href":"https:\/\/www.vkpbratislava.sk\/index.php?rest_route=\/wp\/v2\/posts\/5019","targetHints":{"allow":["GET"]}}],"collection":[{"href":"https:\/\/www.vkpbratislava.sk\/index.php?rest_route=\/wp\/v2\/posts"}],"about":[{"href":"https:\/\/www.vkpbratislava.sk\/index.php?rest_route=\/wp\/v2\/types\/post"}],"author":[{"embeddable":true,"href":"https:\/\/www.vkpbratislava.sk\/index.php?rest_route=\/wp\/v2\/users\/3"}],"replies":[{"embeddable":true,"href":"https:\/\/www.vkpbratislava.sk\/index.php?rest_route=%2Fwp%2Fv2%2Fcomments&post=5019"}],"version-history":[{"count":1,"href":"https:\/\/www.vkpbratislava.sk\/index.php?rest_route=\/wp\/v2\/posts\/5019\/revisions"}],"predecessor-version":[{"id":5020,"href":"https:\/\/www.vkpbratislava.sk\/index.php?rest_route=\/wp\/v2\/posts\/5019\/revisions\/5020"}],"wp:featuredmedia":[{"embeddable":true,"href":"https:\/\/www.vkpbratislava.sk\/index.php?rest_route=\/wp\/v2\/media\/4533"}],"wp:attachment":[{"href":"https:\/\/www.vkpbratislava.sk\/index.php?rest_route=%2Fwp%2Fv2%2Fmedia&parent=5019"}],"wp:term":[{"taxonomy":"category","embeddable":true,"href":"https:\/\/www.vkpbratislava.sk\/index.php?rest_route=%2Fwp%2Fv2%2Fcategories&post=5019"},{"taxonomy":"post_tag","embeddable":true,"href":"https:\/\/www.vkpbratislava.sk\/index.php?rest_route=%2Fwp%2Fv2%2Ftags&post=5019"}],"curies":[{"name":"wp","href":"https:\/\/api.w.org\/{rel}","templated":true}]}}