{"id":50687,"date":"2026-02-01T17:46:23","date_gmt":"2026-02-01T16:46:23","guid":{"rendered":"https:\/\/www.vkpbratislava.sk\/?p=50687"},"modified":"2026-02-01T17:46:23","modified_gmt":"2026-02-01T16:46:23","slug":"robin-pelucha-nebol-to-nas-den-musime-sa-otriast-a-vo-finale-pohara-ukazat-ze-vieme-hrat-pekny-volejbal","status":"publish","type":"post","link":"https:\/\/www.vkpbratislava.sk\/?p=50687","title":{"rendered":"Robin P\u011blucha: Nebol to n\u00e1\u0161 de\u0148, mus\u00edme sa otrias\u0165 a vo fin\u00e1le poh\u00e1ra uk\u00e1za\u0165, \u017ee vieme hra\u0165 pekn\u00fd volejbal"},"content":{"rendered":"<p><strong>Volejbalisti Slovana Bratislava sa len p\u00e1r dn\u00ed po zvl\u00e1dnutej osemfin\u00e1lovej odvete Challenge Cupu proti Liberci predstavili na palubovke Kom\u00e1rna. V gener\u00e1lke na fin\u00e1le Slovensk\u00e9ho poh\u00e1ra v\u0161ak uspeli dom\u00e1ci, ktor\u00ed zv\u00ed\u0165azili 3:1.<\/strong><\/p>\n<p>&nbsp;<\/p>\n<p>K\u00a0z\u00e1pasu sa vyjadril Franti\u0161ek Ogur\u010d\u00e1k, tr\u00e9ner Riekeru UJS: <strong>\u201eVynikaj\u00faci vstup, aj ke\u010f sme prehr\u00e1vali o 1 \u2013 2 body, ale videl som, \u017ee s\u00fastredenie bolo dobr\u00e9. \u00da\u017easn\u00fd servis. Samozrejme, takto sa ned\u00e1 hra\u0165 cel\u00fd \u010das. Mali sme mo\u017eno p\u00e4\u0165 es, servis mal eur\u00f3pske parametre. Ve\u013emi pekne \u010fakujem v\u0161etk\u00fdm striedaj\u00facim hr\u00e1\u010dom. V\u0161etci, ktor\u00ed pri\u0161li, neuverite\u013ene pomohli. Ve\u013emi dobr\u00fd t\u00edmov\u00fd v\u00fdkon, kone\u010dne sme dok\u00e1zali dotiahnu\u0165 dobre rozbehnut\u00fd z\u00e1pas. Je to dobr\u00e9 znamenie pred fin\u00e1le poh\u00e1ra. Oni n\u00e1m to bud\u00fa chcie\u0165 vr\u00e1ti\u0165, tak\u017ee to bude o tom, kto bude ma\u0165 lep\u0161iu formu. Pevne ver\u00edm, \u017ee to zvl\u00e1dneme.\u201c<\/strong><\/p>\n<p><strong>\u201eGratulujem dom\u00e1cim k zasl\u00fa\u017een\u00e9mu v\u00ed\u0165azstvu. Hrali pekn\u00fd, odv\u00e1\u017eny volejbal. Mali sme momenty, ale stratili vedenie a neudr\u017eali koncentr\u00e1ciu. Zlomov\u00fd bol pravdepodobne druh\u00fd set, v ktorom sme vyhr\u00e1vali, ale aj vlastn\u00fdm pri\u010dinen\u00edm prehrali. Zjavne to nebol n\u00e1\u0161 de\u0148, ale mus\u00edme sa otrias\u0165 a uk\u00e1za\u0165 vo fin\u00e1le poh\u00e1ra, \u017ee vieme hra\u0165 pekn\u00fd volejbal,\u201c <\/strong>dodal Robin P\u011blucha, tr\u00e9ner VK Slovan.<\/p>\n<p>&nbsp;<\/p>\n<p><strong>Nik\u00e9 Extraliga mu\u017eov \u2013 z\u00e1kladn\u00e1 \u010das\u0165 &#8211; 14. kolo \u2013 sobota:<\/strong><\/p>\n<p><strong>Rieker UJS Kom\u00e1rno \u2013 VK Slovan Bratislava 3:1 (17, 23, -19, 20)<\/strong><\/p>\n<p><strong>Hr\u00e1\u010d z\u00e1pasu:<\/strong> Tom\u00e1\u0161 Halanda (Rieker UJS Kom\u00e1rno)<\/p>\n<p><strong>RIEKER UJS:<\/strong> Ma\u010duha 10, Hulpach 15, T. Halanda 20, M. Zeman 4, Kasperkevi\u010d 3, Smolej 12, libero Pati-Nagy (S\u00e1nta 3, Go\u010d 2, Forr\u00f3 3, \u00c1. B. Li\u0161ka 3). Tr\u00e9ner: F. Ogur\u010d\u00e1k.<\/p>\n<p><strong>VK SLOVAN:<\/strong> Za\u0165ko 2, Truba\u010d 14, \u0160ellong 4, Mlynar\u010d\u00edk 14, Kri\u0161ko 9, Billich 9, liberovia Jakub\u00edk a Pat\u00fac (Belas 0, Fo\u0159t 1, Marjov 5). Tr\u00e9ner: R. P\u011blucha.<\/p>\n<p><strong>Rozhodovali:<\/strong> Hr\u010dka a Schimpl \u2013 350 div\u00e1kov.<\/p>\n<p>&nbsp;<\/p>\n<p>Zdroj: VK Slovan, svf<\/p>\n<p>&nbsp;<\/p>\n<p>&nbsp;<\/p>\n","protected":false},"excerpt":{"rendered":"<p>Volejbalisti Slovana Bratislava sa len p\u00e1r dn\u00ed po zvl\u00e1dnutej osemfin\u00e1lovej odvete Challenge Cupu proti Liberci predstavili na palubovke Kom\u00e1rna. V gener\u00e1lke na fin\u00e1le Slovensk\u00e9ho poh\u00e1ra v\u0161ak uspeli dom\u00e1ci, ktor\u00ed zv\u00ed\u0165azili 3:1. &nbsp; K\u00a0z\u00e1pasu sa vyjadril Franti\u0161ek Ogur\u010d\u00e1k, tr\u00e9ner Riekeru UJS: \u201eVynikaj\u00faci vstup, aj ke\u010f sme prehr\u00e1vali o 1 \u2013 2 body, ale videl som, \u017ee&#8230;<\/p>\n","protected":false},"author":3,"featured_media":50527,"comment_status":"closed","ping_status":"closed","sticky":false,"template":"","format":"standard","meta":{"_monsterinsights_skip_tracking":false,"_monsterinsights_sitenote_active":false,"_monsterinsights_sitenote_note":"","_monsterinsights_sitenote_category":0,"footnotes":""},"categories":[47],"tags":[],"class_list":["post-50687","post","type-post","status-publish","format-standard","has-post-thumbnail","hentry","category-muzi"],"yoast_head":"<!-- This site is optimized with the Yoast SEO plugin v25.6 - https:\/\/yoast.com\/wordpress\/plugins\/seo\/ -->\n<title>Robin P\u011blucha: Nebol to n\u00e1\u0161 de\u0148, mus\u00edme sa otrias\u0165 a vo fin\u00e1le poh\u00e1ra uk\u00e1za\u0165, \u017ee vieme hra\u0165 pekn\u00fd volejbal - VK SLOVAN Bratislava<\/title>\n<meta name=\"robots\" content=\"index, follow, max-snippet:-1, max-image-preview:large, max-video-preview:-1\" \/>\n<link rel=\"canonical\" href=\"https:\/\/www.vkpbratislava.sk\/?p=50687\" \/>\n<meta property=\"og:locale\" content=\"sk_SK\" \/>\n<meta property=\"og:type\" content=\"article\" \/>\n<meta property=\"og:title\" content=\"Robin P\u011blucha: Nebol to n\u00e1\u0161 de\u0148, mus\u00edme sa otrias\u0165 a vo fin\u00e1le poh\u00e1ra uk\u00e1za\u0165, \u017ee vieme hra\u0165 pekn\u00fd volejbal - VK SLOVAN Bratislava\" \/>\n<meta property=\"og:description\" content=\"Volejbalisti Slovana Bratislava sa len p\u00e1r dn\u00ed po zvl\u00e1dnutej osemfin\u00e1lovej odvete Challenge Cupu proti Liberci predstavili na palubovke Kom\u00e1rna. V gener\u00e1lke na fin\u00e1le Slovensk\u00e9ho poh\u00e1ra v\u0161ak uspeli dom\u00e1ci, ktor\u00ed zv\u00ed\u0165azili 3:1. &nbsp; K\u00a0z\u00e1pasu sa vyjadril Franti\u0161ek Ogur\u010d\u00e1k, tr\u00e9ner Riekeru UJS: \u201eVynikaj\u00faci vstup, aj ke\u010f sme prehr\u00e1vali o 1 \u2013 2 body, ale videl som, \u017ee...\" \/>\n<meta property=\"og:url\" content=\"https:\/\/www.vkpbratislava.sk\/?p=50687\" \/>\n<meta property=\"og:site_name\" content=\"VK SLOVAN Bratislava\" \/>\n<meta property=\"article:published_time\" content=\"2026-02-01T16:46:23+00:00\" \/>\n<meta property=\"og:image\" content=\"https:\/\/www.vkpbratislava.sk\/wp-content\/uploads\/2026\/02\/MS_20260131_ELSlovanvsKomarno-68-1280x853.jpg\" \/>\n\t<meta property=\"og:image:width\" content=\"1280\" \/>\n\t<meta property=\"og:image:height\" content=\"853\" \/>\n\t<meta property=\"og:image:type\" content=\"image\/jpeg\" \/>\n<meta name=\"author\" content=\"jenca\" \/>\n<meta name=\"twitter:card\" content=\"summary_large_image\" \/>\n<meta name=\"twitter:label1\" content=\"Autor\" \/>\n\t<meta name=\"twitter:data1\" content=\"jenca\" \/>\n\t<meta name=\"twitter:label2\" content=\"Predpokladan\u00fd \u010das \u010d\u00edtania\" \/>\n\t<meta name=\"twitter:data2\" content=\"1 min\u00fata\" \/>\n<script type=\"application\/ld+json\" class=\"yoast-schema-graph\">{\"@context\":\"https:\/\/schema.org\",\"@graph\":[{\"@type\":\"Article\",\"@id\":\"https:\/\/www.vkpbratislava.sk\/?p=50687#article\",\"isPartOf\":{\"@id\":\"https:\/\/www.vkpbratislava.sk\/?p=50687\"},\"author\":{\"name\":\"jenca\",\"@id\":\"https:\/\/www.vkpbratislava.sk\/#\/schema\/person\/7037e769f9515aa58493d1b5852c4c50\"},\"headline\":\"Robin P\u011blucha: Nebol to n\u00e1\u0161 de\u0148, mus\u00edme sa otrias\u0165 a vo fin\u00e1le poh\u00e1ra uk\u00e1za\u0165, \u017ee vieme hra\u0165 pekn\u00fd volejbal\",\"datePublished\":\"2026-02-01T16:46:23+00:00\",\"mainEntityOfPage\":{\"@id\":\"https:\/\/www.vkpbratislava.sk\/?p=50687\"},\"wordCount\":356,\"publisher\":{\"@id\":\"https:\/\/www.vkpbratislava.sk\/#organization\"},\"image\":{\"@id\":\"https:\/\/www.vkpbratislava.sk\/?p=50687#primaryimage\"},\"thumbnailUrl\":\"https:\/\/www.vkpbratislava.sk\/wp-content\/uploads\/2026\/02\/MS_20260131_ELSlovanvsKomarno-68.jpg\",\"articleSection\":[\"Mu\u017ei\"],\"inLanguage\":\"sk-SK\"},{\"@type\":\"WebPage\",\"@id\":\"https:\/\/www.vkpbratislava.sk\/?p=50687\",\"url\":\"https:\/\/www.vkpbratislava.sk\/?p=50687\",\"name\":\"Robin P\u011blucha: Nebol to n\u00e1\u0161 de\u0148, mus\u00edme sa otrias\u0165 a vo fin\u00e1le poh\u00e1ra uk\u00e1za\u0165, \u017ee vieme hra\u0165 pekn\u00fd volejbal - VK SLOVAN Bratislava\",\"isPartOf\":{\"@id\":\"https:\/\/www.vkpbratislava.sk\/#website\"},\"primaryImageOfPage\":{\"@id\":\"https:\/\/www.vkpbratislava.sk\/?p=50687#primaryimage\"},\"image\":{\"@id\":\"https:\/\/www.vkpbratislava.sk\/?p=50687#primaryimage\"},\"thumbnailUrl\":\"https:\/\/www.vkpbratislava.sk\/wp-content\/uploads\/2026\/02\/MS_20260131_ELSlovanvsKomarno-68.jpg\",\"datePublished\":\"2026-02-01T16:46:23+00:00\",\"breadcrumb\":{\"@id\":\"https:\/\/www.vkpbratislava.sk\/?p=50687#breadcrumb\"},\"inLanguage\":\"sk-SK\",\"potentialAction\":[{\"@type\":\"ReadAction\",\"target\":[\"https:\/\/www.vkpbratislava.sk\/?p=50687\"]}]},{\"@type\":\"ImageObject\",\"inLanguage\":\"sk-SK\",\"@id\":\"https:\/\/www.vkpbratislava.sk\/?p=50687#primaryimage\",\"url\":\"https:\/\/www.vkpbratislava.sk\/wp-content\/uploads\/2026\/02\/MS_20260131_ELSlovanvsKomarno-68.jpg\",\"contentUrl\":\"https:\/\/www.vkpbratislava.sk\/wp-content\/uploads\/2026\/02\/MS_20260131_ELSlovanvsKomarno-68.jpg\",\"width\":2048,\"height\":1365},{\"@type\":\"BreadcrumbList\",\"@id\":\"https:\/\/www.vkpbratislava.sk\/?p=50687#breadcrumb\",\"itemListElement\":[{\"@type\":\"ListItem\",\"position\":1,\"name\":\"Domov\",\"item\":\"https:\/\/www.vkpbratislava.sk\/\"},{\"@type\":\"ListItem\",\"position\":2,\"name\":\"Robin P\u011blucha: Nebol to n\u00e1\u0161 de\u0148, mus\u00edme sa otrias\u0165 a vo fin\u00e1le poh\u00e1ra uk\u00e1za\u0165, \u017ee vieme hra\u0165 pekn\u00fd volejbal\"}]},{\"@type\":\"WebSite\",\"@id\":\"https:\/\/www.vkpbratislava.sk\/#website\",\"url\":\"https:\/\/www.vkpbratislava.sk\/\",\"name\":\"VK SLOVAN Bratislava\",\"description\":\"Volejbalov\u00fd klub\",\"publisher\":{\"@id\":\"https:\/\/www.vkpbratislava.sk\/#organization\"},\"potentialAction\":[{\"@type\":\"SearchAction\",\"target\":{\"@type\":\"EntryPoint\",\"urlTemplate\":\"https:\/\/www.vkpbratislava.sk\/?s={search_term_string}\"},\"query-input\":{\"@type\":\"PropertyValueSpecification\",\"valueRequired\":true,\"valueName\":\"search_term_string\"}}],\"inLanguage\":\"sk-SK\"},{\"@type\":\"Organization\",\"@id\":\"https:\/\/www.vkpbratislava.sk\/#organization\",\"name\":\"VKP Bratislava\",\"url\":\"https:\/\/www.vkpbratislava.sk\/\",\"logo\":{\"@type\":\"ImageObject\",\"inLanguage\":\"sk-SK\",\"@id\":\"https:\/\/www.vkpbratislava.sk\/#\/schema\/logo\/image\/\",\"url\":\"https:\/\/www.vkpbratislava.sk\/wp-content\/uploads\/2020\/10\/vkpBA.png\",\"contentUrl\":\"https:\/\/www.vkpbratislava.sk\/wp-content\/uploads\/2020\/10\/vkpBA.png\",\"width\":600,\"height\":600,\"caption\":\"VKP Bratislava\"},\"image\":{\"@id\":\"https:\/\/www.vkpbratislava.sk\/#\/schema\/logo\/image\/\"}},{\"@type\":\"Person\",\"@id\":\"https:\/\/www.vkpbratislava.sk\/#\/schema\/person\/7037e769f9515aa58493d1b5852c4c50\",\"name\":\"jenca\",\"image\":{\"@type\":\"ImageObject\",\"inLanguage\":\"sk-SK\",\"@id\":\"https:\/\/www.vkpbratislava.sk\/#\/schema\/person\/image\/\",\"url\":\"https:\/\/secure.gravatar.com\/avatar\/67aa89e9aab2911bbd0c6fbf0a891ea8d80c207c9b6a6e2c96e13fc2f16e536d?s=96&d=mm&r=g\",\"contentUrl\":\"https:\/\/secure.gravatar.com\/avatar\/67aa89e9aab2911bbd0c6fbf0a891ea8d80c207c9b6a6e2c96e13fc2f16e536d?s=96&d=mm&r=g\",\"caption\":\"jenca\"},\"url\":\"https:\/\/www.vkpbratislava.sk\/?author=3\"}]}<\/script>\n<!-- \/ Yoast SEO plugin. -->","yoast_head_json":{"title":"Robin P\u011blucha: Nebol to n\u00e1\u0161 de\u0148, mus\u00edme sa otrias\u0165 a vo fin\u00e1le poh\u00e1ra uk\u00e1za\u0165, \u017ee vieme hra\u0165 pekn\u00fd volejbal - VK SLOVAN Bratislava","robots":{"index":"index","follow":"follow","max-snippet":"max-snippet:-1","max-image-preview":"max-image-preview:large","max-video-preview":"max-video-preview:-1"},"canonical":"https:\/\/www.vkpbratislava.sk\/?p=50687","og_locale":"sk_SK","og_type":"article","og_title":"Robin P\u011blucha: Nebol to n\u00e1\u0161 de\u0148, mus\u00edme sa otrias\u0165 a vo fin\u00e1le poh\u00e1ra uk\u00e1za\u0165, \u017ee vieme hra\u0165 pekn\u00fd volejbal - VK SLOVAN Bratislava","og_description":"Volejbalisti Slovana Bratislava sa len p\u00e1r dn\u00ed po zvl\u00e1dnutej osemfin\u00e1lovej odvete Challenge Cupu proti Liberci predstavili na palubovke Kom\u00e1rna. V gener\u00e1lke na fin\u00e1le Slovensk\u00e9ho poh\u00e1ra v\u0161ak uspeli dom\u00e1ci, ktor\u00ed zv\u00ed\u0165azili 3:1. &nbsp; K\u00a0z\u00e1pasu sa vyjadril Franti\u0161ek Ogur\u010d\u00e1k, tr\u00e9ner Riekeru UJS: \u201eVynikaj\u00faci vstup, aj ke\u010f sme prehr\u00e1vali o 1 \u2013 2 body, ale videl som, \u017ee...","og_url":"https:\/\/www.vkpbratislava.sk\/?p=50687","og_site_name":"VK SLOVAN Bratislava","article_published_time":"2026-02-01T16:46:23+00:00","og_image":[{"width":1280,"height":853,"url":"https:\/\/www.vkpbratislava.sk\/wp-content\/uploads\/2026\/02\/MS_20260131_ELSlovanvsKomarno-68-1280x853.jpg","type":"image\/jpeg"}],"author":"jenca","twitter_card":"summary_large_image","twitter_misc":{"Autor":"jenca","Predpokladan\u00fd \u010das \u010d\u00edtania":"1 min\u00fata"},"schema":{"@context":"https:\/\/schema.org","@graph":[{"@type":"Article","@id":"https:\/\/www.vkpbratislava.sk\/?p=50687#article","isPartOf":{"@id":"https:\/\/www.vkpbratislava.sk\/?p=50687"},"author":{"name":"jenca","@id":"https:\/\/www.vkpbratislava.sk\/#\/schema\/person\/7037e769f9515aa58493d1b5852c4c50"},"headline":"Robin P\u011blucha: Nebol to n\u00e1\u0161 de\u0148, mus\u00edme sa otrias\u0165 a vo fin\u00e1le poh\u00e1ra uk\u00e1za\u0165, \u017ee vieme hra\u0165 pekn\u00fd volejbal","datePublished":"2026-02-01T16:46:23+00:00","mainEntityOfPage":{"@id":"https:\/\/www.vkpbratislava.sk\/?p=50687"},"wordCount":356,"publisher":{"@id":"https:\/\/www.vkpbratislava.sk\/#organization"},"image":{"@id":"https:\/\/www.vkpbratislava.sk\/?p=50687#primaryimage"},"thumbnailUrl":"https:\/\/www.vkpbratislava.sk\/wp-content\/uploads\/2026\/02\/MS_20260131_ELSlovanvsKomarno-68.jpg","articleSection":["Mu\u017ei"],"inLanguage":"sk-SK"},{"@type":"WebPage","@id":"https:\/\/www.vkpbratislava.sk\/?p=50687","url":"https:\/\/www.vkpbratislava.sk\/?p=50687","name":"Robin P\u011blucha: Nebol to n\u00e1\u0161 de\u0148, mus\u00edme sa otrias\u0165 a vo fin\u00e1le poh\u00e1ra uk\u00e1za\u0165, \u017ee vieme hra\u0165 pekn\u00fd volejbal - VK SLOVAN Bratislava","isPartOf":{"@id":"https:\/\/www.vkpbratislava.sk\/#website"},"primaryImageOfPage":{"@id":"https:\/\/www.vkpbratislava.sk\/?p=50687#primaryimage"},"image":{"@id":"https:\/\/www.vkpbratislava.sk\/?p=50687#primaryimage"},"thumbnailUrl":"https:\/\/www.vkpbratislava.sk\/wp-content\/uploads\/2026\/02\/MS_20260131_ELSlovanvsKomarno-68.jpg","datePublished":"2026-02-01T16:46:23+00:00","breadcrumb":{"@id":"https:\/\/www.vkpbratislava.sk\/?p=50687#breadcrumb"},"inLanguage":"sk-SK","potentialAction":[{"@type":"ReadAction","target":["https:\/\/www.vkpbratislava.sk\/?p=50687"]}]},{"@type":"ImageObject","inLanguage":"sk-SK","@id":"https:\/\/www.vkpbratislava.sk\/?p=50687#primaryimage","url":"https:\/\/www.vkpbratislava.sk\/wp-content\/uploads\/2026\/02\/MS_20260131_ELSlovanvsKomarno-68.jpg","contentUrl":"https:\/\/www.vkpbratislava.sk\/wp-content\/uploads\/2026\/02\/MS_20260131_ELSlovanvsKomarno-68.jpg","width":2048,"height":1365},{"@type":"BreadcrumbList","@id":"https:\/\/www.vkpbratislava.sk\/?p=50687#breadcrumb","itemListElement":[{"@type":"ListItem","position":1,"name":"Domov","item":"https:\/\/www.vkpbratislava.sk\/"},{"@type":"ListItem","position":2,"name":"Robin P\u011blucha: Nebol to n\u00e1\u0161 de\u0148, mus\u00edme sa otrias\u0165 a vo fin\u00e1le poh\u00e1ra uk\u00e1za\u0165, \u017ee vieme hra\u0165 pekn\u00fd volejbal"}]},{"@type":"WebSite","@id":"https:\/\/www.vkpbratislava.sk\/#website","url":"https:\/\/www.vkpbratislava.sk\/","name":"VK SLOVAN Bratislava","description":"Volejbalov\u00fd klub","publisher":{"@id":"https:\/\/www.vkpbratislava.sk\/#organization"},"potentialAction":[{"@type":"SearchAction","target":{"@type":"EntryPoint","urlTemplate":"https:\/\/www.vkpbratislava.sk\/?s={search_term_string}"},"query-input":{"@type":"PropertyValueSpecification","valueRequired":true,"valueName":"search_term_string"}}],"inLanguage":"sk-SK"},{"@type":"Organization","@id":"https:\/\/www.vkpbratislava.sk\/#organization","name":"VKP Bratislava","url":"https:\/\/www.vkpbratislava.sk\/","logo":{"@type":"ImageObject","inLanguage":"sk-SK","@id":"https:\/\/www.vkpbratislava.sk\/#\/schema\/logo\/image\/","url":"https:\/\/www.vkpbratislava.sk\/wp-content\/uploads\/2020\/10\/vkpBA.png","contentUrl":"https:\/\/www.vkpbratislava.sk\/wp-content\/uploads\/2020\/10\/vkpBA.png","width":600,"height":600,"caption":"VKP Bratislava"},"image":{"@id":"https:\/\/www.vkpbratislava.sk\/#\/schema\/logo\/image\/"}},{"@type":"Person","@id":"https:\/\/www.vkpbratislava.sk\/#\/schema\/person\/7037e769f9515aa58493d1b5852c4c50","name":"jenca","image":{"@type":"ImageObject","inLanguage":"sk-SK","@id":"https:\/\/www.vkpbratislava.sk\/#\/schema\/person\/image\/","url":"https:\/\/secure.gravatar.com\/avatar\/67aa89e9aab2911bbd0c6fbf0a891ea8d80c207c9b6a6e2c96e13fc2f16e536d?s=96&d=mm&r=g","contentUrl":"https:\/\/secure.gravatar.com\/avatar\/67aa89e9aab2911bbd0c6fbf0a891ea8d80c207c9b6a6e2c96e13fc2f16e536d?s=96&d=mm&r=g","caption":"jenca"},"url":"https:\/\/www.vkpbratislava.sk\/?author=3"}]}},"_links":{"self":[{"href":"https:\/\/www.vkpbratislava.sk\/index.php?rest_route=\/wp\/v2\/posts\/50687","targetHints":{"allow":["GET"]}}],"collection":[{"href":"https:\/\/www.vkpbratislava.sk\/index.php?rest_route=\/wp\/v2\/posts"}],"about":[{"href":"https:\/\/www.vkpbratislava.sk\/index.php?rest_route=\/wp\/v2\/types\/post"}],"author":[{"embeddable":true,"href":"https:\/\/www.vkpbratislava.sk\/index.php?rest_route=\/wp\/v2\/users\/3"}],"replies":[{"embeddable":true,"href":"https:\/\/www.vkpbratislava.sk\/index.php?rest_route=%2Fwp%2Fv2%2Fcomments&post=50687"}],"version-history":[{"count":1,"href":"https:\/\/www.vkpbratislava.sk\/index.php?rest_route=\/wp\/v2\/posts\/50687\/revisions"}],"predecessor-version":[{"id":50688,"href":"https:\/\/www.vkpbratislava.sk\/index.php?rest_route=\/wp\/v2\/posts\/50687\/revisions\/50688"}],"wp:featuredmedia":[{"embeddable":true,"href":"https:\/\/www.vkpbratislava.sk\/index.php?rest_route=\/wp\/v2\/media\/50527"}],"wp:attachment":[{"href":"https:\/\/www.vkpbratislava.sk\/index.php?rest_route=%2Fwp%2Fv2%2Fmedia&parent=50687"}],"wp:term":[{"taxonomy":"category","embeddable":true,"href":"https:\/\/www.vkpbratislava.sk\/index.php?rest_route=%2Fwp%2Fv2%2Fcategories&post=50687"},{"taxonomy":"post_tag","embeddable":true,"href":"https:\/\/www.vkpbratislava.sk\/index.php?rest_route=%2Fwp%2Fv2%2Ftags&post=50687"}],"curies":[{"name":"wp","href":"https:\/\/api.w.org\/{rel}","templated":true}]}}