{"id":5167,"date":"2021-04-07T21:02:28","date_gmt":"2021-04-07T19:02:28","guid":{"rendered":"https:\/\/www.vkpbratislava.sk\/?p=5167"},"modified":"2021-04-26T17:27:36","modified_gmt":"2021-04-26T15:27:36","slug":"kapitan-zatko-a-libero-nemec-do-repre-pomoct-k-postupu","status":"publish","type":"post","link":"https:\/\/www.vkpbratislava.sk\/?p=5167","title":{"rendered":"Kapit\u00e1n Za\u0165ko a\u00a0libero Nemec do repre: Pom\u00f4c\u0165 k postupu"},"content":{"rendered":"<p><strong>Dvaja hr\u00e1\u010di z\u00a0n\u00e1\u0161ho k\u00e1dra, kapit\u00e1n Juraj Za\u0165ko a\u00a0libero \u013dubo\u0161 Nemec figuruj\u00fa v\u00a0nomin\u00e1cii reprezent\u00e1cie Slovenska na kvalifik\u00e1ciu majstrovstiev Eur\u00f3py.<\/strong><\/p>\n<p>Pr\u00edprava pod veden\u00edm tr\u00e9nera Mareka Kardo\u0161a od\u0161tartuje 14. apr\u00edla v\u00a0Nitre. Po\u010das nej odohr\u00e1 Slovensko aj s\u00a0na\u0161imi oporami tri pr\u00edpravn\u00e9 z\u00e1pasy v\u00a0dom\u00e1com prostred\u00ed s\u00a0\u010ceskom. Prv\u00fd turnaj o\u00a0postup na eur\u00f3psky \u0161ampion\u00e1t sa odohr\u00e1 v\u00a0term\u00edne 7. &#8211; 9. m\u00e1ja (Nitra). Postupne sa n\u00e1rodn\u00fd t\u00edm predstav\u00ed proti \u0160vaj\u010diarsku, Rumunsku a\u00a0Alb\u00e1nsku. Pred druh\u00fdm turnajom sa\u00a0bud\u00fa Slov\u00e1ci pripravova\u0165 v\u00a0P\u00fachove (10. &#8211; 13. m\u00e1ja) a\u00a0n\u00e1sledne s\u00a0rovnak\u00fdmi s\u00fapermi zabojuj\u00fa o\u00a0postup na turnaji v\u00a0Rumunsku. \u201eP\u00f4vodne sme sa mali z\u00eds\u0165 v\u00a0janu\u00e1ri, ale presunulo sa to na m\u00e1j. Som r\u00e1d, \u017ee sa z\u00fa\u010dastn\u00edm zrazu a\u00a0te\u0161\u00edm sa z\u00a0pozv\u00e1nky do repre. Pr\u00edprava nebude dlh\u00e1, tento re\u017eim mi vyhovuje. Sprav\u00edme maximum, aby sa n\u00e1m podarilo post\u00fapi\u0165 na eur\u00f3psky \u0161ampion\u00e1t. N\u00e1sledne presedl\u00e1m na beach volejbal, ktor\u00fd preferujem v\u00a0lete, tak\u017ee Eur\u00f3psku ligu ur\u010dite vynech\u00e1m. No, a\u00a0v\u00a0pr\u00edpade postupu na Euro je m\u00f4j \u0161tart e\u0161te ot\u00e1zny,\u201c uviedol \u013dubo\u0161 Nemec a\u00a0dodal: \u201eMysl\u00edm si, \u017ee sme favoritom. Predpoklad\u00e1 sa, \u017ee post\u00fapime a\u00a0ver\u00edm, \u017ee sa n\u00e1m to podar\u00ed.\u201c<\/p>\n<p><img loading=\"lazy\" decoding=\"async\" class=\"alignnone wp-image-5123\" src=\"https:\/\/www.vkpbratislava.sk\/wp-content\/uploads\/2021\/03\/DF1A3161-640x427.jpg\" alt=\"\" width=\"408\" height=\"272\" srcset=\"https:\/\/www.vkpbratislava.sk\/wp-content\/uploads\/2021\/03\/DF1A3161-640x427.jpg 640w, https:\/\/www.vkpbratislava.sk\/wp-content\/uploads\/2021\/03\/DF1A3161-1280x853.jpg 1280w, https:\/\/www.vkpbratislava.sk\/wp-content\/uploads\/2021\/03\/DF1A3161-768x512.jpg 768w, https:\/\/www.vkpbratislava.sk\/wp-content\/uploads\/2021\/03\/DF1A3161-1536x1024.jpg 1536w, https:\/\/www.vkpbratislava.sk\/wp-content\/uploads\/2021\/03\/DF1A3161-320x213.jpg 320w, https:\/\/www.vkpbratislava.sk\/wp-content\/uploads\/2021\/03\/DF1A3161-600x400.jpg 600w, https:\/\/www.vkpbratislava.sk\/wp-content\/uploads\/2021\/03\/DF1A3161.jpg 2048w\" sizes=\"auto, (max-width: 408px) 100vw, 408px\" \/><\/p>\n<p>Kapit\u00e1n Juraj Za\u0165ko je s\u00a0243 \u0161tartmi rekord\u00e9rom v\u00a0n\u00e1rodnom drese. Nikto nenast\u00fapil za najcennej\u0161\u00ed dres \u010dastej\u0161ie ako on. \u201eRozhodnutie prija\u0165 pozv\u00e1nku do repre bolo tentoraz ve\u013emi \u0165a\u017ek\u00e9, ale nakoniec sme sa za ur\u010dit\u00fdch kompromisn\u00fdch podmienok dohodli. Pok\u00fasim sa pom\u00f4c\u0165 t\u00edmu k\u00a0postupu na majstrovstv\u00e1 Eur\u00f3py. A\u017e na jednu absenciu budeme v\u00a0plnej sile a\u00a0doplnen\u00ed ve\u013emi zauj\u00edmav\u00fdmi mlad\u00fdmi hr\u00e1\u010dmi. Ver\u00edm, \u017ee t\u00edm bude dostato\u010dne siln\u00fd, aby sme kvalifik\u00e1ciu zvl\u00e1dli. Najv\u00e4\u010d\u0161\u00ed probl\u00e9m asi bud\u00fa robi\u0165 Rumuni, ale mus\u00edme sa s\u00a0t\u00fdm popasova\u0165,\u201c uviedol sk\u00fasen\u00fd nahr\u00e1va\u010d Juraj Za\u0165ko.<\/p>\n<p><img loading=\"lazy\" decoding=\"async\" class=\"alignnone wp-image-5104\" src=\"https:\/\/www.vkpbratislava.sk\/wp-content\/uploads\/2021\/03\/DF1A3210-640x427.jpg\" alt=\"\" width=\"413\" height=\"275\" srcset=\"https:\/\/www.vkpbratislava.sk\/wp-content\/uploads\/2021\/03\/DF1A3210-640x427.jpg 640w, https:\/\/www.vkpbratislava.sk\/wp-content\/uploads\/2021\/03\/DF1A3210-1280x853.jpg 1280w, https:\/\/www.vkpbratislava.sk\/wp-content\/uploads\/2021\/03\/DF1A3210-768x512.jpg 768w, https:\/\/www.vkpbratislava.sk\/wp-content\/uploads\/2021\/03\/DF1A3210-1536x1024.jpg 1536w, https:\/\/www.vkpbratislava.sk\/wp-content\/uploads\/2021\/03\/DF1A3210-320x213.jpg 320w, https:\/\/www.vkpbratislava.sk\/wp-content\/uploads\/2021\/03\/DF1A3210-600x400.jpg 600w, https:\/\/www.vkpbratislava.sk\/wp-content\/uploads\/2021\/03\/DF1A3210.jpg 2048w\" sizes=\"auto, (max-width: 413px) 100vw, 413px\" \/><\/p>\n<p>Text: Nina Osvaldov\u00e1, foto: Michal \u0160p\u00e1nik<\/p>\n","protected":false},"excerpt":{"rendered":"<p>Dvaja hr\u00e1\u010di z\u00a0n\u00e1\u0161ho k\u00e1dra, kapit\u00e1n Juraj Za\u0165ko a\u00a0libero \u013dubo\u0161 Nemec figuruj\u00fa v\u00a0nomin\u00e1cii reprezent\u00e1cie Slovenska na kvalifik\u00e1ciu majstrovstiev Eur\u00f3py.<\/p>\n","protected":false},"author":3,"featured_media":0,"comment_status":"closed","ping_status":"open","sticky":false,"template":"","format":"standard","meta":{"_monsterinsights_skip_tracking":false,"_monsterinsights_sitenote_active":false,"_monsterinsights_sitenote_note":"","_monsterinsights_sitenote_category":0,"footnotes":""},"categories":[47],"tags":[],"class_list":["post-5167","post","type-post","status-publish","format-standard","hentry","category-muzi"],"yoast_head":"<!-- This site is optimized with the Yoast SEO plugin v25.6 - https:\/\/yoast.com\/wordpress\/plugins\/seo\/ -->\n<title>Kapit\u00e1n Za\u0165ko a\u00a0libero Nemec do repre: Pom\u00f4c\u0165 k postupu - VK SLOVAN Bratislava<\/title>\n<meta name=\"robots\" content=\"index, follow, max-snippet:-1, max-image-preview:large, max-video-preview:-1\" \/>\n<link rel=\"canonical\" href=\"https:\/\/www.vkpbratislava.sk\/?p=5167\" \/>\n<meta property=\"og:locale\" content=\"sk_SK\" \/>\n<meta property=\"og:type\" content=\"article\" \/>\n<meta property=\"og:title\" content=\"Kapit\u00e1n Za\u0165ko a\u00a0libero Nemec do repre: Pom\u00f4c\u0165 k postupu - VK SLOVAN Bratislava\" \/>\n<meta property=\"og:description\" content=\"Dvaja hr\u00e1\u010di z\u00a0n\u00e1\u0161ho k\u00e1dra, kapit\u00e1n Juraj Za\u0165ko a\u00a0libero \u013dubo\u0161 Nemec figuruj\u00fa v\u00a0nomin\u00e1cii reprezent\u00e1cie Slovenska na kvalifik\u00e1ciu majstrovstiev Eur\u00f3py.\" \/>\n<meta property=\"og:url\" content=\"https:\/\/www.vkpbratislava.sk\/?p=5167\" \/>\n<meta property=\"og:site_name\" content=\"VK SLOVAN Bratislava\" \/>\n<meta property=\"article:published_time\" content=\"2021-04-07T19:02:28+00:00\" \/>\n<meta property=\"article:modified_time\" content=\"2021-04-26T15:27:36+00:00\" \/>\n<meta property=\"og:image\" content=\"https:\/\/www.vkpbratislava.sk\/wp-content\/uploads\/2021\/03\/DF1A9916-1280x853.jpg\" \/>\n\t<meta property=\"og:image:width\" content=\"1280\" \/>\n\t<meta property=\"og:image:height\" content=\"853\" \/>\n\t<meta property=\"og:image:type\" content=\"image\/jpeg\" \/>\n<meta name=\"author\" content=\"jenca\" \/>\n<meta name=\"twitter:card\" content=\"summary_large_image\" \/>\n<meta name=\"twitter:label1\" content=\"Autor\" \/>\n\t<meta name=\"twitter:data1\" content=\"jenca\" \/>\n\t<meta name=\"twitter:label2\" content=\"Predpokladan\u00fd \u010das \u010d\u00edtania\" \/>\n\t<meta name=\"twitter:data2\" content=\"2 min\u00faty\" \/>\n<script type=\"application\/ld+json\" class=\"yoast-schema-graph\">{\"@context\":\"https:\/\/schema.org\",\"@graph\":[{\"@type\":\"Article\",\"@id\":\"https:\/\/www.vkpbratislava.sk\/?p=5167#article\",\"isPartOf\":{\"@id\":\"https:\/\/www.vkpbratislava.sk\/?p=5167\"},\"author\":{\"name\":\"jenca\",\"@id\":\"https:\/\/www.vkpbratislava.sk\/#\/schema\/person\/7037e769f9515aa58493d1b5852c4c50\"},\"headline\":\"Kapit\u00e1n Za\u0165ko a\u00a0libero Nemec do repre: Pom\u00f4c\u0165 k postupu\",\"datePublished\":\"2021-04-07T19:02:28+00:00\",\"dateModified\":\"2021-04-26T15:27:36+00:00\",\"mainEntityOfPage\":{\"@id\":\"https:\/\/www.vkpbratislava.sk\/?p=5167\"},\"wordCount\":387,\"publisher\":{\"@id\":\"https:\/\/www.vkpbratislava.sk\/#organization\"},\"image\":{\"@id\":\"https:\/\/www.vkpbratislava.sk\/?p=5167#primaryimage\"},\"thumbnailUrl\":\"https:\/\/www.vkpbratislava.sk\/wp-content\/uploads\/2021\/03\/DF1A3161-640x427.jpg\",\"articleSection\":[\"Mu\u017ei\"],\"inLanguage\":\"sk-SK\"},{\"@type\":\"WebPage\",\"@id\":\"https:\/\/www.vkpbratislava.sk\/?p=5167\",\"url\":\"https:\/\/www.vkpbratislava.sk\/?p=5167\",\"name\":\"Kapit\u00e1n Za\u0165ko a\u00a0libero Nemec do repre: Pom\u00f4c\u0165 k postupu - VK SLOVAN Bratislava\",\"isPartOf\":{\"@id\":\"https:\/\/www.vkpbratislava.sk\/#website\"},\"primaryImageOfPage\":{\"@id\":\"https:\/\/www.vkpbratislava.sk\/?p=5167#primaryimage\"},\"image\":{\"@id\":\"https:\/\/www.vkpbratislava.sk\/?p=5167#primaryimage\"},\"thumbnailUrl\":\"https:\/\/www.vkpbratislava.sk\/wp-content\/uploads\/2021\/03\/DF1A3161-640x427.jpg\",\"datePublished\":\"2021-04-07T19:02:28+00:00\",\"dateModified\":\"2021-04-26T15:27:36+00:00\",\"breadcrumb\":{\"@id\":\"https:\/\/www.vkpbratislava.sk\/?p=5167#breadcrumb\"},\"inLanguage\":\"sk-SK\",\"potentialAction\":[{\"@type\":\"ReadAction\",\"target\":[\"https:\/\/www.vkpbratislava.sk\/?p=5167\"]}]},{\"@type\":\"ImageObject\",\"inLanguage\":\"sk-SK\",\"@id\":\"https:\/\/www.vkpbratislava.sk\/?p=5167#primaryimage\",\"url\":\"https:\/\/www.vkpbratislava.sk\/wp-content\/uploads\/2021\/03\/DF1A3161.jpg\",\"contentUrl\":\"https:\/\/www.vkpbratislava.sk\/wp-content\/uploads\/2021\/03\/DF1A3161.jpg\",\"width\":2048,\"height\":1365},{\"@type\":\"BreadcrumbList\",\"@id\":\"https:\/\/www.vkpbratislava.sk\/?p=5167#breadcrumb\",\"itemListElement\":[{\"@type\":\"ListItem\",\"position\":1,\"name\":\"Domov\",\"item\":\"https:\/\/www.vkpbratislava.sk\/\"},{\"@type\":\"ListItem\",\"position\":2,\"name\":\"Kapit\u00e1n Za\u0165ko a\u00a0libero Nemec do repre: Pom\u00f4c\u0165 k postupu\"}]},{\"@type\":\"WebSite\",\"@id\":\"https:\/\/www.vkpbratislava.sk\/#website\",\"url\":\"https:\/\/www.vkpbratislava.sk\/\",\"name\":\"VK SLOVAN Bratislava\",\"description\":\"Volejbalov\u00fd klub\",\"publisher\":{\"@id\":\"https:\/\/www.vkpbratislava.sk\/#organization\"},\"potentialAction\":[{\"@type\":\"SearchAction\",\"target\":{\"@type\":\"EntryPoint\",\"urlTemplate\":\"https:\/\/www.vkpbratislava.sk\/?s={search_term_string}\"},\"query-input\":{\"@type\":\"PropertyValueSpecification\",\"valueRequired\":true,\"valueName\":\"search_term_string\"}}],\"inLanguage\":\"sk-SK\"},{\"@type\":\"Organization\",\"@id\":\"https:\/\/www.vkpbratislava.sk\/#organization\",\"name\":\"VKP Bratislava\",\"url\":\"https:\/\/www.vkpbratislava.sk\/\",\"logo\":{\"@type\":\"ImageObject\",\"inLanguage\":\"sk-SK\",\"@id\":\"https:\/\/www.vkpbratislava.sk\/#\/schema\/logo\/image\/\",\"url\":\"https:\/\/www.vkpbratislava.sk\/wp-content\/uploads\/2020\/10\/vkpBA.png\",\"contentUrl\":\"https:\/\/www.vkpbratislava.sk\/wp-content\/uploads\/2020\/10\/vkpBA.png\",\"width\":600,\"height\":600,\"caption\":\"VKP Bratislava\"},\"image\":{\"@id\":\"https:\/\/www.vkpbratislava.sk\/#\/schema\/logo\/image\/\"}},{\"@type\":\"Person\",\"@id\":\"https:\/\/www.vkpbratislava.sk\/#\/schema\/person\/7037e769f9515aa58493d1b5852c4c50\",\"name\":\"jenca\",\"image\":{\"@type\":\"ImageObject\",\"inLanguage\":\"sk-SK\",\"@id\":\"https:\/\/www.vkpbratislava.sk\/#\/schema\/person\/image\/\",\"url\":\"https:\/\/secure.gravatar.com\/avatar\/67aa89e9aab2911bbd0c6fbf0a891ea8d80c207c9b6a6e2c96e13fc2f16e536d?s=96&d=mm&r=g\",\"contentUrl\":\"https:\/\/secure.gravatar.com\/avatar\/67aa89e9aab2911bbd0c6fbf0a891ea8d80c207c9b6a6e2c96e13fc2f16e536d?s=96&d=mm&r=g\",\"caption\":\"jenca\"},\"url\":\"https:\/\/www.vkpbratislava.sk\/?author=3\"}]}<\/script>\n<!-- \/ Yoast SEO plugin. -->","yoast_head_json":{"title":"Kapit\u00e1n Za\u0165ko a\u00a0libero Nemec do repre: Pom\u00f4c\u0165 k postupu - VK SLOVAN Bratislava","robots":{"index":"index","follow":"follow","max-snippet":"max-snippet:-1","max-image-preview":"max-image-preview:large","max-video-preview":"max-video-preview:-1"},"canonical":"https:\/\/www.vkpbratislava.sk\/?p=5167","og_locale":"sk_SK","og_type":"article","og_title":"Kapit\u00e1n Za\u0165ko a\u00a0libero Nemec do repre: Pom\u00f4c\u0165 k postupu - VK SLOVAN Bratislava","og_description":"Dvaja hr\u00e1\u010di z\u00a0n\u00e1\u0161ho k\u00e1dra, kapit\u00e1n Juraj Za\u0165ko a\u00a0libero \u013dubo\u0161 Nemec figuruj\u00fa v\u00a0nomin\u00e1cii reprezent\u00e1cie Slovenska na kvalifik\u00e1ciu majstrovstiev Eur\u00f3py.","og_url":"https:\/\/www.vkpbratislava.sk\/?p=5167","og_site_name":"VK SLOVAN Bratislava","article_published_time":"2021-04-07T19:02:28+00:00","article_modified_time":"2021-04-26T15:27:36+00:00","og_image":[{"width":1280,"height":853,"url":"https:\/\/www.vkpbratislava.sk\/wp-content\/uploads\/2021\/03\/DF1A9916-1280x853.jpg","type":"image\/jpeg"}],"author":"jenca","twitter_card":"summary_large_image","twitter_misc":{"Autor":"jenca","Predpokladan\u00fd \u010das \u010d\u00edtania":"2 min\u00faty"},"schema":{"@context":"https:\/\/schema.org","@graph":[{"@type":"Article","@id":"https:\/\/www.vkpbratislava.sk\/?p=5167#article","isPartOf":{"@id":"https:\/\/www.vkpbratislava.sk\/?p=5167"},"author":{"name":"jenca","@id":"https:\/\/www.vkpbratislava.sk\/#\/schema\/person\/7037e769f9515aa58493d1b5852c4c50"},"headline":"Kapit\u00e1n Za\u0165ko a\u00a0libero Nemec do repre: Pom\u00f4c\u0165 k postupu","datePublished":"2021-04-07T19:02:28+00:00","dateModified":"2021-04-26T15:27:36+00:00","mainEntityOfPage":{"@id":"https:\/\/www.vkpbratislava.sk\/?p=5167"},"wordCount":387,"publisher":{"@id":"https:\/\/www.vkpbratislava.sk\/#organization"},"image":{"@id":"https:\/\/www.vkpbratislava.sk\/?p=5167#primaryimage"},"thumbnailUrl":"https:\/\/www.vkpbratislava.sk\/wp-content\/uploads\/2021\/03\/DF1A3161-640x427.jpg","articleSection":["Mu\u017ei"],"inLanguage":"sk-SK"},{"@type":"WebPage","@id":"https:\/\/www.vkpbratislava.sk\/?p=5167","url":"https:\/\/www.vkpbratislava.sk\/?p=5167","name":"Kapit\u00e1n Za\u0165ko a\u00a0libero Nemec do repre: Pom\u00f4c\u0165 k postupu - VK SLOVAN Bratislava","isPartOf":{"@id":"https:\/\/www.vkpbratislava.sk\/#website"},"primaryImageOfPage":{"@id":"https:\/\/www.vkpbratislava.sk\/?p=5167#primaryimage"},"image":{"@id":"https:\/\/www.vkpbratislava.sk\/?p=5167#primaryimage"},"thumbnailUrl":"https:\/\/www.vkpbratislava.sk\/wp-content\/uploads\/2021\/03\/DF1A3161-640x427.jpg","datePublished":"2021-04-07T19:02:28+00:00","dateModified":"2021-04-26T15:27:36+00:00","breadcrumb":{"@id":"https:\/\/www.vkpbratislava.sk\/?p=5167#breadcrumb"},"inLanguage":"sk-SK","potentialAction":[{"@type":"ReadAction","target":["https:\/\/www.vkpbratislava.sk\/?p=5167"]}]},{"@type":"ImageObject","inLanguage":"sk-SK","@id":"https:\/\/www.vkpbratislava.sk\/?p=5167#primaryimage","url":"https:\/\/www.vkpbratislava.sk\/wp-content\/uploads\/2021\/03\/DF1A3161.jpg","contentUrl":"https:\/\/www.vkpbratislava.sk\/wp-content\/uploads\/2021\/03\/DF1A3161.jpg","width":2048,"height":1365},{"@type":"BreadcrumbList","@id":"https:\/\/www.vkpbratislava.sk\/?p=5167#breadcrumb","itemListElement":[{"@type":"ListItem","position":1,"name":"Domov","item":"https:\/\/www.vkpbratislava.sk\/"},{"@type":"ListItem","position":2,"name":"Kapit\u00e1n Za\u0165ko a\u00a0libero Nemec do repre: Pom\u00f4c\u0165 k postupu"}]},{"@type":"WebSite","@id":"https:\/\/www.vkpbratislava.sk\/#website","url":"https:\/\/www.vkpbratislava.sk\/","name":"VK SLOVAN Bratislava","description":"Volejbalov\u00fd klub","publisher":{"@id":"https:\/\/www.vkpbratislava.sk\/#organization"},"potentialAction":[{"@type":"SearchAction","target":{"@type":"EntryPoint","urlTemplate":"https:\/\/www.vkpbratislava.sk\/?s={search_term_string}"},"query-input":{"@type":"PropertyValueSpecification","valueRequired":true,"valueName":"search_term_string"}}],"inLanguage":"sk-SK"},{"@type":"Organization","@id":"https:\/\/www.vkpbratislava.sk\/#organization","name":"VKP Bratislava","url":"https:\/\/www.vkpbratislava.sk\/","logo":{"@type":"ImageObject","inLanguage":"sk-SK","@id":"https:\/\/www.vkpbratislava.sk\/#\/schema\/logo\/image\/","url":"https:\/\/www.vkpbratislava.sk\/wp-content\/uploads\/2020\/10\/vkpBA.png","contentUrl":"https:\/\/www.vkpbratislava.sk\/wp-content\/uploads\/2020\/10\/vkpBA.png","width":600,"height":600,"caption":"VKP Bratislava"},"image":{"@id":"https:\/\/www.vkpbratislava.sk\/#\/schema\/logo\/image\/"}},{"@type":"Person","@id":"https:\/\/www.vkpbratislava.sk\/#\/schema\/person\/7037e769f9515aa58493d1b5852c4c50","name":"jenca","image":{"@type":"ImageObject","inLanguage":"sk-SK","@id":"https:\/\/www.vkpbratislava.sk\/#\/schema\/person\/image\/","url":"https:\/\/secure.gravatar.com\/avatar\/67aa89e9aab2911bbd0c6fbf0a891ea8d80c207c9b6a6e2c96e13fc2f16e536d?s=96&d=mm&r=g","contentUrl":"https:\/\/secure.gravatar.com\/avatar\/67aa89e9aab2911bbd0c6fbf0a891ea8d80c207c9b6a6e2c96e13fc2f16e536d?s=96&d=mm&r=g","caption":"jenca"},"url":"https:\/\/www.vkpbratislava.sk\/?author=3"}]}},"_links":{"self":[{"href":"https:\/\/www.vkpbratislava.sk\/index.php?rest_route=\/wp\/v2\/posts\/5167","targetHints":{"allow":["GET"]}}],"collection":[{"href":"https:\/\/www.vkpbratislava.sk\/index.php?rest_route=\/wp\/v2\/posts"}],"about":[{"href":"https:\/\/www.vkpbratislava.sk\/index.php?rest_route=\/wp\/v2\/types\/post"}],"author":[{"embeddable":true,"href":"https:\/\/www.vkpbratislava.sk\/index.php?rest_route=\/wp\/v2\/users\/3"}],"replies":[{"embeddable":true,"href":"https:\/\/www.vkpbratislava.sk\/index.php?rest_route=%2Fwp%2Fv2%2Fcomments&post=5167"}],"version-history":[{"count":3,"href":"https:\/\/www.vkpbratislava.sk\/index.php?rest_route=\/wp\/v2\/posts\/5167\/revisions"}],"predecessor-version":[{"id":5218,"href":"https:\/\/www.vkpbratislava.sk\/index.php?rest_route=\/wp\/v2\/posts\/5167\/revisions\/5218"}],"wp:attachment":[{"href":"https:\/\/www.vkpbratislava.sk\/index.php?rest_route=%2Fwp%2Fv2%2Fmedia&parent=5167"}],"wp:term":[{"taxonomy":"category","embeddable":true,"href":"https:\/\/www.vkpbratislava.sk\/index.php?rest_route=%2Fwp%2Fv2%2Fcategories&post=5167"},{"taxonomy":"post_tag","embeddable":true,"href":"https:\/\/www.vkpbratislava.sk\/index.php?rest_route=%2Fwp%2Fv2%2Ftags&post=5167"}],"curies":[{"name":"wp","href":"https:\/\/api.w.org\/{rel}","templated":true}]}}