{"id":51707,"date":"2026-03-05T11:24:36","date_gmt":"2026-03-05T10:24:36","guid":{"rendered":"https:\/\/www.vkpbratislava.sk\/?p=51707"},"modified":"2026-03-06T11:30:02","modified_gmt":"2026-03-06T10:30:02","slug":"belasi-bojovali-do-poslednej-lopty-o-finale-sa-pobiju-v-belgicku","status":"publish","type":"post","link":"https:\/\/www.vkpbratislava.sk\/?p=51707","title":{"rendered":"Belas\u00ed bojovali do poslednej lopty, o fin\u00e1le sa pobij\u00fa v Belgicku"},"content":{"rendered":"<p><strong>Bratislav\u010dania mali v prvom semifin\u00e1lovom z\u00e1pase Challenge Cupu proti belgick\u00e9mu Lindemans Aalst obrovsk\u00fd v\u00fdsledok na dosah. Po dramatickej p\u00e4\u0165setovej bitke napokon pod\u013eahli 2:3, ke\u010f v rozhoduj\u00facom tajbrejku prehrali 13:15. O postup do fin\u00e1le zabojuj\u00fa belas\u00ed v odvete, ktor\u00e1 je na programe 11. marca o 20.30 h v\u00a0belgickom Aalst.<\/strong><\/p>\n<p>&nbsp;<\/p>\n<h6>Gianniho servisn\u00e1 \u0161ou rozhodla prv\u00fd set<\/h6>\n<p>\u00davod stretnutia vy\u0161iel lep\u0161ie hos\u0165om. Zo stavu 3:3 odsko\u010dili \u0161n\u00farou \u0161tyroch bodov na 7:3 a tr\u00e9ner P\u011blucha siahol po oddychovom \u010dase. Po \u0148om Truba\u010d tvrd\u00fdm sme\u010dom zn\u00ed\u017eil na 4:7, no Aalst vz\u00e1p\u00e4t\u00ed rozto\u010dil servisn\u00fa smr\u0161\u0165. Americk\u00fd sme\u010diar Gianni naservoval \u0161tyri es\u00e1 za sebou a hostia si vypracovali n\u00e1skok 13:5. Jeho servisn\u00e1 s\u00e9ria trvala od stavu 8:5 a\u017e do 19:6 a po\u010das nej zaznamenal sedem es. Koncovku za\u010d\u00ednali Belgi\u010dania s luxusn\u00fdm n\u00e1skokom 20:6 a prv\u00fd set ovl\u00e1dli jednozna\u010dne 25:11.<\/p>\n<p>&nbsp;<\/p>\n<p><img loading=\"lazy\" decoding=\"async\" class=\"alignnone size-full wp-image-51677\" src=\"https:\/\/www.vkpbratislava.sk\/wp-content\/uploads\/2026\/03\/MS_20260305_CCSlovanvsAalst-133.jpg\" alt=\"\" width=\"2048\" height=\"1365\" srcset=\"https:\/\/www.vkpbratislava.sk\/wp-content\/uploads\/2026\/03\/MS_20260305_CCSlovanvsAalst-133.jpg 2048w, https:\/\/www.vkpbratislava.sk\/wp-content\/uploads\/2026\/03\/MS_20260305_CCSlovanvsAalst-133-640x427.jpg 640w, https:\/\/www.vkpbratislava.sk\/wp-content\/uploads\/2026\/03\/MS_20260305_CCSlovanvsAalst-133-1280x853.jpg 1280w, https:\/\/www.vkpbratislava.sk\/wp-content\/uploads\/2026\/03\/MS_20260305_CCSlovanvsAalst-133-768x512.jpg 768w, https:\/\/www.vkpbratislava.sk\/wp-content\/uploads\/2026\/03\/MS_20260305_CCSlovanvsAalst-133-1536x1024.jpg 1536w, https:\/\/www.vkpbratislava.sk\/wp-content\/uploads\/2026\/03\/MS_20260305_CCSlovanvsAalst-133-320x213.jpg 320w, https:\/\/www.vkpbratislava.sk\/wp-content\/uploads\/2026\/03\/MS_20260305_CCSlovanvsAalst-133-600x400.jpg 600w\" sizes=\"auto, (max-width: 2048px) 100vw, 2048px\" \/><\/p>\n<p>&nbsp;<\/p>\n<h6>Marat\u00f3nsky set pre Slovan<\/h6>\n<p>Druh\u00e9 dejstvo v\u0161ak prinieslo \u00faplne in\u00fd obraz hry. Slovanisti vst\u00fapili do\u0148 akt\u00edvne a po bodoch Truba\u010da a Kri\u0161ka viedli 2:0. Gianni s\u00edce esom vyrovnal na 3:3, no belas\u00ed op\u00e4\u0165 odsko\u010dili na 6:4 a po ese Mlynar\u010d\u00edka zv\u00fd\u0161ili na 7:4. Kri\u0161ko n\u00e1sledne dvoma \u00faspe\u0161n\u00fdmi \u00fatokmi udr\u017eal dom\u00e1cich v trojbodovom veden\u00ed \u2013 13:10. Blokom na Marquesa poslal Slovan do vedenia 15:11, \u010do prin\u00fatilo tr\u00e9nera Depesteleho zobra\u0165 oddychov\u00fd \u010das. Aalst sa v\u0161ak nevzdal a postupne stiahol na 16:15. Slovan si pomohol \u00faspe\u0161n\u00fdmi tr\u00e9nersk\u00fdmi v\u00fdzvami a po bode Marjova odsko\u010dil na 19:15. Hostia v\u0161ak r\u00fdchlo odpovedali a oto\u010dili na 21:19. Nasledovala neuverite\u013en\u00e1 koncovka. Michalovi\u010d vyrovnal na 22:22, Truba\u010d vybojoval prv\u00fd setbal za stavu 26:25 a \u010fal\u0161\u00ed pridal Michalovi\u010d \u2013 27:26. Aalst v\u0161ak setbaly odvracal jeden za druh\u00fdm. Nekone\u010dn\u00e1 koncovka pokra\u010dovala a\u017e do stavu 44:42, ke\u010f Rempel za\u00fato\u010dil do autu a Slovan vyrovnal stav z\u00e1pasu.<\/p>\n<p>&nbsp;<\/p>\n<h6>Ako na hojda\u010dke<\/h6>\n<p>Tretia \u010das\u0165 priniesla vyrovnan\u00fd boj. Po \u00fatoku Kri\u0161ka viedli dom\u00e1ci 5:3 a Billich blokom zv\u00fd\u0161il na 6:3. Dotyk Slighta so sie\u0165ou znamenal vedenie Slovana 7:3, no hostia dok\u00e1zali oto\u010di\u0165 na 8:7. Slovan sa z nepriazniv\u00e9ho stavu 10:13 vr\u00e1til s\u00e9riou troch bodov na 13:13. Billich blokom vyrovnal na 18:18 a Truba\u010d sklepnut\u00edm poslal belas\u00fdch do vedenia 19:18. V dramatickej koncovke posunuli dom\u00e1cich bli\u017e\u0161ie k setu bloky Truba\u010da a Marjova \u2013 23:21. Aalst v\u0161ak oto\u010dil na 24:23. Slovan odvr\u00e1til sedem setbalov, no \u00f4smy u\u017e Rempel premenil a hostia z\u00edskali tret\u00ed set 31:29.<\/p>\n<p>&nbsp;<\/p>\n<p><img loading=\"lazy\" decoding=\"async\" class=\"alignnone size-full wp-image-51637\" src=\"https:\/\/www.vkpbratislava.sk\/wp-content\/uploads\/2026\/03\/MS_20260305_CCSlovanvsAalst-93.jpg\" alt=\"\" width=\"2048\" height=\"1365\" srcset=\"https:\/\/www.vkpbratislava.sk\/wp-content\/uploads\/2026\/03\/MS_20260305_CCSlovanvsAalst-93.jpg 2048w, https:\/\/www.vkpbratislava.sk\/wp-content\/uploads\/2026\/03\/MS_20260305_CCSlovanvsAalst-93-640x427.jpg 640w, https:\/\/www.vkpbratislava.sk\/wp-content\/uploads\/2026\/03\/MS_20260305_CCSlovanvsAalst-93-1280x853.jpg 1280w, https:\/\/www.vkpbratislava.sk\/wp-content\/uploads\/2026\/03\/MS_20260305_CCSlovanvsAalst-93-768x512.jpg 768w, https:\/\/www.vkpbratislava.sk\/wp-content\/uploads\/2026\/03\/MS_20260305_CCSlovanvsAalst-93-1536x1024.jpg 1536w, https:\/\/www.vkpbratislava.sk\/wp-content\/uploads\/2026\/03\/MS_20260305_CCSlovanvsAalst-93-320x213.jpg 320w, https:\/\/www.vkpbratislava.sk\/wp-content\/uploads\/2026\/03\/MS_20260305_CCSlovanvsAalst-93-600x400.jpg 600w\" sizes=\"auto, (max-width: 2048px) 100vw, 2048px\" \/><\/p>\n<p>&nbsp;<\/p>\n<h6>Dominantn\u00e9 vyrovnanie<\/h6>\n<p>Belas\u00ed v\u0161ak zbrane neskladali. Vo \u0161tvrtom sete od stavu 7:7 odsko\u010dili na 10:7 a tr\u00e9ner Depestele si musel vzia\u0165 oddychov\u00fd \u010das. Marjovov blok znamenal vedenie 13:9, po \u00fatoku Gianniho do autu u\u017e Slovan viedol 15:9. Truba\u010d zv\u00fd\u0161il na 16:9 a dom\u00e1ci mali z\u00e1pas pevne vo svojich ruk\u00e1ch. Koncovku za\u010d\u00ednali s n\u00e1skokom 20:11 a set ukon\u010dil blokom Billich \u2013 25:14.<\/p>\n<p>&nbsp;<\/p>\n<h6>Na hrane nervov<\/h6>\n<p>O v\u0161etkom tak rozhodol tajbrejk. Belas\u00ed v \u0148om oto\u010dili z 1:3 na 4:3 a nesk\u00f4r aj z 5:6 na 8:6. Po \u00fatoku Marquesa do autu viedol Slovan 9:6 a kapit\u00e1n Za\u0165ko technick\u00fdm \u00faderom do z\u00f3ny p\u00e4\u0165 zv\u00fd\u0161il na 11:7. Aalst v\u0161ak odpovedal p\u00e4\u0165bodovou \u0161n\u00farou a oto\u010dil na 12:11. Truba\u010d n\u00e1sledne dvakr\u00e1t narazil do bloku a hostia mali po 183 min\u00fatach prv\u00fd me\u010dbal. Prv\u00fd e\u0161te belas\u00ed odvr\u00e1tili, no druh\u00fd u\u017e Marques premenil a Aalst si z Bratislavy odniesol v\u00ed\u0165azstvo 3:2.<\/p>\n<p>&nbsp;<\/p>\n<p><img loading=\"lazy\" decoding=\"async\" class=\"alignnone size-full wp-image-51653\" src=\"https:\/\/www.vkpbratislava.sk\/wp-content\/uploads\/2026\/03\/MS_20260305_CCSlovanvsAalst-109.jpg\" alt=\"\" width=\"2048\" height=\"1365\" srcset=\"https:\/\/www.vkpbratislava.sk\/wp-content\/uploads\/2026\/03\/MS_20260305_CCSlovanvsAalst-109.jpg 2048w, https:\/\/www.vkpbratislava.sk\/wp-content\/uploads\/2026\/03\/MS_20260305_CCSlovanvsAalst-109-640x427.jpg 640w, https:\/\/www.vkpbratislava.sk\/wp-content\/uploads\/2026\/03\/MS_20260305_CCSlovanvsAalst-109-1280x853.jpg 1280w, https:\/\/www.vkpbratislava.sk\/wp-content\/uploads\/2026\/03\/MS_20260305_CCSlovanvsAalst-109-768x512.jpg 768w, https:\/\/www.vkpbratislava.sk\/wp-content\/uploads\/2026\/03\/MS_20260305_CCSlovanvsAalst-109-1536x1024.jpg 1536w, https:\/\/www.vkpbratislava.sk\/wp-content\/uploads\/2026\/03\/MS_20260305_CCSlovanvsAalst-109-320x213.jpg 320w, https:\/\/www.vkpbratislava.sk\/wp-content\/uploads\/2026\/03\/MS_20260305_CCSlovanvsAalst-109-600x400.jpg 600w\" sizes=\"auto, (max-width: 2048px) 100vw, 2048px\" \/><\/p>\n<p>&nbsp;<\/p>\n<p>K\u00a0z\u00e1pasu sa vyjadril Robin P\u011blucha, tr\u00e9ner VK Slovan: <strong>\u201eM\u00e1me zmie\u0161an\u00e9 pocity. Z\u00e1pas bol pekn\u00fd a dlh\u00fd, ale prehrali sme ho. V poh\u00e1rovom syst\u00e9me je na\u0161\u0165astie v\u00fdsledok 2:3 prijate\u013en\u00fd a do Belgicka sa ideme ur\u010dite pobi\u0165 o to, aby sme post\u00fapili. Hrali sme obetavo a som hrd\u00fd na dru\u017estvo, \u017ee sme to po prvom sete nevzdali a uk\u00e1zali bojovnos\u0165.\u201c<\/strong><\/p>\n<p><strong>\u201e\u00davod z\u00e1pasu sme nezachytili a ob\u00e1val som sa toho, \u017ee Aalst zostane na servise nekompromisn\u00fd po\u010das cel\u00e9ho z\u00e1pasu. Na\u0161\u0165astie sme sa do toho dostali a tri sety po sebe sme mohli vyhra\u0165 a rovnako aj tajbrejk. V \u0148om ale pri\u0161iel v k\u013e\u00fa\u010dovom momente na servis Gianni. Niektor\u00ed sme u\u017e za t\u00fdm, niektor\u00ed sme tam e\u0161te nedor\u00e1stli, ale v koncovke n\u00e1m ch\u00fdbalo viac sk\u00fasenost\u00ed,\u201c<\/strong> dodal Juraj Za\u0165ko, nahr\u00e1va\u010d a kapit\u00e1n VK Slovan<\/p>\n<p><strong>\u00a0<\/strong><strong>\u00a0<\/strong><\/p>\n<p><strong>Challenge Cup mu\u017ei \u2013 semifin\u00e1le \u2013 1. z\u00e1pas \u2013 streda:<\/strong><\/p>\n<p><strong>VK Slovan Bratislava \u2013 Lindemans Aalst 2:3 (-11, 42, -29, 14, -13)<\/strong><\/p>\n<p><strong>VK SLOVAN:<\/strong> Truba\u010d 27, Marjov 9, Mlynar\u010d\u00edk 6, Kri\u0161ko 16, Billich 12, Za\u0165ko 4, libero Jakub\u00edk (Fo\u0159t 1, \u0160ellong 0, Michalovi\u010d 17). Tr\u00e9ner: R. P\u011blucha.<\/p>\n<p><strong>LINDEMANS:<\/strong> Gianni 32, Wortelboer 14, Rempel 20, Marques 20, Vlahovic 11, Slight 2, libero Verwimp (Van de Welde 0, Verhamme 1, Devoghel 0, Mertens 1). Tr\u00e9ner: F. Depestele.<\/p>\n<p><strong>Rozhodovali:<\/strong> Ristovski (Sev. Mac.) a Moula (Gr\u00e9.), 2834 div\u00e1kov.<\/p>\n<p>&nbsp;<\/p>\n<p>Zdroj: VK Slovan, svf<\/p>\n<p>&nbsp;<\/p>\n<p>&nbsp;<\/p>\n","protected":false},"excerpt":{"rendered":"<p>Bratislav\u010dania mali v prvom semifin\u00e1lovom z\u00e1pase Challenge Cupu proti belgick\u00e9mu Lindemans Aalst obrovsk\u00fd v\u00fdsledok na dosah. Po dramatickej p\u00e4\u0165setovej bitke napokon pod\u013eahli 2:3, ke\u010f v rozhoduj\u00facom tajbrejku prehrali 13:15. O postup do fin\u00e1le zabojuj\u00fa belas\u00ed v odvete, ktor\u00e1 je na programe 11. marca o 20.30 h v\u00a0belgickom Aalst. &nbsp; Gianniho servisn\u00e1 \u0161ou rozhodla prv\u00fd set&#8230;<\/p>\n","protected":false},"author":3,"featured_media":51628,"comment_status":"closed","ping_status":"closed","sticky":false,"template":"","format":"standard","meta":{"_monsterinsights_skip_tracking":false,"_monsterinsights_sitenote_active":false,"_monsterinsights_sitenote_note":"","_monsterinsights_sitenote_category":0,"footnotes":""},"categories":[47],"tags":[],"class_list":["post-51707","post","type-post","status-publish","format-standard","has-post-thumbnail","hentry","category-muzi"],"yoast_head":"<!-- This site is optimized with the Yoast SEO plugin v25.6 - https:\/\/yoast.com\/wordpress\/plugins\/seo\/ -->\n<title>Belas\u00ed bojovali do poslednej lopty, o fin\u00e1le sa pobij\u00fa v Belgicku - VK SLOVAN Bratislava<\/title>\n<meta name=\"robots\" content=\"index, follow, max-snippet:-1, max-image-preview:large, max-video-preview:-1\" \/>\n<link rel=\"canonical\" href=\"https:\/\/www.vkpbratislava.sk\/?p=51707\" \/>\n<meta property=\"og:locale\" content=\"sk_SK\" \/>\n<meta property=\"og:type\" content=\"article\" \/>\n<meta property=\"og:title\" content=\"Belas\u00ed bojovali do poslednej lopty, o fin\u00e1le sa pobij\u00fa v Belgicku - VK SLOVAN Bratislava\" \/>\n<meta property=\"og:description\" content=\"Bratislav\u010dania mali v prvom semifin\u00e1lovom z\u00e1pase Challenge Cupu proti belgick\u00e9mu Lindemans Aalst obrovsk\u00fd v\u00fdsledok na dosah. Po dramatickej p\u00e4\u0165setovej bitke napokon pod\u013eahli 2:3, ke\u010f v rozhoduj\u00facom tajbrejku prehrali 13:15. O postup do fin\u00e1le zabojuj\u00fa belas\u00ed v odvete, ktor\u00e1 je na programe 11. marca o 20.30 h v\u00a0belgickom Aalst. &nbsp; Gianniho servisn\u00e1 \u0161ou rozhodla prv\u00fd set...\" \/>\n<meta property=\"og:url\" content=\"https:\/\/www.vkpbratislava.sk\/?p=51707\" \/>\n<meta property=\"og:site_name\" content=\"VK SLOVAN Bratislava\" \/>\n<meta property=\"article:published_time\" content=\"2026-03-05T10:24:36+00:00\" \/>\n<meta property=\"article:modified_time\" content=\"2026-03-06T10:30:02+00:00\" \/>\n<meta property=\"og:image\" content=\"https:\/\/www.vkpbratislava.sk\/wp-content\/uploads\/2026\/03\/MS_20260305_CCSlovanvsAalst-84-1280x853.jpg\" \/>\n\t<meta property=\"og:image:width\" content=\"1280\" \/>\n\t<meta property=\"og:image:height\" content=\"853\" \/>\n\t<meta property=\"og:image:type\" content=\"image\/jpeg\" \/>\n<meta name=\"author\" content=\"jenca\" \/>\n<meta name=\"twitter:card\" content=\"summary_large_image\" \/>\n<meta name=\"twitter:label1\" content=\"Autor\" \/>\n\t<meta name=\"twitter:data1\" content=\"jenca\" \/>\n\t<meta name=\"twitter:label2\" content=\"Predpokladan\u00fd \u010das \u010d\u00edtania\" \/>\n\t<meta name=\"twitter:data2\" content=\"1 min\u00fata\" \/>\n<script type=\"application\/ld+json\" class=\"yoast-schema-graph\">{\"@context\":\"https:\/\/schema.org\",\"@graph\":[{\"@type\":\"Article\",\"@id\":\"https:\/\/www.vkpbratislava.sk\/?p=51707#article\",\"isPartOf\":{\"@id\":\"https:\/\/www.vkpbratislava.sk\/?p=51707\"},\"author\":{\"name\":\"jenca\",\"@id\":\"https:\/\/www.vkpbratislava.sk\/#\/schema\/person\/7037e769f9515aa58493d1b5852c4c50\"},\"headline\":\"Belas\u00ed bojovali do poslednej lopty, o fin\u00e1le sa pobij\u00fa v Belgicku\",\"datePublished\":\"2026-03-05T10:24:36+00:00\",\"dateModified\":\"2026-03-06T10:30:02+00:00\",\"mainEntityOfPage\":{\"@id\":\"https:\/\/www.vkpbratislava.sk\/?p=51707\"},\"wordCount\":830,\"publisher\":{\"@id\":\"https:\/\/www.vkpbratislava.sk\/#organization\"},\"image\":{\"@id\":\"https:\/\/www.vkpbratislava.sk\/?p=51707#primaryimage\"},\"thumbnailUrl\":\"https:\/\/www.vkpbratislava.sk\/wp-content\/uploads\/2026\/03\/MS_20260305_CCSlovanvsAalst-84.jpg\",\"articleSection\":[\"Mu\u017ei\"],\"inLanguage\":\"sk-SK\"},{\"@type\":\"WebPage\",\"@id\":\"https:\/\/www.vkpbratislava.sk\/?p=51707\",\"url\":\"https:\/\/www.vkpbratislava.sk\/?p=51707\",\"name\":\"Belas\u00ed bojovali do poslednej lopty, o fin\u00e1le sa pobij\u00fa v Belgicku - VK SLOVAN Bratislava\",\"isPartOf\":{\"@id\":\"https:\/\/www.vkpbratislava.sk\/#website\"},\"primaryImageOfPage\":{\"@id\":\"https:\/\/www.vkpbratislava.sk\/?p=51707#primaryimage\"},\"image\":{\"@id\":\"https:\/\/www.vkpbratislava.sk\/?p=51707#primaryimage\"},\"thumbnailUrl\":\"https:\/\/www.vkpbratislava.sk\/wp-content\/uploads\/2026\/03\/MS_20260305_CCSlovanvsAalst-84.jpg\",\"datePublished\":\"2026-03-05T10:24:36+00:00\",\"dateModified\":\"2026-03-06T10:30:02+00:00\",\"breadcrumb\":{\"@id\":\"https:\/\/www.vkpbratislava.sk\/?p=51707#breadcrumb\"},\"inLanguage\":\"sk-SK\",\"potentialAction\":[{\"@type\":\"ReadAction\",\"target\":[\"https:\/\/www.vkpbratislava.sk\/?p=51707\"]}]},{\"@type\":\"ImageObject\",\"inLanguage\":\"sk-SK\",\"@id\":\"https:\/\/www.vkpbratislava.sk\/?p=51707#primaryimage\",\"url\":\"https:\/\/www.vkpbratislava.sk\/wp-content\/uploads\/2026\/03\/MS_20260305_CCSlovanvsAalst-84.jpg\",\"contentUrl\":\"https:\/\/www.vkpbratislava.sk\/wp-content\/uploads\/2026\/03\/MS_20260305_CCSlovanvsAalst-84.jpg\",\"width\":2048,\"height\":1365},{\"@type\":\"BreadcrumbList\",\"@id\":\"https:\/\/www.vkpbratislava.sk\/?p=51707#breadcrumb\",\"itemListElement\":[{\"@type\":\"ListItem\",\"position\":1,\"name\":\"Domov\",\"item\":\"https:\/\/www.vkpbratislava.sk\/\"},{\"@type\":\"ListItem\",\"position\":2,\"name\":\"Belas\u00ed bojovali do poslednej lopty, o fin\u00e1le sa pobij\u00fa v Belgicku\"}]},{\"@type\":\"WebSite\",\"@id\":\"https:\/\/www.vkpbratislava.sk\/#website\",\"url\":\"https:\/\/www.vkpbratislava.sk\/\",\"name\":\"VK SLOVAN Bratislava\",\"description\":\"Volejbalov\u00fd klub\",\"publisher\":{\"@id\":\"https:\/\/www.vkpbratislava.sk\/#organization\"},\"potentialAction\":[{\"@type\":\"SearchAction\",\"target\":{\"@type\":\"EntryPoint\",\"urlTemplate\":\"https:\/\/www.vkpbratislava.sk\/?s={search_term_string}\"},\"query-input\":{\"@type\":\"PropertyValueSpecification\",\"valueRequired\":true,\"valueName\":\"search_term_string\"}}],\"inLanguage\":\"sk-SK\"},{\"@type\":\"Organization\",\"@id\":\"https:\/\/www.vkpbratislava.sk\/#organization\",\"name\":\"VKP Bratislava\",\"url\":\"https:\/\/www.vkpbratislava.sk\/\",\"logo\":{\"@type\":\"ImageObject\",\"inLanguage\":\"sk-SK\",\"@id\":\"https:\/\/www.vkpbratislava.sk\/#\/schema\/logo\/image\/\",\"url\":\"https:\/\/www.vkpbratislava.sk\/wp-content\/uploads\/2020\/10\/vkpBA.png\",\"contentUrl\":\"https:\/\/www.vkpbratislava.sk\/wp-content\/uploads\/2020\/10\/vkpBA.png\",\"width\":600,\"height\":600,\"caption\":\"VKP Bratislava\"},\"image\":{\"@id\":\"https:\/\/www.vkpbratislava.sk\/#\/schema\/logo\/image\/\"}},{\"@type\":\"Person\",\"@id\":\"https:\/\/www.vkpbratislava.sk\/#\/schema\/person\/7037e769f9515aa58493d1b5852c4c50\",\"name\":\"jenca\",\"image\":{\"@type\":\"ImageObject\",\"inLanguage\":\"sk-SK\",\"@id\":\"https:\/\/www.vkpbratislava.sk\/#\/schema\/person\/image\/\",\"url\":\"https:\/\/secure.gravatar.com\/avatar\/67aa89e9aab2911bbd0c6fbf0a891ea8d80c207c9b6a6e2c96e13fc2f16e536d?s=96&d=mm&r=g\",\"contentUrl\":\"https:\/\/secure.gravatar.com\/avatar\/67aa89e9aab2911bbd0c6fbf0a891ea8d80c207c9b6a6e2c96e13fc2f16e536d?s=96&d=mm&r=g\",\"caption\":\"jenca\"},\"url\":\"https:\/\/www.vkpbratislava.sk\/?author=3\"}]}<\/script>\n<!-- \/ Yoast SEO plugin. -->","yoast_head_json":{"title":"Belas\u00ed bojovali do poslednej lopty, o fin\u00e1le sa pobij\u00fa v Belgicku - VK SLOVAN Bratislava","robots":{"index":"index","follow":"follow","max-snippet":"max-snippet:-1","max-image-preview":"max-image-preview:large","max-video-preview":"max-video-preview:-1"},"canonical":"https:\/\/www.vkpbratislava.sk\/?p=51707","og_locale":"sk_SK","og_type":"article","og_title":"Belas\u00ed bojovali do poslednej lopty, o fin\u00e1le sa pobij\u00fa v Belgicku - VK SLOVAN Bratislava","og_description":"Bratislav\u010dania mali v prvom semifin\u00e1lovom z\u00e1pase Challenge Cupu proti belgick\u00e9mu Lindemans Aalst obrovsk\u00fd v\u00fdsledok na dosah. Po dramatickej p\u00e4\u0165setovej bitke napokon pod\u013eahli 2:3, ke\u010f v rozhoduj\u00facom tajbrejku prehrali 13:15. O postup do fin\u00e1le zabojuj\u00fa belas\u00ed v odvete, ktor\u00e1 je na programe 11. marca o 20.30 h v\u00a0belgickom Aalst. &nbsp; Gianniho servisn\u00e1 \u0161ou rozhodla prv\u00fd set...","og_url":"https:\/\/www.vkpbratislava.sk\/?p=51707","og_site_name":"VK SLOVAN Bratislava","article_published_time":"2026-03-05T10:24:36+00:00","article_modified_time":"2026-03-06T10:30:02+00:00","og_image":[{"width":1280,"height":853,"url":"https:\/\/www.vkpbratislava.sk\/wp-content\/uploads\/2026\/03\/MS_20260305_CCSlovanvsAalst-84-1280x853.jpg","type":"image\/jpeg"}],"author":"jenca","twitter_card":"summary_large_image","twitter_misc":{"Autor":"jenca","Predpokladan\u00fd \u010das \u010d\u00edtania":"1 min\u00fata"},"schema":{"@context":"https:\/\/schema.org","@graph":[{"@type":"Article","@id":"https:\/\/www.vkpbratislava.sk\/?p=51707#article","isPartOf":{"@id":"https:\/\/www.vkpbratislava.sk\/?p=51707"},"author":{"name":"jenca","@id":"https:\/\/www.vkpbratislava.sk\/#\/schema\/person\/7037e769f9515aa58493d1b5852c4c50"},"headline":"Belas\u00ed bojovali do poslednej lopty, o fin\u00e1le sa pobij\u00fa v Belgicku","datePublished":"2026-03-05T10:24:36+00:00","dateModified":"2026-03-06T10:30:02+00:00","mainEntityOfPage":{"@id":"https:\/\/www.vkpbratislava.sk\/?p=51707"},"wordCount":830,"publisher":{"@id":"https:\/\/www.vkpbratislava.sk\/#organization"},"image":{"@id":"https:\/\/www.vkpbratislava.sk\/?p=51707#primaryimage"},"thumbnailUrl":"https:\/\/www.vkpbratislava.sk\/wp-content\/uploads\/2026\/03\/MS_20260305_CCSlovanvsAalst-84.jpg","articleSection":["Mu\u017ei"],"inLanguage":"sk-SK"},{"@type":"WebPage","@id":"https:\/\/www.vkpbratislava.sk\/?p=51707","url":"https:\/\/www.vkpbratislava.sk\/?p=51707","name":"Belas\u00ed bojovali do poslednej lopty, o fin\u00e1le sa pobij\u00fa v Belgicku - VK SLOVAN Bratislava","isPartOf":{"@id":"https:\/\/www.vkpbratislava.sk\/#website"},"primaryImageOfPage":{"@id":"https:\/\/www.vkpbratislava.sk\/?p=51707#primaryimage"},"image":{"@id":"https:\/\/www.vkpbratislava.sk\/?p=51707#primaryimage"},"thumbnailUrl":"https:\/\/www.vkpbratislava.sk\/wp-content\/uploads\/2026\/03\/MS_20260305_CCSlovanvsAalst-84.jpg","datePublished":"2026-03-05T10:24:36+00:00","dateModified":"2026-03-06T10:30:02+00:00","breadcrumb":{"@id":"https:\/\/www.vkpbratislava.sk\/?p=51707#breadcrumb"},"inLanguage":"sk-SK","potentialAction":[{"@type":"ReadAction","target":["https:\/\/www.vkpbratislava.sk\/?p=51707"]}]},{"@type":"ImageObject","inLanguage":"sk-SK","@id":"https:\/\/www.vkpbratislava.sk\/?p=51707#primaryimage","url":"https:\/\/www.vkpbratislava.sk\/wp-content\/uploads\/2026\/03\/MS_20260305_CCSlovanvsAalst-84.jpg","contentUrl":"https:\/\/www.vkpbratislava.sk\/wp-content\/uploads\/2026\/03\/MS_20260305_CCSlovanvsAalst-84.jpg","width":2048,"height":1365},{"@type":"BreadcrumbList","@id":"https:\/\/www.vkpbratislava.sk\/?p=51707#breadcrumb","itemListElement":[{"@type":"ListItem","position":1,"name":"Domov","item":"https:\/\/www.vkpbratislava.sk\/"},{"@type":"ListItem","position":2,"name":"Belas\u00ed bojovali do poslednej lopty, o fin\u00e1le sa pobij\u00fa v Belgicku"}]},{"@type":"WebSite","@id":"https:\/\/www.vkpbratislava.sk\/#website","url":"https:\/\/www.vkpbratislava.sk\/","name":"VK SLOVAN Bratislava","description":"Volejbalov\u00fd klub","publisher":{"@id":"https:\/\/www.vkpbratislava.sk\/#organization"},"potentialAction":[{"@type":"SearchAction","target":{"@type":"EntryPoint","urlTemplate":"https:\/\/www.vkpbratislava.sk\/?s={search_term_string}"},"query-input":{"@type":"PropertyValueSpecification","valueRequired":true,"valueName":"search_term_string"}}],"inLanguage":"sk-SK"},{"@type":"Organization","@id":"https:\/\/www.vkpbratislava.sk\/#organization","name":"VKP Bratislava","url":"https:\/\/www.vkpbratislava.sk\/","logo":{"@type":"ImageObject","inLanguage":"sk-SK","@id":"https:\/\/www.vkpbratislava.sk\/#\/schema\/logo\/image\/","url":"https:\/\/www.vkpbratislava.sk\/wp-content\/uploads\/2020\/10\/vkpBA.png","contentUrl":"https:\/\/www.vkpbratislava.sk\/wp-content\/uploads\/2020\/10\/vkpBA.png","width":600,"height":600,"caption":"VKP Bratislava"},"image":{"@id":"https:\/\/www.vkpbratislava.sk\/#\/schema\/logo\/image\/"}},{"@type":"Person","@id":"https:\/\/www.vkpbratislava.sk\/#\/schema\/person\/7037e769f9515aa58493d1b5852c4c50","name":"jenca","image":{"@type":"ImageObject","inLanguage":"sk-SK","@id":"https:\/\/www.vkpbratislava.sk\/#\/schema\/person\/image\/","url":"https:\/\/secure.gravatar.com\/avatar\/67aa89e9aab2911bbd0c6fbf0a891ea8d80c207c9b6a6e2c96e13fc2f16e536d?s=96&d=mm&r=g","contentUrl":"https:\/\/secure.gravatar.com\/avatar\/67aa89e9aab2911bbd0c6fbf0a891ea8d80c207c9b6a6e2c96e13fc2f16e536d?s=96&d=mm&r=g","caption":"jenca"},"url":"https:\/\/www.vkpbratislava.sk\/?author=3"}]}},"_links":{"self":[{"href":"https:\/\/www.vkpbratislava.sk\/index.php?rest_route=\/wp\/v2\/posts\/51707","targetHints":{"allow":["GET"]}}],"collection":[{"href":"https:\/\/www.vkpbratislava.sk\/index.php?rest_route=\/wp\/v2\/posts"}],"about":[{"href":"https:\/\/www.vkpbratislava.sk\/index.php?rest_route=\/wp\/v2\/types\/post"}],"author":[{"embeddable":true,"href":"https:\/\/www.vkpbratislava.sk\/index.php?rest_route=\/wp\/v2\/users\/3"}],"replies":[{"embeddable":true,"href":"https:\/\/www.vkpbratislava.sk\/index.php?rest_route=%2Fwp%2Fv2%2Fcomments&post=51707"}],"version-history":[{"count":1,"href":"https:\/\/www.vkpbratislava.sk\/index.php?rest_route=\/wp\/v2\/posts\/51707\/revisions"}],"predecessor-version":[{"id":51708,"href":"https:\/\/www.vkpbratislava.sk\/index.php?rest_route=\/wp\/v2\/posts\/51707\/revisions\/51708"}],"wp:featuredmedia":[{"embeddable":true,"href":"https:\/\/www.vkpbratislava.sk\/index.php?rest_route=\/wp\/v2\/media\/51628"}],"wp:attachment":[{"href":"https:\/\/www.vkpbratislava.sk\/index.php?rest_route=%2Fwp%2Fv2%2Fmedia&parent=51707"}],"wp:term":[{"taxonomy":"category","embeddable":true,"href":"https:\/\/www.vkpbratislava.sk\/index.php?rest_route=%2Fwp%2Fv2%2Fcategories&post=51707"},{"taxonomy":"post_tag","embeddable":true,"href":"https:\/\/www.vkpbratislava.sk\/index.php?rest_route=%2Fwp%2Fv2%2Ftags&post=51707"}],"curies":[{"name":"wp","href":"https:\/\/api.w.org\/{rel}","templated":true}]}}