{"id":51709,"date":"2026-03-06T11:43:23","date_gmt":"2026-03-06T10:43:23","guid":{"rendered":"https:\/\/www.vkpbratislava.sk\/?p=51709"},"modified":"2026-03-06T11:45:11","modified_gmt":"2026-03-06T10:45:11","slug":"tomas-krisko-tajbrejk-sme-mali-vyhrat-o-to-viac-to-mrzi","status":"publish","type":"post","link":"https:\/\/www.vkpbratislava.sk\/?p=51709","title":{"rendered":"Tom\u00e1\u0161 Kri\u0161ko: Tajbrejk sme mali vyhra\u0165, o to viac to mrz\u00ed"},"content":{"rendered":"<p>Semifin\u00e1lov\u00fd duel CEV Challenge Cupu medzi VK Slovan Bratislava a belgick\u00fdm Lindemans Aalst priniesol jeden z najdramatickej\u0161\u00edch z\u00e1pasov sez\u00f3ny. P\u00e4\u0165setov\u00e1 bitka, marat\u00f3nsky druh\u00fd set a nervydr\u00e1saj\u00faci tajbrejk dr\u017eali div\u00e1kov v nap\u00e4t\u00ed viac ako tri hodiny. Belas\u00ed napokon tesne pod\u013eahli 2:3, no pred odvetou v Belgicku zost\u00e1va v\u0161etko otvoren\u00e9. Svoje pocity po z\u00e1pase pribl\u00ed\u017eil sme\u010diar Slovana Tom\u00e1\u0161 Kri\u0161ko.<\/p>\n<p>&nbsp;<\/p>\n<p><strong>Tom\u00e1\u0161, dnes ste odohrali prv\u00fd semifin\u00e1lov\u00fd z\u00e1pas eur\u00f3pskeho poh\u00e1ra. Bol to nesmierne dynamick\u00fd, vyrovnan\u00fd a nervydr\u00e1saj\u00faci duel, ktor\u00fd sa napokon skon\u010dil prehrou. Ak\u00e9 s\u00fa pocity bezprostredne po z\u00e1pase?<\/strong><\/p>\n<p>Ve\u013ek\u00fd sm\u00fatok a hnev. Tajbrejk sme mali ve\u013emi dobre rozohrat\u00fd, no nedok\u00e1zali sme ho dotiahnu\u0165 do v\u00ed\u0165azn\u00e9ho konca a pr\u00e1ve to mrz\u00ed najviac. Tak\u00e9to semifin\u00e1le je samo o sebe skvelou reklamou pre slovensk\u00fd volejbal, no samozrejme by bolo ove\u013ea lep\u0161ie, keby sme ho dok\u00e1zali vyhra\u0165.<\/p>\n<p>&nbsp;<\/p>\n<p><strong>Ako hodnot\u00ed\u0161 s\u00fapera? Je Aalst zatia\u013e najsilnej\u0161\u00ed t\u00edm, proti ktor\u00e9mu ste v tejto s\u00fa\u0165a\u017ei nast\u00fapili?<\/strong><\/p>\n<p>Ur\u010dite \u00e1no. \u00darove\u0148 s\u00faperov sa v ka\u017edom kole zvy\u0161uje. Aalst m\u00e1 nieko\u013eko v\u00fdborn\u00fdch serverov, ktor\u00ed n\u00e1s takmer v ka\u017edej rot\u00e1cii dost\u00e1vali pod tlak. V\u017edy z\u00e1le\u017ealo len na n\u00e1s, \u010di to dok\u00e1\u017eeme ust\u00e1\u0165 alebo nie, a od toho sa potom odv\u00edjal aj v\u00fdsledok jednotliv\u00fdch setov.<\/p>\n<p>&nbsp;<\/p>\n<p><strong>\u010co hovor\u00ed\u0161 na druh\u00fd set, ktor\u00fd bol pravdepodobne jedn\u00fdm z najdlh\u0161\u00edch, ak\u00e9 ste kedy odohrali? Sk\u00f3re 44:42 bolo naozaj \u0161ialen\u00e9. Ako si ho pre\u017e\u00edval a \u010do ho napokon rozhodlo?<\/strong><\/p>\n<p>Bolo to naozaj ve\u013emi \u0165a\u017ek\u00e9, viacer\u00ed z n\u00e1s u\u017e i\u0161li doslova z posledn\u00fdch s\u00edl. Rozhodovali \u00fapln\u00e9 mali\u010dkosti. Bol to boj o ka\u017ed\u00fa loptu, obidve dru\u017estv\u00e1 i\u0161li naplno a rozhodli len detaily. Bol to ve\u013emi d\u00f4le\u017eit\u00fd set, ale po takomto marat\u00f3ne je v\u017edy n\u00e1ro\u010dn\u00e9 s\u00fastredi\u0165 sa na \u010fal\u0161\u00ed, preto\u017ee \u010dlovek m\u00e1 e\u0161te st\u00e1le v hlave ten predch\u00e1dzaj\u00faci<\/p>\n<p>&nbsp;<\/p>\n<p><strong>Na bud\u00faci t\u00fd\u017ede\u0148 v\u00e1s \u010dak\u00e1 odveta v Belgicku. Aalst je pomerne mlad\u00fd t\u00edm, vy naopak p\u00f4sob\u00edte vyzretej\u0161ie. Mysl\u00ed\u0161 si, \u017ee pr\u00e1ve sk\u00fasenosti m\u00f4\u017eu rozhodn\u00fa\u0165 vo v\u00e1\u0161 prospech?<\/strong><\/p>\n<p>Sk\u00fasenosti ur\u010dite m\u00e1me, ale hr\u00e1\u010di vo veku 24 a\u017e 25 rokov u\u017e b\u00fdvaj\u00fa v tak\u00fdchto s\u00fa\u0165a\u017eiach ve\u013emi vyzret\u00ed. Nehr\u00e1 sa proti \u017eiadnym nesk\u00fasen\u00fdm mlad\u00edkom. Mnoh\u00ed z nich maj\u00fa za sebou aj sedem sez\u00f3n v kvalitn\u00fdch lig\u00e1ch, tak\u017ee sk\u00fasenosti maj\u00fa tie\u017e. Pre n\u00e1s bude teraz najd\u00f4le\u017eitej\u0161ie zregenerova\u0165, da\u0165 sa po tomto z\u00e1pase dokopy. E\u0161te n\u00e1s \u010dak\u00e1 ligov\u00fd z\u00e1pas v sobotu a a\u017e potom sa budeme naplno s\u00fastredi\u0165 na odvetu v Aalste.<\/p>\n<p>&nbsp;<\/p>\n<p>&nbsp;<\/p>\n<p>Zdroj: VK Slovan<\/p>\n","protected":false},"excerpt":{"rendered":"<p>Semifin\u00e1lov\u00fd duel CEV Challenge Cupu medzi VK Slovan Bratislava a belgick\u00fdm Lindemans Aalst priniesol jeden z najdramatickej\u0161\u00edch z\u00e1pasov sez\u00f3ny. P\u00e4\u0165setov\u00e1 bitka, marat\u00f3nsky druh\u00fd set a nervydr\u00e1saj\u00faci tajbrejk dr\u017eali div\u00e1kov v nap\u00e4t\u00ed viac ako tri hodiny. Belas\u00ed napokon tesne pod\u013eahli 2:3, no pred odvetou v Belgicku zost\u00e1va v\u0161etko otvoren\u00e9. Svoje pocity po z\u00e1pase pribl\u00ed\u017eil sme\u010diar Slovana&#8230;<\/p>\n","protected":false},"author":3,"featured_media":51588,"comment_status":"closed","ping_status":"closed","sticky":false,"template":"","format":"standard","meta":{"_monsterinsights_skip_tracking":false,"_monsterinsights_sitenote_active":false,"_monsterinsights_sitenote_note":"","_monsterinsights_sitenote_category":0,"footnotes":""},"categories":[47],"tags":[],"class_list":["post-51709","post","type-post","status-publish","format-standard","has-post-thumbnail","hentry","category-muzi"],"yoast_head":"<!-- This site is optimized with the Yoast SEO plugin v25.6 - https:\/\/yoast.com\/wordpress\/plugins\/seo\/ -->\n<title>Tom\u00e1\u0161 Kri\u0161ko: Tajbrejk sme mali vyhra\u0165, o to viac to mrz\u00ed - VK SLOVAN Bratislava<\/title>\n<meta name=\"robots\" content=\"index, follow, max-snippet:-1, max-image-preview:large, max-video-preview:-1\" \/>\n<link rel=\"canonical\" href=\"https:\/\/www.vkpbratislava.sk\/?p=51709\" \/>\n<meta property=\"og:locale\" content=\"sk_SK\" \/>\n<meta property=\"og:type\" content=\"article\" \/>\n<meta property=\"og:title\" content=\"Tom\u00e1\u0161 Kri\u0161ko: Tajbrejk sme mali vyhra\u0165, o to viac to mrz\u00ed - VK SLOVAN Bratislava\" \/>\n<meta property=\"og:description\" content=\"Semifin\u00e1lov\u00fd duel CEV Challenge Cupu medzi VK Slovan Bratislava a belgick\u00fdm Lindemans Aalst priniesol jeden z najdramatickej\u0161\u00edch z\u00e1pasov sez\u00f3ny. P\u00e4\u0165setov\u00e1 bitka, marat\u00f3nsky druh\u00fd set a nervydr\u00e1saj\u00faci tajbrejk dr\u017eali div\u00e1kov v nap\u00e4t\u00ed viac ako tri hodiny. Belas\u00ed napokon tesne pod\u013eahli 2:3, no pred odvetou v Belgicku zost\u00e1va v\u0161etko otvoren\u00e9. Svoje pocity po z\u00e1pase pribl\u00ed\u017eil sme\u010diar Slovana...\" \/>\n<meta property=\"og:url\" content=\"https:\/\/www.vkpbratislava.sk\/?p=51709\" \/>\n<meta property=\"og:site_name\" content=\"VK SLOVAN Bratislava\" \/>\n<meta property=\"article:published_time\" content=\"2026-03-06T10:43:23+00:00\" \/>\n<meta property=\"article:modified_time\" content=\"2026-03-06T10:45:11+00:00\" \/>\n<meta property=\"og:image\" content=\"https:\/\/www.vkpbratislava.sk\/wp-content\/uploads\/2026\/03\/MS_20260305_CCSlovanvsAalst-44.jpg\" \/>\n\t<meta property=\"og:image:width\" content=\"2048\" \/>\n\t<meta property=\"og:image:height\" content=\"1365\" \/>\n\t<meta property=\"og:image:type\" content=\"image\/jpeg\" \/>\n<meta name=\"author\" content=\"jenca\" \/>\n<meta name=\"twitter:card\" content=\"summary_large_image\" \/>\n<meta name=\"twitter:label1\" content=\"Autor\" \/>\n\t<meta name=\"twitter:data1\" content=\"jenca\" \/>\n\t<meta name=\"twitter:label2\" content=\"Predpokladan\u00fd \u010das \u010d\u00edtania\" \/>\n\t<meta name=\"twitter:data2\" content=\"3 min\u00faty\" \/>\n<script type=\"application\/ld+json\" class=\"yoast-schema-graph\">{\"@context\":\"https:\/\/schema.org\",\"@graph\":[{\"@type\":\"Article\",\"@id\":\"https:\/\/www.vkpbratislava.sk\/?p=51709#article\",\"isPartOf\":{\"@id\":\"https:\/\/www.vkpbratislava.sk\/?p=51709\"},\"author\":{\"name\":\"jenca\",\"@id\":\"https:\/\/www.vkpbratislava.sk\/#\/schema\/person\/7037e769f9515aa58493d1b5852c4c50\"},\"headline\":\"Tom\u00e1\u0161 Kri\u0161ko: Tajbrejk sme mali vyhra\u0165, o to viac to mrz\u00ed\",\"datePublished\":\"2026-03-06T10:43:23+00:00\",\"dateModified\":\"2026-03-06T10:45:11+00:00\",\"mainEntityOfPage\":{\"@id\":\"https:\/\/www.vkpbratislava.sk\/?p=51709\"},\"wordCount\":515,\"publisher\":{\"@id\":\"https:\/\/www.vkpbratislava.sk\/#organization\"},\"image\":{\"@id\":\"https:\/\/www.vkpbratislava.sk\/?p=51709#primaryimage\"},\"thumbnailUrl\":\"https:\/\/www.vkpbratislava.sk\/wp-content\/uploads\/2026\/03\/MS_20260305_CCSlovanvsAalst-44.jpg\",\"articleSection\":[\"Mu\u017ei\"],\"inLanguage\":\"sk-SK\"},{\"@type\":\"WebPage\",\"@id\":\"https:\/\/www.vkpbratislava.sk\/?p=51709\",\"url\":\"https:\/\/www.vkpbratislava.sk\/?p=51709\",\"name\":\"Tom\u00e1\u0161 Kri\u0161ko: Tajbrejk sme mali vyhra\u0165, o to viac to mrz\u00ed - VK SLOVAN Bratislava\",\"isPartOf\":{\"@id\":\"https:\/\/www.vkpbratislava.sk\/#website\"},\"primaryImageOfPage\":{\"@id\":\"https:\/\/www.vkpbratislava.sk\/?p=51709#primaryimage\"},\"image\":{\"@id\":\"https:\/\/www.vkpbratislava.sk\/?p=51709#primaryimage\"},\"thumbnailUrl\":\"https:\/\/www.vkpbratislava.sk\/wp-content\/uploads\/2026\/03\/MS_20260305_CCSlovanvsAalst-44.jpg\",\"datePublished\":\"2026-03-06T10:43:23+00:00\",\"dateModified\":\"2026-03-06T10:45:11+00:00\",\"breadcrumb\":{\"@id\":\"https:\/\/www.vkpbratislava.sk\/?p=51709#breadcrumb\"},\"inLanguage\":\"sk-SK\",\"potentialAction\":[{\"@type\":\"ReadAction\",\"target\":[\"https:\/\/www.vkpbratislava.sk\/?p=51709\"]}]},{\"@type\":\"ImageObject\",\"inLanguage\":\"sk-SK\",\"@id\":\"https:\/\/www.vkpbratislava.sk\/?p=51709#primaryimage\",\"url\":\"https:\/\/www.vkpbratislava.sk\/wp-content\/uploads\/2026\/03\/MS_20260305_CCSlovanvsAalst-44.jpg\",\"contentUrl\":\"https:\/\/www.vkpbratislava.sk\/wp-content\/uploads\/2026\/03\/MS_20260305_CCSlovanvsAalst-44.jpg\",\"width\":2048,\"height\":1365},{\"@type\":\"BreadcrumbList\",\"@id\":\"https:\/\/www.vkpbratislava.sk\/?p=51709#breadcrumb\",\"itemListElement\":[{\"@type\":\"ListItem\",\"position\":1,\"name\":\"Domov\",\"item\":\"https:\/\/www.vkpbratislava.sk\/\"},{\"@type\":\"ListItem\",\"position\":2,\"name\":\"Tom\u00e1\u0161 Kri\u0161ko: Tajbrejk sme mali vyhra\u0165, o to viac to mrz\u00ed\"}]},{\"@type\":\"WebSite\",\"@id\":\"https:\/\/www.vkpbratislava.sk\/#website\",\"url\":\"https:\/\/www.vkpbratislava.sk\/\",\"name\":\"VK SLOVAN Bratislava\",\"description\":\"Volejbalov\u00fd klub\",\"publisher\":{\"@id\":\"https:\/\/www.vkpbratislava.sk\/#organization\"},\"potentialAction\":[{\"@type\":\"SearchAction\",\"target\":{\"@type\":\"EntryPoint\",\"urlTemplate\":\"https:\/\/www.vkpbratislava.sk\/?s={search_term_string}\"},\"query-input\":{\"@type\":\"PropertyValueSpecification\",\"valueRequired\":true,\"valueName\":\"search_term_string\"}}],\"inLanguage\":\"sk-SK\"},{\"@type\":\"Organization\",\"@id\":\"https:\/\/www.vkpbratislava.sk\/#organization\",\"name\":\"VKP Bratislava\",\"url\":\"https:\/\/www.vkpbratislava.sk\/\",\"logo\":{\"@type\":\"ImageObject\",\"inLanguage\":\"sk-SK\",\"@id\":\"https:\/\/www.vkpbratislava.sk\/#\/schema\/logo\/image\/\",\"url\":\"https:\/\/www.vkpbratislava.sk\/wp-content\/uploads\/2020\/10\/vkpBA.png\",\"contentUrl\":\"https:\/\/www.vkpbratislava.sk\/wp-content\/uploads\/2020\/10\/vkpBA.png\",\"width\":600,\"height\":600,\"caption\":\"VKP Bratislava\"},\"image\":{\"@id\":\"https:\/\/www.vkpbratislava.sk\/#\/schema\/logo\/image\/\"}},{\"@type\":\"Person\",\"@id\":\"https:\/\/www.vkpbratislava.sk\/#\/schema\/person\/7037e769f9515aa58493d1b5852c4c50\",\"name\":\"jenca\",\"image\":{\"@type\":\"ImageObject\",\"inLanguage\":\"sk-SK\",\"@id\":\"https:\/\/www.vkpbratislava.sk\/#\/schema\/person\/image\/\",\"url\":\"https:\/\/secure.gravatar.com\/avatar\/67aa89e9aab2911bbd0c6fbf0a891ea8d80c207c9b6a6e2c96e13fc2f16e536d?s=96&d=mm&r=g\",\"contentUrl\":\"https:\/\/secure.gravatar.com\/avatar\/67aa89e9aab2911bbd0c6fbf0a891ea8d80c207c9b6a6e2c96e13fc2f16e536d?s=96&d=mm&r=g\",\"caption\":\"jenca\"},\"url\":\"https:\/\/www.vkpbratislava.sk\/?author=3\"}]}<\/script>\n<!-- \/ Yoast SEO plugin. -->","yoast_head_json":{"title":"Tom\u00e1\u0161 Kri\u0161ko: Tajbrejk sme mali vyhra\u0165, o to viac to mrz\u00ed - VK SLOVAN Bratislava","robots":{"index":"index","follow":"follow","max-snippet":"max-snippet:-1","max-image-preview":"max-image-preview:large","max-video-preview":"max-video-preview:-1"},"canonical":"https:\/\/www.vkpbratislava.sk\/?p=51709","og_locale":"sk_SK","og_type":"article","og_title":"Tom\u00e1\u0161 Kri\u0161ko: Tajbrejk sme mali vyhra\u0165, o to viac to mrz\u00ed - VK SLOVAN Bratislava","og_description":"Semifin\u00e1lov\u00fd duel CEV Challenge Cupu medzi VK Slovan Bratislava a belgick\u00fdm Lindemans Aalst priniesol jeden z najdramatickej\u0161\u00edch z\u00e1pasov sez\u00f3ny. P\u00e4\u0165setov\u00e1 bitka, marat\u00f3nsky druh\u00fd set a nervydr\u00e1saj\u00faci tajbrejk dr\u017eali div\u00e1kov v nap\u00e4t\u00ed viac ako tri hodiny. Belas\u00ed napokon tesne pod\u013eahli 2:3, no pred odvetou v Belgicku zost\u00e1va v\u0161etko otvoren\u00e9. Svoje pocity po z\u00e1pase pribl\u00ed\u017eil sme\u010diar Slovana...","og_url":"https:\/\/www.vkpbratislava.sk\/?p=51709","og_site_name":"VK SLOVAN Bratislava","article_published_time":"2026-03-06T10:43:23+00:00","article_modified_time":"2026-03-06T10:45:11+00:00","og_image":[{"width":2048,"height":1365,"url":"https:\/\/www.vkpbratislava.sk\/wp-content\/uploads\/2026\/03\/MS_20260305_CCSlovanvsAalst-44.jpg","type":"image\/jpeg"}],"author":"jenca","twitter_card":"summary_large_image","twitter_misc":{"Autor":"jenca","Predpokladan\u00fd \u010das \u010d\u00edtania":"3 min\u00faty"},"schema":{"@context":"https:\/\/schema.org","@graph":[{"@type":"Article","@id":"https:\/\/www.vkpbratislava.sk\/?p=51709#article","isPartOf":{"@id":"https:\/\/www.vkpbratislava.sk\/?p=51709"},"author":{"name":"jenca","@id":"https:\/\/www.vkpbratislava.sk\/#\/schema\/person\/7037e769f9515aa58493d1b5852c4c50"},"headline":"Tom\u00e1\u0161 Kri\u0161ko: Tajbrejk sme mali vyhra\u0165, o to viac to mrz\u00ed","datePublished":"2026-03-06T10:43:23+00:00","dateModified":"2026-03-06T10:45:11+00:00","mainEntityOfPage":{"@id":"https:\/\/www.vkpbratislava.sk\/?p=51709"},"wordCount":515,"publisher":{"@id":"https:\/\/www.vkpbratislava.sk\/#organization"},"image":{"@id":"https:\/\/www.vkpbratislava.sk\/?p=51709#primaryimage"},"thumbnailUrl":"https:\/\/www.vkpbratislava.sk\/wp-content\/uploads\/2026\/03\/MS_20260305_CCSlovanvsAalst-44.jpg","articleSection":["Mu\u017ei"],"inLanguage":"sk-SK"},{"@type":"WebPage","@id":"https:\/\/www.vkpbratislava.sk\/?p=51709","url":"https:\/\/www.vkpbratislava.sk\/?p=51709","name":"Tom\u00e1\u0161 Kri\u0161ko: Tajbrejk sme mali vyhra\u0165, o to viac to mrz\u00ed - VK SLOVAN Bratislava","isPartOf":{"@id":"https:\/\/www.vkpbratislava.sk\/#website"},"primaryImageOfPage":{"@id":"https:\/\/www.vkpbratislava.sk\/?p=51709#primaryimage"},"image":{"@id":"https:\/\/www.vkpbratislava.sk\/?p=51709#primaryimage"},"thumbnailUrl":"https:\/\/www.vkpbratislava.sk\/wp-content\/uploads\/2026\/03\/MS_20260305_CCSlovanvsAalst-44.jpg","datePublished":"2026-03-06T10:43:23+00:00","dateModified":"2026-03-06T10:45:11+00:00","breadcrumb":{"@id":"https:\/\/www.vkpbratislava.sk\/?p=51709#breadcrumb"},"inLanguage":"sk-SK","potentialAction":[{"@type":"ReadAction","target":["https:\/\/www.vkpbratislava.sk\/?p=51709"]}]},{"@type":"ImageObject","inLanguage":"sk-SK","@id":"https:\/\/www.vkpbratislava.sk\/?p=51709#primaryimage","url":"https:\/\/www.vkpbratislava.sk\/wp-content\/uploads\/2026\/03\/MS_20260305_CCSlovanvsAalst-44.jpg","contentUrl":"https:\/\/www.vkpbratislava.sk\/wp-content\/uploads\/2026\/03\/MS_20260305_CCSlovanvsAalst-44.jpg","width":2048,"height":1365},{"@type":"BreadcrumbList","@id":"https:\/\/www.vkpbratislava.sk\/?p=51709#breadcrumb","itemListElement":[{"@type":"ListItem","position":1,"name":"Domov","item":"https:\/\/www.vkpbratislava.sk\/"},{"@type":"ListItem","position":2,"name":"Tom\u00e1\u0161 Kri\u0161ko: Tajbrejk sme mali vyhra\u0165, o to viac to mrz\u00ed"}]},{"@type":"WebSite","@id":"https:\/\/www.vkpbratislava.sk\/#website","url":"https:\/\/www.vkpbratislava.sk\/","name":"VK SLOVAN Bratislava","description":"Volejbalov\u00fd klub","publisher":{"@id":"https:\/\/www.vkpbratislava.sk\/#organization"},"potentialAction":[{"@type":"SearchAction","target":{"@type":"EntryPoint","urlTemplate":"https:\/\/www.vkpbratislava.sk\/?s={search_term_string}"},"query-input":{"@type":"PropertyValueSpecification","valueRequired":true,"valueName":"search_term_string"}}],"inLanguage":"sk-SK"},{"@type":"Organization","@id":"https:\/\/www.vkpbratislava.sk\/#organization","name":"VKP Bratislava","url":"https:\/\/www.vkpbratislava.sk\/","logo":{"@type":"ImageObject","inLanguage":"sk-SK","@id":"https:\/\/www.vkpbratislava.sk\/#\/schema\/logo\/image\/","url":"https:\/\/www.vkpbratislava.sk\/wp-content\/uploads\/2020\/10\/vkpBA.png","contentUrl":"https:\/\/www.vkpbratislava.sk\/wp-content\/uploads\/2020\/10\/vkpBA.png","width":600,"height":600,"caption":"VKP Bratislava"},"image":{"@id":"https:\/\/www.vkpbratislava.sk\/#\/schema\/logo\/image\/"}},{"@type":"Person","@id":"https:\/\/www.vkpbratislava.sk\/#\/schema\/person\/7037e769f9515aa58493d1b5852c4c50","name":"jenca","image":{"@type":"ImageObject","inLanguage":"sk-SK","@id":"https:\/\/www.vkpbratislava.sk\/#\/schema\/person\/image\/","url":"https:\/\/secure.gravatar.com\/avatar\/67aa89e9aab2911bbd0c6fbf0a891ea8d80c207c9b6a6e2c96e13fc2f16e536d?s=96&d=mm&r=g","contentUrl":"https:\/\/secure.gravatar.com\/avatar\/67aa89e9aab2911bbd0c6fbf0a891ea8d80c207c9b6a6e2c96e13fc2f16e536d?s=96&d=mm&r=g","caption":"jenca"},"url":"https:\/\/www.vkpbratislava.sk\/?author=3"}]}},"_links":{"self":[{"href":"https:\/\/www.vkpbratislava.sk\/index.php?rest_route=\/wp\/v2\/posts\/51709","targetHints":{"allow":["GET"]}}],"collection":[{"href":"https:\/\/www.vkpbratislava.sk\/index.php?rest_route=\/wp\/v2\/posts"}],"about":[{"href":"https:\/\/www.vkpbratislava.sk\/index.php?rest_route=\/wp\/v2\/types\/post"}],"author":[{"embeddable":true,"href":"https:\/\/www.vkpbratislava.sk\/index.php?rest_route=\/wp\/v2\/users\/3"}],"replies":[{"embeddable":true,"href":"https:\/\/www.vkpbratislava.sk\/index.php?rest_route=%2Fwp%2Fv2%2Fcomments&post=51709"}],"version-history":[{"count":3,"href":"https:\/\/www.vkpbratislava.sk\/index.php?rest_route=\/wp\/v2\/posts\/51709\/revisions"}],"predecessor-version":[{"id":51712,"href":"https:\/\/www.vkpbratislava.sk\/index.php?rest_route=\/wp\/v2\/posts\/51709\/revisions\/51712"}],"wp:featuredmedia":[{"embeddable":true,"href":"https:\/\/www.vkpbratislava.sk\/index.php?rest_route=\/wp\/v2\/media\/51588"}],"wp:attachment":[{"href":"https:\/\/www.vkpbratislava.sk\/index.php?rest_route=%2Fwp%2Fv2%2Fmedia&parent=51709"}],"wp:term":[{"taxonomy":"category","embeddable":true,"href":"https:\/\/www.vkpbratislava.sk\/index.php?rest_route=%2Fwp%2Fv2%2Fcategories&post=51709"},{"taxonomy":"post_tag","embeddable":true,"href":"https:\/\/www.vkpbratislava.sk\/index.php?rest_route=%2Fwp%2Fv2%2Ftags&post=51709"}],"curies":[{"name":"wp","href":"https:\/\/api.w.org\/{rel}","templated":true}]}}