{"id":5179,"date":"2021-04-16T09:36:46","date_gmt":"2021-04-16T07:36:46","guid":{"rendered":"https:\/\/www.vkpbratislava.sk\/?p=5179"},"modified":"2021-04-19T16:45:39","modified_gmt":"2021-04-19T14:45:39","slug":"medailove-plany-vkp-bratislava-sa-presuvaju-na-novu-sezonu","status":"publish","type":"post","link":"https:\/\/www.vkpbratislava.sk\/?p=5179","title":{"rendered":"Medailov\u00e9 pl\u00e1ny VKP Bratislava sa pres\u00favaj\u00fa na nov\u00fa sez\u00f3nu"},"content":{"rendered":"<p><strong>Sklamanie, nov\u00e9 sk\u00fasenosti, ale aj nov\u00e9 v\u00fdzvy. Naj\u00faspe\u0161nej\u0161\u00ed slovensk\u00fd volejbalov\u00fd t\u00edm v\u00a0hist\u00f3ri\u00ed VKP Bratislava mal po n\u00e1vrate do hlavn\u00e9ho mesta amb\u00edciu bojova\u0165 o\u00a0medaily. No skon\u010dil u\u017e vo \u0161tvr\u0165fin\u00e1le play-off a\u00a0napokon sa umiestnil na 5. mieste. Na zhodnotenie n\u00e1vratu \u201epolicajtov\u201c na slovensk\u00fa volejbalov\u00fa mapu, ale na\u00a0amb\u00edcie do \u010fal\u0161ieho ro\u010dn\u00edka sme si pozvali viceprezidenta klubu Eduarda Hronsk\u00e9ho.<\/strong><\/p>\n<p>Vlani na za\u010diatku okt\u00f3bra od\u0161tartovala \u010fal\u0161ia extraligov\u00e1 sez\u00f3na volejbalov\u00e9ho nov\u00e1\u010dika VKP Bratislava po nieko\u013ekoro\u010dnej odmlke. \u201ePolicajtom\u201c sa podarilo zoceli\u0165 t\u00edm n\u00e1dejn\u00fdch mlad\u00fdch hr\u00e1\u010dov doplnen\u00fdch sk\u00fasen\u00fdmi harcovn\u00edkmi. \u201e\u00davod sez\u00f3ny bol rozpa\u010dit\u00fd nielen v\u00fdsledkovo, nasledoval v\u00fdborn\u00fd stred, ale ne\u00faspe\u0161n\u00fd koniec. Celkove teda sez\u00f3na nie je pod\u013ea na\u0161ich predst\u00e1v,\u201c zhodnotil v\u00a0kr\u00e1tkosti ro\u010dn\u00edk Eduard Hronsk\u00fd.\u00a0\u201eCie\u013eom cel\u00e9ho t\u00edmu bolo dosta\u0165 sa do top \u0161tvorky, a\u00a0preto ve\u013ek\u00e9 sklamanie. V\u0161etko sa to pred sez\u00f3nou zomlelo ve\u013emi r\u00fdchlo. Na posledn\u00fa chv\u00ed\u013eu pred \u0161tartom s\u00fa\u0165a\u017ee sa n\u00e1m podarilo posklada\u0165 kvalitn\u00e9 mu\u017estvo, klub fungoval profesion\u00e1lne po v\u0161etk\u00fdch str\u00e1nkach,\u201c doplnil.<\/p>\n<h6>Bo\u013eav\u00e1 prehra<\/h6>\n<p>Pre VKP dlho platilo pravidlo &#8211; m\u00f4j dom, m\u00f4j hrad. Prehra na vlastnej palubovke pri\u0161la a\u017e v\u00a0tej najnevhodnej\u0161ej chv\u00edli, ktorej predch\u00e1dzala karant\u00e9na v\u00a0t\u00edme. VKP pri\u0161lo o\u00a0nieko\u013eko t\u00fd\u017ed\u0148ov d\u00f4le\u017eitej pr\u00edpravy, \u010do sp\u00f4sobilo aj vyradenie zo Slovensk\u00e9ho poh\u00e1ra a n\u00e1sledne\u00a0stopku vo \u0161tvr\u0165fin\u00e1le play-off.<\/p>\n<p>\u201eTo tak v\u00e4\u010d\u0161inou b\u00fdva. Vyhr\u00e1vate, dr\u017e\u00edte s\u00e9riu neporazite\u013enosti, ale aj t\u00e1 sa raz skon\u010d\u00ed. Aj prehra mus\u00ed raz pr\u00eds\u0165. \u00c1no, rozhoduj\u00faci z\u00e1pas doma s\u00a0Ko\u0161icami o\u00a0postup do semifin\u00e1le bol ve\u013emi, ve\u013emi bo\u013eav\u00fd. Uk\u00e1zalo sa, \u017ee dru\u017estv\u00e1 boli tento rok ve\u013emi vyrovnan\u00e9 a\u00a0do ka\u017ed\u00e9ho z\u00a0nich zasiahol nejak\u00fd probl\u00e9m s covidom. Niekto tr\u00e9nova\u0165 mohol, niekto nie. T\u00edmy, ktor\u00e9 boli v\u00a0z\u00e1vere sez\u00f3ny zdrav\u00e9 a\u00a0chytili hern\u00fa faz\u00f3nu, z\u00a0toho vy\u0161li najlep\u0161ie. Samozrejme, neprispelo k\u00a0tomu ani riadenie s\u00fa\u0165a\u017ee. Niektor\u00e9 s\u00e9rie play-off sa hrali na dva v\u00ed\u0165azn\u00e9 s\u00faboje, in\u00e9 na tri. Niekto vypadol, ke\u010f nehral kv\u00f4li korone, ako my v\u00a0Slovenskom poh\u00e1ri, na niekoho sa \u010dakalo, k\u00fdm sa z\u00a0korony dostane. Od za\u010diatku mali by\u0165 striktne nastaven\u00e9 pravidl\u00e1 a\u00a0nie to neust\u00e1le meni\u0165 a\u00a0improvizova\u0165. Aj toto priniesla sez\u00f3na, ktor\u00e1 pr\u00e1ve vrchol\u00ed a\u00a0rad\u00ed sa medzi v\u00fdnimo\u010dn\u00e9,\u201c skomentoval Hronsk\u00fd.<\/p>\n<p><img loading=\"lazy\" decoding=\"async\" class=\"alignnone wp-image-5171\" src=\"https:\/\/www.vkpbratislava.sk\/wp-content\/uploads\/2021\/04\/VKP-dakovacka-2020-FB-kopie-640x250.jpg\" alt=\"\" width=\"512\" height=\"200\" srcset=\"https:\/\/www.vkpbratislava.sk\/wp-content\/uploads\/2021\/04\/VKP-dakovacka-2020-FB-kopie-640x250.jpg 640w, https:\/\/www.vkpbratislava.sk\/wp-content\/uploads\/2021\/04\/VKP-dakovacka-2020-FB-kopie-1280x501.jpg 1280w, https:\/\/www.vkpbratislava.sk\/wp-content\/uploads\/2021\/04\/VKP-dakovacka-2020-FB-kopie-768x300.jpg 768w, https:\/\/www.vkpbratislava.sk\/wp-content\/uploads\/2021\/04\/VKP-dakovacka-2020-FB-kopie-1536x601.jpg 1536w, https:\/\/www.vkpbratislava.sk\/wp-content\/uploads\/2021\/04\/VKP-dakovacka-2020-FB-kopie-320x125.jpg 320w, https:\/\/www.vkpbratislava.sk\/wp-content\/uploads\/2021\/04\/VKP-dakovacka-2020-FB-kopie-600x235.jpg 600w, https:\/\/www.vkpbratislava.sk\/wp-content\/uploads\/2021\/04\/VKP-dakovacka-2020-FB-kopie.jpg 1800w\" sizes=\"auto, (max-width: 512px) 100vw, 512px\" \/><\/p>\n<h6>Z\u00e1kladom pr\u00e1ca s ml\u00e1de\u017eou<\/h6>\n<p>Po z\u00e1kladnej \u010dasti pribudli do k\u00e1dra aj dvaja mlad\u00ed hr\u00e1\u010di z\u00a0Tren\u010d\u00edna &#8211; Adri\u00e1n Van\u010do a\u00a0Andrej Billich. \u201eVo VKP sa v\u017edy v\u00fdborne pracovalo s\u00a0ml\u00e1de\u017eou a\u00a0v\u00a0tom chceme pokra\u010dova\u0165. \u010co sa t\u00fdka\u00a0extraligov\u00e9ho mu\u017estva, najide\u00e1lnej\u0161ia je kombin\u00e1cia sk\u00fasenosti star\u00fdch hr\u00e1\u010dov so strednou gener\u00e1ciou a\u00a0s\u00a0\u00fadernos\u0165ou mlad\u00fdch. Touto cestou sa chceme vyda\u0165, m\u00e1me zauj\u00edmav\u00e9 typy na \u00farovni 19, a\u017e 22 rokov. Samozrejme, s nimi treba pracova\u0165, \u010do najviac a\u00a0ak sa n\u00e1m podar\u00ed udr\u017ea\u0165 nejak\u00fdch sk\u00fasen\u00fdch hr\u00e1\u010dov v\u00a0t\u00edme, budeme radi,\u201c doplnil.<\/p>\n<p>Hronsk\u00fd tie\u017e ocenil hr\u00e1\u010dov zo \u201estarej gardy\u201c, ktor\u00ed pomohli vybudova\u0165 t\u00edm. \u201eChcel by som sa im po\u010fakova\u0165, \u017ee boli ochotn\u00ed pom\u00f4c\u0165. S\u00fa to man\u017eelia, otcovia, \u017eivitelia rod\u00edn a\u00a0v\u00a0danej situ\u00e1cii nezav\u00e1hali, aby prilo\u017eili ruku k\u00a0dielu. \u010ci u\u017e je to Boris Demeter, Tom\u00e1\u0161 Holl\u00fd alebo Tom\u00e1\u0161 Vojkovi\u010d, s\u00fa to prav\u00ed srdciari,\u201c poznamenal viceprezident VKP.<\/p>\n<p><img loading=\"lazy\" decoding=\"async\" class=\"alignnone wp-image-4058\" src=\"https:\/\/www.vkpbratislava.sk\/wp-content\/uploads\/2021\/02\/DF1A3556-640x427.jpg\" alt=\"\" width=\"508\" height=\"339\" srcset=\"https:\/\/www.vkpbratislava.sk\/wp-content\/uploads\/2021\/02\/DF1A3556-640x427.jpg 640w, https:\/\/www.vkpbratislava.sk\/wp-content\/uploads\/2021\/02\/DF1A3556-1280x853.jpg 1280w, https:\/\/www.vkpbratislava.sk\/wp-content\/uploads\/2021\/02\/DF1A3556-768x512.jpg 768w, https:\/\/www.vkpbratislava.sk\/wp-content\/uploads\/2021\/02\/DF1A3556-1536x1024.jpg 1536w, https:\/\/www.vkpbratislava.sk\/wp-content\/uploads\/2021\/02\/DF1A3556-320x213.jpg 320w, https:\/\/www.vkpbratislava.sk\/wp-content\/uploads\/2021\/02\/DF1A3556-600x400.jpg 600w, https:\/\/www.vkpbratislava.sk\/wp-content\/uploads\/2021\/02\/DF1A3556.jpg 2048w\" sizes=\"auto, (max-width: 508px) 100vw, 508px\" \/><\/p>\n<h6>Jasn\u00e1 v\u00edzia<\/h6>\n<p>A\u00a0ak\u00e9 s\u00fa o\u010dak\u00e1vania \u010di priority v\u00a0nasleduj\u00facej sez\u00f3ne? \u201eKlub m\u00e1 svoju v\u00edziu jasne ur\u010den\u00fa. Pevne ver\u00edme, \u017ee nov\u00e1 sez\u00f3na bude lep\u0161ia. D\u00fafame tie\u017e, \u017ee bud\u00fa s\u00a0nami priamo na z\u00e1pasoch aj priaznivci volejbalu, ktor\u00ed do n\u00e1s vkladaj\u00fa ve\u013ek\u00fa n\u00e1dej. Predsa len, bez fan\u00fa\u0161ikov na trib\u00fanach to nie je ono. Hlavn\u00fd cie\u013e je z\u00edska\u0165\u00a0medailu. V\u0161etko sa vyjasn\u00ed v\u00a0nasleduj\u00facich t\u00fd\u017ed\u0148och. D\u00fafam, \u017ee ke\u010f budeme zao\u010dkovan\u00ed, situ\u00e1cia v\u00a0\u0161porte sa uvo\u013en\u00ed a\u00a0aj volejbal sa vr\u00e1ti do tradi\u010dn\u00e9ho kolobehu. D\u00f4le\u017eit\u00e9 bude, aby sa sez\u00f3na za\u010dala v\u010das, bez obmedzen\u00ed a\u00a0s\u00a0k\u00e1drom, ktor\u00fd bude ucelen\u00fd a\u00a0dobre pripraven\u00fd,\u201c povedal.<\/p>\n<h6>Nov\u00e1 sez\u00f3na v novej hale<\/h6>\n<p>Najv\u00e4\u010d\u0161\u00ed probl\u00e9m Bratislavy na\u010falej zost\u00e1va absencia \u0161portov\u00e9ho st\u00e1nku pre halov\u00e9 \u0161porty, teda aj pre volejbal. Nov\u00e1 hala pri Dome \u0161portu u\u017e stoj\u00ed, je skolaudovan\u00e1, h\u00e1dzan\u00e1rky v\u00a0nej absolvovali pr\u00edpravu pred kvalifika\u010dn\u00fdmi z\u00e1pasmi a\u00a0na nas\u0165ahovanie \u010dak\u00e1 aj VKP.<\/p>\n<p>\u201eHala sa stavala pre \u0161port. Tak nech sa v\u00a0nej \u0161portuje. Po\u010d\u00edtali sme s\u00a0t\u00fdm, \u017ee hne\u010f v\u00a0prvej sez\u00f3ne tam budeme hra\u0165. Nestalo sa, nemali sme tam zatia\u013e ani tr\u00e9ning. Vraj tam nie s\u00fa kompeten\u010dne vyjasnen\u00e9 ur\u010dit\u00e9 veci. My do tejto z\u00e1le\u017eitosti vstupova\u0165 nem\u00f4\u017eeme a\u00a0ani nevieme. Hala patr\u00ed Slovensk\u00e9mu zv\u00e4zu h\u00e1dzanej. Sme presved\u010den\u00ed, \u017ee na 99,9% nov\u00fa sez\u00f3nu u\u017e budeme hra\u0165 v novej hale,\u201c uzavrel Hronsk\u00fd.<\/p>\n<div id='gallery-1' class='gallery galleryid-5179 gallery-columns-3 gallery-size-thumbnail'><figure class='gallery-item'>\n\t\t\t<div class='gallery-icon landscape'>\n\t\t\t\t<a href='https:\/\/www.vkpbratislava.sk\/?attachment_id=5151'><img loading=\"lazy\" decoding=\"async\" width=\"160\" height=\"160\" src=\"https:\/\/www.vkpbratislava.sk\/wp-content\/uploads\/2021\/03\/DF1A4056-160x160.jpg\" class=\"attachment-thumbnail size-thumbnail\" alt=\"\" srcset=\"https:\/\/www.vkpbratislava.sk\/wp-content\/uploads\/2021\/03\/DF1A4056-160x160.jpg 160w, https:\/\/www.vkpbratislava.sk\/wp-content\/uploads\/2021\/03\/DF1A4056-320x320.jpg 320w, https:\/\/www.vkpbratislava.sk\/wp-content\/uploads\/2021\/03\/DF1A4056-640x640.jpg 640w, https:\/\/www.vkpbratislava.sk\/wp-content\/uploads\/2021\/03\/DF1A4056-1280x1280.jpg 1280w, https:\/\/www.vkpbratislava.sk\/wp-content\/uploads\/2021\/03\/DF1A4056-600x600.jpg 600w, https:\/\/www.vkpbratislava.sk\/wp-content\/uploads\/2021\/03\/DF1A4056-100x100.jpg 100w\" sizes=\"auto, (max-width: 160px) 100vw, 160px\" \/><\/a>\n\t\t\t<\/div><\/figure><figure class='gallery-item'>\n\t\t\t<div class='gallery-icon landscape'>\n\t\t\t\t<a href='https:\/\/www.vkpbratislava.sk\/?attachment_id=5126'><img loading=\"lazy\" decoding=\"async\" width=\"160\" height=\"160\" src=\"https:\/\/www.vkpbratislava.sk\/wp-content\/uploads\/2021\/03\/DF1A3476-160x160.jpg\" class=\"attachment-thumbnail size-thumbnail\" alt=\"\" srcset=\"https:\/\/www.vkpbratislava.sk\/wp-content\/uploads\/2021\/03\/DF1A3476-160x160.jpg 160w, https:\/\/www.vkpbratislava.sk\/wp-content\/uploads\/2021\/03\/DF1A3476-320x320.jpg 320w, https:\/\/www.vkpbratislava.sk\/wp-content\/uploads\/2021\/03\/DF1A3476-640x640.jpg 640w, https:\/\/www.vkpbratislava.sk\/wp-content\/uploads\/2021\/03\/DF1A3476-1280x1280.jpg 1280w, https:\/\/www.vkpbratislava.sk\/wp-content\/uploads\/2021\/03\/DF1A3476-600x600.jpg 600w, https:\/\/www.vkpbratislava.sk\/wp-content\/uploads\/2021\/03\/DF1A3476-100x100.jpg 100w\" sizes=\"auto, (max-width: 160px) 100vw, 160px\" \/><\/a>\n\t\t\t<\/div><\/figure><figure class='gallery-item'>\n\t\t\t<div class='gallery-icon landscape'>\n\t\t\t\t<a href='https:\/\/www.vkpbratislava.sk\/?attachment_id=5062'><img loading=\"lazy\" decoding=\"async\" width=\"160\" height=\"160\" src=\"https:\/\/www.vkpbratislava.sk\/wp-content\/uploads\/2021\/03\/DF1A3526-160x160.jpg\" class=\"attachment-thumbnail size-thumbnail\" alt=\"\" srcset=\"https:\/\/www.vkpbratislava.sk\/wp-content\/uploads\/2021\/03\/DF1A3526-160x160.jpg 160w, https:\/\/www.vkpbratislava.sk\/wp-content\/uploads\/2021\/03\/DF1A3526-320x320.jpg 320w, https:\/\/www.vkpbratislava.sk\/wp-content\/uploads\/2021\/03\/DF1A3526-640x640.jpg 640w, https:\/\/www.vkpbratislava.sk\/wp-content\/uploads\/2021\/03\/DF1A3526-1280x1280.jpg 1280w, https:\/\/www.vkpbratislava.sk\/wp-content\/uploads\/2021\/03\/DF1A3526-600x600.jpg 600w, https:\/\/www.vkpbratislava.sk\/wp-content\/uploads\/2021\/03\/DF1A3526-100x100.jpg 100w\" sizes=\"auto, (max-width: 160px) 100vw, 160px\" \/><\/a>\n\t\t\t<\/div><\/figure><figure class='gallery-item'>\n\t\t\t<div class='gallery-icon landscape'>\n\t\t\t\t<a href='https:\/\/www.vkpbratislava.sk\/?attachment_id=4291'><img loading=\"lazy\" decoding=\"async\" width=\"160\" height=\"160\" src=\"https:\/\/www.vkpbratislava.sk\/wp-content\/uploads\/2021\/02\/DF1A5614-160x160.jpg\" class=\"attachment-thumbnail size-thumbnail\" alt=\"\" srcset=\"https:\/\/www.vkpbratislava.sk\/wp-content\/uploads\/2021\/02\/DF1A5614-160x160.jpg 160w, https:\/\/www.vkpbratislava.sk\/wp-content\/uploads\/2021\/02\/DF1A5614-320x320.jpg 320w, https:\/\/www.vkpbratislava.sk\/wp-content\/uploads\/2021\/02\/DF1A5614-640x640.jpg 640w, https:\/\/www.vkpbratislava.sk\/wp-content\/uploads\/2021\/02\/DF1A5614-1280x1280.jpg 1280w, https:\/\/www.vkpbratislava.sk\/wp-content\/uploads\/2021\/02\/DF1A5614-600x600.jpg 600w, https:\/\/www.vkpbratislava.sk\/wp-content\/uploads\/2021\/02\/DF1A5614-100x100.jpg 100w\" sizes=\"auto, (max-width: 160px) 100vw, 160px\" \/><\/a>\n\t\t\t<\/div><\/figure><figure class='gallery-item'>\n\t\t\t<div class='gallery-icon landscape'>\n\t\t\t\t<a href='https:\/\/www.vkpbratislava.sk\/?attachment_id=4012'><img loading=\"lazy\" decoding=\"async\" width=\"160\" height=\"160\" src=\"https:\/\/www.vkpbratislava.sk\/wp-content\/uploads\/2021\/02\/DF1A3257-160x160.jpg\" class=\"attachment-thumbnail size-thumbnail\" alt=\"\" srcset=\"https:\/\/www.vkpbratislava.sk\/wp-content\/uploads\/2021\/02\/DF1A3257-160x160.jpg 160w, https:\/\/www.vkpbratislava.sk\/wp-content\/uploads\/2021\/02\/DF1A3257-320x320.jpg 320w, https:\/\/www.vkpbratislava.sk\/wp-content\/uploads\/2021\/02\/DF1A3257-640x640.jpg 640w, https:\/\/www.vkpbratislava.sk\/wp-content\/uploads\/2021\/02\/DF1A3257-1280x1280.jpg 1280w, https:\/\/www.vkpbratislava.sk\/wp-content\/uploads\/2021\/02\/DF1A3257-600x600.jpg 600w, https:\/\/www.vkpbratislava.sk\/wp-content\/uploads\/2021\/02\/DF1A3257-100x100.jpg 100w\" sizes=\"auto, (max-width: 160px) 100vw, 160px\" \/><\/a>\n\t\t\t<\/div><\/figure><figure class='gallery-item'>\n\t\t\t<div class='gallery-icon landscape'>\n\t\t\t\t<a href='https:\/\/www.vkpbratislava.sk\/?attachment_id=3885'><img loading=\"lazy\" decoding=\"async\" width=\"160\" height=\"160\" src=\"https:\/\/www.vkpbratislava.sk\/wp-content\/uploads\/2021\/02\/DF1A2345-160x160.jpg\" class=\"attachment-thumbnail size-thumbnail\" alt=\"\" srcset=\"https:\/\/www.vkpbratislava.sk\/wp-content\/uploads\/2021\/02\/DF1A2345-160x160.jpg 160w, https:\/\/www.vkpbratislava.sk\/wp-content\/uploads\/2021\/02\/DF1A2345-320x320.jpg 320w, https:\/\/www.vkpbratislava.sk\/wp-content\/uploads\/2021\/02\/DF1A2345-640x640.jpg 640w, https:\/\/www.vkpbratislava.sk\/wp-content\/uploads\/2021\/02\/DF1A2345-1280x1280.jpg 1280w, https:\/\/www.vkpbratislava.sk\/wp-content\/uploads\/2021\/02\/DF1A2345-600x600.jpg 600w, https:\/\/www.vkpbratislava.sk\/wp-content\/uploads\/2021\/02\/DF1A2345-100x100.jpg 100w\" sizes=\"auto, (max-width: 160px) 100vw, 160px\" \/><\/a>\n\t\t\t<\/div><\/figure><figure class='gallery-item'>\n\t\t\t<div class='gallery-icon landscape'>\n\t\t\t\t<a href='https:\/\/www.vkpbratislava.sk\/?attachment_id=3848'><img loading=\"lazy\" decoding=\"async\" width=\"160\" height=\"160\" src=\"https:\/\/www.vkpbratislava.sk\/wp-content\/uploads\/2021\/02\/DF1A2068-e1612888591273-160x160.jpg\" class=\"attachment-thumbnail size-thumbnail\" alt=\"\" srcset=\"https:\/\/www.vkpbratislava.sk\/wp-content\/uploads\/2021\/02\/DF1A2068-e1612888591273-160x160.jpg 160w, https:\/\/www.vkpbratislava.sk\/wp-content\/uploads\/2021\/02\/DF1A2068-e1612888591273-320x320.jpg 320w, https:\/\/www.vkpbratislava.sk\/wp-content\/uploads\/2021\/02\/DF1A2068-e1612888591273-640x640.jpg 640w, https:\/\/www.vkpbratislava.sk\/wp-content\/uploads\/2021\/02\/DF1A2068-e1612888591273-600x600.jpg 600w, https:\/\/www.vkpbratislava.sk\/wp-content\/uploads\/2021\/02\/DF1A2068-e1612888591273-100x100.jpg 100w\" sizes=\"auto, (max-width: 160px) 100vw, 160px\" \/><\/a>\n\t\t\t<\/div><\/figure><figure class='gallery-item'>\n\t\t\t<div class='gallery-icon landscape'>\n\t\t\t\t<a href='https:\/\/www.vkpbratislava.sk\/?attachment_id=3753'><img loading=\"lazy\" decoding=\"async\" width=\"160\" height=\"160\" src=\"https:\/\/www.vkpbratislava.sk\/wp-content\/uploads\/2021\/01\/DF1A1481-160x160.jpg\" class=\"attachment-thumbnail size-thumbnail\" alt=\"\" srcset=\"https:\/\/www.vkpbratislava.sk\/wp-content\/uploads\/2021\/01\/DF1A1481-160x160.jpg 160w, https:\/\/www.vkpbratislava.sk\/wp-content\/uploads\/2021\/01\/DF1A1481-320x320.jpg 320w, https:\/\/www.vkpbratislava.sk\/wp-content\/uploads\/2021\/01\/DF1A1481-640x640.jpg 640w, https:\/\/www.vkpbratislava.sk\/wp-content\/uploads\/2021\/01\/DF1A1481-1280x1280.jpg 1280w, https:\/\/www.vkpbratislava.sk\/wp-content\/uploads\/2021\/01\/DF1A1481-600x600.jpg 600w, https:\/\/www.vkpbratislava.sk\/wp-content\/uploads\/2021\/01\/DF1A1481-100x100.jpg 100w\" sizes=\"auto, (max-width: 160px) 100vw, 160px\" \/><\/a>\n\t\t\t<\/div><\/figure><figure class='gallery-item'>\n\t\t\t<div class='gallery-icon landscape'>\n\t\t\t\t<a href='https:\/\/www.vkpbratislava.sk\/?attachment_id=3484'><img loading=\"lazy\" decoding=\"async\" width=\"160\" height=\"160\" src=\"https:\/\/www.vkpbratislava.sk\/wp-content\/uploads\/2020\/12\/DF1A9406-160x160.jpg\" class=\"attachment-thumbnail size-thumbnail\" alt=\"\" srcset=\"https:\/\/www.vkpbratislava.sk\/wp-content\/uploads\/2020\/12\/DF1A9406-160x160.jpg 160w, https:\/\/www.vkpbratislava.sk\/wp-content\/uploads\/2020\/12\/DF1A9406-320x320.jpg 320w, https:\/\/www.vkpbratislava.sk\/wp-content\/uploads\/2020\/12\/DF1A9406-640x640.jpg 640w, https:\/\/www.vkpbratislava.sk\/wp-content\/uploads\/2020\/12\/DF1A9406-1280x1280.jpg 1280w, https:\/\/www.vkpbratislava.sk\/wp-content\/uploads\/2020\/12\/DF1A9406-600x600.jpg 600w, https:\/\/www.vkpbratislava.sk\/wp-content\/uploads\/2020\/12\/DF1A9406-100x100.jpg 100w\" sizes=\"auto, (max-width: 160px) 100vw, 160px\" \/><\/a>\n\t\t\t<\/div><\/figure><figure class='gallery-item'>\n\t\t\t<div class='gallery-icon landscape'>\n\t\t\t\t<a href='https:\/\/www.vkpbratislava.sk\/?attachment_id=3488'><img loading=\"lazy\" decoding=\"async\" width=\"160\" height=\"160\" src=\"https:\/\/www.vkpbratislava.sk\/wp-content\/uploads\/2020\/12\/DF1A9427-160x160.jpg\" class=\"attachment-thumbnail size-thumbnail\" alt=\"\" srcset=\"https:\/\/www.vkpbratislava.sk\/wp-content\/uploads\/2020\/12\/DF1A9427-160x160.jpg 160w, https:\/\/www.vkpbratislava.sk\/wp-content\/uploads\/2020\/12\/DF1A9427-320x320.jpg 320w, https:\/\/www.vkpbratislava.sk\/wp-content\/uploads\/2020\/12\/DF1A9427-640x640.jpg 640w, https:\/\/www.vkpbratislava.sk\/wp-content\/uploads\/2020\/12\/DF1A9427-1280x1280.jpg 1280w, https:\/\/www.vkpbratislava.sk\/wp-content\/uploads\/2020\/12\/DF1A9427-600x600.jpg 600w, https:\/\/www.vkpbratislava.sk\/wp-content\/uploads\/2020\/12\/DF1A9427-100x100.jpg 100w\" sizes=\"auto, (max-width: 160px) 100vw, 160px\" \/><\/a>\n\t\t\t<\/div><\/figure><figure class='gallery-item'>\n\t\t\t<div class='gallery-icon landscape'>\n\t\t\t\t<a href='https:\/\/www.vkpbratislava.sk\/?attachment_id=3480'><img loading=\"lazy\" decoding=\"async\" width=\"160\" height=\"160\" src=\"https:\/\/www.vkpbratislava.sk\/wp-content\/uploads\/2020\/12\/DF1A9361-160x160.jpg\" class=\"attachment-thumbnail size-thumbnail\" alt=\"\" srcset=\"https:\/\/www.vkpbratislava.sk\/wp-content\/uploads\/2020\/12\/DF1A9361-160x160.jpg 160w, https:\/\/www.vkpbratislava.sk\/wp-content\/uploads\/2020\/12\/DF1A9361-320x320.jpg 320w, https:\/\/www.vkpbratislava.sk\/wp-content\/uploads\/2020\/12\/DF1A9361-640x640.jpg 640w, https:\/\/www.vkpbratislava.sk\/wp-content\/uploads\/2020\/12\/DF1A9361-1280x1280.jpg 1280w, https:\/\/www.vkpbratislava.sk\/wp-content\/uploads\/2020\/12\/DF1A9361-600x600.jpg 600w, https:\/\/www.vkpbratislava.sk\/wp-content\/uploads\/2020\/12\/DF1A9361-100x100.jpg 100w\" sizes=\"auto, (max-width: 160px) 100vw, 160px\" \/><\/a>\n\t\t\t<\/div><\/figure><figure class='gallery-item'>\n\t\t\t<div class='gallery-icon landscape'>\n\t\t\t\t<a href='https:\/\/www.vkpbratislava.sk\/?attachment_id=3451'><img loading=\"lazy\" decoding=\"async\" width=\"160\" height=\"160\" src=\"https:\/\/www.vkpbratislava.sk\/wp-content\/uploads\/2020\/12\/DF1A9217-160x160.jpg\" class=\"attachment-thumbnail size-thumbnail\" alt=\"\" srcset=\"https:\/\/www.vkpbratislava.sk\/wp-content\/uploads\/2020\/12\/DF1A9217-160x160.jpg 160w, https:\/\/www.vkpbratislava.sk\/wp-content\/uploads\/2020\/12\/DF1A9217-320x320.jpg 320w, https:\/\/www.vkpbratislava.sk\/wp-content\/uploads\/2020\/12\/DF1A9217-640x640.jpg 640w, https:\/\/www.vkpbratislava.sk\/wp-content\/uploads\/2020\/12\/DF1A9217-1280x1280.jpg 1280w, https:\/\/www.vkpbratislava.sk\/wp-content\/uploads\/2020\/12\/DF1A9217-600x600.jpg 600w, https:\/\/www.vkpbratislava.sk\/wp-content\/uploads\/2020\/12\/DF1A9217-100x100.jpg 100w\" sizes=\"auto, (max-width: 160px) 100vw, 160px\" \/><\/a>\n\t\t\t<\/div><\/figure><figure class='gallery-item'>\n\t\t\t<div class='gallery-icon landscape'>\n\t\t\t\t<a href='https:\/\/www.vkpbratislava.sk\/?attachment_id=3430'><img loading=\"lazy\" decoding=\"async\" width=\"160\" height=\"160\" src=\"https:\/\/www.vkpbratislava.sk\/wp-content\/uploads\/2020\/12\/DF1A9094-160x160.jpg\" class=\"attachment-thumbnail size-thumbnail\" alt=\"\" srcset=\"https:\/\/www.vkpbratislava.sk\/wp-content\/uploads\/2020\/12\/DF1A9094-160x160.jpg 160w, https:\/\/www.vkpbratislava.sk\/wp-content\/uploads\/2020\/12\/DF1A9094-320x320.jpg 320w, https:\/\/www.vkpbratislava.sk\/wp-content\/uploads\/2020\/12\/DF1A9094-640x640.jpg 640w, https:\/\/www.vkpbratislava.sk\/wp-content\/uploads\/2020\/12\/DF1A9094-1280x1280.jpg 1280w, https:\/\/www.vkpbratislava.sk\/wp-content\/uploads\/2020\/12\/DF1A9094-600x600.jpg 600w, https:\/\/www.vkpbratislava.sk\/wp-content\/uploads\/2020\/12\/DF1A9094-100x100.jpg 100w\" sizes=\"auto, (max-width: 160px) 100vw, 160px\" \/><\/a>\n\t\t\t<\/div><\/figure><figure class='gallery-item'>\n\t\t\t<div class='gallery-icon landscape'>\n\t\t\t\t<a href='https:\/\/www.vkpbratislava.sk\/?attachment_id=3401'><img loading=\"lazy\" decoding=\"async\" width=\"160\" height=\"160\" src=\"https:\/\/www.vkpbratislava.sk\/wp-content\/uploads\/2020\/12\/DF1A8867-160x160.jpg\" class=\"attachment-thumbnail size-thumbnail\" alt=\"\" srcset=\"https:\/\/www.vkpbratislava.sk\/wp-content\/uploads\/2020\/12\/DF1A8867-160x160.jpg 160w, https:\/\/www.vkpbratislava.sk\/wp-content\/uploads\/2020\/12\/DF1A8867-320x320.jpg 320w, https:\/\/www.vkpbratislava.sk\/wp-content\/uploads\/2020\/12\/DF1A8867-640x640.jpg 640w, https:\/\/www.vkpbratislava.sk\/wp-content\/uploads\/2020\/12\/DF1A8867-1280x1280.jpg 1280w, https:\/\/www.vkpbratislava.sk\/wp-content\/uploads\/2020\/12\/DF1A8867-600x600.jpg 600w, https:\/\/www.vkpbratislava.sk\/wp-content\/uploads\/2020\/12\/DF1A8867-100x100.jpg 100w\" sizes=\"auto, (max-width: 160px) 100vw, 160px\" \/><\/a>\n\t\t\t<\/div><\/figure><figure class='gallery-item'>\n\t\t\t<div class='gallery-icon landscape'>\n\t\t\t\t<a href='https:\/\/www.vkpbratislava.sk\/?attachment_id=3383'><img loading=\"lazy\" decoding=\"async\" width=\"160\" height=\"160\" src=\"https:\/\/www.vkpbratislava.sk\/wp-content\/uploads\/2020\/12\/DF1A8750-160x160.jpg\" class=\"attachment-thumbnail size-thumbnail\" alt=\"\" srcset=\"https:\/\/www.vkpbratislava.sk\/wp-content\/uploads\/2020\/12\/DF1A8750-160x160.jpg 160w, https:\/\/www.vkpbratislava.sk\/wp-content\/uploads\/2020\/12\/DF1A8750-320x320.jpg 320w, https:\/\/www.vkpbratislava.sk\/wp-content\/uploads\/2020\/12\/DF1A8750-640x640.jpg 640w, https:\/\/www.vkpbratislava.sk\/wp-content\/uploads\/2020\/12\/DF1A8750-1280x1280.jpg 1280w, https:\/\/www.vkpbratislava.sk\/wp-content\/uploads\/2020\/12\/DF1A8750-600x600.jpg 600w, https:\/\/www.vkpbratislava.sk\/wp-content\/uploads\/2020\/12\/DF1A8750-100x100.jpg 100w\" sizes=\"auto, (max-width: 160px) 100vw, 160px\" \/><\/a>\n\t\t\t<\/div><\/figure><figure class='gallery-item'>\n\t\t\t<div class='gallery-icon portrait'>\n\t\t\t\t<a href='https:\/\/www.vkpbratislava.sk\/?attachment_id=3387'><img loading=\"lazy\" decoding=\"async\" width=\"160\" height=\"160\" src=\"https:\/\/www.vkpbratislava.sk\/wp-content\/uploads\/2020\/12\/DF1A8788-160x160.jpg\" class=\"attachment-thumbnail size-thumbnail\" alt=\"\" srcset=\"https:\/\/www.vkpbratislava.sk\/wp-content\/uploads\/2020\/12\/DF1A8788-160x160.jpg 160w, https:\/\/www.vkpbratislava.sk\/wp-content\/uploads\/2020\/12\/DF1A8788-320x320.jpg 320w, https:\/\/www.vkpbratislava.sk\/wp-content\/uploads\/2020\/12\/DF1A8788-640x640.jpg 640w, https:\/\/www.vkpbratislava.sk\/wp-content\/uploads\/2020\/12\/DF1A8788-1280x1280.jpg 1280w, https:\/\/www.vkpbratislava.sk\/wp-content\/uploads\/2020\/12\/DF1A8788-600x600.jpg 600w, https:\/\/www.vkpbratislava.sk\/wp-content\/uploads\/2020\/12\/DF1A8788-100x100.jpg 100w\" sizes=\"auto, (max-width: 160px) 100vw, 160px\" \/><\/a>\n\t\t\t<\/div><\/figure><figure class='gallery-item'>\n\t\t\t<div class='gallery-icon landscape'>\n\t\t\t\t<a href='https:\/\/www.vkpbratislava.sk\/?attachment_id=3382'><img loading=\"lazy\" decoding=\"async\" width=\"160\" height=\"160\" src=\"https:\/\/www.vkpbratislava.sk\/wp-content\/uploads\/2020\/12\/DF1A8745-e1610530833720-160x160.jpg\" class=\"attachment-thumbnail size-thumbnail\" alt=\"\" srcset=\"https:\/\/www.vkpbratislava.sk\/wp-content\/uploads\/2020\/12\/DF1A8745-e1610530833720-160x160.jpg 160w, https:\/\/www.vkpbratislava.sk\/wp-content\/uploads\/2020\/12\/DF1A8745-e1610530833720-320x320.jpg 320w, https:\/\/www.vkpbratislava.sk\/wp-content\/uploads\/2020\/12\/DF1A8745-e1610530833720-640x640.jpg 640w, https:\/\/www.vkpbratislava.sk\/wp-content\/uploads\/2020\/12\/DF1A8745-e1610530833720-600x600.jpg 600w, https:\/\/www.vkpbratislava.sk\/wp-content\/uploads\/2020\/12\/DF1A8745-e1610530833720-100x100.jpg 100w\" sizes=\"auto, (max-width: 160px) 100vw, 160px\" \/><\/a>\n\t\t\t<\/div><\/figure>\n\t\t<\/div>\n\n<p><em>\u010cl\u00e1nok je prevzat\u00fd z webu sport.sk<\/em><\/p>\n","protected":false},"excerpt":{"rendered":"<p>Sklamanie, nov\u00e9 sk\u00fasenosti, ale aj nov\u00e9 v\u00fdzvy. Naj\u00faspe\u0161nej\u0161\u00ed slovensk\u00fd volejbalov\u00fd t\u00edm v\u00a0hist\u00f3ri\u00ed VKP Bratislava mal po n\u00e1vrate do hlavn\u00e9ho mesta amb\u00edciu bojova\u0165 o\u00a0medaily. No skon\u010dil u\u017e vo \u0161tvr\u0165fin\u00e1le play-off a\u00a0napokon sa umiestnil na 5. mieste. Na zhodnotenie n\u00e1vratu \u201epolicajtov\u201c na slovensk\u00fa volejbalov\u00fa mapu, ale na\u00a0amb\u00edcie do \u010fal\u0161ieho ro\u010dn\u00edka sme si pozvali viceprezidenta klubu Eduarda Hronsk\u00e9ho.<\/p>\n","protected":false},"author":3,"featured_media":4058,"comment_status":"closed","ping_status":"open","sticky":false,"template":"","format":"standard","meta":{"_monsterinsights_skip_tracking":false,"_monsterinsights_sitenote_active":false,"_monsterinsights_sitenote_note":"","_monsterinsights_sitenote_category":0,"footnotes":""},"categories":[47],"tags":[],"class_list":["post-5179","post","type-post","status-publish","format-standard","has-post-thumbnail","hentry","category-muzi"],"yoast_head":"<!-- This site is optimized with the Yoast SEO plugin v25.6 - https:\/\/yoast.com\/wordpress\/plugins\/seo\/ -->\n<title>Medailov\u00e9 pl\u00e1ny VKP Bratislava sa pres\u00favaj\u00fa na nov\u00fa sez\u00f3nu - VK SLOVAN Bratislava<\/title>\n<meta name=\"description\" content=\"Sklamanie, nov\u00e9 sk\u00fasenosti, ale aj nov\u00e9 v\u00fdzvy. Naj\u00faspe\u0161nej\u0161\u00ed slovensk\u00fd volejbalov\u00fd t\u00edm v\u00a0hist\u00f3ri\u00ed VKP Bratislava mal po n\u00e1vrate do hlavn\u00e9ho mesta amb\u00edciu bojova\u0165 o\u00a0medaily. No skon\u010dil u\u017e vo \u0161tvr\u0165fin\u00e1le play-off a\u00a0napokon sa umiestnil na 5. mieste. Na zhodnotenie n\u00e1vratu \u201epolicajtov\u201c na slovensk\u00fa volejbalov\u00fa mapu, ale na\u00a0amb\u00edcie do \u010fal\u0161ieho ro\u010dn\u00edka sme si pozvali viceprezidenta klubu Eduarda Hronsk\u00e9ho.\" \/>\n<meta name=\"robots\" content=\"index, follow, max-snippet:-1, max-image-preview:large, max-video-preview:-1\" \/>\n<link rel=\"canonical\" href=\"https:\/\/www.vkpbratislava.sk\/?p=5179\" \/>\n<meta property=\"og:locale\" content=\"sk_SK\" \/>\n<meta property=\"og:type\" content=\"article\" \/>\n<meta property=\"og:title\" content=\"Medailov\u00e9 pl\u00e1ny VKP Bratislava sa pres\u00favaj\u00fa na nov\u00fa sez\u00f3nu - VK SLOVAN Bratislava\" \/>\n<meta property=\"og:description\" content=\"Sklamanie, nov\u00e9 sk\u00fasenosti, ale aj nov\u00e9 v\u00fdzvy. Naj\u00faspe\u0161nej\u0161\u00ed slovensk\u00fd volejbalov\u00fd t\u00edm v\u00a0hist\u00f3ri\u00ed VKP Bratislava mal po n\u00e1vrate do hlavn\u00e9ho mesta amb\u00edciu bojova\u0165 o\u00a0medaily. No skon\u010dil u\u017e vo \u0161tvr\u0165fin\u00e1le play-off a\u00a0napokon sa umiestnil na 5. mieste. Na zhodnotenie n\u00e1vratu \u201epolicajtov\u201c na slovensk\u00fa volejbalov\u00fa mapu, ale na\u00a0amb\u00edcie do \u010fal\u0161ieho ro\u010dn\u00edka sme si pozvali viceprezidenta klubu Eduarda Hronsk\u00e9ho.\" \/>\n<meta property=\"og:url\" content=\"https:\/\/www.vkpbratislava.sk\/?p=5179\" \/>\n<meta property=\"og:site_name\" content=\"VK SLOVAN Bratislava\" \/>\n<meta property=\"article:published_time\" content=\"2021-04-16T07:36:46+00:00\" \/>\n<meta property=\"article:modified_time\" content=\"2021-04-19T14:45:39+00:00\" \/>\n<meta property=\"og:image\" content=\"https:\/\/www.vkpbratislava.sk\/wp-content\/uploads\/2021\/02\/DF1A3556-1280x853.jpg\" \/>\n\t<meta property=\"og:image:width\" content=\"1280\" \/>\n\t<meta property=\"og:image:height\" content=\"853\" \/>\n\t<meta property=\"og:image:type\" content=\"image\/jpeg\" \/>\n<meta name=\"author\" content=\"jenca\" \/>\n<meta name=\"twitter:card\" content=\"summary_large_image\" \/>\n<meta name=\"twitter:label1\" content=\"Autor\" \/>\n\t<meta name=\"twitter:data1\" content=\"jenca\" \/>\n\t<meta name=\"twitter:label2\" content=\"Predpokladan\u00fd \u010das \u010d\u00edtania\" \/>\n\t<meta name=\"twitter:data2\" content=\"4 min\u00faty\" \/>\n<script type=\"application\/ld+json\" class=\"yoast-schema-graph\">{\"@context\":\"https:\/\/schema.org\",\"@graph\":[{\"@type\":\"Article\",\"@id\":\"https:\/\/www.vkpbratislava.sk\/?p=5179#article\",\"isPartOf\":{\"@id\":\"https:\/\/www.vkpbratislava.sk\/?p=5179\"},\"author\":{\"name\":\"jenca\",\"@id\":\"https:\/\/www.vkpbratislava.sk\/#\/schema\/person\/7037e769f9515aa58493d1b5852c4c50\"},\"headline\":\"Medailov\u00e9 pl\u00e1ny VKP Bratislava sa pres\u00favaj\u00fa na nov\u00fa sez\u00f3nu\",\"datePublished\":\"2021-04-16T07:36:46+00:00\",\"dateModified\":\"2021-04-19T14:45:39+00:00\",\"mainEntityOfPage\":{\"@id\":\"https:\/\/www.vkpbratislava.sk\/?p=5179\"},\"wordCount\":945,\"publisher\":{\"@id\":\"https:\/\/www.vkpbratislava.sk\/#organization\"},\"image\":{\"@id\":\"https:\/\/www.vkpbratislava.sk\/?p=5179#primaryimage\"},\"thumbnailUrl\":\"https:\/\/www.vkpbratislava.sk\/wp-content\/uploads\/2021\/02\/DF1A3556.jpg\",\"articleSection\":[\"Mu\u017ei\"],\"inLanguage\":\"sk-SK\"},{\"@type\":\"WebPage\",\"@id\":\"https:\/\/www.vkpbratislava.sk\/?p=5179\",\"url\":\"https:\/\/www.vkpbratislava.sk\/?p=5179\",\"name\":\"Medailov\u00e9 pl\u00e1ny VKP Bratislava sa pres\u00favaj\u00fa na nov\u00fa sez\u00f3nu - VK SLOVAN Bratislava\",\"isPartOf\":{\"@id\":\"https:\/\/www.vkpbratislava.sk\/#website\"},\"primaryImageOfPage\":{\"@id\":\"https:\/\/www.vkpbratislava.sk\/?p=5179#primaryimage\"},\"image\":{\"@id\":\"https:\/\/www.vkpbratislava.sk\/?p=5179#primaryimage\"},\"thumbnailUrl\":\"https:\/\/www.vkpbratislava.sk\/wp-content\/uploads\/2021\/02\/DF1A3556.jpg\",\"datePublished\":\"2021-04-16T07:36:46+00:00\",\"dateModified\":\"2021-04-19T14:45:39+00:00\",\"description\":\"Sklamanie, nov\u00e9 sk\u00fasenosti, ale aj nov\u00e9 v\u00fdzvy. Naj\u00faspe\u0161nej\u0161\u00ed slovensk\u00fd volejbalov\u00fd t\u00edm v\u00a0hist\u00f3ri\u00ed VKP Bratislava mal po n\u00e1vrate do hlavn\u00e9ho mesta amb\u00edciu bojova\u0165 o\u00a0medaily. No skon\u010dil u\u017e vo \u0161tvr\u0165fin\u00e1le play-off a\u00a0napokon sa umiestnil na 5. mieste. Na zhodnotenie n\u00e1vratu \u201epolicajtov\u201c na slovensk\u00fa volejbalov\u00fa mapu, ale na\u00a0amb\u00edcie do \u010fal\u0161ieho ro\u010dn\u00edka sme si pozvali viceprezidenta klubu Eduarda Hronsk\u00e9ho.\",\"breadcrumb\":{\"@id\":\"https:\/\/www.vkpbratislava.sk\/?p=5179#breadcrumb\"},\"inLanguage\":\"sk-SK\",\"potentialAction\":[{\"@type\":\"ReadAction\",\"target\":[\"https:\/\/www.vkpbratislava.sk\/?p=5179\"]}]},{\"@type\":\"ImageObject\",\"inLanguage\":\"sk-SK\",\"@id\":\"https:\/\/www.vkpbratislava.sk\/?p=5179#primaryimage\",\"url\":\"https:\/\/www.vkpbratislava.sk\/wp-content\/uploads\/2021\/02\/DF1A3556.jpg\",\"contentUrl\":\"https:\/\/www.vkpbratislava.sk\/wp-content\/uploads\/2021\/02\/DF1A3556.jpg\",\"width\":2048,\"height\":1365},{\"@type\":\"BreadcrumbList\",\"@id\":\"https:\/\/www.vkpbratislava.sk\/?p=5179#breadcrumb\",\"itemListElement\":[{\"@type\":\"ListItem\",\"position\":1,\"name\":\"Domov\",\"item\":\"https:\/\/www.vkpbratislava.sk\/\"},{\"@type\":\"ListItem\",\"position\":2,\"name\":\"Medailov\u00e9 pl\u00e1ny VKP Bratislava sa pres\u00favaj\u00fa na nov\u00fa sez\u00f3nu\"}]},{\"@type\":\"WebSite\",\"@id\":\"https:\/\/www.vkpbratislava.sk\/#website\",\"url\":\"https:\/\/www.vkpbratislava.sk\/\",\"name\":\"VK SLOVAN Bratislava\",\"description\":\"Volejbalov\u00fd klub\",\"publisher\":{\"@id\":\"https:\/\/www.vkpbratislava.sk\/#organization\"},\"potentialAction\":[{\"@type\":\"SearchAction\",\"target\":{\"@type\":\"EntryPoint\",\"urlTemplate\":\"https:\/\/www.vkpbratislava.sk\/?s={search_term_string}\"},\"query-input\":{\"@type\":\"PropertyValueSpecification\",\"valueRequired\":true,\"valueName\":\"search_term_string\"}}],\"inLanguage\":\"sk-SK\"},{\"@type\":\"Organization\",\"@id\":\"https:\/\/www.vkpbratislava.sk\/#organization\",\"name\":\"VKP Bratislava\",\"url\":\"https:\/\/www.vkpbratislava.sk\/\",\"logo\":{\"@type\":\"ImageObject\",\"inLanguage\":\"sk-SK\",\"@id\":\"https:\/\/www.vkpbratislava.sk\/#\/schema\/logo\/image\/\",\"url\":\"https:\/\/www.vkpbratislava.sk\/wp-content\/uploads\/2020\/10\/vkpBA.png\",\"contentUrl\":\"https:\/\/www.vkpbratislava.sk\/wp-content\/uploads\/2020\/10\/vkpBA.png\",\"width\":600,\"height\":600,\"caption\":\"VKP Bratislava\"},\"image\":{\"@id\":\"https:\/\/www.vkpbratislava.sk\/#\/schema\/logo\/image\/\"}},{\"@type\":\"Person\",\"@id\":\"https:\/\/www.vkpbratislava.sk\/#\/schema\/person\/7037e769f9515aa58493d1b5852c4c50\",\"name\":\"jenca\",\"image\":{\"@type\":\"ImageObject\",\"inLanguage\":\"sk-SK\",\"@id\":\"https:\/\/www.vkpbratislava.sk\/#\/schema\/person\/image\/\",\"url\":\"https:\/\/secure.gravatar.com\/avatar\/67aa89e9aab2911bbd0c6fbf0a891ea8d80c207c9b6a6e2c96e13fc2f16e536d?s=96&d=mm&r=g\",\"contentUrl\":\"https:\/\/secure.gravatar.com\/avatar\/67aa89e9aab2911bbd0c6fbf0a891ea8d80c207c9b6a6e2c96e13fc2f16e536d?s=96&d=mm&r=g\",\"caption\":\"jenca\"},\"url\":\"https:\/\/www.vkpbratislava.sk\/?author=3\"}]}<\/script>\n<!-- \/ Yoast SEO plugin. -->","yoast_head_json":{"title":"Medailov\u00e9 pl\u00e1ny VKP Bratislava sa pres\u00favaj\u00fa na nov\u00fa sez\u00f3nu - VK SLOVAN Bratislava","description":"Sklamanie, nov\u00e9 sk\u00fasenosti, ale aj nov\u00e9 v\u00fdzvy. Naj\u00faspe\u0161nej\u0161\u00ed slovensk\u00fd volejbalov\u00fd t\u00edm v\u00a0hist\u00f3ri\u00ed VKP Bratislava mal po n\u00e1vrate do hlavn\u00e9ho mesta amb\u00edciu bojova\u0165 o\u00a0medaily. No skon\u010dil u\u017e vo \u0161tvr\u0165fin\u00e1le play-off a\u00a0napokon sa umiestnil na 5. mieste. Na zhodnotenie n\u00e1vratu \u201epolicajtov\u201c na slovensk\u00fa volejbalov\u00fa mapu, ale na\u00a0amb\u00edcie do \u010fal\u0161ieho ro\u010dn\u00edka sme si pozvali viceprezidenta klubu Eduarda Hronsk\u00e9ho.","robots":{"index":"index","follow":"follow","max-snippet":"max-snippet:-1","max-image-preview":"max-image-preview:large","max-video-preview":"max-video-preview:-1"},"canonical":"https:\/\/www.vkpbratislava.sk\/?p=5179","og_locale":"sk_SK","og_type":"article","og_title":"Medailov\u00e9 pl\u00e1ny VKP Bratislava sa pres\u00favaj\u00fa na nov\u00fa sez\u00f3nu - VK SLOVAN Bratislava","og_description":"Sklamanie, nov\u00e9 sk\u00fasenosti, ale aj nov\u00e9 v\u00fdzvy. Naj\u00faspe\u0161nej\u0161\u00ed slovensk\u00fd volejbalov\u00fd t\u00edm v\u00a0hist\u00f3ri\u00ed VKP Bratislava mal po n\u00e1vrate do hlavn\u00e9ho mesta amb\u00edciu bojova\u0165 o\u00a0medaily. No skon\u010dil u\u017e vo \u0161tvr\u0165fin\u00e1le play-off a\u00a0napokon sa umiestnil na 5. mieste. Na zhodnotenie n\u00e1vratu \u201epolicajtov\u201c na slovensk\u00fa volejbalov\u00fa mapu, ale na\u00a0amb\u00edcie do \u010fal\u0161ieho ro\u010dn\u00edka sme si pozvali viceprezidenta klubu Eduarda Hronsk\u00e9ho.","og_url":"https:\/\/www.vkpbratislava.sk\/?p=5179","og_site_name":"VK SLOVAN Bratislava","article_published_time":"2021-04-16T07:36:46+00:00","article_modified_time":"2021-04-19T14:45:39+00:00","og_image":[{"width":1280,"height":853,"url":"https:\/\/www.vkpbratislava.sk\/wp-content\/uploads\/2021\/02\/DF1A3556-1280x853.jpg","type":"image\/jpeg"}],"author":"jenca","twitter_card":"summary_large_image","twitter_misc":{"Autor":"jenca","Predpokladan\u00fd \u010das \u010d\u00edtania":"4 min\u00faty"},"schema":{"@context":"https:\/\/schema.org","@graph":[{"@type":"Article","@id":"https:\/\/www.vkpbratislava.sk\/?p=5179#article","isPartOf":{"@id":"https:\/\/www.vkpbratislava.sk\/?p=5179"},"author":{"name":"jenca","@id":"https:\/\/www.vkpbratislava.sk\/#\/schema\/person\/7037e769f9515aa58493d1b5852c4c50"},"headline":"Medailov\u00e9 pl\u00e1ny VKP Bratislava sa pres\u00favaj\u00fa na nov\u00fa sez\u00f3nu","datePublished":"2021-04-16T07:36:46+00:00","dateModified":"2021-04-19T14:45:39+00:00","mainEntityOfPage":{"@id":"https:\/\/www.vkpbratislava.sk\/?p=5179"},"wordCount":945,"publisher":{"@id":"https:\/\/www.vkpbratislava.sk\/#organization"},"image":{"@id":"https:\/\/www.vkpbratislava.sk\/?p=5179#primaryimage"},"thumbnailUrl":"https:\/\/www.vkpbratislava.sk\/wp-content\/uploads\/2021\/02\/DF1A3556.jpg","articleSection":["Mu\u017ei"],"inLanguage":"sk-SK"},{"@type":"WebPage","@id":"https:\/\/www.vkpbratislava.sk\/?p=5179","url":"https:\/\/www.vkpbratislava.sk\/?p=5179","name":"Medailov\u00e9 pl\u00e1ny VKP Bratislava sa pres\u00favaj\u00fa na nov\u00fa sez\u00f3nu - VK SLOVAN Bratislava","isPartOf":{"@id":"https:\/\/www.vkpbratislava.sk\/#website"},"primaryImageOfPage":{"@id":"https:\/\/www.vkpbratislava.sk\/?p=5179#primaryimage"},"image":{"@id":"https:\/\/www.vkpbratislava.sk\/?p=5179#primaryimage"},"thumbnailUrl":"https:\/\/www.vkpbratislava.sk\/wp-content\/uploads\/2021\/02\/DF1A3556.jpg","datePublished":"2021-04-16T07:36:46+00:00","dateModified":"2021-04-19T14:45:39+00:00","description":"Sklamanie, nov\u00e9 sk\u00fasenosti, ale aj nov\u00e9 v\u00fdzvy. Naj\u00faspe\u0161nej\u0161\u00ed slovensk\u00fd volejbalov\u00fd t\u00edm v\u00a0hist\u00f3ri\u00ed VKP Bratislava mal po n\u00e1vrate do hlavn\u00e9ho mesta amb\u00edciu bojova\u0165 o\u00a0medaily. No skon\u010dil u\u017e vo \u0161tvr\u0165fin\u00e1le play-off a\u00a0napokon sa umiestnil na 5. mieste. Na zhodnotenie n\u00e1vratu \u201epolicajtov\u201c na slovensk\u00fa volejbalov\u00fa mapu, ale na\u00a0amb\u00edcie do \u010fal\u0161ieho ro\u010dn\u00edka sme si pozvali viceprezidenta klubu Eduarda Hronsk\u00e9ho.","breadcrumb":{"@id":"https:\/\/www.vkpbratislava.sk\/?p=5179#breadcrumb"},"inLanguage":"sk-SK","potentialAction":[{"@type":"ReadAction","target":["https:\/\/www.vkpbratislava.sk\/?p=5179"]}]},{"@type":"ImageObject","inLanguage":"sk-SK","@id":"https:\/\/www.vkpbratislava.sk\/?p=5179#primaryimage","url":"https:\/\/www.vkpbratislava.sk\/wp-content\/uploads\/2021\/02\/DF1A3556.jpg","contentUrl":"https:\/\/www.vkpbratislava.sk\/wp-content\/uploads\/2021\/02\/DF1A3556.jpg","width":2048,"height":1365},{"@type":"BreadcrumbList","@id":"https:\/\/www.vkpbratislava.sk\/?p=5179#breadcrumb","itemListElement":[{"@type":"ListItem","position":1,"name":"Domov","item":"https:\/\/www.vkpbratislava.sk\/"},{"@type":"ListItem","position":2,"name":"Medailov\u00e9 pl\u00e1ny VKP Bratislava sa pres\u00favaj\u00fa na nov\u00fa sez\u00f3nu"}]},{"@type":"WebSite","@id":"https:\/\/www.vkpbratislava.sk\/#website","url":"https:\/\/www.vkpbratislava.sk\/","name":"VK SLOVAN Bratislava","description":"Volejbalov\u00fd klub","publisher":{"@id":"https:\/\/www.vkpbratislava.sk\/#organization"},"potentialAction":[{"@type":"SearchAction","target":{"@type":"EntryPoint","urlTemplate":"https:\/\/www.vkpbratislava.sk\/?s={search_term_string}"},"query-input":{"@type":"PropertyValueSpecification","valueRequired":true,"valueName":"search_term_string"}}],"inLanguage":"sk-SK"},{"@type":"Organization","@id":"https:\/\/www.vkpbratislava.sk\/#organization","name":"VKP Bratislava","url":"https:\/\/www.vkpbratislava.sk\/","logo":{"@type":"ImageObject","inLanguage":"sk-SK","@id":"https:\/\/www.vkpbratislava.sk\/#\/schema\/logo\/image\/","url":"https:\/\/www.vkpbratislava.sk\/wp-content\/uploads\/2020\/10\/vkpBA.png","contentUrl":"https:\/\/www.vkpbratislava.sk\/wp-content\/uploads\/2020\/10\/vkpBA.png","width":600,"height":600,"caption":"VKP Bratislava"},"image":{"@id":"https:\/\/www.vkpbratislava.sk\/#\/schema\/logo\/image\/"}},{"@type":"Person","@id":"https:\/\/www.vkpbratislava.sk\/#\/schema\/person\/7037e769f9515aa58493d1b5852c4c50","name":"jenca","image":{"@type":"ImageObject","inLanguage":"sk-SK","@id":"https:\/\/www.vkpbratislava.sk\/#\/schema\/person\/image\/","url":"https:\/\/secure.gravatar.com\/avatar\/67aa89e9aab2911bbd0c6fbf0a891ea8d80c207c9b6a6e2c96e13fc2f16e536d?s=96&d=mm&r=g","contentUrl":"https:\/\/secure.gravatar.com\/avatar\/67aa89e9aab2911bbd0c6fbf0a891ea8d80c207c9b6a6e2c96e13fc2f16e536d?s=96&d=mm&r=g","caption":"jenca"},"url":"https:\/\/www.vkpbratislava.sk\/?author=3"}]}},"_links":{"self":[{"href":"https:\/\/www.vkpbratislava.sk\/index.php?rest_route=\/wp\/v2\/posts\/5179","targetHints":{"allow":["GET"]}}],"collection":[{"href":"https:\/\/www.vkpbratislava.sk\/index.php?rest_route=\/wp\/v2\/posts"}],"about":[{"href":"https:\/\/www.vkpbratislava.sk\/index.php?rest_route=\/wp\/v2\/types\/post"}],"author":[{"embeddable":true,"href":"https:\/\/www.vkpbratislava.sk\/index.php?rest_route=\/wp\/v2\/users\/3"}],"replies":[{"embeddable":true,"href":"https:\/\/www.vkpbratislava.sk\/index.php?rest_route=%2Fwp%2Fv2%2Fcomments&post=5179"}],"version-history":[{"count":4,"href":"https:\/\/www.vkpbratislava.sk\/index.php?rest_route=\/wp\/v2\/posts\/5179\/revisions"}],"predecessor-version":[{"id":5205,"href":"https:\/\/www.vkpbratislava.sk\/index.php?rest_route=\/wp\/v2\/posts\/5179\/revisions\/5205"}],"wp:featuredmedia":[{"embeddable":true,"href":"https:\/\/www.vkpbratislava.sk\/index.php?rest_route=\/wp\/v2\/media\/4058"}],"wp:attachment":[{"href":"https:\/\/www.vkpbratislava.sk\/index.php?rest_route=%2Fwp%2Fv2%2Fmedia&parent=5179"}],"wp:term":[{"taxonomy":"category","embeddable":true,"href":"https:\/\/www.vkpbratislava.sk\/index.php?rest_route=%2Fwp%2Fv2%2Fcategories&post=5179"},{"taxonomy":"post_tag","embeddable":true,"href":"https:\/\/www.vkpbratislava.sk\/index.php?rest_route=%2Fwp%2Fv2%2Ftags&post=5179"}],"curies":[{"name":"wp","href":"https:\/\/api.w.org\/{rel}","templated":true}]}}