{"id":5183,"date":"2021-04-19T14:04:29","date_gmt":"2021-04-19T12:04:29","guid":{"rendered":"https:\/\/www.vkpbratislava.sk\/?p=5183"},"modified":"2021-04-19T16:41:02","modified_gmt":"2021-04-19T14:41:02","slug":"komentar-bodka","status":"publish","type":"post","link":"https:\/\/www.vkpbratislava.sk\/?p=5183","title":{"rendered":"KOMENT\u00c1R: Bodka"},"content":{"rendered":"<p><em>Victis honos. Latinsk\u00fd v\u00fdrok, ktor\u00fd v\u00a0preklade znamen\u00e1 Sl\u00e1va v\u00ed\u0165azom, \u010des\u0165 porazen\u00fdm. Pre tento rok plat\u00ed dvojn\u00e1sobne. Volejbalov\u00e1 extraliga je na konci. Sez\u00f3na pln\u00e1 nepredv\u00eddate\u013en\u00fdch udalost\u00ed, in\u00e1 ako tie predo\u0161l\u00e9. Pre n\u00e1\u0161 klub e\u0161te viac \u0161peci\u00e1lna. Po \u00f4smich rokoch sa podaril n\u00e1vrat do Bratislavy. S\u00a0o\u010dak\u00e1vaniami, tras\u00facimi sa kolenami, ako to cel\u00e9 dopadne. Rok ovplyvnen\u00fd pand\u00e9miou koronav\u00edrusu pozna\u010dil aj cel\u00fa s\u00fa\u0165a\u017e. T\u00e1 je v\u0161ak za nami, treba pogratulova\u0165 v\u00ed\u0165azom &#8211; Kom\u00e1rnu k\u00a0titulu v\u00a0extralige, Pre\u0161ovu v\u00a0Slovenskom poh\u00e1ri a\u00a0vzda\u0165 hold porazen\u00fdm. Po n\u00e1ro\u010dn\u00fdch mesiacoch je v\u00ed\u0165azom ka\u017ed\u00fd. Nebolo to jednoduch\u00e9 v\u00a0tejto dobe, s\u00a0neust\u00e1lym testovan\u00edm a\u00a0neistotou \u010di sa z\u00e1pas odohr\u00e1, \u010di bude cel\u00fd t\u00edm zdrav\u00fd a\u00a0pripraven\u00fd hra\u0165. Ani my sme sa nevyhli tej hnusobe s\u00a0n\u00e1zvom Covid-19, ale proste to patrilo k\u00a0extraligovej sez\u00f3ne s\u00a0pr\u00edvlastkom \u201ein\u00e1\u201c. U\u017e netreba polemizova\u0165, \u010do by bolo keby&#8230; <\/em><\/p>\n<p><em>Vyp\u00e1lilo to pre n\u00e1s na 5. miesto, hoci sme si tr\u00fafali vy\u0161\u0161ie. Napokon sa uk\u00e1zalo, \u017ee s\u00fa\u0165a\u017e bola ve\u013emi vyrovnan\u00e1 a\u00a0ka\u017ed\u00fd mohol vyhra\u0165 s\u00a0ka\u017ed\u00fdm a\u00a0k\u00a0niekomu sa povestn\u00e9 \u0161portov\u00e9 \u0161\u0165ast\u00ed\u010dko priklonilo viac, k\u00a0in\u00fdm menej. Pre n\u00e1s to v\u00a0premi\u00e9rovej sez\u00f3ne, v\u00a0tzv. nultom ro\u010dn\u00edku po n\u00e1vrate medzi volejbalov\u00fa elitu bola dobr\u00e1 \u0161kola a\u00a0pred nami s\u00fa nov\u00e9 v\u00fdzvy, nov\u00e9 ciele. Pre n\u00e1s sa sez\u00f3na nekon\u010d\u00ed, pripravujeme sa u\u017e na nov\u00fa, aby sme boli e\u0161te silnej\u0161\u00ed a\u00a0e\u0161te viac sa pribl\u00ed\u017eili k\u00a0tradi\u010dnej zna\u010dke VKP, ktor\u00e1 bola v\u00a0minulosti z\u00e1rukou kvality a\u00a0\u00faspechu. Ver\u00edme v n\u00e1vrat det\u00ed a ml\u00e1de\u017ee na palubovky, do tr\u00e9ningov\u00e9ho procesu, preto\u017ee aj na nich n\u00e1m ve\u013emi z\u00e1le\u017e\u00ed.<\/em><\/p>\n<p><em>O\u00a0v\u0161etkom aktu\u00e1lnom z\u00a0kuchyne klubu v\u00e1s budeme informova\u0165. Ni\u010d podstatn\u00e9 v\u00e1m neujde. Dr\u017ete n\u00e1m palce a\u00a0ver\u00edm, \u017ee od prv\u00e9ho majstrovsk\u00e9ho z\u00e1pasu, v novom ro\u010dn\u00edku aj s\u00a0div\u00e1kmi v\u00a0h\u013eadisku a\u00a0v\u00a0novej hale, ktorej sa u\u017e nevieme do\u010dka\u0165.<\/em><\/p>\n<p><em>Na z\u00e1ver mi dovo\u013ete po\u010fakova\u0165 v\u0161etk\u00fdm partnerom klubu za podporu, d\u00f4veru a priaznivcom za povzbudzuj\u00face slov\u00e1. Zav\u00e4zuje n\u00e1s to nielen do tej nasleduj\u00facej, ale aj do \u010fal\u0161\u00edch sez\u00f3n, ktor\u00e9 n\u00e1s \u010dakaj\u00fa. Ver\u00edm, \u017ee aj s lep\u0161ou bodkou.<\/em><\/p>\n<p><em>Tom\u00e1\u0161 Jen\u010da,\u00a0<\/em><br \/>\n<em>gener\u00e1lny mana\u017e\u00e9r VKP Bratislava<\/em><\/p>\n","protected":false},"excerpt":{"rendered":"<p>Koment\u00e1r gener\u00e1lneho mana\u017e\u00e9ra VKP Bratislava Tom\u00e1\u0161a Jen\u010du k pr\u00e1ve skon\u010denej sez\u00f3ne 2020\/2021.<\/p>\n","protected":false},"author":3,"featured_media":3682,"comment_status":"closed","ping_status":"open","sticky":false,"template":"","format":"standard","meta":{"_monsterinsights_skip_tracking":false,"_monsterinsights_sitenote_active":false,"_monsterinsights_sitenote_note":"","_monsterinsights_sitenote_category":0,"footnotes":""},"categories":[47],"tags":[],"class_list":["post-5183","post","type-post","status-publish","format-standard","has-post-thumbnail","hentry","category-muzi"],"yoast_head":"<!-- This site is optimized with the Yoast SEO plugin v25.6 - https:\/\/yoast.com\/wordpress\/plugins\/seo\/ -->\n<title>KOMENT\u00c1R: Bodka - VK SLOVAN Bratislava<\/title>\n<meta name=\"description\" content=\"Koment\u00e1r gener\u00e1lneho mana\u017e\u00e9ra VKP Bratislava Tom\u00e1\u0161a Jen\u010du k pr\u00e1ve skon\u010denej sez\u00f3ne 2020\/2021.\" \/>\n<meta name=\"robots\" content=\"index, follow, max-snippet:-1, max-image-preview:large, max-video-preview:-1\" \/>\n<link rel=\"canonical\" href=\"https:\/\/www.vkpbratislava.sk\/?p=5183\" \/>\n<meta property=\"og:locale\" content=\"sk_SK\" \/>\n<meta property=\"og:type\" content=\"article\" \/>\n<meta property=\"og:title\" content=\"KOMENT\u00c1R: Bodka - VK SLOVAN Bratislava\" \/>\n<meta property=\"og:description\" content=\"Koment\u00e1r gener\u00e1lneho mana\u017e\u00e9ra VKP Bratislava Tom\u00e1\u0161a Jen\u010du k pr\u00e1ve skon\u010denej sez\u00f3ne 2020\/2021.\" \/>\n<meta property=\"og:url\" content=\"https:\/\/www.vkpbratislava.sk\/?p=5183\" \/>\n<meta property=\"og:site_name\" content=\"VK SLOVAN Bratislava\" \/>\n<meta property=\"article:published_time\" content=\"2021-04-19T12:04:29+00:00\" \/>\n<meta property=\"article:modified_time\" content=\"2021-04-19T14:41:02+00:00\" \/>\n<meta property=\"og:image\" content=\"https:\/\/www.vkpbratislava.sk\/wp-content\/uploads\/2021\/01\/DF1A0656-1280x853.jpg\" \/>\n\t<meta property=\"og:image:width\" content=\"1280\" \/>\n\t<meta property=\"og:image:height\" content=\"853\" \/>\n\t<meta property=\"og:image:type\" content=\"image\/jpeg\" \/>\n<meta name=\"author\" content=\"jenca\" \/>\n<meta name=\"twitter:card\" content=\"summary_large_image\" \/>\n<meta name=\"twitter:label1\" content=\"Autor\" \/>\n\t<meta name=\"twitter:data1\" content=\"jenca\" \/>\n\t<meta name=\"twitter:label2\" content=\"Predpokladan\u00fd \u010das \u010d\u00edtania\" \/>\n\t<meta name=\"twitter:data2\" content=\"2 min\u00faty\" \/>\n<script type=\"application\/ld+json\" class=\"yoast-schema-graph\">{\"@context\":\"https:\/\/schema.org\",\"@graph\":[{\"@type\":\"Article\",\"@id\":\"https:\/\/www.vkpbratislava.sk\/?p=5183#article\",\"isPartOf\":{\"@id\":\"https:\/\/www.vkpbratislava.sk\/?p=5183\"},\"author\":{\"name\":\"jenca\",\"@id\":\"https:\/\/www.vkpbratislava.sk\/#\/schema\/person\/7037e769f9515aa58493d1b5852c4c50\"},\"headline\":\"KOMENT\u00c1R: Bodka\",\"datePublished\":\"2021-04-19T12:04:29+00:00\",\"dateModified\":\"2021-04-19T14:41:02+00:00\",\"mainEntityOfPage\":{\"@id\":\"https:\/\/www.vkpbratislava.sk\/?p=5183\"},\"wordCount\":446,\"publisher\":{\"@id\":\"https:\/\/www.vkpbratislava.sk\/#organization\"},\"image\":{\"@id\":\"https:\/\/www.vkpbratislava.sk\/?p=5183#primaryimage\"},\"thumbnailUrl\":\"https:\/\/www.vkpbratislava.sk\/wp-content\/uploads\/2021\/01\/DF1A0656.jpg\",\"articleSection\":[\"Mu\u017ei\"],\"inLanguage\":\"sk-SK\"},{\"@type\":\"WebPage\",\"@id\":\"https:\/\/www.vkpbratislava.sk\/?p=5183\",\"url\":\"https:\/\/www.vkpbratislava.sk\/?p=5183\",\"name\":\"KOMENT\u00c1R: Bodka - VK SLOVAN Bratislava\",\"isPartOf\":{\"@id\":\"https:\/\/www.vkpbratislava.sk\/#website\"},\"primaryImageOfPage\":{\"@id\":\"https:\/\/www.vkpbratislava.sk\/?p=5183#primaryimage\"},\"image\":{\"@id\":\"https:\/\/www.vkpbratislava.sk\/?p=5183#primaryimage\"},\"thumbnailUrl\":\"https:\/\/www.vkpbratislava.sk\/wp-content\/uploads\/2021\/01\/DF1A0656.jpg\",\"datePublished\":\"2021-04-19T12:04:29+00:00\",\"dateModified\":\"2021-04-19T14:41:02+00:00\",\"description\":\"Koment\u00e1r gener\u00e1lneho mana\u017e\u00e9ra VKP Bratislava Tom\u00e1\u0161a Jen\u010du k pr\u00e1ve skon\u010denej sez\u00f3ne 2020\/2021.\",\"breadcrumb\":{\"@id\":\"https:\/\/www.vkpbratislava.sk\/?p=5183#breadcrumb\"},\"inLanguage\":\"sk-SK\",\"potentialAction\":[{\"@type\":\"ReadAction\",\"target\":[\"https:\/\/www.vkpbratislava.sk\/?p=5183\"]}]},{\"@type\":\"ImageObject\",\"inLanguage\":\"sk-SK\",\"@id\":\"https:\/\/www.vkpbratislava.sk\/?p=5183#primaryimage\",\"url\":\"https:\/\/www.vkpbratislava.sk\/wp-content\/uploads\/2021\/01\/DF1A0656.jpg\",\"contentUrl\":\"https:\/\/www.vkpbratislava.sk\/wp-content\/uploads\/2021\/01\/DF1A0656.jpg\",\"width\":2048,\"height\":1365},{\"@type\":\"BreadcrumbList\",\"@id\":\"https:\/\/www.vkpbratislava.sk\/?p=5183#breadcrumb\",\"itemListElement\":[{\"@type\":\"ListItem\",\"position\":1,\"name\":\"Domov\",\"item\":\"https:\/\/www.vkpbratislava.sk\/\"},{\"@type\":\"ListItem\",\"position\":2,\"name\":\"KOMENT\u00c1R: Bodka\"}]},{\"@type\":\"WebSite\",\"@id\":\"https:\/\/www.vkpbratislava.sk\/#website\",\"url\":\"https:\/\/www.vkpbratislava.sk\/\",\"name\":\"VK SLOVAN Bratislava\",\"description\":\"Volejbalov\u00fd klub\",\"publisher\":{\"@id\":\"https:\/\/www.vkpbratislava.sk\/#organization\"},\"potentialAction\":[{\"@type\":\"SearchAction\",\"target\":{\"@type\":\"EntryPoint\",\"urlTemplate\":\"https:\/\/www.vkpbratislava.sk\/?s={search_term_string}\"},\"query-input\":{\"@type\":\"PropertyValueSpecification\",\"valueRequired\":true,\"valueName\":\"search_term_string\"}}],\"inLanguage\":\"sk-SK\"},{\"@type\":\"Organization\",\"@id\":\"https:\/\/www.vkpbratislava.sk\/#organization\",\"name\":\"VKP Bratislava\",\"url\":\"https:\/\/www.vkpbratislava.sk\/\",\"logo\":{\"@type\":\"ImageObject\",\"inLanguage\":\"sk-SK\",\"@id\":\"https:\/\/www.vkpbratislava.sk\/#\/schema\/logo\/image\/\",\"url\":\"https:\/\/www.vkpbratislava.sk\/wp-content\/uploads\/2020\/10\/vkpBA.png\",\"contentUrl\":\"https:\/\/www.vkpbratislava.sk\/wp-content\/uploads\/2020\/10\/vkpBA.png\",\"width\":600,\"height\":600,\"caption\":\"VKP Bratislava\"},\"image\":{\"@id\":\"https:\/\/www.vkpbratislava.sk\/#\/schema\/logo\/image\/\"}},{\"@type\":\"Person\",\"@id\":\"https:\/\/www.vkpbratislava.sk\/#\/schema\/person\/7037e769f9515aa58493d1b5852c4c50\",\"name\":\"jenca\",\"image\":{\"@type\":\"ImageObject\",\"inLanguage\":\"sk-SK\",\"@id\":\"https:\/\/www.vkpbratislava.sk\/#\/schema\/person\/image\/\",\"url\":\"https:\/\/secure.gravatar.com\/avatar\/67aa89e9aab2911bbd0c6fbf0a891ea8d80c207c9b6a6e2c96e13fc2f16e536d?s=96&d=mm&r=g\",\"contentUrl\":\"https:\/\/secure.gravatar.com\/avatar\/67aa89e9aab2911bbd0c6fbf0a891ea8d80c207c9b6a6e2c96e13fc2f16e536d?s=96&d=mm&r=g\",\"caption\":\"jenca\"},\"url\":\"https:\/\/www.vkpbratislava.sk\/?author=3\"}]}<\/script>\n<!-- \/ Yoast SEO plugin. -->","yoast_head_json":{"title":"KOMENT\u00c1R: Bodka - VK SLOVAN Bratislava","description":"Koment\u00e1r gener\u00e1lneho mana\u017e\u00e9ra VKP Bratislava Tom\u00e1\u0161a Jen\u010du k pr\u00e1ve skon\u010denej sez\u00f3ne 2020\/2021.","robots":{"index":"index","follow":"follow","max-snippet":"max-snippet:-1","max-image-preview":"max-image-preview:large","max-video-preview":"max-video-preview:-1"},"canonical":"https:\/\/www.vkpbratislava.sk\/?p=5183","og_locale":"sk_SK","og_type":"article","og_title":"KOMENT\u00c1R: Bodka - VK SLOVAN Bratislava","og_description":"Koment\u00e1r gener\u00e1lneho mana\u017e\u00e9ra VKP Bratislava Tom\u00e1\u0161a Jen\u010du k pr\u00e1ve skon\u010denej sez\u00f3ne 2020\/2021.","og_url":"https:\/\/www.vkpbratislava.sk\/?p=5183","og_site_name":"VK SLOVAN Bratislava","article_published_time":"2021-04-19T12:04:29+00:00","article_modified_time":"2021-04-19T14:41:02+00:00","og_image":[{"width":1280,"height":853,"url":"https:\/\/www.vkpbratislava.sk\/wp-content\/uploads\/2021\/01\/DF1A0656-1280x853.jpg","type":"image\/jpeg"}],"author":"jenca","twitter_card":"summary_large_image","twitter_misc":{"Autor":"jenca","Predpokladan\u00fd \u010das \u010d\u00edtania":"2 min\u00faty"},"schema":{"@context":"https:\/\/schema.org","@graph":[{"@type":"Article","@id":"https:\/\/www.vkpbratislava.sk\/?p=5183#article","isPartOf":{"@id":"https:\/\/www.vkpbratislava.sk\/?p=5183"},"author":{"name":"jenca","@id":"https:\/\/www.vkpbratislava.sk\/#\/schema\/person\/7037e769f9515aa58493d1b5852c4c50"},"headline":"KOMENT\u00c1R: Bodka","datePublished":"2021-04-19T12:04:29+00:00","dateModified":"2021-04-19T14:41:02+00:00","mainEntityOfPage":{"@id":"https:\/\/www.vkpbratislava.sk\/?p=5183"},"wordCount":446,"publisher":{"@id":"https:\/\/www.vkpbratislava.sk\/#organization"},"image":{"@id":"https:\/\/www.vkpbratislava.sk\/?p=5183#primaryimage"},"thumbnailUrl":"https:\/\/www.vkpbratislava.sk\/wp-content\/uploads\/2021\/01\/DF1A0656.jpg","articleSection":["Mu\u017ei"],"inLanguage":"sk-SK"},{"@type":"WebPage","@id":"https:\/\/www.vkpbratislava.sk\/?p=5183","url":"https:\/\/www.vkpbratislava.sk\/?p=5183","name":"KOMENT\u00c1R: Bodka - VK SLOVAN Bratislava","isPartOf":{"@id":"https:\/\/www.vkpbratislava.sk\/#website"},"primaryImageOfPage":{"@id":"https:\/\/www.vkpbratislava.sk\/?p=5183#primaryimage"},"image":{"@id":"https:\/\/www.vkpbratislava.sk\/?p=5183#primaryimage"},"thumbnailUrl":"https:\/\/www.vkpbratislava.sk\/wp-content\/uploads\/2021\/01\/DF1A0656.jpg","datePublished":"2021-04-19T12:04:29+00:00","dateModified":"2021-04-19T14:41:02+00:00","description":"Koment\u00e1r gener\u00e1lneho mana\u017e\u00e9ra VKP Bratislava Tom\u00e1\u0161a Jen\u010du k pr\u00e1ve skon\u010denej sez\u00f3ne 2020\/2021.","breadcrumb":{"@id":"https:\/\/www.vkpbratislava.sk\/?p=5183#breadcrumb"},"inLanguage":"sk-SK","potentialAction":[{"@type":"ReadAction","target":["https:\/\/www.vkpbratislava.sk\/?p=5183"]}]},{"@type":"ImageObject","inLanguage":"sk-SK","@id":"https:\/\/www.vkpbratislava.sk\/?p=5183#primaryimage","url":"https:\/\/www.vkpbratislava.sk\/wp-content\/uploads\/2021\/01\/DF1A0656.jpg","contentUrl":"https:\/\/www.vkpbratislava.sk\/wp-content\/uploads\/2021\/01\/DF1A0656.jpg","width":2048,"height":1365},{"@type":"BreadcrumbList","@id":"https:\/\/www.vkpbratislava.sk\/?p=5183#breadcrumb","itemListElement":[{"@type":"ListItem","position":1,"name":"Domov","item":"https:\/\/www.vkpbratislava.sk\/"},{"@type":"ListItem","position":2,"name":"KOMENT\u00c1R: Bodka"}]},{"@type":"WebSite","@id":"https:\/\/www.vkpbratislava.sk\/#website","url":"https:\/\/www.vkpbratislava.sk\/","name":"VK SLOVAN Bratislava","description":"Volejbalov\u00fd klub","publisher":{"@id":"https:\/\/www.vkpbratislava.sk\/#organization"},"potentialAction":[{"@type":"SearchAction","target":{"@type":"EntryPoint","urlTemplate":"https:\/\/www.vkpbratislava.sk\/?s={search_term_string}"},"query-input":{"@type":"PropertyValueSpecification","valueRequired":true,"valueName":"search_term_string"}}],"inLanguage":"sk-SK"},{"@type":"Organization","@id":"https:\/\/www.vkpbratislava.sk\/#organization","name":"VKP Bratislava","url":"https:\/\/www.vkpbratislava.sk\/","logo":{"@type":"ImageObject","inLanguage":"sk-SK","@id":"https:\/\/www.vkpbratislava.sk\/#\/schema\/logo\/image\/","url":"https:\/\/www.vkpbratislava.sk\/wp-content\/uploads\/2020\/10\/vkpBA.png","contentUrl":"https:\/\/www.vkpbratislava.sk\/wp-content\/uploads\/2020\/10\/vkpBA.png","width":600,"height":600,"caption":"VKP Bratislava"},"image":{"@id":"https:\/\/www.vkpbratislava.sk\/#\/schema\/logo\/image\/"}},{"@type":"Person","@id":"https:\/\/www.vkpbratislava.sk\/#\/schema\/person\/7037e769f9515aa58493d1b5852c4c50","name":"jenca","image":{"@type":"ImageObject","inLanguage":"sk-SK","@id":"https:\/\/www.vkpbratislava.sk\/#\/schema\/person\/image\/","url":"https:\/\/secure.gravatar.com\/avatar\/67aa89e9aab2911bbd0c6fbf0a891ea8d80c207c9b6a6e2c96e13fc2f16e536d?s=96&d=mm&r=g","contentUrl":"https:\/\/secure.gravatar.com\/avatar\/67aa89e9aab2911bbd0c6fbf0a891ea8d80c207c9b6a6e2c96e13fc2f16e536d?s=96&d=mm&r=g","caption":"jenca"},"url":"https:\/\/www.vkpbratislava.sk\/?author=3"}]}},"_links":{"self":[{"href":"https:\/\/www.vkpbratislava.sk\/index.php?rest_route=\/wp\/v2\/posts\/5183","targetHints":{"allow":["GET"]}}],"collection":[{"href":"https:\/\/www.vkpbratislava.sk\/index.php?rest_route=\/wp\/v2\/posts"}],"about":[{"href":"https:\/\/www.vkpbratislava.sk\/index.php?rest_route=\/wp\/v2\/types\/post"}],"author":[{"embeddable":true,"href":"https:\/\/www.vkpbratislava.sk\/index.php?rest_route=\/wp\/v2\/users\/3"}],"replies":[{"embeddable":true,"href":"https:\/\/www.vkpbratislava.sk\/index.php?rest_route=%2Fwp%2Fv2%2Fcomments&post=5183"}],"version-history":[{"count":4,"href":"https:\/\/www.vkpbratislava.sk\/index.php?rest_route=\/wp\/v2\/posts\/5183\/revisions"}],"predecessor-version":[{"id":5204,"href":"https:\/\/www.vkpbratislava.sk\/index.php?rest_route=\/wp\/v2\/posts\/5183\/revisions\/5204"}],"wp:featuredmedia":[{"embeddable":true,"href":"https:\/\/www.vkpbratislava.sk\/index.php?rest_route=\/wp\/v2\/media\/3682"}],"wp:attachment":[{"href":"https:\/\/www.vkpbratislava.sk\/index.php?rest_route=%2Fwp%2Fv2%2Fmedia&parent=5183"}],"wp:term":[{"taxonomy":"category","embeddable":true,"href":"https:\/\/www.vkpbratislava.sk\/index.php?rest_route=%2Fwp%2Fv2%2Fcategories&post=5183"},{"taxonomy":"post_tag","embeddable":true,"href":"https:\/\/www.vkpbratislava.sk\/index.php?rest_route=%2Fwp%2Fv2%2Ftags&post=5183"}],"curies":[{"name":"wp","href":"https:\/\/api.w.org\/{rel}","templated":true}]}}