{"id":5188,"date":"2021-04-21T07:00:12","date_gmt":"2021-04-21T05:00:12","guid":{"rendered":"https:\/\/www.vkpbratislava.sk\/?p=5188"},"modified":"2021-04-20T23:24:34","modified_gmt":"2021-04-20T21:24:34","slug":"pavlicko-s-trubacom-na-me-v-beachvolejbale","status":"publish","type":"post","link":"https:\/\/www.vkpbratislava.sk\/?p=5188","title":{"rendered":"Pavli\u010dko s\u00a0Truba\u010dom na ME v\u00a0beachvolejbale"},"content":{"rendered":"<p><strong>Dvojica hr\u00e1\u010dov VKP Bratislava &#8211; nahr\u00e1va\u010d Bruno Pavli\u010dko a\u00a0sme\u010diar Michal Truba\u010d bud\u00fa reprezentova\u0165 Slovensko v\u00a0pl\u00e1\u017eovom volejbale na eur\u00f3pskom \u0161ampion\u00e1te vekovej kateg\u00f3rie do 22 rokov.<\/strong><\/p>\n<p>Obaja sa moment\u00e1lne pripravuj\u00fa pod taktovkou tr\u00e9nera Ondreja Hrubo\u0161ku. Z\u00e1vere\u010dn\u00fd turnaj majstrovstiev Eur\u00f3py sa uskuto\u010dn\u00ed 13. &#8211; 16. m\u00e1ja v\u00a0rak\u00faskom Badene. \u201eTr\u00e9nujeme \u0161tyri a\u017e p\u00e4\u0165kr\u00e1t t\u00fd\u017edenne, bu\u010f na Dra\u017ediaku alebo v\u00a0D\u00fabravke v\u00a0hale na Z\u0160 Batkov\u00e1, kde je nanosen\u00fd piesok. V\u0161etko z\u00e1vis\u00ed od po\u010dasia. Prv\u00fd t\u00fd\u017ede\u0148 bol trochu vtipn\u00fd, zauj\u00edmav\u00fd. Na piesku je to trochu in\u00e9 ako v\u00a0hale, najm\u00e4 \u010dasovanie na \u00fatok, vietor, hr\u00e1 sa s in\u00fdmi loptami. Prisp\u00f4sobovanie je \u0165a\u017e\u0161ie, ale postupne sa do toho dost\u00e1vame. Pr\u00edprava je s\u00edce kr\u00e1tka, ale posna\u017e\u00edme sa zlep\u0161i\u0165 to, \u010do vieme a\u00a0zakry\u0165, \u010do nevieme (\u00fasmev). Na \u0161ampion\u00e1t sa u\u017e te\u0161\u00edme. Z\u00e1rove\u0148 by sme sa chceli po\u010fakova\u0165 vedeniu VKP Bratislava, \u017ee n\u00e1s uvo\u013enil do beachvolejbalovej reprezent\u00e1cie,\u201c prezradil nahr\u00e1va\u010d VKP Bratislava Bruno Pavli\u010dko.<\/p>\n<p><img loading=\"lazy\" decoding=\"async\" class=\"alignnone size-medium wp-image-3871\" src=\"https:\/\/www.vkpbratislava.sk\/wp-content\/uploads\/2021\/02\/DF1A2225-640x427.jpg\" alt=\"\" width=\"640\" height=\"427\" srcset=\"https:\/\/www.vkpbratislava.sk\/wp-content\/uploads\/2021\/02\/DF1A2225-640x427.jpg 640w, https:\/\/www.vkpbratislava.sk\/wp-content\/uploads\/2021\/02\/DF1A2225-1280x853.jpg 1280w, https:\/\/www.vkpbratislava.sk\/wp-content\/uploads\/2021\/02\/DF1A2225-768x512.jpg 768w, https:\/\/www.vkpbratislava.sk\/wp-content\/uploads\/2021\/02\/DF1A2225-1536x1024.jpg 1536w, https:\/\/www.vkpbratislava.sk\/wp-content\/uploads\/2021\/02\/DF1A2225-320x213.jpg 320w, https:\/\/www.vkpbratislava.sk\/wp-content\/uploads\/2021\/02\/DF1A2225-600x400.jpg 600w, https:\/\/www.vkpbratislava.sk\/wp-content\/uploads\/2021\/02\/DF1A2225.jpg 2048w\" sizes=\"auto, (max-width: 640px) 100vw, 640px\" \/><\/p>\n<p>\u201ePozn\u00e1me sa nejak\u00fa dobu, m\u00e1me toho dos\u0165 vo volejbale pre\u017eit\u00e9 a\u00a0sme zohrat\u00ed. Rozumieme si aj mimo ihriska. Vyhrali sme aj majstrovstv\u00e1 Slovenska. Bruno je na ihrisku klasick\u00fd vodcovsk\u00fd typ, \u010do oce\u0148ujem. Vie ma podr\u017ea\u0165 aj v\u00a0\u0165a\u017e\u0161\u00edch chv\u00ed\u013each. Ja som sa na piesok vr\u00e1til po pol roku, Bruno po takmer roku a\u00a0on bol k\u00a0tomu dlh\u0161iu dobu zranen\u00fd a\u00a0str\u00e1vil ve\u013ea \u010dasu v\u00a0posil\u0148ovni. Kvalifik\u00e1ciu sme \u00faspe\u0161ne zvl\u00e1dli, radi by sme na \u0161ampion\u00e1te post\u00fapili zo skupiny, vyhra\u0165, \u010do najviac z\u00e1pasov a\u00a0udr\u017ea\u0165 sa v\u00a0turnaji, \u010do najdlh\u0161ie. A\u00a0samozrejme, zabavi\u0165 sa, u\u017ei\u0165 si to,\u201c povedal Michal Truba\u010d. \u201ePr\u00edpravu n\u00e1m trochu znepr\u00edjemnilo po\u010dasie. Teraz n\u00e1s pribrzdila korona a\u00a0mus\u00edme \u010daka\u0165 na PCR testy. Sme radi, \u017ee napriek pand\u00e9mii sa tento projekt podarilo vytvori\u0165 a\u00a0m\u00f4\u017eeme \u00eds\u0165 na majstrovstv\u00e1 Eur\u00f3py. Zo strany feder\u00e1cie aj tr\u00e9nerov v\u0161etci robia maximum, \u010do sa d\u00e1,\u201c dodal.<\/p>\n<p>Obaja hr\u00e1\u010di VKP s\u00fa aj v\u00a0\u0161ir\u0161ej nomin\u00e1cii na Eur\u00f3psky Kontinent\u00e1lny poh\u00e1r v\u00a0pl\u00e1\u017eovom volejbale mu\u017eov, ktor\u00fd sa tie\u017e uskuto\u010dn\u00ed v\u00a0rak\u00faskom Badene (6. &#8211; 9. m\u00e1ja). Okrem nich je v\u00a0hre o\u00a0\u00fa\u010das\u0165 na turnaji aj n\u00e1\u0161 \u010fal\u0161\u00ed hr\u00e1\u010d Tom\u00e1\u0161 Vojkovi\u010d.<\/p>\n<h4><a href=\"https:\/\/www.vkpbratislava.sk\/?p=5194\" target=\"_blank\">Tom\u00e1\u0161 Vojkovi\u010d v\u00a0hre o\u00a0Kontinent\u00e1lny poh\u00e1r v\u00a0beachi<\/a><\/h4>\n<p>miba, foto: arch\u00edv, Michal \u0160p\u00e1nik<\/p>\n<p>&nbsp;<\/p>\n<p>&nbsp;<\/p>\n","protected":false},"excerpt":{"rendered":"<p>Dvojica hr\u00e1\u010dov VKP Bratislava &#8211; nahr\u00e1va\u010d Bruno Pavli\u010dko a\u00a0sme\u010diar Michal Truba\u010d bud\u00fa reprezentova\u0165 Slovensko v\u00a0pl\u00e1\u017eovom volejbale na eur\u00f3pskom \u0161ampion\u00e1te vekovej kateg\u00f3rie do 22 rokov.<\/p>\n","protected":false},"author":3,"featured_media":5187,"comment_status":"closed","ping_status":"open","sticky":false,"template":"","format":"standard","meta":{"_monsterinsights_skip_tracking":false,"_monsterinsights_sitenote_active":false,"_monsterinsights_sitenote_note":"","_monsterinsights_sitenote_category":0,"footnotes":""},"categories":[47],"tags":[],"class_list":["post-5188","post","type-post","status-publish","format-standard","has-post-thumbnail","hentry","category-muzi"],"yoast_head":"<!-- This site is optimized with the Yoast SEO plugin v25.6 - https:\/\/yoast.com\/wordpress\/plugins\/seo\/ -->\n<title>Pavli\u010dko s\u00a0Truba\u010dom na ME v\u00a0beachvolejbale - VK SLOVAN Bratislava<\/title>\n<meta name=\"description\" content=\"Dvojica hr\u00e1\u010dov VKP Bratislava - nahr\u00e1va\u010d Bruno Pavli\u010dko a\u00a0sme\u010diar Michal Truba\u010d bud\u00fa reprezentova\u0165 Slovensko v\u00a0pl\u00e1\u017eovom volejbale na eur\u00f3pskom \u0161ampion\u00e1te vekovej kateg\u00f3rie do 22 rokov.\" \/>\n<meta name=\"robots\" content=\"index, follow, max-snippet:-1, max-image-preview:large, max-video-preview:-1\" \/>\n<link rel=\"canonical\" href=\"https:\/\/www.vkpbratislava.sk\/?p=5188\" \/>\n<meta property=\"og:locale\" content=\"sk_SK\" \/>\n<meta property=\"og:type\" content=\"article\" \/>\n<meta property=\"og:title\" content=\"Pavli\u010dko s\u00a0Truba\u010dom na ME v\u00a0beachvolejbale - VK SLOVAN Bratislava\" \/>\n<meta property=\"og:description\" content=\"Dvojica hr\u00e1\u010dov VKP Bratislava - nahr\u00e1va\u010d Bruno Pavli\u010dko a\u00a0sme\u010diar Michal Truba\u010d bud\u00fa reprezentova\u0165 Slovensko v\u00a0pl\u00e1\u017eovom volejbale na eur\u00f3pskom \u0161ampion\u00e1te vekovej kateg\u00f3rie do 22 rokov.\" \/>\n<meta property=\"og:url\" content=\"https:\/\/www.vkpbratislava.sk\/?p=5188\" \/>\n<meta property=\"og:site_name\" content=\"VK SLOVAN Bratislava\" \/>\n<meta property=\"article:published_time\" content=\"2021-04-21T05:00:12+00:00\" \/>\n<meta property=\"og:image\" content=\"https:\/\/www.vkpbratislava.sk\/wp-content\/uploads\/2021\/03\/PHOTO-2021-04-16-17-23-36.jpg\" \/>\n\t<meta property=\"og:image:width\" content=\"1188\" \/>\n\t<meta property=\"og:image:height\" content=\"886\" \/>\n\t<meta property=\"og:image:type\" content=\"image\/jpeg\" \/>\n<meta name=\"author\" content=\"jenca\" \/>\n<meta name=\"twitter:card\" content=\"summary_large_image\" \/>\n<meta name=\"twitter:label1\" content=\"Autor\" \/>\n\t<meta name=\"twitter:data1\" content=\"jenca\" \/>\n\t<meta name=\"twitter:label2\" content=\"Predpokladan\u00fd \u010das \u010d\u00edtania\" \/>\n\t<meta name=\"twitter:data2\" content=\"2 min\u00faty\" \/>\n<script type=\"application\/ld+json\" class=\"yoast-schema-graph\">{\"@context\":\"https:\/\/schema.org\",\"@graph\":[{\"@type\":\"Article\",\"@id\":\"https:\/\/www.vkpbratislava.sk\/?p=5188#article\",\"isPartOf\":{\"@id\":\"https:\/\/www.vkpbratislava.sk\/?p=5188\"},\"author\":{\"name\":\"jenca\",\"@id\":\"https:\/\/www.vkpbratislava.sk\/#\/schema\/person\/7037e769f9515aa58493d1b5852c4c50\"},\"headline\":\"Pavli\u010dko s\u00a0Truba\u010dom na ME v\u00a0beachvolejbale\",\"datePublished\":\"2021-04-21T05:00:12+00:00\",\"mainEntityOfPage\":{\"@id\":\"https:\/\/www.vkpbratislava.sk\/?p=5188\"},\"wordCount\":446,\"publisher\":{\"@id\":\"https:\/\/www.vkpbratislava.sk\/#organization\"},\"image\":{\"@id\":\"https:\/\/www.vkpbratislava.sk\/?p=5188#primaryimage\"},\"thumbnailUrl\":\"https:\/\/www.vkpbratislava.sk\/wp-content\/uploads\/2021\/03\/PHOTO-2021-04-16-17-23-36.jpg\",\"articleSection\":[\"Mu\u017ei\"],\"inLanguage\":\"sk-SK\"},{\"@type\":\"WebPage\",\"@id\":\"https:\/\/www.vkpbratislava.sk\/?p=5188\",\"url\":\"https:\/\/www.vkpbratislava.sk\/?p=5188\",\"name\":\"Pavli\u010dko s\u00a0Truba\u010dom na ME v\u00a0beachvolejbale - VK SLOVAN Bratislava\",\"isPartOf\":{\"@id\":\"https:\/\/www.vkpbratislava.sk\/#website\"},\"primaryImageOfPage\":{\"@id\":\"https:\/\/www.vkpbratislava.sk\/?p=5188#primaryimage\"},\"image\":{\"@id\":\"https:\/\/www.vkpbratislava.sk\/?p=5188#primaryimage\"},\"thumbnailUrl\":\"https:\/\/www.vkpbratislava.sk\/wp-content\/uploads\/2021\/03\/PHOTO-2021-04-16-17-23-36.jpg\",\"datePublished\":\"2021-04-21T05:00:12+00:00\",\"description\":\"Dvojica hr\u00e1\u010dov VKP Bratislava - nahr\u00e1va\u010d Bruno Pavli\u010dko a\u00a0sme\u010diar Michal Truba\u010d bud\u00fa reprezentova\u0165 Slovensko v\u00a0pl\u00e1\u017eovom volejbale na eur\u00f3pskom \u0161ampion\u00e1te vekovej kateg\u00f3rie do 22 rokov.\",\"breadcrumb\":{\"@id\":\"https:\/\/www.vkpbratislava.sk\/?p=5188#breadcrumb\"},\"inLanguage\":\"sk-SK\",\"potentialAction\":[{\"@type\":\"ReadAction\",\"target\":[\"https:\/\/www.vkpbratislava.sk\/?p=5188\"]}]},{\"@type\":\"ImageObject\",\"inLanguage\":\"sk-SK\",\"@id\":\"https:\/\/www.vkpbratislava.sk\/?p=5188#primaryimage\",\"url\":\"https:\/\/www.vkpbratislava.sk\/wp-content\/uploads\/2021\/03\/PHOTO-2021-04-16-17-23-36.jpg\",\"contentUrl\":\"https:\/\/www.vkpbratislava.sk\/wp-content\/uploads\/2021\/03\/PHOTO-2021-04-16-17-23-36.jpg\",\"width\":1188,\"height\":886},{\"@type\":\"BreadcrumbList\",\"@id\":\"https:\/\/www.vkpbratislava.sk\/?p=5188#breadcrumb\",\"itemListElement\":[{\"@type\":\"ListItem\",\"position\":1,\"name\":\"Domov\",\"item\":\"https:\/\/www.vkpbratislava.sk\/\"},{\"@type\":\"ListItem\",\"position\":2,\"name\":\"Pavli\u010dko s\u00a0Truba\u010dom na ME v\u00a0beachvolejbale\"}]},{\"@type\":\"WebSite\",\"@id\":\"https:\/\/www.vkpbratislava.sk\/#website\",\"url\":\"https:\/\/www.vkpbratislava.sk\/\",\"name\":\"VK SLOVAN Bratislava\",\"description\":\"Volejbalov\u00fd klub\",\"publisher\":{\"@id\":\"https:\/\/www.vkpbratislava.sk\/#organization\"},\"potentialAction\":[{\"@type\":\"SearchAction\",\"target\":{\"@type\":\"EntryPoint\",\"urlTemplate\":\"https:\/\/www.vkpbratislava.sk\/?s={search_term_string}\"},\"query-input\":{\"@type\":\"PropertyValueSpecification\",\"valueRequired\":true,\"valueName\":\"search_term_string\"}}],\"inLanguage\":\"sk-SK\"},{\"@type\":\"Organization\",\"@id\":\"https:\/\/www.vkpbratislava.sk\/#organization\",\"name\":\"VKP Bratislava\",\"url\":\"https:\/\/www.vkpbratislava.sk\/\",\"logo\":{\"@type\":\"ImageObject\",\"inLanguage\":\"sk-SK\",\"@id\":\"https:\/\/www.vkpbratislava.sk\/#\/schema\/logo\/image\/\",\"url\":\"https:\/\/www.vkpbratislava.sk\/wp-content\/uploads\/2020\/10\/vkpBA.png\",\"contentUrl\":\"https:\/\/www.vkpbratislava.sk\/wp-content\/uploads\/2020\/10\/vkpBA.png\",\"width\":600,\"height\":600,\"caption\":\"VKP Bratislava\"},\"image\":{\"@id\":\"https:\/\/www.vkpbratislava.sk\/#\/schema\/logo\/image\/\"}},{\"@type\":\"Person\",\"@id\":\"https:\/\/www.vkpbratislava.sk\/#\/schema\/person\/7037e769f9515aa58493d1b5852c4c50\",\"name\":\"jenca\",\"image\":{\"@type\":\"ImageObject\",\"inLanguage\":\"sk-SK\",\"@id\":\"https:\/\/www.vkpbratislava.sk\/#\/schema\/person\/image\/\",\"url\":\"https:\/\/secure.gravatar.com\/avatar\/67aa89e9aab2911bbd0c6fbf0a891ea8d80c207c9b6a6e2c96e13fc2f16e536d?s=96&d=mm&r=g\",\"contentUrl\":\"https:\/\/secure.gravatar.com\/avatar\/67aa89e9aab2911bbd0c6fbf0a891ea8d80c207c9b6a6e2c96e13fc2f16e536d?s=96&d=mm&r=g\",\"caption\":\"jenca\"},\"url\":\"https:\/\/www.vkpbratislava.sk\/?author=3\"}]}<\/script>\n<!-- \/ Yoast SEO plugin. -->","yoast_head_json":{"title":"Pavli\u010dko s\u00a0Truba\u010dom na ME v\u00a0beachvolejbale - VK SLOVAN Bratislava","description":"Dvojica hr\u00e1\u010dov VKP Bratislava - nahr\u00e1va\u010d Bruno Pavli\u010dko a\u00a0sme\u010diar Michal Truba\u010d bud\u00fa reprezentova\u0165 Slovensko v\u00a0pl\u00e1\u017eovom volejbale na eur\u00f3pskom \u0161ampion\u00e1te vekovej kateg\u00f3rie do 22 rokov.","robots":{"index":"index","follow":"follow","max-snippet":"max-snippet:-1","max-image-preview":"max-image-preview:large","max-video-preview":"max-video-preview:-1"},"canonical":"https:\/\/www.vkpbratislava.sk\/?p=5188","og_locale":"sk_SK","og_type":"article","og_title":"Pavli\u010dko s\u00a0Truba\u010dom na ME v\u00a0beachvolejbale - VK SLOVAN Bratislava","og_description":"Dvojica hr\u00e1\u010dov VKP Bratislava - nahr\u00e1va\u010d Bruno Pavli\u010dko a\u00a0sme\u010diar Michal Truba\u010d bud\u00fa reprezentova\u0165 Slovensko v\u00a0pl\u00e1\u017eovom volejbale na eur\u00f3pskom \u0161ampion\u00e1te vekovej kateg\u00f3rie do 22 rokov.","og_url":"https:\/\/www.vkpbratislava.sk\/?p=5188","og_site_name":"VK SLOVAN Bratislava","article_published_time":"2021-04-21T05:00:12+00:00","og_image":[{"width":1188,"height":886,"url":"https:\/\/www.vkpbratislava.sk\/wp-content\/uploads\/2021\/03\/PHOTO-2021-04-16-17-23-36.jpg","type":"image\/jpeg"}],"author":"jenca","twitter_card":"summary_large_image","twitter_misc":{"Autor":"jenca","Predpokladan\u00fd \u010das \u010d\u00edtania":"2 min\u00faty"},"schema":{"@context":"https:\/\/schema.org","@graph":[{"@type":"Article","@id":"https:\/\/www.vkpbratislava.sk\/?p=5188#article","isPartOf":{"@id":"https:\/\/www.vkpbratislava.sk\/?p=5188"},"author":{"name":"jenca","@id":"https:\/\/www.vkpbratislava.sk\/#\/schema\/person\/7037e769f9515aa58493d1b5852c4c50"},"headline":"Pavli\u010dko s\u00a0Truba\u010dom na ME v\u00a0beachvolejbale","datePublished":"2021-04-21T05:00:12+00:00","mainEntityOfPage":{"@id":"https:\/\/www.vkpbratislava.sk\/?p=5188"},"wordCount":446,"publisher":{"@id":"https:\/\/www.vkpbratislava.sk\/#organization"},"image":{"@id":"https:\/\/www.vkpbratislava.sk\/?p=5188#primaryimage"},"thumbnailUrl":"https:\/\/www.vkpbratislava.sk\/wp-content\/uploads\/2021\/03\/PHOTO-2021-04-16-17-23-36.jpg","articleSection":["Mu\u017ei"],"inLanguage":"sk-SK"},{"@type":"WebPage","@id":"https:\/\/www.vkpbratislava.sk\/?p=5188","url":"https:\/\/www.vkpbratislava.sk\/?p=5188","name":"Pavli\u010dko s\u00a0Truba\u010dom na ME v\u00a0beachvolejbale - VK SLOVAN Bratislava","isPartOf":{"@id":"https:\/\/www.vkpbratislava.sk\/#website"},"primaryImageOfPage":{"@id":"https:\/\/www.vkpbratislava.sk\/?p=5188#primaryimage"},"image":{"@id":"https:\/\/www.vkpbratislava.sk\/?p=5188#primaryimage"},"thumbnailUrl":"https:\/\/www.vkpbratislava.sk\/wp-content\/uploads\/2021\/03\/PHOTO-2021-04-16-17-23-36.jpg","datePublished":"2021-04-21T05:00:12+00:00","description":"Dvojica hr\u00e1\u010dov VKP Bratislava - nahr\u00e1va\u010d Bruno Pavli\u010dko a\u00a0sme\u010diar Michal Truba\u010d bud\u00fa reprezentova\u0165 Slovensko v\u00a0pl\u00e1\u017eovom volejbale na eur\u00f3pskom \u0161ampion\u00e1te vekovej kateg\u00f3rie do 22 rokov.","breadcrumb":{"@id":"https:\/\/www.vkpbratislava.sk\/?p=5188#breadcrumb"},"inLanguage":"sk-SK","potentialAction":[{"@type":"ReadAction","target":["https:\/\/www.vkpbratislava.sk\/?p=5188"]}]},{"@type":"ImageObject","inLanguage":"sk-SK","@id":"https:\/\/www.vkpbratislava.sk\/?p=5188#primaryimage","url":"https:\/\/www.vkpbratislava.sk\/wp-content\/uploads\/2021\/03\/PHOTO-2021-04-16-17-23-36.jpg","contentUrl":"https:\/\/www.vkpbratislava.sk\/wp-content\/uploads\/2021\/03\/PHOTO-2021-04-16-17-23-36.jpg","width":1188,"height":886},{"@type":"BreadcrumbList","@id":"https:\/\/www.vkpbratislava.sk\/?p=5188#breadcrumb","itemListElement":[{"@type":"ListItem","position":1,"name":"Domov","item":"https:\/\/www.vkpbratislava.sk\/"},{"@type":"ListItem","position":2,"name":"Pavli\u010dko s\u00a0Truba\u010dom na ME v\u00a0beachvolejbale"}]},{"@type":"WebSite","@id":"https:\/\/www.vkpbratislava.sk\/#website","url":"https:\/\/www.vkpbratislava.sk\/","name":"VK SLOVAN Bratislava","description":"Volejbalov\u00fd klub","publisher":{"@id":"https:\/\/www.vkpbratislava.sk\/#organization"},"potentialAction":[{"@type":"SearchAction","target":{"@type":"EntryPoint","urlTemplate":"https:\/\/www.vkpbratislava.sk\/?s={search_term_string}"},"query-input":{"@type":"PropertyValueSpecification","valueRequired":true,"valueName":"search_term_string"}}],"inLanguage":"sk-SK"},{"@type":"Organization","@id":"https:\/\/www.vkpbratislava.sk\/#organization","name":"VKP Bratislava","url":"https:\/\/www.vkpbratislava.sk\/","logo":{"@type":"ImageObject","inLanguage":"sk-SK","@id":"https:\/\/www.vkpbratislava.sk\/#\/schema\/logo\/image\/","url":"https:\/\/www.vkpbratislava.sk\/wp-content\/uploads\/2020\/10\/vkpBA.png","contentUrl":"https:\/\/www.vkpbratislava.sk\/wp-content\/uploads\/2020\/10\/vkpBA.png","width":600,"height":600,"caption":"VKP Bratislava"},"image":{"@id":"https:\/\/www.vkpbratislava.sk\/#\/schema\/logo\/image\/"}},{"@type":"Person","@id":"https:\/\/www.vkpbratislava.sk\/#\/schema\/person\/7037e769f9515aa58493d1b5852c4c50","name":"jenca","image":{"@type":"ImageObject","inLanguage":"sk-SK","@id":"https:\/\/www.vkpbratislava.sk\/#\/schema\/person\/image\/","url":"https:\/\/secure.gravatar.com\/avatar\/67aa89e9aab2911bbd0c6fbf0a891ea8d80c207c9b6a6e2c96e13fc2f16e536d?s=96&d=mm&r=g","contentUrl":"https:\/\/secure.gravatar.com\/avatar\/67aa89e9aab2911bbd0c6fbf0a891ea8d80c207c9b6a6e2c96e13fc2f16e536d?s=96&d=mm&r=g","caption":"jenca"},"url":"https:\/\/www.vkpbratislava.sk\/?author=3"}]}},"_links":{"self":[{"href":"https:\/\/www.vkpbratislava.sk\/index.php?rest_route=\/wp\/v2\/posts\/5188","targetHints":{"allow":["GET"]}}],"collection":[{"href":"https:\/\/www.vkpbratislava.sk\/index.php?rest_route=\/wp\/v2\/posts"}],"about":[{"href":"https:\/\/www.vkpbratislava.sk\/index.php?rest_route=\/wp\/v2\/types\/post"}],"author":[{"embeddable":true,"href":"https:\/\/www.vkpbratislava.sk\/index.php?rest_route=\/wp\/v2\/users\/3"}],"replies":[{"embeddable":true,"href":"https:\/\/www.vkpbratislava.sk\/index.php?rest_route=%2Fwp%2Fv2%2Fcomments&post=5188"}],"version-history":[{"count":6,"href":"https:\/\/www.vkpbratislava.sk\/index.php?rest_route=\/wp\/v2\/posts\/5188\/revisions"}],"predecessor-version":[{"id":5214,"href":"https:\/\/www.vkpbratislava.sk\/index.php?rest_route=\/wp\/v2\/posts\/5188\/revisions\/5214"}],"wp:featuredmedia":[{"embeddable":true,"href":"https:\/\/www.vkpbratislava.sk\/index.php?rest_route=\/wp\/v2\/media\/5187"}],"wp:attachment":[{"href":"https:\/\/www.vkpbratislava.sk\/index.php?rest_route=%2Fwp%2Fv2%2Fmedia&parent=5188"}],"wp:term":[{"taxonomy":"category","embeddable":true,"href":"https:\/\/www.vkpbratislava.sk\/index.php?rest_route=%2Fwp%2Fv2%2Fcategories&post=5188"},{"taxonomy":"post_tag","embeddable":true,"href":"https:\/\/www.vkpbratislava.sk\/index.php?rest_route=%2Fwp%2Fv2%2Ftags&post=5188"}],"curies":[{"name":"wp","href":"https:\/\/api.w.org\/{rel}","templated":true}]}}