{"id":5194,"date":"2021-04-20T07:00:39","date_gmt":"2021-04-20T05:00:39","guid":{"rendered":"https:\/\/www.vkpbratislava.sk\/?p=5194"},"modified":"2021-04-19T16:32:18","modified_gmt":"2021-04-19T14:32:18","slug":"tomas-vojkovic-v-hre-o-kontinentalny-pohar-v-beachi","status":"publish","type":"post","link":"https:\/\/www.vkpbratislava.sk\/?p=5194","title":{"rendered":"Tom\u00e1\u0161 Vojkovi\u010d v\u00a0hre o\u00a0Kontinent\u00e1lny poh\u00e1r v\u00a0beachi"},"content":{"rendered":"<p><strong>Halu za piesok vymenil aj hr\u00e1\u010d VKP Bratislava Tom\u00e1\u0161 Vojkovi\u010d. Ocitol sa v\u00a0\u0161ir\u0161ej nomin\u00e1cii na Eur\u00f3psky Kontinent\u00e1lny poh\u00e1r v pl\u00e1\u017eovom volejbale mu\u017eov, ktor\u00fd sa uskuto\u010dn\u00ed v rak\u00faskom Badene (6. &#8211; 9. m\u00e1ja).<\/strong><\/p>\n<p>\u201eVojko\u201c sa k\u00a0\u0161estkov\u00e9mu volejbalu vr\u00e1til po desiatich rokoch. Tridsa\u0165triro\u010dn\u00fd sme\u010diar sa v\u00a0rozbehnutej sez\u00f3ne rozhodol pom\u00f4c\u0165 klubu, v\u00a0ktorom volejbalovo vyrastal. \u201eSitu\u00e1cia s koronav\u00edrusom mi priniesla do \u017eivota zauj\u00edmav\u00e9 veci. Jednou z nich bolo, \u017ee som sa po dlhej dobe vr\u00e1til k\u00a0volejbalu. Za norm\u00e1lnych okolnosti by som sa k nemu u\u017e ur\u010dite nevr\u00e1til. Skombinova\u0165 moju pr\u00e1cu a\u00a0\u0161port, kde sa pravidelne tr\u00e9nuje je ve\u013emi n\u00e1ro\u010dn\u00e9. Pravdepodobne absencia nieko\u013ek\u00fdch rokov zapr\u00ed\u010dinila, \u017ee som sa zranil a nemohol som by\u0165 viac n\u00e1pomocn\u00fd chalanom v\u00a0play-off extraligy,\u201c uviedol Tom\u00e1\u0161 Vojkovi\u010d, ktor\u00fd je u\u017e zdravotne v\u00a0poriadku.<\/p>\n<blockquote>\n<h6>\u0160anca dosta\u0165 sa do z\u00e1vere\u010dnej<\/h6>\n<h6>nomin\u00e1cie je 50 na 50.<\/h6>\n<p>&nbsp;<\/p><\/blockquote>\n<p>Po skon\u010den\u00ed halovej sez\u00f3ny u\u017e zarez\u00e1va na piesku, kde sa ocitol v\u00a0\u0161ir\u0161ej nomin\u00e1cii slovenskej reprezent\u00e1cie v\u00a0pl\u00e1\u017eovom volejbale. Pod veden\u00edm tr\u00e9nera Ondreja Hrubo\u0161ku a po boku \u010fal\u0161\u00edch siedmich beach volejbalistov sa pripravuje na Dra\u017ediaku alebo v\u00a0hale s\u00a0pieskom na Z\u0160 Batkova v\u00a0D\u00fabravke. \u201eV\u017edy trv\u00e1 p\u00e1r t\u00fd\u017ed\u0148ov, k\u00fdm sa \u010dlovek plnohodnotne adaptuje na piesok. S\u00fa to bolesti t\u00fdch p\u00e1r dni. Podmienky na tr\u00e9novanie s\u00fa pre koronav\u00edrus striktn\u00e9 a pr\u00edsne, ale pripravujeme sa v r\u00e1mci na\u0161ich mo\u017enost\u00ed. \u0160anca dosta\u0165 sa do z\u00e1vere\u010dnej nomin\u00e1cie je 50 na 50. Z osmi\u010dky p\u00f4jdu na turnaj \u0161tyria. Hlavne, aby sme boli v\u0161etci zdrav\u00ed. Je to v\u0161ak lot\u00e9ria, ke\u010f si predstav\u00edme, \u017ee tam proti n\u00e1m nast\u00fapia dvojice, ktor\u00e9 hraj\u00fa beach profesion\u00e1lne a bud\u00fa hra\u0165 o \u00fa\u010das\u0165 na olympi\u00e1de. V\u0161etci celoro\u010dne tr\u00e9nuj\u00fa. Nie s\u00fa to halov\u00ed hr\u00e1\u010di preroben\u00ed na beach volejbalistov. Aktu\u00e1lne takmer v\u0161etky dvojice, \u010do m\u00e1me v skupine s\u00fa v\u00a0mexickom Canc\u00fane na \u0161tvorhviezdi\u010dkovom turnaji. Budeme sa v\u0161ak sna\u017ei\u0165 nesklama\u0165 a d\u00f4stojne reprezentova\u0165 Slovensko,\u201c povedal Tom\u00e1\u0161 Vojkovi\u010d, ktor\u00fd v minulom roku spolo\u010dne s Andrejom Pat\u00facom ovl\u00e1dli beachvolejbalov\u00fd turnaj A-kateg\u00f3rie v Skalici.<\/p>\n<p><img loading=\"lazy\" decoding=\"async\" class=\"alignnone size-medium wp-image-5192\" src=\"https:\/\/www.vkpbratislava.sk\/wp-content\/uploads\/2021\/04\/WhatsApp-Image-2021-04-19-at-15.37.34-1-e1618840425353-640x489.jpeg\" alt=\"\" width=\"640\" height=\"489\" srcset=\"https:\/\/www.vkpbratislava.sk\/wp-content\/uploads\/2021\/04\/WhatsApp-Image-2021-04-19-at-15.37.34-1-e1618840425353-640x489.jpeg 640w, https:\/\/www.vkpbratislava.sk\/wp-content\/uploads\/2021\/04\/WhatsApp-Image-2021-04-19-at-15.37.34-1-e1618840425353-768x586.jpeg 768w, https:\/\/www.vkpbratislava.sk\/wp-content\/uploads\/2021\/04\/WhatsApp-Image-2021-04-19-at-15.37.34-1-e1618840425353-320x244.jpeg 320w, https:\/\/www.vkpbratislava.sk\/wp-content\/uploads\/2021\/04\/WhatsApp-Image-2021-04-19-at-15.37.34-1-e1618840425353-600x458.jpeg 600w, https:\/\/www.vkpbratislava.sk\/wp-content\/uploads\/2021\/04\/WhatsApp-Image-2021-04-19-at-15.37.34-1-e1618840425353.jpeg 1200w\" sizes=\"auto, (max-width: 640px) 100vw, 640px\" \/><\/p>\n<p>miba, foto: arch\u00edv, Michal \u0160p\u00e1nik<\/p>\n<p>&nbsp;<\/p>\n<p>&nbsp;<\/p>\n<p>&nbsp;<\/p>\n","protected":false},"excerpt":{"rendered":"<p>Halu za piesok vymenil aj hr\u00e1\u010d VKP Bratislava Tom\u00e1\u0161 Vojkovi\u010d. Ocitol sa v\u00a0\u0161ir\u0161ej nomin\u00e1cii na Eur\u00f3psky Kontinent\u00e1lny poh\u00e1r v pl\u00e1\u017eovom volejbale mu\u017eov, ktor\u00fd sa uskuto\u010dn\u00ed v rak\u00faskom Badene (6. &#8211; 9. m\u00e1ja).<\/p>\n","protected":false},"author":3,"featured_media":3885,"comment_status":"closed","ping_status":"open","sticky":false,"template":"","format":"standard","meta":{"_monsterinsights_skip_tracking":false,"_monsterinsights_sitenote_active":false,"_monsterinsights_sitenote_note":"","_monsterinsights_sitenote_category":0,"footnotes":""},"categories":[47],"tags":[],"class_list":["post-5194","post","type-post","status-publish","format-standard","has-post-thumbnail","hentry","category-muzi"],"yoast_head":"<!-- This site is optimized with the Yoast SEO plugin v25.6 - https:\/\/yoast.com\/wordpress\/plugins\/seo\/ -->\n<title>Tom\u00e1\u0161 Vojkovi\u010d v\u00a0hre o\u00a0Kontinent\u00e1lny poh\u00e1r v\u00a0beachi - VK SLOVAN Bratislava<\/title>\n<meta name=\"description\" content=\"Halu za piesok vymenil aj hr\u00e1\u010d VKP Bratislava Tom\u00e1\u0161 Vojkovi\u010d. Ocitol sa v\u00a0\u0161ir\u0161ej nomin\u00e1cii na Eur\u00f3psky Kontinent\u00e1lny poh\u00e1r v pl\u00e1\u017eovom volejbale mu\u017eov, ktor\u00fd sa uskuto\u010dn\u00ed v rak\u00faskom Badene (6. - 9. m\u00e1ja).\" \/>\n<meta name=\"robots\" content=\"index, follow, max-snippet:-1, max-image-preview:large, max-video-preview:-1\" \/>\n<link rel=\"canonical\" href=\"https:\/\/www.vkpbratislava.sk\/?p=5194\" \/>\n<meta property=\"og:locale\" content=\"sk_SK\" \/>\n<meta property=\"og:type\" content=\"article\" \/>\n<meta property=\"og:title\" content=\"Tom\u00e1\u0161 Vojkovi\u010d v\u00a0hre o\u00a0Kontinent\u00e1lny poh\u00e1r v\u00a0beachi - VK SLOVAN Bratislava\" \/>\n<meta property=\"og:description\" content=\"Halu za piesok vymenil aj hr\u00e1\u010d VKP Bratislava Tom\u00e1\u0161 Vojkovi\u010d. Ocitol sa v\u00a0\u0161ir\u0161ej nomin\u00e1cii na Eur\u00f3psky Kontinent\u00e1lny poh\u00e1r v pl\u00e1\u017eovom volejbale mu\u017eov, ktor\u00fd sa uskuto\u010dn\u00ed v rak\u00faskom Badene (6. - 9. m\u00e1ja).\" \/>\n<meta property=\"og:url\" content=\"https:\/\/www.vkpbratislava.sk\/?p=5194\" \/>\n<meta property=\"og:site_name\" content=\"VK SLOVAN Bratislava\" \/>\n<meta property=\"article:published_time\" content=\"2021-04-20T05:00:39+00:00\" \/>\n<meta property=\"og:image\" content=\"https:\/\/www.vkpbratislava.sk\/wp-content\/uploads\/2021\/02\/DF1A2345-1280x853.jpg\" \/>\n\t<meta property=\"og:image:width\" content=\"1280\" \/>\n\t<meta property=\"og:image:height\" content=\"853\" \/>\n\t<meta property=\"og:image:type\" content=\"image\/jpeg\" \/>\n<meta name=\"author\" content=\"jenca\" \/>\n<meta name=\"twitter:card\" content=\"summary_large_image\" \/>\n<meta name=\"twitter:label1\" content=\"Autor\" \/>\n\t<meta name=\"twitter:data1\" content=\"jenca\" \/>\n\t<meta name=\"twitter:label2\" content=\"Predpokladan\u00fd \u010das \u010d\u00edtania\" \/>\n\t<meta name=\"twitter:data2\" content=\"2 min\u00faty\" \/>\n<script type=\"application\/ld+json\" class=\"yoast-schema-graph\">{\"@context\":\"https:\/\/schema.org\",\"@graph\":[{\"@type\":\"Article\",\"@id\":\"https:\/\/www.vkpbratislava.sk\/?p=5194#article\",\"isPartOf\":{\"@id\":\"https:\/\/www.vkpbratislava.sk\/?p=5194\"},\"author\":{\"name\":\"jenca\",\"@id\":\"https:\/\/www.vkpbratislava.sk\/#\/schema\/person\/7037e769f9515aa58493d1b5852c4c50\"},\"headline\":\"Tom\u00e1\u0161 Vojkovi\u010d v\u00a0hre o\u00a0Kontinent\u00e1lny poh\u00e1r v\u00a0beachi\",\"datePublished\":\"2021-04-20T05:00:39+00:00\",\"mainEntityOfPage\":{\"@id\":\"https:\/\/www.vkpbratislava.sk\/?p=5194\"},\"wordCount\":422,\"publisher\":{\"@id\":\"https:\/\/www.vkpbratislava.sk\/#organization\"},\"image\":{\"@id\":\"https:\/\/www.vkpbratislava.sk\/?p=5194#primaryimage\"},\"thumbnailUrl\":\"https:\/\/www.vkpbratislava.sk\/wp-content\/uploads\/2021\/02\/DF1A2345.jpg\",\"articleSection\":[\"Mu\u017ei\"],\"inLanguage\":\"sk-SK\"},{\"@type\":\"WebPage\",\"@id\":\"https:\/\/www.vkpbratislava.sk\/?p=5194\",\"url\":\"https:\/\/www.vkpbratislava.sk\/?p=5194\",\"name\":\"Tom\u00e1\u0161 Vojkovi\u010d v\u00a0hre o\u00a0Kontinent\u00e1lny poh\u00e1r v\u00a0beachi - VK SLOVAN Bratislava\",\"isPartOf\":{\"@id\":\"https:\/\/www.vkpbratislava.sk\/#website\"},\"primaryImageOfPage\":{\"@id\":\"https:\/\/www.vkpbratislava.sk\/?p=5194#primaryimage\"},\"image\":{\"@id\":\"https:\/\/www.vkpbratislava.sk\/?p=5194#primaryimage\"},\"thumbnailUrl\":\"https:\/\/www.vkpbratislava.sk\/wp-content\/uploads\/2021\/02\/DF1A2345.jpg\",\"datePublished\":\"2021-04-20T05:00:39+00:00\",\"description\":\"Halu za piesok vymenil aj hr\u00e1\u010d VKP Bratislava Tom\u00e1\u0161 Vojkovi\u010d. Ocitol sa v\u00a0\u0161ir\u0161ej nomin\u00e1cii na Eur\u00f3psky Kontinent\u00e1lny poh\u00e1r v pl\u00e1\u017eovom volejbale mu\u017eov, ktor\u00fd sa uskuto\u010dn\u00ed v rak\u00faskom Badene (6. - 9. m\u00e1ja).\",\"breadcrumb\":{\"@id\":\"https:\/\/www.vkpbratislava.sk\/?p=5194#breadcrumb\"},\"inLanguage\":\"sk-SK\",\"potentialAction\":[{\"@type\":\"ReadAction\",\"target\":[\"https:\/\/www.vkpbratislava.sk\/?p=5194\"]}]},{\"@type\":\"ImageObject\",\"inLanguage\":\"sk-SK\",\"@id\":\"https:\/\/www.vkpbratislava.sk\/?p=5194#primaryimage\",\"url\":\"https:\/\/www.vkpbratislava.sk\/wp-content\/uploads\/2021\/02\/DF1A2345.jpg\",\"contentUrl\":\"https:\/\/www.vkpbratislava.sk\/wp-content\/uploads\/2021\/02\/DF1A2345.jpg\",\"width\":2048,\"height\":1365},{\"@type\":\"BreadcrumbList\",\"@id\":\"https:\/\/www.vkpbratislava.sk\/?p=5194#breadcrumb\",\"itemListElement\":[{\"@type\":\"ListItem\",\"position\":1,\"name\":\"Domov\",\"item\":\"https:\/\/www.vkpbratislava.sk\/\"},{\"@type\":\"ListItem\",\"position\":2,\"name\":\"Tom\u00e1\u0161 Vojkovi\u010d v\u00a0hre o\u00a0Kontinent\u00e1lny poh\u00e1r v\u00a0beachi\"}]},{\"@type\":\"WebSite\",\"@id\":\"https:\/\/www.vkpbratislava.sk\/#website\",\"url\":\"https:\/\/www.vkpbratislava.sk\/\",\"name\":\"VK SLOVAN Bratislava\",\"description\":\"Volejbalov\u00fd klub\",\"publisher\":{\"@id\":\"https:\/\/www.vkpbratislava.sk\/#organization\"},\"potentialAction\":[{\"@type\":\"SearchAction\",\"target\":{\"@type\":\"EntryPoint\",\"urlTemplate\":\"https:\/\/www.vkpbratislava.sk\/?s={search_term_string}\"},\"query-input\":{\"@type\":\"PropertyValueSpecification\",\"valueRequired\":true,\"valueName\":\"search_term_string\"}}],\"inLanguage\":\"sk-SK\"},{\"@type\":\"Organization\",\"@id\":\"https:\/\/www.vkpbratislava.sk\/#organization\",\"name\":\"VKP Bratislava\",\"url\":\"https:\/\/www.vkpbratislava.sk\/\",\"logo\":{\"@type\":\"ImageObject\",\"inLanguage\":\"sk-SK\",\"@id\":\"https:\/\/www.vkpbratislava.sk\/#\/schema\/logo\/image\/\",\"url\":\"https:\/\/www.vkpbratislava.sk\/wp-content\/uploads\/2020\/10\/vkpBA.png\",\"contentUrl\":\"https:\/\/www.vkpbratislava.sk\/wp-content\/uploads\/2020\/10\/vkpBA.png\",\"width\":600,\"height\":600,\"caption\":\"VKP Bratislava\"},\"image\":{\"@id\":\"https:\/\/www.vkpbratislava.sk\/#\/schema\/logo\/image\/\"}},{\"@type\":\"Person\",\"@id\":\"https:\/\/www.vkpbratislava.sk\/#\/schema\/person\/7037e769f9515aa58493d1b5852c4c50\",\"name\":\"jenca\",\"image\":{\"@type\":\"ImageObject\",\"inLanguage\":\"sk-SK\",\"@id\":\"https:\/\/www.vkpbratislava.sk\/#\/schema\/person\/image\/\",\"url\":\"https:\/\/secure.gravatar.com\/avatar\/67aa89e9aab2911bbd0c6fbf0a891ea8d80c207c9b6a6e2c96e13fc2f16e536d?s=96&d=mm&r=g\",\"contentUrl\":\"https:\/\/secure.gravatar.com\/avatar\/67aa89e9aab2911bbd0c6fbf0a891ea8d80c207c9b6a6e2c96e13fc2f16e536d?s=96&d=mm&r=g\",\"caption\":\"jenca\"},\"url\":\"https:\/\/www.vkpbratislava.sk\/?author=3\"}]}<\/script>\n<!-- \/ Yoast SEO plugin. -->","yoast_head_json":{"title":"Tom\u00e1\u0161 Vojkovi\u010d v\u00a0hre o\u00a0Kontinent\u00e1lny poh\u00e1r v\u00a0beachi - VK SLOVAN Bratislava","description":"Halu za piesok vymenil aj hr\u00e1\u010d VKP Bratislava Tom\u00e1\u0161 Vojkovi\u010d. Ocitol sa v\u00a0\u0161ir\u0161ej nomin\u00e1cii na Eur\u00f3psky Kontinent\u00e1lny poh\u00e1r v pl\u00e1\u017eovom volejbale mu\u017eov, ktor\u00fd sa uskuto\u010dn\u00ed v rak\u00faskom Badene (6. - 9. m\u00e1ja).","robots":{"index":"index","follow":"follow","max-snippet":"max-snippet:-1","max-image-preview":"max-image-preview:large","max-video-preview":"max-video-preview:-1"},"canonical":"https:\/\/www.vkpbratislava.sk\/?p=5194","og_locale":"sk_SK","og_type":"article","og_title":"Tom\u00e1\u0161 Vojkovi\u010d v\u00a0hre o\u00a0Kontinent\u00e1lny poh\u00e1r v\u00a0beachi - VK SLOVAN Bratislava","og_description":"Halu za piesok vymenil aj hr\u00e1\u010d VKP Bratislava Tom\u00e1\u0161 Vojkovi\u010d. Ocitol sa v\u00a0\u0161ir\u0161ej nomin\u00e1cii na Eur\u00f3psky Kontinent\u00e1lny poh\u00e1r v pl\u00e1\u017eovom volejbale mu\u017eov, ktor\u00fd sa uskuto\u010dn\u00ed v rak\u00faskom Badene (6. - 9. m\u00e1ja).","og_url":"https:\/\/www.vkpbratislava.sk\/?p=5194","og_site_name":"VK SLOVAN Bratislava","article_published_time":"2021-04-20T05:00:39+00:00","og_image":[{"width":1280,"height":853,"url":"https:\/\/www.vkpbratislava.sk\/wp-content\/uploads\/2021\/02\/DF1A2345-1280x853.jpg","type":"image\/jpeg"}],"author":"jenca","twitter_card":"summary_large_image","twitter_misc":{"Autor":"jenca","Predpokladan\u00fd \u010das \u010d\u00edtania":"2 min\u00faty"},"schema":{"@context":"https:\/\/schema.org","@graph":[{"@type":"Article","@id":"https:\/\/www.vkpbratislava.sk\/?p=5194#article","isPartOf":{"@id":"https:\/\/www.vkpbratislava.sk\/?p=5194"},"author":{"name":"jenca","@id":"https:\/\/www.vkpbratislava.sk\/#\/schema\/person\/7037e769f9515aa58493d1b5852c4c50"},"headline":"Tom\u00e1\u0161 Vojkovi\u010d v\u00a0hre o\u00a0Kontinent\u00e1lny poh\u00e1r v\u00a0beachi","datePublished":"2021-04-20T05:00:39+00:00","mainEntityOfPage":{"@id":"https:\/\/www.vkpbratislava.sk\/?p=5194"},"wordCount":422,"publisher":{"@id":"https:\/\/www.vkpbratislava.sk\/#organization"},"image":{"@id":"https:\/\/www.vkpbratislava.sk\/?p=5194#primaryimage"},"thumbnailUrl":"https:\/\/www.vkpbratislava.sk\/wp-content\/uploads\/2021\/02\/DF1A2345.jpg","articleSection":["Mu\u017ei"],"inLanguage":"sk-SK"},{"@type":"WebPage","@id":"https:\/\/www.vkpbratislava.sk\/?p=5194","url":"https:\/\/www.vkpbratislava.sk\/?p=5194","name":"Tom\u00e1\u0161 Vojkovi\u010d v\u00a0hre o\u00a0Kontinent\u00e1lny poh\u00e1r v\u00a0beachi - VK SLOVAN Bratislava","isPartOf":{"@id":"https:\/\/www.vkpbratislava.sk\/#website"},"primaryImageOfPage":{"@id":"https:\/\/www.vkpbratislava.sk\/?p=5194#primaryimage"},"image":{"@id":"https:\/\/www.vkpbratislava.sk\/?p=5194#primaryimage"},"thumbnailUrl":"https:\/\/www.vkpbratislava.sk\/wp-content\/uploads\/2021\/02\/DF1A2345.jpg","datePublished":"2021-04-20T05:00:39+00:00","description":"Halu za piesok vymenil aj hr\u00e1\u010d VKP Bratislava Tom\u00e1\u0161 Vojkovi\u010d. Ocitol sa v\u00a0\u0161ir\u0161ej nomin\u00e1cii na Eur\u00f3psky Kontinent\u00e1lny poh\u00e1r v pl\u00e1\u017eovom volejbale mu\u017eov, ktor\u00fd sa uskuto\u010dn\u00ed v rak\u00faskom Badene (6. - 9. m\u00e1ja).","breadcrumb":{"@id":"https:\/\/www.vkpbratislava.sk\/?p=5194#breadcrumb"},"inLanguage":"sk-SK","potentialAction":[{"@type":"ReadAction","target":["https:\/\/www.vkpbratislava.sk\/?p=5194"]}]},{"@type":"ImageObject","inLanguage":"sk-SK","@id":"https:\/\/www.vkpbratislava.sk\/?p=5194#primaryimage","url":"https:\/\/www.vkpbratislava.sk\/wp-content\/uploads\/2021\/02\/DF1A2345.jpg","contentUrl":"https:\/\/www.vkpbratislava.sk\/wp-content\/uploads\/2021\/02\/DF1A2345.jpg","width":2048,"height":1365},{"@type":"BreadcrumbList","@id":"https:\/\/www.vkpbratislava.sk\/?p=5194#breadcrumb","itemListElement":[{"@type":"ListItem","position":1,"name":"Domov","item":"https:\/\/www.vkpbratislava.sk\/"},{"@type":"ListItem","position":2,"name":"Tom\u00e1\u0161 Vojkovi\u010d v\u00a0hre o\u00a0Kontinent\u00e1lny poh\u00e1r v\u00a0beachi"}]},{"@type":"WebSite","@id":"https:\/\/www.vkpbratislava.sk\/#website","url":"https:\/\/www.vkpbratislava.sk\/","name":"VK SLOVAN Bratislava","description":"Volejbalov\u00fd klub","publisher":{"@id":"https:\/\/www.vkpbratislava.sk\/#organization"},"potentialAction":[{"@type":"SearchAction","target":{"@type":"EntryPoint","urlTemplate":"https:\/\/www.vkpbratislava.sk\/?s={search_term_string}"},"query-input":{"@type":"PropertyValueSpecification","valueRequired":true,"valueName":"search_term_string"}}],"inLanguage":"sk-SK"},{"@type":"Organization","@id":"https:\/\/www.vkpbratislava.sk\/#organization","name":"VKP Bratislava","url":"https:\/\/www.vkpbratislava.sk\/","logo":{"@type":"ImageObject","inLanguage":"sk-SK","@id":"https:\/\/www.vkpbratislava.sk\/#\/schema\/logo\/image\/","url":"https:\/\/www.vkpbratislava.sk\/wp-content\/uploads\/2020\/10\/vkpBA.png","contentUrl":"https:\/\/www.vkpbratislava.sk\/wp-content\/uploads\/2020\/10\/vkpBA.png","width":600,"height":600,"caption":"VKP Bratislava"},"image":{"@id":"https:\/\/www.vkpbratislava.sk\/#\/schema\/logo\/image\/"}},{"@type":"Person","@id":"https:\/\/www.vkpbratislava.sk\/#\/schema\/person\/7037e769f9515aa58493d1b5852c4c50","name":"jenca","image":{"@type":"ImageObject","inLanguage":"sk-SK","@id":"https:\/\/www.vkpbratislava.sk\/#\/schema\/person\/image\/","url":"https:\/\/secure.gravatar.com\/avatar\/67aa89e9aab2911bbd0c6fbf0a891ea8d80c207c9b6a6e2c96e13fc2f16e536d?s=96&d=mm&r=g","contentUrl":"https:\/\/secure.gravatar.com\/avatar\/67aa89e9aab2911bbd0c6fbf0a891ea8d80c207c9b6a6e2c96e13fc2f16e536d?s=96&d=mm&r=g","caption":"jenca"},"url":"https:\/\/www.vkpbratislava.sk\/?author=3"}]}},"_links":{"self":[{"href":"https:\/\/www.vkpbratislava.sk\/index.php?rest_route=\/wp\/v2\/posts\/5194","targetHints":{"allow":["GET"]}}],"collection":[{"href":"https:\/\/www.vkpbratislava.sk\/index.php?rest_route=\/wp\/v2\/posts"}],"about":[{"href":"https:\/\/www.vkpbratislava.sk\/index.php?rest_route=\/wp\/v2\/types\/post"}],"author":[{"embeddable":true,"href":"https:\/\/www.vkpbratislava.sk\/index.php?rest_route=\/wp\/v2\/users\/3"}],"replies":[{"embeddable":true,"href":"https:\/\/www.vkpbratislava.sk\/index.php?rest_route=%2Fwp%2Fv2%2Fcomments&post=5194"}],"version-history":[{"count":5,"href":"https:\/\/www.vkpbratislava.sk\/index.php?rest_route=\/wp\/v2\/posts\/5194\/revisions"}],"predecessor-version":[{"id":5199,"href":"https:\/\/www.vkpbratislava.sk\/index.php?rest_route=\/wp\/v2\/posts\/5194\/revisions\/5199"}],"wp:featuredmedia":[{"embeddable":true,"href":"https:\/\/www.vkpbratislava.sk\/index.php?rest_route=\/wp\/v2\/media\/3885"}],"wp:attachment":[{"href":"https:\/\/www.vkpbratislava.sk\/index.php?rest_route=%2Fwp%2Fv2%2Fmedia&parent=5194"}],"wp:term":[{"taxonomy":"category","embeddable":true,"href":"https:\/\/www.vkpbratislava.sk\/index.php?rest_route=%2Fwp%2Fv2%2Fcategories&post=5194"},{"taxonomy":"post_tag","embeddable":true,"href":"https:\/\/www.vkpbratislava.sk\/index.php?rest_route=%2Fwp%2Fv2%2Ftags&post=5194"}],"curies":[{"name":"wp","href":"https:\/\/api.w.org\/{rel}","templated":true}]}}