{"id":52030,"date":"2026-03-09T18:37:23","date_gmt":"2026-03-09T17:37:23","guid":{"rendered":"https:\/\/www.vkpbratislava.sk\/?p=52030"},"modified":"2026-03-09T18:41:55","modified_gmt":"2026-03-09T17:41:55","slug":"po-aalste-rychla-reakcia-trnava-v-bratislave-nestacila","status":"publish","type":"post","link":"https:\/\/www.vkpbratislava.sk\/?p=52030","title":{"rendered":"Po Aalste r\u00fdchla reakcia, Trnava v Bratislave nesta\u010dila"},"content":{"rendered":"<p>Po n\u00e1ro\u010dnom eur\u00f3pskom semifin\u00e1le proti belgick\u00e9mu Aalstu sa volejbalisti VK Slovan Bratislava r\u00fdchlo vr\u00e1tili na extraligov\u00fa sc\u00e9nu vo ve\u013ekom \u0161t\u00fdle. Belas\u00ed pred dom\u00e1cim publikom potvrdili svoju kvalitu a Trnavu zdolali jasne 3:0, \u010d\u00edm si po stredaj\u0161ej p\u00e4\u0165setovej dr\u00e1me napravili chu\u0165 presved\u010div\u00fdm v\u00ed\u0165azstvom.<\/p>\n<p>S\u00faper pricestoval do Bratislavy povzbuden\u00fd ziskom svojho prv\u00e9ho bodu v sez\u00f3ne proti Svidn\u00edku, no na rozbehnut\u00fd Slovan to nesta\u010dilo. Dom\u00e1ci mali duel od za\u010diatku pod kontrolou a v 17. kole Nik\u00e9 Extraligy mu\u017eov triumfovali po setoch -19, 18 a 18.<\/p>\n<p>&nbsp;<\/p>\n<p>K\u00a0z\u00e1pasu sa vyjadril Robin P\u011blucha, tr\u00e9ner VK Slovan: <strong>\u201ePovinn\u00e9 v\u00ed\u0165azstvo. Zo za\u010diatku sa rodilo hor\u0161ie, preto\u017ee sme neboli tak\u00ed koncentrovan\u00ed ako som si predstavoval. V priebehu setu u\u017e to bolo z na\u0161ej strany jednozna\u010dn\u00e9. Som r\u00e1d, \u017ee sme vyhrali, nezranili sa a te\u0161\u00edme sa do Belgicka.\u201c<\/strong><\/p>\n<p><strong>\u201eProti takto kvalitn\u00e9mu s\u00faperovi jednozna\u010dne zaost\u00e1vame na servise a prihr\u00e1vke. Niektor\u00e9 pas\u00e1\u017ee sa n\u00e1m podarilo odohra\u0165 na dobrej \u00farovni. Mus\u00edme popracova\u0165 na stabilite,\u201c<\/strong> dodal Rastislav Fil\u00edpek, tr\u00e9ner Hit MTF.<\/p>\n<p>&nbsp;<\/p>\n<p>&nbsp;<\/p>\n<p><img loading=\"lazy\" decoding=\"async\" class=\"alignnone size-full wp-image-52031\" src=\"https:\/\/www.vkpbratislava.sk\/wp-content\/uploads\/2026\/03\/IMG-20260307-WA0001.jpg\" alt=\"\" width=\"1536\" height=\"2048\" srcset=\"https:\/\/www.vkpbratislava.sk\/wp-content\/uploads\/2026\/03\/IMG-20260307-WA0001.jpg 1536w, https:\/\/www.vkpbratislava.sk\/wp-content\/uploads\/2026\/03\/IMG-20260307-WA0001-640x853.jpg 640w, https:\/\/www.vkpbratislava.sk\/wp-content\/uploads\/2026\/03\/IMG-20260307-WA0001-1280x1707.jpg 1280w, https:\/\/www.vkpbratislava.sk\/wp-content\/uploads\/2026\/03\/IMG-20260307-WA0001-768x1024.jpg 768w, https:\/\/www.vkpbratislava.sk\/wp-content\/uploads\/2026\/03\/IMG-20260307-WA0001-1152x1536.jpg 1152w, https:\/\/www.vkpbratislava.sk\/wp-content\/uploads\/2026\/03\/IMG-20260307-WA0001-320x427.jpg 320w, https:\/\/www.vkpbratislava.sk\/wp-content\/uploads\/2026\/03\/IMG-20260307-WA0001-600x800.jpg 600w\" sizes=\"auto, (max-width: 1536px) 100vw, 1536px\" \/><\/p>\n<p>&nbsp;<\/p>\n<p><strong>Nik\u00e9 Extraliga mu\u017eov \u2013\u00a0z\u00e1kladn\u00e1 \u010das\u0165 &#8211; 17. kolo \u2013\u00a0sobota:<\/strong><\/p>\n<p><strong>VK Slovan Bratislava &#8211; Hit MTF Trnava 3:0 (19, 18, 18)<\/strong><\/p>\n<p><strong>Hr\u00e1\u010d z\u00e1pasu:<\/strong> Patrik Marjov (VK Slovan Bratislava)<\/p>\n<p><strong>VK SLOVAN:<\/strong> \u0160abo 7, Marjov 9, Mlynar\u010d\u00edk 14, Fo\u0159t 7, \u0160ellong 8, Belas 3, liberovia Pat\u00fac a Jakub\u00edk (V\u00edglask\u00fd 3, Za\u0165ko 0). Tr\u00e9ner: R. P\u011blucha.<\/p>\n<p><strong>HIT MTF:<\/strong> Barbas 0, Ne\u0161tick\u00fd 10, T\u00f6k\u00f6ly 6, Galba 9, Fekete 8, D. Str\u00ed\u017e 8, libero Vass (Michalec 0, Kintler 0, Ni\u017e\u0148an 0). Tr\u00e9ner: R. Fil\u00edpek.<\/p>\n<p><strong>Rozhodovali:<\/strong> Viktor\u00edni-Lis\u00e1 a Svoren\u010d\u00edk \u2013 100 div\u00e1kov.<\/p>\n<p>&nbsp;<\/p>\n<p>Zdroj: VK Slovan, svf<\/p>\n<p>&nbsp;<\/p>\n<p>&nbsp;<\/p>\n<p>&nbsp;<\/p>\n","protected":false},"excerpt":{"rendered":"<p>Po n\u00e1ro\u010dnom eur\u00f3pskom semifin\u00e1le proti belgick\u00e9mu Aalstu sa volejbalisti VK Slovan Bratislava r\u00fdchlo vr\u00e1tili na extraligov\u00fa sc\u00e9nu vo ve\u013ekom \u0161t\u00fdle. Belas\u00ed pred dom\u00e1cim publikom potvrdili svoju kvalitu a Trnavu zdolali jasne 3:0, \u010d\u00edm si po stredaj\u0161ej p\u00e4\u0165setovej dr\u00e1me napravili chu\u0165 presved\u010div\u00fdm v\u00ed\u0165azstvom. S\u00faper pricestoval do Bratislavy povzbuden\u00fd ziskom svojho prv\u00e9ho bodu v sez\u00f3ne proti Svidn\u00edku,&#8230;<\/p>\n","protected":false},"author":3,"featured_media":51789,"comment_status":"closed","ping_status":"closed","sticky":false,"template":"","format":"standard","meta":{"_monsterinsights_skip_tracking":false,"_monsterinsights_sitenote_active":false,"_monsterinsights_sitenote_note":"","_monsterinsights_sitenote_category":0,"footnotes":""},"categories":[47],"tags":[],"class_list":["post-52030","post","type-post","status-publish","format-standard","has-post-thumbnail","hentry","category-muzi"],"yoast_head":"<!-- This site is optimized with the Yoast SEO plugin v25.6 - https:\/\/yoast.com\/wordpress\/plugins\/seo\/ -->\n<title>Po Aalste r\u00fdchla reakcia, Trnava v Bratislave nesta\u010dila - VK SLOVAN Bratislava<\/title>\n<meta name=\"robots\" content=\"index, follow, max-snippet:-1, max-image-preview:large, max-video-preview:-1\" \/>\n<link rel=\"canonical\" href=\"https:\/\/www.vkpbratislava.sk\/?p=52030\" \/>\n<meta property=\"og:locale\" content=\"sk_SK\" \/>\n<meta property=\"og:type\" content=\"article\" \/>\n<meta property=\"og:title\" content=\"Po Aalste r\u00fdchla reakcia, Trnava v Bratislave nesta\u010dila - VK SLOVAN Bratislava\" \/>\n<meta property=\"og:description\" content=\"Po n\u00e1ro\u010dnom eur\u00f3pskom semifin\u00e1le proti belgick\u00e9mu Aalstu sa volejbalisti VK Slovan Bratislava r\u00fdchlo vr\u00e1tili na extraligov\u00fa sc\u00e9nu vo ve\u013ekom \u0161t\u00fdle. Belas\u00ed pred dom\u00e1cim publikom potvrdili svoju kvalitu a Trnavu zdolali jasne 3:0, \u010d\u00edm si po stredaj\u0161ej p\u00e4\u0165setovej dr\u00e1me napravili chu\u0165 presved\u010div\u00fdm v\u00ed\u0165azstvom. S\u00faper pricestoval do Bratislavy povzbuden\u00fd ziskom svojho prv\u00e9ho bodu v sez\u00f3ne proti Svidn\u00edku,...\" \/>\n<meta property=\"og:url\" content=\"https:\/\/www.vkpbratislava.sk\/?p=52030\" \/>\n<meta property=\"og:site_name\" content=\"VK SLOVAN Bratislava\" \/>\n<meta property=\"article:published_time\" content=\"2026-03-09T17:37:23+00:00\" \/>\n<meta property=\"article:modified_time\" content=\"2026-03-09T17:41:55+00:00\" \/>\n<meta property=\"og:image\" content=\"https:\/\/www.vkpbratislava.sk\/wp-content\/uploads\/2026\/03\/MS_20260307_ELSlovanvsTrnava-72-1280x853.jpg\" \/>\n\t<meta property=\"og:image:width\" content=\"1280\" \/>\n\t<meta property=\"og:image:height\" content=\"853\" \/>\n\t<meta property=\"og:image:type\" content=\"image\/jpeg\" \/>\n<meta name=\"author\" content=\"jenca\" \/>\n<meta name=\"twitter:card\" content=\"summary_large_image\" \/>\n<meta name=\"twitter:label1\" content=\"Autor\" \/>\n\t<meta name=\"twitter:data1\" content=\"jenca\" \/>\n\t<meta name=\"twitter:label2\" content=\"Predpokladan\u00fd \u010das \u010d\u00edtania\" \/>\n\t<meta name=\"twitter:data2\" content=\"2 min\u00faty\" \/>\n<script type=\"application\/ld+json\" class=\"yoast-schema-graph\">{\"@context\":\"https:\/\/schema.org\",\"@graph\":[{\"@type\":\"Article\",\"@id\":\"https:\/\/www.vkpbratislava.sk\/?p=52030#article\",\"isPartOf\":{\"@id\":\"https:\/\/www.vkpbratislava.sk\/?p=52030\"},\"author\":{\"name\":\"jenca\",\"@id\":\"https:\/\/www.vkpbratislava.sk\/#\/schema\/person\/7037e769f9515aa58493d1b5852c4c50\"},\"headline\":\"Po Aalste r\u00fdchla reakcia, Trnava v Bratislave nesta\u010dila\",\"datePublished\":\"2026-03-09T17:37:23+00:00\",\"dateModified\":\"2026-03-09T17:41:55+00:00\",\"mainEntityOfPage\":{\"@id\":\"https:\/\/www.vkpbratislava.sk\/?p=52030\"},\"wordCount\":303,\"publisher\":{\"@id\":\"https:\/\/www.vkpbratislava.sk\/#organization\"},\"image\":{\"@id\":\"https:\/\/www.vkpbratislava.sk\/?p=52030#primaryimage\"},\"thumbnailUrl\":\"https:\/\/www.vkpbratislava.sk\/wp-content\/uploads\/2026\/03\/MS_20260307_ELSlovanvsTrnava-72.jpg\",\"articleSection\":[\"Mu\u017ei\"],\"inLanguage\":\"sk-SK\"},{\"@type\":\"WebPage\",\"@id\":\"https:\/\/www.vkpbratislava.sk\/?p=52030\",\"url\":\"https:\/\/www.vkpbratislava.sk\/?p=52030\",\"name\":\"Po Aalste r\u00fdchla reakcia, Trnava v Bratislave nesta\u010dila - VK SLOVAN Bratislava\",\"isPartOf\":{\"@id\":\"https:\/\/www.vkpbratislava.sk\/#website\"},\"primaryImageOfPage\":{\"@id\":\"https:\/\/www.vkpbratislava.sk\/?p=52030#primaryimage\"},\"image\":{\"@id\":\"https:\/\/www.vkpbratislava.sk\/?p=52030#primaryimage\"},\"thumbnailUrl\":\"https:\/\/www.vkpbratislava.sk\/wp-content\/uploads\/2026\/03\/MS_20260307_ELSlovanvsTrnava-72.jpg\",\"datePublished\":\"2026-03-09T17:37:23+00:00\",\"dateModified\":\"2026-03-09T17:41:55+00:00\",\"breadcrumb\":{\"@id\":\"https:\/\/www.vkpbratislava.sk\/?p=52030#breadcrumb\"},\"inLanguage\":\"sk-SK\",\"potentialAction\":[{\"@type\":\"ReadAction\",\"target\":[\"https:\/\/www.vkpbratislava.sk\/?p=52030\"]}]},{\"@type\":\"ImageObject\",\"inLanguage\":\"sk-SK\",\"@id\":\"https:\/\/www.vkpbratislava.sk\/?p=52030#primaryimage\",\"url\":\"https:\/\/www.vkpbratislava.sk\/wp-content\/uploads\/2026\/03\/MS_20260307_ELSlovanvsTrnava-72.jpg\",\"contentUrl\":\"https:\/\/www.vkpbratislava.sk\/wp-content\/uploads\/2026\/03\/MS_20260307_ELSlovanvsTrnava-72.jpg\",\"width\":2048,\"height\":1365},{\"@type\":\"BreadcrumbList\",\"@id\":\"https:\/\/www.vkpbratislava.sk\/?p=52030#breadcrumb\",\"itemListElement\":[{\"@type\":\"ListItem\",\"position\":1,\"name\":\"Domov\",\"item\":\"https:\/\/www.vkpbratislava.sk\/\"},{\"@type\":\"ListItem\",\"position\":2,\"name\":\"Po Aalste r\u00fdchla reakcia, Trnava v Bratislave nesta\u010dila\"}]},{\"@type\":\"WebSite\",\"@id\":\"https:\/\/www.vkpbratislava.sk\/#website\",\"url\":\"https:\/\/www.vkpbratislava.sk\/\",\"name\":\"VK SLOVAN Bratislava\",\"description\":\"Volejbalov\u00fd klub\",\"publisher\":{\"@id\":\"https:\/\/www.vkpbratislava.sk\/#organization\"},\"potentialAction\":[{\"@type\":\"SearchAction\",\"target\":{\"@type\":\"EntryPoint\",\"urlTemplate\":\"https:\/\/www.vkpbratislava.sk\/?s={search_term_string}\"},\"query-input\":{\"@type\":\"PropertyValueSpecification\",\"valueRequired\":true,\"valueName\":\"search_term_string\"}}],\"inLanguage\":\"sk-SK\"},{\"@type\":\"Organization\",\"@id\":\"https:\/\/www.vkpbratislava.sk\/#organization\",\"name\":\"VKP Bratislava\",\"url\":\"https:\/\/www.vkpbratislava.sk\/\",\"logo\":{\"@type\":\"ImageObject\",\"inLanguage\":\"sk-SK\",\"@id\":\"https:\/\/www.vkpbratislava.sk\/#\/schema\/logo\/image\/\",\"url\":\"https:\/\/www.vkpbratislava.sk\/wp-content\/uploads\/2020\/10\/vkpBA.png\",\"contentUrl\":\"https:\/\/www.vkpbratislava.sk\/wp-content\/uploads\/2020\/10\/vkpBA.png\",\"width\":600,\"height\":600,\"caption\":\"VKP Bratislava\"},\"image\":{\"@id\":\"https:\/\/www.vkpbratislava.sk\/#\/schema\/logo\/image\/\"}},{\"@type\":\"Person\",\"@id\":\"https:\/\/www.vkpbratislava.sk\/#\/schema\/person\/7037e769f9515aa58493d1b5852c4c50\",\"name\":\"jenca\",\"image\":{\"@type\":\"ImageObject\",\"inLanguage\":\"sk-SK\",\"@id\":\"https:\/\/www.vkpbratislava.sk\/#\/schema\/person\/image\/\",\"url\":\"https:\/\/secure.gravatar.com\/avatar\/67aa89e9aab2911bbd0c6fbf0a891ea8d80c207c9b6a6e2c96e13fc2f16e536d?s=96&d=mm&r=g\",\"contentUrl\":\"https:\/\/secure.gravatar.com\/avatar\/67aa89e9aab2911bbd0c6fbf0a891ea8d80c207c9b6a6e2c96e13fc2f16e536d?s=96&d=mm&r=g\",\"caption\":\"jenca\"},\"url\":\"https:\/\/www.vkpbratislava.sk\/?author=3\"}]}<\/script>\n<!-- \/ Yoast SEO plugin. -->","yoast_head_json":{"title":"Po Aalste r\u00fdchla reakcia, Trnava v Bratislave nesta\u010dila - VK SLOVAN Bratislava","robots":{"index":"index","follow":"follow","max-snippet":"max-snippet:-1","max-image-preview":"max-image-preview:large","max-video-preview":"max-video-preview:-1"},"canonical":"https:\/\/www.vkpbratislava.sk\/?p=52030","og_locale":"sk_SK","og_type":"article","og_title":"Po Aalste r\u00fdchla reakcia, Trnava v Bratislave nesta\u010dila - VK SLOVAN Bratislava","og_description":"Po n\u00e1ro\u010dnom eur\u00f3pskom semifin\u00e1le proti belgick\u00e9mu Aalstu sa volejbalisti VK Slovan Bratislava r\u00fdchlo vr\u00e1tili na extraligov\u00fa sc\u00e9nu vo ve\u013ekom \u0161t\u00fdle. Belas\u00ed pred dom\u00e1cim publikom potvrdili svoju kvalitu a Trnavu zdolali jasne 3:0, \u010d\u00edm si po stredaj\u0161ej p\u00e4\u0165setovej dr\u00e1me napravili chu\u0165 presved\u010div\u00fdm v\u00ed\u0165azstvom. S\u00faper pricestoval do Bratislavy povzbuden\u00fd ziskom svojho prv\u00e9ho bodu v sez\u00f3ne proti Svidn\u00edku,...","og_url":"https:\/\/www.vkpbratislava.sk\/?p=52030","og_site_name":"VK SLOVAN Bratislava","article_published_time":"2026-03-09T17:37:23+00:00","article_modified_time":"2026-03-09T17:41:55+00:00","og_image":[{"width":1280,"height":853,"url":"https:\/\/www.vkpbratislava.sk\/wp-content\/uploads\/2026\/03\/MS_20260307_ELSlovanvsTrnava-72-1280x853.jpg","type":"image\/jpeg"}],"author":"jenca","twitter_card":"summary_large_image","twitter_misc":{"Autor":"jenca","Predpokladan\u00fd \u010das \u010d\u00edtania":"2 min\u00faty"},"schema":{"@context":"https:\/\/schema.org","@graph":[{"@type":"Article","@id":"https:\/\/www.vkpbratislava.sk\/?p=52030#article","isPartOf":{"@id":"https:\/\/www.vkpbratislava.sk\/?p=52030"},"author":{"name":"jenca","@id":"https:\/\/www.vkpbratislava.sk\/#\/schema\/person\/7037e769f9515aa58493d1b5852c4c50"},"headline":"Po Aalste r\u00fdchla reakcia, Trnava v Bratislave nesta\u010dila","datePublished":"2026-03-09T17:37:23+00:00","dateModified":"2026-03-09T17:41:55+00:00","mainEntityOfPage":{"@id":"https:\/\/www.vkpbratislava.sk\/?p=52030"},"wordCount":303,"publisher":{"@id":"https:\/\/www.vkpbratislava.sk\/#organization"},"image":{"@id":"https:\/\/www.vkpbratislava.sk\/?p=52030#primaryimage"},"thumbnailUrl":"https:\/\/www.vkpbratislava.sk\/wp-content\/uploads\/2026\/03\/MS_20260307_ELSlovanvsTrnava-72.jpg","articleSection":["Mu\u017ei"],"inLanguage":"sk-SK"},{"@type":"WebPage","@id":"https:\/\/www.vkpbratislava.sk\/?p=52030","url":"https:\/\/www.vkpbratislava.sk\/?p=52030","name":"Po Aalste r\u00fdchla reakcia, Trnava v Bratislave nesta\u010dila - VK SLOVAN Bratislava","isPartOf":{"@id":"https:\/\/www.vkpbratislava.sk\/#website"},"primaryImageOfPage":{"@id":"https:\/\/www.vkpbratislava.sk\/?p=52030#primaryimage"},"image":{"@id":"https:\/\/www.vkpbratislava.sk\/?p=52030#primaryimage"},"thumbnailUrl":"https:\/\/www.vkpbratislava.sk\/wp-content\/uploads\/2026\/03\/MS_20260307_ELSlovanvsTrnava-72.jpg","datePublished":"2026-03-09T17:37:23+00:00","dateModified":"2026-03-09T17:41:55+00:00","breadcrumb":{"@id":"https:\/\/www.vkpbratislava.sk\/?p=52030#breadcrumb"},"inLanguage":"sk-SK","potentialAction":[{"@type":"ReadAction","target":["https:\/\/www.vkpbratislava.sk\/?p=52030"]}]},{"@type":"ImageObject","inLanguage":"sk-SK","@id":"https:\/\/www.vkpbratislava.sk\/?p=52030#primaryimage","url":"https:\/\/www.vkpbratislava.sk\/wp-content\/uploads\/2026\/03\/MS_20260307_ELSlovanvsTrnava-72.jpg","contentUrl":"https:\/\/www.vkpbratislava.sk\/wp-content\/uploads\/2026\/03\/MS_20260307_ELSlovanvsTrnava-72.jpg","width":2048,"height":1365},{"@type":"BreadcrumbList","@id":"https:\/\/www.vkpbratislava.sk\/?p=52030#breadcrumb","itemListElement":[{"@type":"ListItem","position":1,"name":"Domov","item":"https:\/\/www.vkpbratislava.sk\/"},{"@type":"ListItem","position":2,"name":"Po Aalste r\u00fdchla reakcia, Trnava v Bratislave nesta\u010dila"}]},{"@type":"WebSite","@id":"https:\/\/www.vkpbratislava.sk\/#website","url":"https:\/\/www.vkpbratislava.sk\/","name":"VK SLOVAN Bratislava","description":"Volejbalov\u00fd klub","publisher":{"@id":"https:\/\/www.vkpbratislava.sk\/#organization"},"potentialAction":[{"@type":"SearchAction","target":{"@type":"EntryPoint","urlTemplate":"https:\/\/www.vkpbratislava.sk\/?s={search_term_string}"},"query-input":{"@type":"PropertyValueSpecification","valueRequired":true,"valueName":"search_term_string"}}],"inLanguage":"sk-SK"},{"@type":"Organization","@id":"https:\/\/www.vkpbratislava.sk\/#organization","name":"VKP Bratislava","url":"https:\/\/www.vkpbratislava.sk\/","logo":{"@type":"ImageObject","inLanguage":"sk-SK","@id":"https:\/\/www.vkpbratislava.sk\/#\/schema\/logo\/image\/","url":"https:\/\/www.vkpbratislava.sk\/wp-content\/uploads\/2020\/10\/vkpBA.png","contentUrl":"https:\/\/www.vkpbratislava.sk\/wp-content\/uploads\/2020\/10\/vkpBA.png","width":600,"height":600,"caption":"VKP Bratislava"},"image":{"@id":"https:\/\/www.vkpbratislava.sk\/#\/schema\/logo\/image\/"}},{"@type":"Person","@id":"https:\/\/www.vkpbratislava.sk\/#\/schema\/person\/7037e769f9515aa58493d1b5852c4c50","name":"jenca","image":{"@type":"ImageObject","inLanguage":"sk-SK","@id":"https:\/\/www.vkpbratislava.sk\/#\/schema\/person\/image\/","url":"https:\/\/secure.gravatar.com\/avatar\/67aa89e9aab2911bbd0c6fbf0a891ea8d80c207c9b6a6e2c96e13fc2f16e536d?s=96&d=mm&r=g","contentUrl":"https:\/\/secure.gravatar.com\/avatar\/67aa89e9aab2911bbd0c6fbf0a891ea8d80c207c9b6a6e2c96e13fc2f16e536d?s=96&d=mm&r=g","caption":"jenca"},"url":"https:\/\/www.vkpbratislava.sk\/?author=3"}]}},"_links":{"self":[{"href":"https:\/\/www.vkpbratislava.sk\/index.php?rest_route=\/wp\/v2\/posts\/52030","targetHints":{"allow":["GET"]}}],"collection":[{"href":"https:\/\/www.vkpbratislava.sk\/index.php?rest_route=\/wp\/v2\/posts"}],"about":[{"href":"https:\/\/www.vkpbratislava.sk\/index.php?rest_route=\/wp\/v2\/types\/post"}],"author":[{"embeddable":true,"href":"https:\/\/www.vkpbratislava.sk\/index.php?rest_route=\/wp\/v2\/users\/3"}],"replies":[{"embeddable":true,"href":"https:\/\/www.vkpbratislava.sk\/index.php?rest_route=%2Fwp%2Fv2%2Fcomments&post=52030"}],"version-history":[{"count":2,"href":"https:\/\/www.vkpbratislava.sk\/index.php?rest_route=\/wp\/v2\/posts\/52030\/revisions"}],"predecessor-version":[{"id":52036,"href":"https:\/\/www.vkpbratislava.sk\/index.php?rest_route=\/wp\/v2\/posts\/52030\/revisions\/52036"}],"wp:featuredmedia":[{"embeddable":true,"href":"https:\/\/www.vkpbratislava.sk\/index.php?rest_route=\/wp\/v2\/media\/51789"}],"wp:attachment":[{"href":"https:\/\/www.vkpbratislava.sk\/index.php?rest_route=%2Fwp%2Fv2%2Fmedia&parent=52030"}],"wp:term":[{"taxonomy":"category","embeddable":true,"href":"https:\/\/www.vkpbratislava.sk\/index.php?rest_route=%2Fwp%2Fv2%2Fcategories&post=52030"},{"taxonomy":"post_tag","embeddable":true,"href":"https:\/\/www.vkpbratislava.sk\/index.php?rest_route=%2Fwp%2Fv2%2Ftags&post=52030"}],"curies":[{"name":"wp","href":"https:\/\/api.w.org\/{rel}","templated":true}]}}