{"id":52043,"date":"2026-03-14T20:58:41","date_gmt":"2026-03-14T19:58:41","guid":{"rendered":"https:\/\/www.vkpbratislava.sk\/?p=52043"},"modified":"2026-03-14T20:58:41","modified_gmt":"2026-03-14T19:58:41","slug":"slovan-siahal-na-finale-europu-konci-medzi-troma-najlepsimi","status":"publish","type":"post","link":"https:\/\/www.vkpbratislava.sk\/?p=52043","title":{"rendered":"Slovan siahal na fin\u00e1le, Eur\u00f3pu kon\u010d\u00ed medzi troma najlep\u0161\u00edmi"},"content":{"rendered":"<p><strong>Volejbalisti VK Slovan Bratislava boli v semifin\u00e1lovej odvete Challenge Cupu proti belgick\u00e9mu Lindemansu Aalst ve\u013emi bl\u00edzko k historick\u00e9mu postupu. V rozhoduj\u00facom tajbrejku viedli 13:12, no ani tentoraz sa im nepodarilo dotiahnu\u0165 duel do v\u00ed\u0165azn\u00e9ho konca a vybojova\u0165 si miestenku vo fin\u00e1le tretej najprest\u00ed\u017enej\u0161ej eur\u00f3pskej poh\u00e1rovej s\u00fa\u0165a\u017ee. Po prehre 2:3 sa ich cesta v Challenge Cupe skon\u010dila.<\/strong><\/p>\n<p>&nbsp;<\/p>\n<h6>Prv\u00fd \u00fader dom\u00e1cich<\/h6>\n<p>&nbsp;<\/p>\n<p>\u00davod stretnutia priniesol mimoriadne vyrovnan\u00fd priebeh a tvrd\u00fd boj o ka\u017ed\u00fa loptu. Prv\u00fd v\u00fdraznej\u0161\u00ed moment pri\u0161iel po ese Mlynar\u010d\u00edka, po ktorom sa Slovan dostal do vedenia 5:3. Ke\u010f n\u00e1sledne Rempel za\u00fato\u010dil do autu, belas\u00ed si vypracovali trojbodov\u00fd n\u00e1skok 10:7. Dom\u00e1ci v\u0161ak dok\u00e1zali ve\u013emi r\u00fdchlo zareagova\u0165 a vyrovnali na 10:10. Po technickom \u00fadere Kri\u0161ka i\u0161iel Slovan op\u00e4\u0165 do mierneho trh\u00e1ku 12:10, no Aalst postupne oto\u010dil v\u00fdvoj setu a po \u00faspe\u0161nom \u00fatoku cez blok viedol 15:14. Nasleduj\u00face chyby Mlynar\u010d\u00edka aj Truba\u010da znamenali n\u00e1skok dom\u00e1cich 17:14, na \u010do reagoval tr\u00e9ner P\u011blucha oddychov\u00fdm \u010dasom. Do koncovky vstupoval Lindemans vo v\u00fdhode, ktor\u00fa e\u0161te zv\u00fdraznilo Gianniho eso na 20:15. Slovan sa v\u0161ak nevzdal a po kvalitnom servise Truba\u010da i dobrej obrane zn\u00ed\u017eil stratu. Za stavu 19:22 si oddychov\u00fd \u010das zobral aj dom\u00e1ci tr\u00e9ner. Prv\u00fd set napokon ukon\u010dil Rempel, ktor\u00fd premenil setbal na kone\u010dn\u00fdch 25:20.<\/p>\n<p>&nbsp;<\/p>\n<h6>Gianni zlomil set<\/h6>\n<p>&nbsp;<\/p>\n<p>Aj druh\u00e9 dejstvo za\u010dalo lep\u0161ie pre dom\u00e1cich, ktor\u00ed sa ujali vedenia 3:1. N\u00e1sledne sa hral vyrovnan\u00fd volejbal a\u017e do stavu 11:11, ke\u010f si Aalst vypracoval dvojbodov\u00fd n\u00e1skok 13:11. Slovan dok\u00e1zal po Truba\u010dovom \u00fatoku vyrovna\u0165 na 14:14, no potom pri\u0161la slab\u0161ia pas\u00e1\u017e belas\u00fdch, ktor\u00fa dom\u00e1ci vyu\u017eili a pred koncovkou odsko\u010dili na \u0161tyri body. Za stavu 15:19 siahol tr\u00e9ner P\u011blucha po oddychovom \u010dase. Na servise n\u00e1sledne dominoval Gianni, ktor\u00fd dvoma esami v rade posunul dom\u00e1cich do vedenia 20:15. Druh\u00fd set sa skon\u010dil po Kri\u0161kovom servise do siete, \u010do znamenalo v\u00fdhru Aalstu 25:19.<\/p>\n<p>&nbsp;<\/p>\n<h6>Belas\u00ed sa vr\u00e1tili do hry<\/h6>\n<p>&nbsp;<\/p>\n<p>V tre\u0165om sete v\u0161ak Bratislav\u010dania uk\u00e1zali ve\u013ek\u00fa odolnos\u0165 a ment\u00e1lnu silu. Viackr\u00e1t dok\u00e1zali zmaza\u0165 trojbodov\u00e9 manko a v z\u00e1vere sa udr\u017eali v hre o obrat. Na za\u010diatku koncovky prehr\u00e1vali 18:20, no s\u00e9riou troch bodov oto\u010dili na 21:20. Po ese Marjova si dom\u00e1ci tr\u00e9ner musel vy\u017eiada\u0165 oddychov\u00fd \u010das. Slovan dostal s\u00fapera pod tlak a po chybe Marquesa, ktor\u00fd za\u00fato\u010dil do siete, mal prv\u00fd setbal v z\u00e1pase za stavu 24:22. Ten n\u00e1sledne premenil Michalovi\u010d a belas\u00ed zn\u00ed\u017eili na 1:2 na sety, \u010d\u00edm si udr\u017eali n\u00e1dej na fin\u00e1le.<\/p>\n<p>&nbsp;<\/p>\n<h6>Vyrovnanie s desa\u0165bodov\u00fdm rozdielom<\/h6>\n<p>&nbsp;<\/p>\n<p>\u0160tvrt\u00fd set vy\u0161iel Slovanu v\u00fdborne. Belas\u00ed viedli 3:0 a po \u010fal\u0161ej chybe dom\u00e1cich zv\u00fd\u0161ili na 6:2, \u010do prin\u00fatilo tr\u00e9nera Aalstu preru\u0161i\u0165 hru oddychov\u00fdm \u010dasom. Slovan pokra\u010doval vo v\u00fdbornom v\u00fdkone a po servise \u0160ellonga odsko\u010dil u\u017e na 9:3. Dom\u00e1ci s\u00edce zn\u00ed\u017eili na 7:10, no Bratislav\u010dania ich n\u00e1sledne op\u00e4\u0165 zatla\u010dili a po bloku Billicha viedli 12:7. Fo\u0159tov \u00fatok do diagon\u00e1ly upravil sk\u00f3re na 14:8 a dom\u00e1ci si museli vzia\u0165 aj druh\u00fd oddychov\u00fd \u010das. Slovan si potom bezpe\u010dne kontroloval priebeh setu a po Kri\u0161kovom \u00fatoku viedol pred koncovkou 19:12. Z\u00e1ver setu zvl\u00e1dli belas\u00ed s preh\u013eadom. Billich od\u0161tartoval koncovku na 21:14 a Kri\u0161ko esom vybojoval pre svoj t\u00edm desa\u0165 setbalov. Hoci prv\u00fd e\u0161te dom\u00e1ci odvr\u00e1tili, Fo\u0159t n\u00e1sledne uzavrel set a vyrovnal stav stretnutia na 2:2.<\/p>\n<p>&nbsp;<\/p>\n<h6>N\u00e1dej na fin\u00e1le \u017eila do posledn\u00fdch l\u00f4pt<\/h6>\n<p>&nbsp;<\/p>\n<p>Rozhoduj\u00faci tajbrejk sa za\u010dal lep\u0161ie pre dom\u00e1cich, ktor\u00ed viedli 2:0, no Slovan sa r\u00fdchlo otriasol a po Kri\u0161kovom bloku oto\u010dil na 3:2. Pri zmene str\u00e1n mal mierne navrch Aalst, ktor\u00fd viedol 8:7, no belas\u00ed zost\u00e1vali v tesnom kontakte. Do koncovky vstupovali dokonca s najtesnej\u0161\u00edm veden\u00edm 10:9, len\u017ee dom\u00e1ci troma bodmi za sebou oto\u010dili na 12:10. Slovan v\u0161ak e\u0161te raz uk\u00e1zal ve\u013ek\u00e9 odhodlanie. Kri\u0161ko najprv blokom vyrovnal na 12:12 a n\u00e1sledne \u00fatokom poslal svoj t\u00edm do vedenia 13:12. V rozhoduj\u00facich momentoch v\u0161ak pri\u0161iel zlom. Aalst vyrovnal na 13:13, na servis sa postavil najnebezpe\u010dnej\u0161\u00ed hr\u00e1\u010d celej s\u00e9rie Gianni a dvoma esami definit\u00edvne rozhodol o osude z\u00e1pasu. Lindemans Aalst tak po v\u00ed\u0165azstve 3:2 zvl\u00e1dol aj odvetu a post\u00fapil do fin\u00e1le.<\/p>\n<p>&nbsp;<\/p>\n<p>K\u00a0z\u00e1pasu sa vyjadril Juraj Za\u0165ko, nahr\u00e1va\u010d a kapit\u00e1n VK Slovan: <strong>\u201eBol to zvl\u00e1\u0161tny z\u00e1pas. Dva sety n\u00e1m v\u00f4bec nevy\u0161li a a\u017e v tre\u0165om pri\u0161lo z na\u0161ej strany uvo\u013enenie. D\u00e1vno som sa tak dobre nezabavil volejbalom ako v tre\u0165om, \u0161tvrtom aj piatom sete. Takmer sme to \u201edokopali\u201c do zlat\u00e9ho setu. Op\u00e4\u0165 n\u00e1m to \u201eu\u0161lo\u201c so servisom Gianniho. Ne\u010dakali sme, \u017ee sa dostaneme v poh\u00e1ri tak \u010faleko. Teraz sa mus\u00edme s\u00fastredi\u0165 na play-off v na\u0161ej lige a by\u0165 v \u0148om konzistentn\u00ed.\u201c<\/strong><\/p>\n<p>&nbsp;<\/p>\n<p><img loading=\"lazy\" decoding=\"async\" class=\"alignnone size-full wp-image-52045\" src=\"https:\/\/www.vkpbratislava.sk\/wp-content\/uploads\/2026\/03\/untitled-05258-scaled.jpg\" alt=\"\" width=\"2560\" height=\"1706\" srcset=\"https:\/\/www.vkpbratislava.sk\/wp-content\/uploads\/2026\/03\/untitled-05258-scaled.jpg 2560w, https:\/\/www.vkpbratislava.sk\/wp-content\/uploads\/2026\/03\/untitled-05258-640x427.jpg 640w, https:\/\/www.vkpbratislava.sk\/wp-content\/uploads\/2026\/03\/untitled-05258-1280x853.jpg 1280w, https:\/\/www.vkpbratislava.sk\/wp-content\/uploads\/2026\/03\/untitled-05258-768x512.jpg 768w, https:\/\/www.vkpbratislava.sk\/wp-content\/uploads\/2026\/03\/untitled-05258-1536x1024.jpg 1536w, https:\/\/www.vkpbratislava.sk\/wp-content\/uploads\/2026\/03\/untitled-05258-2048x1365.jpg 2048w, https:\/\/www.vkpbratislava.sk\/wp-content\/uploads\/2026\/03\/untitled-05258-320x213.jpg 320w, https:\/\/www.vkpbratislava.sk\/wp-content\/uploads\/2026\/03\/untitled-05258-600x400.jpg 600w\" sizes=\"auto, (max-width: 2560px) 100vw, 2560px\" \/><\/p>\n<p>&nbsp;<\/p>\n<p>C<strong>hallenge Cup mu\u017ei \u2013 semifin\u00e1le \u2013 2. z\u00e1pas \u2013 streda:<\/strong><\/p>\n<p><strong>Lindemans Aalst \u2013 VK Slovan Bratislava 3:2 (20, 19, -22, -15, 13) \u2013 prv\u00fd z\u00e1pas 3:2,\u00a0<\/strong><\/p>\n<p><strong>LINDEMANS:<\/strong> Gianni 22, Wortelboer 8, Rempel 18, Marques 12, Vlahovic 7, Slight 8, libero Verwimp (Van de Welde 1, Devoghel 0, Mertens 3). Tr\u00e9ner: F. Depestele.<\/p>\n<p><strong>VK SLOVAN:<\/strong> Za\u0165ko 1, Truba\u010d 7, Marjov 5, Mlynar\u010d\u00edk 8, Kri\u0161ko 21, Billich 10, libero Jakub\u00edk (Fo\u0159t 8, \u0160ellong 10, Michalovi\u010d 8). Tr\u00e9ner: R. P\u011blucha.<\/p>\n<p><strong>Rozhodovali:<\/strong> Gonzales Tabares (\u0160p.) a Grellier (\u0160vaj.), 1450 div\u00e1kov.<\/p>\n<p>&nbsp;<\/p>\n<p>Zdroj: VK Slovan, svf<\/p>\n","protected":false},"excerpt":{"rendered":"<p>Volejbalisti VK Slovan Bratislava boli v semifin\u00e1lovej odvete Challenge Cupu proti belgick\u00e9mu Lindemansu Aalst ve\u013emi bl\u00edzko k historick\u00e9mu postupu. V rozhoduj\u00facom tajbrejku viedli 13:12, no ani tentoraz sa im nepodarilo dotiahnu\u0165 duel do v\u00ed\u0165azn\u00e9ho konca a vybojova\u0165 si miestenku vo fin\u00e1le tretej najprest\u00ed\u017enej\u0161ej eur\u00f3pskej poh\u00e1rovej s\u00fa\u0165a\u017ee. Po prehre 2:3 sa ich cesta v Challenge Cupe&#8230;<\/p>\n","protected":false},"author":3,"featured_media":52044,"comment_status":"closed","ping_status":"closed","sticky":false,"template":"","format":"standard","meta":{"_monsterinsights_skip_tracking":false,"_monsterinsights_sitenote_active":false,"_monsterinsights_sitenote_note":"","_monsterinsights_sitenote_category":0,"footnotes":""},"categories":[47],"tags":[],"class_list":["post-52043","post","type-post","status-publish","format-standard","has-post-thumbnail","hentry","category-muzi"],"yoast_head":"<!-- This site is optimized with the Yoast SEO plugin v25.6 - https:\/\/yoast.com\/wordpress\/plugins\/seo\/ -->\n<title>Slovan siahal na fin\u00e1le, Eur\u00f3pu kon\u010d\u00ed medzi troma najlep\u0161\u00edmi - VK SLOVAN Bratislava<\/title>\n<meta name=\"robots\" content=\"index, follow, max-snippet:-1, max-image-preview:large, max-video-preview:-1\" \/>\n<link rel=\"canonical\" href=\"https:\/\/www.vkpbratislava.sk\/?p=52043\" \/>\n<meta property=\"og:locale\" content=\"sk_SK\" \/>\n<meta property=\"og:type\" content=\"article\" \/>\n<meta property=\"og:title\" content=\"Slovan siahal na fin\u00e1le, Eur\u00f3pu kon\u010d\u00ed medzi troma najlep\u0161\u00edmi - VK SLOVAN Bratislava\" \/>\n<meta property=\"og:description\" content=\"Volejbalisti VK Slovan Bratislava boli v semifin\u00e1lovej odvete Challenge Cupu proti belgick\u00e9mu Lindemansu Aalst ve\u013emi bl\u00edzko k historick\u00e9mu postupu. V rozhoduj\u00facom tajbrejku viedli 13:12, no ani tentoraz sa im nepodarilo dotiahnu\u0165 duel do v\u00ed\u0165azn\u00e9ho konca a vybojova\u0165 si miestenku vo fin\u00e1le tretej najprest\u00ed\u017enej\u0161ej eur\u00f3pskej poh\u00e1rovej s\u00fa\u0165a\u017ee. Po prehre 2:3 sa ich cesta v Challenge Cupe...\" \/>\n<meta property=\"og:url\" content=\"https:\/\/www.vkpbratislava.sk\/?p=52043\" \/>\n<meta property=\"og:site_name\" content=\"VK SLOVAN Bratislava\" \/>\n<meta property=\"article:published_time\" content=\"2026-03-14T19:58:41+00:00\" \/>\n<meta property=\"og:image\" content=\"https:\/\/www.vkpbratislava.sk\/wp-content\/uploads\/2026\/03\/untitled-05315-scaled.jpg\" \/>\n\t<meta property=\"og:image:width\" content=\"2560\" \/>\n\t<meta property=\"og:image:height\" content=\"1810\" \/>\n\t<meta property=\"og:image:type\" content=\"image\/jpeg\" \/>\n<meta name=\"author\" content=\"jenca\" \/>\n<meta name=\"twitter:card\" content=\"summary_large_image\" \/>\n<meta name=\"twitter:label1\" content=\"Autor\" \/>\n\t<meta name=\"twitter:data1\" content=\"jenca\" \/>\n\t<meta name=\"twitter:label2\" content=\"Predpokladan\u00fd \u010das \u010d\u00edtania\" \/>\n\t<meta name=\"twitter:data2\" content=\"1 min\u00fata\" \/>\n<script type=\"application\/ld+json\" class=\"yoast-schema-graph\">{\"@context\":\"https:\/\/schema.org\",\"@graph\":[{\"@type\":\"Article\",\"@id\":\"https:\/\/www.vkpbratislava.sk\/?p=52043#article\",\"isPartOf\":{\"@id\":\"https:\/\/www.vkpbratislava.sk\/?p=52043\"},\"author\":{\"name\":\"jenca\",\"@id\":\"https:\/\/www.vkpbratislava.sk\/#\/schema\/person\/7037e769f9515aa58493d1b5852c4c50\"},\"headline\":\"Slovan siahal na fin\u00e1le, Eur\u00f3pu kon\u010d\u00ed medzi troma najlep\u0161\u00edmi\",\"datePublished\":\"2026-03-14T19:58:41+00:00\",\"mainEntityOfPage\":{\"@id\":\"https:\/\/www.vkpbratislava.sk\/?p=52043\"},\"wordCount\":967,\"publisher\":{\"@id\":\"https:\/\/www.vkpbratislava.sk\/#organization\"},\"image\":{\"@id\":\"https:\/\/www.vkpbratislava.sk\/?p=52043#primaryimage\"},\"thumbnailUrl\":\"https:\/\/www.vkpbratislava.sk\/wp-content\/uploads\/2026\/03\/untitled-05315-scaled.jpg\",\"articleSection\":[\"Mu\u017ei\"],\"inLanguage\":\"sk-SK\"},{\"@type\":\"WebPage\",\"@id\":\"https:\/\/www.vkpbratislava.sk\/?p=52043\",\"url\":\"https:\/\/www.vkpbratislava.sk\/?p=52043\",\"name\":\"Slovan siahal na fin\u00e1le, Eur\u00f3pu kon\u010d\u00ed medzi troma najlep\u0161\u00edmi - VK SLOVAN Bratislava\",\"isPartOf\":{\"@id\":\"https:\/\/www.vkpbratislava.sk\/#website\"},\"primaryImageOfPage\":{\"@id\":\"https:\/\/www.vkpbratislava.sk\/?p=52043#primaryimage\"},\"image\":{\"@id\":\"https:\/\/www.vkpbratislava.sk\/?p=52043#primaryimage\"},\"thumbnailUrl\":\"https:\/\/www.vkpbratislava.sk\/wp-content\/uploads\/2026\/03\/untitled-05315-scaled.jpg\",\"datePublished\":\"2026-03-14T19:58:41+00:00\",\"breadcrumb\":{\"@id\":\"https:\/\/www.vkpbratislava.sk\/?p=52043#breadcrumb\"},\"inLanguage\":\"sk-SK\",\"potentialAction\":[{\"@type\":\"ReadAction\",\"target\":[\"https:\/\/www.vkpbratislava.sk\/?p=52043\"]}]},{\"@type\":\"ImageObject\",\"inLanguage\":\"sk-SK\",\"@id\":\"https:\/\/www.vkpbratislava.sk\/?p=52043#primaryimage\",\"url\":\"https:\/\/www.vkpbratislava.sk\/wp-content\/uploads\/2026\/03\/untitled-05315-scaled.jpg\",\"contentUrl\":\"https:\/\/www.vkpbratislava.sk\/wp-content\/uploads\/2026\/03\/untitled-05315-scaled.jpg\",\"width\":2560,\"height\":1810},{\"@type\":\"BreadcrumbList\",\"@id\":\"https:\/\/www.vkpbratislava.sk\/?p=52043#breadcrumb\",\"itemListElement\":[{\"@type\":\"ListItem\",\"position\":1,\"name\":\"Domov\",\"item\":\"https:\/\/www.vkpbratislava.sk\/\"},{\"@type\":\"ListItem\",\"position\":2,\"name\":\"Slovan siahal na fin\u00e1le, Eur\u00f3pu kon\u010d\u00ed medzi troma najlep\u0161\u00edmi\"}]},{\"@type\":\"WebSite\",\"@id\":\"https:\/\/www.vkpbratislava.sk\/#website\",\"url\":\"https:\/\/www.vkpbratislava.sk\/\",\"name\":\"VK SLOVAN Bratislava\",\"description\":\"Volejbalov\u00fd klub\",\"publisher\":{\"@id\":\"https:\/\/www.vkpbratislava.sk\/#organization\"},\"potentialAction\":[{\"@type\":\"SearchAction\",\"target\":{\"@type\":\"EntryPoint\",\"urlTemplate\":\"https:\/\/www.vkpbratislava.sk\/?s={search_term_string}\"},\"query-input\":{\"@type\":\"PropertyValueSpecification\",\"valueRequired\":true,\"valueName\":\"search_term_string\"}}],\"inLanguage\":\"sk-SK\"},{\"@type\":\"Organization\",\"@id\":\"https:\/\/www.vkpbratislava.sk\/#organization\",\"name\":\"VKP Bratislava\",\"url\":\"https:\/\/www.vkpbratislava.sk\/\",\"logo\":{\"@type\":\"ImageObject\",\"inLanguage\":\"sk-SK\",\"@id\":\"https:\/\/www.vkpbratislava.sk\/#\/schema\/logo\/image\/\",\"url\":\"https:\/\/www.vkpbratislava.sk\/wp-content\/uploads\/2020\/10\/vkpBA.png\",\"contentUrl\":\"https:\/\/www.vkpbratislava.sk\/wp-content\/uploads\/2020\/10\/vkpBA.png\",\"width\":600,\"height\":600,\"caption\":\"VKP Bratislava\"},\"image\":{\"@id\":\"https:\/\/www.vkpbratislava.sk\/#\/schema\/logo\/image\/\"}},{\"@type\":\"Person\",\"@id\":\"https:\/\/www.vkpbratislava.sk\/#\/schema\/person\/7037e769f9515aa58493d1b5852c4c50\",\"name\":\"jenca\",\"image\":{\"@type\":\"ImageObject\",\"inLanguage\":\"sk-SK\",\"@id\":\"https:\/\/www.vkpbratislava.sk\/#\/schema\/person\/image\/\",\"url\":\"https:\/\/secure.gravatar.com\/avatar\/67aa89e9aab2911bbd0c6fbf0a891ea8d80c207c9b6a6e2c96e13fc2f16e536d?s=96&d=mm&r=g\",\"contentUrl\":\"https:\/\/secure.gravatar.com\/avatar\/67aa89e9aab2911bbd0c6fbf0a891ea8d80c207c9b6a6e2c96e13fc2f16e536d?s=96&d=mm&r=g\",\"caption\":\"jenca\"},\"url\":\"https:\/\/www.vkpbratislava.sk\/?author=3\"}]}<\/script>\n<!-- \/ Yoast SEO plugin. -->","yoast_head_json":{"title":"Slovan siahal na fin\u00e1le, Eur\u00f3pu kon\u010d\u00ed medzi troma najlep\u0161\u00edmi - VK SLOVAN Bratislava","robots":{"index":"index","follow":"follow","max-snippet":"max-snippet:-1","max-image-preview":"max-image-preview:large","max-video-preview":"max-video-preview:-1"},"canonical":"https:\/\/www.vkpbratislava.sk\/?p=52043","og_locale":"sk_SK","og_type":"article","og_title":"Slovan siahal na fin\u00e1le, Eur\u00f3pu kon\u010d\u00ed medzi troma najlep\u0161\u00edmi - VK SLOVAN Bratislava","og_description":"Volejbalisti VK Slovan Bratislava boli v semifin\u00e1lovej odvete Challenge Cupu proti belgick\u00e9mu Lindemansu Aalst ve\u013emi bl\u00edzko k historick\u00e9mu postupu. V rozhoduj\u00facom tajbrejku viedli 13:12, no ani tentoraz sa im nepodarilo dotiahnu\u0165 duel do v\u00ed\u0165azn\u00e9ho konca a vybojova\u0165 si miestenku vo fin\u00e1le tretej najprest\u00ed\u017enej\u0161ej eur\u00f3pskej poh\u00e1rovej s\u00fa\u0165a\u017ee. Po prehre 2:3 sa ich cesta v Challenge Cupe...","og_url":"https:\/\/www.vkpbratislava.sk\/?p=52043","og_site_name":"VK SLOVAN Bratislava","article_published_time":"2026-03-14T19:58:41+00:00","og_image":[{"width":2560,"height":1810,"url":"https:\/\/www.vkpbratislava.sk\/wp-content\/uploads\/2026\/03\/untitled-05315-scaled.jpg","type":"image\/jpeg"}],"author":"jenca","twitter_card":"summary_large_image","twitter_misc":{"Autor":"jenca","Predpokladan\u00fd \u010das \u010d\u00edtania":"1 min\u00fata"},"schema":{"@context":"https:\/\/schema.org","@graph":[{"@type":"Article","@id":"https:\/\/www.vkpbratislava.sk\/?p=52043#article","isPartOf":{"@id":"https:\/\/www.vkpbratislava.sk\/?p=52043"},"author":{"name":"jenca","@id":"https:\/\/www.vkpbratislava.sk\/#\/schema\/person\/7037e769f9515aa58493d1b5852c4c50"},"headline":"Slovan siahal na fin\u00e1le, Eur\u00f3pu kon\u010d\u00ed medzi troma najlep\u0161\u00edmi","datePublished":"2026-03-14T19:58:41+00:00","mainEntityOfPage":{"@id":"https:\/\/www.vkpbratislava.sk\/?p=52043"},"wordCount":967,"publisher":{"@id":"https:\/\/www.vkpbratislava.sk\/#organization"},"image":{"@id":"https:\/\/www.vkpbratislava.sk\/?p=52043#primaryimage"},"thumbnailUrl":"https:\/\/www.vkpbratislava.sk\/wp-content\/uploads\/2026\/03\/untitled-05315-scaled.jpg","articleSection":["Mu\u017ei"],"inLanguage":"sk-SK"},{"@type":"WebPage","@id":"https:\/\/www.vkpbratislava.sk\/?p=52043","url":"https:\/\/www.vkpbratislava.sk\/?p=52043","name":"Slovan siahal na fin\u00e1le, Eur\u00f3pu kon\u010d\u00ed medzi troma najlep\u0161\u00edmi - VK SLOVAN Bratislava","isPartOf":{"@id":"https:\/\/www.vkpbratislava.sk\/#website"},"primaryImageOfPage":{"@id":"https:\/\/www.vkpbratislava.sk\/?p=52043#primaryimage"},"image":{"@id":"https:\/\/www.vkpbratislava.sk\/?p=52043#primaryimage"},"thumbnailUrl":"https:\/\/www.vkpbratislava.sk\/wp-content\/uploads\/2026\/03\/untitled-05315-scaled.jpg","datePublished":"2026-03-14T19:58:41+00:00","breadcrumb":{"@id":"https:\/\/www.vkpbratislava.sk\/?p=52043#breadcrumb"},"inLanguage":"sk-SK","potentialAction":[{"@type":"ReadAction","target":["https:\/\/www.vkpbratislava.sk\/?p=52043"]}]},{"@type":"ImageObject","inLanguage":"sk-SK","@id":"https:\/\/www.vkpbratislava.sk\/?p=52043#primaryimage","url":"https:\/\/www.vkpbratislava.sk\/wp-content\/uploads\/2026\/03\/untitled-05315-scaled.jpg","contentUrl":"https:\/\/www.vkpbratislava.sk\/wp-content\/uploads\/2026\/03\/untitled-05315-scaled.jpg","width":2560,"height":1810},{"@type":"BreadcrumbList","@id":"https:\/\/www.vkpbratislava.sk\/?p=52043#breadcrumb","itemListElement":[{"@type":"ListItem","position":1,"name":"Domov","item":"https:\/\/www.vkpbratislava.sk\/"},{"@type":"ListItem","position":2,"name":"Slovan siahal na fin\u00e1le, Eur\u00f3pu kon\u010d\u00ed medzi troma najlep\u0161\u00edmi"}]},{"@type":"WebSite","@id":"https:\/\/www.vkpbratislava.sk\/#website","url":"https:\/\/www.vkpbratislava.sk\/","name":"VK SLOVAN Bratislava","description":"Volejbalov\u00fd klub","publisher":{"@id":"https:\/\/www.vkpbratislava.sk\/#organization"},"potentialAction":[{"@type":"SearchAction","target":{"@type":"EntryPoint","urlTemplate":"https:\/\/www.vkpbratislava.sk\/?s={search_term_string}"},"query-input":{"@type":"PropertyValueSpecification","valueRequired":true,"valueName":"search_term_string"}}],"inLanguage":"sk-SK"},{"@type":"Organization","@id":"https:\/\/www.vkpbratislava.sk\/#organization","name":"VKP Bratislava","url":"https:\/\/www.vkpbratislava.sk\/","logo":{"@type":"ImageObject","inLanguage":"sk-SK","@id":"https:\/\/www.vkpbratislava.sk\/#\/schema\/logo\/image\/","url":"https:\/\/www.vkpbratislava.sk\/wp-content\/uploads\/2020\/10\/vkpBA.png","contentUrl":"https:\/\/www.vkpbratislava.sk\/wp-content\/uploads\/2020\/10\/vkpBA.png","width":600,"height":600,"caption":"VKP Bratislava"},"image":{"@id":"https:\/\/www.vkpbratislava.sk\/#\/schema\/logo\/image\/"}},{"@type":"Person","@id":"https:\/\/www.vkpbratislava.sk\/#\/schema\/person\/7037e769f9515aa58493d1b5852c4c50","name":"jenca","image":{"@type":"ImageObject","inLanguage":"sk-SK","@id":"https:\/\/www.vkpbratislava.sk\/#\/schema\/person\/image\/","url":"https:\/\/secure.gravatar.com\/avatar\/67aa89e9aab2911bbd0c6fbf0a891ea8d80c207c9b6a6e2c96e13fc2f16e536d?s=96&d=mm&r=g","contentUrl":"https:\/\/secure.gravatar.com\/avatar\/67aa89e9aab2911bbd0c6fbf0a891ea8d80c207c9b6a6e2c96e13fc2f16e536d?s=96&d=mm&r=g","caption":"jenca"},"url":"https:\/\/www.vkpbratislava.sk\/?author=3"}]}},"_links":{"self":[{"href":"https:\/\/www.vkpbratislava.sk\/index.php?rest_route=\/wp\/v2\/posts\/52043","targetHints":{"allow":["GET"]}}],"collection":[{"href":"https:\/\/www.vkpbratislava.sk\/index.php?rest_route=\/wp\/v2\/posts"}],"about":[{"href":"https:\/\/www.vkpbratislava.sk\/index.php?rest_route=\/wp\/v2\/types\/post"}],"author":[{"embeddable":true,"href":"https:\/\/www.vkpbratislava.sk\/index.php?rest_route=\/wp\/v2\/users\/3"}],"replies":[{"embeddable":true,"href":"https:\/\/www.vkpbratislava.sk\/index.php?rest_route=%2Fwp%2Fv2%2Fcomments&post=52043"}],"version-history":[{"count":1,"href":"https:\/\/www.vkpbratislava.sk\/index.php?rest_route=\/wp\/v2\/posts\/52043\/revisions"}],"predecessor-version":[{"id":52046,"href":"https:\/\/www.vkpbratislava.sk\/index.php?rest_route=\/wp\/v2\/posts\/52043\/revisions\/52046"}],"wp:featuredmedia":[{"embeddable":true,"href":"https:\/\/www.vkpbratislava.sk\/index.php?rest_route=\/wp\/v2\/media\/52044"}],"wp:attachment":[{"href":"https:\/\/www.vkpbratislava.sk\/index.php?rest_route=%2Fwp%2Fv2%2Fmedia&parent=52043"}],"wp:term":[{"taxonomy":"category","embeddable":true,"href":"https:\/\/www.vkpbratislava.sk\/index.php?rest_route=%2Fwp%2Fv2%2Fcategories&post=52043"},{"taxonomy":"post_tag","embeddable":true,"href":"https:\/\/www.vkpbratislava.sk\/index.php?rest_route=%2Fwp%2Fv2%2Ftags&post=52043"}],"curies":[{"name":"wp","href":"https:\/\/api.w.org\/{rel}","templated":true}]}}