{"id":52143,"date":"2026-03-15T19:52:08","date_gmt":"2026-03-15T18:52:08","guid":{"rendered":"https:\/\/www.vkpbratislava.sk\/?p=52143"},"modified":"2026-03-15T19:52:08","modified_gmt":"2026-03-15T18:52:08","slug":"vitazna-bodka-pred-play-off","status":"publish","type":"post","link":"https:\/\/www.vkpbratislava.sk\/?p=52143","title":{"rendered":"V\u00ed\u0165azn\u00e1 bodka pred play-off"},"content":{"rendered":"<p>V sobotu vyvrcholila nadstavbov\u00e1 \u010das\u0165 Nik\u00e9 Extraligy \u017eien posledn\u00fdm kolom, v ktorom sa volejbalistky VK Slovan Bratislava predstavili na palubovke Nov\u00e9ho Mesta nad V\u00e1hom. Belas\u00e9 predviedli ve\u013ek\u00fd obrat, ke\u010f po \u00favodn\u00fdch dvoch prehrat\u00fdch setoch dok\u00e1zali duel oto\u010di\u0165 a zv\u00ed\u0165azi\u0165 3:2. Slovanistky tak uzavreli z\u00e1kladn\u00fa \u010das\u0165 a nadstavbu s v\u00fdbornou bilanciou, ke\u010f v 22 z\u00e1pasoch zaznamenali jedin\u00fa prehru, a to v \u017diline po v\u00fdsledku 0:3.<\/p>\n<p>&nbsp;<\/p>\n<p>Z\u00e1pas zhodnotil Stefan Paunovi\u010d, tr\u00e9ner VK: <strong>\u201eMysl\u00edm si, \u017ee sme odohrali dobr\u00fd z\u00e1pas a z ve\u013ekej \u010dasti sme hru kontrolovali. Viedli sme 2:0 a mali sme dokonca set na dokon\u010denie z\u00e1pasu, no bohu\u017eia\u013e sa n\u00e1m t\u00fato pr\u00edle\u017eitos\u0165 nepodarilo premeni\u0165. V tak\u00fdchto chv\u00ed\u013each rozhoduj\u00fa detaily a koncentr\u00e1cia. Slovan to vyu\u017eil, vr\u00e1til sa do z\u00e1pasu a napokon v\u00fdsledok oto\u010dil. Samozrejme, je to \u0165a\u017ek\u00e1 prehra, ale ver\u00edm, \u017ee sme na ihrisku uk\u00e1zali ve\u013ea dobr\u00fdch vec\u00ed. Teraz je d\u00f4le\u017eit\u00e9 pou\u010di\u0165 sa z tohto z\u00e1pasu a zosta\u0165 s\u00fastreden\u00fd, preto\u017ee z\u00e1pasy ako tento m\u00f4\u017eu by\u0165 ve\u013emi dobrou pr\u00edpravou na nadch\u00e1dzaj\u00face play-off.&#8220;<\/strong><\/p>\n<p><strong>\u201eZ\u00e1pas sme za\u010dali v trochu pozmenenej zostave a neza\u010dali sme ho \u00faplne najlep\u0161ie. Niektor\u00e9 s\u00fahry n\u00e1m proste nesadli a museli sme prestrieda\u0165. Chv\u00ed\u013eku trvalo, k\u00fdm sme sa chytili. Nakoniec sme to ubojovali do v\u00ed\u0165azn\u00e9ho konca. Nov\u00e9 Mesto nad V\u00e1hom hralo v\u00fdborne, prv\u00e9 dva sety takmer bez ch\u00fdb a \u0165a\u017eko sa n\u00e1m proti nim presadzovalo. Nakoniec sme to zvl\u00e1dli, ale bol to boj,\u201c<\/strong> dodal Pavel Bern\u00e1th, tr\u00e9ner VK Slovan.<\/p>\n<p>&nbsp;<\/p>\n<p><img loading=\"lazy\" decoding=\"async\" class=\"alignnone size-full wp-image-52144\" src=\"https:\/\/www.vkpbratislava.sk\/wp-content\/uploads\/2026\/03\/24508-scaled.jpg\" alt=\"\" width=\"2560\" height=\"1703\" srcset=\"https:\/\/www.vkpbratislava.sk\/wp-content\/uploads\/2026\/03\/24508-scaled.jpg 2560w, https:\/\/www.vkpbratislava.sk\/wp-content\/uploads\/2026\/03\/24508-640x426.jpg 640w, https:\/\/www.vkpbratislava.sk\/wp-content\/uploads\/2026\/03\/24508-1280x852.jpg 1280w, https:\/\/www.vkpbratislava.sk\/wp-content\/uploads\/2026\/03\/24508-768x511.jpg 768w, https:\/\/www.vkpbratislava.sk\/wp-content\/uploads\/2026\/03\/24508-1536x1022.jpg 1536w, https:\/\/www.vkpbratislava.sk\/wp-content\/uploads\/2026\/03\/24508-2048x1363.jpg 2048w, https:\/\/www.vkpbratislava.sk\/wp-content\/uploads\/2026\/03\/24508-320x213.jpg 320w, https:\/\/www.vkpbratislava.sk\/wp-content\/uploads\/2026\/03\/24508-600x399.jpg 600w\" sizes=\"auto, (max-width: 2560px) 100vw, 2560px\" \/><\/p>\n<p>&nbsp;<\/p>\n<p><strong>Nik\u00e9 Extraliga \u017eeny \u2013 skupina o 1. a\u017e 5. miesto &#8211; 5. kolo \u2013 sobota:<\/strong><\/p>\n<p><strong>VK Nov\u00e9 Mesto nad V\u00e1hom \u2013 VK Slovan Bratislava 2:3 (23, 21, -24, -13, -10)<\/strong><\/p>\n<p><strong>Hr\u00e1\u010dky z\u00e1pasu:<\/strong> Veronika Richweissov\u00e1 (VK Nov\u00e9 Mesto nad V\u00e1hom) \u2013 Sara Wagner (VK Slovan Bratislava)<\/p>\n<p><strong>VK:<\/strong> Jonuzi 5, Richweissov\u00e1 24, Barbierikov\u00e1 3, Sandoval 11, Ma\u0165a\u0161ov\u00e1 15, M. B\u00edlikov\u00e1 10, liberka Mikov\u00e1 (Sivi\u010dekov\u00e1 0, N. B\u00edlikov\u00e1 4, Zelen\u00e1kov\u00e1 0). Tr\u00e9ner: S. Paunovi\u010d.<\/p>\n<p><strong>VK SLOVAN:<\/strong> A. Fri\u010dov\u00e1 9, Massari 4, Boldock\u00e1 4, Wagner 35, Smie\u0161kov\u00e1 7, Brewster 1, liberka S. Jan\u010dov\u00e1 (Palkovi\u010dov\u00e1 18, Paz\u00farikov\u00e1 1, Baijo 8, Canedo 1, \u010cavojsk\u00e1 0). Tr\u00e9ner: P. Bern\u00e1th.<\/p>\n<p><strong>Rozhodovali:<\/strong> Hr\u010dka a Mokr\u00fd \u2013 250 div\u00e1kov.<\/p>\n<p>&nbsp;<\/p>\n<p>Zdroj: VK Slovan, svf<\/p>\n<p>&nbsp;<\/p>\n<p>&nbsp;<\/p>\n","protected":false},"excerpt":{"rendered":"<p>V sobotu vyvrcholila nadstavbov\u00e1 \u010das\u0165 Nik\u00e9 Extraligy \u017eien posledn\u00fdm kolom, v ktorom sa volejbalistky VK Slovan Bratislava predstavili na palubovke Nov\u00e9ho Mesta nad V\u00e1hom. Belas\u00e9 predviedli ve\u013ek\u00fd obrat, ke\u010f po \u00favodn\u00fdch dvoch prehrat\u00fdch setoch dok\u00e1zali duel oto\u010di\u0165 a zv\u00ed\u0165azi\u0165 3:2. Slovanistky tak uzavreli z\u00e1kladn\u00fa \u010das\u0165 a nadstavbu s v\u00fdbornou bilanciou, ke\u010f v 22 z\u00e1pasoch zaznamenali&#8230;<\/p>\n","protected":false},"author":3,"featured_media":50660,"comment_status":"closed","ping_status":"closed","sticky":false,"template":"","format":"standard","meta":{"_monsterinsights_skip_tracking":false,"_monsterinsights_sitenote_active":false,"_monsterinsights_sitenote_note":"","_monsterinsights_sitenote_category":0,"footnotes":""},"categories":[48],"tags":[],"class_list":["post-52143","post","type-post","status-publish","format-standard","has-post-thumbnail","hentry","category-zeny"],"yoast_head":"<!-- This site is optimized with the Yoast SEO plugin v25.6 - https:\/\/yoast.com\/wordpress\/plugins\/seo\/ -->\n<title>V\u00ed\u0165azn\u00e1 bodka pred play-off - VK SLOVAN Bratislava<\/title>\n<meta name=\"robots\" content=\"index, follow, max-snippet:-1, max-image-preview:large, max-video-preview:-1\" \/>\n<link rel=\"canonical\" href=\"https:\/\/www.vkpbratislava.sk\/?p=52143\" \/>\n<meta property=\"og:locale\" content=\"sk_SK\" \/>\n<meta property=\"og:type\" content=\"article\" \/>\n<meta property=\"og:title\" content=\"V\u00ed\u0165azn\u00e1 bodka pred play-off - VK SLOVAN Bratislava\" \/>\n<meta property=\"og:description\" content=\"V sobotu vyvrcholila nadstavbov\u00e1 \u010das\u0165 Nik\u00e9 Extraligy \u017eien posledn\u00fdm kolom, v ktorom sa volejbalistky VK Slovan Bratislava predstavili na palubovke Nov\u00e9ho Mesta nad V\u00e1hom. Belas\u00e9 predviedli ve\u013ek\u00fd obrat, ke\u010f po \u00favodn\u00fdch dvoch prehrat\u00fdch setoch dok\u00e1zali duel oto\u010di\u0165 a zv\u00ed\u0165azi\u0165 3:2. Slovanistky tak uzavreli z\u00e1kladn\u00fa \u010das\u0165 a nadstavbu s v\u00fdbornou bilanciou, ke\u010f v 22 z\u00e1pasoch zaznamenali...\" \/>\n<meta property=\"og:url\" content=\"https:\/\/www.vkpbratislava.sk\/?p=52143\" \/>\n<meta property=\"og:site_name\" content=\"VK SLOVAN Bratislava\" \/>\n<meta property=\"article:published_time\" content=\"2026-03-15T18:52:08+00:00\" \/>\n<meta property=\"og:image\" content=\"https:\/\/www.vkpbratislava.sk\/wp-content\/uploads\/2026\/02\/DSC01725-scaled.jpg\" \/>\n\t<meta property=\"og:image:width\" content=\"2560\" \/>\n\t<meta property=\"og:image:height\" content=\"1707\" \/>\n\t<meta property=\"og:image:type\" content=\"image\/jpeg\" \/>\n<meta name=\"author\" content=\"jenca\" \/>\n<meta name=\"twitter:card\" content=\"summary_large_image\" \/>\n<meta name=\"twitter:label1\" content=\"Autor\" \/>\n\t<meta name=\"twitter:data1\" content=\"jenca\" \/>\n\t<meta name=\"twitter:label2\" content=\"Predpokladan\u00fd \u010das \u010d\u00edtania\" \/>\n\t<meta name=\"twitter:data2\" content=\"1 min\u00fata\" \/>\n<script type=\"application\/ld+json\" class=\"yoast-schema-graph\">{\"@context\":\"https:\/\/schema.org\",\"@graph\":[{\"@type\":\"Article\",\"@id\":\"https:\/\/www.vkpbratislava.sk\/?p=52143#article\",\"isPartOf\":{\"@id\":\"https:\/\/www.vkpbratislava.sk\/?p=52143\"},\"author\":{\"name\":\"jenca\",\"@id\":\"https:\/\/www.vkpbratislava.sk\/#\/schema\/person\/7037e769f9515aa58493d1b5852c4c50\"},\"headline\":\"V\u00ed\u0165azn\u00e1 bodka pred play-off\",\"datePublished\":\"2026-03-15T18:52:08+00:00\",\"mainEntityOfPage\":{\"@id\":\"https:\/\/www.vkpbratislava.sk\/?p=52143\"},\"wordCount\":403,\"publisher\":{\"@id\":\"https:\/\/www.vkpbratislava.sk\/#organization\"},\"image\":{\"@id\":\"https:\/\/www.vkpbratislava.sk\/?p=52143#primaryimage\"},\"thumbnailUrl\":\"https:\/\/www.vkpbratislava.sk\/wp-content\/uploads\/2026\/02\/DSC01725-scaled.jpg\",\"articleSection\":[\"\u017deny\"],\"inLanguage\":\"sk-SK\"},{\"@type\":\"WebPage\",\"@id\":\"https:\/\/www.vkpbratislava.sk\/?p=52143\",\"url\":\"https:\/\/www.vkpbratislava.sk\/?p=52143\",\"name\":\"V\u00ed\u0165azn\u00e1 bodka pred play-off - VK SLOVAN Bratislava\",\"isPartOf\":{\"@id\":\"https:\/\/www.vkpbratislava.sk\/#website\"},\"primaryImageOfPage\":{\"@id\":\"https:\/\/www.vkpbratislava.sk\/?p=52143#primaryimage\"},\"image\":{\"@id\":\"https:\/\/www.vkpbratislava.sk\/?p=52143#primaryimage\"},\"thumbnailUrl\":\"https:\/\/www.vkpbratislava.sk\/wp-content\/uploads\/2026\/02\/DSC01725-scaled.jpg\",\"datePublished\":\"2026-03-15T18:52:08+00:00\",\"breadcrumb\":{\"@id\":\"https:\/\/www.vkpbratislava.sk\/?p=52143#breadcrumb\"},\"inLanguage\":\"sk-SK\",\"potentialAction\":[{\"@type\":\"ReadAction\",\"target\":[\"https:\/\/www.vkpbratislava.sk\/?p=52143\"]}]},{\"@type\":\"ImageObject\",\"inLanguage\":\"sk-SK\",\"@id\":\"https:\/\/www.vkpbratislava.sk\/?p=52143#primaryimage\",\"url\":\"https:\/\/www.vkpbratislava.sk\/wp-content\/uploads\/2026\/02\/DSC01725-scaled.jpg\",\"contentUrl\":\"https:\/\/www.vkpbratislava.sk\/wp-content\/uploads\/2026\/02\/DSC01725-scaled.jpg\",\"width\":2560,\"height\":1707},{\"@type\":\"BreadcrumbList\",\"@id\":\"https:\/\/www.vkpbratislava.sk\/?p=52143#breadcrumb\",\"itemListElement\":[{\"@type\":\"ListItem\",\"position\":1,\"name\":\"Domov\",\"item\":\"https:\/\/www.vkpbratislava.sk\/\"},{\"@type\":\"ListItem\",\"position\":2,\"name\":\"V\u00ed\u0165azn\u00e1 bodka pred play-off\"}]},{\"@type\":\"WebSite\",\"@id\":\"https:\/\/www.vkpbratislava.sk\/#website\",\"url\":\"https:\/\/www.vkpbratislava.sk\/\",\"name\":\"VK SLOVAN Bratislava\",\"description\":\"Volejbalov\u00fd klub\",\"publisher\":{\"@id\":\"https:\/\/www.vkpbratislava.sk\/#organization\"},\"potentialAction\":[{\"@type\":\"SearchAction\",\"target\":{\"@type\":\"EntryPoint\",\"urlTemplate\":\"https:\/\/www.vkpbratislava.sk\/?s={search_term_string}\"},\"query-input\":{\"@type\":\"PropertyValueSpecification\",\"valueRequired\":true,\"valueName\":\"search_term_string\"}}],\"inLanguage\":\"sk-SK\"},{\"@type\":\"Organization\",\"@id\":\"https:\/\/www.vkpbratislava.sk\/#organization\",\"name\":\"VKP Bratislava\",\"url\":\"https:\/\/www.vkpbratislava.sk\/\",\"logo\":{\"@type\":\"ImageObject\",\"inLanguage\":\"sk-SK\",\"@id\":\"https:\/\/www.vkpbratislava.sk\/#\/schema\/logo\/image\/\",\"url\":\"https:\/\/www.vkpbratislava.sk\/wp-content\/uploads\/2020\/10\/vkpBA.png\",\"contentUrl\":\"https:\/\/www.vkpbratislava.sk\/wp-content\/uploads\/2020\/10\/vkpBA.png\",\"width\":600,\"height\":600,\"caption\":\"VKP Bratislava\"},\"image\":{\"@id\":\"https:\/\/www.vkpbratislava.sk\/#\/schema\/logo\/image\/\"}},{\"@type\":\"Person\",\"@id\":\"https:\/\/www.vkpbratislava.sk\/#\/schema\/person\/7037e769f9515aa58493d1b5852c4c50\",\"name\":\"jenca\",\"image\":{\"@type\":\"ImageObject\",\"inLanguage\":\"sk-SK\",\"@id\":\"https:\/\/www.vkpbratislava.sk\/#\/schema\/person\/image\/\",\"url\":\"https:\/\/secure.gravatar.com\/avatar\/67aa89e9aab2911bbd0c6fbf0a891ea8d80c207c9b6a6e2c96e13fc2f16e536d?s=96&d=mm&r=g\",\"contentUrl\":\"https:\/\/secure.gravatar.com\/avatar\/67aa89e9aab2911bbd0c6fbf0a891ea8d80c207c9b6a6e2c96e13fc2f16e536d?s=96&d=mm&r=g\",\"caption\":\"jenca\"},\"url\":\"https:\/\/www.vkpbratislava.sk\/?author=3\"}]}<\/script>\n<!-- \/ Yoast SEO plugin. -->","yoast_head_json":{"title":"V\u00ed\u0165azn\u00e1 bodka pred play-off - VK SLOVAN Bratislava","robots":{"index":"index","follow":"follow","max-snippet":"max-snippet:-1","max-image-preview":"max-image-preview:large","max-video-preview":"max-video-preview:-1"},"canonical":"https:\/\/www.vkpbratislava.sk\/?p=52143","og_locale":"sk_SK","og_type":"article","og_title":"V\u00ed\u0165azn\u00e1 bodka pred play-off - VK SLOVAN Bratislava","og_description":"V sobotu vyvrcholila nadstavbov\u00e1 \u010das\u0165 Nik\u00e9 Extraligy \u017eien posledn\u00fdm kolom, v ktorom sa volejbalistky VK Slovan Bratislava predstavili na palubovke Nov\u00e9ho Mesta nad V\u00e1hom. Belas\u00e9 predviedli ve\u013ek\u00fd obrat, ke\u010f po \u00favodn\u00fdch dvoch prehrat\u00fdch setoch dok\u00e1zali duel oto\u010di\u0165 a zv\u00ed\u0165azi\u0165 3:2. Slovanistky tak uzavreli z\u00e1kladn\u00fa \u010das\u0165 a nadstavbu s v\u00fdbornou bilanciou, ke\u010f v 22 z\u00e1pasoch zaznamenali...","og_url":"https:\/\/www.vkpbratislava.sk\/?p=52143","og_site_name":"VK SLOVAN Bratislava","article_published_time":"2026-03-15T18:52:08+00:00","og_image":[{"width":2560,"height":1707,"url":"https:\/\/www.vkpbratislava.sk\/wp-content\/uploads\/2026\/02\/DSC01725-scaled.jpg","type":"image\/jpeg"}],"author":"jenca","twitter_card":"summary_large_image","twitter_misc":{"Autor":"jenca","Predpokladan\u00fd \u010das \u010d\u00edtania":"1 min\u00fata"},"schema":{"@context":"https:\/\/schema.org","@graph":[{"@type":"Article","@id":"https:\/\/www.vkpbratislava.sk\/?p=52143#article","isPartOf":{"@id":"https:\/\/www.vkpbratislava.sk\/?p=52143"},"author":{"name":"jenca","@id":"https:\/\/www.vkpbratislava.sk\/#\/schema\/person\/7037e769f9515aa58493d1b5852c4c50"},"headline":"V\u00ed\u0165azn\u00e1 bodka pred play-off","datePublished":"2026-03-15T18:52:08+00:00","mainEntityOfPage":{"@id":"https:\/\/www.vkpbratislava.sk\/?p=52143"},"wordCount":403,"publisher":{"@id":"https:\/\/www.vkpbratislava.sk\/#organization"},"image":{"@id":"https:\/\/www.vkpbratislava.sk\/?p=52143#primaryimage"},"thumbnailUrl":"https:\/\/www.vkpbratislava.sk\/wp-content\/uploads\/2026\/02\/DSC01725-scaled.jpg","articleSection":["\u017deny"],"inLanguage":"sk-SK"},{"@type":"WebPage","@id":"https:\/\/www.vkpbratislava.sk\/?p=52143","url":"https:\/\/www.vkpbratislava.sk\/?p=52143","name":"V\u00ed\u0165azn\u00e1 bodka pred play-off - VK SLOVAN Bratislava","isPartOf":{"@id":"https:\/\/www.vkpbratislava.sk\/#website"},"primaryImageOfPage":{"@id":"https:\/\/www.vkpbratislava.sk\/?p=52143#primaryimage"},"image":{"@id":"https:\/\/www.vkpbratislava.sk\/?p=52143#primaryimage"},"thumbnailUrl":"https:\/\/www.vkpbratislava.sk\/wp-content\/uploads\/2026\/02\/DSC01725-scaled.jpg","datePublished":"2026-03-15T18:52:08+00:00","breadcrumb":{"@id":"https:\/\/www.vkpbratislava.sk\/?p=52143#breadcrumb"},"inLanguage":"sk-SK","potentialAction":[{"@type":"ReadAction","target":["https:\/\/www.vkpbratislava.sk\/?p=52143"]}]},{"@type":"ImageObject","inLanguage":"sk-SK","@id":"https:\/\/www.vkpbratislava.sk\/?p=52143#primaryimage","url":"https:\/\/www.vkpbratislava.sk\/wp-content\/uploads\/2026\/02\/DSC01725-scaled.jpg","contentUrl":"https:\/\/www.vkpbratislava.sk\/wp-content\/uploads\/2026\/02\/DSC01725-scaled.jpg","width":2560,"height":1707},{"@type":"BreadcrumbList","@id":"https:\/\/www.vkpbratislava.sk\/?p=52143#breadcrumb","itemListElement":[{"@type":"ListItem","position":1,"name":"Domov","item":"https:\/\/www.vkpbratislava.sk\/"},{"@type":"ListItem","position":2,"name":"V\u00ed\u0165azn\u00e1 bodka pred play-off"}]},{"@type":"WebSite","@id":"https:\/\/www.vkpbratislava.sk\/#website","url":"https:\/\/www.vkpbratislava.sk\/","name":"VK SLOVAN Bratislava","description":"Volejbalov\u00fd klub","publisher":{"@id":"https:\/\/www.vkpbratislava.sk\/#organization"},"potentialAction":[{"@type":"SearchAction","target":{"@type":"EntryPoint","urlTemplate":"https:\/\/www.vkpbratislava.sk\/?s={search_term_string}"},"query-input":{"@type":"PropertyValueSpecification","valueRequired":true,"valueName":"search_term_string"}}],"inLanguage":"sk-SK"},{"@type":"Organization","@id":"https:\/\/www.vkpbratislava.sk\/#organization","name":"VKP Bratislava","url":"https:\/\/www.vkpbratislava.sk\/","logo":{"@type":"ImageObject","inLanguage":"sk-SK","@id":"https:\/\/www.vkpbratislava.sk\/#\/schema\/logo\/image\/","url":"https:\/\/www.vkpbratislava.sk\/wp-content\/uploads\/2020\/10\/vkpBA.png","contentUrl":"https:\/\/www.vkpbratislava.sk\/wp-content\/uploads\/2020\/10\/vkpBA.png","width":600,"height":600,"caption":"VKP Bratislava"},"image":{"@id":"https:\/\/www.vkpbratislava.sk\/#\/schema\/logo\/image\/"}},{"@type":"Person","@id":"https:\/\/www.vkpbratislava.sk\/#\/schema\/person\/7037e769f9515aa58493d1b5852c4c50","name":"jenca","image":{"@type":"ImageObject","inLanguage":"sk-SK","@id":"https:\/\/www.vkpbratislava.sk\/#\/schema\/person\/image\/","url":"https:\/\/secure.gravatar.com\/avatar\/67aa89e9aab2911bbd0c6fbf0a891ea8d80c207c9b6a6e2c96e13fc2f16e536d?s=96&d=mm&r=g","contentUrl":"https:\/\/secure.gravatar.com\/avatar\/67aa89e9aab2911bbd0c6fbf0a891ea8d80c207c9b6a6e2c96e13fc2f16e536d?s=96&d=mm&r=g","caption":"jenca"},"url":"https:\/\/www.vkpbratislava.sk\/?author=3"}]}},"_links":{"self":[{"href":"https:\/\/www.vkpbratislava.sk\/index.php?rest_route=\/wp\/v2\/posts\/52143","targetHints":{"allow":["GET"]}}],"collection":[{"href":"https:\/\/www.vkpbratislava.sk\/index.php?rest_route=\/wp\/v2\/posts"}],"about":[{"href":"https:\/\/www.vkpbratislava.sk\/index.php?rest_route=\/wp\/v2\/types\/post"}],"author":[{"embeddable":true,"href":"https:\/\/www.vkpbratislava.sk\/index.php?rest_route=\/wp\/v2\/users\/3"}],"replies":[{"embeddable":true,"href":"https:\/\/www.vkpbratislava.sk\/index.php?rest_route=%2Fwp%2Fv2%2Fcomments&post=52143"}],"version-history":[{"count":1,"href":"https:\/\/www.vkpbratislava.sk\/index.php?rest_route=\/wp\/v2\/posts\/52143\/revisions"}],"predecessor-version":[{"id":52145,"href":"https:\/\/www.vkpbratislava.sk\/index.php?rest_route=\/wp\/v2\/posts\/52143\/revisions\/52145"}],"wp:featuredmedia":[{"embeddable":true,"href":"https:\/\/www.vkpbratislava.sk\/index.php?rest_route=\/wp\/v2\/media\/50660"}],"wp:attachment":[{"href":"https:\/\/www.vkpbratislava.sk\/index.php?rest_route=%2Fwp%2Fv2%2Fmedia&parent=52143"}],"wp:term":[{"taxonomy":"category","embeddable":true,"href":"https:\/\/www.vkpbratislava.sk\/index.php?rest_route=%2Fwp%2Fv2%2Fcategories&post=52143"},{"taxonomy":"post_tag","embeddable":true,"href":"https:\/\/www.vkpbratislava.sk\/index.php?rest_route=%2Fwp%2Fv2%2Ftags&post=52143"}],"curies":[{"name":"wp","href":"https:\/\/api.w.org\/{rel}","templated":true}]}}