{"id":52146,"date":"2026-03-15T19:58:40","date_gmt":"2026-03-15T18:58:40","guid":{"rendered":"https:\/\/www.vkpbratislava.sk\/?p=52146"},"modified":"2026-03-15T19:58:40","modified_gmt":"2026-03-15T18:58:40","slug":"slovan-zvladol-stvorsetovu-dramu-pod-duklou","status":"publish","type":"post","link":"https:\/\/www.vkpbratislava.sk\/?p=52146","title":{"rendered":"Slovan zvl\u00e1dol \u0161tvorsetov\u00fa dr\u00e1mu pod Duklou"},"content":{"rendered":"<p><strong>Belas\u00ed sa predstavili v Svidn\u00edku len tri dni po semifin\u00e1lovej odvete Challenge Cupu proti Lindemansu Aalst. Po novembrovej dom\u00e1cej prehre 1:3 tentoraz rovnak\u00fdm pomerom zv\u00ed\u0165azili a prip\u00edsali si \u010fal\u0161\u00ed d\u00f4le\u017eit\u00fd triumf.<\/strong><\/p>\n<p>&nbsp;<\/p>\n<p>Z\u00e1pas zhodnotil Mari\u00e1n Vitko ml., tr\u00e9ner TJ Sl\u00e1via: <strong>\u201eSo s\u00faperom ako Bratislava nem\u00f4\u017eeme urobi\u0165 to\u013eko ch\u00fdb po lopt\u00e1ch z perfektu alebo po freeballoch. To n\u00e1s ur\u010dite st\u00e1lo lep\u0161\u00ed v\u00fdsledok. Bratislave blaho\u017eel\u00e1m a my sa u\u017e pripravujeme na Myjavu.\u201c<\/strong><\/p>\n<p><strong>\u201eBol to tak ako sme o\u010dak\u00e1vali \u0165a\u017ek\u00fd a dramatick\u00fd z\u00e1pas. Prv\u00fd set sme sa dr\u017eali do koncovky, ale tam n\u00e1m dom\u00e1ci u\u0161li. Potom sme dva sety boli dobr\u00ed na servise. Ten \u0161tvrt\u00fd set boli asi najdramatickej\u0161\u00ed, ke\u010f sme vyhr\u00e1vali o dva \u2013 tri body, ale dom\u00e1ci zlep\u0161enou hrou na \u00fatoku n\u00e1s potr\u00e1pili. Nemali \u010do strati\u0165, ale dopadlo to so \u0161\u0165astn\u00fdm koncom pre n\u00e1s,\u201c<\/strong> dodal Robin P\u011blucha, tr\u00e9ner VK Slovan.<\/p>\n<p><strong>\u00a0<\/strong><\/p>\n<p><strong>Nik\u00e9 Extraliga mu\u017eov \u2013 z\u00e1kladn\u00e1 \u010das\u0165 &#8211; 20. kolo \u2013 sobota:<\/strong><\/p>\n<p><strong>TJ Sl\u00e1via Svidn\u00edk \u2013 VK Slovan Bratislava 1:3 (24, -19, -18, -23)<\/strong><\/p>\n<p><strong>Hr\u00e1\u010d z\u00e1pasu:<\/strong> Juraj Za\u0165ko (VK Slovan Bratislava)<\/p>\n<p><strong>TJ SL\u00c1VIA:<\/strong> R. Vitko 2, M. Sopko ml. 20, Matu\u0161ovsk\u00fd 4, Bogn\u00e1r 21, Klochko 7, Michal \u010cerve\u0148 ml. 4, libero M. Vitko ml. (Karandu\u0161ovsk\u00fd 1, Jurko 0, Skasko 4, Mi\u0161\u010d\u00edk 1, Tholt 1). Tr\u00e9ner: M. Vitko ml.<\/p>\n<p><strong>VK SLOVAN:<\/strong> \u0160ellong 11, Za\u0165ko 0, Truba\u010d 17, Marjov 11, Mlynar\u010d\u00edk 23, Kri\u0161ko 11, libero Jakub\u00edk (Michalovi\u010d 1, Fo\u0159t 1). Tr\u00e9ner: R. P\u011blucha<\/p>\n<p><strong>Rozhodovali: <\/strong>H\u00f6ger a Porvazn\u00edk \u2013 134 div\u00e1kov.<\/p>\n<p>&nbsp;<\/p>\n<p>Zdroj: VK Slovan, svf<\/p>\n<p>&nbsp;<\/p>\n<p>&nbsp;<\/p>\n","protected":false},"excerpt":{"rendered":"<p>Belas\u00ed sa predstavili v Svidn\u00edku len tri dni po semifin\u00e1lovej odvete Challenge Cupu proti Lindemansu Aalst. Po novembrovej dom\u00e1cej prehre 1:3 tentoraz rovnak\u00fdm pomerom zv\u00ed\u0165azili a prip\u00edsali si \u010fal\u0161\u00ed d\u00f4le\u017eit\u00fd triumf. &nbsp; Z\u00e1pas zhodnotil Mari\u00e1n Vitko ml., tr\u00e9ner TJ Sl\u00e1via: \u201eSo s\u00faperom ako Bratislava nem\u00f4\u017eeme urobi\u0165 to\u013eko ch\u00fdb po lopt\u00e1ch z perfektu alebo po freeballoch&#8230;.<\/p>\n","protected":false},"author":3,"featured_media":52070,"comment_status":"closed","ping_status":"closed","sticky":false,"template":"","format":"standard","meta":{"_monsterinsights_skip_tracking":false,"_monsterinsights_sitenote_active":false,"_monsterinsights_sitenote_note":"","_monsterinsights_sitenote_category":0,"footnotes":""},"categories":[47],"tags":[],"class_list":["post-52146","post","type-post","status-publish","format-standard","has-post-thumbnail","hentry","category-muzi"],"yoast_head":"<!-- This site is optimized with the Yoast SEO plugin v25.6 - https:\/\/yoast.com\/wordpress\/plugins\/seo\/ -->\n<title>Slovan zvl\u00e1dol \u0161tvorsetov\u00fa dr\u00e1mu pod Duklou - VK SLOVAN Bratislava<\/title>\n<meta name=\"robots\" content=\"index, follow, max-snippet:-1, max-image-preview:large, max-video-preview:-1\" \/>\n<link rel=\"canonical\" href=\"https:\/\/www.vkpbratislava.sk\/?p=52146\" \/>\n<meta property=\"og:locale\" content=\"sk_SK\" \/>\n<meta property=\"og:type\" content=\"article\" \/>\n<meta property=\"og:title\" content=\"Slovan zvl\u00e1dol \u0161tvorsetov\u00fa dr\u00e1mu pod Duklou - VK SLOVAN Bratislava\" \/>\n<meta property=\"og:description\" content=\"Belas\u00ed sa predstavili v Svidn\u00edku len tri dni po semifin\u00e1lovej odvete Challenge Cupu proti Lindemansu Aalst. Po novembrovej dom\u00e1cej prehre 1:3 tentoraz rovnak\u00fdm pomerom zv\u00ed\u0165azili a prip\u00edsali si \u010fal\u0161\u00ed d\u00f4le\u017eit\u00fd triumf. &nbsp; Z\u00e1pas zhodnotil Mari\u00e1n Vitko ml., tr\u00e9ner TJ Sl\u00e1via: \u201eSo s\u00faperom ako Bratislava nem\u00f4\u017eeme urobi\u0165 to\u013eko ch\u00fdb po lopt\u00e1ch z perfektu alebo po freeballoch....\" \/>\n<meta property=\"og:url\" content=\"https:\/\/www.vkpbratislava.sk\/?p=52146\" \/>\n<meta property=\"og:site_name\" content=\"VK SLOVAN Bratislava\" \/>\n<meta property=\"article:published_time\" content=\"2026-03-15T18:58:40+00:00\" \/>\n<meta property=\"og:image\" content=\"https:\/\/www.vkpbratislava.sk\/wp-content\/uploads\/2026\/03\/MS_20260314_ELSlovanvsSvidnik-18-1280x853.jpg\" \/>\n\t<meta property=\"og:image:width\" content=\"1280\" \/>\n\t<meta property=\"og:image:height\" content=\"853\" \/>\n\t<meta property=\"og:image:type\" content=\"image\/jpeg\" \/>\n<meta name=\"author\" content=\"jenca\" \/>\n<meta name=\"twitter:card\" content=\"summary_large_image\" \/>\n<meta name=\"twitter:label1\" content=\"Autor\" \/>\n\t<meta name=\"twitter:data1\" content=\"jenca\" \/>\n\t<meta name=\"twitter:label2\" content=\"Predpokladan\u00fd \u010das \u010d\u00edtania\" \/>\n\t<meta name=\"twitter:data2\" content=\"1 min\u00fata\" \/>\n<script type=\"application\/ld+json\" class=\"yoast-schema-graph\">{\"@context\":\"https:\/\/schema.org\",\"@graph\":[{\"@type\":\"Article\",\"@id\":\"https:\/\/www.vkpbratislava.sk\/?p=52146#article\",\"isPartOf\":{\"@id\":\"https:\/\/www.vkpbratislava.sk\/?p=52146\"},\"author\":{\"name\":\"jenca\",\"@id\":\"https:\/\/www.vkpbratislava.sk\/#\/schema\/person\/7037e769f9515aa58493d1b5852c4c50\"},\"headline\":\"Slovan zvl\u00e1dol \u0161tvorsetov\u00fa dr\u00e1mu pod Duklou\",\"datePublished\":\"2026-03-15T18:58:40+00:00\",\"mainEntityOfPage\":{\"@id\":\"https:\/\/www.vkpbratislava.sk\/?p=52146\"},\"wordCount\":284,\"publisher\":{\"@id\":\"https:\/\/www.vkpbratislava.sk\/#organization\"},\"image\":{\"@id\":\"https:\/\/www.vkpbratislava.sk\/?p=52146#primaryimage\"},\"thumbnailUrl\":\"https:\/\/www.vkpbratislava.sk\/wp-content\/uploads\/2026\/03\/MS_20260314_ELSlovanvsSvidnik-18.jpg\",\"articleSection\":[\"Mu\u017ei\"],\"inLanguage\":\"sk-SK\"},{\"@type\":\"WebPage\",\"@id\":\"https:\/\/www.vkpbratislava.sk\/?p=52146\",\"url\":\"https:\/\/www.vkpbratislava.sk\/?p=52146\",\"name\":\"Slovan zvl\u00e1dol \u0161tvorsetov\u00fa dr\u00e1mu pod Duklou - VK SLOVAN Bratislava\",\"isPartOf\":{\"@id\":\"https:\/\/www.vkpbratislava.sk\/#website\"},\"primaryImageOfPage\":{\"@id\":\"https:\/\/www.vkpbratislava.sk\/?p=52146#primaryimage\"},\"image\":{\"@id\":\"https:\/\/www.vkpbratislava.sk\/?p=52146#primaryimage\"},\"thumbnailUrl\":\"https:\/\/www.vkpbratislava.sk\/wp-content\/uploads\/2026\/03\/MS_20260314_ELSlovanvsSvidnik-18.jpg\",\"datePublished\":\"2026-03-15T18:58:40+00:00\",\"breadcrumb\":{\"@id\":\"https:\/\/www.vkpbratislava.sk\/?p=52146#breadcrumb\"},\"inLanguage\":\"sk-SK\",\"potentialAction\":[{\"@type\":\"ReadAction\",\"target\":[\"https:\/\/www.vkpbratislava.sk\/?p=52146\"]}]},{\"@type\":\"ImageObject\",\"inLanguage\":\"sk-SK\",\"@id\":\"https:\/\/www.vkpbratislava.sk\/?p=52146#primaryimage\",\"url\":\"https:\/\/www.vkpbratislava.sk\/wp-content\/uploads\/2026\/03\/MS_20260314_ELSlovanvsSvidnik-18.jpg\",\"contentUrl\":\"https:\/\/www.vkpbratislava.sk\/wp-content\/uploads\/2026\/03\/MS_20260314_ELSlovanvsSvidnik-18.jpg\",\"width\":2048,\"height\":1365},{\"@type\":\"BreadcrumbList\",\"@id\":\"https:\/\/www.vkpbratislava.sk\/?p=52146#breadcrumb\",\"itemListElement\":[{\"@type\":\"ListItem\",\"position\":1,\"name\":\"Domov\",\"item\":\"https:\/\/www.vkpbratislava.sk\/\"},{\"@type\":\"ListItem\",\"position\":2,\"name\":\"Slovan zvl\u00e1dol \u0161tvorsetov\u00fa dr\u00e1mu pod Duklou\"}]},{\"@type\":\"WebSite\",\"@id\":\"https:\/\/www.vkpbratislava.sk\/#website\",\"url\":\"https:\/\/www.vkpbratislava.sk\/\",\"name\":\"VK SLOVAN Bratislava\",\"description\":\"Volejbalov\u00fd klub\",\"publisher\":{\"@id\":\"https:\/\/www.vkpbratislava.sk\/#organization\"},\"potentialAction\":[{\"@type\":\"SearchAction\",\"target\":{\"@type\":\"EntryPoint\",\"urlTemplate\":\"https:\/\/www.vkpbratislava.sk\/?s={search_term_string}\"},\"query-input\":{\"@type\":\"PropertyValueSpecification\",\"valueRequired\":true,\"valueName\":\"search_term_string\"}}],\"inLanguage\":\"sk-SK\"},{\"@type\":\"Organization\",\"@id\":\"https:\/\/www.vkpbratislava.sk\/#organization\",\"name\":\"VKP Bratislava\",\"url\":\"https:\/\/www.vkpbratislava.sk\/\",\"logo\":{\"@type\":\"ImageObject\",\"inLanguage\":\"sk-SK\",\"@id\":\"https:\/\/www.vkpbratislava.sk\/#\/schema\/logo\/image\/\",\"url\":\"https:\/\/www.vkpbratislava.sk\/wp-content\/uploads\/2020\/10\/vkpBA.png\",\"contentUrl\":\"https:\/\/www.vkpbratislava.sk\/wp-content\/uploads\/2020\/10\/vkpBA.png\",\"width\":600,\"height\":600,\"caption\":\"VKP Bratislava\"},\"image\":{\"@id\":\"https:\/\/www.vkpbratislava.sk\/#\/schema\/logo\/image\/\"}},{\"@type\":\"Person\",\"@id\":\"https:\/\/www.vkpbratislava.sk\/#\/schema\/person\/7037e769f9515aa58493d1b5852c4c50\",\"name\":\"jenca\",\"image\":{\"@type\":\"ImageObject\",\"inLanguage\":\"sk-SK\",\"@id\":\"https:\/\/www.vkpbratislava.sk\/#\/schema\/person\/image\/\",\"url\":\"https:\/\/secure.gravatar.com\/avatar\/67aa89e9aab2911bbd0c6fbf0a891ea8d80c207c9b6a6e2c96e13fc2f16e536d?s=96&d=mm&r=g\",\"contentUrl\":\"https:\/\/secure.gravatar.com\/avatar\/67aa89e9aab2911bbd0c6fbf0a891ea8d80c207c9b6a6e2c96e13fc2f16e536d?s=96&d=mm&r=g\",\"caption\":\"jenca\"},\"url\":\"https:\/\/www.vkpbratislava.sk\/?author=3\"}]}<\/script>\n<!-- \/ Yoast SEO plugin. -->","yoast_head_json":{"title":"Slovan zvl\u00e1dol \u0161tvorsetov\u00fa dr\u00e1mu pod Duklou - VK SLOVAN Bratislava","robots":{"index":"index","follow":"follow","max-snippet":"max-snippet:-1","max-image-preview":"max-image-preview:large","max-video-preview":"max-video-preview:-1"},"canonical":"https:\/\/www.vkpbratislava.sk\/?p=52146","og_locale":"sk_SK","og_type":"article","og_title":"Slovan zvl\u00e1dol \u0161tvorsetov\u00fa dr\u00e1mu pod Duklou - VK SLOVAN Bratislava","og_description":"Belas\u00ed sa predstavili v Svidn\u00edku len tri dni po semifin\u00e1lovej odvete Challenge Cupu proti Lindemansu Aalst. Po novembrovej dom\u00e1cej prehre 1:3 tentoraz rovnak\u00fdm pomerom zv\u00ed\u0165azili a prip\u00edsali si \u010fal\u0161\u00ed d\u00f4le\u017eit\u00fd triumf. &nbsp; Z\u00e1pas zhodnotil Mari\u00e1n Vitko ml., tr\u00e9ner TJ Sl\u00e1via: \u201eSo s\u00faperom ako Bratislava nem\u00f4\u017eeme urobi\u0165 to\u013eko ch\u00fdb po lopt\u00e1ch z perfektu alebo po freeballoch....","og_url":"https:\/\/www.vkpbratislava.sk\/?p=52146","og_site_name":"VK SLOVAN Bratislava","article_published_time":"2026-03-15T18:58:40+00:00","og_image":[{"width":1280,"height":853,"url":"https:\/\/www.vkpbratislava.sk\/wp-content\/uploads\/2026\/03\/MS_20260314_ELSlovanvsSvidnik-18-1280x853.jpg","type":"image\/jpeg"}],"author":"jenca","twitter_card":"summary_large_image","twitter_misc":{"Autor":"jenca","Predpokladan\u00fd \u010das \u010d\u00edtania":"1 min\u00fata"},"schema":{"@context":"https:\/\/schema.org","@graph":[{"@type":"Article","@id":"https:\/\/www.vkpbratislava.sk\/?p=52146#article","isPartOf":{"@id":"https:\/\/www.vkpbratislava.sk\/?p=52146"},"author":{"name":"jenca","@id":"https:\/\/www.vkpbratislava.sk\/#\/schema\/person\/7037e769f9515aa58493d1b5852c4c50"},"headline":"Slovan zvl\u00e1dol \u0161tvorsetov\u00fa dr\u00e1mu pod Duklou","datePublished":"2026-03-15T18:58:40+00:00","mainEntityOfPage":{"@id":"https:\/\/www.vkpbratislava.sk\/?p=52146"},"wordCount":284,"publisher":{"@id":"https:\/\/www.vkpbratislava.sk\/#organization"},"image":{"@id":"https:\/\/www.vkpbratislava.sk\/?p=52146#primaryimage"},"thumbnailUrl":"https:\/\/www.vkpbratislava.sk\/wp-content\/uploads\/2026\/03\/MS_20260314_ELSlovanvsSvidnik-18.jpg","articleSection":["Mu\u017ei"],"inLanguage":"sk-SK"},{"@type":"WebPage","@id":"https:\/\/www.vkpbratislava.sk\/?p=52146","url":"https:\/\/www.vkpbratislava.sk\/?p=52146","name":"Slovan zvl\u00e1dol \u0161tvorsetov\u00fa dr\u00e1mu pod Duklou - VK SLOVAN Bratislava","isPartOf":{"@id":"https:\/\/www.vkpbratislava.sk\/#website"},"primaryImageOfPage":{"@id":"https:\/\/www.vkpbratislava.sk\/?p=52146#primaryimage"},"image":{"@id":"https:\/\/www.vkpbratislava.sk\/?p=52146#primaryimage"},"thumbnailUrl":"https:\/\/www.vkpbratislava.sk\/wp-content\/uploads\/2026\/03\/MS_20260314_ELSlovanvsSvidnik-18.jpg","datePublished":"2026-03-15T18:58:40+00:00","breadcrumb":{"@id":"https:\/\/www.vkpbratislava.sk\/?p=52146#breadcrumb"},"inLanguage":"sk-SK","potentialAction":[{"@type":"ReadAction","target":["https:\/\/www.vkpbratislava.sk\/?p=52146"]}]},{"@type":"ImageObject","inLanguage":"sk-SK","@id":"https:\/\/www.vkpbratislava.sk\/?p=52146#primaryimage","url":"https:\/\/www.vkpbratislava.sk\/wp-content\/uploads\/2026\/03\/MS_20260314_ELSlovanvsSvidnik-18.jpg","contentUrl":"https:\/\/www.vkpbratislava.sk\/wp-content\/uploads\/2026\/03\/MS_20260314_ELSlovanvsSvidnik-18.jpg","width":2048,"height":1365},{"@type":"BreadcrumbList","@id":"https:\/\/www.vkpbratislava.sk\/?p=52146#breadcrumb","itemListElement":[{"@type":"ListItem","position":1,"name":"Domov","item":"https:\/\/www.vkpbratislava.sk\/"},{"@type":"ListItem","position":2,"name":"Slovan zvl\u00e1dol \u0161tvorsetov\u00fa dr\u00e1mu pod Duklou"}]},{"@type":"WebSite","@id":"https:\/\/www.vkpbratislava.sk\/#website","url":"https:\/\/www.vkpbratislava.sk\/","name":"VK SLOVAN Bratislava","description":"Volejbalov\u00fd klub","publisher":{"@id":"https:\/\/www.vkpbratislava.sk\/#organization"},"potentialAction":[{"@type":"SearchAction","target":{"@type":"EntryPoint","urlTemplate":"https:\/\/www.vkpbratislava.sk\/?s={search_term_string}"},"query-input":{"@type":"PropertyValueSpecification","valueRequired":true,"valueName":"search_term_string"}}],"inLanguage":"sk-SK"},{"@type":"Organization","@id":"https:\/\/www.vkpbratislava.sk\/#organization","name":"VKP Bratislava","url":"https:\/\/www.vkpbratislava.sk\/","logo":{"@type":"ImageObject","inLanguage":"sk-SK","@id":"https:\/\/www.vkpbratislava.sk\/#\/schema\/logo\/image\/","url":"https:\/\/www.vkpbratislava.sk\/wp-content\/uploads\/2020\/10\/vkpBA.png","contentUrl":"https:\/\/www.vkpbratislava.sk\/wp-content\/uploads\/2020\/10\/vkpBA.png","width":600,"height":600,"caption":"VKP Bratislava"},"image":{"@id":"https:\/\/www.vkpbratislava.sk\/#\/schema\/logo\/image\/"}},{"@type":"Person","@id":"https:\/\/www.vkpbratislava.sk\/#\/schema\/person\/7037e769f9515aa58493d1b5852c4c50","name":"jenca","image":{"@type":"ImageObject","inLanguage":"sk-SK","@id":"https:\/\/www.vkpbratislava.sk\/#\/schema\/person\/image\/","url":"https:\/\/secure.gravatar.com\/avatar\/67aa89e9aab2911bbd0c6fbf0a891ea8d80c207c9b6a6e2c96e13fc2f16e536d?s=96&d=mm&r=g","contentUrl":"https:\/\/secure.gravatar.com\/avatar\/67aa89e9aab2911bbd0c6fbf0a891ea8d80c207c9b6a6e2c96e13fc2f16e536d?s=96&d=mm&r=g","caption":"jenca"},"url":"https:\/\/www.vkpbratislava.sk\/?author=3"}]}},"_links":{"self":[{"href":"https:\/\/www.vkpbratislava.sk\/index.php?rest_route=\/wp\/v2\/posts\/52146","targetHints":{"allow":["GET"]}}],"collection":[{"href":"https:\/\/www.vkpbratislava.sk\/index.php?rest_route=\/wp\/v2\/posts"}],"about":[{"href":"https:\/\/www.vkpbratislava.sk\/index.php?rest_route=\/wp\/v2\/types\/post"}],"author":[{"embeddable":true,"href":"https:\/\/www.vkpbratislava.sk\/index.php?rest_route=\/wp\/v2\/users\/3"}],"replies":[{"embeddable":true,"href":"https:\/\/www.vkpbratislava.sk\/index.php?rest_route=%2Fwp%2Fv2%2Fcomments&post=52146"}],"version-history":[{"count":1,"href":"https:\/\/www.vkpbratislava.sk\/index.php?rest_route=\/wp\/v2\/posts\/52146\/revisions"}],"predecessor-version":[{"id":52147,"href":"https:\/\/www.vkpbratislava.sk\/index.php?rest_route=\/wp\/v2\/posts\/52146\/revisions\/52147"}],"wp:featuredmedia":[{"embeddable":true,"href":"https:\/\/www.vkpbratislava.sk\/index.php?rest_route=\/wp\/v2\/media\/52070"}],"wp:attachment":[{"href":"https:\/\/www.vkpbratislava.sk\/index.php?rest_route=%2Fwp%2Fv2%2Fmedia&parent=52146"}],"wp:term":[{"taxonomy":"category","embeddable":true,"href":"https:\/\/www.vkpbratislava.sk\/index.php?rest_route=%2Fwp%2Fv2%2Fcategories&post=52146"},{"taxonomy":"post_tag","embeddable":true,"href":"https:\/\/www.vkpbratislava.sk\/index.php?rest_route=%2Fwp%2Fv2%2Ftags&post=52146"}],"curies":[{"name":"wp","href":"https:\/\/api.w.org\/{rel}","templated":true}]}}