{"id":5220,"date":"2021-05-11T10:44:18","date_gmt":"2021-05-11T08:44:18","guid":{"rendered":"https:\/\/www.vkpbratislava.sk\/?p=5220"},"modified":"2021-05-11T10:44:18","modified_gmt":"2021-05-11T08:44:18","slug":"uvodna-misia-splnena-aj-s-nasimi-zatkom-a-nemcom","status":"publish","type":"post","link":"https:\/\/www.vkpbratislava.sk\/?p=5220","title":{"rendered":"\u00davodn\u00e1 misia splnen\u00e1, aj s\u00a0na\u0161imi Za\u0165kom a Nemcom"},"content":{"rendered":"<p><strong>Slovensk\u00e1 volejbalov\u00e1 reprezent\u00e1cia mu\u017eov z\u00edskala v\u00a0prvom kvalifika\u010dnom turnaji v\u00a0Nitre pln\u00fd po\u010det 9 bodov a\u00a0je krok od postupu na majstrovstv\u00e1 Eur\u00f3py. K\u013e\u00fa\u010dov\u00fdmi hr\u00e1\u010dmi v\u00a0n\u00e1rodnom drese bola aj dvojica z\u00a0VKP Bratislava &#8211; nahr\u00e1va\u010d Juraj Za\u0165ko a\u00a0libero \u013dubo\u0161 Nemec.<\/strong><\/p>\n<p>Doma na\u0161i reprezentanti postupne zdolali \u0160vaj\u010diarsko (3:0),\u00a0Rumunsko (3:1) a\u00a0Alb\u00e1nsko (3:1). So ziskom deviatich bodov maj\u00fa v\u00fdborn\u00fa v\u00fdchodiskov\u00fa poz\u00edciu pred nasleduj\u00facim turnajom v\u00a0rumunskom Ploje\u0161ti (14. &#8211; 16. m\u00e1ja). \u201eSme radi, \u017ee sme z\u00edskali dev\u00e4\u0165, \u010d\u00edm sme splnili n\u00e1\u0161 cie\u013e. V\u00a0celom turnaji sme stratili len dva sety. V\u00a0Rumunsku bude d\u00f4le\u017eit\u00fd hne\u010f \u00favodn\u00fd z\u00e1pas proti \u0160vaj\u010diarsku. V\u00ed\u0165azstvo n\u00e1m, pravdepodobne, zabezpe\u010d\u00ed postup na eur\u00f3psky \u0161ampion\u00e1t. Je to otvoren\u00e9, v\u00f4bec si nem\u00f4\u017eeme dovoli\u0165 po\u013eavi\u0165 a\u00a0mus\u00edme sa s\u00fastredi\u0165 na nasleduj\u00faci turnaj,\u201c povedal v\u00a0rozhovore pre RTVS kapit\u00e1n VKP Bratislava Juraj Za\u0165ko, ktor\u00fd m\u00e1 na konte 248 z\u00e1pasov v\u00a0najcennej\u0161om drese. Je tak rekord\u00e9rom v\u00a0po\u010dte odohrat\u00fdch z\u00e1pasov za slovensk\u00fa reprezent\u00e1ciu. V\u00a0sobotu m\u00f4\u017ee v\u00a0Rumunsku zaokr\u00fahli\u0165 svoje \u0161tarty na \u010d\u00edsle 250. \u201eC\u00edtim sa ve\u013emi dobre fyzicky. P\u00e1r chalanov som pre\u017eil takmer cel\u00fd \u017eivot. Je to pre m\u0148a prirodzen\u00e9 prostredie a\u00a0som r\u00e1d, \u017ee m\u00f4\u017eem by\u0165 v\u00a0n\u00e1rodnom t\u00edme, hoci si to vy\u017eiadalo ur\u010dit\u00e9 \u00fastupky. D\u00fafam, \u017ee moja misia bude \u00faspe\u0161n\u00e1 a\u00a0vybojujeme postup na majstrovstv\u00e1 Eur\u00f3py,\u201c doplnil Juraj Za\u0165ko, ktor\u00fd \u0161estku na drese VKP vymenil za p\u00e4tn\u00e1stku vo farb\u00e1ch Slovenska.<\/p>\n<p>D\u00f4le\u017eit\u00fdm \u010dl\u00e1nkom v\u00a0t\u00edme Mareka Kardo\u0161a je aj na\u0161e libero \u013dubo\u0161 Nemec, ktor\u00fd rovnako ako Za\u0165ko zasiahol do v\u0161etk\u00fdch troch dom\u00e1cich stretnut\u00ed a\u00a0prispel k\u00a0pln\u00e9mu bodov\u00e9mu zisku. Aktu\u00e1lne sa obaja \u201epolicajti\u201c pripravuj\u00fa s\u00a0reprezent\u00e1ciou v\u00a0P\u00fachove. \u201eS v\u00fdsledkami v\u00a0prv\u00fdch troch z\u00e1pasoch v Nitre sme ve\u013emi spokojn\u00ed. Dosiahli sme maxim\u00e1lny po\u010det bodov. Men\u0161ie prekvapenia nastalo, ke\u010f \u0160vaj\u010diari porazili Rumunsko, \u010do sme ne\u010dakali. T\u00fdm p\u00e1dom bude pre n\u00e1s ve\u013emi, ve\u013emi d\u00f4le\u017eit\u00fd s\u00faboj so \u0160vaj\u010diarmi hne\u010f v\u00a0\u00favodnom z\u00e1pase v\u00a0Rumunsku. Mysl\u00edm si, \u017ee m\u00f4\u017eeme by\u0165 spokojn\u00ed aj s\u00a0na\u0161imi v\u00fdkonmi, ale vieme, kde m\u00e1me e\u0161te rezervy a\u00a0na \u010dom m\u00f4\u017eeme zapracova\u0165 a\u00a0zlep\u0161i\u0165 sa do \u010fal\u0161ieho turnaja. V\u0161etci sa te\u0161\u00edme a\u00a0ver\u00edm, \u017ee sa n\u00e1m podar\u00ed post\u00fapi\u0165 a\u00a0kvalifikova\u0165 sa na majstrovstv\u00e1 Eur\u00f3py,\u201c uviedol \u013dubo\u0161 Nemec.<\/p>\n<p><span style=\"text-decoration: underline\">Program Slovenska v\u00a0Ploje\u0161ti:<\/span><\/p>\n<p><strong>piatok 14. m\u00e1ja<\/strong><\/p>\n<p>Slovensko &#8211; \u0160vaj\u010diarsko (19.00 h)<\/p>\n<p><strong>sobota 15. m\u00e1ja<\/strong><\/p>\n<p>Alb\u00e1nsko &#8211; Slovensko (19.00 h)<\/p>\n<p><strong>nede\u013ea 16. m\u00e1ja<\/strong><\/p>\n<p>Rumunsko &#8211; Slovensko (16.00 h)<\/p>\n<p>V\u0161etky z\u00e1pasy m\u00f4\u017eete sledova\u0165 v\u00a0priamych prenosoch na Huste.TV<\/p>\n<p>mb, foto: SVF\/Vladim\u00edr Pyxel Domen<\/p>\n","protected":false},"excerpt":{"rendered":"<p>Slovensk\u00e1 volejbalov\u00e1 reprezent\u00e1cia mu\u017eov z\u00edskala v\u00a0prvom kvalifika\u010dnom turnaji v\u00a0Nitre pln\u00fd po\u010det 9 bodov a\u00a0je krok od postupu na majstrovstv\u00e1 Eur\u00f3py. K\u013e\u00fa\u010dov\u00fdmi hr\u00e1\u010dmi v\u00a0n\u00e1rodnom drese bola aj dvojica z\u00a0VKP Bratislava &#8211; nahr\u00e1va\u010d Juraj Za\u0165ko a\u00a0libero \u013dubo\u0161 Nemec.<\/p>\n","protected":false},"author":3,"featured_media":5222,"comment_status":"closed","ping_status":"open","sticky":false,"template":"","format":"standard","meta":{"_monsterinsights_skip_tracking":false,"_monsterinsights_sitenote_active":false,"_monsterinsights_sitenote_note":"","_monsterinsights_sitenote_category":0,"footnotes":""},"categories":[47],"tags":[],"class_list":["post-5220","post","type-post","status-publish","format-standard","has-post-thumbnail","hentry","category-muzi"],"yoast_head":"<!-- This site is optimized with the Yoast SEO plugin v25.6 - https:\/\/yoast.com\/wordpress\/plugins\/seo\/ -->\n<title>\u00davodn\u00e1 misia splnen\u00e1, aj s\u00a0na\u0161imi Za\u0165kom a Nemcom - VK SLOVAN Bratislava<\/title>\n<meta name=\"description\" content=\"Slovensk\u00e1 volejbalov\u00e1 reprezent\u00e1cia mu\u017eov z\u00edskala v\u00a0prvom kvalifika\u010dnom turnaji v\u00a0Nitre pln\u00fd po\u010det 9 bodov a\u00a0je krok od postupu na majstrovstv\u00e1 Eur\u00f3py. K\u013e\u00fa\u010dov\u00fdmi hr\u00e1\u010dmi v\u00a0n\u00e1rodnom drese bola aj dvojica z\u00a0VKP Bratislava - nahr\u00e1va\u010d Juraj Za\u0165ko a\u00a0libero \u013dubo\u0161 Nemec.\" \/>\n<meta name=\"robots\" content=\"index, follow, max-snippet:-1, max-image-preview:large, max-video-preview:-1\" \/>\n<link rel=\"canonical\" href=\"https:\/\/www.vkpbratislava.sk\/?p=5220\" \/>\n<meta property=\"og:locale\" content=\"sk_SK\" \/>\n<meta property=\"og:type\" content=\"article\" \/>\n<meta property=\"og:title\" content=\"\u00davodn\u00e1 misia splnen\u00e1, aj s\u00a0na\u0161imi Za\u0165kom a Nemcom - VK SLOVAN Bratislava\" \/>\n<meta property=\"og:description\" content=\"Slovensk\u00e1 volejbalov\u00e1 reprezent\u00e1cia mu\u017eov z\u00edskala v\u00a0prvom kvalifika\u010dnom turnaji v\u00a0Nitre pln\u00fd po\u010det 9 bodov a\u00a0je krok od postupu na majstrovstv\u00e1 Eur\u00f3py. K\u013e\u00fa\u010dov\u00fdmi hr\u00e1\u010dmi v\u00a0n\u00e1rodnom drese bola aj dvojica z\u00a0VKP Bratislava - nahr\u00e1va\u010d Juraj Za\u0165ko a\u00a0libero \u013dubo\u0161 Nemec.\" \/>\n<meta property=\"og:url\" content=\"https:\/\/www.vkpbratislava.sk\/?p=5220\" \/>\n<meta property=\"og:site_name\" content=\"VK SLOVAN Bratislava\" \/>\n<meta property=\"article:published_time\" content=\"2021-05-11T08:44:18+00:00\" \/>\n<meta property=\"og:image\" content=\"https:\/\/www.vkpbratislava.sk\/wp-content\/uploads\/2021\/05\/SVK-ALB-3.jpg\" \/>\n\t<meta property=\"og:image:width\" content=\"1280\" \/>\n\t<meta property=\"og:image:height\" content=\"852\" \/>\n\t<meta property=\"og:image:type\" content=\"image\/jpeg\" \/>\n<meta name=\"author\" content=\"jenca\" \/>\n<meta name=\"twitter:card\" content=\"summary_large_image\" \/>\n<meta name=\"twitter:label1\" content=\"Autor\" \/>\n\t<meta name=\"twitter:data1\" content=\"jenca\" \/>\n\t<meta name=\"twitter:label2\" content=\"Predpokladan\u00fd \u010das \u010d\u00edtania\" \/>\n\t<meta name=\"twitter:data2\" content=\"2 min\u00faty\" \/>\n<script type=\"application\/ld+json\" class=\"yoast-schema-graph\">{\"@context\":\"https:\/\/schema.org\",\"@graph\":[{\"@type\":\"Article\",\"@id\":\"https:\/\/www.vkpbratislava.sk\/?p=5220#article\",\"isPartOf\":{\"@id\":\"https:\/\/www.vkpbratislava.sk\/?p=5220\"},\"author\":{\"name\":\"jenca\",\"@id\":\"https:\/\/www.vkpbratislava.sk\/#\/schema\/person\/7037e769f9515aa58493d1b5852c4c50\"},\"headline\":\"\u00davodn\u00e1 misia splnen\u00e1, aj s\u00a0na\u0161imi Za\u0165kom a Nemcom\",\"datePublished\":\"2021-05-11T08:44:18+00:00\",\"mainEntityOfPage\":{\"@id\":\"https:\/\/www.vkpbratislava.sk\/?p=5220\"},\"wordCount\":515,\"publisher\":{\"@id\":\"https:\/\/www.vkpbratislava.sk\/#organization\"},\"image\":{\"@id\":\"https:\/\/www.vkpbratislava.sk\/?p=5220#primaryimage\"},\"thumbnailUrl\":\"https:\/\/www.vkpbratislava.sk\/wp-content\/uploads\/2021\/05\/SVK-ALB-3.jpg\",\"articleSection\":[\"Mu\u017ei\"],\"inLanguage\":\"sk-SK\"},{\"@type\":\"WebPage\",\"@id\":\"https:\/\/www.vkpbratislava.sk\/?p=5220\",\"url\":\"https:\/\/www.vkpbratislava.sk\/?p=5220\",\"name\":\"\u00davodn\u00e1 misia splnen\u00e1, aj s\u00a0na\u0161imi Za\u0165kom a Nemcom - VK SLOVAN Bratislava\",\"isPartOf\":{\"@id\":\"https:\/\/www.vkpbratislava.sk\/#website\"},\"primaryImageOfPage\":{\"@id\":\"https:\/\/www.vkpbratislava.sk\/?p=5220#primaryimage\"},\"image\":{\"@id\":\"https:\/\/www.vkpbratislava.sk\/?p=5220#primaryimage\"},\"thumbnailUrl\":\"https:\/\/www.vkpbratislava.sk\/wp-content\/uploads\/2021\/05\/SVK-ALB-3.jpg\",\"datePublished\":\"2021-05-11T08:44:18+00:00\",\"description\":\"Slovensk\u00e1 volejbalov\u00e1 reprezent\u00e1cia mu\u017eov z\u00edskala v\u00a0prvom kvalifika\u010dnom turnaji v\u00a0Nitre pln\u00fd po\u010det 9 bodov a\u00a0je krok od postupu na majstrovstv\u00e1 Eur\u00f3py. K\u013e\u00fa\u010dov\u00fdmi hr\u00e1\u010dmi v\u00a0n\u00e1rodnom drese bola aj dvojica z\u00a0VKP Bratislava - nahr\u00e1va\u010d Juraj Za\u0165ko a\u00a0libero \u013dubo\u0161 Nemec.\",\"breadcrumb\":{\"@id\":\"https:\/\/www.vkpbratislava.sk\/?p=5220#breadcrumb\"},\"inLanguage\":\"sk-SK\",\"potentialAction\":[{\"@type\":\"ReadAction\",\"target\":[\"https:\/\/www.vkpbratislava.sk\/?p=5220\"]}]},{\"@type\":\"ImageObject\",\"inLanguage\":\"sk-SK\",\"@id\":\"https:\/\/www.vkpbratislava.sk\/?p=5220#primaryimage\",\"url\":\"https:\/\/www.vkpbratislava.sk\/wp-content\/uploads\/2021\/05\/SVK-ALB-3.jpg\",\"contentUrl\":\"https:\/\/www.vkpbratislava.sk\/wp-content\/uploads\/2021\/05\/SVK-ALB-3.jpg\",\"width\":1280,\"height\":852},{\"@type\":\"BreadcrumbList\",\"@id\":\"https:\/\/www.vkpbratislava.sk\/?p=5220#breadcrumb\",\"itemListElement\":[{\"@type\":\"ListItem\",\"position\":1,\"name\":\"Domov\",\"item\":\"https:\/\/www.vkpbratislava.sk\/\"},{\"@type\":\"ListItem\",\"position\":2,\"name\":\"\u00davodn\u00e1 misia splnen\u00e1, aj s\u00a0na\u0161imi Za\u0165kom a Nemcom\"}]},{\"@type\":\"WebSite\",\"@id\":\"https:\/\/www.vkpbratislava.sk\/#website\",\"url\":\"https:\/\/www.vkpbratislava.sk\/\",\"name\":\"VK SLOVAN Bratislava\",\"description\":\"Volejbalov\u00fd klub\",\"publisher\":{\"@id\":\"https:\/\/www.vkpbratislava.sk\/#organization\"},\"potentialAction\":[{\"@type\":\"SearchAction\",\"target\":{\"@type\":\"EntryPoint\",\"urlTemplate\":\"https:\/\/www.vkpbratislava.sk\/?s={search_term_string}\"},\"query-input\":{\"@type\":\"PropertyValueSpecification\",\"valueRequired\":true,\"valueName\":\"search_term_string\"}}],\"inLanguage\":\"sk-SK\"},{\"@type\":\"Organization\",\"@id\":\"https:\/\/www.vkpbratislava.sk\/#organization\",\"name\":\"VKP Bratislava\",\"url\":\"https:\/\/www.vkpbratislava.sk\/\",\"logo\":{\"@type\":\"ImageObject\",\"inLanguage\":\"sk-SK\",\"@id\":\"https:\/\/www.vkpbratislava.sk\/#\/schema\/logo\/image\/\",\"url\":\"https:\/\/www.vkpbratislava.sk\/wp-content\/uploads\/2020\/10\/vkpBA.png\",\"contentUrl\":\"https:\/\/www.vkpbratislava.sk\/wp-content\/uploads\/2020\/10\/vkpBA.png\",\"width\":600,\"height\":600,\"caption\":\"VKP Bratislava\"},\"image\":{\"@id\":\"https:\/\/www.vkpbratislava.sk\/#\/schema\/logo\/image\/\"}},{\"@type\":\"Person\",\"@id\":\"https:\/\/www.vkpbratislava.sk\/#\/schema\/person\/7037e769f9515aa58493d1b5852c4c50\",\"name\":\"jenca\",\"image\":{\"@type\":\"ImageObject\",\"inLanguage\":\"sk-SK\",\"@id\":\"https:\/\/www.vkpbratislava.sk\/#\/schema\/person\/image\/\",\"url\":\"https:\/\/secure.gravatar.com\/avatar\/67aa89e9aab2911bbd0c6fbf0a891ea8d80c207c9b6a6e2c96e13fc2f16e536d?s=96&d=mm&r=g\",\"contentUrl\":\"https:\/\/secure.gravatar.com\/avatar\/67aa89e9aab2911bbd0c6fbf0a891ea8d80c207c9b6a6e2c96e13fc2f16e536d?s=96&d=mm&r=g\",\"caption\":\"jenca\"},\"url\":\"https:\/\/www.vkpbratislava.sk\/?author=3\"}]}<\/script>\n<!-- \/ Yoast SEO plugin. -->","yoast_head_json":{"title":"\u00davodn\u00e1 misia splnen\u00e1, aj s\u00a0na\u0161imi Za\u0165kom a Nemcom - VK SLOVAN Bratislava","description":"Slovensk\u00e1 volejbalov\u00e1 reprezent\u00e1cia mu\u017eov z\u00edskala v\u00a0prvom kvalifika\u010dnom turnaji v\u00a0Nitre pln\u00fd po\u010det 9 bodov a\u00a0je krok od postupu na majstrovstv\u00e1 Eur\u00f3py. K\u013e\u00fa\u010dov\u00fdmi hr\u00e1\u010dmi v\u00a0n\u00e1rodnom drese bola aj dvojica z\u00a0VKP Bratislava - nahr\u00e1va\u010d Juraj Za\u0165ko a\u00a0libero \u013dubo\u0161 Nemec.","robots":{"index":"index","follow":"follow","max-snippet":"max-snippet:-1","max-image-preview":"max-image-preview:large","max-video-preview":"max-video-preview:-1"},"canonical":"https:\/\/www.vkpbratislava.sk\/?p=5220","og_locale":"sk_SK","og_type":"article","og_title":"\u00davodn\u00e1 misia splnen\u00e1, aj s\u00a0na\u0161imi Za\u0165kom a Nemcom - VK SLOVAN Bratislava","og_description":"Slovensk\u00e1 volejbalov\u00e1 reprezent\u00e1cia mu\u017eov z\u00edskala v\u00a0prvom kvalifika\u010dnom turnaji v\u00a0Nitre pln\u00fd po\u010det 9 bodov a\u00a0je krok od postupu na majstrovstv\u00e1 Eur\u00f3py. K\u013e\u00fa\u010dov\u00fdmi hr\u00e1\u010dmi v\u00a0n\u00e1rodnom drese bola aj dvojica z\u00a0VKP Bratislava - nahr\u00e1va\u010d Juraj Za\u0165ko a\u00a0libero \u013dubo\u0161 Nemec.","og_url":"https:\/\/www.vkpbratislava.sk\/?p=5220","og_site_name":"VK SLOVAN Bratislava","article_published_time":"2021-05-11T08:44:18+00:00","og_image":[{"width":1280,"height":852,"url":"https:\/\/www.vkpbratislava.sk\/wp-content\/uploads\/2021\/05\/SVK-ALB-3.jpg","type":"image\/jpeg"}],"author":"jenca","twitter_card":"summary_large_image","twitter_misc":{"Autor":"jenca","Predpokladan\u00fd \u010das \u010d\u00edtania":"2 min\u00faty"},"schema":{"@context":"https:\/\/schema.org","@graph":[{"@type":"Article","@id":"https:\/\/www.vkpbratislava.sk\/?p=5220#article","isPartOf":{"@id":"https:\/\/www.vkpbratislava.sk\/?p=5220"},"author":{"name":"jenca","@id":"https:\/\/www.vkpbratislava.sk\/#\/schema\/person\/7037e769f9515aa58493d1b5852c4c50"},"headline":"\u00davodn\u00e1 misia splnen\u00e1, aj s\u00a0na\u0161imi Za\u0165kom a Nemcom","datePublished":"2021-05-11T08:44:18+00:00","mainEntityOfPage":{"@id":"https:\/\/www.vkpbratislava.sk\/?p=5220"},"wordCount":515,"publisher":{"@id":"https:\/\/www.vkpbratislava.sk\/#organization"},"image":{"@id":"https:\/\/www.vkpbratislava.sk\/?p=5220#primaryimage"},"thumbnailUrl":"https:\/\/www.vkpbratislava.sk\/wp-content\/uploads\/2021\/05\/SVK-ALB-3.jpg","articleSection":["Mu\u017ei"],"inLanguage":"sk-SK"},{"@type":"WebPage","@id":"https:\/\/www.vkpbratislava.sk\/?p=5220","url":"https:\/\/www.vkpbratislava.sk\/?p=5220","name":"\u00davodn\u00e1 misia splnen\u00e1, aj s\u00a0na\u0161imi Za\u0165kom a Nemcom - VK SLOVAN Bratislava","isPartOf":{"@id":"https:\/\/www.vkpbratislava.sk\/#website"},"primaryImageOfPage":{"@id":"https:\/\/www.vkpbratislava.sk\/?p=5220#primaryimage"},"image":{"@id":"https:\/\/www.vkpbratislava.sk\/?p=5220#primaryimage"},"thumbnailUrl":"https:\/\/www.vkpbratislava.sk\/wp-content\/uploads\/2021\/05\/SVK-ALB-3.jpg","datePublished":"2021-05-11T08:44:18+00:00","description":"Slovensk\u00e1 volejbalov\u00e1 reprezent\u00e1cia mu\u017eov z\u00edskala v\u00a0prvom kvalifika\u010dnom turnaji v\u00a0Nitre pln\u00fd po\u010det 9 bodov a\u00a0je krok od postupu na majstrovstv\u00e1 Eur\u00f3py. K\u013e\u00fa\u010dov\u00fdmi hr\u00e1\u010dmi v\u00a0n\u00e1rodnom drese bola aj dvojica z\u00a0VKP Bratislava - nahr\u00e1va\u010d Juraj Za\u0165ko a\u00a0libero \u013dubo\u0161 Nemec.","breadcrumb":{"@id":"https:\/\/www.vkpbratislava.sk\/?p=5220#breadcrumb"},"inLanguage":"sk-SK","potentialAction":[{"@type":"ReadAction","target":["https:\/\/www.vkpbratislava.sk\/?p=5220"]}]},{"@type":"ImageObject","inLanguage":"sk-SK","@id":"https:\/\/www.vkpbratislava.sk\/?p=5220#primaryimage","url":"https:\/\/www.vkpbratislava.sk\/wp-content\/uploads\/2021\/05\/SVK-ALB-3.jpg","contentUrl":"https:\/\/www.vkpbratislava.sk\/wp-content\/uploads\/2021\/05\/SVK-ALB-3.jpg","width":1280,"height":852},{"@type":"BreadcrumbList","@id":"https:\/\/www.vkpbratislava.sk\/?p=5220#breadcrumb","itemListElement":[{"@type":"ListItem","position":1,"name":"Domov","item":"https:\/\/www.vkpbratislava.sk\/"},{"@type":"ListItem","position":2,"name":"\u00davodn\u00e1 misia splnen\u00e1, aj s\u00a0na\u0161imi Za\u0165kom a Nemcom"}]},{"@type":"WebSite","@id":"https:\/\/www.vkpbratislava.sk\/#website","url":"https:\/\/www.vkpbratislava.sk\/","name":"VK SLOVAN Bratislava","description":"Volejbalov\u00fd klub","publisher":{"@id":"https:\/\/www.vkpbratislava.sk\/#organization"},"potentialAction":[{"@type":"SearchAction","target":{"@type":"EntryPoint","urlTemplate":"https:\/\/www.vkpbratislava.sk\/?s={search_term_string}"},"query-input":{"@type":"PropertyValueSpecification","valueRequired":true,"valueName":"search_term_string"}}],"inLanguage":"sk-SK"},{"@type":"Organization","@id":"https:\/\/www.vkpbratislava.sk\/#organization","name":"VKP Bratislava","url":"https:\/\/www.vkpbratislava.sk\/","logo":{"@type":"ImageObject","inLanguage":"sk-SK","@id":"https:\/\/www.vkpbratislava.sk\/#\/schema\/logo\/image\/","url":"https:\/\/www.vkpbratislava.sk\/wp-content\/uploads\/2020\/10\/vkpBA.png","contentUrl":"https:\/\/www.vkpbratislava.sk\/wp-content\/uploads\/2020\/10\/vkpBA.png","width":600,"height":600,"caption":"VKP Bratislava"},"image":{"@id":"https:\/\/www.vkpbratislava.sk\/#\/schema\/logo\/image\/"}},{"@type":"Person","@id":"https:\/\/www.vkpbratislava.sk\/#\/schema\/person\/7037e769f9515aa58493d1b5852c4c50","name":"jenca","image":{"@type":"ImageObject","inLanguage":"sk-SK","@id":"https:\/\/www.vkpbratislava.sk\/#\/schema\/person\/image\/","url":"https:\/\/secure.gravatar.com\/avatar\/67aa89e9aab2911bbd0c6fbf0a891ea8d80c207c9b6a6e2c96e13fc2f16e536d?s=96&d=mm&r=g","contentUrl":"https:\/\/secure.gravatar.com\/avatar\/67aa89e9aab2911bbd0c6fbf0a891ea8d80c207c9b6a6e2c96e13fc2f16e536d?s=96&d=mm&r=g","caption":"jenca"},"url":"https:\/\/www.vkpbratislava.sk\/?author=3"}]}},"_links":{"self":[{"href":"https:\/\/www.vkpbratislava.sk\/index.php?rest_route=\/wp\/v2\/posts\/5220","targetHints":{"allow":["GET"]}}],"collection":[{"href":"https:\/\/www.vkpbratislava.sk\/index.php?rest_route=\/wp\/v2\/posts"}],"about":[{"href":"https:\/\/www.vkpbratislava.sk\/index.php?rest_route=\/wp\/v2\/types\/post"}],"author":[{"embeddable":true,"href":"https:\/\/www.vkpbratislava.sk\/index.php?rest_route=\/wp\/v2\/users\/3"}],"replies":[{"embeddable":true,"href":"https:\/\/www.vkpbratislava.sk\/index.php?rest_route=%2Fwp%2Fv2%2Fcomments&post=5220"}],"version-history":[{"count":2,"href":"https:\/\/www.vkpbratislava.sk\/index.php?rest_route=\/wp\/v2\/posts\/5220\/revisions"}],"predecessor-version":[{"id":5224,"href":"https:\/\/www.vkpbratislava.sk\/index.php?rest_route=\/wp\/v2\/posts\/5220\/revisions\/5224"}],"wp:featuredmedia":[{"embeddable":true,"href":"https:\/\/www.vkpbratislava.sk\/index.php?rest_route=\/wp\/v2\/media\/5222"}],"wp:attachment":[{"href":"https:\/\/www.vkpbratislava.sk\/index.php?rest_route=%2Fwp%2Fv2%2Fmedia&parent=5220"}],"wp:term":[{"taxonomy":"category","embeddable":true,"href":"https:\/\/www.vkpbratislava.sk\/index.php?rest_route=%2Fwp%2Fv2%2Fcategories&post=5220"},{"taxonomy":"post_tag","embeddable":true,"href":"https:\/\/www.vkpbratislava.sk\/index.php?rest_route=%2Fwp%2Fv2%2Ftags&post=5220"}],"curies":[{"name":"wp","href":"https:\/\/api.w.org\/{rel}","templated":true}]}}