{"id":5225,"date":"2021-05-14T15:55:52","date_gmt":"2021-05-14T13:55:52","guid":{"rendered":"https:\/\/www.vkpbratislava.sk\/?p=5225"},"modified":"2021-05-14T15:55:52","modified_gmt":"2021-05-14T13:55:52","slug":"buduci-policajt-sa-luci-s-policajtmi","status":"publish","type":"post","link":"https:\/\/www.vkpbratislava.sk\/?p=5225","title":{"rendered":"Bud\u00faci policajt sa l\u00fa\u010di s \u201epolicajtmi\u201c"},"content":{"rendered":"<p><strong>Premi\u00e9rov\u00e1 sez\u00f3na po n\u00e1vrate do Bratislavy je za nami, no u\u017e v\u0161etky o\u010di smeruj\u00fa k\u00a0pr\u00edprave na t\u00fa nadch\u00e1dzaj\u00facu. V\u00a0klube u\u017e nebude pokra\u010dova\u0165 blok\u00e1r Matej Hukel.<\/strong><\/p>\n<p>Vedenie klubu VKP Bratislava sa s\u00a0n\u00edm dohodlo na ukon\u010den\u00ed spolupr\u00e1ce k\u00a030. apr\u00edlu 2021. \u201eMatejovi \u010fakujeme, \u017ee pomohol t\u00edmu na palubovke pri n\u00e1vrate VKP do Bratislavy. V\u00a0\u010fal\u0161ej kari\u00e9re i\u00a0s\u00fakromnom \u017eivote mu \u017eel\u00e1me len to najlep\u0161ie a\u00a0ve\u013ea \u00faspechov,\u201c povedal gener\u00e1lny mana\u017e\u00e9r VKP Bratislava Tom\u00e1\u0161 Jen\u010da. \u201eSom v\u010fa\u010dn\u00fd klubu za \u0161ancu. Prekvapili ma ve\u013emi dobr\u00e9 podmienky, starostlivos\u0165 o\u00a0t\u00edm, dokonca neboli probl\u00e9my ani s\u00a0peniazmi, \u010do je v\u00a0dne\u0161nej dobe a\u00a0najm\u00e4 na Slovensku vz\u00e1cnos\u0165. \u0160koda tej \u0161tvr\u0165fin\u00e1lovej s\u00e9rie s\u00a0Ko\u0161icami. Mysl\u00edm si, \u017ee tento k\u00e1der mal na to hra\u0165 o\u00a0medaily, no posledn\u00e9 z\u00e1pasy n\u00e1m pr\u00edli\u0161 nevy\u0161li. Nepl\u00e1noval som takto ukon\u010di\u0165 kari\u00e9ru, ale \u010do u\u017e,\u201c uviedol odch\u00e1dzaj\u00faci blok\u00e1r Matej Hukel, ktor\u00fd aktu\u00e1lne \u0161tuduje na Strednej odbornej \u0161kole Policajn\u00e9ho zboru v\u00a0Pezinku. \u201eU\u017e pred sez\u00f3nou som vravel p\u00e1novi Hronsk\u00e9mu, \u017ee sa pl\u00e1nujem zaradi\u0165 do norm\u00e1lneho \u017eivota. Vybral som si cestu policajta. Nevedel som, kedy mi za\u010dne \u0161t\u00fadium, stalo sa to u\u017e po\u010das sez\u00f3ny a\u00a0bolo \u0165a\u017ek\u00e9 sk\u013abi\u0165 \u0161kolu aj tr\u00e9ningy. L\u00fa\u010dim sa s\u00a0VKP, ale som kedyko\u013evek pripraven\u00fd v\u00a0pr\u00edpade potreby pom\u00f4c\u0165 t\u00edmu. Som presved\u010den\u00fd, \u017ee v\u00a0pr\u00edpade nastolenej pr\u00e1ce v\u00a0klube sa dostavia aj \u00faspechy,\u201c uzavrel rod\u00e1k z\u00a0Detvy.<\/p>\n<p>mb<\/p>\n","protected":false},"excerpt":{"rendered":"<p>Premi\u00e9rov\u00e1 sez\u00f3na po n\u00e1vrate do Bratislavy je za nami, no u\u017e v\u0161etky o\u010di smeruj\u00fa k\u00a0pr\u00edprave na t\u00fa nadch\u00e1dzaj\u00facu. V\u00a0klube u\u017e nebude pokra\u010dova\u0165 blok\u00e1r Matej Hukel.<\/p>\n","protected":false},"author":3,"featured_media":4374,"comment_status":"closed","ping_status":"open","sticky":false,"template":"","format":"standard","meta":{"_monsterinsights_skip_tracking":false,"_monsterinsights_sitenote_active":false,"_monsterinsights_sitenote_note":"","_monsterinsights_sitenote_category":0,"footnotes":""},"categories":[47],"tags":[],"class_list":["post-5225","post","type-post","status-publish","format-standard","has-post-thumbnail","hentry","category-muzi"],"yoast_head":"<!-- This site is optimized with the Yoast SEO plugin v25.6 - https:\/\/yoast.com\/wordpress\/plugins\/seo\/ -->\n<title>Bud\u00faci policajt sa l\u00fa\u010di s \u201epolicajtmi\u201c - VK SLOVAN Bratislava<\/title>\n<meta name=\"description\" content=\"Premi\u00e9rov\u00e1 sez\u00f3na po n\u00e1vrate do Bratislavy je za nami, no u\u017e v\u0161etky o\u010di smeruj\u00fa k\u00a0pr\u00edprave na t\u00fa nadch\u00e1dzaj\u00facu. V\u00a0klube u\u017e nebude pokra\u010dova\u0165 blok\u00e1r Matej Hukel.\" \/>\n<meta name=\"robots\" content=\"index, follow, max-snippet:-1, max-image-preview:large, max-video-preview:-1\" \/>\n<link rel=\"canonical\" href=\"https:\/\/www.vkpbratislava.sk\/?p=5225\" \/>\n<meta property=\"og:locale\" content=\"sk_SK\" \/>\n<meta property=\"og:type\" content=\"article\" \/>\n<meta property=\"og:title\" content=\"Bud\u00faci policajt sa l\u00fa\u010di s \u201epolicajtmi\u201c - VK SLOVAN Bratislava\" \/>\n<meta property=\"og:description\" content=\"Premi\u00e9rov\u00e1 sez\u00f3na po n\u00e1vrate do Bratislavy je za nami, no u\u017e v\u0161etky o\u010di smeruj\u00fa k\u00a0pr\u00edprave na t\u00fa nadch\u00e1dzaj\u00facu. V\u00a0klube u\u017e nebude pokra\u010dova\u0165 blok\u00e1r Matej Hukel.\" \/>\n<meta property=\"og:url\" content=\"https:\/\/www.vkpbratislava.sk\/?p=5225\" \/>\n<meta property=\"og:site_name\" content=\"VK SLOVAN Bratislava\" \/>\n<meta property=\"article:published_time\" content=\"2021-05-14T13:55:52+00:00\" \/>\n<meta property=\"og:image\" content=\"https:\/\/www.vkpbratislava.sk\/wp-content\/uploads\/2021\/02\/DF1A6327.jpg\" \/>\n\t<meta property=\"og:image:width\" content=\"2048\" \/>\n\t<meta property=\"og:image:height\" content=\"1365\" \/>\n\t<meta property=\"og:image:type\" content=\"image\/jpeg\" \/>\n<meta name=\"author\" content=\"jenca\" \/>\n<meta name=\"twitter:card\" content=\"summary_large_image\" \/>\n<meta name=\"twitter:label1\" content=\"Autor\" \/>\n\t<meta name=\"twitter:data1\" content=\"jenca\" \/>\n\t<meta name=\"twitter:label2\" content=\"Predpokladan\u00fd \u010das \u010d\u00edtania\" \/>\n\t<meta name=\"twitter:data2\" content=\"1 min\u00fata\" \/>\n<script type=\"application\/ld+json\" class=\"yoast-schema-graph\">{\"@context\":\"https:\/\/schema.org\",\"@graph\":[{\"@type\":\"Article\",\"@id\":\"https:\/\/www.vkpbratislava.sk\/?p=5225#article\",\"isPartOf\":{\"@id\":\"https:\/\/www.vkpbratislava.sk\/?p=5225\"},\"author\":{\"name\":\"jenca\",\"@id\":\"https:\/\/www.vkpbratislava.sk\/#\/schema\/person\/7037e769f9515aa58493d1b5852c4c50\"},\"headline\":\"Bud\u00faci policajt sa l\u00fa\u010di s \u201epolicajtmi\u201c\",\"datePublished\":\"2021-05-14T13:55:52+00:00\",\"mainEntityOfPage\":{\"@id\":\"https:\/\/www.vkpbratislava.sk\/?p=5225\"},\"wordCount\":297,\"publisher\":{\"@id\":\"https:\/\/www.vkpbratislava.sk\/#organization\"},\"image\":{\"@id\":\"https:\/\/www.vkpbratislava.sk\/?p=5225#primaryimage\"},\"thumbnailUrl\":\"https:\/\/www.vkpbratislava.sk\/wp-content\/uploads\/2021\/02\/DF1A6327.jpg\",\"articleSection\":[\"Mu\u017ei\"],\"inLanguage\":\"sk-SK\"},{\"@type\":\"WebPage\",\"@id\":\"https:\/\/www.vkpbratislava.sk\/?p=5225\",\"url\":\"https:\/\/www.vkpbratislava.sk\/?p=5225\",\"name\":\"Bud\u00faci policajt sa l\u00fa\u010di s \u201epolicajtmi\u201c - VK SLOVAN Bratislava\",\"isPartOf\":{\"@id\":\"https:\/\/www.vkpbratislava.sk\/#website\"},\"primaryImageOfPage\":{\"@id\":\"https:\/\/www.vkpbratislava.sk\/?p=5225#primaryimage\"},\"image\":{\"@id\":\"https:\/\/www.vkpbratislava.sk\/?p=5225#primaryimage\"},\"thumbnailUrl\":\"https:\/\/www.vkpbratislava.sk\/wp-content\/uploads\/2021\/02\/DF1A6327.jpg\",\"datePublished\":\"2021-05-14T13:55:52+00:00\",\"description\":\"Premi\u00e9rov\u00e1 sez\u00f3na po n\u00e1vrate do Bratislavy je za nami, no u\u017e v\u0161etky o\u010di smeruj\u00fa k\u00a0pr\u00edprave na t\u00fa nadch\u00e1dzaj\u00facu. V\u00a0klube u\u017e nebude pokra\u010dova\u0165 blok\u00e1r Matej Hukel.\",\"breadcrumb\":{\"@id\":\"https:\/\/www.vkpbratislava.sk\/?p=5225#breadcrumb\"},\"inLanguage\":\"sk-SK\",\"potentialAction\":[{\"@type\":\"ReadAction\",\"target\":[\"https:\/\/www.vkpbratislava.sk\/?p=5225\"]}]},{\"@type\":\"ImageObject\",\"inLanguage\":\"sk-SK\",\"@id\":\"https:\/\/www.vkpbratislava.sk\/?p=5225#primaryimage\",\"url\":\"https:\/\/www.vkpbratislava.sk\/wp-content\/uploads\/2021\/02\/DF1A6327.jpg\",\"contentUrl\":\"https:\/\/www.vkpbratislava.sk\/wp-content\/uploads\/2021\/02\/DF1A6327.jpg\",\"width\":2048,\"height\":1365},{\"@type\":\"BreadcrumbList\",\"@id\":\"https:\/\/www.vkpbratislava.sk\/?p=5225#breadcrumb\",\"itemListElement\":[{\"@type\":\"ListItem\",\"position\":1,\"name\":\"Domov\",\"item\":\"https:\/\/www.vkpbratislava.sk\/\"},{\"@type\":\"ListItem\",\"position\":2,\"name\":\"Bud\u00faci policajt sa l\u00fa\u010di s \u201epolicajtmi\u201c\"}]},{\"@type\":\"WebSite\",\"@id\":\"https:\/\/www.vkpbratislava.sk\/#website\",\"url\":\"https:\/\/www.vkpbratislava.sk\/\",\"name\":\"VK SLOVAN Bratislava\",\"description\":\"Volejbalov\u00fd klub\",\"publisher\":{\"@id\":\"https:\/\/www.vkpbratislava.sk\/#organization\"},\"potentialAction\":[{\"@type\":\"SearchAction\",\"target\":{\"@type\":\"EntryPoint\",\"urlTemplate\":\"https:\/\/www.vkpbratislava.sk\/?s={search_term_string}\"},\"query-input\":{\"@type\":\"PropertyValueSpecification\",\"valueRequired\":true,\"valueName\":\"search_term_string\"}}],\"inLanguage\":\"sk-SK\"},{\"@type\":\"Organization\",\"@id\":\"https:\/\/www.vkpbratislava.sk\/#organization\",\"name\":\"VKP Bratislava\",\"url\":\"https:\/\/www.vkpbratislava.sk\/\",\"logo\":{\"@type\":\"ImageObject\",\"inLanguage\":\"sk-SK\",\"@id\":\"https:\/\/www.vkpbratislava.sk\/#\/schema\/logo\/image\/\",\"url\":\"https:\/\/www.vkpbratislava.sk\/wp-content\/uploads\/2020\/10\/vkpBA.png\",\"contentUrl\":\"https:\/\/www.vkpbratislava.sk\/wp-content\/uploads\/2020\/10\/vkpBA.png\",\"width\":600,\"height\":600,\"caption\":\"VKP Bratislava\"},\"image\":{\"@id\":\"https:\/\/www.vkpbratislava.sk\/#\/schema\/logo\/image\/\"}},{\"@type\":\"Person\",\"@id\":\"https:\/\/www.vkpbratislava.sk\/#\/schema\/person\/7037e769f9515aa58493d1b5852c4c50\",\"name\":\"jenca\",\"image\":{\"@type\":\"ImageObject\",\"inLanguage\":\"sk-SK\",\"@id\":\"https:\/\/www.vkpbratislava.sk\/#\/schema\/person\/image\/\",\"url\":\"https:\/\/secure.gravatar.com\/avatar\/67aa89e9aab2911bbd0c6fbf0a891ea8d80c207c9b6a6e2c96e13fc2f16e536d?s=96&d=mm&r=g\",\"contentUrl\":\"https:\/\/secure.gravatar.com\/avatar\/67aa89e9aab2911bbd0c6fbf0a891ea8d80c207c9b6a6e2c96e13fc2f16e536d?s=96&d=mm&r=g\",\"caption\":\"jenca\"},\"url\":\"https:\/\/www.vkpbratislava.sk\/?author=3\"}]}<\/script>\n<!-- \/ Yoast SEO plugin. -->","yoast_head_json":{"title":"Bud\u00faci policajt sa l\u00fa\u010di s \u201epolicajtmi\u201c - VK SLOVAN Bratislava","description":"Premi\u00e9rov\u00e1 sez\u00f3na po n\u00e1vrate do Bratislavy je za nami, no u\u017e v\u0161etky o\u010di smeruj\u00fa k\u00a0pr\u00edprave na t\u00fa nadch\u00e1dzaj\u00facu. V\u00a0klube u\u017e nebude pokra\u010dova\u0165 blok\u00e1r Matej Hukel.","robots":{"index":"index","follow":"follow","max-snippet":"max-snippet:-1","max-image-preview":"max-image-preview:large","max-video-preview":"max-video-preview:-1"},"canonical":"https:\/\/www.vkpbratislava.sk\/?p=5225","og_locale":"sk_SK","og_type":"article","og_title":"Bud\u00faci policajt sa l\u00fa\u010di s \u201epolicajtmi\u201c - VK SLOVAN Bratislava","og_description":"Premi\u00e9rov\u00e1 sez\u00f3na po n\u00e1vrate do Bratislavy je za nami, no u\u017e v\u0161etky o\u010di smeruj\u00fa k\u00a0pr\u00edprave na t\u00fa nadch\u00e1dzaj\u00facu. V\u00a0klube u\u017e nebude pokra\u010dova\u0165 blok\u00e1r Matej Hukel.","og_url":"https:\/\/www.vkpbratislava.sk\/?p=5225","og_site_name":"VK SLOVAN Bratislava","article_published_time":"2021-05-14T13:55:52+00:00","og_image":[{"width":2048,"height":1365,"url":"https:\/\/www.vkpbratislava.sk\/wp-content\/uploads\/2021\/02\/DF1A6327.jpg","type":"image\/jpeg"}],"author":"jenca","twitter_card":"summary_large_image","twitter_misc":{"Autor":"jenca","Predpokladan\u00fd \u010das \u010d\u00edtania":"1 min\u00fata"},"schema":{"@context":"https:\/\/schema.org","@graph":[{"@type":"Article","@id":"https:\/\/www.vkpbratislava.sk\/?p=5225#article","isPartOf":{"@id":"https:\/\/www.vkpbratislava.sk\/?p=5225"},"author":{"name":"jenca","@id":"https:\/\/www.vkpbratislava.sk\/#\/schema\/person\/7037e769f9515aa58493d1b5852c4c50"},"headline":"Bud\u00faci policajt sa l\u00fa\u010di s \u201epolicajtmi\u201c","datePublished":"2021-05-14T13:55:52+00:00","mainEntityOfPage":{"@id":"https:\/\/www.vkpbratislava.sk\/?p=5225"},"wordCount":297,"publisher":{"@id":"https:\/\/www.vkpbratislava.sk\/#organization"},"image":{"@id":"https:\/\/www.vkpbratislava.sk\/?p=5225#primaryimage"},"thumbnailUrl":"https:\/\/www.vkpbratislava.sk\/wp-content\/uploads\/2021\/02\/DF1A6327.jpg","articleSection":["Mu\u017ei"],"inLanguage":"sk-SK"},{"@type":"WebPage","@id":"https:\/\/www.vkpbratislava.sk\/?p=5225","url":"https:\/\/www.vkpbratislava.sk\/?p=5225","name":"Bud\u00faci policajt sa l\u00fa\u010di s \u201epolicajtmi\u201c - VK SLOVAN Bratislava","isPartOf":{"@id":"https:\/\/www.vkpbratislava.sk\/#website"},"primaryImageOfPage":{"@id":"https:\/\/www.vkpbratislava.sk\/?p=5225#primaryimage"},"image":{"@id":"https:\/\/www.vkpbratislava.sk\/?p=5225#primaryimage"},"thumbnailUrl":"https:\/\/www.vkpbratislava.sk\/wp-content\/uploads\/2021\/02\/DF1A6327.jpg","datePublished":"2021-05-14T13:55:52+00:00","description":"Premi\u00e9rov\u00e1 sez\u00f3na po n\u00e1vrate do Bratislavy je za nami, no u\u017e v\u0161etky o\u010di smeruj\u00fa k\u00a0pr\u00edprave na t\u00fa nadch\u00e1dzaj\u00facu. V\u00a0klube u\u017e nebude pokra\u010dova\u0165 blok\u00e1r Matej Hukel.","breadcrumb":{"@id":"https:\/\/www.vkpbratislava.sk\/?p=5225#breadcrumb"},"inLanguage":"sk-SK","potentialAction":[{"@type":"ReadAction","target":["https:\/\/www.vkpbratislava.sk\/?p=5225"]}]},{"@type":"ImageObject","inLanguage":"sk-SK","@id":"https:\/\/www.vkpbratislava.sk\/?p=5225#primaryimage","url":"https:\/\/www.vkpbratislava.sk\/wp-content\/uploads\/2021\/02\/DF1A6327.jpg","contentUrl":"https:\/\/www.vkpbratislava.sk\/wp-content\/uploads\/2021\/02\/DF1A6327.jpg","width":2048,"height":1365},{"@type":"BreadcrumbList","@id":"https:\/\/www.vkpbratislava.sk\/?p=5225#breadcrumb","itemListElement":[{"@type":"ListItem","position":1,"name":"Domov","item":"https:\/\/www.vkpbratislava.sk\/"},{"@type":"ListItem","position":2,"name":"Bud\u00faci policajt sa l\u00fa\u010di s \u201epolicajtmi\u201c"}]},{"@type":"WebSite","@id":"https:\/\/www.vkpbratislava.sk\/#website","url":"https:\/\/www.vkpbratislava.sk\/","name":"VK SLOVAN Bratislava","description":"Volejbalov\u00fd klub","publisher":{"@id":"https:\/\/www.vkpbratislava.sk\/#organization"},"potentialAction":[{"@type":"SearchAction","target":{"@type":"EntryPoint","urlTemplate":"https:\/\/www.vkpbratislava.sk\/?s={search_term_string}"},"query-input":{"@type":"PropertyValueSpecification","valueRequired":true,"valueName":"search_term_string"}}],"inLanguage":"sk-SK"},{"@type":"Organization","@id":"https:\/\/www.vkpbratislava.sk\/#organization","name":"VKP Bratislava","url":"https:\/\/www.vkpbratislava.sk\/","logo":{"@type":"ImageObject","inLanguage":"sk-SK","@id":"https:\/\/www.vkpbratislava.sk\/#\/schema\/logo\/image\/","url":"https:\/\/www.vkpbratislava.sk\/wp-content\/uploads\/2020\/10\/vkpBA.png","contentUrl":"https:\/\/www.vkpbratislava.sk\/wp-content\/uploads\/2020\/10\/vkpBA.png","width":600,"height":600,"caption":"VKP Bratislava"},"image":{"@id":"https:\/\/www.vkpbratislava.sk\/#\/schema\/logo\/image\/"}},{"@type":"Person","@id":"https:\/\/www.vkpbratislava.sk\/#\/schema\/person\/7037e769f9515aa58493d1b5852c4c50","name":"jenca","image":{"@type":"ImageObject","inLanguage":"sk-SK","@id":"https:\/\/www.vkpbratislava.sk\/#\/schema\/person\/image\/","url":"https:\/\/secure.gravatar.com\/avatar\/67aa89e9aab2911bbd0c6fbf0a891ea8d80c207c9b6a6e2c96e13fc2f16e536d?s=96&d=mm&r=g","contentUrl":"https:\/\/secure.gravatar.com\/avatar\/67aa89e9aab2911bbd0c6fbf0a891ea8d80c207c9b6a6e2c96e13fc2f16e536d?s=96&d=mm&r=g","caption":"jenca"},"url":"https:\/\/www.vkpbratislava.sk\/?author=3"}]}},"_links":{"self":[{"href":"https:\/\/www.vkpbratislava.sk\/index.php?rest_route=\/wp\/v2\/posts\/5225","targetHints":{"allow":["GET"]}}],"collection":[{"href":"https:\/\/www.vkpbratislava.sk\/index.php?rest_route=\/wp\/v2\/posts"}],"about":[{"href":"https:\/\/www.vkpbratislava.sk\/index.php?rest_route=\/wp\/v2\/types\/post"}],"author":[{"embeddable":true,"href":"https:\/\/www.vkpbratislava.sk\/index.php?rest_route=\/wp\/v2\/users\/3"}],"replies":[{"embeddable":true,"href":"https:\/\/www.vkpbratislava.sk\/index.php?rest_route=%2Fwp%2Fv2%2Fcomments&post=5225"}],"version-history":[{"count":1,"href":"https:\/\/www.vkpbratislava.sk\/index.php?rest_route=\/wp\/v2\/posts\/5225\/revisions"}],"predecessor-version":[{"id":5226,"href":"https:\/\/www.vkpbratislava.sk\/index.php?rest_route=\/wp\/v2\/posts\/5225\/revisions\/5226"}],"wp:featuredmedia":[{"embeddable":true,"href":"https:\/\/www.vkpbratislava.sk\/index.php?rest_route=\/wp\/v2\/media\/4374"}],"wp:attachment":[{"href":"https:\/\/www.vkpbratislava.sk\/index.php?rest_route=%2Fwp%2Fv2%2Fmedia&parent=5225"}],"wp:term":[{"taxonomy":"category","embeddable":true,"href":"https:\/\/www.vkpbratislava.sk\/index.php?rest_route=%2Fwp%2Fv2%2Fcategories&post=5225"},{"taxonomy":"post_tag","embeddable":true,"href":"https:\/\/www.vkpbratislava.sk\/index.php?rest_route=%2Fwp%2Fv2%2Ftags&post=5225"}],"curies":[{"name":"wp","href":"https:\/\/api.w.org\/{rel}","templated":true}]}}