{"id":52457,"date":"2026-03-17T14:59:33","date_gmt":"2026-03-17T13:59:33","guid":{"rendered":"https:\/\/www.vkpbratislava.sk\/?p=52457"},"modified":"2026-03-22T20:43:18","modified_gmt":"2026-03-22T19:43:18","slug":"kto-vstupi-do-play-off-z-pozicie-lidra","status":"publish","type":"post","link":"https:\/\/www.vkpbratislava.sk\/?p=52457","title":{"rendered":"Kto vst\u00fapi do play-off z poz\u00edcie l\u00eddra?"},"content":{"rendered":"<p>V utor\u0148aj\u0161\u00edch z\u00e1pasoch mu\u017eskej Nik\u00e9 Extraligy potvrdili favoriti svoje postavenie a medzi nimi aj VK Slovan Bratislava, ktor\u00fd zvl\u00e1dol duel na palubovke Myjavy bez straty setu. Belas\u00ed zv\u00ed\u0165azili 3:0 a prip\u00edsali si d\u00f4le\u017eit\u00e9 tri body do tabu\u013eky.<\/p>\n<p>Sez\u00f3na tak prich\u00e1dza do svojho \u010fal\u0161ieho vrcholu. U\u017e v\u00a0sobotu 21. marca je na programe posledn\u00fd duel nadstavbovej \u010dasti pred \u0161tartom play-off, v ktorom sa Slovan stretne s Kom\u00e1rnom v priamom s\u00faboji o prv\u00e9 miesto. Oba t\u00edmy maj\u00fa moment\u00e1lne rovnak\u00fd po\u010det bodov aj v\u00ed\u0165azstiev, tak\u017ee p\u00f4jde o jasn\u00fd boj o poz\u00edciu l\u00eddra pred vyra\u010fovacou \u010das\u0165ou s\u00fa\u0165a\u017ee.<\/p>\n<p>&nbsp;<\/p>\n<p>K\u00a0z\u00e1pasu sa vyjadril Mat\u00fa\u0161 Kaln\u00fd, tr\u00e9ner TJ Spartak: <strong>\u201eV ka\u017edom sete rozhodli pas\u00e1\u017ee, ktor\u00e9 sme prehrali 0:6 a 0:7. Hlavne v druhom sete to bolo vyrovnan\u00e9 do 14:14 a zrazu n\u00e1m Slovan odsko\u010dil pri Mlynar\u010d\u00edkovom podan\u00ed na 14:21. Ke\u010f urob\u00edme chyby a k tomu sa prid\u00e1 tlak s\u00fapera, prehr\u00e1vame o sedem bodov a z toho sa n\u00e1m vracia do z\u00e1pasu len ve\u013emi \u0165a\u017eko.\u201c<\/strong><\/p>\n<p><strong>\u201eSom r\u00e1d za tri body, ktor\u00e9 sme z\u00edskali, lebo v Myjave sa hr\u00e1 ve\u013emi \u0165a\u017eko a naposledy sme tu prehrali 2:3. Te\u0161\u00ed ma v\u00fdhra, te\u0161\u00ed ma aj to, \u017ee n\u00e1m dr\u017eala hra, aj ke\u010f n\u00e1m Myjava mno\u017estvom ch\u00fdb na podan\u00ed pomohla. Te\u0161\u00edm sa z troch bodov a z toho, \u017ee si to v sobotu rozd\u00e1me s Kom\u00e1rnom o prv\u00e9 miesto v\u00a0tabu\u013eke,\u201c<\/strong> dodal Robin P\u011blucha, tr\u00e9ner VK Slovan.<\/p>\n<p>&nbsp;<\/p>\n<p><img loading=\"lazy\" decoding=\"async\" class=\"alignnone size-full wp-image-52605\" src=\"https:\/\/www.vkpbratislava.sk\/wp-content\/uploads\/2026\/03\/Peter-Mlynarcik-MVP.jpg\" alt=\"\" width=\"2048\" height=\"1365\" srcset=\"https:\/\/www.vkpbratislava.sk\/wp-content\/uploads\/2026\/03\/Peter-Mlynarcik-MVP.jpg 2048w, https:\/\/www.vkpbratislava.sk\/wp-content\/uploads\/2026\/03\/Peter-Mlynarcik-MVP-640x427.jpg 640w, https:\/\/www.vkpbratislava.sk\/wp-content\/uploads\/2026\/03\/Peter-Mlynarcik-MVP-1280x853.jpg 1280w, https:\/\/www.vkpbratislava.sk\/wp-content\/uploads\/2026\/03\/Peter-Mlynarcik-MVP-768x512.jpg 768w, https:\/\/www.vkpbratislava.sk\/wp-content\/uploads\/2026\/03\/Peter-Mlynarcik-MVP-1536x1024.jpg 1536w, https:\/\/www.vkpbratislava.sk\/wp-content\/uploads\/2026\/03\/Peter-Mlynarcik-MVP-320x213.jpg 320w, https:\/\/www.vkpbratislava.sk\/wp-content\/uploads\/2026\/03\/Peter-Mlynarcik-MVP-600x400.jpg 600w\" sizes=\"auto, (max-width: 2048px) 100vw, 2048px\" \/><\/p>\n<p>&nbsp;<\/p>\n<p><strong>Nik\u00e9 Extraliga mu\u017ei \u2013 dohr\u00e1vka 18. kola\u00a0 \u2013 utorok:<\/strong><\/p>\n<p><strong>TJ Spartak Myjava \u2013 VK Slovan Bratislava 0:3 (-18, -17, -22)<\/strong><\/p>\n<p><strong>Hr\u00e1\u010d z\u00e1pasu:<\/strong> Peter Mlynar\u010d\u00edk (VK Slovan Bratislava)<\/p>\n<p><strong>TJ SPARTAK:<\/strong> Bielka 3, Pokopec 12, O. Zeman 5, T. Viskup 2, Rendla 15, Klima\u010dek 2, libero S. Pa\u0148ko (Kov\u00e1\u010d 0, F. Mak\u00f3nyi 4, \u0160evcech 0). Tr\u00e9ner: M. Kaln\u00fd.<\/p>\n<p><strong>VK SLOVAN:<\/strong> Za\u0165ko 2, Truba\u010d 16, Marjov 6, Mlynar\u010d\u00edk 14, Kri\u0161ko 15, \u0160ellong 4, libero Jakub\u00edk. Tr\u00e9ner: R. P\u011blucha.<\/p>\n<p><strong>Rozhodovali:<\/strong> Kov\u00e1\u010d a Toman, 178 div\u00e1kov.<\/p>\n<p>&nbsp;<\/p>\n<p>Zdroj: VK Slovan, svf<\/p>\n<p>&nbsp;<\/p>\n","protected":false},"excerpt":{"rendered":"<p>V utor\u0148aj\u0161\u00edch z\u00e1pasoch mu\u017eskej Nik\u00e9 Extraligy potvrdili favoriti svoje postavenie a medzi nimi aj VK Slovan Bratislava, ktor\u00fd zvl\u00e1dol duel na palubovke Myjavy bez straty setu. Belas\u00ed zv\u00ed\u0165azili 3:0 a prip\u00edsali si d\u00f4le\u017eit\u00e9 tri body do tabu\u013eky. Sez\u00f3na tak prich\u00e1dza do svojho \u010fal\u0161ieho vrcholu. U\u017e v\u00a0sobotu 21. marca je na programe posledn\u00fd duel nadstavbovej \u010dasti&#8230;<\/p>\n","protected":false},"author":3,"featured_media":52211,"comment_status":"closed","ping_status":"closed","sticky":false,"template":"","format":"standard","meta":{"_monsterinsights_skip_tracking":false,"_monsterinsights_sitenote_active":false,"_monsterinsights_sitenote_note":"","_monsterinsights_sitenote_category":0,"footnotes":""},"categories":[47],"tags":[],"class_list":["post-52457","post","type-post","status-publish","format-standard","has-post-thumbnail","hentry","category-muzi"],"yoast_head":"<!-- This site is optimized with the Yoast SEO plugin v25.6 - https:\/\/yoast.com\/wordpress\/plugins\/seo\/ -->\n<title>Kto vst\u00fapi do play-off z poz\u00edcie l\u00eddra? - VK SLOVAN Bratislava<\/title>\n<meta name=\"robots\" content=\"index, follow, max-snippet:-1, max-image-preview:large, max-video-preview:-1\" \/>\n<link rel=\"canonical\" href=\"https:\/\/www.vkpbratislava.sk\/?p=52457\" \/>\n<meta property=\"og:locale\" content=\"sk_SK\" \/>\n<meta property=\"og:type\" content=\"article\" \/>\n<meta property=\"og:title\" content=\"Kto vst\u00fapi do play-off z poz\u00edcie l\u00eddra? - VK SLOVAN Bratislava\" \/>\n<meta property=\"og:description\" content=\"V utor\u0148aj\u0161\u00edch z\u00e1pasoch mu\u017eskej Nik\u00e9 Extraligy potvrdili favoriti svoje postavenie a medzi nimi aj VK Slovan Bratislava, ktor\u00fd zvl\u00e1dol duel na palubovke Myjavy bez straty setu. Belas\u00ed zv\u00ed\u0165azili 3:0 a prip\u00edsali si d\u00f4le\u017eit\u00e9 tri body do tabu\u013eky. Sez\u00f3na tak prich\u00e1dza do svojho \u010fal\u0161ieho vrcholu. U\u017e v\u00a0sobotu 21. marca je na programe posledn\u00fd duel nadstavbovej \u010dasti...\" \/>\n<meta property=\"og:url\" content=\"https:\/\/www.vkpbratislava.sk\/?p=52457\" \/>\n<meta property=\"og:site_name\" content=\"VK SLOVAN Bratislava\" \/>\n<meta property=\"article:published_time\" content=\"2026-03-17T13:59:33+00:00\" \/>\n<meta property=\"article:modified_time\" content=\"2026-03-22T19:43:18+00:00\" \/>\n<meta property=\"og:image\" content=\"https:\/\/www.vkpbratislava.sk\/wp-content\/uploads\/2026\/03\/MS_20260317_ELSlovanvsMyjava-58-1280x853.jpg\" \/>\n\t<meta property=\"og:image:width\" content=\"1280\" \/>\n\t<meta property=\"og:image:height\" content=\"853\" \/>\n\t<meta property=\"og:image:type\" content=\"image\/jpeg\" \/>\n<meta name=\"author\" content=\"jenca\" \/>\n<meta name=\"twitter:card\" content=\"summary_large_image\" \/>\n<meta name=\"twitter:label1\" content=\"Autor\" \/>\n\t<meta name=\"twitter:data1\" content=\"jenca\" \/>\n\t<meta name=\"twitter:label2\" content=\"Predpokladan\u00fd \u010das \u010d\u00edtania\" \/>\n\t<meta name=\"twitter:data2\" content=\"2 min\u00faty\" \/>\n<script type=\"application\/ld+json\" class=\"yoast-schema-graph\">{\"@context\":\"https:\/\/schema.org\",\"@graph\":[{\"@type\":\"Article\",\"@id\":\"https:\/\/www.vkpbratislava.sk\/?p=52457#article\",\"isPartOf\":{\"@id\":\"https:\/\/www.vkpbratislava.sk\/?p=52457\"},\"author\":{\"name\":\"jenca\",\"@id\":\"https:\/\/www.vkpbratislava.sk\/#\/schema\/person\/7037e769f9515aa58493d1b5852c4c50\"},\"headline\":\"Kto vst\u00fapi do play-off z poz\u00edcie l\u00eddra?\",\"datePublished\":\"2026-03-17T13:59:33+00:00\",\"dateModified\":\"2026-03-22T19:43:18+00:00\",\"mainEntityOfPage\":{\"@id\":\"https:\/\/www.vkpbratislava.sk\/?p=52457\"},\"wordCount\":369,\"publisher\":{\"@id\":\"https:\/\/www.vkpbratislava.sk\/#organization\"},\"image\":{\"@id\":\"https:\/\/www.vkpbratislava.sk\/?p=52457#primaryimage\"},\"thumbnailUrl\":\"https:\/\/www.vkpbratislava.sk\/wp-content\/uploads\/2026\/03\/MS_20260317_ELSlovanvsMyjava-58.jpg\",\"articleSection\":[\"Mu\u017ei\"],\"inLanguage\":\"sk-SK\"},{\"@type\":\"WebPage\",\"@id\":\"https:\/\/www.vkpbratislava.sk\/?p=52457\",\"url\":\"https:\/\/www.vkpbratislava.sk\/?p=52457\",\"name\":\"Kto vst\u00fapi do play-off z poz\u00edcie l\u00eddra? - VK SLOVAN Bratislava\",\"isPartOf\":{\"@id\":\"https:\/\/www.vkpbratislava.sk\/#website\"},\"primaryImageOfPage\":{\"@id\":\"https:\/\/www.vkpbratislava.sk\/?p=52457#primaryimage\"},\"image\":{\"@id\":\"https:\/\/www.vkpbratislava.sk\/?p=52457#primaryimage\"},\"thumbnailUrl\":\"https:\/\/www.vkpbratislava.sk\/wp-content\/uploads\/2026\/03\/MS_20260317_ELSlovanvsMyjava-58.jpg\",\"datePublished\":\"2026-03-17T13:59:33+00:00\",\"dateModified\":\"2026-03-22T19:43:18+00:00\",\"breadcrumb\":{\"@id\":\"https:\/\/www.vkpbratislava.sk\/?p=52457#breadcrumb\"},\"inLanguage\":\"sk-SK\",\"potentialAction\":[{\"@type\":\"ReadAction\",\"target\":[\"https:\/\/www.vkpbratislava.sk\/?p=52457\"]}]},{\"@type\":\"ImageObject\",\"inLanguage\":\"sk-SK\",\"@id\":\"https:\/\/www.vkpbratislava.sk\/?p=52457#primaryimage\",\"url\":\"https:\/\/www.vkpbratislava.sk\/wp-content\/uploads\/2026\/03\/MS_20260317_ELSlovanvsMyjava-58.jpg\",\"contentUrl\":\"https:\/\/www.vkpbratislava.sk\/wp-content\/uploads\/2026\/03\/MS_20260317_ELSlovanvsMyjava-58.jpg\",\"width\":2048,\"height\":1365},{\"@type\":\"BreadcrumbList\",\"@id\":\"https:\/\/www.vkpbratislava.sk\/?p=52457#breadcrumb\",\"itemListElement\":[{\"@type\":\"ListItem\",\"position\":1,\"name\":\"Domov\",\"item\":\"https:\/\/www.vkpbratislava.sk\/\"},{\"@type\":\"ListItem\",\"position\":2,\"name\":\"Kto vst\u00fapi do play-off z poz\u00edcie l\u00eddra?\"}]},{\"@type\":\"WebSite\",\"@id\":\"https:\/\/www.vkpbratislava.sk\/#website\",\"url\":\"https:\/\/www.vkpbratislava.sk\/\",\"name\":\"VK SLOVAN Bratislava\",\"description\":\"Volejbalov\u00fd klub\",\"publisher\":{\"@id\":\"https:\/\/www.vkpbratislava.sk\/#organization\"},\"potentialAction\":[{\"@type\":\"SearchAction\",\"target\":{\"@type\":\"EntryPoint\",\"urlTemplate\":\"https:\/\/www.vkpbratislava.sk\/?s={search_term_string}\"},\"query-input\":{\"@type\":\"PropertyValueSpecification\",\"valueRequired\":true,\"valueName\":\"search_term_string\"}}],\"inLanguage\":\"sk-SK\"},{\"@type\":\"Organization\",\"@id\":\"https:\/\/www.vkpbratislava.sk\/#organization\",\"name\":\"VKP Bratislava\",\"url\":\"https:\/\/www.vkpbratislava.sk\/\",\"logo\":{\"@type\":\"ImageObject\",\"inLanguage\":\"sk-SK\",\"@id\":\"https:\/\/www.vkpbratislava.sk\/#\/schema\/logo\/image\/\",\"url\":\"https:\/\/www.vkpbratislava.sk\/wp-content\/uploads\/2020\/10\/vkpBA.png\",\"contentUrl\":\"https:\/\/www.vkpbratislava.sk\/wp-content\/uploads\/2020\/10\/vkpBA.png\",\"width\":600,\"height\":600,\"caption\":\"VKP Bratislava\"},\"image\":{\"@id\":\"https:\/\/www.vkpbratislava.sk\/#\/schema\/logo\/image\/\"}},{\"@type\":\"Person\",\"@id\":\"https:\/\/www.vkpbratislava.sk\/#\/schema\/person\/7037e769f9515aa58493d1b5852c4c50\",\"name\":\"jenca\",\"image\":{\"@type\":\"ImageObject\",\"inLanguage\":\"sk-SK\",\"@id\":\"https:\/\/www.vkpbratislava.sk\/#\/schema\/person\/image\/\",\"url\":\"https:\/\/secure.gravatar.com\/avatar\/67aa89e9aab2911bbd0c6fbf0a891ea8d80c207c9b6a6e2c96e13fc2f16e536d?s=96&d=mm&r=g\",\"contentUrl\":\"https:\/\/secure.gravatar.com\/avatar\/67aa89e9aab2911bbd0c6fbf0a891ea8d80c207c9b6a6e2c96e13fc2f16e536d?s=96&d=mm&r=g\",\"caption\":\"jenca\"},\"url\":\"https:\/\/www.vkpbratislava.sk\/?author=3\"}]}<\/script>\n<!-- \/ Yoast SEO plugin. -->","yoast_head_json":{"title":"Kto vst\u00fapi do play-off z poz\u00edcie l\u00eddra? - VK SLOVAN Bratislava","robots":{"index":"index","follow":"follow","max-snippet":"max-snippet:-1","max-image-preview":"max-image-preview:large","max-video-preview":"max-video-preview:-1"},"canonical":"https:\/\/www.vkpbratislava.sk\/?p=52457","og_locale":"sk_SK","og_type":"article","og_title":"Kto vst\u00fapi do play-off z poz\u00edcie l\u00eddra? - VK SLOVAN Bratislava","og_description":"V utor\u0148aj\u0161\u00edch z\u00e1pasoch mu\u017eskej Nik\u00e9 Extraligy potvrdili favoriti svoje postavenie a medzi nimi aj VK Slovan Bratislava, ktor\u00fd zvl\u00e1dol duel na palubovke Myjavy bez straty setu. Belas\u00ed zv\u00ed\u0165azili 3:0 a prip\u00edsali si d\u00f4le\u017eit\u00e9 tri body do tabu\u013eky. Sez\u00f3na tak prich\u00e1dza do svojho \u010fal\u0161ieho vrcholu. U\u017e v\u00a0sobotu 21. marca je na programe posledn\u00fd duel nadstavbovej \u010dasti...","og_url":"https:\/\/www.vkpbratislava.sk\/?p=52457","og_site_name":"VK SLOVAN Bratislava","article_published_time":"2026-03-17T13:59:33+00:00","article_modified_time":"2026-03-22T19:43:18+00:00","og_image":[{"width":1280,"height":853,"url":"https:\/\/www.vkpbratislava.sk\/wp-content\/uploads\/2026\/03\/MS_20260317_ELSlovanvsMyjava-58-1280x853.jpg","type":"image\/jpeg"}],"author":"jenca","twitter_card":"summary_large_image","twitter_misc":{"Autor":"jenca","Predpokladan\u00fd \u010das \u010d\u00edtania":"2 min\u00faty"},"schema":{"@context":"https:\/\/schema.org","@graph":[{"@type":"Article","@id":"https:\/\/www.vkpbratislava.sk\/?p=52457#article","isPartOf":{"@id":"https:\/\/www.vkpbratislava.sk\/?p=52457"},"author":{"name":"jenca","@id":"https:\/\/www.vkpbratislava.sk\/#\/schema\/person\/7037e769f9515aa58493d1b5852c4c50"},"headline":"Kto vst\u00fapi do play-off z poz\u00edcie l\u00eddra?","datePublished":"2026-03-17T13:59:33+00:00","dateModified":"2026-03-22T19:43:18+00:00","mainEntityOfPage":{"@id":"https:\/\/www.vkpbratislava.sk\/?p=52457"},"wordCount":369,"publisher":{"@id":"https:\/\/www.vkpbratislava.sk\/#organization"},"image":{"@id":"https:\/\/www.vkpbratislava.sk\/?p=52457#primaryimage"},"thumbnailUrl":"https:\/\/www.vkpbratislava.sk\/wp-content\/uploads\/2026\/03\/MS_20260317_ELSlovanvsMyjava-58.jpg","articleSection":["Mu\u017ei"],"inLanguage":"sk-SK"},{"@type":"WebPage","@id":"https:\/\/www.vkpbratislava.sk\/?p=52457","url":"https:\/\/www.vkpbratislava.sk\/?p=52457","name":"Kto vst\u00fapi do play-off z poz\u00edcie l\u00eddra? - VK SLOVAN Bratislava","isPartOf":{"@id":"https:\/\/www.vkpbratislava.sk\/#website"},"primaryImageOfPage":{"@id":"https:\/\/www.vkpbratislava.sk\/?p=52457#primaryimage"},"image":{"@id":"https:\/\/www.vkpbratislava.sk\/?p=52457#primaryimage"},"thumbnailUrl":"https:\/\/www.vkpbratislava.sk\/wp-content\/uploads\/2026\/03\/MS_20260317_ELSlovanvsMyjava-58.jpg","datePublished":"2026-03-17T13:59:33+00:00","dateModified":"2026-03-22T19:43:18+00:00","breadcrumb":{"@id":"https:\/\/www.vkpbratislava.sk\/?p=52457#breadcrumb"},"inLanguage":"sk-SK","potentialAction":[{"@type":"ReadAction","target":["https:\/\/www.vkpbratislava.sk\/?p=52457"]}]},{"@type":"ImageObject","inLanguage":"sk-SK","@id":"https:\/\/www.vkpbratislava.sk\/?p=52457#primaryimage","url":"https:\/\/www.vkpbratislava.sk\/wp-content\/uploads\/2026\/03\/MS_20260317_ELSlovanvsMyjava-58.jpg","contentUrl":"https:\/\/www.vkpbratislava.sk\/wp-content\/uploads\/2026\/03\/MS_20260317_ELSlovanvsMyjava-58.jpg","width":2048,"height":1365},{"@type":"BreadcrumbList","@id":"https:\/\/www.vkpbratislava.sk\/?p=52457#breadcrumb","itemListElement":[{"@type":"ListItem","position":1,"name":"Domov","item":"https:\/\/www.vkpbratislava.sk\/"},{"@type":"ListItem","position":2,"name":"Kto vst\u00fapi do play-off z poz\u00edcie l\u00eddra?"}]},{"@type":"WebSite","@id":"https:\/\/www.vkpbratislava.sk\/#website","url":"https:\/\/www.vkpbratislava.sk\/","name":"VK SLOVAN Bratislava","description":"Volejbalov\u00fd klub","publisher":{"@id":"https:\/\/www.vkpbratislava.sk\/#organization"},"potentialAction":[{"@type":"SearchAction","target":{"@type":"EntryPoint","urlTemplate":"https:\/\/www.vkpbratislava.sk\/?s={search_term_string}"},"query-input":{"@type":"PropertyValueSpecification","valueRequired":true,"valueName":"search_term_string"}}],"inLanguage":"sk-SK"},{"@type":"Organization","@id":"https:\/\/www.vkpbratislava.sk\/#organization","name":"VKP Bratislava","url":"https:\/\/www.vkpbratislava.sk\/","logo":{"@type":"ImageObject","inLanguage":"sk-SK","@id":"https:\/\/www.vkpbratislava.sk\/#\/schema\/logo\/image\/","url":"https:\/\/www.vkpbratislava.sk\/wp-content\/uploads\/2020\/10\/vkpBA.png","contentUrl":"https:\/\/www.vkpbratislava.sk\/wp-content\/uploads\/2020\/10\/vkpBA.png","width":600,"height":600,"caption":"VKP Bratislava"},"image":{"@id":"https:\/\/www.vkpbratislava.sk\/#\/schema\/logo\/image\/"}},{"@type":"Person","@id":"https:\/\/www.vkpbratislava.sk\/#\/schema\/person\/7037e769f9515aa58493d1b5852c4c50","name":"jenca","image":{"@type":"ImageObject","inLanguage":"sk-SK","@id":"https:\/\/www.vkpbratislava.sk\/#\/schema\/person\/image\/","url":"https:\/\/secure.gravatar.com\/avatar\/67aa89e9aab2911bbd0c6fbf0a891ea8d80c207c9b6a6e2c96e13fc2f16e536d?s=96&d=mm&r=g","contentUrl":"https:\/\/secure.gravatar.com\/avatar\/67aa89e9aab2911bbd0c6fbf0a891ea8d80c207c9b6a6e2c96e13fc2f16e536d?s=96&d=mm&r=g","caption":"jenca"},"url":"https:\/\/www.vkpbratislava.sk\/?author=3"}]}},"_links":{"self":[{"href":"https:\/\/www.vkpbratislava.sk\/index.php?rest_route=\/wp\/v2\/posts\/52457","targetHints":{"allow":["GET"]}}],"collection":[{"href":"https:\/\/www.vkpbratislava.sk\/index.php?rest_route=\/wp\/v2\/posts"}],"about":[{"href":"https:\/\/www.vkpbratislava.sk\/index.php?rest_route=\/wp\/v2\/types\/post"}],"author":[{"embeddable":true,"href":"https:\/\/www.vkpbratislava.sk\/index.php?rest_route=\/wp\/v2\/users\/3"}],"replies":[{"embeddable":true,"href":"https:\/\/www.vkpbratislava.sk\/index.php?rest_route=%2Fwp%2Fv2%2Fcomments&post=52457"}],"version-history":[{"count":3,"href":"https:\/\/www.vkpbratislava.sk\/index.php?rest_route=\/wp\/v2\/posts\/52457\/revisions"}],"predecessor-version":[{"id":52606,"href":"https:\/\/www.vkpbratislava.sk\/index.php?rest_route=\/wp\/v2\/posts\/52457\/revisions\/52606"}],"wp:featuredmedia":[{"embeddable":true,"href":"https:\/\/www.vkpbratislava.sk\/index.php?rest_route=\/wp\/v2\/media\/52211"}],"wp:attachment":[{"href":"https:\/\/www.vkpbratislava.sk\/index.php?rest_route=%2Fwp%2Fv2%2Fmedia&parent=52457"}],"wp:term":[{"taxonomy":"category","embeddable":true,"href":"https:\/\/www.vkpbratislava.sk\/index.php?rest_route=%2Fwp%2Fv2%2Fcategories&post=52457"},{"taxonomy":"post_tag","embeddable":true,"href":"https:\/\/www.vkpbratislava.sk\/index.php?rest_route=%2Fwp%2Fv2%2Ftags&post=52457"}],"curies":[{"name":"wp","href":"https:\/\/api.w.org\/{rel}","templated":true}]}}