{"id":52463,"date":"2026-03-22T15:13:35","date_gmt":"2026-03-22T14:13:35","guid":{"rendered":"https:\/\/www.vkpbratislava.sk\/?p=52463"},"modified":"2026-03-22T16:08:03","modified_gmt":"2026-03-22T15:08:03","slug":"bez-straty-setu-medzi-najlepsou-stvorkou","status":"publish","type":"post","link":"https:\/\/www.vkpbratislava.sk\/?p=52463","title":{"rendered":"Bez straty setu medzi najlep\u0161ou \u0161tvorkou"},"content":{"rendered":"<p>Volejbalistky VK Slovan Bratislava potvrdili \u00falohu favoritiek aj v druhom \u0161tvr\u0165fin\u00e1lovom dueli a po \u010fal\u0161om presved\u010divom v\u00ed\u0165azstve si zabezpe\u010dili postup do semifin\u00e1le Nik\u00e9 Extraligy. Po dom\u00e1cej v\u00fdhre 3:0 zvl\u00e1dli rovnak\u00fdm v\u00fdsledkom aj z\u00e1pas na palubovke Pezinka, \u010d\u00edm s\u00e9riu ukon\u010dili v najkrat\u0161om mo\u017enom \u010dase.<\/p>\n<p>Slovanistky boli v stredaj\u0161\u00edch \u00favodn\u00fdch \u0161tvr\u0165fin\u00e1lov\u00fdch dueloch jedin\u00fdm t\u00edmom, ktor\u00fd zv\u00ed\u0165azil bez straty setu, a rovnak\u00fa dominanciu potvrdili aj v odvete. Na palubovke \u00f4smeho t\u00edmu po nadstavbovej \u010dasti od za\u010diatku kontrolovali v\u00fdvoj stretnutia, nepustili s\u00faperky do v\u00fdraznej\u0161ieho tlaku a zasl\u00fa\u017eene spe\u010datili postup medzi najlep\u0161iu \u0161tvorku s\u00fa\u0165a\u017ee.<\/p>\n<p>&nbsp;<\/p>\n<p>K\u00a0z\u00e1pasu sa vyjadril Patrik \u0160elep, tr\u00e9ner \u0160VK: <strong>\u201eChcem pogratulova\u0165 Slovanu k postupu do semifin\u00e1le. N\u00e1s m\u00f4\u017ee te\u0161i\u0165, \u017ee dnes dostali priestor \u0161tyri juniorky a v\u00f4bec sa nestratili. Pr\u00e1ve naopak &#8211; uk\u00e1zali bojovnos\u0165 a ve\u013ek\u00fd potenci\u00e1l. Sna\u017eili sme sa a bojovali do poslednej chv\u00edle, no na Slovan to dnes nesta\u010dilo.\u201c\u00a0 <\/strong><\/p>\n<p><strong>\u201eDnes to bol z na\u0161ej strany ove\u013ea lep\u0161\u00ed z\u00e1pas ako v stredu v Bratislave. Hrali sme lep\u0161ie. S\u00faper bol pripraven\u00fd, ale my sme boli koncentrovan\u00ed, a preto bol priebeh tak\u00fd, ak\u00fd bol. Na v\u00fdsledok sme v\u0161ak museli tvrdo pracova\u0165,\u201c<\/strong> dodal Pavel Bern\u00e1th, tr\u00e9ner VK Slovan.<\/p>\n<p>&nbsp;<\/p>\n<p><img loading=\"lazy\" decoding=\"async\" class=\"alignnone size-full wp-image-52601\" src=\"https:\/\/www.vkpbratislava.sk\/wp-content\/uploads\/2026\/03\/DSC_4099.jpg\" alt=\"\" width=\"2048\" height=\"1367\" srcset=\"https:\/\/www.vkpbratislava.sk\/wp-content\/uploads\/2026\/03\/DSC_4099.jpg 2048w, https:\/\/www.vkpbratislava.sk\/wp-content\/uploads\/2026\/03\/DSC_4099-640x427.jpg 640w, https:\/\/www.vkpbratislava.sk\/wp-content\/uploads\/2026\/03\/DSC_4099-1280x854.jpg 1280w, https:\/\/www.vkpbratislava.sk\/wp-content\/uploads\/2026\/03\/DSC_4099-768x513.jpg 768w, https:\/\/www.vkpbratislava.sk\/wp-content\/uploads\/2026\/03\/DSC_4099-1536x1025.jpg 1536w, https:\/\/www.vkpbratislava.sk\/wp-content\/uploads\/2026\/03\/DSC_4099-320x214.jpg 320w, https:\/\/www.vkpbratislava.sk\/wp-content\/uploads\/2026\/03\/DSC_4099-600x400.jpg 600w\" sizes=\"auto, (max-width: 2048px) 100vw, 2048px\" \/><\/p>\n<p>&nbsp;<\/p>\n<p><strong>Nik\u00e9 Extraliga \u017eeny \u2013 \u0161tvr\u0165fin\u00e1le \u2013 2. z\u00e1pasy \u2013 sobota:<\/strong><\/p>\n<p><strong>\u0160VK Pezinok (8.) \u2013 VK Slovan Bratislava (1.) 0:3 (-9, -16, -14) \u2013 0:2 na z\u00e1pasy<\/strong><\/p>\n<p><strong>Hr\u00e1\u010dky z\u00e1pasu:<\/strong> Nikola Rarigov\u00e1 (\u0160VK Pezinok) \u2013 Ema Palkovi\u010dov\u00e1 (VK Slovan Bratislava)<\/p>\n<p><strong>\u0160VK:<\/strong>\u00a0 Mol\u010danov\u00e1 7, Rarigov\u00e1 4, Vere\u0161ov\u00e1 0, \u0160r\u00e1mekov\u00e1 5, \u013d. P\u00edse\u010dn\u00e1 3, Kujovi\u010dov\u00e1 1, liberka Borkaov\u00e1 (Rybani\u010dov\u00e1 8, Bir\u010d\u00e1kov\u00e1 0, Keszeghov\u00e1 2, Rusn\u00e1kov\u00e1 0, Jur\u00edkov\u00e1 0). Tr\u00e9ner: P. \u0160elep.<\/p>\n<p><strong>VK SLOVAN:<\/strong> A. Fri\u010dov\u00e1 7, Massari 7, Palkovi\u010dov\u00e1 13, Wagner 8, Smie\u0161kov\u00e1 6, Canedo 1, liberka S. Jan\u010dov\u00e1 (Paz\u00farikov\u00e1 1, Boldock\u00e1 2, Brewster 0). Tr\u00e9ner: P. Bern\u00e1th.<\/p>\n<p><strong>Rozhodovali:<\/strong> G\u00e1la a Dovi\u010dovi\u010d \u2013 70 div\u00e1kov.<\/p>\n<p>&nbsp;<\/p>\n<p>Zdroj: VK Slovan, svf<\/p>\n<p>&nbsp;<\/p>\n<p>&nbsp;<\/p>\n<p>&nbsp;<\/p>\n","protected":false},"excerpt":{"rendered":"<p>Volejbalistky VK Slovan Bratislava potvrdili \u00falohu favoritiek aj v druhom \u0161tvr\u0165fin\u00e1lovom dueli a po \u010fal\u0161om presved\u010divom v\u00ed\u0165azstve si zabezpe\u010dili postup do semifin\u00e1le Nik\u00e9 Extraligy. Po dom\u00e1cej v\u00fdhre 3:0 zvl\u00e1dli rovnak\u00fdm v\u00fdsledkom aj z\u00e1pas na palubovke Pezinka, \u010d\u00edm s\u00e9riu ukon\u010dili v najkrat\u0161om mo\u017enom \u010dase. Slovanistky boli v stredaj\u0161\u00edch \u00favodn\u00fdch \u0161tvr\u0165fin\u00e1lov\u00fdch dueloch jedin\u00fdm t\u00edmom, ktor\u00fd zv\u00ed\u0165azil bez&#8230;<\/p>\n","protected":false},"author":3,"featured_media":52313,"comment_status":"closed","ping_status":"closed","sticky":false,"template":"","format":"standard","meta":{"_monsterinsights_skip_tracking":false,"_monsterinsights_sitenote_active":false,"_monsterinsights_sitenote_note":"","_monsterinsights_sitenote_category":0,"footnotes":""},"categories":[48],"tags":[],"class_list":["post-52463","post","type-post","status-publish","format-standard","has-post-thumbnail","hentry","category-zeny"],"yoast_head":"<!-- This site is optimized with the Yoast SEO plugin v25.6 - https:\/\/yoast.com\/wordpress\/plugins\/seo\/ -->\n<title>Bez straty setu medzi najlep\u0161ou \u0161tvorkou - VK SLOVAN Bratislava<\/title>\n<meta name=\"robots\" content=\"index, follow, max-snippet:-1, max-image-preview:large, max-video-preview:-1\" \/>\n<link rel=\"canonical\" href=\"https:\/\/www.vkpbratislava.sk\/?p=52463\" \/>\n<meta property=\"og:locale\" content=\"sk_SK\" \/>\n<meta property=\"og:type\" content=\"article\" \/>\n<meta property=\"og:title\" content=\"Bez straty setu medzi najlep\u0161ou \u0161tvorkou - VK SLOVAN Bratislava\" \/>\n<meta property=\"og:description\" content=\"Volejbalistky VK Slovan Bratislava potvrdili \u00falohu favoritiek aj v druhom \u0161tvr\u0165fin\u00e1lovom dueli a po \u010fal\u0161om presved\u010divom v\u00ed\u0165azstve si zabezpe\u010dili postup do semifin\u00e1le Nik\u00e9 Extraligy. Po dom\u00e1cej v\u00fdhre 3:0 zvl\u00e1dli rovnak\u00fdm v\u00fdsledkom aj z\u00e1pas na palubovke Pezinka, \u010d\u00edm s\u00e9riu ukon\u010dili v najkrat\u0161om mo\u017enom \u010dase. Slovanistky boli v stredaj\u0161\u00edch \u00favodn\u00fdch \u0161tvr\u0165fin\u00e1lov\u00fdch dueloch jedin\u00fdm t\u00edmom, ktor\u00fd zv\u00ed\u0165azil bez...\" \/>\n<meta property=\"og:url\" content=\"https:\/\/www.vkpbratislava.sk\/?p=52463\" \/>\n<meta property=\"og:site_name\" content=\"VK SLOVAN Bratislava\" \/>\n<meta property=\"article:published_time\" content=\"2026-03-22T14:13:35+00:00\" \/>\n<meta property=\"article:modified_time\" content=\"2026-03-22T15:08:03+00:00\" \/>\n<meta property=\"og:image\" content=\"https:\/\/www.vkpbratislava.sk\/wp-content\/uploads\/2026\/03\/20260318_igor_urban_VK-Slovan-Z-vs-Pezinok_IUR00175-scaled.jpg\" \/>\n\t<meta property=\"og:image:width\" content=\"2560\" \/>\n\t<meta property=\"og:image:height\" content=\"1707\" \/>\n\t<meta property=\"og:image:type\" content=\"image\/jpeg\" \/>\n<meta name=\"author\" content=\"jenca\" \/>\n<meta name=\"twitter:card\" content=\"summary_large_image\" \/>\n<meta name=\"twitter:label1\" content=\"Autor\" \/>\n\t<meta name=\"twitter:data1\" content=\"jenca\" \/>\n\t<meta name=\"twitter:label2\" content=\"Predpokladan\u00fd \u010das \u010d\u00edtania\" \/>\n\t<meta name=\"twitter:data2\" content=\"2 min\u00faty\" \/>\n<script type=\"application\/ld+json\" class=\"yoast-schema-graph\">{\"@context\":\"https:\/\/schema.org\",\"@graph\":[{\"@type\":\"Article\",\"@id\":\"https:\/\/www.vkpbratislava.sk\/?p=52463#article\",\"isPartOf\":{\"@id\":\"https:\/\/www.vkpbratislava.sk\/?p=52463\"},\"author\":{\"name\":\"jenca\",\"@id\":\"https:\/\/www.vkpbratislava.sk\/#\/schema\/person\/7037e769f9515aa58493d1b5852c4c50\"},\"headline\":\"Bez straty setu medzi najlep\u0161ou \u0161tvorkou\",\"datePublished\":\"2026-03-22T14:13:35+00:00\",\"dateModified\":\"2026-03-22T15:08:03+00:00\",\"mainEntityOfPage\":{\"@id\":\"https:\/\/www.vkpbratislava.sk\/?p=52463\"},\"wordCount\":355,\"publisher\":{\"@id\":\"https:\/\/www.vkpbratislava.sk\/#organization\"},\"image\":{\"@id\":\"https:\/\/www.vkpbratislava.sk\/?p=52463#primaryimage\"},\"thumbnailUrl\":\"https:\/\/www.vkpbratislava.sk\/wp-content\/uploads\/2026\/03\/20260318_igor_urban_VK-Slovan-Z-vs-Pezinok_IUR00175-scaled.jpg\",\"articleSection\":[\"\u017deny\"],\"inLanguage\":\"sk-SK\"},{\"@type\":\"WebPage\",\"@id\":\"https:\/\/www.vkpbratislava.sk\/?p=52463\",\"url\":\"https:\/\/www.vkpbratislava.sk\/?p=52463\",\"name\":\"Bez straty setu medzi najlep\u0161ou \u0161tvorkou - VK SLOVAN Bratislava\",\"isPartOf\":{\"@id\":\"https:\/\/www.vkpbratislava.sk\/#website\"},\"primaryImageOfPage\":{\"@id\":\"https:\/\/www.vkpbratislava.sk\/?p=52463#primaryimage\"},\"image\":{\"@id\":\"https:\/\/www.vkpbratislava.sk\/?p=52463#primaryimage\"},\"thumbnailUrl\":\"https:\/\/www.vkpbratislava.sk\/wp-content\/uploads\/2026\/03\/20260318_igor_urban_VK-Slovan-Z-vs-Pezinok_IUR00175-scaled.jpg\",\"datePublished\":\"2026-03-22T14:13:35+00:00\",\"dateModified\":\"2026-03-22T15:08:03+00:00\",\"breadcrumb\":{\"@id\":\"https:\/\/www.vkpbratislava.sk\/?p=52463#breadcrumb\"},\"inLanguage\":\"sk-SK\",\"potentialAction\":[{\"@type\":\"ReadAction\",\"target\":[\"https:\/\/www.vkpbratislava.sk\/?p=52463\"]}]},{\"@type\":\"ImageObject\",\"inLanguage\":\"sk-SK\",\"@id\":\"https:\/\/www.vkpbratislava.sk\/?p=52463#primaryimage\",\"url\":\"https:\/\/www.vkpbratislava.sk\/wp-content\/uploads\/2026\/03\/20260318_igor_urban_VK-Slovan-Z-vs-Pezinok_IUR00175-scaled.jpg\",\"contentUrl\":\"https:\/\/www.vkpbratislava.sk\/wp-content\/uploads\/2026\/03\/20260318_igor_urban_VK-Slovan-Z-vs-Pezinok_IUR00175-scaled.jpg\",\"width\":2560,\"height\":1707},{\"@type\":\"BreadcrumbList\",\"@id\":\"https:\/\/www.vkpbratislava.sk\/?p=52463#breadcrumb\",\"itemListElement\":[{\"@type\":\"ListItem\",\"position\":1,\"name\":\"Domov\",\"item\":\"https:\/\/www.vkpbratislava.sk\/\"},{\"@type\":\"ListItem\",\"position\":2,\"name\":\"Bez straty setu medzi najlep\u0161ou \u0161tvorkou\"}]},{\"@type\":\"WebSite\",\"@id\":\"https:\/\/www.vkpbratislava.sk\/#website\",\"url\":\"https:\/\/www.vkpbratislava.sk\/\",\"name\":\"VK SLOVAN Bratislava\",\"description\":\"Volejbalov\u00fd klub\",\"publisher\":{\"@id\":\"https:\/\/www.vkpbratislava.sk\/#organization\"},\"potentialAction\":[{\"@type\":\"SearchAction\",\"target\":{\"@type\":\"EntryPoint\",\"urlTemplate\":\"https:\/\/www.vkpbratislava.sk\/?s={search_term_string}\"},\"query-input\":{\"@type\":\"PropertyValueSpecification\",\"valueRequired\":true,\"valueName\":\"search_term_string\"}}],\"inLanguage\":\"sk-SK\"},{\"@type\":\"Organization\",\"@id\":\"https:\/\/www.vkpbratislava.sk\/#organization\",\"name\":\"VKP Bratislava\",\"url\":\"https:\/\/www.vkpbratislava.sk\/\",\"logo\":{\"@type\":\"ImageObject\",\"inLanguage\":\"sk-SK\",\"@id\":\"https:\/\/www.vkpbratislava.sk\/#\/schema\/logo\/image\/\",\"url\":\"https:\/\/www.vkpbratislava.sk\/wp-content\/uploads\/2020\/10\/vkpBA.png\",\"contentUrl\":\"https:\/\/www.vkpbratislava.sk\/wp-content\/uploads\/2020\/10\/vkpBA.png\",\"width\":600,\"height\":600,\"caption\":\"VKP Bratislava\"},\"image\":{\"@id\":\"https:\/\/www.vkpbratislava.sk\/#\/schema\/logo\/image\/\"}},{\"@type\":\"Person\",\"@id\":\"https:\/\/www.vkpbratislava.sk\/#\/schema\/person\/7037e769f9515aa58493d1b5852c4c50\",\"name\":\"jenca\",\"image\":{\"@type\":\"ImageObject\",\"inLanguage\":\"sk-SK\",\"@id\":\"https:\/\/www.vkpbratislava.sk\/#\/schema\/person\/image\/\",\"url\":\"https:\/\/secure.gravatar.com\/avatar\/67aa89e9aab2911bbd0c6fbf0a891ea8d80c207c9b6a6e2c96e13fc2f16e536d?s=96&d=mm&r=g\",\"contentUrl\":\"https:\/\/secure.gravatar.com\/avatar\/67aa89e9aab2911bbd0c6fbf0a891ea8d80c207c9b6a6e2c96e13fc2f16e536d?s=96&d=mm&r=g\",\"caption\":\"jenca\"},\"url\":\"https:\/\/www.vkpbratislava.sk\/?author=3\"}]}<\/script>\n<!-- \/ Yoast SEO plugin. -->","yoast_head_json":{"title":"Bez straty setu medzi najlep\u0161ou \u0161tvorkou - VK SLOVAN Bratislava","robots":{"index":"index","follow":"follow","max-snippet":"max-snippet:-1","max-image-preview":"max-image-preview:large","max-video-preview":"max-video-preview:-1"},"canonical":"https:\/\/www.vkpbratislava.sk\/?p=52463","og_locale":"sk_SK","og_type":"article","og_title":"Bez straty setu medzi najlep\u0161ou \u0161tvorkou - VK SLOVAN Bratislava","og_description":"Volejbalistky VK Slovan Bratislava potvrdili \u00falohu favoritiek aj v druhom \u0161tvr\u0165fin\u00e1lovom dueli a po \u010fal\u0161om presved\u010divom v\u00ed\u0165azstve si zabezpe\u010dili postup do semifin\u00e1le Nik\u00e9 Extraligy. Po dom\u00e1cej v\u00fdhre 3:0 zvl\u00e1dli rovnak\u00fdm v\u00fdsledkom aj z\u00e1pas na palubovke Pezinka, \u010d\u00edm s\u00e9riu ukon\u010dili v najkrat\u0161om mo\u017enom \u010dase. Slovanistky boli v stredaj\u0161\u00edch \u00favodn\u00fdch \u0161tvr\u0165fin\u00e1lov\u00fdch dueloch jedin\u00fdm t\u00edmom, ktor\u00fd zv\u00ed\u0165azil bez...","og_url":"https:\/\/www.vkpbratislava.sk\/?p=52463","og_site_name":"VK SLOVAN Bratislava","article_published_time":"2026-03-22T14:13:35+00:00","article_modified_time":"2026-03-22T15:08:03+00:00","og_image":[{"width":2560,"height":1707,"url":"https:\/\/www.vkpbratislava.sk\/wp-content\/uploads\/2026\/03\/20260318_igor_urban_VK-Slovan-Z-vs-Pezinok_IUR00175-scaled.jpg","type":"image\/jpeg"}],"author":"jenca","twitter_card":"summary_large_image","twitter_misc":{"Autor":"jenca","Predpokladan\u00fd \u010das \u010d\u00edtania":"2 min\u00faty"},"schema":{"@context":"https:\/\/schema.org","@graph":[{"@type":"Article","@id":"https:\/\/www.vkpbratislava.sk\/?p=52463#article","isPartOf":{"@id":"https:\/\/www.vkpbratislava.sk\/?p=52463"},"author":{"name":"jenca","@id":"https:\/\/www.vkpbratislava.sk\/#\/schema\/person\/7037e769f9515aa58493d1b5852c4c50"},"headline":"Bez straty setu medzi najlep\u0161ou \u0161tvorkou","datePublished":"2026-03-22T14:13:35+00:00","dateModified":"2026-03-22T15:08:03+00:00","mainEntityOfPage":{"@id":"https:\/\/www.vkpbratislava.sk\/?p=52463"},"wordCount":355,"publisher":{"@id":"https:\/\/www.vkpbratislava.sk\/#organization"},"image":{"@id":"https:\/\/www.vkpbratislava.sk\/?p=52463#primaryimage"},"thumbnailUrl":"https:\/\/www.vkpbratislava.sk\/wp-content\/uploads\/2026\/03\/20260318_igor_urban_VK-Slovan-Z-vs-Pezinok_IUR00175-scaled.jpg","articleSection":["\u017deny"],"inLanguage":"sk-SK"},{"@type":"WebPage","@id":"https:\/\/www.vkpbratislava.sk\/?p=52463","url":"https:\/\/www.vkpbratislava.sk\/?p=52463","name":"Bez straty setu medzi najlep\u0161ou \u0161tvorkou - VK SLOVAN Bratislava","isPartOf":{"@id":"https:\/\/www.vkpbratislava.sk\/#website"},"primaryImageOfPage":{"@id":"https:\/\/www.vkpbratislava.sk\/?p=52463#primaryimage"},"image":{"@id":"https:\/\/www.vkpbratislava.sk\/?p=52463#primaryimage"},"thumbnailUrl":"https:\/\/www.vkpbratislava.sk\/wp-content\/uploads\/2026\/03\/20260318_igor_urban_VK-Slovan-Z-vs-Pezinok_IUR00175-scaled.jpg","datePublished":"2026-03-22T14:13:35+00:00","dateModified":"2026-03-22T15:08:03+00:00","breadcrumb":{"@id":"https:\/\/www.vkpbratislava.sk\/?p=52463#breadcrumb"},"inLanguage":"sk-SK","potentialAction":[{"@type":"ReadAction","target":["https:\/\/www.vkpbratislava.sk\/?p=52463"]}]},{"@type":"ImageObject","inLanguage":"sk-SK","@id":"https:\/\/www.vkpbratislava.sk\/?p=52463#primaryimage","url":"https:\/\/www.vkpbratislava.sk\/wp-content\/uploads\/2026\/03\/20260318_igor_urban_VK-Slovan-Z-vs-Pezinok_IUR00175-scaled.jpg","contentUrl":"https:\/\/www.vkpbratislava.sk\/wp-content\/uploads\/2026\/03\/20260318_igor_urban_VK-Slovan-Z-vs-Pezinok_IUR00175-scaled.jpg","width":2560,"height":1707},{"@type":"BreadcrumbList","@id":"https:\/\/www.vkpbratislava.sk\/?p=52463#breadcrumb","itemListElement":[{"@type":"ListItem","position":1,"name":"Domov","item":"https:\/\/www.vkpbratislava.sk\/"},{"@type":"ListItem","position":2,"name":"Bez straty setu medzi najlep\u0161ou \u0161tvorkou"}]},{"@type":"WebSite","@id":"https:\/\/www.vkpbratislava.sk\/#website","url":"https:\/\/www.vkpbratislava.sk\/","name":"VK SLOVAN Bratislava","description":"Volejbalov\u00fd klub","publisher":{"@id":"https:\/\/www.vkpbratislava.sk\/#organization"},"potentialAction":[{"@type":"SearchAction","target":{"@type":"EntryPoint","urlTemplate":"https:\/\/www.vkpbratislava.sk\/?s={search_term_string}"},"query-input":{"@type":"PropertyValueSpecification","valueRequired":true,"valueName":"search_term_string"}}],"inLanguage":"sk-SK"},{"@type":"Organization","@id":"https:\/\/www.vkpbratislava.sk\/#organization","name":"VKP Bratislava","url":"https:\/\/www.vkpbratislava.sk\/","logo":{"@type":"ImageObject","inLanguage":"sk-SK","@id":"https:\/\/www.vkpbratislava.sk\/#\/schema\/logo\/image\/","url":"https:\/\/www.vkpbratislava.sk\/wp-content\/uploads\/2020\/10\/vkpBA.png","contentUrl":"https:\/\/www.vkpbratislava.sk\/wp-content\/uploads\/2020\/10\/vkpBA.png","width":600,"height":600,"caption":"VKP Bratislava"},"image":{"@id":"https:\/\/www.vkpbratislava.sk\/#\/schema\/logo\/image\/"}},{"@type":"Person","@id":"https:\/\/www.vkpbratislava.sk\/#\/schema\/person\/7037e769f9515aa58493d1b5852c4c50","name":"jenca","image":{"@type":"ImageObject","inLanguage":"sk-SK","@id":"https:\/\/www.vkpbratislava.sk\/#\/schema\/person\/image\/","url":"https:\/\/secure.gravatar.com\/avatar\/67aa89e9aab2911bbd0c6fbf0a891ea8d80c207c9b6a6e2c96e13fc2f16e536d?s=96&d=mm&r=g","contentUrl":"https:\/\/secure.gravatar.com\/avatar\/67aa89e9aab2911bbd0c6fbf0a891ea8d80c207c9b6a6e2c96e13fc2f16e536d?s=96&d=mm&r=g","caption":"jenca"},"url":"https:\/\/www.vkpbratislava.sk\/?author=3"}]}},"_links":{"self":[{"href":"https:\/\/www.vkpbratislava.sk\/index.php?rest_route=\/wp\/v2\/posts\/52463","targetHints":{"allow":["GET"]}}],"collection":[{"href":"https:\/\/www.vkpbratislava.sk\/index.php?rest_route=\/wp\/v2\/posts"}],"about":[{"href":"https:\/\/www.vkpbratislava.sk\/index.php?rest_route=\/wp\/v2\/types\/post"}],"author":[{"embeddable":true,"href":"https:\/\/www.vkpbratislava.sk\/index.php?rest_route=\/wp\/v2\/users\/3"}],"replies":[{"embeddable":true,"href":"https:\/\/www.vkpbratislava.sk\/index.php?rest_route=%2Fwp%2Fv2%2Fcomments&post=52463"}],"version-history":[{"count":3,"href":"https:\/\/www.vkpbratislava.sk\/index.php?rest_route=\/wp\/v2\/posts\/52463\/revisions"}],"predecessor-version":[{"id":52602,"href":"https:\/\/www.vkpbratislava.sk\/index.php?rest_route=\/wp\/v2\/posts\/52463\/revisions\/52602"}],"wp:featuredmedia":[{"embeddable":true,"href":"https:\/\/www.vkpbratislava.sk\/index.php?rest_route=\/wp\/v2\/media\/52313"}],"wp:attachment":[{"href":"https:\/\/www.vkpbratislava.sk\/index.php?rest_route=%2Fwp%2Fv2%2Fmedia&parent=52463"}],"wp:term":[{"taxonomy":"category","embeddable":true,"href":"https:\/\/www.vkpbratislava.sk\/index.php?rest_route=%2Fwp%2Fv2%2Fcategories&post=52463"},{"taxonomy":"post_tag","embeddable":true,"href":"https:\/\/www.vkpbratislava.sk\/index.php?rest_route=%2Fwp%2Fv2%2Ftags&post=52463"}],"curies":[{"name":"wp","href":"https:\/\/api.w.org\/{rel}","templated":true}]}}