{"id":5249,"date":"2021-05-28T13:39:47","date_gmt":"2021-05-28T11:39:47","guid":{"rendered":"https:\/\/www.vkpbratislava.sk\/?p=5249"},"modified":"2021-05-28T13:56:29","modified_gmt":"2021-05-28T11:56:29","slug":"vkp-bohatsi-silnejsi-a-krajsi-o-extraligove-zeny","status":"publish","type":"post","link":"https:\/\/www.vkpbratislava.sk\/?p=5249","title":{"rendered":"VKP bohat\u0161\u00ed, silnej\u0161\u00ed a kraj\u0161\u00ed o\u00a0extraligov\u00e9 \u017eeny"},"content":{"rendered":"<p><strong>Od novej sez\u00f3ny 2021\/2022 bude ma\u0165 volejbalov\u00fd klub VKP Bratislava v\u00a0extralige a\u017e dvojit\u00e9 zast\u00fapenie. Po tom, \u010do sa do najvy\u0161\u0161ej s\u00fa\u0165a\u017ee po \u00f4smich rokoch vr\u00e1til t\u00edm mu\u017eov, od tej nasleduj\u00facej v\u00a0nej bude p\u00f4sobi\u0165 aj \u017eensk\u00fd kolekt\u00edv.<\/strong><\/p>\n<p>Mu\u017ei VKP sa po rokoch v\u00a0exile vr\u00e1til do Bratislavy a\u00a0bol obohaten\u00edm mu\u017eskej extraligy. V\u00a0novej sez\u00f3ne sa klub roz\u0161\u00edri prv\u00fdkr\u00e1t v\u00a0hist\u00f3rii aj o\u00a0\u017eensk\u00fd kolekt\u00edv, ktor\u00fd bude p\u00f4sobi\u0165 v\u00a0najvy\u0161\u0161ej s\u00fa\u0165a\u017ei pod hlavi\u010dkou VKP Bratislava. Licenciu na extraligu \u017eien odk\u00fapil VKP Bratislava od VTC Pezinok. \u201e\u017deny boli v\u00a0na\u0161ich pl\u00e1noch u\u017e v\u00a0\u010dase, ke\u010f sme vstupovali do obnovenia zna\u010dky VKP Bratislava pred sez\u00f3nou 2020\/2021. V\u0161etko v\u0161ak chce svoj \u010das a\u00a0my sme to vyhodnotili tak, \u017ee pr\u00e1ve teraz nadi\u0161iel ten spr\u00e1vny moment prida\u0165 k\u00a0mu\u017eom aj \u017eeny. Ve\u013emi n\u00e1s te\u0161\u00ed, \u017ee v\u00a0spolupr\u00e1ci s\u00a0Robom Hronsk\u00fdm sme na\u0161li spolo\u010dn\u00fa re\u010d a\u00a0dohodli sa na spolupr\u00e1ci,\u201c povedal gener\u00e1lny mana\u017e\u00e9r klubu Tom\u00e1\u0161 Jen\u010da. \u201eVKP je v\u00fdznamnou zna\u010dkou, klenot slovensk\u00e9ho volejbalu. M\u00e1me nastaven\u00e9 kr\u00e1tkodob\u00e9 i\u00a0dlhodob\u00e9 ciele a\u00a0v\u00a0nich figuruje okrem mu\u017eov aj kolekt\u00edv \u017eien. Ver\u00edm, \u017ee spolo\u010dne nadvia\u017eeme na \u00faspe\u0161n\u00e9 obdobie oboch zlo\u017eiek a\u00a0sn\u00e1\u010f jedn\u00e9ho d\u0148a z\u00edskame aj double. Te\u0161\u00edme sa najm\u00e4 na bratislavsk\u00e9 derby z\u00e1pasy so Sl\u00e1viou,\u201c podotkol mana\u017e\u00e9r \u017eensk\u00e9ho t\u00edmu R\u00f3bert Hronsk\u00fd.<\/p>\n<p>O\u00a0zlo\u017een\u00ed realiza\u010dn\u00fdch t\u00edmov i\u00a0k\u00e1droch mu\u017eov a \u017eien bude klub informova\u0165 na svojej webstr\u00e1nke a\u00a0soci\u00e1lnych sie\u0165ach.<\/p>\n<p>mb, foto: vkp<\/p>\n<p>&nbsp;<\/p>\n<p>&nbsp;<\/p>\n<p>&nbsp;<\/p>\n<p>&nbsp;<\/p>\n","protected":false},"excerpt":{"rendered":"<p>Od novej sez\u00f3ny 2021\/2022 bude ma\u0165 volejbalov\u00fd klub VKP Bratislava v\u00a0extralige a\u017e dvojit\u00e9 zast\u00fapenie. Po tom, \u010do sa do najvy\u0161\u0161ej s\u00fa\u0165a\u017ee po \u00f4smich rokoch vr\u00e1til t\u00edm mu\u017eov, od tej nasleduj\u00facej v\u00a0nej bude p\u00f4sobi\u0165 aj \u017eensk\u00fd kolekt\u00edv.<\/p>\n","protected":false},"author":3,"featured_media":5250,"comment_status":"closed","ping_status":"open","sticky":false,"template":"","format":"standard","meta":{"_monsterinsights_skip_tracking":false,"_monsterinsights_sitenote_active":false,"_monsterinsights_sitenote_note":"","_monsterinsights_sitenote_category":0,"footnotes":""},"categories":[47,48],"tags":[],"class_list":["post-5249","post","type-post","status-publish","format-standard","has-post-thumbnail","hentry","category-muzi","category-zeny"],"yoast_head":"<!-- This site is optimized with the Yoast SEO plugin v25.6 - https:\/\/yoast.com\/wordpress\/plugins\/seo\/ -->\n<title>VKP bohat\u0161\u00ed, silnej\u0161\u00ed a kraj\u0161\u00ed o\u00a0extraligov\u00e9 \u017eeny - VK SLOVAN Bratislava<\/title>\n<meta name=\"description\" content=\"Od novej sez\u00f3ny 2021\/2022 bude ma\u0165 volejbalov\u00fd klub VKP Bratislava v\u00a0extralige a\u017e dvojit\u00e9 zast\u00fapenie. Po tom, \u010do sa do najvy\u0161\u0161ej s\u00fa\u0165a\u017ee po \u00f4smich rokoch vr\u00e1til t\u00edm mu\u017eov, od tej nasleduj\u00facej v\u00a0nej bude p\u00f4sobi\u0165 aj \u017eensk\u00fd kolekt\u00edv.\" \/>\n<meta name=\"robots\" content=\"index, follow, max-snippet:-1, max-image-preview:large, max-video-preview:-1\" \/>\n<link rel=\"canonical\" href=\"https:\/\/www.vkpbratislava.sk\/?p=5249\" \/>\n<meta property=\"og:locale\" content=\"sk_SK\" \/>\n<meta property=\"og:type\" content=\"article\" \/>\n<meta property=\"og:title\" content=\"VKP bohat\u0161\u00ed, silnej\u0161\u00ed a kraj\u0161\u00ed o\u00a0extraligov\u00e9 \u017eeny - VK SLOVAN Bratislava\" \/>\n<meta property=\"og:description\" content=\"Od novej sez\u00f3ny 2021\/2022 bude ma\u0165 volejbalov\u00fd klub VKP Bratislava v\u00a0extralige a\u017e dvojit\u00e9 zast\u00fapenie. Po tom, \u010do sa do najvy\u0161\u0161ej s\u00fa\u0165a\u017ee po \u00f4smich rokoch vr\u00e1til t\u00edm mu\u017eov, od tej nasleduj\u00facej v\u00a0nej bude p\u00f4sobi\u0165 aj \u017eensk\u00fd kolekt\u00edv.\" \/>\n<meta property=\"og:url\" content=\"https:\/\/www.vkpbratislava.sk\/?p=5249\" \/>\n<meta property=\"og:site_name\" content=\"VK SLOVAN Bratislava\" \/>\n<meta property=\"article:published_time\" content=\"2021-05-28T11:39:47+00:00\" \/>\n<meta property=\"article:modified_time\" content=\"2021-05-28T11:56:29+00:00\" \/>\n<meta property=\"og:image\" content=\"https:\/\/www.vkpbratislava.sk\/wp-content\/uploads\/2021\/05\/IMG_4911.jpg\" \/>\n\t<meta property=\"og:image:width\" content=\"2323\" \/>\n\t<meta property=\"og:image:height\" content=\"1843\" \/>\n\t<meta property=\"og:image:type\" content=\"image\/jpeg\" \/>\n<meta name=\"author\" content=\"jenca\" \/>\n<meta name=\"twitter:card\" content=\"summary_large_image\" \/>\n<meta name=\"twitter:label1\" content=\"Autor\" \/>\n\t<meta name=\"twitter:data1\" content=\"jenca\" \/>\n\t<meta name=\"twitter:label2\" content=\"Predpokladan\u00fd \u010das \u010d\u00edtania\" \/>\n\t<meta name=\"twitter:data2\" content=\"1 min\u00fata\" \/>\n<script type=\"application\/ld+json\" class=\"yoast-schema-graph\">{\"@context\":\"https:\/\/schema.org\",\"@graph\":[{\"@type\":\"Article\",\"@id\":\"https:\/\/www.vkpbratislava.sk\/?p=5249#article\",\"isPartOf\":{\"@id\":\"https:\/\/www.vkpbratislava.sk\/?p=5249\"},\"author\":{\"name\":\"jenca\",\"@id\":\"https:\/\/www.vkpbratislava.sk\/#\/schema\/person\/7037e769f9515aa58493d1b5852c4c50\"},\"headline\":\"VKP bohat\u0161\u00ed, silnej\u0161\u00ed a kraj\u0161\u00ed o\u00a0extraligov\u00e9 \u017eeny\",\"datePublished\":\"2021-05-28T11:39:47+00:00\",\"dateModified\":\"2021-05-28T11:56:29+00:00\",\"mainEntityOfPage\":{\"@id\":\"https:\/\/www.vkpbratislava.sk\/?p=5249\"},\"wordCount\":314,\"publisher\":{\"@id\":\"https:\/\/www.vkpbratislava.sk\/#organization\"},\"image\":{\"@id\":\"https:\/\/www.vkpbratislava.sk\/?p=5249#primaryimage\"},\"thumbnailUrl\":\"https:\/\/www.vkpbratislava.sk\/wp-content\/uploads\/2021\/05\/IMG_4911.jpg\",\"articleSection\":[\"Mu\u017ei\",\"\u017deny\"],\"inLanguage\":\"sk-SK\"},{\"@type\":\"WebPage\",\"@id\":\"https:\/\/www.vkpbratislava.sk\/?p=5249\",\"url\":\"https:\/\/www.vkpbratislava.sk\/?p=5249\",\"name\":\"VKP bohat\u0161\u00ed, silnej\u0161\u00ed a kraj\u0161\u00ed o\u00a0extraligov\u00e9 \u017eeny - VK SLOVAN Bratislava\",\"isPartOf\":{\"@id\":\"https:\/\/www.vkpbratislava.sk\/#website\"},\"primaryImageOfPage\":{\"@id\":\"https:\/\/www.vkpbratislava.sk\/?p=5249#primaryimage\"},\"image\":{\"@id\":\"https:\/\/www.vkpbratislava.sk\/?p=5249#primaryimage\"},\"thumbnailUrl\":\"https:\/\/www.vkpbratislava.sk\/wp-content\/uploads\/2021\/05\/IMG_4911.jpg\",\"datePublished\":\"2021-05-28T11:39:47+00:00\",\"dateModified\":\"2021-05-28T11:56:29+00:00\",\"description\":\"Od novej sez\u00f3ny 2021\/2022 bude ma\u0165 volejbalov\u00fd klub VKP Bratislava v\u00a0extralige a\u017e dvojit\u00e9 zast\u00fapenie. Po tom, \u010do sa do najvy\u0161\u0161ej s\u00fa\u0165a\u017ee po \u00f4smich rokoch vr\u00e1til t\u00edm mu\u017eov, od tej nasleduj\u00facej v\u00a0nej bude p\u00f4sobi\u0165 aj \u017eensk\u00fd kolekt\u00edv.\",\"breadcrumb\":{\"@id\":\"https:\/\/www.vkpbratislava.sk\/?p=5249#breadcrumb\"},\"inLanguage\":\"sk-SK\",\"potentialAction\":[{\"@type\":\"ReadAction\",\"target\":[\"https:\/\/www.vkpbratislava.sk\/?p=5249\"]}]},{\"@type\":\"ImageObject\",\"inLanguage\":\"sk-SK\",\"@id\":\"https:\/\/www.vkpbratislava.sk\/?p=5249#primaryimage\",\"url\":\"https:\/\/www.vkpbratislava.sk\/wp-content\/uploads\/2021\/05\/IMG_4911.jpg\",\"contentUrl\":\"https:\/\/www.vkpbratislava.sk\/wp-content\/uploads\/2021\/05\/IMG_4911.jpg\",\"width\":2323,\"height\":1843},{\"@type\":\"BreadcrumbList\",\"@id\":\"https:\/\/www.vkpbratislava.sk\/?p=5249#breadcrumb\",\"itemListElement\":[{\"@type\":\"ListItem\",\"position\":1,\"name\":\"Domov\",\"item\":\"https:\/\/www.vkpbratislava.sk\/\"},{\"@type\":\"ListItem\",\"position\":2,\"name\":\"VKP bohat\u0161\u00ed, silnej\u0161\u00ed a kraj\u0161\u00ed o\u00a0extraligov\u00e9 \u017eeny\"}]},{\"@type\":\"WebSite\",\"@id\":\"https:\/\/www.vkpbratislava.sk\/#website\",\"url\":\"https:\/\/www.vkpbratislava.sk\/\",\"name\":\"VK SLOVAN Bratislava\",\"description\":\"Volejbalov\u00fd klub\",\"publisher\":{\"@id\":\"https:\/\/www.vkpbratislava.sk\/#organization\"},\"potentialAction\":[{\"@type\":\"SearchAction\",\"target\":{\"@type\":\"EntryPoint\",\"urlTemplate\":\"https:\/\/www.vkpbratislava.sk\/?s={search_term_string}\"},\"query-input\":{\"@type\":\"PropertyValueSpecification\",\"valueRequired\":true,\"valueName\":\"search_term_string\"}}],\"inLanguage\":\"sk-SK\"},{\"@type\":\"Organization\",\"@id\":\"https:\/\/www.vkpbratislava.sk\/#organization\",\"name\":\"VKP Bratislava\",\"url\":\"https:\/\/www.vkpbratislava.sk\/\",\"logo\":{\"@type\":\"ImageObject\",\"inLanguage\":\"sk-SK\",\"@id\":\"https:\/\/www.vkpbratislava.sk\/#\/schema\/logo\/image\/\",\"url\":\"https:\/\/www.vkpbratislava.sk\/wp-content\/uploads\/2020\/10\/vkpBA.png\",\"contentUrl\":\"https:\/\/www.vkpbratislava.sk\/wp-content\/uploads\/2020\/10\/vkpBA.png\",\"width\":600,\"height\":600,\"caption\":\"VKP Bratislava\"},\"image\":{\"@id\":\"https:\/\/www.vkpbratislava.sk\/#\/schema\/logo\/image\/\"}},{\"@type\":\"Person\",\"@id\":\"https:\/\/www.vkpbratislava.sk\/#\/schema\/person\/7037e769f9515aa58493d1b5852c4c50\",\"name\":\"jenca\",\"image\":{\"@type\":\"ImageObject\",\"inLanguage\":\"sk-SK\",\"@id\":\"https:\/\/www.vkpbratislava.sk\/#\/schema\/person\/image\/\",\"url\":\"https:\/\/secure.gravatar.com\/avatar\/67aa89e9aab2911bbd0c6fbf0a891ea8d80c207c9b6a6e2c96e13fc2f16e536d?s=96&d=mm&r=g\",\"contentUrl\":\"https:\/\/secure.gravatar.com\/avatar\/67aa89e9aab2911bbd0c6fbf0a891ea8d80c207c9b6a6e2c96e13fc2f16e536d?s=96&d=mm&r=g\",\"caption\":\"jenca\"},\"url\":\"https:\/\/www.vkpbratislava.sk\/?author=3\"}]}<\/script>\n<!-- \/ Yoast SEO plugin. -->","yoast_head_json":{"title":"VKP bohat\u0161\u00ed, silnej\u0161\u00ed a kraj\u0161\u00ed o\u00a0extraligov\u00e9 \u017eeny - VK SLOVAN Bratislava","description":"Od novej sez\u00f3ny 2021\/2022 bude ma\u0165 volejbalov\u00fd klub VKP Bratislava v\u00a0extralige a\u017e dvojit\u00e9 zast\u00fapenie. Po tom, \u010do sa do najvy\u0161\u0161ej s\u00fa\u0165a\u017ee po \u00f4smich rokoch vr\u00e1til t\u00edm mu\u017eov, od tej nasleduj\u00facej v\u00a0nej bude p\u00f4sobi\u0165 aj \u017eensk\u00fd kolekt\u00edv.","robots":{"index":"index","follow":"follow","max-snippet":"max-snippet:-1","max-image-preview":"max-image-preview:large","max-video-preview":"max-video-preview:-1"},"canonical":"https:\/\/www.vkpbratislava.sk\/?p=5249","og_locale":"sk_SK","og_type":"article","og_title":"VKP bohat\u0161\u00ed, silnej\u0161\u00ed a kraj\u0161\u00ed o\u00a0extraligov\u00e9 \u017eeny - VK SLOVAN Bratislava","og_description":"Od novej sez\u00f3ny 2021\/2022 bude ma\u0165 volejbalov\u00fd klub VKP Bratislava v\u00a0extralige a\u017e dvojit\u00e9 zast\u00fapenie. Po tom, \u010do sa do najvy\u0161\u0161ej s\u00fa\u0165a\u017ee po \u00f4smich rokoch vr\u00e1til t\u00edm mu\u017eov, od tej nasleduj\u00facej v\u00a0nej bude p\u00f4sobi\u0165 aj \u017eensk\u00fd kolekt\u00edv.","og_url":"https:\/\/www.vkpbratislava.sk\/?p=5249","og_site_name":"VK SLOVAN Bratislava","article_published_time":"2021-05-28T11:39:47+00:00","article_modified_time":"2021-05-28T11:56:29+00:00","og_image":[{"width":2323,"height":1843,"url":"https:\/\/www.vkpbratislava.sk\/wp-content\/uploads\/2021\/05\/IMG_4911.jpg","type":"image\/jpeg"}],"author":"jenca","twitter_card":"summary_large_image","twitter_misc":{"Autor":"jenca","Predpokladan\u00fd \u010das \u010d\u00edtania":"1 min\u00fata"},"schema":{"@context":"https:\/\/schema.org","@graph":[{"@type":"Article","@id":"https:\/\/www.vkpbratislava.sk\/?p=5249#article","isPartOf":{"@id":"https:\/\/www.vkpbratislava.sk\/?p=5249"},"author":{"name":"jenca","@id":"https:\/\/www.vkpbratislava.sk\/#\/schema\/person\/7037e769f9515aa58493d1b5852c4c50"},"headline":"VKP bohat\u0161\u00ed, silnej\u0161\u00ed a kraj\u0161\u00ed o\u00a0extraligov\u00e9 \u017eeny","datePublished":"2021-05-28T11:39:47+00:00","dateModified":"2021-05-28T11:56:29+00:00","mainEntityOfPage":{"@id":"https:\/\/www.vkpbratislava.sk\/?p=5249"},"wordCount":314,"publisher":{"@id":"https:\/\/www.vkpbratislava.sk\/#organization"},"image":{"@id":"https:\/\/www.vkpbratislava.sk\/?p=5249#primaryimage"},"thumbnailUrl":"https:\/\/www.vkpbratislava.sk\/wp-content\/uploads\/2021\/05\/IMG_4911.jpg","articleSection":["Mu\u017ei","\u017deny"],"inLanguage":"sk-SK"},{"@type":"WebPage","@id":"https:\/\/www.vkpbratislava.sk\/?p=5249","url":"https:\/\/www.vkpbratislava.sk\/?p=5249","name":"VKP bohat\u0161\u00ed, silnej\u0161\u00ed a kraj\u0161\u00ed o\u00a0extraligov\u00e9 \u017eeny - VK SLOVAN Bratislava","isPartOf":{"@id":"https:\/\/www.vkpbratislava.sk\/#website"},"primaryImageOfPage":{"@id":"https:\/\/www.vkpbratislava.sk\/?p=5249#primaryimage"},"image":{"@id":"https:\/\/www.vkpbratislava.sk\/?p=5249#primaryimage"},"thumbnailUrl":"https:\/\/www.vkpbratislava.sk\/wp-content\/uploads\/2021\/05\/IMG_4911.jpg","datePublished":"2021-05-28T11:39:47+00:00","dateModified":"2021-05-28T11:56:29+00:00","description":"Od novej sez\u00f3ny 2021\/2022 bude ma\u0165 volejbalov\u00fd klub VKP Bratislava v\u00a0extralige a\u017e dvojit\u00e9 zast\u00fapenie. Po tom, \u010do sa do najvy\u0161\u0161ej s\u00fa\u0165a\u017ee po \u00f4smich rokoch vr\u00e1til t\u00edm mu\u017eov, od tej nasleduj\u00facej v\u00a0nej bude p\u00f4sobi\u0165 aj \u017eensk\u00fd kolekt\u00edv.","breadcrumb":{"@id":"https:\/\/www.vkpbratislava.sk\/?p=5249#breadcrumb"},"inLanguage":"sk-SK","potentialAction":[{"@type":"ReadAction","target":["https:\/\/www.vkpbratislava.sk\/?p=5249"]}]},{"@type":"ImageObject","inLanguage":"sk-SK","@id":"https:\/\/www.vkpbratislava.sk\/?p=5249#primaryimage","url":"https:\/\/www.vkpbratislava.sk\/wp-content\/uploads\/2021\/05\/IMG_4911.jpg","contentUrl":"https:\/\/www.vkpbratislava.sk\/wp-content\/uploads\/2021\/05\/IMG_4911.jpg","width":2323,"height":1843},{"@type":"BreadcrumbList","@id":"https:\/\/www.vkpbratislava.sk\/?p=5249#breadcrumb","itemListElement":[{"@type":"ListItem","position":1,"name":"Domov","item":"https:\/\/www.vkpbratislava.sk\/"},{"@type":"ListItem","position":2,"name":"VKP bohat\u0161\u00ed, silnej\u0161\u00ed a kraj\u0161\u00ed o\u00a0extraligov\u00e9 \u017eeny"}]},{"@type":"WebSite","@id":"https:\/\/www.vkpbratislava.sk\/#website","url":"https:\/\/www.vkpbratislava.sk\/","name":"VK SLOVAN Bratislava","description":"Volejbalov\u00fd klub","publisher":{"@id":"https:\/\/www.vkpbratislava.sk\/#organization"},"potentialAction":[{"@type":"SearchAction","target":{"@type":"EntryPoint","urlTemplate":"https:\/\/www.vkpbratislava.sk\/?s={search_term_string}"},"query-input":{"@type":"PropertyValueSpecification","valueRequired":true,"valueName":"search_term_string"}}],"inLanguage":"sk-SK"},{"@type":"Organization","@id":"https:\/\/www.vkpbratislava.sk\/#organization","name":"VKP Bratislava","url":"https:\/\/www.vkpbratislava.sk\/","logo":{"@type":"ImageObject","inLanguage":"sk-SK","@id":"https:\/\/www.vkpbratislava.sk\/#\/schema\/logo\/image\/","url":"https:\/\/www.vkpbratislava.sk\/wp-content\/uploads\/2020\/10\/vkpBA.png","contentUrl":"https:\/\/www.vkpbratislava.sk\/wp-content\/uploads\/2020\/10\/vkpBA.png","width":600,"height":600,"caption":"VKP Bratislava"},"image":{"@id":"https:\/\/www.vkpbratislava.sk\/#\/schema\/logo\/image\/"}},{"@type":"Person","@id":"https:\/\/www.vkpbratislava.sk\/#\/schema\/person\/7037e769f9515aa58493d1b5852c4c50","name":"jenca","image":{"@type":"ImageObject","inLanguage":"sk-SK","@id":"https:\/\/www.vkpbratislava.sk\/#\/schema\/person\/image\/","url":"https:\/\/secure.gravatar.com\/avatar\/67aa89e9aab2911bbd0c6fbf0a891ea8d80c207c9b6a6e2c96e13fc2f16e536d?s=96&d=mm&r=g","contentUrl":"https:\/\/secure.gravatar.com\/avatar\/67aa89e9aab2911bbd0c6fbf0a891ea8d80c207c9b6a6e2c96e13fc2f16e536d?s=96&d=mm&r=g","caption":"jenca"},"url":"https:\/\/www.vkpbratislava.sk\/?author=3"}]}},"_links":{"self":[{"href":"https:\/\/www.vkpbratislava.sk\/index.php?rest_route=\/wp\/v2\/posts\/5249","targetHints":{"allow":["GET"]}}],"collection":[{"href":"https:\/\/www.vkpbratislava.sk\/index.php?rest_route=\/wp\/v2\/posts"}],"about":[{"href":"https:\/\/www.vkpbratislava.sk\/index.php?rest_route=\/wp\/v2\/types\/post"}],"author":[{"embeddable":true,"href":"https:\/\/www.vkpbratislava.sk\/index.php?rest_route=\/wp\/v2\/users\/3"}],"replies":[{"embeddable":true,"href":"https:\/\/www.vkpbratislava.sk\/index.php?rest_route=%2Fwp%2Fv2%2Fcomments&post=5249"}],"version-history":[{"count":4,"href":"https:\/\/www.vkpbratislava.sk\/index.php?rest_route=\/wp\/v2\/posts\/5249\/revisions"}],"predecessor-version":[{"id":5254,"href":"https:\/\/www.vkpbratislava.sk\/index.php?rest_route=\/wp\/v2\/posts\/5249\/revisions\/5254"}],"wp:featuredmedia":[{"embeddable":true,"href":"https:\/\/www.vkpbratislava.sk\/index.php?rest_route=\/wp\/v2\/media\/5250"}],"wp:attachment":[{"href":"https:\/\/www.vkpbratislava.sk\/index.php?rest_route=%2Fwp%2Fv2%2Fmedia&parent=5249"}],"wp:term":[{"taxonomy":"category","embeddable":true,"href":"https:\/\/www.vkpbratislava.sk\/index.php?rest_route=%2Fwp%2Fv2%2Fcategories&post=5249"},{"taxonomy":"post_tag","embeddable":true,"href":"https:\/\/www.vkpbratislava.sk\/index.php?rest_route=%2Fwp%2Fv2%2Ftags&post=5249"}],"curies":[{"name":"wp","href":"https:\/\/api.w.org\/{rel}","templated":true}]}}