{"id":5256,"date":"2021-05-31T16:57:47","date_gmt":"2021-05-31T14:57:47","guid":{"rendered":"https:\/\/www.vkpbratislava.sk\/?p=5256"},"modified":"2021-05-31T17:02:53","modified_gmt":"2021-05-31T15:02:53","slug":"smer-europa-naberu-muzi-aj-zeny","status":"publish","type":"post","link":"https:\/\/www.vkpbratislava.sk\/?p=5256","title":{"rendered":"Smer Eur\u00f3pa naber\u00fa mu\u017ei aj \u017eeny"},"content":{"rendered":"<p><strong>V\u00fdborn\u00e1 spr\u00e1va. Po tom, \u010do klub VKP Bratislava vzal k\u00a0mu\u017eom pod svoje kr\u00eddla aj dru\u017estvo \u017eien, padlo rozhodnutie, \u017ee oba seniorsk\u00e9 kolekt\u00edvy si v\u00a0novej sez\u00f3ne zahraj\u00fa aj eur\u00f3pske s\u00fa\u0165a\u017ee.<\/strong><\/p>\n<p>Mu\u017ei a\u00a0\u017eeny VKP Bratislava bud\u00fa reprezentova\u0165 slovensk\u00fd klubov\u00fd volejbal v Challenge Cupe. \u201eObe zlo\u017eky podali v\u00a0pondelok prihl\u00e1\u0161ku na Eur\u00f3psku volejbalov\u00fa konfeder\u00e1ciu, ktor\u00fa n\u00e1m potvrdila aj Slovensk\u00e1 volejbalov\u00e1 feder\u00e1cia. Ver\u00edm, \u017ee budeme d\u00f4stojne reprezentova\u0165 Slovensko na eur\u00f3pskej sc\u00e9ne. Po\u010dk\u00e1me si na detaily ako bude cel\u00e1 s\u00fa\u0165a\u017e vyzera\u0165, a\u00a0ktor\u00e9 t\u00edmy m\u00f4\u017eeme dosta\u0165 za s\u00faperov. \u017deny aj mu\u017ei bud\u00fa hra\u0165 v\u00a0novej hale na Jun\u00e1ckej ulici v\u00a0bl\u00edzkosti Domu \u0161portu, ktor\u00e1 sp\u013a\u0148a v\u0161etky predp\u00edsan\u00e9 parametre. D\u00fafam, \u017ee pandemick\u00e1 situ\u00e1cia dovol\u00ed, aby sa stretnutia mohli odohra\u0165 u\u017e aj s\u00a0div\u00e1kmi,\u201c povedal gener\u00e1lny mana\u017e\u00e9r VKP Bratislava Tom\u00e1\u0161 Jen\u010da. \u017dreb Challenge Cupu sa uskuto\u010dn\u00ed 25. j\u00fana 2021.<\/p>\n<p>mb, foto: vkp bratislava<\/p>\n","protected":false},"excerpt":{"rendered":"<p>V\u00fdborn\u00e1 spr\u00e1va. Po tom, \u010do klub VKP Bratislava vzal k\u00a0mu\u017eom pod svoje kr\u00eddla aj dru\u017estvo \u017eien, padlo rozhodnutie, \u017ee oba seniorsk\u00e9 kolekt\u00edvy si v\u00a0novej sez\u00f3ne zahraj\u00fa aj eur\u00f3pske s\u00fa\u0165a\u017ee.<\/p>\n","protected":false},"author":3,"featured_media":5257,"comment_status":"closed","ping_status":"open","sticky":false,"template":"","format":"standard","meta":{"_monsterinsights_skip_tracking":false,"_monsterinsights_sitenote_active":false,"_monsterinsights_sitenote_note":"","_monsterinsights_sitenote_category":0,"footnotes":""},"categories":[47,48],"tags":[],"class_list":["post-5256","post","type-post","status-publish","format-standard","has-post-thumbnail","hentry","category-muzi","category-zeny"],"yoast_head":"<!-- This site is optimized with the Yoast SEO plugin v25.6 - https:\/\/yoast.com\/wordpress\/plugins\/seo\/ -->\n<title>Smer Eur\u00f3pa naber\u00fa mu\u017ei aj \u017eeny - VK SLOVAN Bratislava<\/title>\n<meta name=\"description\" content=\"V\u00fdborn\u00e1 spr\u00e1va. Po tom, \u010do klub VKP Bratislava vzal k\u00a0mu\u017eom pod svoje kr\u00eddla aj dru\u017estvo \u017eien, padlo rozhodnutie, \u017ee oba seniorsk\u00e9 kolekt\u00edvy si v\u00a0novej sez\u00f3ne zahraj\u00fa aj eur\u00f3pske s\u00fa\u0165a\u017ee.\" \/>\n<meta name=\"robots\" content=\"index, follow, max-snippet:-1, max-image-preview:large, max-video-preview:-1\" \/>\n<link rel=\"canonical\" href=\"https:\/\/www.vkpbratislava.sk\/?p=5256\" \/>\n<meta property=\"og:locale\" content=\"sk_SK\" \/>\n<meta property=\"og:type\" content=\"article\" \/>\n<meta property=\"og:title\" content=\"Smer Eur\u00f3pa naber\u00fa mu\u017ei aj \u017eeny - VK SLOVAN Bratislava\" \/>\n<meta property=\"og:description\" content=\"V\u00fdborn\u00e1 spr\u00e1va. Po tom, \u010do klub VKP Bratislava vzal k\u00a0mu\u017eom pod svoje kr\u00eddla aj dru\u017estvo \u017eien, padlo rozhodnutie, \u017ee oba seniorsk\u00e9 kolekt\u00edvy si v\u00a0novej sez\u00f3ne zahraj\u00fa aj eur\u00f3pske s\u00fa\u0165a\u017ee.\" \/>\n<meta property=\"og:url\" content=\"https:\/\/www.vkpbratislava.sk\/?p=5256\" \/>\n<meta property=\"og:site_name\" content=\"VK SLOVAN Bratislava\" \/>\n<meta property=\"article:published_time\" content=\"2021-05-31T14:57:47+00:00\" \/>\n<meta property=\"article:modified_time\" content=\"2021-05-31T15:02:53+00:00\" \/>\n<meta property=\"og:image\" content=\"https:\/\/www.vkpbratislava.sk\/wp-content\/uploads\/2021\/05\/road-to-m-kopie.jpg\" \/>\n\t<meta property=\"og:image:width\" content=\"800\" \/>\n\t<meta property=\"og:image:height\" content=\"800\" \/>\n\t<meta property=\"og:image:type\" content=\"image\/jpeg\" \/>\n<meta name=\"author\" content=\"jenca\" \/>\n<meta name=\"twitter:card\" content=\"summary_large_image\" \/>\n<meta name=\"twitter:label1\" content=\"Autor\" \/>\n\t<meta name=\"twitter:data1\" content=\"jenca\" \/>\n\t<meta name=\"twitter:label2\" content=\"Predpokladan\u00fd \u010das \u010d\u00edtania\" \/>\n\t<meta name=\"twitter:data2\" content=\"1 min\u00fata\" \/>\n<script type=\"application\/ld+json\" class=\"yoast-schema-graph\">{\"@context\":\"https:\/\/schema.org\",\"@graph\":[{\"@type\":\"Article\",\"@id\":\"https:\/\/www.vkpbratislava.sk\/?p=5256#article\",\"isPartOf\":{\"@id\":\"https:\/\/www.vkpbratislava.sk\/?p=5256\"},\"author\":{\"name\":\"jenca\",\"@id\":\"https:\/\/www.vkpbratislava.sk\/#\/schema\/person\/7037e769f9515aa58493d1b5852c4c50\"},\"headline\":\"Smer Eur\u00f3pa naber\u00fa mu\u017ei aj \u017eeny\",\"datePublished\":\"2021-05-31T14:57:47+00:00\",\"dateModified\":\"2021-05-31T15:02:53+00:00\",\"mainEntityOfPage\":{\"@id\":\"https:\/\/www.vkpbratislava.sk\/?p=5256\"},\"wordCount\":186,\"publisher\":{\"@id\":\"https:\/\/www.vkpbratislava.sk\/#organization\"},\"image\":{\"@id\":\"https:\/\/www.vkpbratislava.sk\/?p=5256#primaryimage\"},\"thumbnailUrl\":\"https:\/\/www.vkpbratislava.sk\/wp-content\/uploads\/2021\/05\/road-to-m-kopie.jpg\",\"articleSection\":[\"Mu\u017ei\",\"\u017deny\"],\"inLanguage\":\"sk-SK\"},{\"@type\":\"WebPage\",\"@id\":\"https:\/\/www.vkpbratislava.sk\/?p=5256\",\"url\":\"https:\/\/www.vkpbratislava.sk\/?p=5256\",\"name\":\"Smer Eur\u00f3pa naber\u00fa mu\u017ei aj \u017eeny - VK SLOVAN Bratislava\",\"isPartOf\":{\"@id\":\"https:\/\/www.vkpbratislava.sk\/#website\"},\"primaryImageOfPage\":{\"@id\":\"https:\/\/www.vkpbratislava.sk\/?p=5256#primaryimage\"},\"image\":{\"@id\":\"https:\/\/www.vkpbratislava.sk\/?p=5256#primaryimage\"},\"thumbnailUrl\":\"https:\/\/www.vkpbratislava.sk\/wp-content\/uploads\/2021\/05\/road-to-m-kopie.jpg\",\"datePublished\":\"2021-05-31T14:57:47+00:00\",\"dateModified\":\"2021-05-31T15:02:53+00:00\",\"description\":\"V\u00fdborn\u00e1 spr\u00e1va. Po tom, \u010do klub VKP Bratislava vzal k\u00a0mu\u017eom pod svoje kr\u00eddla aj dru\u017estvo \u017eien, padlo rozhodnutie, \u017ee oba seniorsk\u00e9 kolekt\u00edvy si v\u00a0novej sez\u00f3ne zahraj\u00fa aj eur\u00f3pske s\u00fa\u0165a\u017ee.\",\"breadcrumb\":{\"@id\":\"https:\/\/www.vkpbratislava.sk\/?p=5256#breadcrumb\"},\"inLanguage\":\"sk-SK\",\"potentialAction\":[{\"@type\":\"ReadAction\",\"target\":[\"https:\/\/www.vkpbratislava.sk\/?p=5256\"]}]},{\"@type\":\"ImageObject\",\"inLanguage\":\"sk-SK\",\"@id\":\"https:\/\/www.vkpbratislava.sk\/?p=5256#primaryimage\",\"url\":\"https:\/\/www.vkpbratislava.sk\/wp-content\/uploads\/2021\/05\/road-to-m-kopie.jpg\",\"contentUrl\":\"https:\/\/www.vkpbratislava.sk\/wp-content\/uploads\/2021\/05\/road-to-m-kopie.jpg\",\"width\":800,\"height\":800},{\"@type\":\"BreadcrumbList\",\"@id\":\"https:\/\/www.vkpbratislava.sk\/?p=5256#breadcrumb\",\"itemListElement\":[{\"@type\":\"ListItem\",\"position\":1,\"name\":\"Domov\",\"item\":\"https:\/\/www.vkpbratislava.sk\/\"},{\"@type\":\"ListItem\",\"position\":2,\"name\":\"Smer Eur\u00f3pa naber\u00fa mu\u017ei aj \u017eeny\"}]},{\"@type\":\"WebSite\",\"@id\":\"https:\/\/www.vkpbratislava.sk\/#website\",\"url\":\"https:\/\/www.vkpbratislava.sk\/\",\"name\":\"VK SLOVAN Bratislava\",\"description\":\"Volejbalov\u00fd klub\",\"publisher\":{\"@id\":\"https:\/\/www.vkpbratislava.sk\/#organization\"},\"potentialAction\":[{\"@type\":\"SearchAction\",\"target\":{\"@type\":\"EntryPoint\",\"urlTemplate\":\"https:\/\/www.vkpbratislava.sk\/?s={search_term_string}\"},\"query-input\":{\"@type\":\"PropertyValueSpecification\",\"valueRequired\":true,\"valueName\":\"search_term_string\"}}],\"inLanguage\":\"sk-SK\"},{\"@type\":\"Organization\",\"@id\":\"https:\/\/www.vkpbratislava.sk\/#organization\",\"name\":\"VKP Bratislava\",\"url\":\"https:\/\/www.vkpbratislava.sk\/\",\"logo\":{\"@type\":\"ImageObject\",\"inLanguage\":\"sk-SK\",\"@id\":\"https:\/\/www.vkpbratislava.sk\/#\/schema\/logo\/image\/\",\"url\":\"https:\/\/www.vkpbratislava.sk\/wp-content\/uploads\/2020\/10\/vkpBA.png\",\"contentUrl\":\"https:\/\/www.vkpbratislava.sk\/wp-content\/uploads\/2020\/10\/vkpBA.png\",\"width\":600,\"height\":600,\"caption\":\"VKP Bratislava\"},\"image\":{\"@id\":\"https:\/\/www.vkpbratislava.sk\/#\/schema\/logo\/image\/\"}},{\"@type\":\"Person\",\"@id\":\"https:\/\/www.vkpbratislava.sk\/#\/schema\/person\/7037e769f9515aa58493d1b5852c4c50\",\"name\":\"jenca\",\"image\":{\"@type\":\"ImageObject\",\"inLanguage\":\"sk-SK\",\"@id\":\"https:\/\/www.vkpbratislava.sk\/#\/schema\/person\/image\/\",\"url\":\"https:\/\/secure.gravatar.com\/avatar\/67aa89e9aab2911bbd0c6fbf0a891ea8d80c207c9b6a6e2c96e13fc2f16e536d?s=96&d=mm&r=g\",\"contentUrl\":\"https:\/\/secure.gravatar.com\/avatar\/67aa89e9aab2911bbd0c6fbf0a891ea8d80c207c9b6a6e2c96e13fc2f16e536d?s=96&d=mm&r=g\",\"caption\":\"jenca\"},\"url\":\"https:\/\/www.vkpbratislava.sk\/?author=3\"}]}<\/script>\n<!-- \/ Yoast SEO plugin. -->","yoast_head_json":{"title":"Smer Eur\u00f3pa naber\u00fa mu\u017ei aj \u017eeny - VK SLOVAN Bratislava","description":"V\u00fdborn\u00e1 spr\u00e1va. Po tom, \u010do klub VKP Bratislava vzal k\u00a0mu\u017eom pod svoje kr\u00eddla aj dru\u017estvo \u017eien, padlo rozhodnutie, \u017ee oba seniorsk\u00e9 kolekt\u00edvy si v\u00a0novej sez\u00f3ne zahraj\u00fa aj eur\u00f3pske s\u00fa\u0165a\u017ee.","robots":{"index":"index","follow":"follow","max-snippet":"max-snippet:-1","max-image-preview":"max-image-preview:large","max-video-preview":"max-video-preview:-1"},"canonical":"https:\/\/www.vkpbratislava.sk\/?p=5256","og_locale":"sk_SK","og_type":"article","og_title":"Smer Eur\u00f3pa naber\u00fa mu\u017ei aj \u017eeny - VK SLOVAN Bratislava","og_description":"V\u00fdborn\u00e1 spr\u00e1va. Po tom, \u010do klub VKP Bratislava vzal k\u00a0mu\u017eom pod svoje kr\u00eddla aj dru\u017estvo \u017eien, padlo rozhodnutie, \u017ee oba seniorsk\u00e9 kolekt\u00edvy si v\u00a0novej sez\u00f3ne zahraj\u00fa aj eur\u00f3pske s\u00fa\u0165a\u017ee.","og_url":"https:\/\/www.vkpbratislava.sk\/?p=5256","og_site_name":"VK SLOVAN Bratislava","article_published_time":"2021-05-31T14:57:47+00:00","article_modified_time":"2021-05-31T15:02:53+00:00","og_image":[{"width":800,"height":800,"url":"https:\/\/www.vkpbratislava.sk\/wp-content\/uploads\/2021\/05\/road-to-m-kopie.jpg","type":"image\/jpeg"}],"author":"jenca","twitter_card":"summary_large_image","twitter_misc":{"Autor":"jenca","Predpokladan\u00fd \u010das \u010d\u00edtania":"1 min\u00fata"},"schema":{"@context":"https:\/\/schema.org","@graph":[{"@type":"Article","@id":"https:\/\/www.vkpbratislava.sk\/?p=5256#article","isPartOf":{"@id":"https:\/\/www.vkpbratislava.sk\/?p=5256"},"author":{"name":"jenca","@id":"https:\/\/www.vkpbratislava.sk\/#\/schema\/person\/7037e769f9515aa58493d1b5852c4c50"},"headline":"Smer Eur\u00f3pa naber\u00fa mu\u017ei aj \u017eeny","datePublished":"2021-05-31T14:57:47+00:00","dateModified":"2021-05-31T15:02:53+00:00","mainEntityOfPage":{"@id":"https:\/\/www.vkpbratislava.sk\/?p=5256"},"wordCount":186,"publisher":{"@id":"https:\/\/www.vkpbratislava.sk\/#organization"},"image":{"@id":"https:\/\/www.vkpbratislava.sk\/?p=5256#primaryimage"},"thumbnailUrl":"https:\/\/www.vkpbratislava.sk\/wp-content\/uploads\/2021\/05\/road-to-m-kopie.jpg","articleSection":["Mu\u017ei","\u017deny"],"inLanguage":"sk-SK"},{"@type":"WebPage","@id":"https:\/\/www.vkpbratislava.sk\/?p=5256","url":"https:\/\/www.vkpbratislava.sk\/?p=5256","name":"Smer Eur\u00f3pa naber\u00fa mu\u017ei aj \u017eeny - VK SLOVAN Bratislava","isPartOf":{"@id":"https:\/\/www.vkpbratislava.sk\/#website"},"primaryImageOfPage":{"@id":"https:\/\/www.vkpbratislava.sk\/?p=5256#primaryimage"},"image":{"@id":"https:\/\/www.vkpbratislava.sk\/?p=5256#primaryimage"},"thumbnailUrl":"https:\/\/www.vkpbratislava.sk\/wp-content\/uploads\/2021\/05\/road-to-m-kopie.jpg","datePublished":"2021-05-31T14:57:47+00:00","dateModified":"2021-05-31T15:02:53+00:00","description":"V\u00fdborn\u00e1 spr\u00e1va. Po tom, \u010do klub VKP Bratislava vzal k\u00a0mu\u017eom pod svoje kr\u00eddla aj dru\u017estvo \u017eien, padlo rozhodnutie, \u017ee oba seniorsk\u00e9 kolekt\u00edvy si v\u00a0novej sez\u00f3ne zahraj\u00fa aj eur\u00f3pske s\u00fa\u0165a\u017ee.","breadcrumb":{"@id":"https:\/\/www.vkpbratislava.sk\/?p=5256#breadcrumb"},"inLanguage":"sk-SK","potentialAction":[{"@type":"ReadAction","target":["https:\/\/www.vkpbratislava.sk\/?p=5256"]}]},{"@type":"ImageObject","inLanguage":"sk-SK","@id":"https:\/\/www.vkpbratislava.sk\/?p=5256#primaryimage","url":"https:\/\/www.vkpbratislava.sk\/wp-content\/uploads\/2021\/05\/road-to-m-kopie.jpg","contentUrl":"https:\/\/www.vkpbratislava.sk\/wp-content\/uploads\/2021\/05\/road-to-m-kopie.jpg","width":800,"height":800},{"@type":"BreadcrumbList","@id":"https:\/\/www.vkpbratislava.sk\/?p=5256#breadcrumb","itemListElement":[{"@type":"ListItem","position":1,"name":"Domov","item":"https:\/\/www.vkpbratislava.sk\/"},{"@type":"ListItem","position":2,"name":"Smer Eur\u00f3pa naber\u00fa mu\u017ei aj \u017eeny"}]},{"@type":"WebSite","@id":"https:\/\/www.vkpbratislava.sk\/#website","url":"https:\/\/www.vkpbratislava.sk\/","name":"VK SLOVAN Bratislava","description":"Volejbalov\u00fd klub","publisher":{"@id":"https:\/\/www.vkpbratislava.sk\/#organization"},"potentialAction":[{"@type":"SearchAction","target":{"@type":"EntryPoint","urlTemplate":"https:\/\/www.vkpbratislava.sk\/?s={search_term_string}"},"query-input":{"@type":"PropertyValueSpecification","valueRequired":true,"valueName":"search_term_string"}}],"inLanguage":"sk-SK"},{"@type":"Organization","@id":"https:\/\/www.vkpbratislava.sk\/#organization","name":"VKP Bratislava","url":"https:\/\/www.vkpbratislava.sk\/","logo":{"@type":"ImageObject","inLanguage":"sk-SK","@id":"https:\/\/www.vkpbratislava.sk\/#\/schema\/logo\/image\/","url":"https:\/\/www.vkpbratislava.sk\/wp-content\/uploads\/2020\/10\/vkpBA.png","contentUrl":"https:\/\/www.vkpbratislava.sk\/wp-content\/uploads\/2020\/10\/vkpBA.png","width":600,"height":600,"caption":"VKP Bratislava"},"image":{"@id":"https:\/\/www.vkpbratislava.sk\/#\/schema\/logo\/image\/"}},{"@type":"Person","@id":"https:\/\/www.vkpbratislava.sk\/#\/schema\/person\/7037e769f9515aa58493d1b5852c4c50","name":"jenca","image":{"@type":"ImageObject","inLanguage":"sk-SK","@id":"https:\/\/www.vkpbratislava.sk\/#\/schema\/person\/image\/","url":"https:\/\/secure.gravatar.com\/avatar\/67aa89e9aab2911bbd0c6fbf0a891ea8d80c207c9b6a6e2c96e13fc2f16e536d?s=96&d=mm&r=g","contentUrl":"https:\/\/secure.gravatar.com\/avatar\/67aa89e9aab2911bbd0c6fbf0a891ea8d80c207c9b6a6e2c96e13fc2f16e536d?s=96&d=mm&r=g","caption":"jenca"},"url":"https:\/\/www.vkpbratislava.sk\/?author=3"}]}},"_links":{"self":[{"href":"https:\/\/www.vkpbratislava.sk\/index.php?rest_route=\/wp\/v2\/posts\/5256","targetHints":{"allow":["GET"]}}],"collection":[{"href":"https:\/\/www.vkpbratislava.sk\/index.php?rest_route=\/wp\/v2\/posts"}],"about":[{"href":"https:\/\/www.vkpbratislava.sk\/index.php?rest_route=\/wp\/v2\/types\/post"}],"author":[{"embeddable":true,"href":"https:\/\/www.vkpbratislava.sk\/index.php?rest_route=\/wp\/v2\/users\/3"}],"replies":[{"embeddable":true,"href":"https:\/\/www.vkpbratislava.sk\/index.php?rest_route=%2Fwp%2Fv2%2Fcomments&post=5256"}],"version-history":[{"count":1,"href":"https:\/\/www.vkpbratislava.sk\/index.php?rest_route=\/wp\/v2\/posts\/5256\/revisions"}],"predecessor-version":[{"id":5258,"href":"https:\/\/www.vkpbratislava.sk\/index.php?rest_route=\/wp\/v2\/posts\/5256\/revisions\/5258"}],"wp:featuredmedia":[{"embeddable":true,"href":"https:\/\/www.vkpbratislava.sk\/index.php?rest_route=\/wp\/v2\/media\/5257"}],"wp:attachment":[{"href":"https:\/\/www.vkpbratislava.sk\/index.php?rest_route=%2Fwp%2Fv2%2Fmedia&parent=5256"}],"wp:term":[{"taxonomy":"category","embeddable":true,"href":"https:\/\/www.vkpbratislava.sk\/index.php?rest_route=%2Fwp%2Fv2%2Fcategories&post=5256"},{"taxonomy":"post_tag","embeddable":true,"href":"https:\/\/www.vkpbratislava.sk\/index.php?rest_route=%2Fwp%2Fv2%2Ftags&post=5256"}],"curies":[{"name":"wp","href":"https:\/\/api.w.org\/{rel}","templated":true}]}}