{"id":52596,"date":"2026-03-22T15:54:05","date_gmt":"2026-03-22T14:54:05","guid":{"rendered":"https:\/\/www.vkpbratislava.sk\/?p=52596"},"modified":"2026-03-22T15:54:05","modified_gmt":"2026-03-22T14:54:05","slug":"belasi-vyhrali-duel-o-prve-miesto-a-do-play-off-idu-z-cela-tabulky","status":"publish","type":"post","link":"https:\/\/www.vkpbratislava.sk\/?p=52596","title":{"rendered":"Belas\u00ed vyhrali duel o prv\u00e9 miesto a do play-off id\u00fa z \u010dela tabu\u013eky"},"content":{"rendered":"<p>Z\u00e1kladn\u00e1 \u010das\u0165 mu\u017eskej Nik\u00e9 Extraligy vyvrcholila dramatick\u00fdm s\u00fabojom o prv\u00e9 miesto, ktor\u00fd prinieslo a\u017e jej posledn\u00e9 kolo. K\u00fdm o kone\u010dnom porad\u00ed na 3. a\u017e 8. prie\u010dke bolo rozhodnut\u00e9 u\u017e sk\u00f4r, meno v\u00ed\u0165aza z\u00e1kladnej \u010dasti zost\u00e1valo otvoren\u00e9 do poslednej chv\u00edle.<\/p>\n<p>V priamom dueli o l\u00eddersk\u00fa poz\u00edciu sa stretli dva najlep\u0161ie t\u00edmy sez\u00f3ny \u2013 VK Slovan Bratislava a RIEKER UJS Kom\u00e1rno, ktor\u00e9 mali pred z\u00e1pasom zhodne po 47 bodov. V hre tak nebolo len prvenstvo v tabu\u013eke, ale aj najv\u00fdhodnej\u0161ie nasadenie do play off, ktor\u00e9 od\u0161tartuje u\u017e bud\u00faci t\u00fd\u017ede\u0148.<\/p>\n<p>Po skon\u010den\u00ed z\u00e1kladnej \u010dasti je u\u017e jasn\u00e9 aj \u0161tvr\u0165fin\u00e1lov\u00e9 zlo\u017eenie. V s\u00e9ri\u00e1ch hran\u00fdch na dva v\u00ed\u0165azn\u00e9 z\u00e1pasy sa stretn\u00fa dvojice: Slovan \u2013 Trnava, Kom\u00e1rno \u2013 Pre\u0161ov, Nitra \u2013 Slovensk\u00e1 \u013dup\u010da a Myjava \u2013 Svidn\u00edk.<\/p>\n<p>&nbsp;<\/p>\n<p>Z\u00e1pas zhodnotil Robin P\u011blucha, tr\u00e9ner VK Slovan: <strong>\u201eBol to \u0165a\u017ek\u00fd z\u00e1pas, aj ke\u010f niektor\u00e9 sety tomu nenazna\u010dovali. Kom\u00e1rno hr\u00e1 dobre, \u0165ahalo v\u00ed\u0165azn\u00fa \u0161n\u00faru. Za\u010dali v\u00fdborne, urobili si n\u00e1skok, ale na\u0161\u0165astie sme sa vr\u00e1tili do z\u00e1pasu. Druh\u00fd za\u010dal rovnako, ten sme u\u017e neutiahli. Potom to u\u017e bolo v na\u0161ej r\u00e9\u017eii.\u201c<\/strong><\/p>\n<p><strong>\u201eZ\u00e1pas by som rozdelil na dve polovice. Aj napriek prehre v prvom sete po na\u0161ich \u0161kol\u00e1ckych chyb\u00e1ch sme v tej prvej polovici boli jednozna\u010dne lep\u0161\u00ed, od polky z\u00e1pasu u\u017e bol Slovan lep\u0161\u00ed. Gratulujem mu k v\u00ed\u0165azstvu v z\u00e1kladnej \u010dasti,\u201c<\/strong> dodal Franti\u0161ek Ogur\u010d\u00e1k, tr\u00e9ner Rieker UJS.<\/p>\n<p>&nbsp;<\/p>\n<p><img loading=\"lazy\" decoding=\"async\" class=\"alignnone size-full wp-image-52597\" src=\"https:\/\/www.vkpbratislava.sk\/wp-content\/uploads\/2026\/03\/IMG-20260321-WA0001.jpg\" alt=\"\" width=\"1536\" height=\"2048\" srcset=\"https:\/\/www.vkpbratislava.sk\/wp-content\/uploads\/2026\/03\/IMG-20260321-WA0001.jpg 1536w, https:\/\/www.vkpbratislava.sk\/wp-content\/uploads\/2026\/03\/IMG-20260321-WA0001-640x853.jpg 640w, https:\/\/www.vkpbratislava.sk\/wp-content\/uploads\/2026\/03\/IMG-20260321-WA0001-1280x1707.jpg 1280w, https:\/\/www.vkpbratislava.sk\/wp-content\/uploads\/2026\/03\/IMG-20260321-WA0001-768x1024.jpg 768w, https:\/\/www.vkpbratislava.sk\/wp-content\/uploads\/2026\/03\/IMG-20260321-WA0001-1152x1536.jpg 1152w, https:\/\/www.vkpbratislava.sk\/wp-content\/uploads\/2026\/03\/IMG-20260321-WA0001-320x427.jpg 320w, https:\/\/www.vkpbratislava.sk\/wp-content\/uploads\/2026\/03\/IMG-20260321-WA0001-600x800.jpg 600w\" sizes=\"auto, (max-width: 1536px) 100vw, 1536px\" \/><\/p>\n<p>&nbsp;<\/p>\n<p><strong>Nik\u00e9 Extraliga mu\u017eov \u2013 z\u00e1kladn\u00e1 \u010das\u0165 &#8211; 20. kolo \u2013 sobota:<\/strong><\/p>\n<p><strong>VK Slovan Bratislava &#8211; Rieker UJS Kom\u00e1rno 3:1 (20, -22, 17, 19)<\/strong><\/p>\n<p><strong>Hr\u00e1\u010d z\u00e1pasu: <\/strong>Peter Michalovi\u010d (VK Slovan Bratislava)<\/p>\n<p><strong>VK SLOVAN:<\/strong> Za\u0165ko 2, Truba\u010d 21, Marjov 7, Mlynar\u010d\u00edk 6, Kri\u0161ko 17, \u0160ellong 6, libero Jakub\u00edk (Michalovi\u010d 12, Fo\u0159t 0). Tr\u00e9ner: R. P\u011blucha.<\/p>\n<p><strong>RIEKER UJS:<\/strong> M. Zeman 8, M. Kasperkevi\u010d 2, Smolej 15, Ma\u010duha 15, Hulpach 6, T. Halanda 14, libero Pati-Nagy (Go\u010d 1, S\u00e1nta 8, \u00c1. G. Li\u0161ka 0, Forr\u00f3 1, Pfeiferlik 0). Tr\u00e9ner: F. Ogur\u010d\u00e1k.<\/p>\n<p><strong>Rozhodovali:<\/strong> Svoren\u010d\u00edk a Viktor\u00edni-Lis\u00e1 \u2013 550 div\u00e1kov.<\/p>\n<p>&nbsp;<\/p>\n<p>Zdroj: VK Slovan, svf<\/p>\n<p>&nbsp;<\/p>\n","protected":false},"excerpt":{"rendered":"<p>Z\u00e1kladn\u00e1 \u010das\u0165 mu\u017eskej Nik\u00e9 Extraligy vyvrcholila dramatick\u00fdm s\u00fabojom o prv\u00e9 miesto, ktor\u00fd prinieslo a\u017e jej posledn\u00e9 kolo. K\u00fdm o kone\u010dnom porad\u00ed na 3. a\u017e 8. prie\u010dke bolo rozhodnut\u00e9 u\u017e sk\u00f4r, meno v\u00ed\u0165aza z\u00e1kladnej \u010dasti zost\u00e1valo otvoren\u00e9 do poslednej chv\u00edle. V priamom dueli o l\u00eddersk\u00fa poz\u00edciu sa stretli dva najlep\u0161ie t\u00edmy sez\u00f3ny \u2013 VK Slovan Bratislava&#8230;<\/p>\n","protected":false},"author":3,"featured_media":52569,"comment_status":"closed","ping_status":"closed","sticky":false,"template":"","format":"standard","meta":{"_monsterinsights_skip_tracking":false,"_monsterinsights_sitenote_active":false,"_monsterinsights_sitenote_note":"","_monsterinsights_sitenote_category":0,"footnotes":""},"categories":[47],"tags":[],"class_list":["post-52596","post","type-post","status-publish","format-standard","has-post-thumbnail","hentry","category-muzi"],"yoast_head":"<!-- This site is optimized with the Yoast SEO plugin v25.6 - https:\/\/yoast.com\/wordpress\/plugins\/seo\/ -->\n<title>Belas\u00ed vyhrali duel o prv\u00e9 miesto a do play-off id\u00fa z \u010dela tabu\u013eky - VK SLOVAN Bratislava<\/title>\n<meta name=\"robots\" content=\"index, follow, max-snippet:-1, max-image-preview:large, max-video-preview:-1\" \/>\n<link rel=\"canonical\" href=\"https:\/\/www.vkpbratislava.sk\/?p=52596\" \/>\n<meta property=\"og:locale\" content=\"sk_SK\" \/>\n<meta property=\"og:type\" content=\"article\" \/>\n<meta property=\"og:title\" content=\"Belas\u00ed vyhrali duel o prv\u00e9 miesto a do play-off id\u00fa z \u010dela tabu\u013eky - VK SLOVAN Bratislava\" \/>\n<meta property=\"og:description\" content=\"Z\u00e1kladn\u00e1 \u010das\u0165 mu\u017eskej Nik\u00e9 Extraligy vyvrcholila dramatick\u00fdm s\u00fabojom o prv\u00e9 miesto, ktor\u00fd prinieslo a\u017e jej posledn\u00e9 kolo. K\u00fdm o kone\u010dnom porad\u00ed na 3. a\u017e 8. prie\u010dke bolo rozhodnut\u00e9 u\u017e sk\u00f4r, meno v\u00ed\u0165aza z\u00e1kladnej \u010dasti zost\u00e1valo otvoren\u00e9 do poslednej chv\u00edle. V priamom dueli o l\u00eddersk\u00fa poz\u00edciu sa stretli dva najlep\u0161ie t\u00edmy sez\u00f3ny \u2013 VK Slovan Bratislava...\" \/>\n<meta property=\"og:url\" content=\"https:\/\/www.vkpbratislava.sk\/?p=52596\" \/>\n<meta property=\"og:site_name\" content=\"VK SLOVAN Bratislava\" \/>\n<meta property=\"article:published_time\" content=\"2026-03-22T14:54:05+00:00\" \/>\n<meta property=\"og:image\" content=\"https:\/\/www.vkpbratislava.sk\/wp-content\/uploads\/2026\/03\/MS_20260321_ELSlovanvsKomarno-102-1280x853.jpg\" \/>\n\t<meta property=\"og:image:width\" content=\"1280\" \/>\n\t<meta property=\"og:image:height\" content=\"853\" \/>\n\t<meta property=\"og:image:type\" content=\"image\/jpeg\" \/>\n<meta name=\"author\" content=\"jenca\" \/>\n<meta name=\"twitter:card\" content=\"summary_large_image\" \/>\n<meta name=\"twitter:label1\" content=\"Autor\" \/>\n\t<meta name=\"twitter:data1\" content=\"jenca\" \/>\n\t<meta name=\"twitter:label2\" content=\"Predpokladan\u00fd \u010das \u010d\u00edtania\" \/>\n\t<meta name=\"twitter:data2\" content=\"1 min\u00fata\" \/>\n<script type=\"application\/ld+json\" class=\"yoast-schema-graph\">{\"@context\":\"https:\/\/schema.org\",\"@graph\":[{\"@type\":\"Article\",\"@id\":\"https:\/\/www.vkpbratislava.sk\/?p=52596#article\",\"isPartOf\":{\"@id\":\"https:\/\/www.vkpbratislava.sk\/?p=52596\"},\"author\":{\"name\":\"jenca\",\"@id\":\"https:\/\/www.vkpbratislava.sk\/#\/schema\/person\/7037e769f9515aa58493d1b5852c4c50\"},\"headline\":\"Belas\u00ed vyhrali duel o prv\u00e9 miesto a do play-off id\u00fa z \u010dela tabu\u013eky\",\"datePublished\":\"2026-03-22T14:54:05+00:00\",\"mainEntityOfPage\":{\"@id\":\"https:\/\/www.vkpbratislava.sk\/?p=52596\"},\"wordCount\":382,\"publisher\":{\"@id\":\"https:\/\/www.vkpbratislava.sk\/#organization\"},\"image\":{\"@id\":\"https:\/\/www.vkpbratislava.sk\/?p=52596#primaryimage\"},\"thumbnailUrl\":\"https:\/\/www.vkpbratislava.sk\/wp-content\/uploads\/2026\/03\/MS_20260321_ELSlovanvsKomarno-102.jpg\",\"articleSection\":[\"Mu\u017ei\"],\"inLanguage\":\"sk-SK\"},{\"@type\":\"WebPage\",\"@id\":\"https:\/\/www.vkpbratislava.sk\/?p=52596\",\"url\":\"https:\/\/www.vkpbratislava.sk\/?p=52596\",\"name\":\"Belas\u00ed vyhrali duel o prv\u00e9 miesto a do play-off id\u00fa z \u010dela tabu\u013eky - VK SLOVAN Bratislava\",\"isPartOf\":{\"@id\":\"https:\/\/www.vkpbratislava.sk\/#website\"},\"primaryImageOfPage\":{\"@id\":\"https:\/\/www.vkpbratislava.sk\/?p=52596#primaryimage\"},\"image\":{\"@id\":\"https:\/\/www.vkpbratislava.sk\/?p=52596#primaryimage\"},\"thumbnailUrl\":\"https:\/\/www.vkpbratislava.sk\/wp-content\/uploads\/2026\/03\/MS_20260321_ELSlovanvsKomarno-102.jpg\",\"datePublished\":\"2026-03-22T14:54:05+00:00\",\"breadcrumb\":{\"@id\":\"https:\/\/www.vkpbratislava.sk\/?p=52596#breadcrumb\"},\"inLanguage\":\"sk-SK\",\"potentialAction\":[{\"@type\":\"ReadAction\",\"target\":[\"https:\/\/www.vkpbratislava.sk\/?p=52596\"]}]},{\"@type\":\"ImageObject\",\"inLanguage\":\"sk-SK\",\"@id\":\"https:\/\/www.vkpbratislava.sk\/?p=52596#primaryimage\",\"url\":\"https:\/\/www.vkpbratislava.sk\/wp-content\/uploads\/2026\/03\/MS_20260321_ELSlovanvsKomarno-102.jpg\",\"contentUrl\":\"https:\/\/www.vkpbratislava.sk\/wp-content\/uploads\/2026\/03\/MS_20260321_ELSlovanvsKomarno-102.jpg\",\"width\":2048,\"height\":1365},{\"@type\":\"BreadcrumbList\",\"@id\":\"https:\/\/www.vkpbratislava.sk\/?p=52596#breadcrumb\",\"itemListElement\":[{\"@type\":\"ListItem\",\"position\":1,\"name\":\"Domov\",\"item\":\"https:\/\/www.vkpbratislava.sk\/\"},{\"@type\":\"ListItem\",\"position\":2,\"name\":\"Belas\u00ed vyhrali duel o prv\u00e9 miesto a do play-off id\u00fa z \u010dela tabu\u013eky\"}]},{\"@type\":\"WebSite\",\"@id\":\"https:\/\/www.vkpbratislava.sk\/#website\",\"url\":\"https:\/\/www.vkpbratislava.sk\/\",\"name\":\"VK SLOVAN Bratislava\",\"description\":\"Volejbalov\u00fd klub\",\"publisher\":{\"@id\":\"https:\/\/www.vkpbratislava.sk\/#organization\"},\"potentialAction\":[{\"@type\":\"SearchAction\",\"target\":{\"@type\":\"EntryPoint\",\"urlTemplate\":\"https:\/\/www.vkpbratislava.sk\/?s={search_term_string}\"},\"query-input\":{\"@type\":\"PropertyValueSpecification\",\"valueRequired\":true,\"valueName\":\"search_term_string\"}}],\"inLanguage\":\"sk-SK\"},{\"@type\":\"Organization\",\"@id\":\"https:\/\/www.vkpbratislava.sk\/#organization\",\"name\":\"VKP Bratislava\",\"url\":\"https:\/\/www.vkpbratislava.sk\/\",\"logo\":{\"@type\":\"ImageObject\",\"inLanguage\":\"sk-SK\",\"@id\":\"https:\/\/www.vkpbratislava.sk\/#\/schema\/logo\/image\/\",\"url\":\"https:\/\/www.vkpbratislava.sk\/wp-content\/uploads\/2020\/10\/vkpBA.png\",\"contentUrl\":\"https:\/\/www.vkpbratislava.sk\/wp-content\/uploads\/2020\/10\/vkpBA.png\",\"width\":600,\"height\":600,\"caption\":\"VKP Bratislava\"},\"image\":{\"@id\":\"https:\/\/www.vkpbratislava.sk\/#\/schema\/logo\/image\/\"}},{\"@type\":\"Person\",\"@id\":\"https:\/\/www.vkpbratislava.sk\/#\/schema\/person\/7037e769f9515aa58493d1b5852c4c50\",\"name\":\"jenca\",\"image\":{\"@type\":\"ImageObject\",\"inLanguage\":\"sk-SK\",\"@id\":\"https:\/\/www.vkpbratislava.sk\/#\/schema\/person\/image\/\",\"url\":\"https:\/\/secure.gravatar.com\/avatar\/67aa89e9aab2911bbd0c6fbf0a891ea8d80c207c9b6a6e2c96e13fc2f16e536d?s=96&d=mm&r=g\",\"contentUrl\":\"https:\/\/secure.gravatar.com\/avatar\/67aa89e9aab2911bbd0c6fbf0a891ea8d80c207c9b6a6e2c96e13fc2f16e536d?s=96&d=mm&r=g\",\"caption\":\"jenca\"},\"url\":\"https:\/\/www.vkpbratislava.sk\/?author=3\"}]}<\/script>\n<!-- \/ Yoast SEO plugin. -->","yoast_head_json":{"title":"Belas\u00ed vyhrali duel o prv\u00e9 miesto a do play-off id\u00fa z \u010dela tabu\u013eky - VK SLOVAN Bratislava","robots":{"index":"index","follow":"follow","max-snippet":"max-snippet:-1","max-image-preview":"max-image-preview:large","max-video-preview":"max-video-preview:-1"},"canonical":"https:\/\/www.vkpbratislava.sk\/?p=52596","og_locale":"sk_SK","og_type":"article","og_title":"Belas\u00ed vyhrali duel o prv\u00e9 miesto a do play-off id\u00fa z \u010dela tabu\u013eky - VK SLOVAN Bratislava","og_description":"Z\u00e1kladn\u00e1 \u010das\u0165 mu\u017eskej Nik\u00e9 Extraligy vyvrcholila dramatick\u00fdm s\u00fabojom o prv\u00e9 miesto, ktor\u00fd prinieslo a\u017e jej posledn\u00e9 kolo. K\u00fdm o kone\u010dnom porad\u00ed na 3. a\u017e 8. prie\u010dke bolo rozhodnut\u00e9 u\u017e sk\u00f4r, meno v\u00ed\u0165aza z\u00e1kladnej \u010dasti zost\u00e1valo otvoren\u00e9 do poslednej chv\u00edle. V priamom dueli o l\u00eddersk\u00fa poz\u00edciu sa stretli dva najlep\u0161ie t\u00edmy sez\u00f3ny \u2013 VK Slovan Bratislava...","og_url":"https:\/\/www.vkpbratislava.sk\/?p=52596","og_site_name":"VK SLOVAN Bratislava","article_published_time":"2026-03-22T14:54:05+00:00","og_image":[{"width":1280,"height":853,"url":"https:\/\/www.vkpbratislava.sk\/wp-content\/uploads\/2026\/03\/MS_20260321_ELSlovanvsKomarno-102-1280x853.jpg","type":"image\/jpeg"}],"author":"jenca","twitter_card":"summary_large_image","twitter_misc":{"Autor":"jenca","Predpokladan\u00fd \u010das \u010d\u00edtania":"1 min\u00fata"},"schema":{"@context":"https:\/\/schema.org","@graph":[{"@type":"Article","@id":"https:\/\/www.vkpbratislava.sk\/?p=52596#article","isPartOf":{"@id":"https:\/\/www.vkpbratislava.sk\/?p=52596"},"author":{"name":"jenca","@id":"https:\/\/www.vkpbratislava.sk\/#\/schema\/person\/7037e769f9515aa58493d1b5852c4c50"},"headline":"Belas\u00ed vyhrali duel o prv\u00e9 miesto a do play-off id\u00fa z \u010dela tabu\u013eky","datePublished":"2026-03-22T14:54:05+00:00","mainEntityOfPage":{"@id":"https:\/\/www.vkpbratislava.sk\/?p=52596"},"wordCount":382,"publisher":{"@id":"https:\/\/www.vkpbratislava.sk\/#organization"},"image":{"@id":"https:\/\/www.vkpbratislava.sk\/?p=52596#primaryimage"},"thumbnailUrl":"https:\/\/www.vkpbratislava.sk\/wp-content\/uploads\/2026\/03\/MS_20260321_ELSlovanvsKomarno-102.jpg","articleSection":["Mu\u017ei"],"inLanguage":"sk-SK"},{"@type":"WebPage","@id":"https:\/\/www.vkpbratislava.sk\/?p=52596","url":"https:\/\/www.vkpbratislava.sk\/?p=52596","name":"Belas\u00ed vyhrali duel o prv\u00e9 miesto a do play-off id\u00fa z \u010dela tabu\u013eky - VK SLOVAN Bratislava","isPartOf":{"@id":"https:\/\/www.vkpbratislava.sk\/#website"},"primaryImageOfPage":{"@id":"https:\/\/www.vkpbratislava.sk\/?p=52596#primaryimage"},"image":{"@id":"https:\/\/www.vkpbratislava.sk\/?p=52596#primaryimage"},"thumbnailUrl":"https:\/\/www.vkpbratislava.sk\/wp-content\/uploads\/2026\/03\/MS_20260321_ELSlovanvsKomarno-102.jpg","datePublished":"2026-03-22T14:54:05+00:00","breadcrumb":{"@id":"https:\/\/www.vkpbratislava.sk\/?p=52596#breadcrumb"},"inLanguage":"sk-SK","potentialAction":[{"@type":"ReadAction","target":["https:\/\/www.vkpbratislava.sk\/?p=52596"]}]},{"@type":"ImageObject","inLanguage":"sk-SK","@id":"https:\/\/www.vkpbratislava.sk\/?p=52596#primaryimage","url":"https:\/\/www.vkpbratislava.sk\/wp-content\/uploads\/2026\/03\/MS_20260321_ELSlovanvsKomarno-102.jpg","contentUrl":"https:\/\/www.vkpbratislava.sk\/wp-content\/uploads\/2026\/03\/MS_20260321_ELSlovanvsKomarno-102.jpg","width":2048,"height":1365},{"@type":"BreadcrumbList","@id":"https:\/\/www.vkpbratislava.sk\/?p=52596#breadcrumb","itemListElement":[{"@type":"ListItem","position":1,"name":"Domov","item":"https:\/\/www.vkpbratislava.sk\/"},{"@type":"ListItem","position":2,"name":"Belas\u00ed vyhrali duel o prv\u00e9 miesto a do play-off id\u00fa z \u010dela tabu\u013eky"}]},{"@type":"WebSite","@id":"https:\/\/www.vkpbratislava.sk\/#website","url":"https:\/\/www.vkpbratislava.sk\/","name":"VK SLOVAN Bratislava","description":"Volejbalov\u00fd klub","publisher":{"@id":"https:\/\/www.vkpbratislava.sk\/#organization"},"potentialAction":[{"@type":"SearchAction","target":{"@type":"EntryPoint","urlTemplate":"https:\/\/www.vkpbratislava.sk\/?s={search_term_string}"},"query-input":{"@type":"PropertyValueSpecification","valueRequired":true,"valueName":"search_term_string"}}],"inLanguage":"sk-SK"},{"@type":"Organization","@id":"https:\/\/www.vkpbratislava.sk\/#organization","name":"VKP Bratislava","url":"https:\/\/www.vkpbratislava.sk\/","logo":{"@type":"ImageObject","inLanguage":"sk-SK","@id":"https:\/\/www.vkpbratislava.sk\/#\/schema\/logo\/image\/","url":"https:\/\/www.vkpbratislava.sk\/wp-content\/uploads\/2020\/10\/vkpBA.png","contentUrl":"https:\/\/www.vkpbratislava.sk\/wp-content\/uploads\/2020\/10\/vkpBA.png","width":600,"height":600,"caption":"VKP Bratislava"},"image":{"@id":"https:\/\/www.vkpbratislava.sk\/#\/schema\/logo\/image\/"}},{"@type":"Person","@id":"https:\/\/www.vkpbratislava.sk\/#\/schema\/person\/7037e769f9515aa58493d1b5852c4c50","name":"jenca","image":{"@type":"ImageObject","inLanguage":"sk-SK","@id":"https:\/\/www.vkpbratislava.sk\/#\/schema\/person\/image\/","url":"https:\/\/secure.gravatar.com\/avatar\/67aa89e9aab2911bbd0c6fbf0a891ea8d80c207c9b6a6e2c96e13fc2f16e536d?s=96&d=mm&r=g","contentUrl":"https:\/\/secure.gravatar.com\/avatar\/67aa89e9aab2911bbd0c6fbf0a891ea8d80c207c9b6a6e2c96e13fc2f16e536d?s=96&d=mm&r=g","caption":"jenca"},"url":"https:\/\/www.vkpbratislava.sk\/?author=3"}]}},"_links":{"self":[{"href":"https:\/\/www.vkpbratislava.sk\/index.php?rest_route=\/wp\/v2\/posts\/52596","targetHints":{"allow":["GET"]}}],"collection":[{"href":"https:\/\/www.vkpbratislava.sk\/index.php?rest_route=\/wp\/v2\/posts"}],"about":[{"href":"https:\/\/www.vkpbratislava.sk\/index.php?rest_route=\/wp\/v2\/types\/post"}],"author":[{"embeddable":true,"href":"https:\/\/www.vkpbratislava.sk\/index.php?rest_route=\/wp\/v2\/users\/3"}],"replies":[{"embeddable":true,"href":"https:\/\/www.vkpbratislava.sk\/index.php?rest_route=%2Fwp%2Fv2%2Fcomments&post=52596"}],"version-history":[{"count":1,"href":"https:\/\/www.vkpbratislava.sk\/index.php?rest_route=\/wp\/v2\/posts\/52596\/revisions"}],"predecessor-version":[{"id":52598,"href":"https:\/\/www.vkpbratislava.sk\/index.php?rest_route=\/wp\/v2\/posts\/52596\/revisions\/52598"}],"wp:featuredmedia":[{"embeddable":true,"href":"https:\/\/www.vkpbratislava.sk\/index.php?rest_route=\/wp\/v2\/media\/52569"}],"wp:attachment":[{"href":"https:\/\/www.vkpbratislava.sk\/index.php?rest_route=%2Fwp%2Fv2%2Fmedia&parent=52596"}],"wp:term":[{"taxonomy":"category","embeddable":true,"href":"https:\/\/www.vkpbratislava.sk\/index.php?rest_route=%2Fwp%2Fv2%2Fcategories&post=52596"},{"taxonomy":"post_tag","embeddable":true,"href":"https:\/\/www.vkpbratislava.sk\/index.php?rest_route=%2Fwp%2Fv2%2Ftags&post=52596"}],"curies":[{"name":"wp","href":"https:\/\/api.w.org\/{rel}","templated":true}]}}