{"id":52599,"date":"2026-03-22T16:07:00","date_gmt":"2026-03-22T15:07:00","guid":{"rendered":"https:\/\/www.vkpbratislava.sk\/?p=52599"},"modified":"2026-03-22T20:41:09","modified_gmt":"2026-03-22T19:41:09","slug":"daniel-sellong-v-play-off-uz-nepojde-o-body-ale-o-vitazstva","status":"publish","type":"post","link":"https:\/\/www.vkpbratislava.sk\/?p=52599","title":{"rendered":"Daniel \u0160ellong: V play-off u\u017e nep\u00f4jde o body, ale o v\u00ed\u0165azstv\u00e1"},"content":{"rendered":"<p>Belas\u00ed zakon\u010dili z\u00e1kladn\u00fa \u010das\u0165 Nik\u00e9 Extraligy na prvom mieste a do play-off vstupuj\u00fa z poz\u00edcie l\u00eddra. Po n\u00e1ro\u010dnej sez\u00f3ne, v ktorej Bratislav\u010dania absolvovali viacero s\u00fa\u0165a\u017e\u00ed a n\u00e1ro\u010dn\u00fd z\u00e1pasov\u00fd program, tak potvrdili svoje amb\u00edcie aj kvalitu k\u00e1dra. Jednou z op\u00f4r t\u00edmu bol v\u00a0doteraj\u0161ej sez\u00f3ne aj blok\u00e1r Daniel \u0160ellong, ktor\u00fd sa podie\u013eal na v\u00fdsledkoch Slovana. V rozhovore zhodnotil priebeh z\u00e1kladnej \u010dasti, pribl\u00ed\u017eil o\u010dak\u00e1vania pred play-off a\u00a0vyjadril sa aj o \u0161pecifickom \u0161tvr\u0165fin\u00e1lovom s\u00faboji proti Trnave.<\/p>\n<p>&nbsp;<\/p>\n<p><strong>Dano, gratulujeme k\u00a0prvenstvu v\u00a0z\u00e1kladnej \u010dasti Nik\u00e9 Extraligy. Postupujete do play-off z\u00a0poz\u00edcie l\u00eddra. Ak\u00e9 s\u00fa pocity?<\/strong><\/p>\n<p>Pocity s\u00fa ur\u010dite ve\u013emi dobr\u00e9. Nebolo to jednoduch\u00e9, najm\u00e4 vzh\u013eadom na ve\u013ek\u00fd po\u010det z\u00e1pasov po\u010das celej sez\u00f3ny. Nechcem tvrdi\u0165, \u017ee \u00favod bol \u00faplne zl\u00fd, ale niektor\u00e9 stretnutia n\u00e1m nevy\u0161li pod\u013ea predst\u00e1v. O to viac n\u00e1s te\u0161\u00ed, \u017ee sme sa napokon dok\u00e1zali prebojova\u0165 na prv\u00e9 miesto. Teraz sa u\u017e budeme naplno s\u00fastredi\u0165 na play-off, kde chceme bojova\u0165 o tie najvy\u0161\u0161ie prie\u010dky.<\/p>\n<p>&nbsp;<\/p>\n<p><strong>Hovor\u00ed sa, \u017ee play-off je \u00faplne in\u00e1 s\u00fa\u0165a\u017e ako z\u00e1kladn\u00e1 \u010das\u0165. V\u00a0\u010dom to bude pod\u013ea teba in\u00e9?<\/strong><\/p>\n<p>Rozdiel bude najm\u00e4 v tom, \u017ee nep\u00f4jde u\u017e len o body, ale priamo o v\u00ed\u0165azstv\u00e1. Doteraz sme boli po\u010das celej sez\u00f3ny zvyknut\u00ed na nahusten\u00fd program, ke\u010f\u017ee sme hrali ligu, Slovensk\u00fd poh\u00e1r aj eur\u00f3psku s\u00fa\u0165a\u017e. Teraz v\u0161ak bude ka\u017ed\u00fd z\u00e1pas e\u0161te d\u00f4le\u017eitej\u0161\u00ed, s\u00e9ria sa m\u00f4\u017ee zlomi\u0165 v jednej pas\u00e1\u017ei alebo na jednej mali\u010dkosti. Tlak bude v\u00e4\u010d\u0161\u00ed a priestor na opravu ove\u013ea men\u0161\u00ed.<\/p>\n<p>&nbsp;<\/p>\n<p><strong>Vo \u0161tvr\u0165fin\u00e1le v\u00e1s \u010dak\u00e1 Trnava, v ktorej p\u00f4sob\u00ed aj viacero va\u0161ich b\u00fdval\u00fdch spoluhr\u00e1\u010dov z minulej sez\u00f3ny. Te\u0161\u00ed\u0161 sa na t\u00fato konfront\u00e1ciu?<\/strong><\/p>\n<p>Ur\u010dite \u00e1no. Tak\u00e9to z\u00e1pasy s\u00fa v\u017edy \u0161pecifick\u00e9, ke\u010f nast\u00fapi\u0161 proti hr\u00e1\u010dom, ktor\u00fdch dobre pozn\u00e1\u0161. Aj preto bud\u00fa ma\u0165 trochu in\u00fd n\u00e1boj. M\u00f4\u017eeme si mo\u017eno vymeni\u0165 aj nejak\u00e9 \u00fasmevn\u00e9 momenty \u010di postrehy priamo na ihrisku. Te\u0161\u00edme sa na t\u00fato konfront\u00e1ciu a ver\u00edm, \u017ee to bud\u00fa kvalitn\u00e9 z\u00e1pasy.<\/p>\n<p>&nbsp;<\/p>\n<p><strong>Ktor\u00fd s\u00faper by pod\u013ea teba mohol by\u0165 v\u00a0play-off najn\u00e1ro\u010dnej\u0161\u00ed?<\/strong><\/p>\n<p>\u0164a\u017eko poveda\u0165, preto\u017ee ka\u017ed\u00fd s\u00faper m\u00e1 svoje kvality a nie\u010d\u00edm je \u0161pecifick\u00fd. V\u00a0play-off si u\u017e \u010dlovek ve\u013emi nevyberie a ka\u017ed\u00fd z\u00e1pas m\u00f4\u017ee dopadn\u00fa\u0165 r\u00f4zne. Preto sa sk\u00f4r s\u00fastred\u00edme sami na seba a na to, aby sme boli \u010do najlep\u0161ie pripraven\u00ed na ka\u017ed\u00e9ho s\u00fapera.<\/p>\n<p>&nbsp;<\/p>\n<p><strong>Pre\u010do by v\u00e1s mali pr\u00eds\u0165 fan\u00fa\u0161ikovia podpori\u0165 na najbli\u017e\u0161ie z\u00e1pasy?<\/strong><\/p>\n<p>Mysl\u00edm si, \u017ee ich \u010dakaj\u00fa atrakt\u00edvne a kvalitn\u00e9 z\u00e1pasy. Uk\u00e1zali sme to u\u017e aj v Challenge Cupe, \u017ee ke\u010f ide o ve\u013ea, vieme sa zomkn\u00fa\u0165, zabojova\u0165 a hra\u0165 ve\u013emi dobr\u00fd volejbal. Aj s\u00faperi sa na tak\u00e9to stretnutia dok\u00e1\u017eu pripravi\u0165, tak\u017ee to m\u00e1 v\u0161etko, \u010do m\u00e1 spr\u00e1vne play off ma\u0165. Ver\u00edm, \u017ee fan\u00fa\u0161ikovia pr\u00eddu a pom\u00f4\u017eu n\u00e1m svojou podporou.<\/p>\n<p>&nbsp;<\/p>\n<p>&nbsp;<\/p>\n<p>Zdroj: VK Slovan<\/p>\n","protected":false},"excerpt":{"rendered":"<p>Belas\u00ed zakon\u010dili z\u00e1kladn\u00fa \u010das\u0165 Nik\u00e9 Extraligy na prvom mieste a do play-off vstupuj\u00fa z poz\u00edcie l\u00eddra. Po n\u00e1ro\u010dnej sez\u00f3ne, v ktorej Bratislav\u010dania absolvovali viacero s\u00fa\u0165a\u017e\u00ed a n\u00e1ro\u010dn\u00fd z\u00e1pasov\u00fd program, tak potvrdili svoje amb\u00edcie aj kvalitu k\u00e1dra. Jednou z op\u00f4r t\u00edmu bol v\u00a0doteraj\u0161ej sez\u00f3ne aj blok\u00e1r Daniel \u0160ellong, ktor\u00fd sa podie\u013eal na v\u00fdsledkoch Slovana. V rozhovore&#8230;<\/p>\n","protected":false},"author":3,"featured_media":52214,"comment_status":"closed","ping_status":"closed","sticky":false,"template":"","format":"standard","meta":{"_monsterinsights_skip_tracking":false,"_monsterinsights_sitenote_active":false,"_monsterinsights_sitenote_note":"","_monsterinsights_sitenote_category":0,"footnotes":""},"categories":[47],"tags":[],"class_list":["post-52599","post","type-post","status-publish","format-standard","has-post-thumbnail","hentry","category-muzi"],"yoast_head":"<!-- This site is optimized with the Yoast SEO plugin v25.6 - https:\/\/yoast.com\/wordpress\/plugins\/seo\/ -->\n<title>Daniel \u0160ellong: V play-off u\u017e nep\u00f4jde o body, ale o v\u00ed\u0165azstv\u00e1 - VK SLOVAN Bratislava<\/title>\n<meta name=\"robots\" content=\"index, follow, max-snippet:-1, max-image-preview:large, max-video-preview:-1\" \/>\n<link rel=\"canonical\" href=\"https:\/\/www.vkpbratislava.sk\/?p=52599\" \/>\n<meta property=\"og:locale\" content=\"sk_SK\" \/>\n<meta property=\"og:type\" content=\"article\" \/>\n<meta property=\"og:title\" content=\"Daniel \u0160ellong: V play-off u\u017e nep\u00f4jde o body, ale o v\u00ed\u0165azstv\u00e1 - VK SLOVAN Bratislava\" \/>\n<meta property=\"og:description\" content=\"Belas\u00ed zakon\u010dili z\u00e1kladn\u00fa \u010das\u0165 Nik\u00e9 Extraligy na prvom mieste a do play-off vstupuj\u00fa z poz\u00edcie l\u00eddra. Po n\u00e1ro\u010dnej sez\u00f3ne, v ktorej Bratislav\u010dania absolvovali viacero s\u00fa\u0165a\u017e\u00ed a n\u00e1ro\u010dn\u00fd z\u00e1pasov\u00fd program, tak potvrdili svoje amb\u00edcie aj kvalitu k\u00e1dra. Jednou z op\u00f4r t\u00edmu bol v\u00a0doteraj\u0161ej sez\u00f3ne aj blok\u00e1r Daniel \u0160ellong, ktor\u00fd sa podie\u013eal na v\u00fdsledkoch Slovana. V rozhovore...\" \/>\n<meta property=\"og:url\" content=\"https:\/\/www.vkpbratislava.sk\/?p=52599\" \/>\n<meta property=\"og:site_name\" content=\"VK SLOVAN Bratislava\" \/>\n<meta property=\"article:published_time\" content=\"2026-03-22T15:07:00+00:00\" \/>\n<meta property=\"article:modified_time\" content=\"2026-03-22T19:41:09+00:00\" \/>\n<meta property=\"og:image\" content=\"https:\/\/www.vkpbratislava.sk\/wp-content\/uploads\/2026\/03\/MS_20260317_ELSlovanvsMyjava-61-1280x854.jpg\" \/>\n\t<meta property=\"og:image:width\" content=\"1280\" \/>\n\t<meta property=\"og:image:height\" content=\"854\" \/>\n\t<meta property=\"og:image:type\" content=\"image\/jpeg\" \/>\n<meta name=\"author\" content=\"jenca\" \/>\n<meta name=\"twitter:card\" content=\"summary_large_image\" \/>\n<meta name=\"twitter:label1\" content=\"Autor\" \/>\n\t<meta name=\"twitter:data1\" content=\"jenca\" \/>\n\t<meta name=\"twitter:label2\" content=\"Predpokladan\u00fd \u010das \u010d\u00edtania\" \/>\n\t<meta name=\"twitter:data2\" content=\"3 min\u00faty\" \/>\n<script type=\"application\/ld+json\" class=\"yoast-schema-graph\">{\"@context\":\"https:\/\/schema.org\",\"@graph\":[{\"@type\":\"Article\",\"@id\":\"https:\/\/www.vkpbratislava.sk\/?p=52599#article\",\"isPartOf\":{\"@id\":\"https:\/\/www.vkpbratislava.sk\/?p=52599\"},\"author\":{\"name\":\"jenca\",\"@id\":\"https:\/\/www.vkpbratislava.sk\/#\/schema\/person\/7037e769f9515aa58493d1b5852c4c50\"},\"headline\":\"Daniel \u0160ellong: V play-off u\u017e nep\u00f4jde o body, ale o v\u00ed\u0165azstv\u00e1\",\"datePublished\":\"2026-03-22T15:07:00+00:00\",\"dateModified\":\"2026-03-22T19:41:09+00:00\",\"mainEntityOfPage\":{\"@id\":\"https:\/\/www.vkpbratislava.sk\/?p=52599\"},\"wordCount\":583,\"publisher\":{\"@id\":\"https:\/\/www.vkpbratislava.sk\/#organization\"},\"image\":{\"@id\":\"https:\/\/www.vkpbratislava.sk\/?p=52599#primaryimage\"},\"thumbnailUrl\":\"https:\/\/www.vkpbratislava.sk\/wp-content\/uploads\/2026\/03\/MS_20260317_ELSlovanvsMyjava-61.jpg\",\"articleSection\":[\"Mu\u017ei\"],\"inLanguage\":\"sk-SK\"},{\"@type\":\"WebPage\",\"@id\":\"https:\/\/www.vkpbratislava.sk\/?p=52599\",\"url\":\"https:\/\/www.vkpbratislava.sk\/?p=52599\",\"name\":\"Daniel \u0160ellong: V play-off u\u017e nep\u00f4jde o body, ale o v\u00ed\u0165azstv\u00e1 - VK SLOVAN Bratislava\",\"isPartOf\":{\"@id\":\"https:\/\/www.vkpbratislava.sk\/#website\"},\"primaryImageOfPage\":{\"@id\":\"https:\/\/www.vkpbratislava.sk\/?p=52599#primaryimage\"},\"image\":{\"@id\":\"https:\/\/www.vkpbratislava.sk\/?p=52599#primaryimage\"},\"thumbnailUrl\":\"https:\/\/www.vkpbratislava.sk\/wp-content\/uploads\/2026\/03\/MS_20260317_ELSlovanvsMyjava-61.jpg\",\"datePublished\":\"2026-03-22T15:07:00+00:00\",\"dateModified\":\"2026-03-22T19:41:09+00:00\",\"breadcrumb\":{\"@id\":\"https:\/\/www.vkpbratislava.sk\/?p=52599#breadcrumb\"},\"inLanguage\":\"sk-SK\",\"potentialAction\":[{\"@type\":\"ReadAction\",\"target\":[\"https:\/\/www.vkpbratislava.sk\/?p=52599\"]}]},{\"@type\":\"ImageObject\",\"inLanguage\":\"sk-SK\",\"@id\":\"https:\/\/www.vkpbratislava.sk\/?p=52599#primaryimage\",\"url\":\"https:\/\/www.vkpbratislava.sk\/wp-content\/uploads\/2026\/03\/MS_20260317_ELSlovanvsMyjava-61.jpg\",\"contentUrl\":\"https:\/\/www.vkpbratislava.sk\/wp-content\/uploads\/2026\/03\/MS_20260317_ELSlovanvsMyjava-61.jpg\",\"width\":2048,\"height\":1366},{\"@type\":\"BreadcrumbList\",\"@id\":\"https:\/\/www.vkpbratislava.sk\/?p=52599#breadcrumb\",\"itemListElement\":[{\"@type\":\"ListItem\",\"position\":1,\"name\":\"Domov\",\"item\":\"https:\/\/www.vkpbratislava.sk\/\"},{\"@type\":\"ListItem\",\"position\":2,\"name\":\"Daniel \u0160ellong: V play-off u\u017e nep\u00f4jde o body, ale o v\u00ed\u0165azstv\u00e1\"}]},{\"@type\":\"WebSite\",\"@id\":\"https:\/\/www.vkpbratislava.sk\/#website\",\"url\":\"https:\/\/www.vkpbratislava.sk\/\",\"name\":\"VK SLOVAN Bratislava\",\"description\":\"Volejbalov\u00fd klub\",\"publisher\":{\"@id\":\"https:\/\/www.vkpbratislava.sk\/#organization\"},\"potentialAction\":[{\"@type\":\"SearchAction\",\"target\":{\"@type\":\"EntryPoint\",\"urlTemplate\":\"https:\/\/www.vkpbratislava.sk\/?s={search_term_string}\"},\"query-input\":{\"@type\":\"PropertyValueSpecification\",\"valueRequired\":true,\"valueName\":\"search_term_string\"}}],\"inLanguage\":\"sk-SK\"},{\"@type\":\"Organization\",\"@id\":\"https:\/\/www.vkpbratislava.sk\/#organization\",\"name\":\"VKP Bratislava\",\"url\":\"https:\/\/www.vkpbratislava.sk\/\",\"logo\":{\"@type\":\"ImageObject\",\"inLanguage\":\"sk-SK\",\"@id\":\"https:\/\/www.vkpbratislava.sk\/#\/schema\/logo\/image\/\",\"url\":\"https:\/\/www.vkpbratislava.sk\/wp-content\/uploads\/2020\/10\/vkpBA.png\",\"contentUrl\":\"https:\/\/www.vkpbratislava.sk\/wp-content\/uploads\/2020\/10\/vkpBA.png\",\"width\":600,\"height\":600,\"caption\":\"VKP Bratislava\"},\"image\":{\"@id\":\"https:\/\/www.vkpbratislava.sk\/#\/schema\/logo\/image\/\"}},{\"@type\":\"Person\",\"@id\":\"https:\/\/www.vkpbratislava.sk\/#\/schema\/person\/7037e769f9515aa58493d1b5852c4c50\",\"name\":\"jenca\",\"image\":{\"@type\":\"ImageObject\",\"inLanguage\":\"sk-SK\",\"@id\":\"https:\/\/www.vkpbratislava.sk\/#\/schema\/person\/image\/\",\"url\":\"https:\/\/secure.gravatar.com\/avatar\/67aa89e9aab2911bbd0c6fbf0a891ea8d80c207c9b6a6e2c96e13fc2f16e536d?s=96&d=mm&r=g\",\"contentUrl\":\"https:\/\/secure.gravatar.com\/avatar\/67aa89e9aab2911bbd0c6fbf0a891ea8d80c207c9b6a6e2c96e13fc2f16e536d?s=96&d=mm&r=g\",\"caption\":\"jenca\"},\"url\":\"https:\/\/www.vkpbratislava.sk\/?author=3\"}]}<\/script>\n<!-- \/ Yoast SEO plugin. -->","yoast_head_json":{"title":"Daniel \u0160ellong: V play-off u\u017e nep\u00f4jde o body, ale o v\u00ed\u0165azstv\u00e1 - VK SLOVAN Bratislava","robots":{"index":"index","follow":"follow","max-snippet":"max-snippet:-1","max-image-preview":"max-image-preview:large","max-video-preview":"max-video-preview:-1"},"canonical":"https:\/\/www.vkpbratislava.sk\/?p=52599","og_locale":"sk_SK","og_type":"article","og_title":"Daniel \u0160ellong: V play-off u\u017e nep\u00f4jde o body, ale o v\u00ed\u0165azstv\u00e1 - VK SLOVAN Bratislava","og_description":"Belas\u00ed zakon\u010dili z\u00e1kladn\u00fa \u010das\u0165 Nik\u00e9 Extraligy na prvom mieste a do play-off vstupuj\u00fa z poz\u00edcie l\u00eddra. Po n\u00e1ro\u010dnej sez\u00f3ne, v ktorej Bratislav\u010dania absolvovali viacero s\u00fa\u0165a\u017e\u00ed a n\u00e1ro\u010dn\u00fd z\u00e1pasov\u00fd program, tak potvrdili svoje amb\u00edcie aj kvalitu k\u00e1dra. Jednou z op\u00f4r t\u00edmu bol v\u00a0doteraj\u0161ej sez\u00f3ne aj blok\u00e1r Daniel \u0160ellong, ktor\u00fd sa podie\u013eal na v\u00fdsledkoch Slovana. V rozhovore...","og_url":"https:\/\/www.vkpbratislava.sk\/?p=52599","og_site_name":"VK SLOVAN Bratislava","article_published_time":"2026-03-22T15:07:00+00:00","article_modified_time":"2026-03-22T19:41:09+00:00","og_image":[{"width":1280,"height":854,"url":"https:\/\/www.vkpbratislava.sk\/wp-content\/uploads\/2026\/03\/MS_20260317_ELSlovanvsMyjava-61-1280x854.jpg","type":"image\/jpeg"}],"author":"jenca","twitter_card":"summary_large_image","twitter_misc":{"Autor":"jenca","Predpokladan\u00fd \u010das \u010d\u00edtania":"3 min\u00faty"},"schema":{"@context":"https:\/\/schema.org","@graph":[{"@type":"Article","@id":"https:\/\/www.vkpbratislava.sk\/?p=52599#article","isPartOf":{"@id":"https:\/\/www.vkpbratislava.sk\/?p=52599"},"author":{"name":"jenca","@id":"https:\/\/www.vkpbratislava.sk\/#\/schema\/person\/7037e769f9515aa58493d1b5852c4c50"},"headline":"Daniel \u0160ellong: V play-off u\u017e nep\u00f4jde o body, ale o v\u00ed\u0165azstv\u00e1","datePublished":"2026-03-22T15:07:00+00:00","dateModified":"2026-03-22T19:41:09+00:00","mainEntityOfPage":{"@id":"https:\/\/www.vkpbratislava.sk\/?p=52599"},"wordCount":583,"publisher":{"@id":"https:\/\/www.vkpbratislava.sk\/#organization"},"image":{"@id":"https:\/\/www.vkpbratislava.sk\/?p=52599#primaryimage"},"thumbnailUrl":"https:\/\/www.vkpbratislava.sk\/wp-content\/uploads\/2026\/03\/MS_20260317_ELSlovanvsMyjava-61.jpg","articleSection":["Mu\u017ei"],"inLanguage":"sk-SK"},{"@type":"WebPage","@id":"https:\/\/www.vkpbratislava.sk\/?p=52599","url":"https:\/\/www.vkpbratislava.sk\/?p=52599","name":"Daniel \u0160ellong: V play-off u\u017e nep\u00f4jde o body, ale o v\u00ed\u0165azstv\u00e1 - VK SLOVAN Bratislava","isPartOf":{"@id":"https:\/\/www.vkpbratislava.sk\/#website"},"primaryImageOfPage":{"@id":"https:\/\/www.vkpbratislava.sk\/?p=52599#primaryimage"},"image":{"@id":"https:\/\/www.vkpbratislava.sk\/?p=52599#primaryimage"},"thumbnailUrl":"https:\/\/www.vkpbratislava.sk\/wp-content\/uploads\/2026\/03\/MS_20260317_ELSlovanvsMyjava-61.jpg","datePublished":"2026-03-22T15:07:00+00:00","dateModified":"2026-03-22T19:41:09+00:00","breadcrumb":{"@id":"https:\/\/www.vkpbratislava.sk\/?p=52599#breadcrumb"},"inLanguage":"sk-SK","potentialAction":[{"@type":"ReadAction","target":["https:\/\/www.vkpbratislava.sk\/?p=52599"]}]},{"@type":"ImageObject","inLanguage":"sk-SK","@id":"https:\/\/www.vkpbratislava.sk\/?p=52599#primaryimage","url":"https:\/\/www.vkpbratislava.sk\/wp-content\/uploads\/2026\/03\/MS_20260317_ELSlovanvsMyjava-61.jpg","contentUrl":"https:\/\/www.vkpbratislava.sk\/wp-content\/uploads\/2026\/03\/MS_20260317_ELSlovanvsMyjava-61.jpg","width":2048,"height":1366},{"@type":"BreadcrumbList","@id":"https:\/\/www.vkpbratislava.sk\/?p=52599#breadcrumb","itemListElement":[{"@type":"ListItem","position":1,"name":"Domov","item":"https:\/\/www.vkpbratislava.sk\/"},{"@type":"ListItem","position":2,"name":"Daniel \u0160ellong: V play-off u\u017e nep\u00f4jde o body, ale o v\u00ed\u0165azstv\u00e1"}]},{"@type":"WebSite","@id":"https:\/\/www.vkpbratislava.sk\/#website","url":"https:\/\/www.vkpbratislava.sk\/","name":"VK SLOVAN Bratislava","description":"Volejbalov\u00fd klub","publisher":{"@id":"https:\/\/www.vkpbratislava.sk\/#organization"},"potentialAction":[{"@type":"SearchAction","target":{"@type":"EntryPoint","urlTemplate":"https:\/\/www.vkpbratislava.sk\/?s={search_term_string}"},"query-input":{"@type":"PropertyValueSpecification","valueRequired":true,"valueName":"search_term_string"}}],"inLanguage":"sk-SK"},{"@type":"Organization","@id":"https:\/\/www.vkpbratislava.sk\/#organization","name":"VKP Bratislava","url":"https:\/\/www.vkpbratislava.sk\/","logo":{"@type":"ImageObject","inLanguage":"sk-SK","@id":"https:\/\/www.vkpbratislava.sk\/#\/schema\/logo\/image\/","url":"https:\/\/www.vkpbratislava.sk\/wp-content\/uploads\/2020\/10\/vkpBA.png","contentUrl":"https:\/\/www.vkpbratislava.sk\/wp-content\/uploads\/2020\/10\/vkpBA.png","width":600,"height":600,"caption":"VKP Bratislava"},"image":{"@id":"https:\/\/www.vkpbratislava.sk\/#\/schema\/logo\/image\/"}},{"@type":"Person","@id":"https:\/\/www.vkpbratislava.sk\/#\/schema\/person\/7037e769f9515aa58493d1b5852c4c50","name":"jenca","image":{"@type":"ImageObject","inLanguage":"sk-SK","@id":"https:\/\/www.vkpbratislava.sk\/#\/schema\/person\/image\/","url":"https:\/\/secure.gravatar.com\/avatar\/67aa89e9aab2911bbd0c6fbf0a891ea8d80c207c9b6a6e2c96e13fc2f16e536d?s=96&d=mm&r=g","contentUrl":"https:\/\/secure.gravatar.com\/avatar\/67aa89e9aab2911bbd0c6fbf0a891ea8d80c207c9b6a6e2c96e13fc2f16e536d?s=96&d=mm&r=g","caption":"jenca"},"url":"https:\/\/www.vkpbratislava.sk\/?author=3"}]}},"_links":{"self":[{"href":"https:\/\/www.vkpbratislava.sk\/index.php?rest_route=\/wp\/v2\/posts\/52599","targetHints":{"allow":["GET"]}}],"collection":[{"href":"https:\/\/www.vkpbratislava.sk\/index.php?rest_route=\/wp\/v2\/posts"}],"about":[{"href":"https:\/\/www.vkpbratislava.sk\/index.php?rest_route=\/wp\/v2\/types\/post"}],"author":[{"embeddable":true,"href":"https:\/\/www.vkpbratislava.sk\/index.php?rest_route=\/wp\/v2\/users\/3"}],"replies":[{"embeddable":true,"href":"https:\/\/www.vkpbratislava.sk\/index.php?rest_route=%2Fwp%2Fv2%2Fcomments&post=52599"}],"version-history":[{"count":3,"href":"https:\/\/www.vkpbratislava.sk\/index.php?rest_route=\/wp\/v2\/posts\/52599\/revisions"}],"predecessor-version":[{"id":52604,"href":"https:\/\/www.vkpbratislava.sk\/index.php?rest_route=\/wp\/v2\/posts\/52599\/revisions\/52604"}],"wp:featuredmedia":[{"embeddable":true,"href":"https:\/\/www.vkpbratislava.sk\/index.php?rest_route=\/wp\/v2\/media\/52214"}],"wp:attachment":[{"href":"https:\/\/www.vkpbratislava.sk\/index.php?rest_route=%2Fwp%2Fv2%2Fmedia&parent=52599"}],"wp:term":[{"taxonomy":"category","embeddable":true,"href":"https:\/\/www.vkpbratislava.sk\/index.php?rest_route=%2Fwp%2Fv2%2Fcategories&post=52599"},{"taxonomy":"post_tag","embeddable":true,"href":"https:\/\/www.vkpbratislava.sk\/index.php?rest_route=%2Fwp%2Fv2%2Ftags&post=52599"}],"curies":[{"name":"wp","href":"https:\/\/api.w.org\/{rel}","templated":true}]}}