{"id":5260,"date":"2021-06-01T13:21:56","date_gmt":"2021-06-01T11:21:56","guid":{"rendered":"https:\/\/www.vkpbratislava.sk\/?p=5260"},"modified":"2021-06-01T13:39:31","modified_gmt":"2021-06-01T11:39:31","slug":"v-drese-vkp-konci-patica-hracov","status":"publish","type":"post","link":"https:\/\/www.vkpbratislava.sk\/?p=5260","title":{"rendered":"V\u00a0drese VKP kon\u010d\u00ed p\u00e4tica hr\u00e1\u010dov"},"content":{"rendered":"<p><strong>Po minuloro\u010dnej sez\u00f3ne v\u00a0extralige klub avizoval, \u017ee pr\u00edde k\u00a0ur\u010dit\u00fdm zmen\u00e1m v\u00a0t\u00edme. Posledn\u00fd m\u00e1jov\u00fd de\u0148 sa VKP dohodol na ukon\u010den\u00ed spolupr\u00e1ce s\u00a0piatimi hr\u00e1\u010dmi, ktor\u00ed u\u017e v nasleduj\u00facej sez\u00f3ne nebud\u00fa oblieka\u0165 dres &#8222;policajtov&#8220;.<\/strong><\/p>\n<p>U\u017e po poslednom z\u00e1pase sez\u00f3ny avizoval koniec kari\u00e9ry Boris Demeter. \u201eV t\u00edme je ve\u013ea mlad\u00fdch perspekt\u00edvnych chalanov, ktor\u00ed si zasl\u00fa\u017eia dosta\u0165 \u0161ancu. Posledn\u00fa sez\u00f3nu som si u\u017eil akoby to bola moja prv\u00e1. Vr\u00e1til som sa po piatich rokoch z\u00a0d\u00f4chodku. Vhupol som do polomlad\u00e9ho kolekt\u00edvu. Bol som najstar\u0161\u00ed, telo bolelo, ale som r\u00e1d, \u017ee som sa nezranil. Jedin\u00e9, \u010do ma mrz\u00ed, \u017ee sme nezabojovali o\u00a0medaily. Ke\u010f bude VKP hra\u0165 v\u00a0novej hale, ktor\u00fa vid\u00edm z\u00a0balk\u00f3na m\u00f4jho bytu, tak budem v\u00a0r\u00e1mci mo\u017enost\u00ed na ka\u017edom z\u00e1pase,\u201c uviedol najsk\u00fasenej\u0161\u00ed hr\u00e1\u010d extraligy Boris Demeter, ktor\u00fd bol spolo\u010dne s\u00a0Tom\u00e1\u0161om Holl\u00fdm aj tvorcom dobrej n\u00e1lady v\u00a0kab\u00edne. \u201eSom odchovancom VKP, pote\u0161ilo ma, \u017ee sa vr\u00e1til klub do Bratislavy, aj ke\u010f to u\u017e nebolo do na\u0161ej haly v\u00a0PKO. Je to super, \u017ee volejbal je tu nasp\u00e4\u0165 a\u00a0netreba nikde cestova\u0165. \u0160koda, \u017ee sme nesiahli na medailu. T\u00edm sme nemali zl\u00fd, ale pokazili sme si to v\u00a0poslednom z\u00e1pase s\u00a0Ko\u0161icami. S\u00a0profesion\u00e1lnou kari\u00e9rou som skon\u010dil u\u017e pred \u0161tyrmi rokmi, ale som r\u00e1d, \u017ee som mohol by\u0165 pri n\u00e1vrate VKP do Bratislavy. R\u00e1d som si pri\u0161iel zahra\u0165, \u010di zatr\u00e9nova\u0165, ale u\u017e to je \u0165a\u017ek\u00e9 sk\u013abi\u0165 aj s\u00a0rodinn\u00fdmi povinnos\u0165ami. Zost\u00e1vam v\u0161ak volejbalov\u00fdm fan\u00fa\u0161ikom. U\u017e pomaly zapoj\u00edm do haly aj deti, hoci s\u00fa e\u0161te mal\u00e9, mo\u017eno nejak\u00e9 lopty pr\u00eddu pozbiera\u0165 a\u00a0ja aspo\u0148 dostanem priepustku z\u00a0domu a\u00a0budem sa chodi\u0165 pozera\u0165 ako sa chlapcom dar\u00ed. A\u00a0na\u010falej zost\u00e1vam hra\u0165 na\u0161u rekrea\u010dn\u00fa Bratislavsk\u00fa volejbalov\u00fa ligu s\u00a0na\u0161imi legendami, kde si d\u00e1me po z\u00e1pase nejak\u00e9 pivko. Sn\u00e1\u010f ma u\u017e nikto definit\u00edvne nezavol\u00e1 hra\u0165 extraligu,\u201c povedal s\u00a0\u00fasmevom nahr\u00e1va\u010d Tom\u00e1\u0161 Holl\u00fd.<\/p>\n<p>Sme\u010diar Marek Gergely prijal ponuku z\u00a0rak\u00faskeho klubu SK Zadruga Aich\/Dob a\u00a0prv\u00fdkr\u00e1t si vysk\u00fa\u0161a legion\u00e1rsky chleb\u00ed\u010dek. \u201eS VKP sme sa rozi\u0161li v\u00a0dobrom, budem ma\u0165 na klub v\u00fdborn\u00e9 spomienky. Posledn\u00e1 sez\u00f3na mi dala ve\u013emi ve\u013ea v\u00a0mojej doteraj\u0161ej kari\u00e9re, ke\u010f\u017ee som pravidelne nastupoval v\u00a0z\u00e1kladnej \u0161estke. Odohral som ve\u013ea z\u00e1pasov po boku kvalitn\u00fdch spoluhr\u00e1\u010dov. Vysk\u00fa\u0161al som si, ak\u00e9 to je doch\u00e1dza\u0165 na tr\u00e9ningy. Dalo mi to ve\u013ea sk\u00fasenost\u00ed do \u010fal\u0161ieho v\u00fdvoja. Ur\u010dite budem svoj b\u00fdval\u00fd klub sledova\u0165 a\u00a0fandi\u0165 im na dia\u013eku. A\u00a0mo\u017eno sa stretneme aj v\u00a0nejak\u00fdch z\u00e1pasoch. Teraz sa te\u0161\u00edm na nov\u00fa v\u00fdzvu. Chcem sa zlep\u0161i\u0165 herne, vysk\u00fa\u0161a\u0165 si \u017eivot osamote a\u00a0\u00fato\u010di\u0165 na tie najvy\u0161\u0161ie m\u00e9ty v\u00a0MEVZ-e alebo dom\u00e1cej s\u00fa\u0165a\u017ei,\u201c uviedol nitriansky rod\u00e1k Marek Gergely.<\/p>\n<p>V\u00a0novej sez\u00f3ne si u\u017e modro-biely dres VKP neoble\u010die ani \u010fal\u0161\u00ed sme\u010diar Milan Marini\u010d. \u201eS klubom sme sa nedohodli na pokra\u010dovan\u00ed spolupr\u00e1ce. Po zv\u00e1\u017een\u00ed v\u0161etk\u00fdch vec\u00ed som sa rozhodol skon\u010di\u0165 s\u00a0volejbalom. Idem si vlastnou cestou a\u00a0a\u017e bud\u00facnos\u0165 uk\u00e1\u017ee, ak\u00fdm smerom sa uberiem. Mrz\u00ed ma to, ale tak\u00fd je \u0161portov\u00fd \u017eivot. Budem klubu dr\u017ea\u0165 palce,\u201c povedal Milan Marini\u010d.<\/p>\n<p>S\u00a0Bratislavou sa l\u00fa\u010di aj blok\u00e1r Filip Kraisl. \u201eVraciam sa do svojho matersk\u00e9ho klubu do Nov\u00e9ho Mesta nad V\u00e1hom. U\u017e budem hra\u0165 volejbal len popri zamestnan\u00ed, nevid\u00edm to u\u017e na profesion\u00e1lnu kari\u00e9ru, aj ke\u010f nikdy nehovor nikdy. Na VKP budem spom\u00edna\u0165 len v\u00a0dobrom. Mu\u017estvo bolo nar\u00fdchlo poskladan\u00e9, ale stretli sme sa v\u00fdborn\u00e1 partia. Nebolo to \u00faplne najhor\u0161ie, ale mali sme in\u00fd cie\u013e, ktor\u00fd sa n\u00e1m nepodarilo splni\u0165. Klub sa vr\u00e1til po rokoch do Bratislavy a\u00a0prv\u00e1 sez\u00f3na b\u00fdva najkraj\u0161ia a\u00a0na tak\u00e9 sa ur\u010dite nezab\u00fada. Neby\u0165 koronav\u00edrusu, \u00a0mohlo to by\u0165 e\u0161te kraj\u0161ie,\u201c prezradil Filip Kraisl.<\/p>\n<h6>\u010eakujeme<\/h6>\n<p>\u201eV\u0161etk\u00fdm chlapcom \u010fakujem za rok, ktor\u00fd sme str\u00e1vili v\u00a0na\u0161ej prvej sez\u00f3ne po n\u00e1vrate do extraligy. Ka\u017ed\u00fd z\u00a0nich mal svoju poz\u00edciu v\u00a0t\u00edme. Marek Gergely sa posunul do zahrani\u010dia. Tom\u00e1\u0161 Holl\u00fd s\u00a0Borisom Demeterom zostan\u00fa nav\u017edy ve\u013ek\u00fdmi osobnos\u0165ami VKP. Milan Marini\u010d i\u00a0Filip Kraisl boli bojovn\u00edci na palubovke, zapadli do kab\u00edny, ale po vz\u00e1jomnej dohode napokon v\u00a0klube kon\u010dia. Ka\u017ed\u00e9mu z\u00a0nich dr\u017e\u00edm palce v\u00a0\u0161portovom i\u00a0s\u00fakromnom \u017eivote. A\u00a0mo\u017eno sa s\u00a0niektor\u00fdmi z\u00a0nich e\u0161te vo volejbale stretneme,\u201c vyjadril sa gener\u00e1lny mana\u017e\u00e9r VKP Bratislava Tom\u00e1\u0161 Jen\u010da.<\/p>\n","protected":false},"excerpt":{"rendered":"<p>Po minuloro\u010dnej sez\u00f3ne v\u00a0extralige klub avizoval, \u017ee pr\u00edde k\u00a0ur\u010dit\u00fdm zmen\u00e1m v\u00a0t\u00edme. Posledn\u00fd m\u00e1jov\u00fd de\u0148 sa VKP dohodol na ukon\u010den\u00ed spolupr\u00e1ce s\u00a0piatimi hr\u00e1\u010dmi, ktor\u00ed u\u017e v nasleduj\u00facej sez\u00f3ne nebud\u00fa oblieka\u0165 dres &#8222;policajtov&#8220;.<\/p>\n","protected":false},"author":3,"featured_media":4357,"comment_status":"closed","ping_status":"open","sticky":false,"template":"","format":"standard","meta":{"_monsterinsights_skip_tracking":false,"_monsterinsights_sitenote_active":false,"_monsterinsights_sitenote_note":"","_monsterinsights_sitenote_category":0,"footnotes":""},"categories":[47],"tags":[],"class_list":["post-5260","post","type-post","status-publish","format-standard","has-post-thumbnail","hentry","category-muzi"],"yoast_head":"<!-- This site is optimized with the Yoast SEO plugin v25.6 - https:\/\/yoast.com\/wordpress\/plugins\/seo\/ -->\n<title>V\u00a0drese VKP kon\u010d\u00ed p\u00e4tica hr\u00e1\u010dov - VK SLOVAN Bratislava<\/title>\n<meta name=\"description\" content=\"Po minuloro\u010dnej sez\u00f3ne v\u00a0extralige klub avizoval, \u017ee pr\u00edde k\u00a0ur\u010dit\u00fdm zmen\u00e1m v\u00a0t\u00edme. Posledn\u00fd m\u00e1jov\u00fd de\u0148 sa VKP dohodol na ukon\u010den\u00ed spolupr\u00e1ce s\u00a0piatimi hr\u00e1\u010dmi, ktor\u00ed u\u017e v nasleduj\u00facej sez\u00f3ne nebud\u00fa oblieka\u0165 dres &quot;policajtov&quot;.\" \/>\n<meta name=\"robots\" content=\"index, follow, max-snippet:-1, max-image-preview:large, max-video-preview:-1\" \/>\n<link rel=\"canonical\" href=\"https:\/\/www.vkpbratislava.sk\/?p=5260\" \/>\n<meta property=\"og:locale\" content=\"sk_SK\" \/>\n<meta property=\"og:type\" content=\"article\" \/>\n<meta property=\"og:title\" content=\"V\u00a0drese VKP kon\u010d\u00ed p\u00e4tica hr\u00e1\u010dov - VK SLOVAN Bratislava\" \/>\n<meta property=\"og:description\" content=\"Po minuloro\u010dnej sez\u00f3ne v\u00a0extralige klub avizoval, \u017ee pr\u00edde k\u00a0ur\u010dit\u00fdm zmen\u00e1m v\u00a0t\u00edme. Posledn\u00fd m\u00e1jov\u00fd de\u0148 sa VKP dohodol na ukon\u010den\u00ed spolupr\u00e1ce s\u00a0piatimi hr\u00e1\u010dmi, ktor\u00ed u\u017e v nasleduj\u00facej sez\u00f3ne nebud\u00fa oblieka\u0165 dres &quot;policajtov&quot;.\" \/>\n<meta property=\"og:url\" content=\"https:\/\/www.vkpbratislava.sk\/?p=5260\" \/>\n<meta property=\"og:site_name\" content=\"VK SLOVAN Bratislava\" \/>\n<meta property=\"article:published_time\" content=\"2021-06-01T11:21:56+00:00\" \/>\n<meta property=\"article:modified_time\" content=\"2021-06-01T11:39:31+00:00\" \/>\n<meta property=\"og:image\" content=\"https:\/\/www.vkpbratislava.sk\/wp-content\/uploads\/2021\/02\/DF1A6213.jpg\" \/>\n\t<meta property=\"og:image:width\" content=\"2048\" \/>\n\t<meta property=\"og:image:height\" content=\"1365\" \/>\n\t<meta property=\"og:image:type\" content=\"image\/jpeg\" \/>\n<meta name=\"author\" content=\"jenca\" \/>\n<meta name=\"twitter:card\" content=\"summary_large_image\" \/>\n<meta name=\"twitter:label1\" content=\"Autor\" \/>\n\t<meta name=\"twitter:data1\" content=\"jenca\" \/>\n\t<meta name=\"twitter:label2\" content=\"Predpokladan\u00fd \u010das \u010d\u00edtania\" \/>\n\t<meta name=\"twitter:data2\" content=\"3 min\u00faty\" \/>\n<script type=\"application\/ld+json\" class=\"yoast-schema-graph\">{\"@context\":\"https:\/\/schema.org\",\"@graph\":[{\"@type\":\"Article\",\"@id\":\"https:\/\/www.vkpbratislava.sk\/?p=5260#article\",\"isPartOf\":{\"@id\":\"https:\/\/www.vkpbratislava.sk\/?p=5260\"},\"author\":{\"name\":\"jenca\",\"@id\":\"https:\/\/www.vkpbratislava.sk\/#\/schema\/person\/7037e769f9515aa58493d1b5852c4c50\"},\"headline\":\"V\u00a0drese VKP kon\u010d\u00ed p\u00e4tica hr\u00e1\u010dov\",\"datePublished\":\"2021-06-01T11:21:56+00:00\",\"dateModified\":\"2021-06-01T11:39:31+00:00\",\"mainEntityOfPage\":{\"@id\":\"https:\/\/www.vkpbratislava.sk\/?p=5260\"},\"wordCount\":859,\"publisher\":{\"@id\":\"https:\/\/www.vkpbratislava.sk\/#organization\"},\"image\":{\"@id\":\"https:\/\/www.vkpbratislava.sk\/?p=5260#primaryimage\"},\"thumbnailUrl\":\"https:\/\/www.vkpbratislava.sk\/wp-content\/uploads\/2021\/02\/DF1A6213.jpg\",\"articleSection\":[\"Mu\u017ei\"],\"inLanguage\":\"sk-SK\"},{\"@type\":\"WebPage\",\"@id\":\"https:\/\/www.vkpbratislava.sk\/?p=5260\",\"url\":\"https:\/\/www.vkpbratislava.sk\/?p=5260\",\"name\":\"V\u00a0drese VKP kon\u010d\u00ed p\u00e4tica hr\u00e1\u010dov - VK SLOVAN Bratislava\",\"isPartOf\":{\"@id\":\"https:\/\/www.vkpbratislava.sk\/#website\"},\"primaryImageOfPage\":{\"@id\":\"https:\/\/www.vkpbratislava.sk\/?p=5260#primaryimage\"},\"image\":{\"@id\":\"https:\/\/www.vkpbratislava.sk\/?p=5260#primaryimage\"},\"thumbnailUrl\":\"https:\/\/www.vkpbratislava.sk\/wp-content\/uploads\/2021\/02\/DF1A6213.jpg\",\"datePublished\":\"2021-06-01T11:21:56+00:00\",\"dateModified\":\"2021-06-01T11:39:31+00:00\",\"description\":\"Po minuloro\u010dnej sez\u00f3ne v\u00a0extralige klub avizoval, \u017ee pr\u00edde k\u00a0ur\u010dit\u00fdm zmen\u00e1m v\u00a0t\u00edme. Posledn\u00fd m\u00e1jov\u00fd de\u0148 sa VKP dohodol na ukon\u010den\u00ed spolupr\u00e1ce s\u00a0piatimi hr\u00e1\u010dmi, ktor\u00ed u\u017e v nasleduj\u00facej sez\u00f3ne nebud\u00fa oblieka\u0165 dres \\\"policajtov\\\".\",\"breadcrumb\":{\"@id\":\"https:\/\/www.vkpbratislava.sk\/?p=5260#breadcrumb\"},\"inLanguage\":\"sk-SK\",\"potentialAction\":[{\"@type\":\"ReadAction\",\"target\":[\"https:\/\/www.vkpbratislava.sk\/?p=5260\"]}]},{\"@type\":\"ImageObject\",\"inLanguage\":\"sk-SK\",\"@id\":\"https:\/\/www.vkpbratislava.sk\/?p=5260#primaryimage\",\"url\":\"https:\/\/www.vkpbratislava.sk\/wp-content\/uploads\/2021\/02\/DF1A6213.jpg\",\"contentUrl\":\"https:\/\/www.vkpbratislava.sk\/wp-content\/uploads\/2021\/02\/DF1A6213.jpg\",\"width\":2048,\"height\":1365},{\"@type\":\"BreadcrumbList\",\"@id\":\"https:\/\/www.vkpbratislava.sk\/?p=5260#breadcrumb\",\"itemListElement\":[{\"@type\":\"ListItem\",\"position\":1,\"name\":\"Domov\",\"item\":\"https:\/\/www.vkpbratislava.sk\/\"},{\"@type\":\"ListItem\",\"position\":2,\"name\":\"V\u00a0drese VKP kon\u010d\u00ed p\u00e4tica hr\u00e1\u010dov\"}]},{\"@type\":\"WebSite\",\"@id\":\"https:\/\/www.vkpbratislava.sk\/#website\",\"url\":\"https:\/\/www.vkpbratislava.sk\/\",\"name\":\"VK SLOVAN Bratislava\",\"description\":\"Volejbalov\u00fd klub\",\"publisher\":{\"@id\":\"https:\/\/www.vkpbratislava.sk\/#organization\"},\"potentialAction\":[{\"@type\":\"SearchAction\",\"target\":{\"@type\":\"EntryPoint\",\"urlTemplate\":\"https:\/\/www.vkpbratislava.sk\/?s={search_term_string}\"},\"query-input\":{\"@type\":\"PropertyValueSpecification\",\"valueRequired\":true,\"valueName\":\"search_term_string\"}}],\"inLanguage\":\"sk-SK\"},{\"@type\":\"Organization\",\"@id\":\"https:\/\/www.vkpbratislava.sk\/#organization\",\"name\":\"VKP Bratislava\",\"url\":\"https:\/\/www.vkpbratislava.sk\/\",\"logo\":{\"@type\":\"ImageObject\",\"inLanguage\":\"sk-SK\",\"@id\":\"https:\/\/www.vkpbratislava.sk\/#\/schema\/logo\/image\/\",\"url\":\"https:\/\/www.vkpbratislava.sk\/wp-content\/uploads\/2020\/10\/vkpBA.png\",\"contentUrl\":\"https:\/\/www.vkpbratislava.sk\/wp-content\/uploads\/2020\/10\/vkpBA.png\",\"width\":600,\"height\":600,\"caption\":\"VKP Bratislava\"},\"image\":{\"@id\":\"https:\/\/www.vkpbratislava.sk\/#\/schema\/logo\/image\/\"}},{\"@type\":\"Person\",\"@id\":\"https:\/\/www.vkpbratislava.sk\/#\/schema\/person\/7037e769f9515aa58493d1b5852c4c50\",\"name\":\"jenca\",\"image\":{\"@type\":\"ImageObject\",\"inLanguage\":\"sk-SK\",\"@id\":\"https:\/\/www.vkpbratislava.sk\/#\/schema\/person\/image\/\",\"url\":\"https:\/\/secure.gravatar.com\/avatar\/67aa89e9aab2911bbd0c6fbf0a891ea8d80c207c9b6a6e2c96e13fc2f16e536d?s=96&d=mm&r=g\",\"contentUrl\":\"https:\/\/secure.gravatar.com\/avatar\/67aa89e9aab2911bbd0c6fbf0a891ea8d80c207c9b6a6e2c96e13fc2f16e536d?s=96&d=mm&r=g\",\"caption\":\"jenca\"},\"url\":\"https:\/\/www.vkpbratislava.sk\/?author=3\"}]}<\/script>\n<!-- \/ Yoast SEO plugin. -->","yoast_head_json":{"title":"V\u00a0drese VKP kon\u010d\u00ed p\u00e4tica hr\u00e1\u010dov - VK SLOVAN Bratislava","description":"Po minuloro\u010dnej sez\u00f3ne v\u00a0extralige klub avizoval, \u017ee pr\u00edde k\u00a0ur\u010dit\u00fdm zmen\u00e1m v\u00a0t\u00edme. Posledn\u00fd m\u00e1jov\u00fd de\u0148 sa VKP dohodol na ukon\u010den\u00ed spolupr\u00e1ce s\u00a0piatimi hr\u00e1\u010dmi, ktor\u00ed u\u017e v nasleduj\u00facej sez\u00f3ne nebud\u00fa oblieka\u0165 dres \"policajtov\".","robots":{"index":"index","follow":"follow","max-snippet":"max-snippet:-1","max-image-preview":"max-image-preview:large","max-video-preview":"max-video-preview:-1"},"canonical":"https:\/\/www.vkpbratislava.sk\/?p=5260","og_locale":"sk_SK","og_type":"article","og_title":"V\u00a0drese VKP kon\u010d\u00ed p\u00e4tica hr\u00e1\u010dov - VK SLOVAN Bratislava","og_description":"Po minuloro\u010dnej sez\u00f3ne v\u00a0extralige klub avizoval, \u017ee pr\u00edde k\u00a0ur\u010dit\u00fdm zmen\u00e1m v\u00a0t\u00edme. Posledn\u00fd m\u00e1jov\u00fd de\u0148 sa VKP dohodol na ukon\u010den\u00ed spolupr\u00e1ce s\u00a0piatimi hr\u00e1\u010dmi, ktor\u00ed u\u017e v nasleduj\u00facej sez\u00f3ne nebud\u00fa oblieka\u0165 dres \"policajtov\".","og_url":"https:\/\/www.vkpbratislava.sk\/?p=5260","og_site_name":"VK SLOVAN Bratislava","article_published_time":"2021-06-01T11:21:56+00:00","article_modified_time":"2021-06-01T11:39:31+00:00","og_image":[{"width":2048,"height":1365,"url":"https:\/\/www.vkpbratislava.sk\/wp-content\/uploads\/2021\/02\/DF1A6213.jpg","type":"image\/jpeg"}],"author":"jenca","twitter_card":"summary_large_image","twitter_misc":{"Autor":"jenca","Predpokladan\u00fd \u010das \u010d\u00edtania":"3 min\u00faty"},"schema":{"@context":"https:\/\/schema.org","@graph":[{"@type":"Article","@id":"https:\/\/www.vkpbratislava.sk\/?p=5260#article","isPartOf":{"@id":"https:\/\/www.vkpbratislava.sk\/?p=5260"},"author":{"name":"jenca","@id":"https:\/\/www.vkpbratislava.sk\/#\/schema\/person\/7037e769f9515aa58493d1b5852c4c50"},"headline":"V\u00a0drese VKP kon\u010d\u00ed p\u00e4tica hr\u00e1\u010dov","datePublished":"2021-06-01T11:21:56+00:00","dateModified":"2021-06-01T11:39:31+00:00","mainEntityOfPage":{"@id":"https:\/\/www.vkpbratislava.sk\/?p=5260"},"wordCount":859,"publisher":{"@id":"https:\/\/www.vkpbratislava.sk\/#organization"},"image":{"@id":"https:\/\/www.vkpbratislava.sk\/?p=5260#primaryimage"},"thumbnailUrl":"https:\/\/www.vkpbratislava.sk\/wp-content\/uploads\/2021\/02\/DF1A6213.jpg","articleSection":["Mu\u017ei"],"inLanguage":"sk-SK"},{"@type":"WebPage","@id":"https:\/\/www.vkpbratislava.sk\/?p=5260","url":"https:\/\/www.vkpbratislava.sk\/?p=5260","name":"V\u00a0drese VKP kon\u010d\u00ed p\u00e4tica hr\u00e1\u010dov - VK SLOVAN Bratislava","isPartOf":{"@id":"https:\/\/www.vkpbratislava.sk\/#website"},"primaryImageOfPage":{"@id":"https:\/\/www.vkpbratislava.sk\/?p=5260#primaryimage"},"image":{"@id":"https:\/\/www.vkpbratislava.sk\/?p=5260#primaryimage"},"thumbnailUrl":"https:\/\/www.vkpbratislava.sk\/wp-content\/uploads\/2021\/02\/DF1A6213.jpg","datePublished":"2021-06-01T11:21:56+00:00","dateModified":"2021-06-01T11:39:31+00:00","description":"Po minuloro\u010dnej sez\u00f3ne v\u00a0extralige klub avizoval, \u017ee pr\u00edde k\u00a0ur\u010dit\u00fdm zmen\u00e1m v\u00a0t\u00edme. Posledn\u00fd m\u00e1jov\u00fd de\u0148 sa VKP dohodol na ukon\u010den\u00ed spolupr\u00e1ce s\u00a0piatimi hr\u00e1\u010dmi, ktor\u00ed u\u017e v nasleduj\u00facej sez\u00f3ne nebud\u00fa oblieka\u0165 dres \"policajtov\".","breadcrumb":{"@id":"https:\/\/www.vkpbratislava.sk\/?p=5260#breadcrumb"},"inLanguage":"sk-SK","potentialAction":[{"@type":"ReadAction","target":["https:\/\/www.vkpbratislava.sk\/?p=5260"]}]},{"@type":"ImageObject","inLanguage":"sk-SK","@id":"https:\/\/www.vkpbratislava.sk\/?p=5260#primaryimage","url":"https:\/\/www.vkpbratislava.sk\/wp-content\/uploads\/2021\/02\/DF1A6213.jpg","contentUrl":"https:\/\/www.vkpbratislava.sk\/wp-content\/uploads\/2021\/02\/DF1A6213.jpg","width":2048,"height":1365},{"@type":"BreadcrumbList","@id":"https:\/\/www.vkpbratislava.sk\/?p=5260#breadcrumb","itemListElement":[{"@type":"ListItem","position":1,"name":"Domov","item":"https:\/\/www.vkpbratislava.sk\/"},{"@type":"ListItem","position":2,"name":"V\u00a0drese VKP kon\u010d\u00ed p\u00e4tica hr\u00e1\u010dov"}]},{"@type":"WebSite","@id":"https:\/\/www.vkpbratislava.sk\/#website","url":"https:\/\/www.vkpbratislava.sk\/","name":"VK SLOVAN Bratislava","description":"Volejbalov\u00fd klub","publisher":{"@id":"https:\/\/www.vkpbratislava.sk\/#organization"},"potentialAction":[{"@type":"SearchAction","target":{"@type":"EntryPoint","urlTemplate":"https:\/\/www.vkpbratislava.sk\/?s={search_term_string}"},"query-input":{"@type":"PropertyValueSpecification","valueRequired":true,"valueName":"search_term_string"}}],"inLanguage":"sk-SK"},{"@type":"Organization","@id":"https:\/\/www.vkpbratislava.sk\/#organization","name":"VKP Bratislava","url":"https:\/\/www.vkpbratislava.sk\/","logo":{"@type":"ImageObject","inLanguage":"sk-SK","@id":"https:\/\/www.vkpbratislava.sk\/#\/schema\/logo\/image\/","url":"https:\/\/www.vkpbratislava.sk\/wp-content\/uploads\/2020\/10\/vkpBA.png","contentUrl":"https:\/\/www.vkpbratislava.sk\/wp-content\/uploads\/2020\/10\/vkpBA.png","width":600,"height":600,"caption":"VKP Bratislava"},"image":{"@id":"https:\/\/www.vkpbratislava.sk\/#\/schema\/logo\/image\/"}},{"@type":"Person","@id":"https:\/\/www.vkpbratislava.sk\/#\/schema\/person\/7037e769f9515aa58493d1b5852c4c50","name":"jenca","image":{"@type":"ImageObject","inLanguage":"sk-SK","@id":"https:\/\/www.vkpbratislava.sk\/#\/schema\/person\/image\/","url":"https:\/\/secure.gravatar.com\/avatar\/67aa89e9aab2911bbd0c6fbf0a891ea8d80c207c9b6a6e2c96e13fc2f16e536d?s=96&d=mm&r=g","contentUrl":"https:\/\/secure.gravatar.com\/avatar\/67aa89e9aab2911bbd0c6fbf0a891ea8d80c207c9b6a6e2c96e13fc2f16e536d?s=96&d=mm&r=g","caption":"jenca"},"url":"https:\/\/www.vkpbratislava.sk\/?author=3"}]}},"_links":{"self":[{"href":"https:\/\/www.vkpbratislava.sk\/index.php?rest_route=\/wp\/v2\/posts\/5260","targetHints":{"allow":["GET"]}}],"collection":[{"href":"https:\/\/www.vkpbratislava.sk\/index.php?rest_route=\/wp\/v2\/posts"}],"about":[{"href":"https:\/\/www.vkpbratislava.sk\/index.php?rest_route=\/wp\/v2\/types\/post"}],"author":[{"embeddable":true,"href":"https:\/\/www.vkpbratislava.sk\/index.php?rest_route=\/wp\/v2\/users\/3"}],"replies":[{"embeddable":true,"href":"https:\/\/www.vkpbratislava.sk\/index.php?rest_route=%2Fwp%2Fv2%2Fcomments&post=5260"}],"version-history":[{"count":5,"href":"https:\/\/www.vkpbratislava.sk\/index.php?rest_route=\/wp\/v2\/posts\/5260\/revisions"}],"predecessor-version":[{"id":5265,"href":"https:\/\/www.vkpbratislava.sk\/index.php?rest_route=\/wp\/v2\/posts\/5260\/revisions\/5265"}],"wp:featuredmedia":[{"embeddable":true,"href":"https:\/\/www.vkpbratislava.sk\/index.php?rest_route=\/wp\/v2\/media\/4357"}],"wp:attachment":[{"href":"https:\/\/www.vkpbratislava.sk\/index.php?rest_route=%2Fwp%2Fv2%2Fmedia&parent=5260"}],"wp:term":[{"taxonomy":"category","embeddable":true,"href":"https:\/\/www.vkpbratislava.sk\/index.php?rest_route=%2Fwp%2Fv2%2Fcategories&post=5260"},{"taxonomy":"post_tag","embeddable":true,"href":"https:\/\/www.vkpbratislava.sk\/index.php?rest_route=%2Fwp%2Fv2%2Ftags&post=5260"}],"curies":[{"name":"wp","href":"https:\/\/api.w.org\/{rel}","templated":true}]}}