{"id":52824,"date":"2026-03-28T11:20:02","date_gmt":"2026-03-28T10:20:02","guid":{"rendered":"https:\/\/www.vkpbratislava.sk\/?p=52824"},"modified":"2026-04-03T11:24:01","modified_gmt":"2026-04-03T09:24:01","slug":"belasi-ovladli-prve-stvrtfinale","status":"publish","type":"post","link":"https:\/\/www.vkpbratislava.sk\/?p=52824","title":{"rendered":"Belas\u00ed ovl\u00e1dli prv\u00e9 \u0161tvr\u0165fin\u00e1le"},"content":{"rendered":"<p>\u00davodn\u00fd \u0161tvr\u0165fin\u00e1lov\u00fd s\u00faboj medzi Slovanom a Trnavou sa pre obsadenos\u0165 bratislavskej haly kult\u00farnym podujat\u00edm odohral na palubovke Hit UCM Trnava. Slovanisti v\u0161ak nenechali ni\u010d na n\u00e1hodu, od \u00favodu dr\u017eali z\u00e1pas vo svojich ruk\u00e1ch a rolu favorita potvrdili jasn\u00fdm v\u00ed\u0165azstvom 3:0 na sety.<\/p>\n<p>Z\u00e1pas zhodnotil Rastislav Fil\u00edpek, tr\u00e9ner Hit MTF: <strong>\u201eHrali sme dobre v\u017edy iba do polovice setu. Prostredn\u00e1 pas\u00e1\u017e n\u00e1m \u00faplne utiekla, \u010di u\u017e na\u0161\u00edm vlastn\u00fdm pri\u010dinen\u00edm, alebo kvalitou s\u00fapera. M\u00e1me e\u0161te jednu mo\u017enos\u0165 a mus\u00edme sa posna\u017ei\u0165 o tro\u0161ku viac.\u201c<\/strong><\/p>\n<p><strong>\u201eSom r\u00e1d, \u017ee sme vyhrali 3:0. Z\u00e1pas bol z na\u0161ej strany vla\u017enej\u0161\u00ed, v hlav\u00e1ch mali hr\u00e1\u010di to, \u017ee Trnava e\u0161te nevyhrala z\u00e1pas. S v\u00fdkonom som a aj nie som spokojn\u00fd. M\u00e1me to za nami, nemus\u00edme sa k tomu vraca\u0165,\u201c<\/strong> dodal Robin P\u011blucha, tr\u00e9ner VK Slovan.<\/p>\n<p>&nbsp;<\/p>\n<p><img loading=\"lazy\" decoding=\"async\" class=\"alignnone size-full wp-image-52825\" src=\"https:\/\/www.vkpbratislava.sk\/wp-content\/uploads\/2026\/04\/IMG-20260328-WA0002.jpg\" alt=\"\" width=\"1530\" height=\"2040\" srcset=\"https:\/\/www.vkpbratislava.sk\/wp-content\/uploads\/2026\/04\/IMG-20260328-WA0002.jpg 1530w, https:\/\/www.vkpbratislava.sk\/wp-content\/uploads\/2026\/04\/IMG-20260328-WA0002-640x853.jpg 640w, https:\/\/www.vkpbratislava.sk\/wp-content\/uploads\/2026\/04\/IMG-20260328-WA0002-1280x1707.jpg 1280w, https:\/\/www.vkpbratislava.sk\/wp-content\/uploads\/2026\/04\/IMG-20260328-WA0002-768x1024.jpg 768w, https:\/\/www.vkpbratislava.sk\/wp-content\/uploads\/2026\/04\/IMG-20260328-WA0002-1152x1536.jpg 1152w, https:\/\/www.vkpbratislava.sk\/wp-content\/uploads\/2026\/04\/IMG-20260328-WA0002-320x427.jpg 320w, https:\/\/www.vkpbratislava.sk\/wp-content\/uploads\/2026\/04\/IMG-20260328-WA0002-600x800.jpg 600w\" sizes=\"auto, (max-width: 1530px) 100vw, 1530px\" \/><\/p>\n<p>&nbsp;<\/p>\n<p><strong>Nik\u00e9 Extraliga mu\u017ei \u2013 \u0161tvr\u0165fin\u00e1le \u2013 1. z\u00e1pas \u2013 sobota:<\/strong><\/p>\n<p><strong>Hit MTF Trnava &#8211; VK Slovan Bratislava 0:3 (-15, -19, -17) \u2013 0:1 na z\u00e1pasy<\/strong><\/p>\n<p><strong>Hr\u00e1\u010d z\u00e1pasu:<\/strong> Martin U\u010de\u0148 (VK Slovan Bratislava)<\/p>\n<p><strong>HIT MTF: <\/strong>Barbas 4, Fekete 4, T\u00f6k\u00f6ly 3, Galba 12, Ne\u0161tick\u00fd 6, D. Str\u00ed\u017e 3, libero Martinkovi\u010d (Michalec 0, Ni\u017e\u0148an 0, Kintler 0). Tr\u00e9ner: R. Fil\u00edpek.<\/p>\n<p><strong>VK SLOVAN: <\/strong>Billich 8, Belas 3, Truba\u010d 7, \u0160ellong 8, Mlynar\u010d\u00edk 3, Kri\u0161ko 15, libero Pat\u00fac (V\u00edglask\u00fd 2, U\u010de\u0148 5). Tr\u00e9ner: R. P\u011blucha.<\/p>\n<p><strong>Rozhodovali:<\/strong> Dovi\u010dovi\u010d a Jur\u00e1\u010dek \u2013 76 div\u00e1kov.<\/p>\n<p>&nbsp;<\/p>\n<p>Zdroj: VK Slovan, svf<\/p>\n","protected":false},"excerpt":{"rendered":"<p>\u00davodn\u00fd \u0161tvr\u0165fin\u00e1lov\u00fd s\u00faboj medzi Slovanom a Trnavou sa pre obsadenos\u0165 bratislavskej haly kult\u00farnym podujat\u00edm odohral na palubovke Hit UCM Trnava. Slovanisti v\u0161ak nenechali ni\u010d na n\u00e1hodu, od \u00favodu dr\u017eali z\u00e1pas vo svojich ruk\u00e1ch a rolu favorita potvrdili jasn\u00fdm v\u00ed\u0165azstvom 3:0 na sety. Z\u00e1pas zhodnotil Rastislav Fil\u00edpek, tr\u00e9ner Hit MTF: \u201eHrali sme dobre v\u017edy iba do&#8230;<\/p>\n","protected":false},"author":3,"featured_media":52672,"comment_status":"closed","ping_status":"closed","sticky":false,"template":"","format":"standard","meta":{"_monsterinsights_skip_tracking":false,"_monsterinsights_sitenote_active":false,"_monsterinsights_sitenote_note":"","_monsterinsights_sitenote_category":0,"footnotes":""},"categories":[47],"tags":[],"class_list":["post-52824","post","type-post","status-publish","format-standard","has-post-thumbnail","hentry","category-muzi"],"yoast_head":"<!-- This site is optimized with the Yoast SEO plugin v25.6 - https:\/\/yoast.com\/wordpress\/plugins\/seo\/ -->\n<title>Belas\u00ed ovl\u00e1dli prv\u00e9 \u0161tvr\u0165fin\u00e1le - VK SLOVAN Bratislava<\/title>\n<meta name=\"robots\" content=\"index, follow, max-snippet:-1, max-image-preview:large, max-video-preview:-1\" \/>\n<link rel=\"canonical\" href=\"https:\/\/www.vkpbratislava.sk\/?p=52824\" \/>\n<meta property=\"og:locale\" content=\"sk_SK\" \/>\n<meta property=\"og:type\" content=\"article\" \/>\n<meta property=\"og:title\" content=\"Belas\u00ed ovl\u00e1dli prv\u00e9 \u0161tvr\u0165fin\u00e1le - VK SLOVAN Bratislava\" \/>\n<meta property=\"og:description\" content=\"\u00davodn\u00fd \u0161tvr\u0165fin\u00e1lov\u00fd s\u00faboj medzi Slovanom a Trnavou sa pre obsadenos\u0165 bratislavskej haly kult\u00farnym podujat\u00edm odohral na palubovke Hit UCM Trnava. Slovanisti v\u0161ak nenechali ni\u010d na n\u00e1hodu, od \u00favodu dr\u017eali z\u00e1pas vo svojich ruk\u00e1ch a rolu favorita potvrdili jasn\u00fdm v\u00ed\u0165azstvom 3:0 na sety. Z\u00e1pas zhodnotil Rastislav Fil\u00edpek, tr\u00e9ner Hit MTF: \u201eHrali sme dobre v\u017edy iba do...\" \/>\n<meta property=\"og:url\" content=\"https:\/\/www.vkpbratislava.sk\/?p=52824\" \/>\n<meta property=\"og:site_name\" content=\"VK SLOVAN Bratislava\" \/>\n<meta property=\"article:published_time\" content=\"2026-03-28T10:20:02+00:00\" \/>\n<meta property=\"article:modified_time\" content=\"2026-04-03T09:24:01+00:00\" \/>\n<meta property=\"og:image\" content=\"https:\/\/www.vkpbratislava.sk\/wp-content\/uploads\/2026\/03\/MS_20260328_ELSlovanvsTrnava-54-1280x853.jpg\" \/>\n\t<meta property=\"og:image:width\" content=\"1280\" \/>\n\t<meta property=\"og:image:height\" content=\"853\" \/>\n\t<meta property=\"og:image:type\" content=\"image\/jpeg\" \/>\n<meta name=\"author\" content=\"jenca\" \/>\n<meta name=\"twitter:card\" content=\"summary_large_image\" \/>\n<meta name=\"twitter:label1\" content=\"Autor\" \/>\n\t<meta name=\"twitter:data1\" content=\"jenca\" \/>\n\t<meta name=\"twitter:label2\" content=\"Predpokladan\u00fd \u010das \u010d\u00edtania\" \/>\n\t<meta name=\"twitter:data2\" content=\"1 min\u00fata\" \/>\n<script type=\"application\/ld+json\" class=\"yoast-schema-graph\">{\"@context\":\"https:\/\/schema.org\",\"@graph\":[{\"@type\":\"Article\",\"@id\":\"https:\/\/www.vkpbratislava.sk\/?p=52824#article\",\"isPartOf\":{\"@id\":\"https:\/\/www.vkpbratislava.sk\/?p=52824\"},\"author\":{\"name\":\"jenca\",\"@id\":\"https:\/\/www.vkpbratislava.sk\/#\/schema\/person\/7037e769f9515aa58493d1b5852c4c50\"},\"headline\":\"Belas\u00ed ovl\u00e1dli prv\u00e9 \u0161tvr\u0165fin\u00e1le\",\"datePublished\":\"2026-03-28T10:20:02+00:00\",\"dateModified\":\"2026-04-03T09:24:01+00:00\",\"mainEntityOfPage\":{\"@id\":\"https:\/\/www.vkpbratislava.sk\/?p=52824\"},\"wordCount\":264,\"publisher\":{\"@id\":\"https:\/\/www.vkpbratislava.sk\/#organization\"},\"image\":{\"@id\":\"https:\/\/www.vkpbratislava.sk\/?p=52824#primaryimage\"},\"thumbnailUrl\":\"https:\/\/www.vkpbratislava.sk\/wp-content\/uploads\/2026\/03\/MS_20260328_ELSlovanvsTrnava-54.jpg\",\"articleSection\":[\"Mu\u017ei\"],\"inLanguage\":\"sk-SK\"},{\"@type\":\"WebPage\",\"@id\":\"https:\/\/www.vkpbratislava.sk\/?p=52824\",\"url\":\"https:\/\/www.vkpbratislava.sk\/?p=52824\",\"name\":\"Belas\u00ed ovl\u00e1dli prv\u00e9 \u0161tvr\u0165fin\u00e1le - VK SLOVAN Bratislava\",\"isPartOf\":{\"@id\":\"https:\/\/www.vkpbratislava.sk\/#website\"},\"primaryImageOfPage\":{\"@id\":\"https:\/\/www.vkpbratislava.sk\/?p=52824#primaryimage\"},\"image\":{\"@id\":\"https:\/\/www.vkpbratislava.sk\/?p=52824#primaryimage\"},\"thumbnailUrl\":\"https:\/\/www.vkpbratislava.sk\/wp-content\/uploads\/2026\/03\/MS_20260328_ELSlovanvsTrnava-54.jpg\",\"datePublished\":\"2026-03-28T10:20:02+00:00\",\"dateModified\":\"2026-04-03T09:24:01+00:00\",\"breadcrumb\":{\"@id\":\"https:\/\/www.vkpbratislava.sk\/?p=52824#breadcrumb\"},\"inLanguage\":\"sk-SK\",\"potentialAction\":[{\"@type\":\"ReadAction\",\"target\":[\"https:\/\/www.vkpbratislava.sk\/?p=52824\"]}]},{\"@type\":\"ImageObject\",\"inLanguage\":\"sk-SK\",\"@id\":\"https:\/\/www.vkpbratislava.sk\/?p=52824#primaryimage\",\"url\":\"https:\/\/www.vkpbratislava.sk\/wp-content\/uploads\/2026\/03\/MS_20260328_ELSlovanvsTrnava-54.jpg\",\"contentUrl\":\"https:\/\/www.vkpbratislava.sk\/wp-content\/uploads\/2026\/03\/MS_20260328_ELSlovanvsTrnava-54.jpg\",\"width\":2048,\"height\":1365},{\"@type\":\"BreadcrumbList\",\"@id\":\"https:\/\/www.vkpbratislava.sk\/?p=52824#breadcrumb\",\"itemListElement\":[{\"@type\":\"ListItem\",\"position\":1,\"name\":\"Domov\",\"item\":\"https:\/\/www.vkpbratislava.sk\/\"},{\"@type\":\"ListItem\",\"position\":2,\"name\":\"Belas\u00ed ovl\u00e1dli prv\u00e9 \u0161tvr\u0165fin\u00e1le\"}]},{\"@type\":\"WebSite\",\"@id\":\"https:\/\/www.vkpbratislava.sk\/#website\",\"url\":\"https:\/\/www.vkpbratislava.sk\/\",\"name\":\"VK SLOVAN Bratislava\",\"description\":\"Volejbalov\u00fd klub\",\"publisher\":{\"@id\":\"https:\/\/www.vkpbratislava.sk\/#organization\"},\"potentialAction\":[{\"@type\":\"SearchAction\",\"target\":{\"@type\":\"EntryPoint\",\"urlTemplate\":\"https:\/\/www.vkpbratislava.sk\/?s={search_term_string}\"},\"query-input\":{\"@type\":\"PropertyValueSpecification\",\"valueRequired\":true,\"valueName\":\"search_term_string\"}}],\"inLanguage\":\"sk-SK\"},{\"@type\":\"Organization\",\"@id\":\"https:\/\/www.vkpbratislava.sk\/#organization\",\"name\":\"VKP Bratislava\",\"url\":\"https:\/\/www.vkpbratislava.sk\/\",\"logo\":{\"@type\":\"ImageObject\",\"inLanguage\":\"sk-SK\",\"@id\":\"https:\/\/www.vkpbratislava.sk\/#\/schema\/logo\/image\/\",\"url\":\"https:\/\/www.vkpbratislava.sk\/wp-content\/uploads\/2020\/10\/vkpBA.png\",\"contentUrl\":\"https:\/\/www.vkpbratislava.sk\/wp-content\/uploads\/2020\/10\/vkpBA.png\",\"width\":600,\"height\":600,\"caption\":\"VKP Bratislava\"},\"image\":{\"@id\":\"https:\/\/www.vkpbratislava.sk\/#\/schema\/logo\/image\/\"}},{\"@type\":\"Person\",\"@id\":\"https:\/\/www.vkpbratislava.sk\/#\/schema\/person\/7037e769f9515aa58493d1b5852c4c50\",\"name\":\"jenca\",\"image\":{\"@type\":\"ImageObject\",\"inLanguage\":\"sk-SK\",\"@id\":\"https:\/\/www.vkpbratislava.sk\/#\/schema\/person\/image\/\",\"url\":\"https:\/\/secure.gravatar.com\/avatar\/67aa89e9aab2911bbd0c6fbf0a891ea8d80c207c9b6a6e2c96e13fc2f16e536d?s=96&d=mm&r=g\",\"contentUrl\":\"https:\/\/secure.gravatar.com\/avatar\/67aa89e9aab2911bbd0c6fbf0a891ea8d80c207c9b6a6e2c96e13fc2f16e536d?s=96&d=mm&r=g\",\"caption\":\"jenca\"},\"url\":\"https:\/\/www.vkpbratislava.sk\/?author=3\"}]}<\/script>\n<!-- \/ Yoast SEO plugin. -->","yoast_head_json":{"title":"Belas\u00ed ovl\u00e1dli prv\u00e9 \u0161tvr\u0165fin\u00e1le - VK SLOVAN Bratislava","robots":{"index":"index","follow":"follow","max-snippet":"max-snippet:-1","max-image-preview":"max-image-preview:large","max-video-preview":"max-video-preview:-1"},"canonical":"https:\/\/www.vkpbratislava.sk\/?p=52824","og_locale":"sk_SK","og_type":"article","og_title":"Belas\u00ed ovl\u00e1dli prv\u00e9 \u0161tvr\u0165fin\u00e1le - VK SLOVAN Bratislava","og_description":"\u00davodn\u00fd \u0161tvr\u0165fin\u00e1lov\u00fd s\u00faboj medzi Slovanom a Trnavou sa pre obsadenos\u0165 bratislavskej haly kult\u00farnym podujat\u00edm odohral na palubovke Hit UCM Trnava. Slovanisti v\u0161ak nenechali ni\u010d na n\u00e1hodu, od \u00favodu dr\u017eali z\u00e1pas vo svojich ruk\u00e1ch a rolu favorita potvrdili jasn\u00fdm v\u00ed\u0165azstvom 3:0 na sety. Z\u00e1pas zhodnotil Rastislav Fil\u00edpek, tr\u00e9ner Hit MTF: \u201eHrali sme dobre v\u017edy iba do...","og_url":"https:\/\/www.vkpbratislava.sk\/?p=52824","og_site_name":"VK SLOVAN Bratislava","article_published_time":"2026-03-28T10:20:02+00:00","article_modified_time":"2026-04-03T09:24:01+00:00","og_image":[{"width":1280,"height":853,"url":"https:\/\/www.vkpbratislava.sk\/wp-content\/uploads\/2026\/03\/MS_20260328_ELSlovanvsTrnava-54-1280x853.jpg","type":"image\/jpeg"}],"author":"jenca","twitter_card":"summary_large_image","twitter_misc":{"Autor":"jenca","Predpokladan\u00fd \u010das \u010d\u00edtania":"1 min\u00fata"},"schema":{"@context":"https:\/\/schema.org","@graph":[{"@type":"Article","@id":"https:\/\/www.vkpbratislava.sk\/?p=52824#article","isPartOf":{"@id":"https:\/\/www.vkpbratislava.sk\/?p=52824"},"author":{"name":"jenca","@id":"https:\/\/www.vkpbratislava.sk\/#\/schema\/person\/7037e769f9515aa58493d1b5852c4c50"},"headline":"Belas\u00ed ovl\u00e1dli prv\u00e9 \u0161tvr\u0165fin\u00e1le","datePublished":"2026-03-28T10:20:02+00:00","dateModified":"2026-04-03T09:24:01+00:00","mainEntityOfPage":{"@id":"https:\/\/www.vkpbratislava.sk\/?p=52824"},"wordCount":264,"publisher":{"@id":"https:\/\/www.vkpbratislava.sk\/#organization"},"image":{"@id":"https:\/\/www.vkpbratislava.sk\/?p=52824#primaryimage"},"thumbnailUrl":"https:\/\/www.vkpbratislava.sk\/wp-content\/uploads\/2026\/03\/MS_20260328_ELSlovanvsTrnava-54.jpg","articleSection":["Mu\u017ei"],"inLanguage":"sk-SK"},{"@type":"WebPage","@id":"https:\/\/www.vkpbratislava.sk\/?p=52824","url":"https:\/\/www.vkpbratislava.sk\/?p=52824","name":"Belas\u00ed ovl\u00e1dli prv\u00e9 \u0161tvr\u0165fin\u00e1le - VK SLOVAN Bratislava","isPartOf":{"@id":"https:\/\/www.vkpbratislava.sk\/#website"},"primaryImageOfPage":{"@id":"https:\/\/www.vkpbratislava.sk\/?p=52824#primaryimage"},"image":{"@id":"https:\/\/www.vkpbratislava.sk\/?p=52824#primaryimage"},"thumbnailUrl":"https:\/\/www.vkpbratislava.sk\/wp-content\/uploads\/2026\/03\/MS_20260328_ELSlovanvsTrnava-54.jpg","datePublished":"2026-03-28T10:20:02+00:00","dateModified":"2026-04-03T09:24:01+00:00","breadcrumb":{"@id":"https:\/\/www.vkpbratislava.sk\/?p=52824#breadcrumb"},"inLanguage":"sk-SK","potentialAction":[{"@type":"ReadAction","target":["https:\/\/www.vkpbratislava.sk\/?p=52824"]}]},{"@type":"ImageObject","inLanguage":"sk-SK","@id":"https:\/\/www.vkpbratislava.sk\/?p=52824#primaryimage","url":"https:\/\/www.vkpbratislava.sk\/wp-content\/uploads\/2026\/03\/MS_20260328_ELSlovanvsTrnava-54.jpg","contentUrl":"https:\/\/www.vkpbratislava.sk\/wp-content\/uploads\/2026\/03\/MS_20260328_ELSlovanvsTrnava-54.jpg","width":2048,"height":1365},{"@type":"BreadcrumbList","@id":"https:\/\/www.vkpbratislava.sk\/?p=52824#breadcrumb","itemListElement":[{"@type":"ListItem","position":1,"name":"Domov","item":"https:\/\/www.vkpbratislava.sk\/"},{"@type":"ListItem","position":2,"name":"Belas\u00ed ovl\u00e1dli prv\u00e9 \u0161tvr\u0165fin\u00e1le"}]},{"@type":"WebSite","@id":"https:\/\/www.vkpbratislava.sk\/#website","url":"https:\/\/www.vkpbratislava.sk\/","name":"VK SLOVAN Bratislava","description":"Volejbalov\u00fd klub","publisher":{"@id":"https:\/\/www.vkpbratislava.sk\/#organization"},"potentialAction":[{"@type":"SearchAction","target":{"@type":"EntryPoint","urlTemplate":"https:\/\/www.vkpbratislava.sk\/?s={search_term_string}"},"query-input":{"@type":"PropertyValueSpecification","valueRequired":true,"valueName":"search_term_string"}}],"inLanguage":"sk-SK"},{"@type":"Organization","@id":"https:\/\/www.vkpbratislava.sk\/#organization","name":"VKP Bratislava","url":"https:\/\/www.vkpbratislava.sk\/","logo":{"@type":"ImageObject","inLanguage":"sk-SK","@id":"https:\/\/www.vkpbratislava.sk\/#\/schema\/logo\/image\/","url":"https:\/\/www.vkpbratislava.sk\/wp-content\/uploads\/2020\/10\/vkpBA.png","contentUrl":"https:\/\/www.vkpbratislava.sk\/wp-content\/uploads\/2020\/10\/vkpBA.png","width":600,"height":600,"caption":"VKP Bratislava"},"image":{"@id":"https:\/\/www.vkpbratislava.sk\/#\/schema\/logo\/image\/"}},{"@type":"Person","@id":"https:\/\/www.vkpbratislava.sk\/#\/schema\/person\/7037e769f9515aa58493d1b5852c4c50","name":"jenca","image":{"@type":"ImageObject","inLanguage":"sk-SK","@id":"https:\/\/www.vkpbratislava.sk\/#\/schema\/person\/image\/","url":"https:\/\/secure.gravatar.com\/avatar\/67aa89e9aab2911bbd0c6fbf0a891ea8d80c207c9b6a6e2c96e13fc2f16e536d?s=96&d=mm&r=g","contentUrl":"https:\/\/secure.gravatar.com\/avatar\/67aa89e9aab2911bbd0c6fbf0a891ea8d80c207c9b6a6e2c96e13fc2f16e536d?s=96&d=mm&r=g","caption":"jenca"},"url":"https:\/\/www.vkpbratislava.sk\/?author=3"}]}},"_links":{"self":[{"href":"https:\/\/www.vkpbratislava.sk\/index.php?rest_route=\/wp\/v2\/posts\/52824","targetHints":{"allow":["GET"]}}],"collection":[{"href":"https:\/\/www.vkpbratislava.sk\/index.php?rest_route=\/wp\/v2\/posts"}],"about":[{"href":"https:\/\/www.vkpbratislava.sk\/index.php?rest_route=\/wp\/v2\/types\/post"}],"author":[{"embeddable":true,"href":"https:\/\/www.vkpbratislava.sk\/index.php?rest_route=\/wp\/v2\/users\/3"}],"replies":[{"embeddable":true,"href":"https:\/\/www.vkpbratislava.sk\/index.php?rest_route=%2Fwp%2Fv2%2Fcomments&post=52824"}],"version-history":[{"count":1,"href":"https:\/\/www.vkpbratislava.sk\/index.php?rest_route=\/wp\/v2\/posts\/52824\/revisions"}],"predecessor-version":[{"id":52826,"href":"https:\/\/www.vkpbratislava.sk\/index.php?rest_route=\/wp\/v2\/posts\/52824\/revisions\/52826"}],"wp:featuredmedia":[{"embeddable":true,"href":"https:\/\/www.vkpbratislava.sk\/index.php?rest_route=\/wp\/v2\/media\/52672"}],"wp:attachment":[{"href":"https:\/\/www.vkpbratislava.sk\/index.php?rest_route=%2Fwp%2Fv2%2Fmedia&parent=52824"}],"wp:term":[{"taxonomy":"category","embeddable":true,"href":"https:\/\/www.vkpbratislava.sk\/index.php?rest_route=%2Fwp%2Fv2%2Fcategories&post=52824"},{"taxonomy":"post_tag","embeddable":true,"href":"https:\/\/www.vkpbratislava.sk\/index.php?rest_route=%2Fwp%2Fv2%2Ftags&post=52824"}],"curies":[{"name":"wp","href":"https:\/\/api.w.org\/{rel}","templated":true}]}}