{"id":5322,"date":"2021-06-07T12:00:23","date_gmt":"2021-06-07T10:00:23","guid":{"rendered":"https:\/\/www.vkpbratislava.sk\/?p=5322"},"modified":"2021-06-07T14:02:24","modified_gmt":"2021-06-07T12:02:24","slug":"5322","status":"publish","type":"post","link":"https:\/\/www.vkpbratislava.sk\/?p=5322","title":{"rendered":"\u0160portov\u00fdm riadite\u013eom klubu sa stal Peter Kaln\u00fd"},"content":{"rendered":"<p><strong>Sk\u00fasen\u00fd odborn\u00edk Peter Kaln\u00fd (61) sa po dlh\u00fdch rokoch vracia do VKP Bratislava. Tr\u00e9nersk\u00fa poz\u00edciu teraz vymen\u00ed za mana\u017e\u00e9rsku, ke\u010f bude od novej sez\u00f3ny zast\u00e1va\u0165 poz\u00edciu \u0161portov\u00e9ho riadite\u013ea.<\/strong><\/p>\n<p>Peter Kaln\u00fd naposledy p\u00f4sobil od roku 2016 ako \u0161\u00e9ftr\u00e9ner v\u00a0COP Tren\u010d\u00edn. \u201eVKP je pre m\u0148a n\u00e1vrat &#8211; s\u00a0amb\u00edciami, odhodlan\u00edm, ale s\u00a0ve\u013ekou pokorou. Okolie n\u00e1s bude porovn\u00e1va\u0165 s VKP, ktor\u00e9 bolo v\u00a0minulosti ozaj pojmom. V\u00a0minulosti spolupr\u00e1ca s\u00a0in\u00fdmi klubmi prin\u00e1\u0161alo pozit\u00edvne aj negat\u00edvne energie. Dnes sa mus\u00edme spo\u013eahn\u00fa\u0165 sami na seba. Chceme robi\u0165 zmyslupln\u00e9 postupn\u00e9 kroky a\u00a0v\u00a0Bratislave znovu pril\u00e1ka\u0165 fan\u00fa\u0161ikov a\u00a0hlavne ml\u00e1de\u017e na dobr\u00fd kvalitn\u00fd volejbal,\u201c uviedol Peter Kaln\u00fd.<\/p>\n<p>\u201eSme radi, \u017ee sme n\u00e1\u0161 klub posilnili aj na funkcion\u00e1rskom poli. Peter Kaln\u00fd patr\u00ed medzi najv\u00e4\u010d\u0161\u00edch volejbalov\u00fdch odborn\u00edkov na Slovensku. V\u00a0klube bude ma\u0165 na starosti \u0161portov\u00fa str\u00e1nku od ml\u00e1de\u017ee a\u017e po seniorsk\u00e9 t\u00edmy. Vychoval ve\u013ek\u00e9 mno\u017estvo kvalitn\u00fdch hr\u00e1\u010dov. Som presved\u010den\u00fd, \u017ee jeho sk\u00fasenosti a\u00a0odbornos\u0165 pom\u00f4\u017eu klubu dosahova\u0165 tie najvy\u0161\u0161ie m\u00e9ty,\u201c vyjadril sa gener\u00e1lny mana\u017e\u00e9r VKP Tom\u00e1\u0161 Jen\u010da.<\/p>\n<p>Rod\u00e1k z\u00a0Tren\u010d\u00edna akt\u00edvne hr\u00e1val v\u00a0dorasteneck\u00fdch t\u00edmoch \u010cH Bratislava, po absolvovan\u00ed \u0161t\u00fadia na FTV\u0160 v\u00a0Bratislave robil asistenta tr\u00e9nera v\u00a0Dukle Tren\u010d\u00edn a\u00a0od roku 1985 v\u00a0\u010cH Bratislava. Od sez\u00f3ny 1989\/1990 viedol ako prv\u00fd tr\u00e9ner mu\u017estvo, ktor\u00e9 vo feder\u00e1lnej lige z\u00edskalo bronz. V roku 1993 priviedol VKP Bratislava k historicky prv\u00e9mu slovensk\u00e9mu titulu. O rok nesk\u00f4r sa stal rak\u00faskym majstrom s Donaukraft Viede\u0148. V klubovom volejbale p\u00f4sobil aj v\u00a0Spojen\u00fdch arabsk\u00fdch emir\u00e1toch, Petrocheme Dubov\u00e1, DHL Ostrava, VKP Bratislava, Novom Meste nad V\u00e1hom, VK Ekon\u00f3m SPU Nitra, STU Bratislava, \u0160ach\u0165are Soligorsk v Bielorusku, VC Pavlodar v\u00a0Kazachstane \u010di vo Svidn\u00edku. Majstrom Slovenska bol aj s Dubovou v roku 2001 a s Nov\u00fdm Mestom nad V\u00e1hom v roku 2007. Seniorsk\u00e9 reprezent\u00e1cie viedol na troch ME &#8211; \u010cesko-Slovensko v roku 1993, Slovensko v rokoch 1997 a\u00a02001.<\/p>\n<p>mb, foto: VKP<\/p>\n","protected":false},"excerpt":{"rendered":"<p>Sk\u00fasen\u00fd odborn\u00edk Peter Kaln\u00fd (61) sa po dlh\u00fdch rokoch vracia do VKP Bratislava. Tr\u00e9nersk\u00fa poz\u00edciu teraz vymen\u00ed za mana\u017e\u00e9rsku, ke\u010f bude od novej sez\u00f3ny zast\u00e1va\u0165 poz\u00edciu \u0161portov\u00e9ho riadite\u013ea. Peter Kaln\u00fd naposledy p\u00f4sobil od roku 2016 ako \u0161\u00e9ftr\u00e9ner v\u00a0COP Tren\u010d\u00edn. \u201eVKP je pre m\u0148a n\u00e1vrat &#8211; s\u00a0amb\u00edciami, odhodlan\u00edm, ale s\u00a0ve\u013ekou pokorou. Okolie n\u00e1s bude porovn\u00e1va\u0165 s&#8230;<\/p>\n","protected":false},"author":3,"featured_media":5324,"comment_status":"closed","ping_status":"open","sticky":false,"template":"","format":"standard","meta":{"_monsterinsights_skip_tracking":false,"_monsterinsights_sitenote_active":false,"_monsterinsights_sitenote_note":"","_monsterinsights_sitenote_category":0,"footnotes":""},"categories":[1],"tags":[],"class_list":["post-5322","post","type-post","status-publish","format-standard","has-post-thumbnail","hentry","category-nezaradene"],"yoast_head":"<!-- This site is optimized with the Yoast SEO plugin v25.6 - https:\/\/yoast.com\/wordpress\/plugins\/seo\/ -->\n<title>\u0160portov\u00fdm riadite\u013eom klubu sa stal Peter Kaln\u00fd - VK SLOVAN Bratislava<\/title>\n<meta name=\"description\" content=\"Sk\u00fasen\u00fd odborn\u00edk Peter Kaln\u00fd (61) sa po dlh\u00fdch rokoch vracia do VKP Bratislava. Tr\u00e9nersk\u00fa poz\u00edciu teraz vymen\u00ed za mana\u017e\u00e9rsku, ke\u010f bude od novej sez\u00f3ny zast\u00e1va\u0165 poz\u00edciu \u0161portov\u00e9ho riadite\u013ea.\" \/>\n<meta name=\"robots\" content=\"index, follow, max-snippet:-1, max-image-preview:large, max-video-preview:-1\" \/>\n<link rel=\"canonical\" href=\"https:\/\/www.vkpbratislava.sk\/?p=5322\" \/>\n<meta property=\"og:locale\" content=\"sk_SK\" \/>\n<meta property=\"og:type\" content=\"article\" \/>\n<meta property=\"og:title\" content=\"\u0160portov\u00fdm riadite\u013eom klubu sa stal Peter Kaln\u00fd - VK SLOVAN Bratislava\" \/>\n<meta property=\"og:description\" content=\"Sk\u00fasen\u00fd odborn\u00edk Peter Kaln\u00fd (61) sa po dlh\u00fdch rokoch vracia do VKP Bratislava. Tr\u00e9nersk\u00fa poz\u00edciu teraz vymen\u00ed za mana\u017e\u00e9rsku, ke\u010f bude od novej sez\u00f3ny zast\u00e1va\u0165 poz\u00edciu \u0161portov\u00e9ho riadite\u013ea.\" \/>\n<meta property=\"og:url\" content=\"https:\/\/www.vkpbratislava.sk\/?p=5322\" \/>\n<meta property=\"og:site_name\" content=\"VK SLOVAN Bratislava\" \/>\n<meta property=\"article:published_time\" content=\"2021-06-07T10:00:23+00:00\" \/>\n<meta property=\"article:modified_time\" content=\"2021-06-07T12:02:24+00:00\" \/>\n<meta property=\"og:image\" content=\"https:\/\/www.vkpbratislava.sk\/wp-content\/uploads\/2021\/06\/IMG_5235-scaled-e1623060615288.jpg\" \/>\n\t<meta property=\"og:image:width\" content=\"2048\" \/>\n\t<meta property=\"og:image:height\" content=\"1367\" \/>\n\t<meta property=\"og:image:type\" content=\"image\/jpeg\" \/>\n<meta name=\"author\" content=\"jenca\" \/>\n<meta name=\"twitter:card\" content=\"summary_large_image\" \/>\n<meta name=\"twitter:label1\" content=\"Autor\" \/>\n\t<meta name=\"twitter:data1\" content=\"jenca\" \/>\n\t<meta name=\"twitter:label2\" content=\"Predpokladan\u00fd \u010das \u010d\u00edtania\" \/>\n\t<meta name=\"twitter:data2\" content=\"2 min\u00faty\" \/>\n<script type=\"application\/ld+json\" class=\"yoast-schema-graph\">{\"@context\":\"https:\/\/schema.org\",\"@graph\":[{\"@type\":\"Article\",\"@id\":\"https:\/\/www.vkpbratislava.sk\/?p=5322#article\",\"isPartOf\":{\"@id\":\"https:\/\/www.vkpbratislava.sk\/?p=5322\"},\"author\":{\"name\":\"jenca\",\"@id\":\"https:\/\/www.vkpbratislava.sk\/#\/schema\/person\/7037e769f9515aa58493d1b5852c4c50\"},\"headline\":\"\u0160portov\u00fdm riadite\u013eom klubu sa stal Peter Kaln\u00fd\",\"datePublished\":\"2021-06-07T10:00:23+00:00\",\"dateModified\":\"2021-06-07T12:02:24+00:00\",\"mainEntityOfPage\":{\"@id\":\"https:\/\/www.vkpbratislava.sk\/?p=5322\"},\"wordCount\":381,\"publisher\":{\"@id\":\"https:\/\/www.vkpbratislava.sk\/#organization\"},\"image\":{\"@id\":\"https:\/\/www.vkpbratislava.sk\/?p=5322#primaryimage\"},\"thumbnailUrl\":\"https:\/\/www.vkpbratislava.sk\/wp-content\/uploads\/2021\/06\/IMG_5235-scaled-e1623060615288.jpg\",\"inLanguage\":\"sk-SK\"},{\"@type\":\"WebPage\",\"@id\":\"https:\/\/www.vkpbratislava.sk\/?p=5322\",\"url\":\"https:\/\/www.vkpbratislava.sk\/?p=5322\",\"name\":\"\u0160portov\u00fdm riadite\u013eom klubu sa stal Peter Kaln\u00fd - VK SLOVAN Bratislava\",\"isPartOf\":{\"@id\":\"https:\/\/www.vkpbratislava.sk\/#website\"},\"primaryImageOfPage\":{\"@id\":\"https:\/\/www.vkpbratislava.sk\/?p=5322#primaryimage\"},\"image\":{\"@id\":\"https:\/\/www.vkpbratislava.sk\/?p=5322#primaryimage\"},\"thumbnailUrl\":\"https:\/\/www.vkpbratislava.sk\/wp-content\/uploads\/2021\/06\/IMG_5235-scaled-e1623060615288.jpg\",\"datePublished\":\"2021-06-07T10:00:23+00:00\",\"dateModified\":\"2021-06-07T12:02:24+00:00\",\"description\":\"Sk\u00fasen\u00fd odborn\u00edk Peter Kaln\u00fd (61) sa po dlh\u00fdch rokoch vracia do VKP Bratislava. Tr\u00e9nersk\u00fa poz\u00edciu teraz vymen\u00ed za mana\u017e\u00e9rsku, ke\u010f bude od novej sez\u00f3ny zast\u00e1va\u0165 poz\u00edciu \u0161portov\u00e9ho riadite\u013ea.\",\"breadcrumb\":{\"@id\":\"https:\/\/www.vkpbratislava.sk\/?p=5322#breadcrumb\"},\"inLanguage\":\"sk-SK\",\"potentialAction\":[{\"@type\":\"ReadAction\",\"target\":[\"https:\/\/www.vkpbratislava.sk\/?p=5322\"]}]},{\"@type\":\"ImageObject\",\"inLanguage\":\"sk-SK\",\"@id\":\"https:\/\/www.vkpbratislava.sk\/?p=5322#primaryimage\",\"url\":\"https:\/\/www.vkpbratislava.sk\/wp-content\/uploads\/2021\/06\/IMG_5235-scaled-e1623060615288.jpg\",\"contentUrl\":\"https:\/\/www.vkpbratislava.sk\/wp-content\/uploads\/2021\/06\/IMG_5235-scaled-e1623060615288.jpg\",\"width\":2048,\"height\":1367},{\"@type\":\"BreadcrumbList\",\"@id\":\"https:\/\/www.vkpbratislava.sk\/?p=5322#breadcrumb\",\"itemListElement\":[{\"@type\":\"ListItem\",\"position\":1,\"name\":\"Domov\",\"item\":\"https:\/\/www.vkpbratislava.sk\/\"},{\"@type\":\"ListItem\",\"position\":2,\"name\":\"\u0160portov\u00fdm riadite\u013eom klubu sa stal Peter Kaln\u00fd\"}]},{\"@type\":\"WebSite\",\"@id\":\"https:\/\/www.vkpbratislava.sk\/#website\",\"url\":\"https:\/\/www.vkpbratislava.sk\/\",\"name\":\"VK SLOVAN Bratislava\",\"description\":\"Volejbalov\u00fd klub\",\"publisher\":{\"@id\":\"https:\/\/www.vkpbratislava.sk\/#organization\"},\"potentialAction\":[{\"@type\":\"SearchAction\",\"target\":{\"@type\":\"EntryPoint\",\"urlTemplate\":\"https:\/\/www.vkpbratislava.sk\/?s={search_term_string}\"},\"query-input\":{\"@type\":\"PropertyValueSpecification\",\"valueRequired\":true,\"valueName\":\"search_term_string\"}}],\"inLanguage\":\"sk-SK\"},{\"@type\":\"Organization\",\"@id\":\"https:\/\/www.vkpbratislava.sk\/#organization\",\"name\":\"VKP Bratislava\",\"url\":\"https:\/\/www.vkpbratislava.sk\/\",\"logo\":{\"@type\":\"ImageObject\",\"inLanguage\":\"sk-SK\",\"@id\":\"https:\/\/www.vkpbratislava.sk\/#\/schema\/logo\/image\/\",\"url\":\"https:\/\/www.vkpbratislava.sk\/wp-content\/uploads\/2020\/10\/vkpBA.png\",\"contentUrl\":\"https:\/\/www.vkpbratislava.sk\/wp-content\/uploads\/2020\/10\/vkpBA.png\",\"width\":600,\"height\":600,\"caption\":\"VKP Bratislava\"},\"image\":{\"@id\":\"https:\/\/www.vkpbratislava.sk\/#\/schema\/logo\/image\/\"}},{\"@type\":\"Person\",\"@id\":\"https:\/\/www.vkpbratislava.sk\/#\/schema\/person\/7037e769f9515aa58493d1b5852c4c50\",\"name\":\"jenca\",\"image\":{\"@type\":\"ImageObject\",\"inLanguage\":\"sk-SK\",\"@id\":\"https:\/\/www.vkpbratislava.sk\/#\/schema\/person\/image\/\",\"url\":\"https:\/\/secure.gravatar.com\/avatar\/67aa89e9aab2911bbd0c6fbf0a891ea8d80c207c9b6a6e2c96e13fc2f16e536d?s=96&d=mm&r=g\",\"contentUrl\":\"https:\/\/secure.gravatar.com\/avatar\/67aa89e9aab2911bbd0c6fbf0a891ea8d80c207c9b6a6e2c96e13fc2f16e536d?s=96&d=mm&r=g\",\"caption\":\"jenca\"},\"url\":\"https:\/\/www.vkpbratislava.sk\/?author=3\"}]}<\/script>\n<!-- \/ Yoast SEO plugin. -->","yoast_head_json":{"title":"\u0160portov\u00fdm riadite\u013eom klubu sa stal Peter Kaln\u00fd - VK SLOVAN Bratislava","description":"Sk\u00fasen\u00fd odborn\u00edk Peter Kaln\u00fd (61) sa po dlh\u00fdch rokoch vracia do VKP Bratislava. Tr\u00e9nersk\u00fa poz\u00edciu teraz vymen\u00ed za mana\u017e\u00e9rsku, ke\u010f bude od novej sez\u00f3ny zast\u00e1va\u0165 poz\u00edciu \u0161portov\u00e9ho riadite\u013ea.","robots":{"index":"index","follow":"follow","max-snippet":"max-snippet:-1","max-image-preview":"max-image-preview:large","max-video-preview":"max-video-preview:-1"},"canonical":"https:\/\/www.vkpbratislava.sk\/?p=5322","og_locale":"sk_SK","og_type":"article","og_title":"\u0160portov\u00fdm riadite\u013eom klubu sa stal Peter Kaln\u00fd - VK SLOVAN Bratislava","og_description":"Sk\u00fasen\u00fd odborn\u00edk Peter Kaln\u00fd (61) sa po dlh\u00fdch rokoch vracia do VKP Bratislava. Tr\u00e9nersk\u00fa poz\u00edciu teraz vymen\u00ed za mana\u017e\u00e9rsku, ke\u010f bude od novej sez\u00f3ny zast\u00e1va\u0165 poz\u00edciu \u0161portov\u00e9ho riadite\u013ea.","og_url":"https:\/\/www.vkpbratislava.sk\/?p=5322","og_site_name":"VK SLOVAN Bratislava","article_published_time":"2021-06-07T10:00:23+00:00","article_modified_time":"2021-06-07T12:02:24+00:00","og_image":[{"width":2048,"height":1367,"url":"https:\/\/www.vkpbratislava.sk\/wp-content\/uploads\/2021\/06\/IMG_5235-scaled-e1623060615288.jpg","type":"image\/jpeg"}],"author":"jenca","twitter_card":"summary_large_image","twitter_misc":{"Autor":"jenca","Predpokladan\u00fd \u010das \u010d\u00edtania":"2 min\u00faty"},"schema":{"@context":"https:\/\/schema.org","@graph":[{"@type":"Article","@id":"https:\/\/www.vkpbratislava.sk\/?p=5322#article","isPartOf":{"@id":"https:\/\/www.vkpbratislava.sk\/?p=5322"},"author":{"name":"jenca","@id":"https:\/\/www.vkpbratislava.sk\/#\/schema\/person\/7037e769f9515aa58493d1b5852c4c50"},"headline":"\u0160portov\u00fdm riadite\u013eom klubu sa stal Peter Kaln\u00fd","datePublished":"2021-06-07T10:00:23+00:00","dateModified":"2021-06-07T12:02:24+00:00","mainEntityOfPage":{"@id":"https:\/\/www.vkpbratislava.sk\/?p=5322"},"wordCount":381,"publisher":{"@id":"https:\/\/www.vkpbratislava.sk\/#organization"},"image":{"@id":"https:\/\/www.vkpbratislava.sk\/?p=5322#primaryimage"},"thumbnailUrl":"https:\/\/www.vkpbratislava.sk\/wp-content\/uploads\/2021\/06\/IMG_5235-scaled-e1623060615288.jpg","inLanguage":"sk-SK"},{"@type":"WebPage","@id":"https:\/\/www.vkpbratislava.sk\/?p=5322","url":"https:\/\/www.vkpbratislava.sk\/?p=5322","name":"\u0160portov\u00fdm riadite\u013eom klubu sa stal Peter Kaln\u00fd - VK SLOVAN Bratislava","isPartOf":{"@id":"https:\/\/www.vkpbratislava.sk\/#website"},"primaryImageOfPage":{"@id":"https:\/\/www.vkpbratislava.sk\/?p=5322#primaryimage"},"image":{"@id":"https:\/\/www.vkpbratislava.sk\/?p=5322#primaryimage"},"thumbnailUrl":"https:\/\/www.vkpbratislava.sk\/wp-content\/uploads\/2021\/06\/IMG_5235-scaled-e1623060615288.jpg","datePublished":"2021-06-07T10:00:23+00:00","dateModified":"2021-06-07T12:02:24+00:00","description":"Sk\u00fasen\u00fd odborn\u00edk Peter Kaln\u00fd (61) sa po dlh\u00fdch rokoch vracia do VKP Bratislava. Tr\u00e9nersk\u00fa poz\u00edciu teraz vymen\u00ed za mana\u017e\u00e9rsku, ke\u010f bude od novej sez\u00f3ny zast\u00e1va\u0165 poz\u00edciu \u0161portov\u00e9ho riadite\u013ea.","breadcrumb":{"@id":"https:\/\/www.vkpbratislava.sk\/?p=5322#breadcrumb"},"inLanguage":"sk-SK","potentialAction":[{"@type":"ReadAction","target":["https:\/\/www.vkpbratislava.sk\/?p=5322"]}]},{"@type":"ImageObject","inLanguage":"sk-SK","@id":"https:\/\/www.vkpbratislava.sk\/?p=5322#primaryimage","url":"https:\/\/www.vkpbratislava.sk\/wp-content\/uploads\/2021\/06\/IMG_5235-scaled-e1623060615288.jpg","contentUrl":"https:\/\/www.vkpbratislava.sk\/wp-content\/uploads\/2021\/06\/IMG_5235-scaled-e1623060615288.jpg","width":2048,"height":1367},{"@type":"BreadcrumbList","@id":"https:\/\/www.vkpbratislava.sk\/?p=5322#breadcrumb","itemListElement":[{"@type":"ListItem","position":1,"name":"Domov","item":"https:\/\/www.vkpbratislava.sk\/"},{"@type":"ListItem","position":2,"name":"\u0160portov\u00fdm riadite\u013eom klubu sa stal Peter Kaln\u00fd"}]},{"@type":"WebSite","@id":"https:\/\/www.vkpbratislava.sk\/#website","url":"https:\/\/www.vkpbratislava.sk\/","name":"VK SLOVAN Bratislava","description":"Volejbalov\u00fd klub","publisher":{"@id":"https:\/\/www.vkpbratislava.sk\/#organization"},"potentialAction":[{"@type":"SearchAction","target":{"@type":"EntryPoint","urlTemplate":"https:\/\/www.vkpbratislava.sk\/?s={search_term_string}"},"query-input":{"@type":"PropertyValueSpecification","valueRequired":true,"valueName":"search_term_string"}}],"inLanguage":"sk-SK"},{"@type":"Organization","@id":"https:\/\/www.vkpbratislava.sk\/#organization","name":"VKP Bratislava","url":"https:\/\/www.vkpbratislava.sk\/","logo":{"@type":"ImageObject","inLanguage":"sk-SK","@id":"https:\/\/www.vkpbratislava.sk\/#\/schema\/logo\/image\/","url":"https:\/\/www.vkpbratislava.sk\/wp-content\/uploads\/2020\/10\/vkpBA.png","contentUrl":"https:\/\/www.vkpbratislava.sk\/wp-content\/uploads\/2020\/10\/vkpBA.png","width":600,"height":600,"caption":"VKP Bratislava"},"image":{"@id":"https:\/\/www.vkpbratislava.sk\/#\/schema\/logo\/image\/"}},{"@type":"Person","@id":"https:\/\/www.vkpbratislava.sk\/#\/schema\/person\/7037e769f9515aa58493d1b5852c4c50","name":"jenca","image":{"@type":"ImageObject","inLanguage":"sk-SK","@id":"https:\/\/www.vkpbratislava.sk\/#\/schema\/person\/image\/","url":"https:\/\/secure.gravatar.com\/avatar\/67aa89e9aab2911bbd0c6fbf0a891ea8d80c207c9b6a6e2c96e13fc2f16e536d?s=96&d=mm&r=g","contentUrl":"https:\/\/secure.gravatar.com\/avatar\/67aa89e9aab2911bbd0c6fbf0a891ea8d80c207c9b6a6e2c96e13fc2f16e536d?s=96&d=mm&r=g","caption":"jenca"},"url":"https:\/\/www.vkpbratislava.sk\/?author=3"}]}},"_links":{"self":[{"href":"https:\/\/www.vkpbratislava.sk\/index.php?rest_route=\/wp\/v2\/posts\/5322","targetHints":{"allow":["GET"]}}],"collection":[{"href":"https:\/\/www.vkpbratislava.sk\/index.php?rest_route=\/wp\/v2\/posts"}],"about":[{"href":"https:\/\/www.vkpbratislava.sk\/index.php?rest_route=\/wp\/v2\/types\/post"}],"author":[{"embeddable":true,"href":"https:\/\/www.vkpbratislava.sk\/index.php?rest_route=\/wp\/v2\/users\/3"}],"replies":[{"embeddable":true,"href":"https:\/\/www.vkpbratislava.sk\/index.php?rest_route=%2Fwp%2Fv2%2Fcomments&post=5322"}],"version-history":[{"count":3,"href":"https:\/\/www.vkpbratislava.sk\/index.php?rest_route=\/wp\/v2\/posts\/5322\/revisions"}],"predecessor-version":[{"id":5340,"href":"https:\/\/www.vkpbratislava.sk\/index.php?rest_route=\/wp\/v2\/posts\/5322\/revisions\/5340"}],"wp:featuredmedia":[{"embeddable":true,"href":"https:\/\/www.vkpbratislava.sk\/index.php?rest_route=\/wp\/v2\/media\/5324"}],"wp:attachment":[{"href":"https:\/\/www.vkpbratislava.sk\/index.php?rest_route=%2Fwp%2Fv2%2Fmedia&parent=5322"}],"wp:term":[{"taxonomy":"category","embeddable":true,"href":"https:\/\/www.vkpbratislava.sk\/index.php?rest_route=%2Fwp%2Fv2%2Fcategories&post=5322"},{"taxonomy":"post_tag","embeddable":true,"href":"https:\/\/www.vkpbratislava.sk\/index.php?rest_route=%2Fwp%2Fv2%2Ftags&post=5322"}],"curies":[{"name":"wp","href":"https:\/\/api.w.org\/{rel}","templated":true}]}}