{"id":5344,"date":"2021-06-08T10:10:08","date_gmt":"2021-06-08T08:10:08","guid":{"rendered":"https:\/\/www.vkpbratislava.sk\/?p=5344"},"modified":"2021-06-08T10:11:34","modified_gmt":"2021-06-08T08:11:34","slug":"prvou-posilou-african-yacoubou","status":"publish","type":"post","link":"https:\/\/www.vkpbratislava.sk\/?p=5344","title":{"rendered":"Prvou posilou Afri\u010dan Yacoubou"},"content":{"rendered":"<p>Novou akviz\u00edciou mu\u017esk\u00e9ho t\u00edmu VKP Bratislava je Benin\u010dan <strong>Daouda Yacoubo<\/strong>u, s\u00a0ktor\u00fdm klub podp\u00edsal zmluvu na jeden rok. Dvadsa\u0165p\u00e4\u0165ro\u010dn\u00fd sme\u010diar prich\u00e1dza z\u00a0tureck\u00e9ho klubu Alanya Belediye Spor.<\/p>\n<p>Yacoubou je reprezentantom Beninu, meria 197 cm a\u00a0v\u00e1\u017ei 83 kg. V\u00a0minulosti p\u00f4sobil aj v\u00a0kluboch Al Sadd Sport Club v\u00a0Katare, Sakar\u00e9 Volleyball Club v\u00a0Benine a\u00a0\u00c9toile Filante de Ouagadougou v\u00a0Burkina Faso. Stane sa v\u00f4bec prv\u00fdm hr\u00e1\u010dom z\u00a0africk\u00e9ho kontinentu, ktor\u00fd bude p\u00f4sobi\u0165 v\u00a0slovenskej extralige. \u201eJe to prihr\u00e1vaj\u00faci sme\u010diar, ktor\u00fd m\u00e1 v\u00fdborn\u00e9 fyzick\u00e9 parametre. P\u00f4sobil v\u00a0Turecku i\u00a0Katare, \u010do sved\u010d\u00ed o\u00a0tom, \u017ee Afrika je dnes v\u00e1\u017enou z\u00e1sob\u00e1r\u0148ou hr\u00e1\u010dov pre svetov\u00fd volejbal. O\u010dak\u00e1vame od neho, \u017ee bude jedn\u00fdm z\u00a0na\u0161ich \u0165ah\u00fa\u0148ov a\u00a0k\u013e\u00fa\u010dov\u00fdch hr\u00e1\u010dov,\u201c uviedol \u0161portov\u00fd riadite\u013e VKP Bratislava Peter Kaln\u00fd.<\/p>\n<p>mb, foto: VKP, internet<\/p>\n","protected":false},"excerpt":{"rendered":"<p>Novou akviz\u00edciou mu\u017esk\u00e9ho t\u00edmu VKP Bratislava je Benin\u010dan Daouda Yacoubou, s\u00a0ktor\u00fdm klub podp\u00edsal zmluvu na jeden rok. Dvadsa\u0165p\u00e4\u0165ro\u010dn\u00fd sme\u010diar prich\u00e1dza z\u00a0tureck\u00e9ho klubu Alanya Belediye Spor.<\/p>\n","protected":false},"author":3,"featured_media":5346,"comment_status":"closed","ping_status":"open","sticky":false,"template":"","format":"standard","meta":{"_monsterinsights_skip_tracking":false,"_monsterinsights_sitenote_active":false,"_monsterinsights_sitenote_note":"","_monsterinsights_sitenote_category":0,"footnotes":""},"categories":[47],"tags":[],"class_list":["post-5344","post","type-post","status-publish","format-standard","has-post-thumbnail","hentry","category-muzi"],"yoast_head":"<!-- This site is optimized with the Yoast SEO plugin v25.6 - https:\/\/yoast.com\/wordpress\/plugins\/seo\/ -->\n<title>Prvou posilou Afri\u010dan Yacoubou - VK SLOVAN Bratislava<\/title>\n<meta name=\"description\" content=\"Novou akviz\u00edciou mu\u017esk\u00e9ho t\u00edmu VKP Bratislava je Benin\u010dan Daouda Yacoubou, s\u00a0ktor\u00fdm klub podp\u00edsal zmluvu na jeden rok. Dvadsa\u0165p\u00e4\u0165ro\u010dn\u00fd sme\u010diar prich\u00e1dza z\u00a0tureck\u00e9ho klubu Alanya Belediye Spor.\" \/>\n<meta name=\"robots\" content=\"index, follow, max-snippet:-1, max-image-preview:large, max-video-preview:-1\" \/>\n<link rel=\"canonical\" href=\"https:\/\/www.vkpbratislava.sk\/?p=5344\" \/>\n<meta property=\"og:locale\" content=\"sk_SK\" \/>\n<meta property=\"og:type\" content=\"article\" \/>\n<meta property=\"og:title\" content=\"Prvou posilou Afri\u010dan Yacoubou - VK SLOVAN Bratislava\" \/>\n<meta property=\"og:description\" content=\"Novou akviz\u00edciou mu\u017esk\u00e9ho t\u00edmu VKP Bratislava je Benin\u010dan Daouda Yacoubou, s\u00a0ktor\u00fdm klub podp\u00edsal zmluvu na jeden rok. Dvadsa\u0165p\u00e4\u0165ro\u010dn\u00fd sme\u010diar prich\u00e1dza z\u00a0tureck\u00e9ho klubu Alanya Belediye Spor.\" \/>\n<meta property=\"og:url\" content=\"https:\/\/www.vkpbratislava.sk\/?p=5344\" \/>\n<meta property=\"og:site_name\" content=\"VK SLOVAN Bratislava\" \/>\n<meta property=\"article:published_time\" content=\"2021-06-08T08:10:08+00:00\" \/>\n<meta property=\"article:modified_time\" content=\"2021-06-08T08:11:34+00:00\" \/>\n<meta property=\"og:image\" content=\"https:\/\/www.vkpbratislava.sk\/wp-content\/uploads\/2021\/06\/yacoubou.jpg\" \/>\n\t<meta property=\"og:image:width\" content=\"1920\" \/>\n\t<meta property=\"og:image:height\" content=\"896\" \/>\n\t<meta property=\"og:image:type\" content=\"image\/jpeg\" \/>\n<meta name=\"author\" content=\"jenca\" \/>\n<meta name=\"twitter:card\" content=\"summary_large_image\" \/>\n<meta name=\"twitter:label1\" content=\"Autor\" \/>\n\t<meta name=\"twitter:data1\" content=\"jenca\" \/>\n\t<meta name=\"twitter:label2\" content=\"Predpokladan\u00fd \u010das \u010d\u00edtania\" \/>\n\t<meta name=\"twitter:data2\" content=\"1 min\u00fata\" \/>\n<script type=\"application\/ld+json\" class=\"yoast-schema-graph\">{\"@context\":\"https:\/\/schema.org\",\"@graph\":[{\"@type\":\"Article\",\"@id\":\"https:\/\/www.vkpbratislava.sk\/?p=5344#article\",\"isPartOf\":{\"@id\":\"https:\/\/www.vkpbratislava.sk\/?p=5344\"},\"author\":{\"name\":\"jenca\",\"@id\":\"https:\/\/www.vkpbratislava.sk\/#\/schema\/person\/7037e769f9515aa58493d1b5852c4c50\"},\"headline\":\"Prvou posilou Afri\u010dan Yacoubou\",\"datePublished\":\"2021-06-08T08:10:08+00:00\",\"dateModified\":\"2021-06-08T08:11:34+00:00\",\"mainEntityOfPage\":{\"@id\":\"https:\/\/www.vkpbratislava.sk\/?p=5344\"},\"wordCount\":169,\"publisher\":{\"@id\":\"https:\/\/www.vkpbratislava.sk\/#organization\"},\"image\":{\"@id\":\"https:\/\/www.vkpbratislava.sk\/?p=5344#primaryimage\"},\"thumbnailUrl\":\"https:\/\/www.vkpbratislava.sk\/wp-content\/uploads\/2021\/06\/yacoubou.jpg\",\"articleSection\":[\"Mu\u017ei\"],\"inLanguage\":\"sk-SK\"},{\"@type\":\"WebPage\",\"@id\":\"https:\/\/www.vkpbratislava.sk\/?p=5344\",\"url\":\"https:\/\/www.vkpbratislava.sk\/?p=5344\",\"name\":\"Prvou posilou Afri\u010dan Yacoubou - VK SLOVAN Bratislava\",\"isPartOf\":{\"@id\":\"https:\/\/www.vkpbratislava.sk\/#website\"},\"primaryImageOfPage\":{\"@id\":\"https:\/\/www.vkpbratislava.sk\/?p=5344#primaryimage\"},\"image\":{\"@id\":\"https:\/\/www.vkpbratislava.sk\/?p=5344#primaryimage\"},\"thumbnailUrl\":\"https:\/\/www.vkpbratislava.sk\/wp-content\/uploads\/2021\/06\/yacoubou.jpg\",\"datePublished\":\"2021-06-08T08:10:08+00:00\",\"dateModified\":\"2021-06-08T08:11:34+00:00\",\"description\":\"Novou akviz\u00edciou mu\u017esk\u00e9ho t\u00edmu VKP Bratislava je Benin\u010dan Daouda Yacoubou, s\u00a0ktor\u00fdm klub podp\u00edsal zmluvu na jeden rok. Dvadsa\u0165p\u00e4\u0165ro\u010dn\u00fd sme\u010diar prich\u00e1dza z\u00a0tureck\u00e9ho klubu Alanya Belediye Spor.\",\"breadcrumb\":{\"@id\":\"https:\/\/www.vkpbratislava.sk\/?p=5344#breadcrumb\"},\"inLanguage\":\"sk-SK\",\"potentialAction\":[{\"@type\":\"ReadAction\",\"target\":[\"https:\/\/www.vkpbratislava.sk\/?p=5344\"]}]},{\"@type\":\"ImageObject\",\"inLanguage\":\"sk-SK\",\"@id\":\"https:\/\/www.vkpbratislava.sk\/?p=5344#primaryimage\",\"url\":\"https:\/\/www.vkpbratislava.sk\/wp-content\/uploads\/2021\/06\/yacoubou.jpg\",\"contentUrl\":\"https:\/\/www.vkpbratislava.sk\/wp-content\/uploads\/2021\/06\/yacoubou.jpg\",\"width\":1920,\"height\":896},{\"@type\":\"BreadcrumbList\",\"@id\":\"https:\/\/www.vkpbratislava.sk\/?p=5344#breadcrumb\",\"itemListElement\":[{\"@type\":\"ListItem\",\"position\":1,\"name\":\"Domov\",\"item\":\"https:\/\/www.vkpbratislava.sk\/\"},{\"@type\":\"ListItem\",\"position\":2,\"name\":\"Prvou posilou Afri\u010dan Yacoubou\"}]},{\"@type\":\"WebSite\",\"@id\":\"https:\/\/www.vkpbratislava.sk\/#website\",\"url\":\"https:\/\/www.vkpbratislava.sk\/\",\"name\":\"VK SLOVAN Bratislava\",\"description\":\"Volejbalov\u00fd klub\",\"publisher\":{\"@id\":\"https:\/\/www.vkpbratislava.sk\/#organization\"},\"potentialAction\":[{\"@type\":\"SearchAction\",\"target\":{\"@type\":\"EntryPoint\",\"urlTemplate\":\"https:\/\/www.vkpbratislava.sk\/?s={search_term_string}\"},\"query-input\":{\"@type\":\"PropertyValueSpecification\",\"valueRequired\":true,\"valueName\":\"search_term_string\"}}],\"inLanguage\":\"sk-SK\"},{\"@type\":\"Organization\",\"@id\":\"https:\/\/www.vkpbratislava.sk\/#organization\",\"name\":\"VKP Bratislava\",\"url\":\"https:\/\/www.vkpbratislava.sk\/\",\"logo\":{\"@type\":\"ImageObject\",\"inLanguage\":\"sk-SK\",\"@id\":\"https:\/\/www.vkpbratislava.sk\/#\/schema\/logo\/image\/\",\"url\":\"https:\/\/www.vkpbratislava.sk\/wp-content\/uploads\/2020\/10\/vkpBA.png\",\"contentUrl\":\"https:\/\/www.vkpbratislava.sk\/wp-content\/uploads\/2020\/10\/vkpBA.png\",\"width\":600,\"height\":600,\"caption\":\"VKP Bratislava\"},\"image\":{\"@id\":\"https:\/\/www.vkpbratislava.sk\/#\/schema\/logo\/image\/\"}},{\"@type\":\"Person\",\"@id\":\"https:\/\/www.vkpbratislava.sk\/#\/schema\/person\/7037e769f9515aa58493d1b5852c4c50\",\"name\":\"jenca\",\"image\":{\"@type\":\"ImageObject\",\"inLanguage\":\"sk-SK\",\"@id\":\"https:\/\/www.vkpbratislava.sk\/#\/schema\/person\/image\/\",\"url\":\"https:\/\/secure.gravatar.com\/avatar\/67aa89e9aab2911bbd0c6fbf0a891ea8d80c207c9b6a6e2c96e13fc2f16e536d?s=96&d=mm&r=g\",\"contentUrl\":\"https:\/\/secure.gravatar.com\/avatar\/67aa89e9aab2911bbd0c6fbf0a891ea8d80c207c9b6a6e2c96e13fc2f16e536d?s=96&d=mm&r=g\",\"caption\":\"jenca\"},\"url\":\"https:\/\/www.vkpbratislava.sk\/?author=3\"}]}<\/script>\n<!-- \/ Yoast SEO plugin. -->","yoast_head_json":{"title":"Prvou posilou Afri\u010dan Yacoubou - VK SLOVAN Bratislava","description":"Novou akviz\u00edciou mu\u017esk\u00e9ho t\u00edmu VKP Bratislava je Benin\u010dan Daouda Yacoubou, s\u00a0ktor\u00fdm klub podp\u00edsal zmluvu na jeden rok. Dvadsa\u0165p\u00e4\u0165ro\u010dn\u00fd sme\u010diar prich\u00e1dza z\u00a0tureck\u00e9ho klubu Alanya Belediye Spor.","robots":{"index":"index","follow":"follow","max-snippet":"max-snippet:-1","max-image-preview":"max-image-preview:large","max-video-preview":"max-video-preview:-1"},"canonical":"https:\/\/www.vkpbratislava.sk\/?p=5344","og_locale":"sk_SK","og_type":"article","og_title":"Prvou posilou Afri\u010dan Yacoubou - VK SLOVAN Bratislava","og_description":"Novou akviz\u00edciou mu\u017esk\u00e9ho t\u00edmu VKP Bratislava je Benin\u010dan Daouda Yacoubou, s\u00a0ktor\u00fdm klub podp\u00edsal zmluvu na jeden rok. Dvadsa\u0165p\u00e4\u0165ro\u010dn\u00fd sme\u010diar prich\u00e1dza z\u00a0tureck\u00e9ho klubu Alanya Belediye Spor.","og_url":"https:\/\/www.vkpbratislava.sk\/?p=5344","og_site_name":"VK SLOVAN Bratislava","article_published_time":"2021-06-08T08:10:08+00:00","article_modified_time":"2021-06-08T08:11:34+00:00","og_image":[{"width":1920,"height":896,"url":"https:\/\/www.vkpbratislava.sk\/wp-content\/uploads\/2021\/06\/yacoubou.jpg","type":"image\/jpeg"}],"author":"jenca","twitter_card":"summary_large_image","twitter_misc":{"Autor":"jenca","Predpokladan\u00fd \u010das \u010d\u00edtania":"1 min\u00fata"},"schema":{"@context":"https:\/\/schema.org","@graph":[{"@type":"Article","@id":"https:\/\/www.vkpbratislava.sk\/?p=5344#article","isPartOf":{"@id":"https:\/\/www.vkpbratislava.sk\/?p=5344"},"author":{"name":"jenca","@id":"https:\/\/www.vkpbratislava.sk\/#\/schema\/person\/7037e769f9515aa58493d1b5852c4c50"},"headline":"Prvou posilou Afri\u010dan Yacoubou","datePublished":"2021-06-08T08:10:08+00:00","dateModified":"2021-06-08T08:11:34+00:00","mainEntityOfPage":{"@id":"https:\/\/www.vkpbratislava.sk\/?p=5344"},"wordCount":169,"publisher":{"@id":"https:\/\/www.vkpbratislava.sk\/#organization"},"image":{"@id":"https:\/\/www.vkpbratislava.sk\/?p=5344#primaryimage"},"thumbnailUrl":"https:\/\/www.vkpbratislava.sk\/wp-content\/uploads\/2021\/06\/yacoubou.jpg","articleSection":["Mu\u017ei"],"inLanguage":"sk-SK"},{"@type":"WebPage","@id":"https:\/\/www.vkpbratislava.sk\/?p=5344","url":"https:\/\/www.vkpbratislava.sk\/?p=5344","name":"Prvou posilou Afri\u010dan Yacoubou - VK SLOVAN Bratislava","isPartOf":{"@id":"https:\/\/www.vkpbratislava.sk\/#website"},"primaryImageOfPage":{"@id":"https:\/\/www.vkpbratislava.sk\/?p=5344#primaryimage"},"image":{"@id":"https:\/\/www.vkpbratislava.sk\/?p=5344#primaryimage"},"thumbnailUrl":"https:\/\/www.vkpbratislava.sk\/wp-content\/uploads\/2021\/06\/yacoubou.jpg","datePublished":"2021-06-08T08:10:08+00:00","dateModified":"2021-06-08T08:11:34+00:00","description":"Novou akviz\u00edciou mu\u017esk\u00e9ho t\u00edmu VKP Bratislava je Benin\u010dan Daouda Yacoubou, s\u00a0ktor\u00fdm klub podp\u00edsal zmluvu na jeden rok. Dvadsa\u0165p\u00e4\u0165ro\u010dn\u00fd sme\u010diar prich\u00e1dza z\u00a0tureck\u00e9ho klubu Alanya Belediye Spor.","breadcrumb":{"@id":"https:\/\/www.vkpbratislava.sk\/?p=5344#breadcrumb"},"inLanguage":"sk-SK","potentialAction":[{"@type":"ReadAction","target":["https:\/\/www.vkpbratislava.sk\/?p=5344"]}]},{"@type":"ImageObject","inLanguage":"sk-SK","@id":"https:\/\/www.vkpbratislava.sk\/?p=5344#primaryimage","url":"https:\/\/www.vkpbratislava.sk\/wp-content\/uploads\/2021\/06\/yacoubou.jpg","contentUrl":"https:\/\/www.vkpbratislava.sk\/wp-content\/uploads\/2021\/06\/yacoubou.jpg","width":1920,"height":896},{"@type":"BreadcrumbList","@id":"https:\/\/www.vkpbratislava.sk\/?p=5344#breadcrumb","itemListElement":[{"@type":"ListItem","position":1,"name":"Domov","item":"https:\/\/www.vkpbratislava.sk\/"},{"@type":"ListItem","position":2,"name":"Prvou posilou Afri\u010dan Yacoubou"}]},{"@type":"WebSite","@id":"https:\/\/www.vkpbratislava.sk\/#website","url":"https:\/\/www.vkpbratislava.sk\/","name":"VK SLOVAN Bratislava","description":"Volejbalov\u00fd klub","publisher":{"@id":"https:\/\/www.vkpbratislava.sk\/#organization"},"potentialAction":[{"@type":"SearchAction","target":{"@type":"EntryPoint","urlTemplate":"https:\/\/www.vkpbratislava.sk\/?s={search_term_string}"},"query-input":{"@type":"PropertyValueSpecification","valueRequired":true,"valueName":"search_term_string"}}],"inLanguage":"sk-SK"},{"@type":"Organization","@id":"https:\/\/www.vkpbratislava.sk\/#organization","name":"VKP Bratislava","url":"https:\/\/www.vkpbratislava.sk\/","logo":{"@type":"ImageObject","inLanguage":"sk-SK","@id":"https:\/\/www.vkpbratislava.sk\/#\/schema\/logo\/image\/","url":"https:\/\/www.vkpbratislava.sk\/wp-content\/uploads\/2020\/10\/vkpBA.png","contentUrl":"https:\/\/www.vkpbratislava.sk\/wp-content\/uploads\/2020\/10\/vkpBA.png","width":600,"height":600,"caption":"VKP Bratislava"},"image":{"@id":"https:\/\/www.vkpbratislava.sk\/#\/schema\/logo\/image\/"}},{"@type":"Person","@id":"https:\/\/www.vkpbratislava.sk\/#\/schema\/person\/7037e769f9515aa58493d1b5852c4c50","name":"jenca","image":{"@type":"ImageObject","inLanguage":"sk-SK","@id":"https:\/\/www.vkpbratislava.sk\/#\/schema\/person\/image\/","url":"https:\/\/secure.gravatar.com\/avatar\/67aa89e9aab2911bbd0c6fbf0a891ea8d80c207c9b6a6e2c96e13fc2f16e536d?s=96&d=mm&r=g","contentUrl":"https:\/\/secure.gravatar.com\/avatar\/67aa89e9aab2911bbd0c6fbf0a891ea8d80c207c9b6a6e2c96e13fc2f16e536d?s=96&d=mm&r=g","caption":"jenca"},"url":"https:\/\/www.vkpbratislava.sk\/?author=3"}]}},"_links":{"self":[{"href":"https:\/\/www.vkpbratislava.sk\/index.php?rest_route=\/wp\/v2\/posts\/5344","targetHints":{"allow":["GET"]}}],"collection":[{"href":"https:\/\/www.vkpbratislava.sk\/index.php?rest_route=\/wp\/v2\/posts"}],"about":[{"href":"https:\/\/www.vkpbratislava.sk\/index.php?rest_route=\/wp\/v2\/types\/post"}],"author":[{"embeddable":true,"href":"https:\/\/www.vkpbratislava.sk\/index.php?rest_route=\/wp\/v2\/users\/3"}],"replies":[{"embeddable":true,"href":"https:\/\/www.vkpbratislava.sk\/index.php?rest_route=%2Fwp%2Fv2%2Fcomments&post=5344"}],"version-history":[{"count":1,"href":"https:\/\/www.vkpbratislava.sk\/index.php?rest_route=\/wp\/v2\/posts\/5344\/revisions"}],"predecessor-version":[{"id":5347,"href":"https:\/\/www.vkpbratislava.sk\/index.php?rest_route=\/wp\/v2\/posts\/5344\/revisions\/5347"}],"wp:featuredmedia":[{"embeddable":true,"href":"https:\/\/www.vkpbratislava.sk\/index.php?rest_route=\/wp\/v2\/media\/5346"}],"wp:attachment":[{"href":"https:\/\/www.vkpbratislava.sk\/index.php?rest_route=%2Fwp%2Fv2%2Fmedia&parent=5344"}],"wp:term":[{"taxonomy":"category","embeddable":true,"href":"https:\/\/www.vkpbratislava.sk\/index.php?rest_route=%2Fwp%2Fv2%2Fcategories&post=5344"},{"taxonomy":"post_tag","embeddable":true,"href":"https:\/\/www.vkpbratislava.sk\/index.php?rest_route=%2Fwp%2Fv2%2Ftags&post=5344"}],"curies":[{"name":"wp","href":"https:\/\/api.w.org\/{rel}","templated":true}]}}