{"id":5351,"date":"2021-06-15T15:29:21","date_gmt":"2021-06-15T13:29:21","guid":{"rendered":"https:\/\/www.vkpbratislava.sk\/?p=5351"},"modified":"2021-06-15T15:46:45","modified_gmt":"2021-06-15T13:46:45","slug":"vyborna-sprava-muzi-okrem-extraligy-aj-v-stredoeuropskej-lige","status":"publish","type":"post","link":"https:\/\/www.vkpbratislava.sk\/?p=5351","title":{"rendered":"V\u00fdborn\u00e1 spr\u00e1va. Mu\u017ei okrem extraligy aj do Stredoeur\u00f3pskej ligy"},"content":{"rendered":"<p><strong>Okrem slovenskej extraligy a eur\u00f3pskeho Challenge Cupu bud\u00fa mu\u017ei VKP Bratislava hra\u0165 v\u00a0novej sez\u00f3ne aj Stredoeur\u00f3psku ligu vo volejbale (MEL), ktor\u00fa organizuje MEVZA.<\/strong><\/p>\n<p>Klub u\u017e podal ofici\u00e1lnu prihl\u00e1\u0161ku, teraz sa \u010dak\u00e1 na fin\u00e1lny po\u010det \u00fa\u010dastn\u00edkov s\u00fa\u0165a\u017ee. Ak sa prihl\u00e1si do s\u00fa\u0165a\u017ee 8 \u00fa\u010dastn\u00edkov, \u0161tart ligy je napl\u00e1novan\u00fd v term\u00edne 8.- 11. okt\u00f3bra 2021. O\u00a0t\u00fd\u017ede\u0148 sk\u00f4r od\u0161tartuje Stredoeur\u00f3pska liga v\u00a0pr\u00edpade 10 alebo 12 t\u00edmov. \u201eKe\u010f\u017ee slovensk\u00e1 liga pri\u0161la o\u00a0dvoch atrakt\u00edvnych \u00fa\u010dastn\u00edkov Ko\u0161ice a\u00a0Prievidzu, tak sme sa rozhodli zmera\u0165 si sily aj s\u00a0t\u00edmami z\u00a0okolit\u00fdch kraj\u00edn. Bude to dobr\u00e1 previerka pre n\u00e1\u0161 t\u00edm. Uvid\u00edme, na \u010do sme a\u00a0m\u00f4\u017eeme sa porovn\u00e1va\u0165 s\u00a0kvalitn\u00fdmi klubmi zo Slovinska, Rak\u00faska a\u00a0Chorv\u00e1tska. Ver\u00edm, \u017ee Stredoeur\u00f3pska liga pril\u00e1ka do h\u013eadiska aj fan\u00fa\u0161ikov volejbalu v\u00a0Bratislave a\u00a0okol\u00ed a\u00a0uvidia na\u017eivo v\u00fdborn\u00fd volejbal. Z\u00e1rove\u0148 to bude motiv\u00e1ciou aj pre na\u0161ich mlad\u00fdch hr\u00e1\u010dov, aby sa uk\u00e1zali a\u00a0z\u00edskali cenn\u00e9 sk\u00fasenosti,\u201c uviedol gener\u00e1lny mana\u017e\u00e9r VKP Bratislava Tom\u00e1\u0161 Jen\u010da.<\/p>\n<p>Minul\u00fa sez\u00f3nu \u0161tartovalo v\u00a0Stredoeur\u00f3pskej lige 7 t\u00edmov &#8211; Ach Volley \u013dub\u013eana, OK Calcit Kamnik, OK Merkur Maribor (v\u0161etci Slovinsko), HAOK Mladost Z\u00e1hreb (Chorv\u00e1tsko), SK Zadruga Aich\/Dob, Union Raiffeisen Waldviertel, UVC Holding Graz (v\u0161etci Rak\u00fasko).<\/p>\n<p><img loading=\"lazy\" decoding=\"async\" class=\"alignnone size-full wp-image-5353\" src=\"https:\/\/www.vkpbratislava.sk\/wp-content\/uploads\/2021\/06\/MEVZA_Banner3x1_2019_print.png\" alt=\"\" width=\"400\" height=\"135\" srcset=\"https:\/\/www.vkpbratislava.sk\/wp-content\/uploads\/2021\/06\/MEVZA_Banner3x1_2019_print.png 400w, https:\/\/www.vkpbratislava.sk\/wp-content\/uploads\/2021\/06\/MEVZA_Banner3x1_2019_print-320x108.png 320w\" sizes=\"auto, (max-width: 400px) 100vw, 400px\" \/><\/p>\n<p>mb, foto: VKP\/Michal \u0160p\u00e1nik<\/p>\n","protected":false},"excerpt":{"rendered":"<p>Okrem slovenskej extraligy a eur\u00f3pskeho Challenge Cupu bud\u00fa mu\u017ei VKP Bratislava hra\u0165 v\u00a0novej sez\u00f3ne aj Stredoeur\u00f3psku ligu vo volejbale (MEL), ktor\u00fa organizuje MEVZA.<\/p>\n","protected":false},"author":3,"featured_media":5359,"comment_status":"closed","ping_status":"open","sticky":false,"template":"","format":"standard","meta":{"_monsterinsights_skip_tracking":false,"_monsterinsights_sitenote_active":false,"_monsterinsights_sitenote_note":"","_monsterinsights_sitenote_category":0,"footnotes":""},"categories":[47],"tags":[],"class_list":["post-5351","post","type-post","status-publish","format-standard","has-post-thumbnail","hentry","category-muzi"],"yoast_head":"<!-- This site is optimized with the Yoast SEO plugin v25.6 - https:\/\/yoast.com\/wordpress\/plugins\/seo\/ -->\n<title>V\u00fdborn\u00e1 spr\u00e1va. Mu\u017ei okrem extraligy aj do Stredoeur\u00f3pskej ligy - VK SLOVAN Bratislava<\/title>\n<meta name=\"description\" content=\"Okrem slovenskej extraligy a eur\u00f3pskeho Challenge Cupu bud\u00fa mu\u017ei VKP Bratislava hra\u0165 v\u00a0novej sez\u00f3ne aj Stredoeur\u00f3psku ligu vo volejbale (MEL), ktor\u00fa organizuje MEVZA.\" \/>\n<meta name=\"robots\" content=\"index, follow, max-snippet:-1, max-image-preview:large, max-video-preview:-1\" \/>\n<link rel=\"canonical\" href=\"https:\/\/www.vkpbratislava.sk\/?p=5351\" \/>\n<meta property=\"og:locale\" content=\"sk_SK\" \/>\n<meta property=\"og:type\" content=\"article\" \/>\n<meta property=\"og:title\" content=\"V\u00fdborn\u00e1 spr\u00e1va. Mu\u017ei okrem extraligy aj do Stredoeur\u00f3pskej ligy - VK SLOVAN Bratislava\" \/>\n<meta property=\"og:description\" content=\"Okrem slovenskej extraligy a eur\u00f3pskeho Challenge Cupu bud\u00fa mu\u017ei VKP Bratislava hra\u0165 v\u00a0novej sez\u00f3ne aj Stredoeur\u00f3psku ligu vo volejbale (MEL), ktor\u00fa organizuje MEVZA.\" \/>\n<meta property=\"og:url\" content=\"https:\/\/www.vkpbratislava.sk\/?p=5351\" \/>\n<meta property=\"og:site_name\" content=\"VK SLOVAN Bratislava\" \/>\n<meta property=\"article:published_time\" content=\"2021-06-15T13:29:21+00:00\" \/>\n<meta property=\"article:modified_time\" content=\"2021-06-15T13:46:45+00:00\" \/>\n<meta property=\"og:image\" content=\"https:\/\/www.vkpbratislava.sk\/wp-content\/uploads\/2021\/06\/mevza2-kopie-1.jpg\" \/>\n\t<meta property=\"og:image:width\" content=\"863\" \/>\n\t<meta property=\"og:image:height\" content=\"648\" \/>\n\t<meta property=\"og:image:type\" content=\"image\/jpeg\" \/>\n<meta name=\"author\" content=\"jenca\" \/>\n<meta name=\"twitter:card\" content=\"summary_large_image\" \/>\n<meta name=\"twitter:label1\" content=\"Autor\" \/>\n\t<meta name=\"twitter:data1\" content=\"jenca\" \/>\n\t<meta name=\"twitter:label2\" content=\"Predpokladan\u00fd \u010das \u010d\u00edtania\" \/>\n\t<meta name=\"twitter:data2\" content=\"2 min\u00faty\" \/>\n<script type=\"application\/ld+json\" class=\"yoast-schema-graph\">{\"@context\":\"https:\/\/schema.org\",\"@graph\":[{\"@type\":\"Article\",\"@id\":\"https:\/\/www.vkpbratislava.sk\/?p=5351#article\",\"isPartOf\":{\"@id\":\"https:\/\/www.vkpbratislava.sk\/?p=5351\"},\"author\":{\"name\":\"jenca\",\"@id\":\"https:\/\/www.vkpbratislava.sk\/#\/schema\/person\/7037e769f9515aa58493d1b5852c4c50\"},\"headline\":\"V\u00fdborn\u00e1 spr\u00e1va. Mu\u017ei okrem extraligy aj do Stredoeur\u00f3pskej ligy\",\"datePublished\":\"2021-06-15T13:29:21+00:00\",\"dateModified\":\"2021-06-15T13:46:45+00:00\",\"mainEntityOfPage\":{\"@id\":\"https:\/\/www.vkpbratislava.sk\/?p=5351\"},\"wordCount\":270,\"publisher\":{\"@id\":\"https:\/\/www.vkpbratislava.sk\/#organization\"},\"image\":{\"@id\":\"https:\/\/www.vkpbratislava.sk\/?p=5351#primaryimage\"},\"thumbnailUrl\":\"https:\/\/www.vkpbratislava.sk\/wp-content\/uploads\/2021\/06\/mevza2-kopie-1.jpg\",\"articleSection\":[\"Mu\u017ei\"],\"inLanguage\":\"sk-SK\"},{\"@type\":\"WebPage\",\"@id\":\"https:\/\/www.vkpbratislava.sk\/?p=5351\",\"url\":\"https:\/\/www.vkpbratislava.sk\/?p=5351\",\"name\":\"V\u00fdborn\u00e1 spr\u00e1va. Mu\u017ei okrem extraligy aj do Stredoeur\u00f3pskej ligy - VK SLOVAN Bratislava\",\"isPartOf\":{\"@id\":\"https:\/\/www.vkpbratislava.sk\/#website\"},\"primaryImageOfPage\":{\"@id\":\"https:\/\/www.vkpbratislava.sk\/?p=5351#primaryimage\"},\"image\":{\"@id\":\"https:\/\/www.vkpbratislava.sk\/?p=5351#primaryimage\"},\"thumbnailUrl\":\"https:\/\/www.vkpbratislava.sk\/wp-content\/uploads\/2021\/06\/mevza2-kopie-1.jpg\",\"datePublished\":\"2021-06-15T13:29:21+00:00\",\"dateModified\":\"2021-06-15T13:46:45+00:00\",\"description\":\"Okrem slovenskej extraligy a eur\u00f3pskeho Challenge Cupu bud\u00fa mu\u017ei VKP Bratislava hra\u0165 v\u00a0novej sez\u00f3ne aj Stredoeur\u00f3psku ligu vo volejbale (MEL), ktor\u00fa organizuje MEVZA.\",\"breadcrumb\":{\"@id\":\"https:\/\/www.vkpbratislava.sk\/?p=5351#breadcrumb\"},\"inLanguage\":\"sk-SK\",\"potentialAction\":[{\"@type\":\"ReadAction\",\"target\":[\"https:\/\/www.vkpbratislava.sk\/?p=5351\"]}]},{\"@type\":\"ImageObject\",\"inLanguage\":\"sk-SK\",\"@id\":\"https:\/\/www.vkpbratislava.sk\/?p=5351#primaryimage\",\"url\":\"https:\/\/www.vkpbratislava.sk\/wp-content\/uploads\/2021\/06\/mevza2-kopie-1.jpg\",\"contentUrl\":\"https:\/\/www.vkpbratislava.sk\/wp-content\/uploads\/2021\/06\/mevza2-kopie-1.jpg\",\"width\":863,\"height\":648},{\"@type\":\"BreadcrumbList\",\"@id\":\"https:\/\/www.vkpbratislava.sk\/?p=5351#breadcrumb\",\"itemListElement\":[{\"@type\":\"ListItem\",\"position\":1,\"name\":\"Domov\",\"item\":\"https:\/\/www.vkpbratislava.sk\/\"},{\"@type\":\"ListItem\",\"position\":2,\"name\":\"V\u00fdborn\u00e1 spr\u00e1va. Mu\u017ei okrem extraligy aj do Stredoeur\u00f3pskej ligy\"}]},{\"@type\":\"WebSite\",\"@id\":\"https:\/\/www.vkpbratislava.sk\/#website\",\"url\":\"https:\/\/www.vkpbratislava.sk\/\",\"name\":\"VK SLOVAN Bratislava\",\"description\":\"Volejbalov\u00fd klub\",\"publisher\":{\"@id\":\"https:\/\/www.vkpbratislava.sk\/#organization\"},\"potentialAction\":[{\"@type\":\"SearchAction\",\"target\":{\"@type\":\"EntryPoint\",\"urlTemplate\":\"https:\/\/www.vkpbratislava.sk\/?s={search_term_string}\"},\"query-input\":{\"@type\":\"PropertyValueSpecification\",\"valueRequired\":true,\"valueName\":\"search_term_string\"}}],\"inLanguage\":\"sk-SK\"},{\"@type\":\"Organization\",\"@id\":\"https:\/\/www.vkpbratislava.sk\/#organization\",\"name\":\"VKP Bratislava\",\"url\":\"https:\/\/www.vkpbratislava.sk\/\",\"logo\":{\"@type\":\"ImageObject\",\"inLanguage\":\"sk-SK\",\"@id\":\"https:\/\/www.vkpbratislava.sk\/#\/schema\/logo\/image\/\",\"url\":\"https:\/\/www.vkpbratislava.sk\/wp-content\/uploads\/2020\/10\/vkpBA.png\",\"contentUrl\":\"https:\/\/www.vkpbratislava.sk\/wp-content\/uploads\/2020\/10\/vkpBA.png\",\"width\":600,\"height\":600,\"caption\":\"VKP Bratislava\"},\"image\":{\"@id\":\"https:\/\/www.vkpbratislava.sk\/#\/schema\/logo\/image\/\"}},{\"@type\":\"Person\",\"@id\":\"https:\/\/www.vkpbratislava.sk\/#\/schema\/person\/7037e769f9515aa58493d1b5852c4c50\",\"name\":\"jenca\",\"image\":{\"@type\":\"ImageObject\",\"inLanguage\":\"sk-SK\",\"@id\":\"https:\/\/www.vkpbratislava.sk\/#\/schema\/person\/image\/\",\"url\":\"https:\/\/secure.gravatar.com\/avatar\/67aa89e9aab2911bbd0c6fbf0a891ea8d80c207c9b6a6e2c96e13fc2f16e536d?s=96&d=mm&r=g\",\"contentUrl\":\"https:\/\/secure.gravatar.com\/avatar\/67aa89e9aab2911bbd0c6fbf0a891ea8d80c207c9b6a6e2c96e13fc2f16e536d?s=96&d=mm&r=g\",\"caption\":\"jenca\"},\"url\":\"https:\/\/www.vkpbratislava.sk\/?author=3\"}]}<\/script>\n<!-- \/ Yoast SEO plugin. -->","yoast_head_json":{"title":"V\u00fdborn\u00e1 spr\u00e1va. Mu\u017ei okrem extraligy aj do Stredoeur\u00f3pskej ligy - VK SLOVAN Bratislava","description":"Okrem slovenskej extraligy a eur\u00f3pskeho Challenge Cupu bud\u00fa mu\u017ei VKP Bratislava hra\u0165 v\u00a0novej sez\u00f3ne aj Stredoeur\u00f3psku ligu vo volejbale (MEL), ktor\u00fa organizuje MEVZA.","robots":{"index":"index","follow":"follow","max-snippet":"max-snippet:-1","max-image-preview":"max-image-preview:large","max-video-preview":"max-video-preview:-1"},"canonical":"https:\/\/www.vkpbratislava.sk\/?p=5351","og_locale":"sk_SK","og_type":"article","og_title":"V\u00fdborn\u00e1 spr\u00e1va. Mu\u017ei okrem extraligy aj do Stredoeur\u00f3pskej ligy - VK SLOVAN Bratislava","og_description":"Okrem slovenskej extraligy a eur\u00f3pskeho Challenge Cupu bud\u00fa mu\u017ei VKP Bratislava hra\u0165 v\u00a0novej sez\u00f3ne aj Stredoeur\u00f3psku ligu vo volejbale (MEL), ktor\u00fa organizuje MEVZA.","og_url":"https:\/\/www.vkpbratislava.sk\/?p=5351","og_site_name":"VK SLOVAN Bratislava","article_published_time":"2021-06-15T13:29:21+00:00","article_modified_time":"2021-06-15T13:46:45+00:00","og_image":[{"width":863,"height":648,"url":"https:\/\/www.vkpbratislava.sk\/wp-content\/uploads\/2021\/06\/mevza2-kopie-1.jpg","type":"image\/jpeg"}],"author":"jenca","twitter_card":"summary_large_image","twitter_misc":{"Autor":"jenca","Predpokladan\u00fd \u010das \u010d\u00edtania":"2 min\u00faty"},"schema":{"@context":"https:\/\/schema.org","@graph":[{"@type":"Article","@id":"https:\/\/www.vkpbratislava.sk\/?p=5351#article","isPartOf":{"@id":"https:\/\/www.vkpbratislava.sk\/?p=5351"},"author":{"name":"jenca","@id":"https:\/\/www.vkpbratislava.sk\/#\/schema\/person\/7037e769f9515aa58493d1b5852c4c50"},"headline":"V\u00fdborn\u00e1 spr\u00e1va. Mu\u017ei okrem extraligy aj do Stredoeur\u00f3pskej ligy","datePublished":"2021-06-15T13:29:21+00:00","dateModified":"2021-06-15T13:46:45+00:00","mainEntityOfPage":{"@id":"https:\/\/www.vkpbratislava.sk\/?p=5351"},"wordCount":270,"publisher":{"@id":"https:\/\/www.vkpbratislava.sk\/#organization"},"image":{"@id":"https:\/\/www.vkpbratislava.sk\/?p=5351#primaryimage"},"thumbnailUrl":"https:\/\/www.vkpbratislava.sk\/wp-content\/uploads\/2021\/06\/mevza2-kopie-1.jpg","articleSection":["Mu\u017ei"],"inLanguage":"sk-SK"},{"@type":"WebPage","@id":"https:\/\/www.vkpbratislava.sk\/?p=5351","url":"https:\/\/www.vkpbratislava.sk\/?p=5351","name":"V\u00fdborn\u00e1 spr\u00e1va. Mu\u017ei okrem extraligy aj do Stredoeur\u00f3pskej ligy - VK SLOVAN Bratislava","isPartOf":{"@id":"https:\/\/www.vkpbratislava.sk\/#website"},"primaryImageOfPage":{"@id":"https:\/\/www.vkpbratislava.sk\/?p=5351#primaryimage"},"image":{"@id":"https:\/\/www.vkpbratislava.sk\/?p=5351#primaryimage"},"thumbnailUrl":"https:\/\/www.vkpbratislava.sk\/wp-content\/uploads\/2021\/06\/mevza2-kopie-1.jpg","datePublished":"2021-06-15T13:29:21+00:00","dateModified":"2021-06-15T13:46:45+00:00","description":"Okrem slovenskej extraligy a eur\u00f3pskeho Challenge Cupu bud\u00fa mu\u017ei VKP Bratislava hra\u0165 v\u00a0novej sez\u00f3ne aj Stredoeur\u00f3psku ligu vo volejbale (MEL), ktor\u00fa organizuje MEVZA.","breadcrumb":{"@id":"https:\/\/www.vkpbratislava.sk\/?p=5351#breadcrumb"},"inLanguage":"sk-SK","potentialAction":[{"@type":"ReadAction","target":["https:\/\/www.vkpbratislava.sk\/?p=5351"]}]},{"@type":"ImageObject","inLanguage":"sk-SK","@id":"https:\/\/www.vkpbratislava.sk\/?p=5351#primaryimage","url":"https:\/\/www.vkpbratislava.sk\/wp-content\/uploads\/2021\/06\/mevza2-kopie-1.jpg","contentUrl":"https:\/\/www.vkpbratislava.sk\/wp-content\/uploads\/2021\/06\/mevza2-kopie-1.jpg","width":863,"height":648},{"@type":"BreadcrumbList","@id":"https:\/\/www.vkpbratislava.sk\/?p=5351#breadcrumb","itemListElement":[{"@type":"ListItem","position":1,"name":"Domov","item":"https:\/\/www.vkpbratislava.sk\/"},{"@type":"ListItem","position":2,"name":"V\u00fdborn\u00e1 spr\u00e1va. Mu\u017ei okrem extraligy aj do Stredoeur\u00f3pskej ligy"}]},{"@type":"WebSite","@id":"https:\/\/www.vkpbratislava.sk\/#website","url":"https:\/\/www.vkpbratislava.sk\/","name":"VK SLOVAN Bratislava","description":"Volejbalov\u00fd klub","publisher":{"@id":"https:\/\/www.vkpbratislava.sk\/#organization"},"potentialAction":[{"@type":"SearchAction","target":{"@type":"EntryPoint","urlTemplate":"https:\/\/www.vkpbratislava.sk\/?s={search_term_string}"},"query-input":{"@type":"PropertyValueSpecification","valueRequired":true,"valueName":"search_term_string"}}],"inLanguage":"sk-SK"},{"@type":"Organization","@id":"https:\/\/www.vkpbratislava.sk\/#organization","name":"VKP Bratislava","url":"https:\/\/www.vkpbratislava.sk\/","logo":{"@type":"ImageObject","inLanguage":"sk-SK","@id":"https:\/\/www.vkpbratislava.sk\/#\/schema\/logo\/image\/","url":"https:\/\/www.vkpbratislava.sk\/wp-content\/uploads\/2020\/10\/vkpBA.png","contentUrl":"https:\/\/www.vkpbratislava.sk\/wp-content\/uploads\/2020\/10\/vkpBA.png","width":600,"height":600,"caption":"VKP Bratislava"},"image":{"@id":"https:\/\/www.vkpbratislava.sk\/#\/schema\/logo\/image\/"}},{"@type":"Person","@id":"https:\/\/www.vkpbratislava.sk\/#\/schema\/person\/7037e769f9515aa58493d1b5852c4c50","name":"jenca","image":{"@type":"ImageObject","inLanguage":"sk-SK","@id":"https:\/\/www.vkpbratislava.sk\/#\/schema\/person\/image\/","url":"https:\/\/secure.gravatar.com\/avatar\/67aa89e9aab2911bbd0c6fbf0a891ea8d80c207c9b6a6e2c96e13fc2f16e536d?s=96&d=mm&r=g","contentUrl":"https:\/\/secure.gravatar.com\/avatar\/67aa89e9aab2911bbd0c6fbf0a891ea8d80c207c9b6a6e2c96e13fc2f16e536d?s=96&d=mm&r=g","caption":"jenca"},"url":"https:\/\/www.vkpbratislava.sk\/?author=3"}]}},"_links":{"self":[{"href":"https:\/\/www.vkpbratislava.sk\/index.php?rest_route=\/wp\/v2\/posts\/5351","targetHints":{"allow":["GET"]}}],"collection":[{"href":"https:\/\/www.vkpbratislava.sk\/index.php?rest_route=\/wp\/v2\/posts"}],"about":[{"href":"https:\/\/www.vkpbratislava.sk\/index.php?rest_route=\/wp\/v2\/types\/post"}],"author":[{"embeddable":true,"href":"https:\/\/www.vkpbratislava.sk\/index.php?rest_route=\/wp\/v2\/users\/3"}],"replies":[{"embeddable":true,"href":"https:\/\/www.vkpbratislava.sk\/index.php?rest_route=%2Fwp%2Fv2%2Fcomments&post=5351"}],"version-history":[{"count":4,"href":"https:\/\/www.vkpbratislava.sk\/index.php?rest_route=\/wp\/v2\/posts\/5351\/revisions"}],"predecessor-version":[{"id":5358,"href":"https:\/\/www.vkpbratislava.sk\/index.php?rest_route=\/wp\/v2\/posts\/5351\/revisions\/5358"}],"wp:featuredmedia":[{"embeddable":true,"href":"https:\/\/www.vkpbratislava.sk\/index.php?rest_route=\/wp\/v2\/media\/5359"}],"wp:attachment":[{"href":"https:\/\/www.vkpbratislava.sk\/index.php?rest_route=%2Fwp%2Fv2%2Fmedia&parent=5351"}],"wp:term":[{"taxonomy":"category","embeddable":true,"href":"https:\/\/www.vkpbratislava.sk\/index.php?rest_route=%2Fwp%2Fv2%2Fcategories&post=5351"},{"taxonomy":"post_tag","embeddable":true,"href":"https:\/\/www.vkpbratislava.sk\/index.php?rest_route=%2Fwp%2Fv2%2Ftags&post=5351"}],"curies":[{"name":"wp","href":"https:\/\/api.w.org\/{rel}","templated":true}]}}