{"id":5362,"date":"2021-06-16T11:23:41","date_gmt":"2021-06-16T09:23:41","guid":{"rendered":"https:\/\/www.vkpbratislava.sk\/?p=5362"},"modified":"2021-06-16T12:15:47","modified_gmt":"2021-06-16T10:15:47","slug":"noseka-nahradi-matus-kalny-zeny-povedie-hancak","status":"publish","type":"post","link":"https:\/\/www.vkpbratislava.sk\/?p=5362","title":{"rendered":"Noseka nahrad\u00ed Mat\u00fa\u0161 Kaln\u00fd, \u017eeny povedie Han\u010d\u00e1k"},"content":{"rendered":"<p><strong>Volejbalov\u00fd klub VKP Bratislava uzavrel tr\u00e9nersk\u00e9 ot\u00e1zky v\u00a0extraligov\u00fdch t\u00edmoch. Hlavn\u00fdm tr\u00e9nerom mu\u017eov bude Mat\u00fa\u0161 Kaln\u00fd, \u017eeny bude ma\u0165 pod patron\u00e1tom Jaroslav Han\u010d\u00e1k.<\/strong><\/p>\n<p>Mu\u017eov v\u00a0uplynulej sez\u00f3ne viedol Jaroslav Nosek, ktor\u00fd \u201epolicajtov\u201c doviedol do \u0161tvr\u0165fin\u00e1le play-off. Vedenie klubu sa pred nasleduj\u00facou sez\u00f3nou 2021\/2022 rozhodlo pre zmenu na poste hlavn\u00e9ho tr\u00e9nera. \u201eChceli by sme mu po\u010fakova\u0165 za pr\u00e1cu v\u00a0na\u0161om klube. Je to skvel\u00fd \u010dlovek, v\u00fdborn\u00fd tr\u00e9ner. Sme radi, \u017ee pr\u00e1ve on viedol mu\u017eov pri n\u00e1vrate klubu do Bratislavy. Ver\u00edm, \u017ee sa na\u0161e cesty e\u0161te niekedy spoja a\u00a0ako prav\u00fd srdciar bude na\u010falej na\u0161im ve\u013ek\u00fdm fan\u00fa\u0161ikom,\u201c uviedol gener\u00e1lny mana\u017e\u00e9r klubu Tom\u00e1\u0161 Jen\u010da.<\/p>\n<p>Jaroslavovi Nosekovi kon\u010d\u00ed zmluva 30. j\u00fana 2021. Jeho n\u00e1stupcom sa od 1. j\u00fala 2021 stane Mat\u00fa\u0161 Kaln\u00fd, ktor\u00fd bude v\u00a0klube p\u00f4sobi\u0165 po boku otca Petra Kaln\u00e9ho, ktor\u00fd sa stal \u0161portov\u00fdm riadite\u013eom VKP. \u201eDohodli sme sa na trojro\u010dnej zmluve. Sme radi, \u017ee sme otca i\u00a0syna Kaln\u00fdch z\u00edskali do na\u0161ich radov. S\u00fa to sk\u00fasen\u00ed odborn\u00edci, ktor\u00ed miluj\u00fa volejbal. Ver\u00edme, \u017ee s\u00a0ich pr\u00edchodom budeme v\u00a0novej sez\u00f3ne bojova\u0165 o\u00a0medaily,\u201c povedal Jen\u010da.<\/p>\n<p><img loading=\"lazy\" decoding=\"async\" class=\"alignnone size-medium wp-image-5367\" src=\"https:\/\/www.vkpbratislava.sk\/wp-content\/uploads\/2021\/06\/IMG_5667-640x463.jpg\" alt=\"\" width=\"640\" height=\"463\" srcset=\"https:\/\/www.vkpbratislava.sk\/wp-content\/uploads\/2021\/06\/IMG_5667-640x463.jpg 640w, https:\/\/www.vkpbratislava.sk\/wp-content\/uploads\/2021\/06\/IMG_5667-1280x926.jpg 1280w, https:\/\/www.vkpbratislava.sk\/wp-content\/uploads\/2021\/06\/IMG_5667-768x556.jpg 768w, https:\/\/www.vkpbratislava.sk\/wp-content\/uploads\/2021\/06\/IMG_5667-1536x1112.jpg 1536w, https:\/\/www.vkpbratislava.sk\/wp-content\/uploads\/2021\/06\/IMG_5667-2048x1482.jpg 2048w, https:\/\/www.vkpbratislava.sk\/wp-content\/uploads\/2021\/06\/IMG_5667-320x232.jpg 320w, https:\/\/www.vkpbratislava.sk\/wp-content\/uploads\/2021\/06\/IMG_5667-600x434.jpg 600w\" sizes=\"auto, (max-width: 640px) 100vw, 640px\" \/><\/p>\n<p>\u0160tyridsa\u0165ro\u010dn\u00fd Mat\u00fa\u0161 Kaln\u00fd posledn\u00e9 dve sez\u00f3ny p\u00f4sobil pri \u017een\u00e1ch KP Brno. Predt\u00fdm viedol sedem sez\u00f3n ml\u00e1de\u017en\u00edcke reprezent\u00e1cie Nemecka. V roku 2015 skon\u010dil na 4. mieste na ME do 19 rokov, s juniormi do 18 rokov sa stal v roku 2018 majstrom Eur\u00f3py. M\u00e1 bohat\u00e9 sk\u00fasenosti zo zahrani\u010dia, kde viedol ligov\u00e9 t\u00edmy &#8211; mu\u017eov VSG Coburg v Nemecku, \u017eeny SV Schwechat v Rak\u00fasku, kde bol z\u00e1rove\u0148 tr\u00e9ner juniorskej reprezent\u00e1cie Rak\u00faska a tie\u017e mu\u017eov SEAT Volley N\u00e4fels vo \u0160vaj\u010diarsku. Po dlh\u00fdch rokoch v cudzine sa vracia na Slovensko do naj\u00faspe\u0161nej\u0161ieho mu\u017esk\u00e9ho t\u00edmu VKP Bratislava. \u201ePocity s\u00fa v\u00fdborn\u00e9. Oslovil ma projekt rozvoja aj mlad\u00fdch hr\u00e1\u010dov, ktor\u00fd je koncep\u010dne nastaven\u00fd na dlh\u0161ie obdobie. Te\u0161\u00edm sa aj na premi\u00e9rov\u00fa spolupr\u00e1cu s\u00a0mojim otcom. V\u00a0minulosti mi vo ve\u013ea veciach pomohol, ver\u00edm, \u017ee mi pom\u00f4\u017ee aj teraz. Mysl\u00edm si, \u017ee na\u0161a spolupr\u00e1ca bude prospe\u0161n\u00e1 pre cel\u00fd klub,\u201c uviedol nov\u00fd tr\u00e9ner mu\u017eov Mat\u00fa\u0161 Kaln\u00fd, ktor\u00e9mu bude okrem otca asistova\u0165 aj Juraj Ti\u0148o.<\/p>\n<h5>Pri \u017een\u00e1ch dvojica Han\u010d\u00e1k &#8211; Hric<\/h5>\n<p>Pri novotvoriacom sa kolekt\u00edve \u017eien bude hlavn\u00fdm tr\u00e9nerom Jaroslav Han\u010d\u00e1k. \u201eJe to mlad\u00fd, perspekt\u00edvny tr\u00e9ner, ktor\u00fd u\u017e nazbieral sk\u00fasenosti z\u00a0extraligov\u00fdch paluboviek, ale aj na medzin\u00e1rodnej \u00farovni. Ver\u00edme, \u017ee spolo\u010dne s\u00a0asistentom Marekom Hricom bud\u00fa \u00faspe\u0161n\u00ed aj pri prvej sez\u00f3ne vo VKP Bratislava,\u201c povedal mana\u017e\u00e9r \u017eensk\u00e9ho t\u00edmu R\u00f3bert Hronsk\u00fd.<\/p>\n<p>Tridsa\u0165\u0161es\u0165ro\u010dn\u00fd rod\u00e1k zo Svidn\u00edka tr\u00e9noval ml\u00e1de\u017e \u0160\u0160K Bil\u00edkova Bratislava, p\u00f4sobil ako asistent pri kadetk\u00e1ch reprezent\u00e1cie Slovenska i VK Paneur\u00f3pa Bratislava a\u00a0bol hlavn\u00fdm tr\u00e9nerom vo VTC Pezinok Bil\u00edkova. Tie\u017e bol dva roky kormideln\u00edkom \u017eenskej reprezent\u00e1cie do 19 rokov. Uplynul\u00fa sez\u00f3nu bol asistentom tr\u00e9nerky Evy Kosekovej v\u00a0Strabagu. \u201e\u017deny vo VKP Bratislava e\u0161te neboli. Te\u0161\u00edm sa na spolupr\u00e1cu v\u00a0klube. D\u00fafam, \u017ee v\u0161etko bude pekne fungova\u0165. Uvid\u00edme ako bude vyzera\u0165 zlo\u017eenie extraligy. Od toho sa bud\u00fa odv\u00edja\u0165 aj amb\u00edcie. Pod\u013ea toho si vieme bli\u017e\u0161ie \u0161pecifikova\u0165 ciele. Ur\u010dite to bude umiestnenie v\u00a0prvej \u0161tvorke. Zatia\u013e sme len v\u00a0obdob\u00ed pr\u00edpravy a skladby t\u00edmu,\u201c prezradil nov\u00fd kou\u010d \u017eien Jaroslav Han\u010d\u00e1k. \u201eObom tr\u00e9nerom dr\u017e\u00edme palce a ver\u00edme, \u017ee sa spolo\u010dne budeme te\u0161i\u0165 z \u00faspechov mu\u017eov i \u017eien,&#8220; dodal Jen\u010da.<\/p>\n<p><img loading=\"lazy\" decoding=\"async\" class=\"alignnone size-medium wp-image-5368\" src=\"https:\/\/www.vkpbratislava.sk\/wp-content\/uploads\/2021\/06\/IMG_5665-640x586.jpg\" alt=\"\" width=\"640\" height=\"586\" srcset=\"https:\/\/www.vkpbratislava.sk\/wp-content\/uploads\/2021\/06\/IMG_5665-640x586.jpg 640w, https:\/\/www.vkpbratislava.sk\/wp-content\/uploads\/2021\/06\/IMG_5665-1280x1172.jpg 1280w, https:\/\/www.vkpbratislava.sk\/wp-content\/uploads\/2021\/06\/IMG_5665-768x703.jpg 768w, https:\/\/www.vkpbratislava.sk\/wp-content\/uploads\/2021\/06\/IMG_5665-1536x1407.jpg 1536w, https:\/\/www.vkpbratislava.sk\/wp-content\/uploads\/2021\/06\/IMG_5665-2048x1876.jpg 2048w, https:\/\/www.vkpbratislava.sk\/wp-content\/uploads\/2021\/06\/IMG_5665-320x293.jpg 320w, https:\/\/www.vkpbratislava.sk\/wp-content\/uploads\/2021\/06\/IMG_5665-600x550.jpg 600w\" sizes=\"auto, (max-width: 640px) 100vw, 640px\" \/><\/p>\n<p>&nbsp;<\/p>\n<p>&nbsp;<\/p>\n<p>&nbsp;<\/p>\n<p>&nbsp;<\/p>\n<p>&nbsp;<\/p>\n<p>&nbsp;<\/p>\n<p>&nbsp;<\/p>\n<p>&nbsp;<\/p>\n<p>(<\/p>\n","protected":false},"excerpt":{"rendered":"<p>Volejbalov\u00fd klub VKP Bratislava uzavrel tr\u00e9nersk\u00e9 ot\u00e1zky v\u00a0extraligov\u00fdch t\u00edmoch. Hlavn\u00fdm tr\u00e9nerom mu\u017eov bude Mat\u00fa\u0161 Kaln\u00fd, \u017eeny bude ma\u0165 pod patron\u00e1tom Jaroslav Han\u010d\u00e1k.<\/p>\n","protected":false},"author":3,"featured_media":5370,"comment_status":"closed","ping_status":"open","sticky":false,"template":"","format":"standard","meta":{"_monsterinsights_skip_tracking":false,"_monsterinsights_sitenote_active":false,"_monsterinsights_sitenote_note":"","_monsterinsights_sitenote_category":0,"footnotes":""},"categories":[47,48],"tags":[],"class_list":["post-5362","post","type-post","status-publish","format-standard","has-post-thumbnail","hentry","category-muzi","category-zeny"],"yoast_head":"<!-- This site is optimized with the Yoast SEO plugin v25.6 - https:\/\/yoast.com\/wordpress\/plugins\/seo\/ -->\n<title>Noseka nahrad\u00ed Mat\u00fa\u0161 Kaln\u00fd, \u017eeny povedie Han\u010d\u00e1k - VK SLOVAN Bratislava<\/title>\n<meta name=\"description\" content=\"Volejbalov\u00fd klub VKP Bratislava uzavrel tr\u00e9nersk\u00e9 ot\u00e1zky v\u00a0extraligov\u00fdch t\u00edmoch. Hlavn\u00fdm tr\u00e9nerom mu\u017eov bude Mat\u00fa\u0161 Kaln\u00fd, \u017eeny bude ma\u0165 pod patron\u00e1tom Jaroslav Han\u010d\u00e1k.\" \/>\n<meta name=\"robots\" content=\"index, follow, max-snippet:-1, max-image-preview:large, max-video-preview:-1\" \/>\n<link rel=\"canonical\" href=\"https:\/\/www.vkpbratislava.sk\/?p=5362\" \/>\n<meta property=\"og:locale\" content=\"sk_SK\" \/>\n<meta property=\"og:type\" content=\"article\" \/>\n<meta property=\"og:title\" content=\"Noseka nahrad\u00ed Mat\u00fa\u0161 Kaln\u00fd, \u017eeny povedie Han\u010d\u00e1k - VK SLOVAN Bratislava\" \/>\n<meta property=\"og:description\" content=\"Volejbalov\u00fd klub VKP Bratislava uzavrel tr\u00e9nersk\u00e9 ot\u00e1zky v\u00a0extraligov\u00fdch t\u00edmoch. Hlavn\u00fdm tr\u00e9nerom mu\u017eov bude Mat\u00fa\u0161 Kaln\u00fd, \u017eeny bude ma\u0165 pod patron\u00e1tom Jaroslav Han\u010d\u00e1k.\" \/>\n<meta property=\"og:url\" content=\"https:\/\/www.vkpbratislava.sk\/?p=5362\" \/>\n<meta property=\"og:site_name\" content=\"VK SLOVAN Bratislava\" \/>\n<meta property=\"article:published_time\" content=\"2021-06-16T09:23:41+00:00\" \/>\n<meta property=\"article:modified_time\" content=\"2021-06-16T10:15:47+00:00\" \/>\n<meta property=\"og:image\" content=\"https:\/\/www.vkpbratislava.sk\/wp-content\/uploads\/2021\/06\/IMG_5661-1-scaled.jpg\" \/>\n\t<meta property=\"og:image:width\" content=\"2560\" \/>\n\t<meta property=\"og:image:height\" content=\"1920\" \/>\n\t<meta property=\"og:image:type\" content=\"image\/jpeg\" \/>\n<meta name=\"author\" content=\"jenca\" \/>\n<meta name=\"twitter:card\" content=\"summary_large_image\" \/>\n<meta name=\"twitter:label1\" content=\"Autor\" \/>\n\t<meta name=\"twitter:data1\" content=\"jenca\" \/>\n\t<meta name=\"twitter:label2\" content=\"Predpokladan\u00fd \u010das \u010d\u00edtania\" \/>\n\t<meta name=\"twitter:data2\" content=\"3 min\u00faty\" \/>\n<script type=\"application\/ld+json\" class=\"yoast-schema-graph\">{\"@context\":\"https:\/\/schema.org\",\"@graph\":[{\"@type\":\"Article\",\"@id\":\"https:\/\/www.vkpbratislava.sk\/?p=5362#article\",\"isPartOf\":{\"@id\":\"https:\/\/www.vkpbratislava.sk\/?p=5362\"},\"author\":{\"name\":\"jenca\",\"@id\":\"https:\/\/www.vkpbratislava.sk\/#\/schema\/person\/7037e769f9515aa58493d1b5852c4c50\"},\"headline\":\"Noseka nahrad\u00ed Mat\u00fa\u0161 Kaln\u00fd, \u017eeny povedie Han\u010d\u00e1k\",\"datePublished\":\"2021-06-16T09:23:41+00:00\",\"dateModified\":\"2021-06-16T10:15:47+00:00\",\"mainEntityOfPage\":{\"@id\":\"https:\/\/www.vkpbratislava.sk\/?p=5362\"},\"wordCount\":677,\"publisher\":{\"@id\":\"https:\/\/www.vkpbratislava.sk\/#organization\"},\"image\":{\"@id\":\"https:\/\/www.vkpbratislava.sk\/?p=5362#primaryimage\"},\"thumbnailUrl\":\"https:\/\/www.vkpbratislava.sk\/wp-content\/uploads\/2021\/06\/IMG_5661-1-scaled.jpg\",\"articleSection\":[\"Mu\u017ei\",\"\u017deny\"],\"inLanguage\":\"sk-SK\"},{\"@type\":\"WebPage\",\"@id\":\"https:\/\/www.vkpbratislava.sk\/?p=5362\",\"url\":\"https:\/\/www.vkpbratislava.sk\/?p=5362\",\"name\":\"Noseka nahrad\u00ed Mat\u00fa\u0161 Kaln\u00fd, \u017eeny povedie Han\u010d\u00e1k - VK SLOVAN Bratislava\",\"isPartOf\":{\"@id\":\"https:\/\/www.vkpbratislava.sk\/#website\"},\"primaryImageOfPage\":{\"@id\":\"https:\/\/www.vkpbratislava.sk\/?p=5362#primaryimage\"},\"image\":{\"@id\":\"https:\/\/www.vkpbratislava.sk\/?p=5362#primaryimage\"},\"thumbnailUrl\":\"https:\/\/www.vkpbratislava.sk\/wp-content\/uploads\/2021\/06\/IMG_5661-1-scaled.jpg\",\"datePublished\":\"2021-06-16T09:23:41+00:00\",\"dateModified\":\"2021-06-16T10:15:47+00:00\",\"description\":\"Volejbalov\u00fd klub VKP Bratislava uzavrel tr\u00e9nersk\u00e9 ot\u00e1zky v\u00a0extraligov\u00fdch t\u00edmoch. Hlavn\u00fdm tr\u00e9nerom mu\u017eov bude Mat\u00fa\u0161 Kaln\u00fd, \u017eeny bude ma\u0165 pod patron\u00e1tom Jaroslav Han\u010d\u00e1k.\",\"breadcrumb\":{\"@id\":\"https:\/\/www.vkpbratislava.sk\/?p=5362#breadcrumb\"},\"inLanguage\":\"sk-SK\",\"potentialAction\":[{\"@type\":\"ReadAction\",\"target\":[\"https:\/\/www.vkpbratislava.sk\/?p=5362\"]}]},{\"@type\":\"ImageObject\",\"inLanguage\":\"sk-SK\",\"@id\":\"https:\/\/www.vkpbratislava.sk\/?p=5362#primaryimage\",\"url\":\"https:\/\/www.vkpbratislava.sk\/wp-content\/uploads\/2021\/06\/IMG_5661-1-scaled.jpg\",\"contentUrl\":\"https:\/\/www.vkpbratislava.sk\/wp-content\/uploads\/2021\/06\/IMG_5661-1-scaled.jpg\",\"width\":2560,\"height\":1920},{\"@type\":\"BreadcrumbList\",\"@id\":\"https:\/\/www.vkpbratislava.sk\/?p=5362#breadcrumb\",\"itemListElement\":[{\"@type\":\"ListItem\",\"position\":1,\"name\":\"Domov\",\"item\":\"https:\/\/www.vkpbratislava.sk\/\"},{\"@type\":\"ListItem\",\"position\":2,\"name\":\"Noseka nahrad\u00ed Mat\u00fa\u0161 Kaln\u00fd, \u017eeny povedie Han\u010d\u00e1k\"}]},{\"@type\":\"WebSite\",\"@id\":\"https:\/\/www.vkpbratislava.sk\/#website\",\"url\":\"https:\/\/www.vkpbratislava.sk\/\",\"name\":\"VK SLOVAN Bratislava\",\"description\":\"Volejbalov\u00fd klub\",\"publisher\":{\"@id\":\"https:\/\/www.vkpbratislava.sk\/#organization\"},\"potentialAction\":[{\"@type\":\"SearchAction\",\"target\":{\"@type\":\"EntryPoint\",\"urlTemplate\":\"https:\/\/www.vkpbratislava.sk\/?s={search_term_string}\"},\"query-input\":{\"@type\":\"PropertyValueSpecification\",\"valueRequired\":true,\"valueName\":\"search_term_string\"}}],\"inLanguage\":\"sk-SK\"},{\"@type\":\"Organization\",\"@id\":\"https:\/\/www.vkpbratislava.sk\/#organization\",\"name\":\"VKP Bratislava\",\"url\":\"https:\/\/www.vkpbratislava.sk\/\",\"logo\":{\"@type\":\"ImageObject\",\"inLanguage\":\"sk-SK\",\"@id\":\"https:\/\/www.vkpbratislava.sk\/#\/schema\/logo\/image\/\",\"url\":\"https:\/\/www.vkpbratislava.sk\/wp-content\/uploads\/2020\/10\/vkpBA.png\",\"contentUrl\":\"https:\/\/www.vkpbratislava.sk\/wp-content\/uploads\/2020\/10\/vkpBA.png\",\"width\":600,\"height\":600,\"caption\":\"VKP Bratislava\"},\"image\":{\"@id\":\"https:\/\/www.vkpbratislava.sk\/#\/schema\/logo\/image\/\"}},{\"@type\":\"Person\",\"@id\":\"https:\/\/www.vkpbratislava.sk\/#\/schema\/person\/7037e769f9515aa58493d1b5852c4c50\",\"name\":\"jenca\",\"image\":{\"@type\":\"ImageObject\",\"inLanguage\":\"sk-SK\",\"@id\":\"https:\/\/www.vkpbratislava.sk\/#\/schema\/person\/image\/\",\"url\":\"https:\/\/secure.gravatar.com\/avatar\/67aa89e9aab2911bbd0c6fbf0a891ea8d80c207c9b6a6e2c96e13fc2f16e536d?s=96&d=mm&r=g\",\"contentUrl\":\"https:\/\/secure.gravatar.com\/avatar\/67aa89e9aab2911bbd0c6fbf0a891ea8d80c207c9b6a6e2c96e13fc2f16e536d?s=96&d=mm&r=g\",\"caption\":\"jenca\"},\"url\":\"https:\/\/www.vkpbratislava.sk\/?author=3\"}]}<\/script>\n<!-- \/ Yoast SEO plugin. -->","yoast_head_json":{"title":"Noseka nahrad\u00ed Mat\u00fa\u0161 Kaln\u00fd, \u017eeny povedie Han\u010d\u00e1k - VK SLOVAN Bratislava","description":"Volejbalov\u00fd klub VKP Bratislava uzavrel tr\u00e9nersk\u00e9 ot\u00e1zky v\u00a0extraligov\u00fdch t\u00edmoch. Hlavn\u00fdm tr\u00e9nerom mu\u017eov bude Mat\u00fa\u0161 Kaln\u00fd, \u017eeny bude ma\u0165 pod patron\u00e1tom Jaroslav Han\u010d\u00e1k.","robots":{"index":"index","follow":"follow","max-snippet":"max-snippet:-1","max-image-preview":"max-image-preview:large","max-video-preview":"max-video-preview:-1"},"canonical":"https:\/\/www.vkpbratislava.sk\/?p=5362","og_locale":"sk_SK","og_type":"article","og_title":"Noseka nahrad\u00ed Mat\u00fa\u0161 Kaln\u00fd, \u017eeny povedie Han\u010d\u00e1k - VK SLOVAN Bratislava","og_description":"Volejbalov\u00fd klub VKP Bratislava uzavrel tr\u00e9nersk\u00e9 ot\u00e1zky v\u00a0extraligov\u00fdch t\u00edmoch. Hlavn\u00fdm tr\u00e9nerom mu\u017eov bude Mat\u00fa\u0161 Kaln\u00fd, \u017eeny bude ma\u0165 pod patron\u00e1tom Jaroslav Han\u010d\u00e1k.","og_url":"https:\/\/www.vkpbratislava.sk\/?p=5362","og_site_name":"VK SLOVAN Bratislava","article_published_time":"2021-06-16T09:23:41+00:00","article_modified_time":"2021-06-16T10:15:47+00:00","og_image":[{"width":2560,"height":1920,"url":"https:\/\/www.vkpbratislava.sk\/wp-content\/uploads\/2021\/06\/IMG_5661-1-scaled.jpg","type":"image\/jpeg"}],"author":"jenca","twitter_card":"summary_large_image","twitter_misc":{"Autor":"jenca","Predpokladan\u00fd \u010das \u010d\u00edtania":"3 min\u00faty"},"schema":{"@context":"https:\/\/schema.org","@graph":[{"@type":"Article","@id":"https:\/\/www.vkpbratislava.sk\/?p=5362#article","isPartOf":{"@id":"https:\/\/www.vkpbratislava.sk\/?p=5362"},"author":{"name":"jenca","@id":"https:\/\/www.vkpbratislava.sk\/#\/schema\/person\/7037e769f9515aa58493d1b5852c4c50"},"headline":"Noseka nahrad\u00ed Mat\u00fa\u0161 Kaln\u00fd, \u017eeny povedie Han\u010d\u00e1k","datePublished":"2021-06-16T09:23:41+00:00","dateModified":"2021-06-16T10:15:47+00:00","mainEntityOfPage":{"@id":"https:\/\/www.vkpbratislava.sk\/?p=5362"},"wordCount":677,"publisher":{"@id":"https:\/\/www.vkpbratislava.sk\/#organization"},"image":{"@id":"https:\/\/www.vkpbratislava.sk\/?p=5362#primaryimage"},"thumbnailUrl":"https:\/\/www.vkpbratislava.sk\/wp-content\/uploads\/2021\/06\/IMG_5661-1-scaled.jpg","articleSection":["Mu\u017ei","\u017deny"],"inLanguage":"sk-SK"},{"@type":"WebPage","@id":"https:\/\/www.vkpbratislava.sk\/?p=5362","url":"https:\/\/www.vkpbratislava.sk\/?p=5362","name":"Noseka nahrad\u00ed Mat\u00fa\u0161 Kaln\u00fd, \u017eeny povedie Han\u010d\u00e1k - VK SLOVAN Bratislava","isPartOf":{"@id":"https:\/\/www.vkpbratislava.sk\/#website"},"primaryImageOfPage":{"@id":"https:\/\/www.vkpbratislava.sk\/?p=5362#primaryimage"},"image":{"@id":"https:\/\/www.vkpbratislava.sk\/?p=5362#primaryimage"},"thumbnailUrl":"https:\/\/www.vkpbratislava.sk\/wp-content\/uploads\/2021\/06\/IMG_5661-1-scaled.jpg","datePublished":"2021-06-16T09:23:41+00:00","dateModified":"2021-06-16T10:15:47+00:00","description":"Volejbalov\u00fd klub VKP Bratislava uzavrel tr\u00e9nersk\u00e9 ot\u00e1zky v\u00a0extraligov\u00fdch t\u00edmoch. Hlavn\u00fdm tr\u00e9nerom mu\u017eov bude Mat\u00fa\u0161 Kaln\u00fd, \u017eeny bude ma\u0165 pod patron\u00e1tom Jaroslav Han\u010d\u00e1k.","breadcrumb":{"@id":"https:\/\/www.vkpbratislava.sk\/?p=5362#breadcrumb"},"inLanguage":"sk-SK","potentialAction":[{"@type":"ReadAction","target":["https:\/\/www.vkpbratislava.sk\/?p=5362"]}]},{"@type":"ImageObject","inLanguage":"sk-SK","@id":"https:\/\/www.vkpbratislava.sk\/?p=5362#primaryimage","url":"https:\/\/www.vkpbratislava.sk\/wp-content\/uploads\/2021\/06\/IMG_5661-1-scaled.jpg","contentUrl":"https:\/\/www.vkpbratislava.sk\/wp-content\/uploads\/2021\/06\/IMG_5661-1-scaled.jpg","width":2560,"height":1920},{"@type":"BreadcrumbList","@id":"https:\/\/www.vkpbratislava.sk\/?p=5362#breadcrumb","itemListElement":[{"@type":"ListItem","position":1,"name":"Domov","item":"https:\/\/www.vkpbratislava.sk\/"},{"@type":"ListItem","position":2,"name":"Noseka nahrad\u00ed Mat\u00fa\u0161 Kaln\u00fd, \u017eeny povedie Han\u010d\u00e1k"}]},{"@type":"WebSite","@id":"https:\/\/www.vkpbratislava.sk\/#website","url":"https:\/\/www.vkpbratislava.sk\/","name":"VK SLOVAN Bratislava","description":"Volejbalov\u00fd klub","publisher":{"@id":"https:\/\/www.vkpbratislava.sk\/#organization"},"potentialAction":[{"@type":"SearchAction","target":{"@type":"EntryPoint","urlTemplate":"https:\/\/www.vkpbratislava.sk\/?s={search_term_string}"},"query-input":{"@type":"PropertyValueSpecification","valueRequired":true,"valueName":"search_term_string"}}],"inLanguage":"sk-SK"},{"@type":"Organization","@id":"https:\/\/www.vkpbratislava.sk\/#organization","name":"VKP Bratislava","url":"https:\/\/www.vkpbratislava.sk\/","logo":{"@type":"ImageObject","inLanguage":"sk-SK","@id":"https:\/\/www.vkpbratislava.sk\/#\/schema\/logo\/image\/","url":"https:\/\/www.vkpbratislava.sk\/wp-content\/uploads\/2020\/10\/vkpBA.png","contentUrl":"https:\/\/www.vkpbratislava.sk\/wp-content\/uploads\/2020\/10\/vkpBA.png","width":600,"height":600,"caption":"VKP Bratislava"},"image":{"@id":"https:\/\/www.vkpbratislava.sk\/#\/schema\/logo\/image\/"}},{"@type":"Person","@id":"https:\/\/www.vkpbratislava.sk\/#\/schema\/person\/7037e769f9515aa58493d1b5852c4c50","name":"jenca","image":{"@type":"ImageObject","inLanguage":"sk-SK","@id":"https:\/\/www.vkpbratislava.sk\/#\/schema\/person\/image\/","url":"https:\/\/secure.gravatar.com\/avatar\/67aa89e9aab2911bbd0c6fbf0a891ea8d80c207c9b6a6e2c96e13fc2f16e536d?s=96&d=mm&r=g","contentUrl":"https:\/\/secure.gravatar.com\/avatar\/67aa89e9aab2911bbd0c6fbf0a891ea8d80c207c9b6a6e2c96e13fc2f16e536d?s=96&d=mm&r=g","caption":"jenca"},"url":"https:\/\/www.vkpbratislava.sk\/?author=3"}]}},"_links":{"self":[{"href":"https:\/\/www.vkpbratislava.sk\/index.php?rest_route=\/wp\/v2\/posts\/5362","targetHints":{"allow":["GET"]}}],"collection":[{"href":"https:\/\/www.vkpbratislava.sk\/index.php?rest_route=\/wp\/v2\/posts"}],"about":[{"href":"https:\/\/www.vkpbratislava.sk\/index.php?rest_route=\/wp\/v2\/types\/post"}],"author":[{"embeddable":true,"href":"https:\/\/www.vkpbratislava.sk\/index.php?rest_route=\/wp\/v2\/users\/3"}],"replies":[{"embeddable":true,"href":"https:\/\/www.vkpbratislava.sk\/index.php?rest_route=%2Fwp%2Fv2%2Fcomments&post=5362"}],"version-history":[{"count":4,"href":"https:\/\/www.vkpbratislava.sk\/index.php?rest_route=\/wp\/v2\/posts\/5362\/revisions"}],"predecessor-version":[{"id":5374,"href":"https:\/\/www.vkpbratislava.sk\/index.php?rest_route=\/wp\/v2\/posts\/5362\/revisions\/5374"}],"wp:featuredmedia":[{"embeddable":true,"href":"https:\/\/www.vkpbratislava.sk\/index.php?rest_route=\/wp\/v2\/media\/5370"}],"wp:attachment":[{"href":"https:\/\/www.vkpbratislava.sk\/index.php?rest_route=%2Fwp%2Fv2%2Fmedia&parent=5362"}],"wp:term":[{"taxonomy":"category","embeddable":true,"href":"https:\/\/www.vkpbratislava.sk\/index.php?rest_route=%2Fwp%2Fv2%2Fcategories&post=5362"},{"taxonomy":"post_tag","embeddable":true,"href":"https:\/\/www.vkpbratislava.sk\/index.php?rest_route=%2Fwp%2Fv2%2Ftags&post=5362"}],"curies":[{"name":"wp","href":"https:\/\/api.w.org\/{rel}","templated":true}]}}