{"id":53759,"date":"2026-04-30T16:19:04","date_gmt":"2026-04-30T14:19:04","guid":{"rendered":"https:\/\/www.vkpbratislava.sk\/?p=53759"},"modified":"2026-04-30T16:19:04","modified_gmt":"2026-04-30T14:19:04","slug":"andrea-snopkova-hrali-sme-ako-tim-bol-to-nas-najlepsi-zapas-v-serii","status":"publish","type":"post","link":"https:\/\/www.vkpbratislava.sk\/?p=53759","title":{"rendered":"Andrea Snopkov\u00e1: Hrali sme ako t\u00edm. Bol to n\u00e1\u0161 najlep\u0161\u00ed z\u00e1pas v s\u00e9rii"},"content":{"rendered":"<p>\u0160tvrt\u00fd fin\u00e1lov\u00fd z\u00e1pas Nik\u00e9 Extraligy \u017eien priniesol v\u0161etko, \u010do m\u00e1 rozhoduj\u00faca f\u00e1za sez\u00f3ny pon\u00faknu\u0165. Em\u00f3cie, zvraty, bojovnos\u0165 aj dramatick\u00fd tajbrejk so \u0161\u0165astn\u00fdm koncom pre Slovan. Po d\u00f4le\u017eitom v\u00ed\u0165azstve 3:2 na palubovke KOOPERATIVA Sl\u00e1via EUBA zhodnotila duel asistentka tr\u00e9nera Pavla Bern\u00e1tha Andrea Snopkov\u00e1.<\/p>\n<p>&nbsp;<\/p>\n<p><strong>Andrea, gratulujeme k v\u00ed\u0165azstvu vo \u0161tvrtom fin\u00e1lovom z\u00e1pase Nik\u00e9 Extraligy. Duel mal obrovsk\u00e9 em\u00f3cie aj viacero zlomov\u00fdch momentov. Ak\u00e9 s\u00fa bezprostredn\u00e9 pocity po takomto cennom triumfe?<\/strong><\/p>\n<p>Dne\u0161n\u00e9 v\u00ed\u0165azstvo je pre n\u00e1s ve\u013emi cenn\u00e9. Mala som pocit, \u017ee dnes sa hralo ozajstn\u00e9 fin\u00e1le. Bolo tam v\u0161etko, \u010do k tomu patr\u00ed, em\u00f3cie, men\u0161ie p\u00e1dy, z ktor\u00fdch sme sa napokon zdvihli, a to bolo najd\u00f4le\u017eitej\u0161ie. Hrali sme ako kolekt\u00edv a jednozna\u010dne to bol n\u00e1\u0161 najlep\u0161\u00ed z\u00e1pas v s\u00e9rii.<\/p>\n<p>&nbsp;<\/p>\n<p><strong>Vyhrali ste prv\u00e9 dva sety, potom sa Sl\u00e1vii podarilo z\u00e1pas vyrovna\u0165. \u010co pod\u013ea v\u00e1s rozhodlo o tom, \u017ee ste sa v z\u00e1vere dok\u00e1zali znova vr\u00e1ti\u0165 do z\u00e1pasu?<\/strong><\/p>\n<p>Sl\u00e1vistky za\u010dali dobre \u00fato\u010di\u0165 a t\u00fdm n\u00e1s trochu zastavili. Bojovali ve\u013emi odv\u00e1\u017ene, tak ako po\u010das celej s\u00e9rie, ale dnes sme aj my uk\u00e1zali, \u017ee vieme hra\u0165 volejbal. Vr\u00e1tili sme z\u00e1pas na na\u0161u stranu a ver\u00edm, \u017ee v najbli\u017e\u0161om z\u00e1pase zlom\u00edme na\u0161e prekliatie na dom\u00e1cej palubovke.<\/p>\n<p>&nbsp;<\/p>\n<p><strong>V tajbrejku pri\u0161iel za stavu 5:7 d\u00f4le\u017eit\u00fd moment, ke\u010f ste si zobrali challenge a po \u0148om ste zn\u00ed\u017eili na 6:7. \u010co v\u00e1m vtedy i\u0161lo hlavou?<\/strong><\/p>\n<p>Mysl\u00edm si, \u017ee n\u00e1s to ve\u013emi nakoplo. Aj keby sme prehr\u00e1vali 5:8, st\u00e1le by sme bojovali, preto\u017ee sme tak boli od za\u010diatku nastaven\u00e9 a nerie\u0161ili sme stav. P\u00e1\u010dilo sa mi, \u017ee baby hrali odv\u00e1\u017ene. To n\u00e1m v predch\u00e1dzaj\u00facich z\u00e1pasoch ch\u00fdbalo, aj napriek tomu, \u017ee sme jeden vyhrali. Dnes sme si to v\u0161etko vynahradili. Bojovala jedna za druh\u00fa. Aj hr\u00e1\u010dky, ktor\u00e9 pri\u0161li z lavi\u010dky, hoci boli na ihrisku len chv\u00ed\u013eu, pomohli, a to je ve\u013emi d\u00f4le\u017eit\u00e9.<\/p>\n<p>&nbsp;<\/p>\n<p><strong>V tejto s\u00e9rii zatia\u013e ani raz nevyhral dom\u00e1ci t\u00edm. \u010c\u00edm si to vysvet\u013eujete a v \u010dom je rozdiel medzi dom\u00e1cim prostred\u00edm a z\u00e1pasom vonku?<\/strong><\/p>\n<p>To je dobr\u00e1 ot\u00e1zka. Dom\u00e1ce prostredie by malo by\u0165 v\u00fdhodou pre ka\u017ed\u00fd t\u00edm, ale v oboch na\u0161ich pr\u00edpadoch to vyzer\u00e1 tak, \u017ee pr\u00e1ve dom\u00e1cemu dru\u017estvu trochu zv\u00e4zuje ruky. Teraz sa hr\u00e1 posledn\u00fd z\u00e1pas, bude to 50 na 50. Volejbal vieme hra\u0165 oba dru\u017estv\u00e1 a rozhodne to, ako sa nastav\u00edme v hlav\u00e1ch.<\/p>\n<p>&nbsp;<\/p>\n<p><strong>V sobotu \u010dak\u00e1 Slovan rozhoduj\u00faci piaty fin\u00e1lov\u00fd z\u00e1pas v Gopass Ar\u00e9ne. \u010co by ste odk\u00e1zali fan\u00fa\u0161ikom pred duelom, v ktorom sa bude hra\u0165 o titul?<\/strong><\/p>\n<p>Mysl\u00edm si, \u017ee lep\u0161ia pozv\u00e1nka ako dne\u0161n\u00fd volejbal ani neexistuje. Div\u00e1ci mohli vidie\u0165 v\u0161etko, \u010do k tomu patr\u00ed, a v sobotu to bude e\u0161te lep\u0161ie. Preto by som chcela, aby pri\u0161lo \u010do najviac fan\u00fa\u0161ikov, preto\u017ee ich budeme potrebova\u0165 ako siedmeho hr\u00e1\u010da na ihrisku.<\/p>\n<p>&nbsp;<\/p>\n<p>Zdroj: VK Slovan<\/p>\n","protected":false},"excerpt":{"rendered":"<p>\u0160tvrt\u00fd fin\u00e1lov\u00fd z\u00e1pas Nik\u00e9 Extraligy \u017eien priniesol v\u0161etko, \u010do m\u00e1 rozhoduj\u00faca f\u00e1za sez\u00f3ny pon\u00faknu\u0165. Em\u00f3cie, zvraty, bojovnos\u0165 aj dramatick\u00fd tajbrejk so \u0161\u0165astn\u00fdm koncom pre Slovan. Po d\u00f4le\u017eitom v\u00ed\u0165azstve 3:2 na palubovke KOOPERATIVA Sl\u00e1via EUBA zhodnotila duel asistentka tr\u00e9nera Pavla Bern\u00e1tha Andrea Snopkov\u00e1. &nbsp; Andrea, gratulujeme k v\u00ed\u0165azstvu vo \u0161tvrtom fin\u00e1lovom z\u00e1pase Nik\u00e9 Extraligy. Duel mal&#8230;<\/p>\n","protected":false},"author":3,"featured_media":53580,"comment_status":"closed","ping_status":"closed","sticky":false,"template":"","format":"standard","meta":{"_monsterinsights_skip_tracking":false,"_monsterinsights_sitenote_active":false,"_monsterinsights_sitenote_note":"","_monsterinsights_sitenote_category":0,"footnotes":""},"categories":[48],"tags":[],"class_list":["post-53759","post","type-post","status-publish","format-standard","has-post-thumbnail","hentry","category-zeny"],"yoast_head":"<!-- This site is optimized with the Yoast SEO plugin v25.6 - https:\/\/yoast.com\/wordpress\/plugins\/seo\/ -->\n<title>Andrea Snopkov\u00e1: Hrali sme ako t\u00edm. Bol to n\u00e1\u0161 najlep\u0161\u00ed z\u00e1pas v s\u00e9rii - VK SLOVAN Bratislava<\/title>\n<meta name=\"robots\" content=\"index, follow, max-snippet:-1, max-image-preview:large, max-video-preview:-1\" \/>\n<link rel=\"canonical\" href=\"https:\/\/www.vkpbratislava.sk\/?p=53759\" \/>\n<meta property=\"og:locale\" content=\"sk_SK\" \/>\n<meta property=\"og:type\" content=\"article\" \/>\n<meta property=\"og:title\" content=\"Andrea Snopkov\u00e1: Hrali sme ako t\u00edm. Bol to n\u00e1\u0161 najlep\u0161\u00ed z\u00e1pas v s\u00e9rii - VK SLOVAN Bratislava\" \/>\n<meta property=\"og:description\" content=\"\u0160tvrt\u00fd fin\u00e1lov\u00fd z\u00e1pas Nik\u00e9 Extraligy \u017eien priniesol v\u0161etko, \u010do m\u00e1 rozhoduj\u00faca f\u00e1za sez\u00f3ny pon\u00faknu\u0165. Em\u00f3cie, zvraty, bojovnos\u0165 aj dramatick\u00fd tajbrejk so \u0161\u0165astn\u00fdm koncom pre Slovan. Po d\u00f4le\u017eitom v\u00ed\u0165azstve 3:2 na palubovke KOOPERATIVA Sl\u00e1via EUBA zhodnotila duel asistentka tr\u00e9nera Pavla Bern\u00e1tha Andrea Snopkov\u00e1. &nbsp; Andrea, gratulujeme k v\u00ed\u0165azstvu vo \u0161tvrtom fin\u00e1lovom z\u00e1pase Nik\u00e9 Extraligy. Duel mal...\" \/>\n<meta property=\"og:url\" content=\"https:\/\/www.vkpbratislava.sk\/?p=53759\" \/>\n<meta property=\"og:site_name\" content=\"VK SLOVAN Bratislava\" \/>\n<meta property=\"article:published_time\" content=\"2026-04-30T14:19:04+00:00\" \/>\n<meta property=\"og:image\" content=\"https:\/\/www.vkpbratislava.sk\/wp-content\/uploads\/2026\/04\/20260422_igor_urban_VK-Slovan-Z-Slavia-F2_IUR00905-scaled.jpg\" \/>\n\t<meta property=\"og:image:width\" content=\"2560\" \/>\n\t<meta property=\"og:image:height\" content=\"1707\" \/>\n\t<meta property=\"og:image:type\" content=\"image\/jpeg\" \/>\n<meta name=\"author\" content=\"jenca\" \/>\n<meta name=\"twitter:card\" content=\"summary_large_image\" \/>\n<meta name=\"twitter:label1\" content=\"Autor\" \/>\n\t<meta name=\"twitter:data1\" content=\"jenca\" \/>\n\t<meta name=\"twitter:label2\" content=\"Predpokladan\u00fd \u010das \u010d\u00edtania\" \/>\n\t<meta name=\"twitter:data2\" content=\"1 min\u00fata\" \/>\n<script type=\"application\/ld+json\" class=\"yoast-schema-graph\">{\"@context\":\"https:\/\/schema.org\",\"@graph\":[{\"@type\":\"Article\",\"@id\":\"https:\/\/www.vkpbratislava.sk\/?p=53759#article\",\"isPartOf\":{\"@id\":\"https:\/\/www.vkpbratislava.sk\/?p=53759\"},\"author\":{\"name\":\"jenca\",\"@id\":\"https:\/\/www.vkpbratislava.sk\/#\/schema\/person\/7037e769f9515aa58493d1b5852c4c50\"},\"headline\":\"Andrea Snopkov\u00e1: Hrali sme ako t\u00edm. Bol to n\u00e1\u0161 najlep\u0161\u00ed z\u00e1pas v s\u00e9rii\",\"datePublished\":\"2026-04-30T14:19:04+00:00\",\"mainEntityOfPage\":{\"@id\":\"https:\/\/www.vkpbratislava.sk\/?p=53759\"},\"wordCount\":584,\"publisher\":{\"@id\":\"https:\/\/www.vkpbratislava.sk\/#organization\"},\"image\":{\"@id\":\"https:\/\/www.vkpbratislava.sk\/?p=53759#primaryimage\"},\"thumbnailUrl\":\"https:\/\/www.vkpbratislava.sk\/wp-content\/uploads\/2026\/04\/20260422_igor_urban_VK-Slovan-Z-Slavia-F2_IUR00905-scaled.jpg\",\"articleSection\":[\"\u017deny\"],\"inLanguage\":\"sk-SK\"},{\"@type\":\"WebPage\",\"@id\":\"https:\/\/www.vkpbratislava.sk\/?p=53759\",\"url\":\"https:\/\/www.vkpbratislava.sk\/?p=53759\",\"name\":\"Andrea Snopkov\u00e1: Hrali sme ako t\u00edm. Bol to n\u00e1\u0161 najlep\u0161\u00ed z\u00e1pas v s\u00e9rii - VK SLOVAN Bratislava\",\"isPartOf\":{\"@id\":\"https:\/\/www.vkpbratislava.sk\/#website\"},\"primaryImageOfPage\":{\"@id\":\"https:\/\/www.vkpbratislava.sk\/?p=53759#primaryimage\"},\"image\":{\"@id\":\"https:\/\/www.vkpbratislava.sk\/?p=53759#primaryimage\"},\"thumbnailUrl\":\"https:\/\/www.vkpbratislava.sk\/wp-content\/uploads\/2026\/04\/20260422_igor_urban_VK-Slovan-Z-Slavia-F2_IUR00905-scaled.jpg\",\"datePublished\":\"2026-04-30T14:19:04+00:00\",\"breadcrumb\":{\"@id\":\"https:\/\/www.vkpbratislava.sk\/?p=53759#breadcrumb\"},\"inLanguage\":\"sk-SK\",\"potentialAction\":[{\"@type\":\"ReadAction\",\"target\":[\"https:\/\/www.vkpbratislava.sk\/?p=53759\"]}]},{\"@type\":\"ImageObject\",\"inLanguage\":\"sk-SK\",\"@id\":\"https:\/\/www.vkpbratislava.sk\/?p=53759#primaryimage\",\"url\":\"https:\/\/www.vkpbratislava.sk\/wp-content\/uploads\/2026\/04\/20260422_igor_urban_VK-Slovan-Z-Slavia-F2_IUR00905-scaled.jpg\",\"contentUrl\":\"https:\/\/www.vkpbratislava.sk\/wp-content\/uploads\/2026\/04\/20260422_igor_urban_VK-Slovan-Z-Slavia-F2_IUR00905-scaled.jpg\",\"width\":2560,\"height\":1707,\"caption\":\"ASSOS Red Quency v NTC Formacka Juniorky\"},{\"@type\":\"BreadcrumbList\",\"@id\":\"https:\/\/www.vkpbratislava.sk\/?p=53759#breadcrumb\",\"itemListElement\":[{\"@type\":\"ListItem\",\"position\":1,\"name\":\"Domov\",\"item\":\"https:\/\/www.vkpbratislava.sk\/\"},{\"@type\":\"ListItem\",\"position\":2,\"name\":\"Andrea Snopkov\u00e1: Hrali sme ako t\u00edm. Bol to n\u00e1\u0161 najlep\u0161\u00ed z\u00e1pas v s\u00e9rii\"}]},{\"@type\":\"WebSite\",\"@id\":\"https:\/\/www.vkpbratislava.sk\/#website\",\"url\":\"https:\/\/www.vkpbratislava.sk\/\",\"name\":\"VK SLOVAN Bratislava\",\"description\":\"Volejbalov\u00fd klub\",\"publisher\":{\"@id\":\"https:\/\/www.vkpbratislava.sk\/#organization\"},\"potentialAction\":[{\"@type\":\"SearchAction\",\"target\":{\"@type\":\"EntryPoint\",\"urlTemplate\":\"https:\/\/www.vkpbratislava.sk\/?s={search_term_string}\"},\"query-input\":{\"@type\":\"PropertyValueSpecification\",\"valueRequired\":true,\"valueName\":\"search_term_string\"}}],\"inLanguage\":\"sk-SK\"},{\"@type\":\"Organization\",\"@id\":\"https:\/\/www.vkpbratislava.sk\/#organization\",\"name\":\"VKP Bratislava\",\"url\":\"https:\/\/www.vkpbratislava.sk\/\",\"logo\":{\"@type\":\"ImageObject\",\"inLanguage\":\"sk-SK\",\"@id\":\"https:\/\/www.vkpbratislava.sk\/#\/schema\/logo\/image\/\",\"url\":\"https:\/\/www.vkpbratislava.sk\/wp-content\/uploads\/2020\/10\/vkpBA.png\",\"contentUrl\":\"https:\/\/www.vkpbratislava.sk\/wp-content\/uploads\/2020\/10\/vkpBA.png\",\"width\":600,\"height\":600,\"caption\":\"VKP Bratislava\"},\"image\":{\"@id\":\"https:\/\/www.vkpbratislava.sk\/#\/schema\/logo\/image\/\"}},{\"@type\":\"Person\",\"@id\":\"https:\/\/www.vkpbratislava.sk\/#\/schema\/person\/7037e769f9515aa58493d1b5852c4c50\",\"name\":\"jenca\",\"image\":{\"@type\":\"ImageObject\",\"inLanguage\":\"sk-SK\",\"@id\":\"https:\/\/www.vkpbratislava.sk\/#\/schema\/person\/image\/\",\"url\":\"https:\/\/secure.gravatar.com\/avatar\/67aa89e9aab2911bbd0c6fbf0a891ea8d80c207c9b6a6e2c96e13fc2f16e536d?s=96&d=mm&r=g\",\"contentUrl\":\"https:\/\/secure.gravatar.com\/avatar\/67aa89e9aab2911bbd0c6fbf0a891ea8d80c207c9b6a6e2c96e13fc2f16e536d?s=96&d=mm&r=g\",\"caption\":\"jenca\"},\"url\":\"https:\/\/www.vkpbratislava.sk\/?author=3\"}]}<\/script>\n<!-- \/ Yoast SEO plugin. -->","yoast_head_json":{"title":"Andrea Snopkov\u00e1: Hrali sme ako t\u00edm. Bol to n\u00e1\u0161 najlep\u0161\u00ed z\u00e1pas v s\u00e9rii - VK SLOVAN Bratislava","robots":{"index":"index","follow":"follow","max-snippet":"max-snippet:-1","max-image-preview":"max-image-preview:large","max-video-preview":"max-video-preview:-1"},"canonical":"https:\/\/www.vkpbratislava.sk\/?p=53759","og_locale":"sk_SK","og_type":"article","og_title":"Andrea Snopkov\u00e1: Hrali sme ako t\u00edm. Bol to n\u00e1\u0161 najlep\u0161\u00ed z\u00e1pas v s\u00e9rii - VK SLOVAN Bratislava","og_description":"\u0160tvrt\u00fd fin\u00e1lov\u00fd z\u00e1pas Nik\u00e9 Extraligy \u017eien priniesol v\u0161etko, \u010do m\u00e1 rozhoduj\u00faca f\u00e1za sez\u00f3ny pon\u00faknu\u0165. Em\u00f3cie, zvraty, bojovnos\u0165 aj dramatick\u00fd tajbrejk so \u0161\u0165astn\u00fdm koncom pre Slovan. Po d\u00f4le\u017eitom v\u00ed\u0165azstve 3:2 na palubovke KOOPERATIVA Sl\u00e1via EUBA zhodnotila duel asistentka tr\u00e9nera Pavla Bern\u00e1tha Andrea Snopkov\u00e1. &nbsp; Andrea, gratulujeme k v\u00ed\u0165azstvu vo \u0161tvrtom fin\u00e1lovom z\u00e1pase Nik\u00e9 Extraligy. Duel mal...","og_url":"https:\/\/www.vkpbratislava.sk\/?p=53759","og_site_name":"VK SLOVAN Bratislava","article_published_time":"2026-04-30T14:19:04+00:00","og_image":[{"width":2560,"height":1707,"url":"https:\/\/www.vkpbratislava.sk\/wp-content\/uploads\/2026\/04\/20260422_igor_urban_VK-Slovan-Z-Slavia-F2_IUR00905-scaled.jpg","type":"image\/jpeg"}],"author":"jenca","twitter_card":"summary_large_image","twitter_misc":{"Autor":"jenca","Predpokladan\u00fd \u010das \u010d\u00edtania":"1 min\u00fata"},"schema":{"@context":"https:\/\/schema.org","@graph":[{"@type":"Article","@id":"https:\/\/www.vkpbratislava.sk\/?p=53759#article","isPartOf":{"@id":"https:\/\/www.vkpbratislava.sk\/?p=53759"},"author":{"name":"jenca","@id":"https:\/\/www.vkpbratislava.sk\/#\/schema\/person\/7037e769f9515aa58493d1b5852c4c50"},"headline":"Andrea Snopkov\u00e1: Hrali sme ako t\u00edm. Bol to n\u00e1\u0161 najlep\u0161\u00ed z\u00e1pas v s\u00e9rii","datePublished":"2026-04-30T14:19:04+00:00","mainEntityOfPage":{"@id":"https:\/\/www.vkpbratislava.sk\/?p=53759"},"wordCount":584,"publisher":{"@id":"https:\/\/www.vkpbratislava.sk\/#organization"},"image":{"@id":"https:\/\/www.vkpbratislava.sk\/?p=53759#primaryimage"},"thumbnailUrl":"https:\/\/www.vkpbratislava.sk\/wp-content\/uploads\/2026\/04\/20260422_igor_urban_VK-Slovan-Z-Slavia-F2_IUR00905-scaled.jpg","articleSection":["\u017deny"],"inLanguage":"sk-SK"},{"@type":"WebPage","@id":"https:\/\/www.vkpbratislava.sk\/?p=53759","url":"https:\/\/www.vkpbratislava.sk\/?p=53759","name":"Andrea Snopkov\u00e1: Hrali sme ako t\u00edm. Bol to n\u00e1\u0161 najlep\u0161\u00ed z\u00e1pas v s\u00e9rii - VK SLOVAN Bratislava","isPartOf":{"@id":"https:\/\/www.vkpbratislava.sk\/#website"},"primaryImageOfPage":{"@id":"https:\/\/www.vkpbratislava.sk\/?p=53759#primaryimage"},"image":{"@id":"https:\/\/www.vkpbratislava.sk\/?p=53759#primaryimage"},"thumbnailUrl":"https:\/\/www.vkpbratislava.sk\/wp-content\/uploads\/2026\/04\/20260422_igor_urban_VK-Slovan-Z-Slavia-F2_IUR00905-scaled.jpg","datePublished":"2026-04-30T14:19:04+00:00","breadcrumb":{"@id":"https:\/\/www.vkpbratislava.sk\/?p=53759#breadcrumb"},"inLanguage":"sk-SK","potentialAction":[{"@type":"ReadAction","target":["https:\/\/www.vkpbratislava.sk\/?p=53759"]}]},{"@type":"ImageObject","inLanguage":"sk-SK","@id":"https:\/\/www.vkpbratislava.sk\/?p=53759#primaryimage","url":"https:\/\/www.vkpbratislava.sk\/wp-content\/uploads\/2026\/04\/20260422_igor_urban_VK-Slovan-Z-Slavia-F2_IUR00905-scaled.jpg","contentUrl":"https:\/\/www.vkpbratislava.sk\/wp-content\/uploads\/2026\/04\/20260422_igor_urban_VK-Slovan-Z-Slavia-F2_IUR00905-scaled.jpg","width":2560,"height":1707,"caption":"ASSOS Red Quency v NTC Formacka Juniorky"},{"@type":"BreadcrumbList","@id":"https:\/\/www.vkpbratislava.sk\/?p=53759#breadcrumb","itemListElement":[{"@type":"ListItem","position":1,"name":"Domov","item":"https:\/\/www.vkpbratislava.sk\/"},{"@type":"ListItem","position":2,"name":"Andrea Snopkov\u00e1: Hrali sme ako t\u00edm. Bol to n\u00e1\u0161 najlep\u0161\u00ed z\u00e1pas v s\u00e9rii"}]},{"@type":"WebSite","@id":"https:\/\/www.vkpbratislava.sk\/#website","url":"https:\/\/www.vkpbratislava.sk\/","name":"VK SLOVAN Bratislava","description":"Volejbalov\u00fd klub","publisher":{"@id":"https:\/\/www.vkpbratislava.sk\/#organization"},"potentialAction":[{"@type":"SearchAction","target":{"@type":"EntryPoint","urlTemplate":"https:\/\/www.vkpbratislava.sk\/?s={search_term_string}"},"query-input":{"@type":"PropertyValueSpecification","valueRequired":true,"valueName":"search_term_string"}}],"inLanguage":"sk-SK"},{"@type":"Organization","@id":"https:\/\/www.vkpbratislava.sk\/#organization","name":"VKP Bratislava","url":"https:\/\/www.vkpbratislava.sk\/","logo":{"@type":"ImageObject","inLanguage":"sk-SK","@id":"https:\/\/www.vkpbratislava.sk\/#\/schema\/logo\/image\/","url":"https:\/\/www.vkpbratislava.sk\/wp-content\/uploads\/2020\/10\/vkpBA.png","contentUrl":"https:\/\/www.vkpbratislava.sk\/wp-content\/uploads\/2020\/10\/vkpBA.png","width":600,"height":600,"caption":"VKP Bratislava"},"image":{"@id":"https:\/\/www.vkpbratislava.sk\/#\/schema\/logo\/image\/"}},{"@type":"Person","@id":"https:\/\/www.vkpbratislava.sk\/#\/schema\/person\/7037e769f9515aa58493d1b5852c4c50","name":"jenca","image":{"@type":"ImageObject","inLanguage":"sk-SK","@id":"https:\/\/www.vkpbratislava.sk\/#\/schema\/person\/image\/","url":"https:\/\/secure.gravatar.com\/avatar\/67aa89e9aab2911bbd0c6fbf0a891ea8d80c207c9b6a6e2c96e13fc2f16e536d?s=96&d=mm&r=g","contentUrl":"https:\/\/secure.gravatar.com\/avatar\/67aa89e9aab2911bbd0c6fbf0a891ea8d80c207c9b6a6e2c96e13fc2f16e536d?s=96&d=mm&r=g","caption":"jenca"},"url":"https:\/\/www.vkpbratislava.sk\/?author=3"}]}},"_links":{"self":[{"href":"https:\/\/www.vkpbratislava.sk\/index.php?rest_route=\/wp\/v2\/posts\/53759","targetHints":{"allow":["GET"]}}],"collection":[{"href":"https:\/\/www.vkpbratislava.sk\/index.php?rest_route=\/wp\/v2\/posts"}],"about":[{"href":"https:\/\/www.vkpbratislava.sk\/index.php?rest_route=\/wp\/v2\/types\/post"}],"author":[{"embeddable":true,"href":"https:\/\/www.vkpbratislava.sk\/index.php?rest_route=\/wp\/v2\/users\/3"}],"replies":[{"embeddable":true,"href":"https:\/\/www.vkpbratislava.sk\/index.php?rest_route=%2Fwp%2Fv2%2Fcomments&post=53759"}],"version-history":[{"count":1,"href":"https:\/\/www.vkpbratislava.sk\/index.php?rest_route=\/wp\/v2\/posts\/53759\/revisions"}],"predecessor-version":[{"id":53760,"href":"https:\/\/www.vkpbratislava.sk\/index.php?rest_route=\/wp\/v2\/posts\/53759\/revisions\/53760"}],"wp:featuredmedia":[{"embeddable":true,"href":"https:\/\/www.vkpbratislava.sk\/index.php?rest_route=\/wp\/v2\/media\/53580"}],"wp:attachment":[{"href":"https:\/\/www.vkpbratislava.sk\/index.php?rest_route=%2Fwp%2Fv2%2Fmedia&parent=53759"}],"wp:term":[{"taxonomy":"category","embeddable":true,"href":"https:\/\/www.vkpbratislava.sk\/index.php?rest_route=%2Fwp%2Fv2%2Fcategories&post=53759"},{"taxonomy":"post_tag","embeddable":true,"href":"https:\/\/www.vkpbratislava.sk\/index.php?rest_route=%2Fwp%2Fv2%2Ftags&post=53759"}],"curies":[{"name":"wp","href":"https:\/\/api.w.org\/{rel}","templated":true}]}}