{"id":5376,"date":"2021-06-23T12:03:39","date_gmt":"2021-06-23T10:03:39","guid":{"rendered":"https:\/\/www.vkpbratislava.sk\/?p=5376"},"modified":"2021-06-23T12:45:00","modified_gmt":"2021-06-23T10:45:00","slug":"farmou-zien-vkp-bude-ssk-bilikova","status":"publish","type":"post","link":"https:\/\/www.vkpbratislava.sk\/?p=5376","title":{"rendered":"Farmou \u017eien VKP bude \u0160\u0160K Bil\u00edkova"},"content":{"rendered":"<p><strong>VKP Bratislava a\u00a0\u0160\u0160K Bil\u00edkova Bratislava sa dohodli na spolupr\u00e1ci v\u00a0r\u00e1mci \u017eenskej zlo\u017eky.<\/strong><\/p>\n<p>Oba kluby podp\u00edsali farm\u00e1rsku zmluvu, a\u00a0tak bude \u017eensk\u00fd t\u00edm \u010derpa\u0165 mlad\u00e9 hr\u00e1\u010dky zo zn\u00e1mej bratislavskej liahne talentov. \u201ePo piatich rokoch spolupr\u00e1ce v\u00a0Pezinku, bude t\u00e1to \u00faspe\u0161n\u00e1 spolupr\u00e1ca pokra\u010dova\u0165 aj vo farb\u00e1ch VKP Bratislava. Mlad\u00e9 baby, ktor\u00e9 s\u00fa hr\u00e1\u010dkami Bill\u00edkovej bud\u00fa m\u00f4c\u0165 hra\u0165 extraligu za VKP. Je tam ve\u013ea talentovan\u00fdch hr\u00e1\u010dok a bola by \u0161koda, keby svoj talent nerozv\u00edjali aj na extraligov\u00fdch palubovk\u00e1ch,\u201c uviedol mana\u017e\u00e9r \u017eien vo VKP Bratislava R\u00f3bert Hronsk\u00fd. \u201eChcela by som sa po\u010fakova\u0165 Pezinku za p\u00e4\u0165ro\u010dn\u00fa spolupr\u00e1cu, konkr\u00e9tne Zuzane Maxianovej. Vo VKP chceme nadviaza\u0165 na dobr\u00e9 v\u00fdsledky z\u00a0predo\u0161l\u00e9ho obdobia. Je logick\u00e9, \u017ee pri\u0161lo k\u00a0spojeniu dvoch subjektov p\u00f4sobiacich priamo v\u00a0Bratislave. Chceme sa na\u010falej podie\u013ea\u0165 na v\u00fdchove mlad\u00fdch hr\u00e1\u010dok a\u00a0bud\u00facich reprezentantiek Slovenska,\u201c uviedla prezidentka \u0160\u0160K Bil\u00edkova Eva Kosekov\u00e1.<\/p>\n","protected":false},"excerpt":{"rendered":"<p>VKP Bratislava a\u00a0\u0160\u0160K Bil\u00edkova sa dohodli na spolupr\u00e1ci v\u00a0r\u00e1mci \u017eenskej zlo\u017eky.<\/p>\n","protected":false},"author":3,"featured_media":5381,"comment_status":"closed","ping_status":"open","sticky":false,"template":"","format":"standard","meta":{"_monsterinsights_skip_tracking":false,"_monsterinsights_sitenote_active":false,"_monsterinsights_sitenote_note":"","_monsterinsights_sitenote_category":0,"footnotes":""},"categories":[48],"tags":[],"class_list":["post-5376","post","type-post","status-publish","format-standard","has-post-thumbnail","hentry","category-zeny"],"yoast_head":"<!-- This site is optimized with the Yoast SEO plugin v25.6 - https:\/\/yoast.com\/wordpress\/plugins\/seo\/ -->\n<title>Farmou \u017eien VKP bude \u0160\u0160K Bil\u00edkova - VK SLOVAN Bratislava<\/title>\n<meta name=\"description\" content=\"VKP Bratislava a\u00a0\u0160\u0160K Bil\u00edkova sa dohodli na spolupr\u00e1ci v\u00a0r\u00e1mci \u017eenskej zlo\u017eky.\" \/>\n<meta name=\"robots\" content=\"index, follow, max-snippet:-1, max-image-preview:large, max-video-preview:-1\" \/>\n<link rel=\"canonical\" href=\"https:\/\/www.vkpbratislava.sk\/?p=5376\" \/>\n<meta property=\"og:locale\" content=\"sk_SK\" \/>\n<meta property=\"og:type\" content=\"article\" \/>\n<meta property=\"og:title\" content=\"Farmou \u017eien VKP bude \u0160\u0160K Bil\u00edkova - VK SLOVAN Bratislava\" \/>\n<meta property=\"og:description\" content=\"VKP Bratislava a\u00a0\u0160\u0160K Bil\u00edkova sa dohodli na spolupr\u00e1ci v\u00a0r\u00e1mci \u017eenskej zlo\u017eky.\" \/>\n<meta property=\"og:url\" content=\"https:\/\/www.vkpbratislava.sk\/?p=5376\" \/>\n<meta property=\"og:site_name\" content=\"VK SLOVAN Bratislava\" \/>\n<meta property=\"article:published_time\" content=\"2021-06-23T10:03:39+00:00\" \/>\n<meta property=\"article:modified_time\" content=\"2021-06-23T10:45:00+00:00\" \/>\n<meta property=\"og:image\" content=\"https:\/\/www.vkpbratislava.sk\/wp-content\/uploads\/2021\/06\/IMG_5940-scaled.jpg\" \/>\n\t<meta property=\"og:image:width\" content=\"2560\" \/>\n\t<meta property=\"og:image:height\" content=\"1920\" \/>\n\t<meta property=\"og:image:type\" content=\"image\/jpeg\" \/>\n<meta name=\"author\" content=\"jenca\" \/>\n<meta name=\"twitter:card\" content=\"summary_large_image\" \/>\n<meta name=\"twitter:label1\" content=\"Autor\" \/>\n\t<meta name=\"twitter:data1\" content=\"jenca\" \/>\n\t<meta name=\"twitter:label2\" content=\"Predpokladan\u00fd \u010das \u010d\u00edtania\" \/>\n\t<meta name=\"twitter:data2\" content=\"1 min\u00fata\" \/>\n<script type=\"application\/ld+json\" class=\"yoast-schema-graph\">{\"@context\":\"https:\/\/schema.org\",\"@graph\":[{\"@type\":\"Article\",\"@id\":\"https:\/\/www.vkpbratislava.sk\/?p=5376#article\",\"isPartOf\":{\"@id\":\"https:\/\/www.vkpbratislava.sk\/?p=5376\"},\"author\":{\"name\":\"jenca\",\"@id\":\"https:\/\/www.vkpbratislava.sk\/#\/schema\/person\/7037e769f9515aa58493d1b5852c4c50\"},\"headline\":\"Farmou \u017eien VKP bude \u0160\u0160K Bil\u00edkova\",\"datePublished\":\"2021-06-23T10:03:39+00:00\",\"dateModified\":\"2021-06-23T10:45:00+00:00\",\"mainEntityOfPage\":{\"@id\":\"https:\/\/www.vkpbratislava.sk\/?p=5376\"},\"wordCount\":187,\"publisher\":{\"@id\":\"https:\/\/www.vkpbratislava.sk\/#organization\"},\"image\":{\"@id\":\"https:\/\/www.vkpbratislava.sk\/?p=5376#primaryimage\"},\"thumbnailUrl\":\"https:\/\/www.vkpbratislava.sk\/wp-content\/uploads\/2021\/06\/IMG_5940-scaled.jpg\",\"articleSection\":[\"\u017deny\"],\"inLanguage\":\"sk-SK\"},{\"@type\":\"WebPage\",\"@id\":\"https:\/\/www.vkpbratislava.sk\/?p=5376\",\"url\":\"https:\/\/www.vkpbratislava.sk\/?p=5376\",\"name\":\"Farmou \u017eien VKP bude \u0160\u0160K Bil\u00edkova - VK SLOVAN Bratislava\",\"isPartOf\":{\"@id\":\"https:\/\/www.vkpbratislava.sk\/#website\"},\"primaryImageOfPage\":{\"@id\":\"https:\/\/www.vkpbratislava.sk\/?p=5376#primaryimage\"},\"image\":{\"@id\":\"https:\/\/www.vkpbratislava.sk\/?p=5376#primaryimage\"},\"thumbnailUrl\":\"https:\/\/www.vkpbratislava.sk\/wp-content\/uploads\/2021\/06\/IMG_5940-scaled.jpg\",\"datePublished\":\"2021-06-23T10:03:39+00:00\",\"dateModified\":\"2021-06-23T10:45:00+00:00\",\"description\":\"VKP Bratislava a\u00a0\u0160\u0160K Bil\u00edkova sa dohodli na spolupr\u00e1ci v\u00a0r\u00e1mci \u017eenskej zlo\u017eky.\",\"breadcrumb\":{\"@id\":\"https:\/\/www.vkpbratislava.sk\/?p=5376#breadcrumb\"},\"inLanguage\":\"sk-SK\",\"potentialAction\":[{\"@type\":\"ReadAction\",\"target\":[\"https:\/\/www.vkpbratislava.sk\/?p=5376\"]}]},{\"@type\":\"ImageObject\",\"inLanguage\":\"sk-SK\",\"@id\":\"https:\/\/www.vkpbratislava.sk\/?p=5376#primaryimage\",\"url\":\"https:\/\/www.vkpbratislava.sk\/wp-content\/uploads\/2021\/06\/IMG_5940-scaled.jpg\",\"contentUrl\":\"https:\/\/www.vkpbratislava.sk\/wp-content\/uploads\/2021\/06\/IMG_5940-scaled.jpg\",\"width\":2560,\"height\":1920},{\"@type\":\"BreadcrumbList\",\"@id\":\"https:\/\/www.vkpbratislava.sk\/?p=5376#breadcrumb\",\"itemListElement\":[{\"@type\":\"ListItem\",\"position\":1,\"name\":\"Domov\",\"item\":\"https:\/\/www.vkpbratislava.sk\/\"},{\"@type\":\"ListItem\",\"position\":2,\"name\":\"Farmou \u017eien VKP bude \u0160\u0160K Bil\u00edkova\"}]},{\"@type\":\"WebSite\",\"@id\":\"https:\/\/www.vkpbratislava.sk\/#website\",\"url\":\"https:\/\/www.vkpbratislava.sk\/\",\"name\":\"VK SLOVAN Bratislava\",\"description\":\"Volejbalov\u00fd klub\",\"publisher\":{\"@id\":\"https:\/\/www.vkpbratislava.sk\/#organization\"},\"potentialAction\":[{\"@type\":\"SearchAction\",\"target\":{\"@type\":\"EntryPoint\",\"urlTemplate\":\"https:\/\/www.vkpbratislava.sk\/?s={search_term_string}\"},\"query-input\":{\"@type\":\"PropertyValueSpecification\",\"valueRequired\":true,\"valueName\":\"search_term_string\"}}],\"inLanguage\":\"sk-SK\"},{\"@type\":\"Organization\",\"@id\":\"https:\/\/www.vkpbratislava.sk\/#organization\",\"name\":\"VKP Bratislava\",\"url\":\"https:\/\/www.vkpbratislava.sk\/\",\"logo\":{\"@type\":\"ImageObject\",\"inLanguage\":\"sk-SK\",\"@id\":\"https:\/\/www.vkpbratislava.sk\/#\/schema\/logo\/image\/\",\"url\":\"https:\/\/www.vkpbratislava.sk\/wp-content\/uploads\/2020\/10\/vkpBA.png\",\"contentUrl\":\"https:\/\/www.vkpbratislava.sk\/wp-content\/uploads\/2020\/10\/vkpBA.png\",\"width\":600,\"height\":600,\"caption\":\"VKP Bratislava\"},\"image\":{\"@id\":\"https:\/\/www.vkpbratislava.sk\/#\/schema\/logo\/image\/\"}},{\"@type\":\"Person\",\"@id\":\"https:\/\/www.vkpbratislava.sk\/#\/schema\/person\/7037e769f9515aa58493d1b5852c4c50\",\"name\":\"jenca\",\"image\":{\"@type\":\"ImageObject\",\"inLanguage\":\"sk-SK\",\"@id\":\"https:\/\/www.vkpbratislava.sk\/#\/schema\/person\/image\/\",\"url\":\"https:\/\/secure.gravatar.com\/avatar\/67aa89e9aab2911bbd0c6fbf0a891ea8d80c207c9b6a6e2c96e13fc2f16e536d?s=96&d=mm&r=g\",\"contentUrl\":\"https:\/\/secure.gravatar.com\/avatar\/67aa89e9aab2911bbd0c6fbf0a891ea8d80c207c9b6a6e2c96e13fc2f16e536d?s=96&d=mm&r=g\",\"caption\":\"jenca\"},\"url\":\"https:\/\/www.vkpbratislava.sk\/?author=3\"}]}<\/script>\n<!-- \/ Yoast SEO plugin. -->","yoast_head_json":{"title":"Farmou \u017eien VKP bude \u0160\u0160K Bil\u00edkova - VK SLOVAN Bratislava","description":"VKP Bratislava a\u00a0\u0160\u0160K Bil\u00edkova sa dohodli na spolupr\u00e1ci v\u00a0r\u00e1mci \u017eenskej zlo\u017eky.","robots":{"index":"index","follow":"follow","max-snippet":"max-snippet:-1","max-image-preview":"max-image-preview:large","max-video-preview":"max-video-preview:-1"},"canonical":"https:\/\/www.vkpbratislava.sk\/?p=5376","og_locale":"sk_SK","og_type":"article","og_title":"Farmou \u017eien VKP bude \u0160\u0160K Bil\u00edkova - VK SLOVAN Bratislava","og_description":"VKP Bratislava a\u00a0\u0160\u0160K Bil\u00edkova sa dohodli na spolupr\u00e1ci v\u00a0r\u00e1mci \u017eenskej zlo\u017eky.","og_url":"https:\/\/www.vkpbratislava.sk\/?p=5376","og_site_name":"VK SLOVAN Bratislava","article_published_time":"2021-06-23T10:03:39+00:00","article_modified_time":"2021-06-23T10:45:00+00:00","og_image":[{"width":2560,"height":1920,"url":"https:\/\/www.vkpbratislava.sk\/wp-content\/uploads\/2021\/06\/IMG_5940-scaled.jpg","type":"image\/jpeg"}],"author":"jenca","twitter_card":"summary_large_image","twitter_misc":{"Autor":"jenca","Predpokladan\u00fd \u010das \u010d\u00edtania":"1 min\u00fata"},"schema":{"@context":"https:\/\/schema.org","@graph":[{"@type":"Article","@id":"https:\/\/www.vkpbratislava.sk\/?p=5376#article","isPartOf":{"@id":"https:\/\/www.vkpbratislava.sk\/?p=5376"},"author":{"name":"jenca","@id":"https:\/\/www.vkpbratislava.sk\/#\/schema\/person\/7037e769f9515aa58493d1b5852c4c50"},"headline":"Farmou \u017eien VKP bude \u0160\u0160K Bil\u00edkova","datePublished":"2021-06-23T10:03:39+00:00","dateModified":"2021-06-23T10:45:00+00:00","mainEntityOfPage":{"@id":"https:\/\/www.vkpbratislava.sk\/?p=5376"},"wordCount":187,"publisher":{"@id":"https:\/\/www.vkpbratislava.sk\/#organization"},"image":{"@id":"https:\/\/www.vkpbratislava.sk\/?p=5376#primaryimage"},"thumbnailUrl":"https:\/\/www.vkpbratislava.sk\/wp-content\/uploads\/2021\/06\/IMG_5940-scaled.jpg","articleSection":["\u017deny"],"inLanguage":"sk-SK"},{"@type":"WebPage","@id":"https:\/\/www.vkpbratislava.sk\/?p=5376","url":"https:\/\/www.vkpbratislava.sk\/?p=5376","name":"Farmou \u017eien VKP bude \u0160\u0160K Bil\u00edkova - VK SLOVAN Bratislava","isPartOf":{"@id":"https:\/\/www.vkpbratislava.sk\/#website"},"primaryImageOfPage":{"@id":"https:\/\/www.vkpbratislava.sk\/?p=5376#primaryimage"},"image":{"@id":"https:\/\/www.vkpbratislava.sk\/?p=5376#primaryimage"},"thumbnailUrl":"https:\/\/www.vkpbratislava.sk\/wp-content\/uploads\/2021\/06\/IMG_5940-scaled.jpg","datePublished":"2021-06-23T10:03:39+00:00","dateModified":"2021-06-23T10:45:00+00:00","description":"VKP Bratislava a\u00a0\u0160\u0160K Bil\u00edkova sa dohodli na spolupr\u00e1ci v\u00a0r\u00e1mci \u017eenskej zlo\u017eky.","breadcrumb":{"@id":"https:\/\/www.vkpbratislava.sk\/?p=5376#breadcrumb"},"inLanguage":"sk-SK","potentialAction":[{"@type":"ReadAction","target":["https:\/\/www.vkpbratislava.sk\/?p=5376"]}]},{"@type":"ImageObject","inLanguage":"sk-SK","@id":"https:\/\/www.vkpbratislava.sk\/?p=5376#primaryimage","url":"https:\/\/www.vkpbratislava.sk\/wp-content\/uploads\/2021\/06\/IMG_5940-scaled.jpg","contentUrl":"https:\/\/www.vkpbratislava.sk\/wp-content\/uploads\/2021\/06\/IMG_5940-scaled.jpg","width":2560,"height":1920},{"@type":"BreadcrumbList","@id":"https:\/\/www.vkpbratislava.sk\/?p=5376#breadcrumb","itemListElement":[{"@type":"ListItem","position":1,"name":"Domov","item":"https:\/\/www.vkpbratislava.sk\/"},{"@type":"ListItem","position":2,"name":"Farmou \u017eien VKP bude \u0160\u0160K Bil\u00edkova"}]},{"@type":"WebSite","@id":"https:\/\/www.vkpbratislava.sk\/#website","url":"https:\/\/www.vkpbratislava.sk\/","name":"VK SLOVAN Bratislava","description":"Volejbalov\u00fd klub","publisher":{"@id":"https:\/\/www.vkpbratislava.sk\/#organization"},"potentialAction":[{"@type":"SearchAction","target":{"@type":"EntryPoint","urlTemplate":"https:\/\/www.vkpbratislava.sk\/?s={search_term_string}"},"query-input":{"@type":"PropertyValueSpecification","valueRequired":true,"valueName":"search_term_string"}}],"inLanguage":"sk-SK"},{"@type":"Organization","@id":"https:\/\/www.vkpbratislava.sk\/#organization","name":"VKP Bratislava","url":"https:\/\/www.vkpbratislava.sk\/","logo":{"@type":"ImageObject","inLanguage":"sk-SK","@id":"https:\/\/www.vkpbratislava.sk\/#\/schema\/logo\/image\/","url":"https:\/\/www.vkpbratislava.sk\/wp-content\/uploads\/2020\/10\/vkpBA.png","contentUrl":"https:\/\/www.vkpbratislava.sk\/wp-content\/uploads\/2020\/10\/vkpBA.png","width":600,"height":600,"caption":"VKP Bratislava"},"image":{"@id":"https:\/\/www.vkpbratislava.sk\/#\/schema\/logo\/image\/"}},{"@type":"Person","@id":"https:\/\/www.vkpbratislava.sk\/#\/schema\/person\/7037e769f9515aa58493d1b5852c4c50","name":"jenca","image":{"@type":"ImageObject","inLanguage":"sk-SK","@id":"https:\/\/www.vkpbratislava.sk\/#\/schema\/person\/image\/","url":"https:\/\/secure.gravatar.com\/avatar\/67aa89e9aab2911bbd0c6fbf0a891ea8d80c207c9b6a6e2c96e13fc2f16e536d?s=96&d=mm&r=g","contentUrl":"https:\/\/secure.gravatar.com\/avatar\/67aa89e9aab2911bbd0c6fbf0a891ea8d80c207c9b6a6e2c96e13fc2f16e536d?s=96&d=mm&r=g","caption":"jenca"},"url":"https:\/\/www.vkpbratislava.sk\/?author=3"}]}},"_links":{"self":[{"href":"https:\/\/www.vkpbratislava.sk\/index.php?rest_route=\/wp\/v2\/posts\/5376","targetHints":{"allow":["GET"]}}],"collection":[{"href":"https:\/\/www.vkpbratislava.sk\/index.php?rest_route=\/wp\/v2\/posts"}],"about":[{"href":"https:\/\/www.vkpbratislava.sk\/index.php?rest_route=\/wp\/v2\/types\/post"}],"author":[{"embeddable":true,"href":"https:\/\/www.vkpbratislava.sk\/index.php?rest_route=\/wp\/v2\/users\/3"}],"replies":[{"embeddable":true,"href":"https:\/\/www.vkpbratislava.sk\/index.php?rest_route=%2Fwp%2Fv2%2Fcomments&post=5376"}],"version-history":[{"count":4,"href":"https:\/\/www.vkpbratislava.sk\/index.php?rest_route=\/wp\/v2\/posts\/5376\/revisions"}],"predecessor-version":[{"id":5385,"href":"https:\/\/www.vkpbratislava.sk\/index.php?rest_route=\/wp\/v2\/posts\/5376\/revisions\/5385"}],"wp:featuredmedia":[{"embeddable":true,"href":"https:\/\/www.vkpbratislava.sk\/index.php?rest_route=\/wp\/v2\/media\/5381"}],"wp:attachment":[{"href":"https:\/\/www.vkpbratislava.sk\/index.php?rest_route=%2Fwp%2Fv2%2Fmedia&parent=5376"}],"wp:term":[{"taxonomy":"category","embeddable":true,"href":"https:\/\/www.vkpbratislava.sk\/index.php?rest_route=%2Fwp%2Fv2%2Fcategories&post=5376"},{"taxonomy":"post_tag","embeddable":true,"href":"https:\/\/www.vkpbratislava.sk\/index.php?rest_route=%2Fwp%2Fv2%2Ftags&post=5376"}],"curies":[{"name":"wp","href":"https:\/\/api.w.org\/{rel}","templated":true}]}}