{"id":53761,"date":"2026-04-26T16:24:37","date_gmt":"2026-04-26T14:24:37","guid":{"rendered":"https:\/\/www.vkpbratislava.sk\/?p=53761"},"modified":"2026-04-30T16:26:32","modified_gmt":"2026-04-30T14:26:32","slug":"domaca-palubovka-nestacila-slavia-otaca-finale-vo-svoj-prospech","status":"publish","type":"post","link":"https:\/\/www.vkpbratislava.sk\/?p=53761","title":{"rendered":"Dom\u00e1ca palubovka nesta\u010dila. Sl\u00e1via ot\u00e1\u010da fin\u00e1le vo svoj prospech"},"content":{"rendered":"<p><strong>Tret\u00ed fin\u00e1lov\u00fd duel Nik\u00e9 Extraligy \u017eien nepriniesol v\u00ed\u0165azstvo dom\u00e1ceho t\u00edmu. V Gopass Ar\u00e9ne tentoraz \u0165ahali za krat\u0161\u00ed koniec slovanistky, ktor\u00e9 pod\u013eahli KOOPERATIVE Sl\u00e1vii EUBA 1:3 na sety. Bratislavsk\u00e9 derby tak dostalo nov\u00fd n\u00e1boj, ke\u010f sa Sl\u00e1via ujala vedenia v s\u00e9rii 2:1 na z\u00e1pasy. Odpove\u010f Slovana m\u00f4\u017ee pr\u00eds\u0165 u\u017e v stredu 29. apr\u00edla o 19.30 hod., ke\u010f je na programe \u0161tvrt\u00fd fin\u00e1lov\u00fd z\u00e1pas.<\/strong><\/p>\n<p>&nbsp;<\/p>\n<p>\u00davod stretnutia patril dom\u00e1cim, ktor\u00e9 si vypracovali n\u00e1skok 4:1, no Sl\u00e1via r\u00fdchlo zareagovala a oto\u010dila v\u00fdvoj setu vo svoj prospech. Hostky si postupne vybudovali nieko\u013ekobodov\u00fd n\u00e1skok a v koncovke ho bez v\u00e4\u010d\u0161\u00edch komplik\u00e1ci\u00ed udr\u017eali, ke\u010f set ukon\u010dili v\u00fdsledkom 25:19.<\/p>\n<p>Druh\u00fd set vy\u0161iel lep\u0161ie Slovanu. Dom\u00e1ce si pomohli servisom Boldockej a dok\u00e1zali si vypracova\u0165 n\u00e1skok, o ktor\u00fd s\u00edce pri\u0161li, no v koncovke uk\u00e1zali v\u00e4\u010d\u0161\u00ed pokoj. Po bodoch Smie\u0161kovej a Wagner dotiahli set do v\u00ed\u0165azn\u00e9ho konca 25:22 a vyrovnali stav z\u00e1pasu.<\/p>\n<p>Tretie dejstvo prinieslo vyrovnan\u00fd priebeh len do polovice setu. Slovan s\u00edce dok\u00e1zal vyrovna\u0165 na 13:13, no z\u00e1ver patril Sl\u00e1vii, ktor\u00e1 si op\u00e4\u0165 vypracovala n\u00e1skok a udr\u017eala ho a\u017e do v\u00ed\u0165azn\u00e9ho konca po v\u00fdsledku 25:22.<\/p>\n<p>Vo \u0161tvrtom sete vst\u00fapil lep\u0161ie Slovan, no Sl\u00e1via r\u00fdchlo prebrala iniciat\u00edvu a postupne si vytvorila rozhoduj\u00faci n\u00e1skok. Dom\u00e1ce sa e\u0161te pok\u00fasili o n\u00e1vrat, no koncovka u\u017e patrila hos\u0165k\u00e1m. Tie po viac ako dvoch hodin\u00e1ch hry premenili tret\u00ed me\u010dbal a po v\u00ed\u0165azstve 3:1 na sety si zabezpe\u010dili vedenie 2:1 v s\u00e9rii.<\/p>\n<p>&nbsp;<\/p>\n<p>K\u00a0z\u00e1pasu sa vyjadril Pavel Bern\u00e1th, tr\u00e9ner VK Slovan: <strong>\u201eSl\u00e1via bola odv\u00e1\u017enej\u0161ia a preto vyhrala. My sme mali v kritick\u00fdch rie\u0161eniach strach. S\u00faperky n\u00e1s dostali pod tlak a aj preto sety, v ktor\u00fdch prehr\u00e1vali, oto\u010dili. My sa mus\u00edme v pondelok porozpr\u00e1va\u0165 a poriadne pripravi\u0165 na stredu.\u201c<\/strong><\/p>\n<p><strong>\u201eVe\u013emi sa te\u0161\u00edm z v\u00ed\u0165azstva. Hr\u00e1\u010dky od za\u010diatku uk\u00e1zali obrovsk\u00fa chu\u0165 a na ihrisku to z nich vy\u017earovalo. Ke\u010f sme potrebovali prikloni\u0165 \u0161\u0165astenu na na\u0161u stranu, tak sme si ju odvahou a energiou, ktor\u00e1 z n\u00e1s s\u00e1lala, naklonili. Boli sme lep\u0161\u00edm dru\u017estvom. Do polnoci sa pote\u0161\u00edme, v pondelok zabudneme a budeme sa pripravova\u0165 na \u010fal\u0161\u00ed duel,\u201c<\/strong> dodal Michal Matu\u0161ov, tr\u00e9ner KOOPERATIVA Sl\u00e1via.<\/p>\n<p>&nbsp;<\/p>\n<p><img loading=\"lazy\" decoding=\"async\" class=\"alignnone size-full wp-image-53762\" src=\"https:\/\/www.vkpbratislava.sk\/wp-content\/uploads\/2026\/04\/jancova-a-pavlikova.jpg\" alt=\"\" width=\"1200\" height=\"1600\" srcset=\"https:\/\/www.vkpbratislava.sk\/wp-content\/uploads\/2026\/04\/jancova-a-pavlikova.jpg 1200w, https:\/\/www.vkpbratislava.sk\/wp-content\/uploads\/2026\/04\/jancova-a-pavlikova-640x853.jpg 640w, https:\/\/www.vkpbratislava.sk\/wp-content\/uploads\/2026\/04\/jancova-a-pavlikova-768x1024.jpg 768w, https:\/\/www.vkpbratislava.sk\/wp-content\/uploads\/2026\/04\/jancova-a-pavlikova-1152x1536.jpg 1152w, https:\/\/www.vkpbratislava.sk\/wp-content\/uploads\/2026\/04\/jancova-a-pavlikova-320x427.jpg 320w, https:\/\/www.vkpbratislava.sk\/wp-content\/uploads\/2026\/04\/jancova-a-pavlikova-600x800.jpg 600w\" sizes=\"auto, (max-width: 1200px) 100vw, 1200px\" \/><\/p>\n<p>&nbsp;<\/p>\n<p><strong>Nik\u00e9 Extraliga \u017eeny \u2013 play-off \u2013 fin\u00e1le \u2013 3. z\u00e1pas \u2013 nede\u013ea:<\/strong><\/p>\n<p><strong>VK Slovan Bratislava \u2013 KOOPERATIVA Sl\u00e1via EUBA 1:3 (-19, 22, -22, -17 ) \u2013 1:2 na z\u00e1pasy<\/strong><\/p>\n<p><strong>Hr\u00e1\u010dky z\u00e1pasu:<\/strong> Skarleta Jan\u010dov\u00e1 (VK Slovan Bratislava) \u2013 Jasm\u00edna Pavl\u00edkov\u00e1 (KOOPERATIVA Sl\u00e1via EUBA)<\/p>\n<p><strong>VK SLOVAN: <\/strong>A. Fri\u010dov\u00e1 5, Smie\u0161kov\u00e1 6, Canedo 1, Wagner 8, Massari 4, Boldock\u00e1 10, liberka S. Jan\u010dov\u00e1 (R. Hudecov\u00e1 10, Paz\u00farikov\u00e1 0, Baijo 11, Palkovi\u010dov\u00e1 9, Brewster 0). Tr\u00e9ner: P. Bern\u00e1th.<\/p>\n<p><strong>KOOPERATIVA SL\u00c1VIA:<\/strong> K. Matal\u00edkov\u00e1 18, F\u00f6ldesiov\u00e1 12, Sil\u00e1diov\u00e1 17, Ha\u0161kov\u00e1 8, Myers 16, Cibulov\u00e1 3, liberka Pavl\u00edkov\u00e1 (J. Matal\u00edkov\u00e1 0, Polc\u00edkov\u00e1 0, Hvozdov\u00e1 0). Tr\u00e9ner: M. Matu\u0161ov.<\/p>\n<p><strong>Rozhodovali: <\/strong>Kov\u00e1\u010d a Dovi\u010dovi\u010d, 730 div\u00e1kov.<\/p>\n<p>&nbsp;<\/p>\n<p>Zdroj: VK Slova, svf<\/p>\n<p>&nbsp;<\/p>\n<p>&nbsp;<\/p>\n","protected":false},"excerpt":{"rendered":"<p>Tret\u00ed fin\u00e1lov\u00fd duel Nik\u00e9 Extraligy \u017eien nepriniesol v\u00ed\u0165azstvo dom\u00e1ceho t\u00edmu. V Gopass Ar\u00e9ne tentoraz \u0165ahali za krat\u0161\u00ed koniec slovanistky, ktor\u00e9 pod\u013eahli KOOPERATIVE Sl\u00e1vii EUBA 1:3 na sety. Bratislavsk\u00e9 derby tak dostalo nov\u00fd n\u00e1boj, ke\u010f sa Sl\u00e1via ujala vedenia v s\u00e9rii 2:1 na z\u00e1pasy. Odpove\u010f Slovana m\u00f4\u017ee pr\u00eds\u0165 u\u017e v stredu 29. apr\u00edla o 19.30 hod.,&#8230;<\/p>\n","protected":false},"author":3,"featured_media":53726,"comment_status":"closed","ping_status":"closed","sticky":false,"template":"","format":"standard","meta":{"_monsterinsights_skip_tracking":false,"_monsterinsights_sitenote_active":false,"_monsterinsights_sitenote_note":"","_monsterinsights_sitenote_category":0,"footnotes":""},"categories":[48],"tags":[],"class_list":["post-53761","post","type-post","status-publish","format-standard","has-post-thumbnail","hentry","category-zeny"],"yoast_head":"<!-- This site is optimized with the Yoast SEO plugin v25.6 - https:\/\/yoast.com\/wordpress\/plugins\/seo\/ -->\n<title>Dom\u00e1ca palubovka nesta\u010dila. Sl\u00e1via ot\u00e1\u010da fin\u00e1le vo svoj prospech - VK SLOVAN Bratislava<\/title>\n<meta name=\"robots\" content=\"index, follow, max-snippet:-1, max-image-preview:large, max-video-preview:-1\" \/>\n<link rel=\"canonical\" href=\"https:\/\/www.vkpbratislava.sk\/?p=53761\" \/>\n<meta property=\"og:locale\" content=\"sk_SK\" \/>\n<meta property=\"og:type\" content=\"article\" \/>\n<meta property=\"og:title\" content=\"Dom\u00e1ca palubovka nesta\u010dila. Sl\u00e1via ot\u00e1\u010da fin\u00e1le vo svoj prospech - VK SLOVAN Bratislava\" \/>\n<meta property=\"og:description\" content=\"Tret\u00ed fin\u00e1lov\u00fd duel Nik\u00e9 Extraligy \u017eien nepriniesol v\u00ed\u0165azstvo dom\u00e1ceho t\u00edmu. V Gopass Ar\u00e9ne tentoraz \u0165ahali za krat\u0161\u00ed koniec slovanistky, ktor\u00e9 pod\u013eahli KOOPERATIVE Sl\u00e1vii EUBA 1:3 na sety. Bratislavsk\u00e9 derby tak dostalo nov\u00fd n\u00e1boj, ke\u010f sa Sl\u00e1via ujala vedenia v s\u00e9rii 2:1 na z\u00e1pasy. Odpove\u010f Slovana m\u00f4\u017ee pr\u00eds\u0165 u\u017e v stredu 29. apr\u00edla o 19.30 hod.,...\" \/>\n<meta property=\"og:url\" content=\"https:\/\/www.vkpbratislava.sk\/?p=53761\" \/>\n<meta property=\"og:site_name\" content=\"VK SLOVAN Bratislava\" \/>\n<meta property=\"article:published_time\" content=\"2026-04-26T14:24:37+00:00\" \/>\n<meta property=\"article:modified_time\" content=\"2026-04-30T14:26:32+00:00\" \/>\n<meta property=\"og:image\" content=\"https:\/\/www.vkpbratislava.sk\/wp-content\/uploads\/2026\/04\/20260426_igor_urban_VK-Slovan-Z-vs-Slavia-F3_IUR00122-scaled.jpg\" \/>\n\t<meta property=\"og:image:width\" content=\"2560\" \/>\n\t<meta property=\"og:image:height\" content=\"1707\" \/>\n\t<meta property=\"og:image:type\" content=\"image\/jpeg\" \/>\n<meta name=\"author\" content=\"jenca\" \/>\n<meta name=\"twitter:card\" content=\"summary_large_image\" \/>\n<meta name=\"twitter:label1\" content=\"Autor\" \/>\n\t<meta name=\"twitter:data1\" content=\"jenca\" \/>\n\t<meta name=\"twitter:label2\" content=\"Predpokladan\u00fd \u010das \u010d\u00edtania\" \/>\n\t<meta name=\"twitter:data2\" content=\"1 min\u00fata\" \/>\n<script type=\"application\/ld+json\" class=\"yoast-schema-graph\">{\"@context\":\"https:\/\/schema.org\",\"@graph\":[{\"@type\":\"Article\",\"@id\":\"https:\/\/www.vkpbratislava.sk\/?p=53761#article\",\"isPartOf\":{\"@id\":\"https:\/\/www.vkpbratislava.sk\/?p=53761\"},\"author\":{\"name\":\"jenca\",\"@id\":\"https:\/\/www.vkpbratislava.sk\/#\/schema\/person\/7037e769f9515aa58493d1b5852c4c50\"},\"headline\":\"Dom\u00e1ca palubovka nesta\u010dila. Sl\u00e1via ot\u00e1\u010da fin\u00e1le vo svoj prospech\",\"datePublished\":\"2026-04-26T14:24:37+00:00\",\"dateModified\":\"2026-04-30T14:26:32+00:00\",\"mainEntityOfPage\":{\"@id\":\"https:\/\/www.vkpbratislava.sk\/?p=53761\"},\"wordCount\":550,\"publisher\":{\"@id\":\"https:\/\/www.vkpbratislava.sk\/#organization\"},\"image\":{\"@id\":\"https:\/\/www.vkpbratislava.sk\/?p=53761#primaryimage\"},\"thumbnailUrl\":\"https:\/\/www.vkpbratislava.sk\/wp-content\/uploads\/2026\/04\/20260426_igor_urban_VK-Slovan-Z-vs-Slavia-F3_IUR00122-scaled.jpg\",\"articleSection\":[\"\u017deny\"],\"inLanguage\":\"sk-SK\"},{\"@type\":\"WebPage\",\"@id\":\"https:\/\/www.vkpbratislava.sk\/?p=53761\",\"url\":\"https:\/\/www.vkpbratislava.sk\/?p=53761\",\"name\":\"Dom\u00e1ca palubovka nesta\u010dila. Sl\u00e1via ot\u00e1\u010da fin\u00e1le vo svoj prospech - VK SLOVAN Bratislava\",\"isPartOf\":{\"@id\":\"https:\/\/www.vkpbratislava.sk\/#website\"},\"primaryImageOfPage\":{\"@id\":\"https:\/\/www.vkpbratislava.sk\/?p=53761#primaryimage\"},\"image\":{\"@id\":\"https:\/\/www.vkpbratislava.sk\/?p=53761#primaryimage\"},\"thumbnailUrl\":\"https:\/\/www.vkpbratislava.sk\/wp-content\/uploads\/2026\/04\/20260426_igor_urban_VK-Slovan-Z-vs-Slavia-F3_IUR00122-scaled.jpg\",\"datePublished\":\"2026-04-26T14:24:37+00:00\",\"dateModified\":\"2026-04-30T14:26:32+00:00\",\"breadcrumb\":{\"@id\":\"https:\/\/www.vkpbratislava.sk\/?p=53761#breadcrumb\"},\"inLanguage\":\"sk-SK\",\"potentialAction\":[{\"@type\":\"ReadAction\",\"target\":[\"https:\/\/www.vkpbratislava.sk\/?p=53761\"]}]},{\"@type\":\"ImageObject\",\"inLanguage\":\"sk-SK\",\"@id\":\"https:\/\/www.vkpbratislava.sk\/?p=53761#primaryimage\",\"url\":\"https:\/\/www.vkpbratislava.sk\/wp-content\/uploads\/2026\/04\/20260426_igor_urban_VK-Slovan-Z-vs-Slavia-F3_IUR00122-scaled.jpg\",\"contentUrl\":\"https:\/\/www.vkpbratislava.sk\/wp-content\/uploads\/2026\/04\/20260426_igor_urban_VK-Slovan-Z-vs-Slavia-F3_IUR00122-scaled.jpg\",\"width\":2560,\"height\":1707},{\"@type\":\"BreadcrumbList\",\"@id\":\"https:\/\/www.vkpbratislava.sk\/?p=53761#breadcrumb\",\"itemListElement\":[{\"@type\":\"ListItem\",\"position\":1,\"name\":\"Domov\",\"item\":\"https:\/\/www.vkpbratislava.sk\/\"},{\"@type\":\"ListItem\",\"position\":2,\"name\":\"Dom\u00e1ca palubovka nesta\u010dila. Sl\u00e1via ot\u00e1\u010da fin\u00e1le vo svoj prospech\"}]},{\"@type\":\"WebSite\",\"@id\":\"https:\/\/www.vkpbratislava.sk\/#website\",\"url\":\"https:\/\/www.vkpbratislava.sk\/\",\"name\":\"VK SLOVAN Bratislava\",\"description\":\"Volejbalov\u00fd klub\",\"publisher\":{\"@id\":\"https:\/\/www.vkpbratislava.sk\/#organization\"},\"potentialAction\":[{\"@type\":\"SearchAction\",\"target\":{\"@type\":\"EntryPoint\",\"urlTemplate\":\"https:\/\/www.vkpbratislava.sk\/?s={search_term_string}\"},\"query-input\":{\"@type\":\"PropertyValueSpecification\",\"valueRequired\":true,\"valueName\":\"search_term_string\"}}],\"inLanguage\":\"sk-SK\"},{\"@type\":\"Organization\",\"@id\":\"https:\/\/www.vkpbratislava.sk\/#organization\",\"name\":\"VKP Bratislava\",\"url\":\"https:\/\/www.vkpbratislava.sk\/\",\"logo\":{\"@type\":\"ImageObject\",\"inLanguage\":\"sk-SK\",\"@id\":\"https:\/\/www.vkpbratislava.sk\/#\/schema\/logo\/image\/\",\"url\":\"https:\/\/www.vkpbratislava.sk\/wp-content\/uploads\/2020\/10\/vkpBA.png\",\"contentUrl\":\"https:\/\/www.vkpbratislava.sk\/wp-content\/uploads\/2020\/10\/vkpBA.png\",\"width\":600,\"height\":600,\"caption\":\"VKP Bratislava\"},\"image\":{\"@id\":\"https:\/\/www.vkpbratislava.sk\/#\/schema\/logo\/image\/\"}},{\"@type\":\"Person\",\"@id\":\"https:\/\/www.vkpbratislava.sk\/#\/schema\/person\/7037e769f9515aa58493d1b5852c4c50\",\"name\":\"jenca\",\"image\":{\"@type\":\"ImageObject\",\"inLanguage\":\"sk-SK\",\"@id\":\"https:\/\/www.vkpbratislava.sk\/#\/schema\/person\/image\/\",\"url\":\"https:\/\/secure.gravatar.com\/avatar\/67aa89e9aab2911bbd0c6fbf0a891ea8d80c207c9b6a6e2c96e13fc2f16e536d?s=96&d=mm&r=g\",\"contentUrl\":\"https:\/\/secure.gravatar.com\/avatar\/67aa89e9aab2911bbd0c6fbf0a891ea8d80c207c9b6a6e2c96e13fc2f16e536d?s=96&d=mm&r=g\",\"caption\":\"jenca\"},\"url\":\"https:\/\/www.vkpbratislava.sk\/?author=3\"}]}<\/script>\n<!-- \/ Yoast SEO plugin. -->","yoast_head_json":{"title":"Dom\u00e1ca palubovka nesta\u010dila. Sl\u00e1via ot\u00e1\u010da fin\u00e1le vo svoj prospech - VK SLOVAN Bratislava","robots":{"index":"index","follow":"follow","max-snippet":"max-snippet:-1","max-image-preview":"max-image-preview:large","max-video-preview":"max-video-preview:-1"},"canonical":"https:\/\/www.vkpbratislava.sk\/?p=53761","og_locale":"sk_SK","og_type":"article","og_title":"Dom\u00e1ca palubovka nesta\u010dila. Sl\u00e1via ot\u00e1\u010da fin\u00e1le vo svoj prospech - VK SLOVAN Bratislava","og_description":"Tret\u00ed fin\u00e1lov\u00fd duel Nik\u00e9 Extraligy \u017eien nepriniesol v\u00ed\u0165azstvo dom\u00e1ceho t\u00edmu. V Gopass Ar\u00e9ne tentoraz \u0165ahali za krat\u0161\u00ed koniec slovanistky, ktor\u00e9 pod\u013eahli KOOPERATIVE Sl\u00e1vii EUBA 1:3 na sety. Bratislavsk\u00e9 derby tak dostalo nov\u00fd n\u00e1boj, ke\u010f sa Sl\u00e1via ujala vedenia v s\u00e9rii 2:1 na z\u00e1pasy. Odpove\u010f Slovana m\u00f4\u017ee pr\u00eds\u0165 u\u017e v stredu 29. apr\u00edla o 19.30 hod.,...","og_url":"https:\/\/www.vkpbratislava.sk\/?p=53761","og_site_name":"VK SLOVAN Bratislava","article_published_time":"2026-04-26T14:24:37+00:00","article_modified_time":"2026-04-30T14:26:32+00:00","og_image":[{"width":2560,"height":1707,"url":"https:\/\/www.vkpbratislava.sk\/wp-content\/uploads\/2026\/04\/20260426_igor_urban_VK-Slovan-Z-vs-Slavia-F3_IUR00122-scaled.jpg","type":"image\/jpeg"}],"author":"jenca","twitter_card":"summary_large_image","twitter_misc":{"Autor":"jenca","Predpokladan\u00fd \u010das \u010d\u00edtania":"1 min\u00fata"},"schema":{"@context":"https:\/\/schema.org","@graph":[{"@type":"Article","@id":"https:\/\/www.vkpbratislava.sk\/?p=53761#article","isPartOf":{"@id":"https:\/\/www.vkpbratislava.sk\/?p=53761"},"author":{"name":"jenca","@id":"https:\/\/www.vkpbratislava.sk\/#\/schema\/person\/7037e769f9515aa58493d1b5852c4c50"},"headline":"Dom\u00e1ca palubovka nesta\u010dila. Sl\u00e1via ot\u00e1\u010da fin\u00e1le vo svoj prospech","datePublished":"2026-04-26T14:24:37+00:00","dateModified":"2026-04-30T14:26:32+00:00","mainEntityOfPage":{"@id":"https:\/\/www.vkpbratislava.sk\/?p=53761"},"wordCount":550,"publisher":{"@id":"https:\/\/www.vkpbratislava.sk\/#organization"},"image":{"@id":"https:\/\/www.vkpbratislava.sk\/?p=53761#primaryimage"},"thumbnailUrl":"https:\/\/www.vkpbratislava.sk\/wp-content\/uploads\/2026\/04\/20260426_igor_urban_VK-Slovan-Z-vs-Slavia-F3_IUR00122-scaled.jpg","articleSection":["\u017deny"],"inLanguage":"sk-SK"},{"@type":"WebPage","@id":"https:\/\/www.vkpbratislava.sk\/?p=53761","url":"https:\/\/www.vkpbratislava.sk\/?p=53761","name":"Dom\u00e1ca palubovka nesta\u010dila. Sl\u00e1via ot\u00e1\u010da fin\u00e1le vo svoj prospech - VK SLOVAN Bratislava","isPartOf":{"@id":"https:\/\/www.vkpbratislava.sk\/#website"},"primaryImageOfPage":{"@id":"https:\/\/www.vkpbratislava.sk\/?p=53761#primaryimage"},"image":{"@id":"https:\/\/www.vkpbratislava.sk\/?p=53761#primaryimage"},"thumbnailUrl":"https:\/\/www.vkpbratislava.sk\/wp-content\/uploads\/2026\/04\/20260426_igor_urban_VK-Slovan-Z-vs-Slavia-F3_IUR00122-scaled.jpg","datePublished":"2026-04-26T14:24:37+00:00","dateModified":"2026-04-30T14:26:32+00:00","breadcrumb":{"@id":"https:\/\/www.vkpbratislava.sk\/?p=53761#breadcrumb"},"inLanguage":"sk-SK","potentialAction":[{"@type":"ReadAction","target":["https:\/\/www.vkpbratislava.sk\/?p=53761"]}]},{"@type":"ImageObject","inLanguage":"sk-SK","@id":"https:\/\/www.vkpbratislava.sk\/?p=53761#primaryimage","url":"https:\/\/www.vkpbratislava.sk\/wp-content\/uploads\/2026\/04\/20260426_igor_urban_VK-Slovan-Z-vs-Slavia-F3_IUR00122-scaled.jpg","contentUrl":"https:\/\/www.vkpbratislava.sk\/wp-content\/uploads\/2026\/04\/20260426_igor_urban_VK-Slovan-Z-vs-Slavia-F3_IUR00122-scaled.jpg","width":2560,"height":1707},{"@type":"BreadcrumbList","@id":"https:\/\/www.vkpbratislava.sk\/?p=53761#breadcrumb","itemListElement":[{"@type":"ListItem","position":1,"name":"Domov","item":"https:\/\/www.vkpbratislava.sk\/"},{"@type":"ListItem","position":2,"name":"Dom\u00e1ca palubovka nesta\u010dila. Sl\u00e1via ot\u00e1\u010da fin\u00e1le vo svoj prospech"}]},{"@type":"WebSite","@id":"https:\/\/www.vkpbratislava.sk\/#website","url":"https:\/\/www.vkpbratislava.sk\/","name":"VK SLOVAN Bratislava","description":"Volejbalov\u00fd klub","publisher":{"@id":"https:\/\/www.vkpbratislava.sk\/#organization"},"potentialAction":[{"@type":"SearchAction","target":{"@type":"EntryPoint","urlTemplate":"https:\/\/www.vkpbratislava.sk\/?s={search_term_string}"},"query-input":{"@type":"PropertyValueSpecification","valueRequired":true,"valueName":"search_term_string"}}],"inLanguage":"sk-SK"},{"@type":"Organization","@id":"https:\/\/www.vkpbratislava.sk\/#organization","name":"VKP Bratislava","url":"https:\/\/www.vkpbratislava.sk\/","logo":{"@type":"ImageObject","inLanguage":"sk-SK","@id":"https:\/\/www.vkpbratislava.sk\/#\/schema\/logo\/image\/","url":"https:\/\/www.vkpbratislava.sk\/wp-content\/uploads\/2020\/10\/vkpBA.png","contentUrl":"https:\/\/www.vkpbratislava.sk\/wp-content\/uploads\/2020\/10\/vkpBA.png","width":600,"height":600,"caption":"VKP Bratislava"},"image":{"@id":"https:\/\/www.vkpbratislava.sk\/#\/schema\/logo\/image\/"}},{"@type":"Person","@id":"https:\/\/www.vkpbratislava.sk\/#\/schema\/person\/7037e769f9515aa58493d1b5852c4c50","name":"jenca","image":{"@type":"ImageObject","inLanguage":"sk-SK","@id":"https:\/\/www.vkpbratislava.sk\/#\/schema\/person\/image\/","url":"https:\/\/secure.gravatar.com\/avatar\/67aa89e9aab2911bbd0c6fbf0a891ea8d80c207c9b6a6e2c96e13fc2f16e536d?s=96&d=mm&r=g","contentUrl":"https:\/\/secure.gravatar.com\/avatar\/67aa89e9aab2911bbd0c6fbf0a891ea8d80c207c9b6a6e2c96e13fc2f16e536d?s=96&d=mm&r=g","caption":"jenca"},"url":"https:\/\/www.vkpbratislava.sk\/?author=3"}]}},"_links":{"self":[{"href":"https:\/\/www.vkpbratislava.sk\/index.php?rest_route=\/wp\/v2\/posts\/53761","targetHints":{"allow":["GET"]}}],"collection":[{"href":"https:\/\/www.vkpbratislava.sk\/index.php?rest_route=\/wp\/v2\/posts"}],"about":[{"href":"https:\/\/www.vkpbratislava.sk\/index.php?rest_route=\/wp\/v2\/types\/post"}],"author":[{"embeddable":true,"href":"https:\/\/www.vkpbratislava.sk\/index.php?rest_route=\/wp\/v2\/users\/3"}],"replies":[{"embeddable":true,"href":"https:\/\/www.vkpbratislava.sk\/index.php?rest_route=%2Fwp%2Fv2%2Fcomments&post=53761"}],"version-history":[{"count":1,"href":"https:\/\/www.vkpbratislava.sk\/index.php?rest_route=\/wp\/v2\/posts\/53761\/revisions"}],"predecessor-version":[{"id":53763,"href":"https:\/\/www.vkpbratislava.sk\/index.php?rest_route=\/wp\/v2\/posts\/53761\/revisions\/53763"}],"wp:featuredmedia":[{"embeddable":true,"href":"https:\/\/www.vkpbratislava.sk\/index.php?rest_route=\/wp\/v2\/media\/53726"}],"wp:attachment":[{"href":"https:\/\/www.vkpbratislava.sk\/index.php?rest_route=%2Fwp%2Fv2%2Fmedia&parent=53761"}],"wp:term":[{"taxonomy":"category","embeddable":true,"href":"https:\/\/www.vkpbratislava.sk\/index.php?rest_route=%2Fwp%2Fv2%2Fcategories&post=53761"},{"taxonomy":"post_tag","embeddable":true,"href":"https:\/\/www.vkpbratislava.sk\/index.php?rest_route=%2Fwp%2Fv2%2Ftags&post=53761"}],"curies":[{"name":"wp","href":"https:\/\/api.w.org\/{rel}","templated":true}]}}