{"id":53767,"date":"2026-04-26T16:32:35","date_gmt":"2026-04-26T14:32:35","guid":{"rendered":"https:\/\/www.vkpbratislava.sk\/?p=53767"},"modified":"2026-04-30T16:46:43","modified_gmt":"2026-04-30T14:46:43","slug":"finale-otvorilo-komarno-slovan-ide-po-odvetu","status":"publish","type":"post","link":"https:\/\/www.vkpbratislava.sk\/?p=53767","title":{"rendered":"Fin\u00e1le otvorilo Kom\u00e1rno. Slovan ide po odvetu"},"content":{"rendered":"<p><strong>Prv\u00fd fin\u00e1lov\u00fd z\u00e1pas Nik\u00e9 Extraligy mu\u017eov priniesol v Gopass Ar\u00e9ne kvalitn\u00fd volejbal aj viacero dramatick\u00fdch momentov. Slovanisti v\u0161ak na \u00favod s\u00e9rie nesta\u010dili na Rieker UJS Kom\u00e1rno, ktor\u00e9mu pod\u013eahli 1:3 na sety. Hostia tak zvl\u00e1dli prv\u00fd krok v boji o zlato. Druh\u00fd fin\u00e1lov\u00fd duel je na programe vo \u0161tvrtok 30. apr\u00edla o 19.00 hod. v Kom\u00e1rne.<\/strong><\/p>\n<p>&nbsp;<\/p>\n<p>\u00davodn\u00fd set bol od za\u010diatku vyrovnan\u00fd. Slovan si s\u00edce vypracoval prv\u00fd minibrejk, no Kom\u00e1rno postupne prebralo iniciat\u00edvu a po \u00fatokoch Halandu \u010di dobrom servise Hulpacha odsko\u010dilo na rozdiel troch bodov. Belas\u00ed sa v koncovke e\u0161te dotiahli na 20:21, no hostia si n\u00e1skok postr\u00e1\u017eili a druh\u00fd setbal premenili na v\u00ed\u0165azstvo 25:22.<\/p>\n<p>Druh\u00fd set vy\u0161iel lep\u0161ie dom\u00e1cim. Slovanisti vst\u00fapili do dejstva tromi bodmi a n\u00e1skok si dr\u017eali do stavu 9:6. Kom\u00e1rno s\u00edce dok\u00e1zalo vyrovna\u0165 a po ese Hulpacha sa dostalo aj do vedenia, no oddychov\u00fd \u010das dom\u00e1cim pomohol. Mlynar\u010d\u00edk najsk\u00f4r za\u00fato\u010dil, potom pridal eso a Slovan oto\u010dil v\u00fdvoj setu. Od stavu 21:19 u\u017e s\u00faperovi nedovolil bodova\u0165 a po v\u00fdsledku 25:21 vyrovnal stav z\u00e1pasu.<\/p>\n<p>Tret\u00ed set patril jednozna\u010dne Kom\u00e1rnu. Hostia si r\u00fdchlo vybudovali v\u00fdrazn\u00fd n\u00e1skok, vyu\u017e\u00edvali chyby Slovana a dr\u017eali z\u00e1pas pod kontrolou. Belas\u00ed sa nedok\u00e1zali dosta\u0165 do tempa a Kom\u00e1rno bez v\u00e4\u010d\u0161\u00edch probl\u00e9mov ovl\u00e1dlo set 25:15.<\/p>\n<p>Vo \u0161tvrtom dejstve sa dr\u017eali t\u00edmy pri sebe len v \u00favode. Od stavu 4:4 za\u010dali ma\u0165 navrch hostia, ktor\u00ed si s\u00e9riou bodov a esom Smoleja vypracovali n\u00e1skok 14:9. Slovan sa e\u0161te sna\u017eil vr\u00e1ti\u0165 do z\u00e1pasu, no Kom\u00e1rno si vedenie ustr\u00e1\u017eilo a\u017e do konca. Prv\u00fd me\u010dbal Mlynar\u010d\u00edk odvr\u00e1til, ale posledn\u00e9 slovo mal Halanda, ktor\u00fd spe\u010datil v\u00ed\u0165azstvo Kom\u00e1rna 3:1.<\/p>\n<p>&nbsp;<\/p>\n<p>Z\u00e1pas zhodnotil Robin P\u011blucha, tr\u00e9ner VK Slovan<strong>: \u201eNebol to n\u00e1\u0161 de\u0148. Kom\u00e1rno pri\u0161lo ve\u013emi dobre pripraven\u00e9. Momenty, ktor\u00e9 sme mali ot\u00e1\u010da\u0165, sme neot\u00e1\u010dali a to bol n\u00e1\u0161 najv\u00e4\u010d\u0161\u00ed probl\u00e9m. To n\u00e1s st\u00e1lo v\u00ed\u0165azstvo. Kom\u00e1rno hralo dobre. Teraz je rad na n\u00e1s, aby sme sa dali dokopy, poriadne sa pripravili na \u0161tvrtok a uk\u00e1zali, \u017ee vieme hra\u0165 volejbal.\u201c<\/strong><\/p>\n<p><strong>\u201eSom spokojn\u00fd s v\u00fdkonom, mo\u017eno s v\u00fdnimkou druh\u00e9ho setu, ale treba si uvedomi\u0165, \u017ee hr\u00e1me proti Slovanu, ktor\u00fd je najsilnej\u0161\u00ed t\u00edm na Slovensku. Vyhrali sme na jeho palubovke, s \u010d\u00edm sme maxim\u00e1lne spokojn\u00ed, ale to neznamen\u00e1 ni\u010d \u2013 ideme sa bi\u0165 \u010falej,\u201c <\/strong>dodal Franti\u0161ek Ogur\u010d\u00e1k, tr\u00e9ner Rieker UJS.<\/p>\n<p>&nbsp;<\/p>\n<p><img loading=\"lazy\" decoding=\"async\" class=\"alignnone size-full wp-image-53768\" src=\"https:\/\/www.vkpbratislava.sk\/wp-content\/uploads\/2026\/04\/tomas-halanda.jpg\" alt=\"\" width=\"1200\" height=\"1600\" srcset=\"https:\/\/www.vkpbratislava.sk\/wp-content\/uploads\/2026\/04\/tomas-halanda.jpg 1200w, https:\/\/www.vkpbratislava.sk\/wp-content\/uploads\/2026\/04\/tomas-halanda-640x853.jpg 640w, https:\/\/www.vkpbratislava.sk\/wp-content\/uploads\/2026\/04\/tomas-halanda-768x1024.jpg 768w, https:\/\/www.vkpbratislava.sk\/wp-content\/uploads\/2026\/04\/tomas-halanda-1152x1536.jpg 1152w, https:\/\/www.vkpbratislava.sk\/wp-content\/uploads\/2026\/04\/tomas-halanda-320x427.jpg 320w, https:\/\/www.vkpbratislava.sk\/wp-content\/uploads\/2026\/04\/tomas-halanda-600x800.jpg 600w\" sizes=\"auto, (max-width: 1200px) 100vw, 1200px\" \/><\/p>\n<p>&nbsp;<\/p>\n<p><strong>Nik\u00e9 Extraliga mu\u017ei \u2013 play-off &#8211; fin\u00e1le \u2013 prv\u00fd z\u00e1pas \u2013 nede\u013ea:<\/strong><\/p>\n<p><strong>VK Slovan Bratislava \u2013 Rieker UJS Kom\u00e1rno 1:3 (-22, 21, -15, -20 ) \u2013 0:1 na z\u00e1pasy<\/strong><\/p>\n<p><strong>Hr\u00e1\u010d z\u00e1pasu:<\/strong> Tom\u00e1\u0161 Halanda (Rieker UJS Kom\u00e1rno)<\/p>\n<p><strong>VK SLOVAN:<\/strong> Za\u0165ko 2, Truba\u010d 16, Marjov 8, Mlynar\u010d\u00edk 13, Kri\u0161ko 8, Billich 7, liber\u00e1 Jakub\u00edk a T. Pat\u00fac (Michalovi\u010d 3, Fo\u0159t 2, Belas 0, \u0160ellong 2). Tr\u00e9ner: R. P\u011blucha.<\/p>\n<p><strong>RIEKER UJS:<\/strong> M. Kasperkevi\u010d 2, T. Halanda 20, Ma\u010duha 17, Hulpach 17, Smolej 10, M. Zeman 14, libero Pati-Nagy (Forr\u00f3 0, S\u00e1nta 0). Tr\u00e9ner: F. Ogur\u010d\u00e1k.<\/p>\n<p><strong>Rozhodovali:<\/strong> Mokr\u00fd a Jur\u00e1\u010dek, 850 div\u00e1kov.<\/p>\n<p>&nbsp;<\/p>\n<p>&nbsp;<\/p>\n<p>Zdroj: VK Slovan, svf<\/p>\n<p>&nbsp;<\/p>\n<p>&nbsp;<\/p>\n<p>&nbsp;<\/p>\n","protected":false},"excerpt":{"rendered":"<p>Prv\u00fd fin\u00e1lov\u00fd z\u00e1pas Nik\u00e9 Extraligy mu\u017eov priniesol v Gopass Ar\u00e9ne kvalitn\u00fd volejbal aj viacero dramatick\u00fdch momentov. Slovanisti v\u0161ak na \u00favod s\u00e9rie nesta\u010dili na Rieker UJS Kom\u00e1rno, ktor\u00e9mu pod\u013eahli 1:3 na sety. Hostia tak zvl\u00e1dli prv\u00fd krok v boji o zlato. Druh\u00fd fin\u00e1lov\u00fd duel je na programe vo \u0161tvrtok 30. apr\u00edla o 19.00 hod. v Kom\u00e1rne&#8230;.<\/p>\n","protected":false},"author":3,"featured_media":53614,"comment_status":"closed","ping_status":"closed","sticky":false,"template":"","format":"standard","meta":{"_monsterinsights_skip_tracking":false,"_monsterinsights_sitenote_active":false,"_monsterinsights_sitenote_note":"","_monsterinsights_sitenote_category":0,"footnotes":""},"categories":[47],"tags":[],"class_list":["post-53767","post","type-post","status-publish","format-standard","has-post-thumbnail","hentry","category-muzi"],"yoast_head":"<!-- This site is optimized with the Yoast SEO plugin v25.6 - https:\/\/yoast.com\/wordpress\/plugins\/seo\/ -->\n<title>Fin\u00e1le otvorilo Kom\u00e1rno. Slovan ide po odvetu - VK SLOVAN Bratislava<\/title>\n<meta name=\"robots\" content=\"index, follow, max-snippet:-1, max-image-preview:large, max-video-preview:-1\" \/>\n<link rel=\"canonical\" href=\"https:\/\/www.vkpbratislava.sk\/?p=53767\" \/>\n<meta property=\"og:locale\" content=\"sk_SK\" \/>\n<meta property=\"og:type\" content=\"article\" \/>\n<meta property=\"og:title\" content=\"Fin\u00e1le otvorilo Kom\u00e1rno. Slovan ide po odvetu - VK SLOVAN Bratislava\" \/>\n<meta property=\"og:description\" content=\"Prv\u00fd fin\u00e1lov\u00fd z\u00e1pas Nik\u00e9 Extraligy mu\u017eov priniesol v Gopass Ar\u00e9ne kvalitn\u00fd volejbal aj viacero dramatick\u00fdch momentov. Slovanisti v\u0161ak na \u00favod s\u00e9rie nesta\u010dili na Rieker UJS Kom\u00e1rno, ktor\u00e9mu pod\u013eahli 1:3 na sety. Hostia tak zvl\u00e1dli prv\u00fd krok v boji o zlato. Druh\u00fd fin\u00e1lov\u00fd duel je na programe vo \u0161tvrtok 30. apr\u00edla o 19.00 hod. v Kom\u00e1rne....\" \/>\n<meta property=\"og:url\" content=\"https:\/\/www.vkpbratislava.sk\/?p=53767\" \/>\n<meta property=\"og:site_name\" content=\"VK SLOVAN Bratislava\" \/>\n<meta property=\"article:published_time\" content=\"2026-04-26T14:32:35+00:00\" \/>\n<meta property=\"article:modified_time\" content=\"2026-04-30T14:46:43+00:00\" \/>\n<meta property=\"og:image\" content=\"https:\/\/www.vkpbratislava.sk\/wp-content\/uploads\/2026\/04\/MS_20260426_ELSlovanvsKomarno-23.jpg\" \/>\n\t<meta property=\"og:image:width\" content=\"2048\" \/>\n\t<meta property=\"og:image:height\" content=\"1365\" \/>\n\t<meta property=\"og:image:type\" content=\"image\/jpeg\" \/>\n<meta name=\"author\" content=\"jenca\" \/>\n<meta name=\"twitter:card\" content=\"summary_large_image\" \/>\n<meta name=\"twitter:label1\" content=\"Autor\" \/>\n\t<meta name=\"twitter:data1\" content=\"jenca\" \/>\n\t<meta name=\"twitter:label2\" content=\"Predpokladan\u00fd \u010das \u010d\u00edtania\" \/>\n\t<meta name=\"twitter:data2\" content=\"3 min\u00faty\" \/>\n<script type=\"application\/ld+json\" class=\"yoast-schema-graph\">{\"@context\":\"https:\/\/schema.org\",\"@graph\":[{\"@type\":\"Article\",\"@id\":\"https:\/\/www.vkpbratislava.sk\/?p=53767#article\",\"isPartOf\":{\"@id\":\"https:\/\/www.vkpbratislava.sk\/?p=53767\"},\"author\":{\"name\":\"jenca\",\"@id\":\"https:\/\/www.vkpbratislava.sk\/#\/schema\/person\/7037e769f9515aa58493d1b5852c4c50\"},\"headline\":\"Fin\u00e1le otvorilo Kom\u00e1rno. Slovan ide po odvetu\",\"datePublished\":\"2026-04-26T14:32:35+00:00\",\"dateModified\":\"2026-04-30T14:46:43+00:00\",\"mainEntityOfPage\":{\"@id\":\"https:\/\/www.vkpbratislava.sk\/?p=53767\"},\"wordCount\":560,\"publisher\":{\"@id\":\"https:\/\/www.vkpbratislava.sk\/#organization\"},\"image\":{\"@id\":\"https:\/\/www.vkpbratislava.sk\/?p=53767#primaryimage\"},\"thumbnailUrl\":\"https:\/\/www.vkpbratislava.sk\/wp-content\/uploads\/2026\/04\/MS_20260426_ELSlovanvsKomarno-23.jpg\",\"articleSection\":[\"Mu\u017ei\"],\"inLanguage\":\"sk-SK\"},{\"@type\":\"WebPage\",\"@id\":\"https:\/\/www.vkpbratislava.sk\/?p=53767\",\"url\":\"https:\/\/www.vkpbratislava.sk\/?p=53767\",\"name\":\"Fin\u00e1le otvorilo Kom\u00e1rno. Slovan ide po odvetu - VK SLOVAN Bratislava\",\"isPartOf\":{\"@id\":\"https:\/\/www.vkpbratislava.sk\/#website\"},\"primaryImageOfPage\":{\"@id\":\"https:\/\/www.vkpbratislava.sk\/?p=53767#primaryimage\"},\"image\":{\"@id\":\"https:\/\/www.vkpbratislava.sk\/?p=53767#primaryimage\"},\"thumbnailUrl\":\"https:\/\/www.vkpbratislava.sk\/wp-content\/uploads\/2026\/04\/MS_20260426_ELSlovanvsKomarno-23.jpg\",\"datePublished\":\"2026-04-26T14:32:35+00:00\",\"dateModified\":\"2026-04-30T14:46:43+00:00\",\"breadcrumb\":{\"@id\":\"https:\/\/www.vkpbratislava.sk\/?p=53767#breadcrumb\"},\"inLanguage\":\"sk-SK\",\"potentialAction\":[{\"@type\":\"ReadAction\",\"target\":[\"https:\/\/www.vkpbratislava.sk\/?p=53767\"]}]},{\"@type\":\"ImageObject\",\"inLanguage\":\"sk-SK\",\"@id\":\"https:\/\/www.vkpbratislava.sk\/?p=53767#primaryimage\",\"url\":\"https:\/\/www.vkpbratislava.sk\/wp-content\/uploads\/2026\/04\/MS_20260426_ELSlovanvsKomarno-23.jpg\",\"contentUrl\":\"https:\/\/www.vkpbratislava.sk\/wp-content\/uploads\/2026\/04\/MS_20260426_ELSlovanvsKomarno-23.jpg\",\"width\":2048,\"height\":1365},{\"@type\":\"BreadcrumbList\",\"@id\":\"https:\/\/www.vkpbratislava.sk\/?p=53767#breadcrumb\",\"itemListElement\":[{\"@type\":\"ListItem\",\"position\":1,\"name\":\"Domov\",\"item\":\"https:\/\/www.vkpbratislava.sk\/\"},{\"@type\":\"ListItem\",\"position\":2,\"name\":\"Fin\u00e1le otvorilo Kom\u00e1rno. Slovan ide po odvetu\"}]},{\"@type\":\"WebSite\",\"@id\":\"https:\/\/www.vkpbratislava.sk\/#website\",\"url\":\"https:\/\/www.vkpbratislava.sk\/\",\"name\":\"VK SLOVAN Bratislava\",\"description\":\"Volejbalov\u00fd klub\",\"publisher\":{\"@id\":\"https:\/\/www.vkpbratislava.sk\/#organization\"},\"potentialAction\":[{\"@type\":\"SearchAction\",\"target\":{\"@type\":\"EntryPoint\",\"urlTemplate\":\"https:\/\/www.vkpbratislava.sk\/?s={search_term_string}\"},\"query-input\":{\"@type\":\"PropertyValueSpecification\",\"valueRequired\":true,\"valueName\":\"search_term_string\"}}],\"inLanguage\":\"sk-SK\"},{\"@type\":\"Organization\",\"@id\":\"https:\/\/www.vkpbratislava.sk\/#organization\",\"name\":\"VKP Bratislava\",\"url\":\"https:\/\/www.vkpbratislava.sk\/\",\"logo\":{\"@type\":\"ImageObject\",\"inLanguage\":\"sk-SK\",\"@id\":\"https:\/\/www.vkpbratislava.sk\/#\/schema\/logo\/image\/\",\"url\":\"https:\/\/www.vkpbratislava.sk\/wp-content\/uploads\/2020\/10\/vkpBA.png\",\"contentUrl\":\"https:\/\/www.vkpbratislava.sk\/wp-content\/uploads\/2020\/10\/vkpBA.png\",\"width\":600,\"height\":600,\"caption\":\"VKP Bratislava\"},\"image\":{\"@id\":\"https:\/\/www.vkpbratislava.sk\/#\/schema\/logo\/image\/\"}},{\"@type\":\"Person\",\"@id\":\"https:\/\/www.vkpbratislava.sk\/#\/schema\/person\/7037e769f9515aa58493d1b5852c4c50\",\"name\":\"jenca\",\"image\":{\"@type\":\"ImageObject\",\"inLanguage\":\"sk-SK\",\"@id\":\"https:\/\/www.vkpbratislava.sk\/#\/schema\/person\/image\/\",\"url\":\"https:\/\/secure.gravatar.com\/avatar\/67aa89e9aab2911bbd0c6fbf0a891ea8d80c207c9b6a6e2c96e13fc2f16e536d?s=96&d=mm&r=g\",\"contentUrl\":\"https:\/\/secure.gravatar.com\/avatar\/67aa89e9aab2911bbd0c6fbf0a891ea8d80c207c9b6a6e2c96e13fc2f16e536d?s=96&d=mm&r=g\",\"caption\":\"jenca\"},\"url\":\"https:\/\/www.vkpbratislava.sk\/?author=3\"}]}<\/script>\n<!-- \/ Yoast SEO plugin. -->","yoast_head_json":{"title":"Fin\u00e1le otvorilo Kom\u00e1rno. Slovan ide po odvetu - VK SLOVAN Bratislava","robots":{"index":"index","follow":"follow","max-snippet":"max-snippet:-1","max-image-preview":"max-image-preview:large","max-video-preview":"max-video-preview:-1"},"canonical":"https:\/\/www.vkpbratislava.sk\/?p=53767","og_locale":"sk_SK","og_type":"article","og_title":"Fin\u00e1le otvorilo Kom\u00e1rno. Slovan ide po odvetu - VK SLOVAN Bratislava","og_description":"Prv\u00fd fin\u00e1lov\u00fd z\u00e1pas Nik\u00e9 Extraligy mu\u017eov priniesol v Gopass Ar\u00e9ne kvalitn\u00fd volejbal aj viacero dramatick\u00fdch momentov. Slovanisti v\u0161ak na \u00favod s\u00e9rie nesta\u010dili na Rieker UJS Kom\u00e1rno, ktor\u00e9mu pod\u013eahli 1:3 na sety. Hostia tak zvl\u00e1dli prv\u00fd krok v boji o zlato. Druh\u00fd fin\u00e1lov\u00fd duel je na programe vo \u0161tvrtok 30. apr\u00edla o 19.00 hod. v Kom\u00e1rne....","og_url":"https:\/\/www.vkpbratislava.sk\/?p=53767","og_site_name":"VK SLOVAN Bratislava","article_published_time":"2026-04-26T14:32:35+00:00","article_modified_time":"2026-04-30T14:46:43+00:00","og_image":[{"width":2048,"height":1365,"url":"https:\/\/www.vkpbratislava.sk\/wp-content\/uploads\/2026\/04\/MS_20260426_ELSlovanvsKomarno-23.jpg","type":"image\/jpeg"}],"author":"jenca","twitter_card":"summary_large_image","twitter_misc":{"Autor":"jenca","Predpokladan\u00fd \u010das \u010d\u00edtania":"3 min\u00faty"},"schema":{"@context":"https:\/\/schema.org","@graph":[{"@type":"Article","@id":"https:\/\/www.vkpbratislava.sk\/?p=53767#article","isPartOf":{"@id":"https:\/\/www.vkpbratislava.sk\/?p=53767"},"author":{"name":"jenca","@id":"https:\/\/www.vkpbratislava.sk\/#\/schema\/person\/7037e769f9515aa58493d1b5852c4c50"},"headline":"Fin\u00e1le otvorilo Kom\u00e1rno. Slovan ide po odvetu","datePublished":"2026-04-26T14:32:35+00:00","dateModified":"2026-04-30T14:46:43+00:00","mainEntityOfPage":{"@id":"https:\/\/www.vkpbratislava.sk\/?p=53767"},"wordCount":560,"publisher":{"@id":"https:\/\/www.vkpbratislava.sk\/#organization"},"image":{"@id":"https:\/\/www.vkpbratislava.sk\/?p=53767#primaryimage"},"thumbnailUrl":"https:\/\/www.vkpbratislava.sk\/wp-content\/uploads\/2026\/04\/MS_20260426_ELSlovanvsKomarno-23.jpg","articleSection":["Mu\u017ei"],"inLanguage":"sk-SK"},{"@type":"WebPage","@id":"https:\/\/www.vkpbratislava.sk\/?p=53767","url":"https:\/\/www.vkpbratislava.sk\/?p=53767","name":"Fin\u00e1le otvorilo Kom\u00e1rno. Slovan ide po odvetu - VK SLOVAN Bratislava","isPartOf":{"@id":"https:\/\/www.vkpbratislava.sk\/#website"},"primaryImageOfPage":{"@id":"https:\/\/www.vkpbratislava.sk\/?p=53767#primaryimage"},"image":{"@id":"https:\/\/www.vkpbratislava.sk\/?p=53767#primaryimage"},"thumbnailUrl":"https:\/\/www.vkpbratislava.sk\/wp-content\/uploads\/2026\/04\/MS_20260426_ELSlovanvsKomarno-23.jpg","datePublished":"2026-04-26T14:32:35+00:00","dateModified":"2026-04-30T14:46:43+00:00","breadcrumb":{"@id":"https:\/\/www.vkpbratislava.sk\/?p=53767#breadcrumb"},"inLanguage":"sk-SK","potentialAction":[{"@type":"ReadAction","target":["https:\/\/www.vkpbratislava.sk\/?p=53767"]}]},{"@type":"ImageObject","inLanguage":"sk-SK","@id":"https:\/\/www.vkpbratislava.sk\/?p=53767#primaryimage","url":"https:\/\/www.vkpbratislava.sk\/wp-content\/uploads\/2026\/04\/MS_20260426_ELSlovanvsKomarno-23.jpg","contentUrl":"https:\/\/www.vkpbratislava.sk\/wp-content\/uploads\/2026\/04\/MS_20260426_ELSlovanvsKomarno-23.jpg","width":2048,"height":1365},{"@type":"BreadcrumbList","@id":"https:\/\/www.vkpbratislava.sk\/?p=53767#breadcrumb","itemListElement":[{"@type":"ListItem","position":1,"name":"Domov","item":"https:\/\/www.vkpbratislava.sk\/"},{"@type":"ListItem","position":2,"name":"Fin\u00e1le otvorilo Kom\u00e1rno. Slovan ide po odvetu"}]},{"@type":"WebSite","@id":"https:\/\/www.vkpbratislava.sk\/#website","url":"https:\/\/www.vkpbratislava.sk\/","name":"VK SLOVAN Bratislava","description":"Volejbalov\u00fd klub","publisher":{"@id":"https:\/\/www.vkpbratislava.sk\/#organization"},"potentialAction":[{"@type":"SearchAction","target":{"@type":"EntryPoint","urlTemplate":"https:\/\/www.vkpbratislava.sk\/?s={search_term_string}"},"query-input":{"@type":"PropertyValueSpecification","valueRequired":true,"valueName":"search_term_string"}}],"inLanguage":"sk-SK"},{"@type":"Organization","@id":"https:\/\/www.vkpbratislava.sk\/#organization","name":"VKP Bratislava","url":"https:\/\/www.vkpbratislava.sk\/","logo":{"@type":"ImageObject","inLanguage":"sk-SK","@id":"https:\/\/www.vkpbratislava.sk\/#\/schema\/logo\/image\/","url":"https:\/\/www.vkpbratislava.sk\/wp-content\/uploads\/2020\/10\/vkpBA.png","contentUrl":"https:\/\/www.vkpbratislava.sk\/wp-content\/uploads\/2020\/10\/vkpBA.png","width":600,"height":600,"caption":"VKP Bratislava"},"image":{"@id":"https:\/\/www.vkpbratislava.sk\/#\/schema\/logo\/image\/"}},{"@type":"Person","@id":"https:\/\/www.vkpbratislava.sk\/#\/schema\/person\/7037e769f9515aa58493d1b5852c4c50","name":"jenca","image":{"@type":"ImageObject","inLanguage":"sk-SK","@id":"https:\/\/www.vkpbratislava.sk\/#\/schema\/person\/image\/","url":"https:\/\/secure.gravatar.com\/avatar\/67aa89e9aab2911bbd0c6fbf0a891ea8d80c207c9b6a6e2c96e13fc2f16e536d?s=96&d=mm&r=g","contentUrl":"https:\/\/secure.gravatar.com\/avatar\/67aa89e9aab2911bbd0c6fbf0a891ea8d80c207c9b6a6e2c96e13fc2f16e536d?s=96&d=mm&r=g","caption":"jenca"},"url":"https:\/\/www.vkpbratislava.sk\/?author=3"}]}},"_links":{"self":[{"href":"https:\/\/www.vkpbratislava.sk\/index.php?rest_route=\/wp\/v2\/posts\/53767","targetHints":{"allow":["GET"]}}],"collection":[{"href":"https:\/\/www.vkpbratislava.sk\/index.php?rest_route=\/wp\/v2\/posts"}],"about":[{"href":"https:\/\/www.vkpbratislava.sk\/index.php?rest_route=\/wp\/v2\/types\/post"}],"author":[{"embeddable":true,"href":"https:\/\/www.vkpbratislava.sk\/index.php?rest_route=\/wp\/v2\/users\/3"}],"replies":[{"embeddable":true,"href":"https:\/\/www.vkpbratislava.sk\/index.php?rest_route=%2Fwp%2Fv2%2Fcomments&post=53767"}],"version-history":[{"count":1,"href":"https:\/\/www.vkpbratislava.sk\/index.php?rest_route=\/wp\/v2\/posts\/53767\/revisions"}],"predecessor-version":[{"id":53769,"href":"https:\/\/www.vkpbratislava.sk\/index.php?rest_route=\/wp\/v2\/posts\/53767\/revisions\/53769"}],"wp:featuredmedia":[{"embeddable":true,"href":"https:\/\/www.vkpbratislava.sk\/index.php?rest_route=\/wp\/v2\/media\/53614"}],"wp:attachment":[{"href":"https:\/\/www.vkpbratislava.sk\/index.php?rest_route=%2Fwp%2Fv2%2Fmedia&parent=53767"}],"wp:term":[{"taxonomy":"category","embeddable":true,"href":"https:\/\/www.vkpbratislava.sk\/index.php?rest_route=%2Fwp%2Fv2%2Fcategories&post=53767"},{"taxonomy":"post_tag","embeddable":true,"href":"https:\/\/www.vkpbratislava.sk\/index.php?rest_route=%2Fwp%2Fv2%2Ftags&post=53767"}],"curies":[{"name":"wp","href":"https:\/\/api.w.org\/{rel}","templated":true}]}}