{"id":5386,"date":"2021-06-25T14:50:30","date_gmt":"2021-06-25T12:50:30","guid":{"rendered":"https:\/\/www.vkpbratislava.sk\/?p=5386"},"modified":"2021-06-25T15:21:27","modified_gmt":"2021-06-25T13:21:27","slug":"zreb-challenge-cupu-muzi-na-ukrajinu-zeny-do-grecka","status":"publish","type":"post","link":"https:\/\/www.vkpbratislava.sk\/?p=5386","title":{"rendered":"\u017dreb Challenge Cupu: Mu\u017ei na Ukrajinu, \u017eeny do Gr\u00e9cka"},"content":{"rendered":"<p><strong>V\u00a0s\u00eddle Eur\u00f3pskej volejbalovej konfeder\u00e1cie v\u00a0Luxemburgu vy\u017erebovali eur\u00f3pske poh\u00e1re pre nasleduj\u00faci ro\u010dn\u00edk. \u017deny \u010dak\u00e1 v\u00a0Challenge Cupe gr\u00e9cka prek\u00e1\u017eka a\u00a0mu\u017ei sa stretn\u00fa s\u00a0ukrajinsk\u00fdm protivn\u00edkom.<\/strong><\/p>\n<p>Mu\u017eom \u017ereb v 1. kole Challenge Cupu pris\u00fadil ukrajinsk\u00fd t\u00edm Epicentr-Podolyany Horodok. Prv\u00fd z\u00e1pas odohr\u00e1me doma 9. &#8211; 11. 11. 2021, odveta bude na programe u\u00a0n\u00e1\u0161ho v\u00fdchodn\u00e9ho suseda 16. &#8211; 18. 11. 2021. \u201e\u010cak\u00e1 n\u00e1s rusk\u00e1 \u0161kola, vysok\u00ed hr\u00e1\u010di, fyzicky disponovan\u00ed. Ukrajinsk\u00e1 liga m\u00e1 svoju kvalitu. Horodok sa stal tento rok vicemajstrom. Vybera\u0165 sme si ve\u013emi nemohli. Uvid\u00edme ak\u00fa silu predstavuj\u00fa. Ur\u010dite si ich na\u0161tudujeme a\u00a0priprav\u00edme sa \u010do najlep\u0161ie,\u201c povedal tr\u00e9ner mu\u017eov Mat\u00fa\u0161 Kaln\u00fd. Horodok je mesto so 16 tis\u00edc obyvate\u013emi, 24 km od \u013dvova a\u00a0od Bratislavy vzdialen\u00e9 660 km. V\u00a0pr\u00edpade postupu cez Ukrajincov natraf\u00edme v\u00a0\u0161estn\u00e1s\u0165fin\u00e1le na ma\u010farsk\u00fd t\u00edm P\u00e9nz\u00fcgy\u0151r SE Budape\u0161\u0165.<\/p>\n<p><img loading=\"lazy\" decoding=\"async\" class=\"alignnone size-medium wp-image-5388\" src=\"https:\/\/www.vkpbratislava.sk\/wp-content\/uploads\/2021\/06\/muzi-zreb-640x326.jpg\" alt=\"\" width=\"640\" height=\"326\" srcset=\"https:\/\/www.vkpbratislava.sk\/wp-content\/uploads\/2021\/06\/muzi-zreb-640x326.jpg 640w, https:\/\/www.vkpbratislava.sk\/wp-content\/uploads\/2021\/06\/muzi-zreb-1280x652.jpg 1280w, https:\/\/www.vkpbratislava.sk\/wp-content\/uploads\/2021\/06\/muzi-zreb-768x391.jpg 768w, https:\/\/www.vkpbratislava.sk\/wp-content\/uploads\/2021\/06\/muzi-zreb-1536x783.jpg 1536w, https:\/\/www.vkpbratislava.sk\/wp-content\/uploads\/2021\/06\/muzi-zreb-320x163.jpg 320w, https:\/\/www.vkpbratislava.sk\/wp-content\/uploads\/2021\/06\/muzi-zreb-600x306.jpg 600w, https:\/\/www.vkpbratislava.sk\/wp-content\/uploads\/2021\/06\/muzi-zreb.jpg 1798w\" sizes=\"auto, (max-width: 640px) 100vw, 640px\" \/><\/p>\n<p>\u017deny sa v 1. kole stretn\u00fa s\u00a0gr\u00e9ckym dru\u017estvom At\u00e9ny ASP Thetis Voula. Prv\u00fd z\u00e1pas odohr\u00e1me tie\u017e doma v\u00a0term\u00edne 26. &#8211; 28. 10. 2021, odvetu na juhu Eur\u00f3py 2. &#8211; 4. 11. 2021. \u201eSo \u017erebom sme spokojn\u00ed. Te\u0161\u00edme sa na porovnanie so siln\u00fdm gr\u00e9ckym klubom,\u201c povedal bezprostredne po \u017erebe mana\u017e\u00e9r \u017eien VKP Bratislava R\u00f3bert Hronsk\u00fd. \u201eD\u00fafal som, \u017ee nebudeme musie\u0165 tak \u010faleko cestova\u0165. S\u00fapera ve\u013emi nepozn\u00e1m. Pozeral som si zatia\u013e len tabu\u013eku, hrali v\u00a0jej strede. Bli\u017e\u0161ie inform\u00e1cie si zist\u00edme od hr\u00e1\u010dok, ktor\u00e9 p\u00f4sobili v\u00a0gr\u00e9ckej s\u00fa\u0165a\u017ei a\u00a0poctivo sa priprav\u00edme na dvojz\u00e1pas,\u201c uviedol tr\u00e9ner \u017eien Jaroslav Han\u010d\u00e1k. \u017deny VKP sa v\u00a0pr\u00edpade vyradenia at\u00e9nskeho t\u00edmu stretn\u00fa s\u00a0Taliankami z Savino Del Bene Scandicci. \u201eBoli sme prv\u00fdkr\u00e1t v\u00a0tejto poz\u00edcii, ke\u010f n\u00e1m \u017erebovali s\u00faperov, tak\u017ee sme boli ako na ihl\u00e1ch koho dostaneme. Pri \u017erebe si s\u00fapera u\u017e nenavyber\u00e1te. Je to o\u00a0\u0161\u0165ast\u00ed. Ver\u00edm, \u017ee mu\u017ei aj \u017eeny sa pripravia na svojich s\u00faperov tak, aby sme v\u00fdborne reprezentovali klub, Bratislavu i\u00a0cel\u00fd slovensk\u00fd volejbal,\u201c povedal gener\u00e1lny mana\u017e\u00e9r VKP Bratislava Tom\u00e1\u0161 Jen\u010da.<\/p>\n<p><img loading=\"lazy\" decoding=\"async\" class=\"alignnone size-medium wp-image-5387\" src=\"https:\/\/www.vkpbratislava.sk\/wp-content\/uploads\/2021\/06\/zeny-zreb-640x358.jpg\" alt=\"\" width=\"640\" height=\"358\" srcset=\"https:\/\/www.vkpbratislava.sk\/wp-content\/uploads\/2021\/06\/zeny-zreb-640x358.jpg 640w, https:\/\/www.vkpbratislava.sk\/wp-content\/uploads\/2021\/06\/zeny-zreb-1280x717.jpg 1280w, https:\/\/www.vkpbratislava.sk\/wp-content\/uploads\/2021\/06\/zeny-zreb-768x430.jpg 768w, https:\/\/www.vkpbratislava.sk\/wp-content\/uploads\/2021\/06\/zeny-zreb-1536x860.jpg 1536w, https:\/\/www.vkpbratislava.sk\/wp-content\/uploads\/2021\/06\/zeny-zreb-320x179.jpg 320w, https:\/\/www.vkpbratislava.sk\/wp-content\/uploads\/2021\/06\/zeny-zreb-600x336.jpg 600w, https:\/\/www.vkpbratislava.sk\/wp-content\/uploads\/2021\/06\/zeny-zreb.jpg 1800w\" sizes=\"auto, (max-width: 640px) 100vw, 640px\" \/><\/p>\n","protected":false},"excerpt":{"rendered":"<p>V\u00a0s\u00eddle Eur\u00f3pskej volejbalovej konfeder\u00e1cie v\u00a0Luxemburgu vy\u017erebovali eur\u00f3pske poh\u00e1re pre nasleduj\u00faci ro\u010dn\u00edk. \u017deny \u010dak\u00e1 v\u00a0Challenge Cupe gr\u00e9cka prek\u00e1\u017eka a\u00a0mu\u017ei sa stretn\u00fa s\u00a0ukrajinsk\u00fdm protivn\u00edkom.<\/p>\n","protected":false},"author":3,"featured_media":5393,"comment_status":"closed","ping_status":"open","sticky":false,"template":"","format":"standard","meta":{"_monsterinsights_skip_tracking":false,"_monsterinsights_sitenote_active":false,"_monsterinsights_sitenote_note":"","_monsterinsights_sitenote_category":0,"footnotes":""},"categories":[47,48],"tags":[],"class_list":["post-5386","post","type-post","status-publish","format-standard","has-post-thumbnail","hentry","category-muzi","category-zeny"],"yoast_head":"<!-- This site is optimized with the Yoast SEO plugin v25.6 - https:\/\/yoast.com\/wordpress\/plugins\/seo\/ -->\n<title>\u017dreb Challenge Cupu: Mu\u017ei na Ukrajinu, \u017eeny do Gr\u00e9cka - VK SLOVAN Bratislava<\/title>\n<meta name=\"description\" content=\"V\u00a0s\u00eddle Eur\u00f3pskej volejbalovej konfeder\u00e1cie v\u00a0Luxemburgu vy\u017erebovali eur\u00f3pske poh\u00e1re pre nasleduj\u00faci ro\u010dn\u00edk. \u017deny \u010dak\u00e1 v\u00a0Challenge Cupe gr\u00e9cka prek\u00e1\u017eka a\u00a0mu\u017ei sa stretn\u00fa s\u00a0ukrajinsk\u00fdm protivn\u00edkom.\" \/>\n<meta name=\"robots\" content=\"index, follow, max-snippet:-1, max-image-preview:large, max-video-preview:-1\" \/>\n<link rel=\"canonical\" href=\"https:\/\/www.vkpbratislava.sk\/?p=5386\" \/>\n<meta property=\"og:locale\" content=\"sk_SK\" \/>\n<meta property=\"og:type\" content=\"article\" \/>\n<meta property=\"og:title\" content=\"\u017dreb Challenge Cupu: Mu\u017ei na Ukrajinu, \u017eeny do Gr\u00e9cka - VK SLOVAN Bratislava\" \/>\n<meta property=\"og:description\" content=\"V\u00a0s\u00eddle Eur\u00f3pskej volejbalovej konfeder\u00e1cie v\u00a0Luxemburgu vy\u017erebovali eur\u00f3pske poh\u00e1re pre nasleduj\u00faci ro\u010dn\u00edk. \u017deny \u010dak\u00e1 v\u00a0Challenge Cupe gr\u00e9cka prek\u00e1\u017eka a\u00a0mu\u017ei sa stretn\u00fa s\u00a0ukrajinsk\u00fdm protivn\u00edkom.\" \/>\n<meta property=\"og:url\" content=\"https:\/\/www.vkpbratislava.sk\/?p=5386\" \/>\n<meta property=\"og:site_name\" content=\"VK SLOVAN Bratislava\" \/>\n<meta property=\"article:published_time\" content=\"2021-06-25T12:50:30+00:00\" \/>\n<meta property=\"article:modified_time\" content=\"2021-06-25T13:21:27+00:00\" \/>\n<meta property=\"og:image\" content=\"https:\/\/www.vkpbratislava.sk\/wp-content\/uploads\/2021\/06\/cev-cups-2022-streaming-thumbnail.jpg\" \/>\n\t<meta property=\"og:image:width\" content=\"1920\" \/>\n\t<meta property=\"og:image:height\" content=\"1080\" \/>\n\t<meta property=\"og:image:type\" content=\"image\/jpeg\" \/>\n<meta name=\"author\" content=\"jenca\" \/>\n<meta name=\"twitter:card\" content=\"summary_large_image\" \/>\n<meta name=\"twitter:label1\" content=\"Autor\" \/>\n\t<meta name=\"twitter:data1\" content=\"jenca\" \/>\n\t<meta name=\"twitter:label2\" content=\"Predpokladan\u00fd \u010das \u010d\u00edtania\" \/>\n\t<meta name=\"twitter:data2\" content=\"2 min\u00faty\" \/>\n<script type=\"application\/ld+json\" class=\"yoast-schema-graph\">{\"@context\":\"https:\/\/schema.org\",\"@graph\":[{\"@type\":\"Article\",\"@id\":\"https:\/\/www.vkpbratislava.sk\/?p=5386#article\",\"isPartOf\":{\"@id\":\"https:\/\/www.vkpbratislava.sk\/?p=5386\"},\"author\":{\"name\":\"jenca\",\"@id\":\"https:\/\/www.vkpbratislava.sk\/#\/schema\/person\/7037e769f9515aa58493d1b5852c4c50\"},\"headline\":\"\u017dreb Challenge Cupu: Mu\u017ei na Ukrajinu, \u017eeny do Gr\u00e9cka\",\"datePublished\":\"2021-06-25T12:50:30+00:00\",\"dateModified\":\"2021-06-25T13:21:27+00:00\",\"mainEntityOfPage\":{\"@id\":\"https:\/\/www.vkpbratislava.sk\/?p=5386\"},\"wordCount\":387,\"publisher\":{\"@id\":\"https:\/\/www.vkpbratislava.sk\/#organization\"},\"image\":{\"@id\":\"https:\/\/www.vkpbratislava.sk\/?p=5386#primaryimage\"},\"thumbnailUrl\":\"https:\/\/www.vkpbratislava.sk\/wp-content\/uploads\/2021\/06\/cev-cups-2022-streaming-thumbnail.jpg\",\"articleSection\":[\"Mu\u017ei\",\"\u017deny\"],\"inLanguage\":\"sk-SK\"},{\"@type\":\"WebPage\",\"@id\":\"https:\/\/www.vkpbratislava.sk\/?p=5386\",\"url\":\"https:\/\/www.vkpbratislava.sk\/?p=5386\",\"name\":\"\u017dreb Challenge Cupu: Mu\u017ei na Ukrajinu, \u017eeny do Gr\u00e9cka - VK SLOVAN Bratislava\",\"isPartOf\":{\"@id\":\"https:\/\/www.vkpbratislava.sk\/#website\"},\"primaryImageOfPage\":{\"@id\":\"https:\/\/www.vkpbratislava.sk\/?p=5386#primaryimage\"},\"image\":{\"@id\":\"https:\/\/www.vkpbratislava.sk\/?p=5386#primaryimage\"},\"thumbnailUrl\":\"https:\/\/www.vkpbratislava.sk\/wp-content\/uploads\/2021\/06\/cev-cups-2022-streaming-thumbnail.jpg\",\"datePublished\":\"2021-06-25T12:50:30+00:00\",\"dateModified\":\"2021-06-25T13:21:27+00:00\",\"description\":\"V\u00a0s\u00eddle Eur\u00f3pskej volejbalovej konfeder\u00e1cie v\u00a0Luxemburgu vy\u017erebovali eur\u00f3pske poh\u00e1re pre nasleduj\u00faci ro\u010dn\u00edk. \u017deny \u010dak\u00e1 v\u00a0Challenge Cupe gr\u00e9cka prek\u00e1\u017eka a\u00a0mu\u017ei sa stretn\u00fa s\u00a0ukrajinsk\u00fdm protivn\u00edkom.\",\"breadcrumb\":{\"@id\":\"https:\/\/www.vkpbratislava.sk\/?p=5386#breadcrumb\"},\"inLanguage\":\"sk-SK\",\"potentialAction\":[{\"@type\":\"ReadAction\",\"target\":[\"https:\/\/www.vkpbratislava.sk\/?p=5386\"]}]},{\"@type\":\"ImageObject\",\"inLanguage\":\"sk-SK\",\"@id\":\"https:\/\/www.vkpbratislava.sk\/?p=5386#primaryimage\",\"url\":\"https:\/\/www.vkpbratislava.sk\/wp-content\/uploads\/2021\/06\/cev-cups-2022-streaming-thumbnail.jpg\",\"contentUrl\":\"https:\/\/www.vkpbratislava.sk\/wp-content\/uploads\/2021\/06\/cev-cups-2022-streaming-thumbnail.jpg\",\"width\":1920,\"height\":1080},{\"@type\":\"BreadcrumbList\",\"@id\":\"https:\/\/www.vkpbratislava.sk\/?p=5386#breadcrumb\",\"itemListElement\":[{\"@type\":\"ListItem\",\"position\":1,\"name\":\"Domov\",\"item\":\"https:\/\/www.vkpbratislava.sk\/\"},{\"@type\":\"ListItem\",\"position\":2,\"name\":\"\u017dreb Challenge Cupu: Mu\u017ei na Ukrajinu, \u017eeny do Gr\u00e9cka\"}]},{\"@type\":\"WebSite\",\"@id\":\"https:\/\/www.vkpbratislava.sk\/#website\",\"url\":\"https:\/\/www.vkpbratislava.sk\/\",\"name\":\"VK SLOVAN Bratislava\",\"description\":\"Volejbalov\u00fd klub\",\"publisher\":{\"@id\":\"https:\/\/www.vkpbratislava.sk\/#organization\"},\"potentialAction\":[{\"@type\":\"SearchAction\",\"target\":{\"@type\":\"EntryPoint\",\"urlTemplate\":\"https:\/\/www.vkpbratislava.sk\/?s={search_term_string}\"},\"query-input\":{\"@type\":\"PropertyValueSpecification\",\"valueRequired\":true,\"valueName\":\"search_term_string\"}}],\"inLanguage\":\"sk-SK\"},{\"@type\":\"Organization\",\"@id\":\"https:\/\/www.vkpbratislava.sk\/#organization\",\"name\":\"VKP Bratislava\",\"url\":\"https:\/\/www.vkpbratislava.sk\/\",\"logo\":{\"@type\":\"ImageObject\",\"inLanguage\":\"sk-SK\",\"@id\":\"https:\/\/www.vkpbratislava.sk\/#\/schema\/logo\/image\/\",\"url\":\"https:\/\/www.vkpbratislava.sk\/wp-content\/uploads\/2020\/10\/vkpBA.png\",\"contentUrl\":\"https:\/\/www.vkpbratislava.sk\/wp-content\/uploads\/2020\/10\/vkpBA.png\",\"width\":600,\"height\":600,\"caption\":\"VKP Bratislava\"},\"image\":{\"@id\":\"https:\/\/www.vkpbratislava.sk\/#\/schema\/logo\/image\/\"}},{\"@type\":\"Person\",\"@id\":\"https:\/\/www.vkpbratislava.sk\/#\/schema\/person\/7037e769f9515aa58493d1b5852c4c50\",\"name\":\"jenca\",\"image\":{\"@type\":\"ImageObject\",\"inLanguage\":\"sk-SK\",\"@id\":\"https:\/\/www.vkpbratislava.sk\/#\/schema\/person\/image\/\",\"url\":\"https:\/\/secure.gravatar.com\/avatar\/67aa89e9aab2911bbd0c6fbf0a891ea8d80c207c9b6a6e2c96e13fc2f16e536d?s=96&d=mm&r=g\",\"contentUrl\":\"https:\/\/secure.gravatar.com\/avatar\/67aa89e9aab2911bbd0c6fbf0a891ea8d80c207c9b6a6e2c96e13fc2f16e536d?s=96&d=mm&r=g\",\"caption\":\"jenca\"},\"url\":\"https:\/\/www.vkpbratislava.sk\/?author=3\"}]}<\/script>\n<!-- \/ Yoast SEO plugin. -->","yoast_head_json":{"title":"\u017dreb Challenge Cupu: Mu\u017ei na Ukrajinu, \u017eeny do Gr\u00e9cka - VK SLOVAN Bratislava","description":"V\u00a0s\u00eddle Eur\u00f3pskej volejbalovej konfeder\u00e1cie v\u00a0Luxemburgu vy\u017erebovali eur\u00f3pske poh\u00e1re pre nasleduj\u00faci ro\u010dn\u00edk. \u017deny \u010dak\u00e1 v\u00a0Challenge Cupe gr\u00e9cka prek\u00e1\u017eka a\u00a0mu\u017ei sa stretn\u00fa s\u00a0ukrajinsk\u00fdm protivn\u00edkom.","robots":{"index":"index","follow":"follow","max-snippet":"max-snippet:-1","max-image-preview":"max-image-preview:large","max-video-preview":"max-video-preview:-1"},"canonical":"https:\/\/www.vkpbratislava.sk\/?p=5386","og_locale":"sk_SK","og_type":"article","og_title":"\u017dreb Challenge Cupu: Mu\u017ei na Ukrajinu, \u017eeny do Gr\u00e9cka - VK SLOVAN Bratislava","og_description":"V\u00a0s\u00eddle Eur\u00f3pskej volejbalovej konfeder\u00e1cie v\u00a0Luxemburgu vy\u017erebovali eur\u00f3pske poh\u00e1re pre nasleduj\u00faci ro\u010dn\u00edk. \u017deny \u010dak\u00e1 v\u00a0Challenge Cupe gr\u00e9cka prek\u00e1\u017eka a\u00a0mu\u017ei sa stretn\u00fa s\u00a0ukrajinsk\u00fdm protivn\u00edkom.","og_url":"https:\/\/www.vkpbratislava.sk\/?p=5386","og_site_name":"VK SLOVAN Bratislava","article_published_time":"2021-06-25T12:50:30+00:00","article_modified_time":"2021-06-25T13:21:27+00:00","og_image":[{"width":1920,"height":1080,"url":"https:\/\/www.vkpbratislava.sk\/wp-content\/uploads\/2021\/06\/cev-cups-2022-streaming-thumbnail.jpg","type":"image\/jpeg"}],"author":"jenca","twitter_card":"summary_large_image","twitter_misc":{"Autor":"jenca","Predpokladan\u00fd \u010das \u010d\u00edtania":"2 min\u00faty"},"schema":{"@context":"https:\/\/schema.org","@graph":[{"@type":"Article","@id":"https:\/\/www.vkpbratislava.sk\/?p=5386#article","isPartOf":{"@id":"https:\/\/www.vkpbratislava.sk\/?p=5386"},"author":{"name":"jenca","@id":"https:\/\/www.vkpbratislava.sk\/#\/schema\/person\/7037e769f9515aa58493d1b5852c4c50"},"headline":"\u017dreb Challenge Cupu: Mu\u017ei na Ukrajinu, \u017eeny do Gr\u00e9cka","datePublished":"2021-06-25T12:50:30+00:00","dateModified":"2021-06-25T13:21:27+00:00","mainEntityOfPage":{"@id":"https:\/\/www.vkpbratislava.sk\/?p=5386"},"wordCount":387,"publisher":{"@id":"https:\/\/www.vkpbratislava.sk\/#organization"},"image":{"@id":"https:\/\/www.vkpbratislava.sk\/?p=5386#primaryimage"},"thumbnailUrl":"https:\/\/www.vkpbratislava.sk\/wp-content\/uploads\/2021\/06\/cev-cups-2022-streaming-thumbnail.jpg","articleSection":["Mu\u017ei","\u017deny"],"inLanguage":"sk-SK"},{"@type":"WebPage","@id":"https:\/\/www.vkpbratislava.sk\/?p=5386","url":"https:\/\/www.vkpbratislava.sk\/?p=5386","name":"\u017dreb Challenge Cupu: Mu\u017ei na Ukrajinu, \u017eeny do Gr\u00e9cka - VK SLOVAN Bratislava","isPartOf":{"@id":"https:\/\/www.vkpbratislava.sk\/#website"},"primaryImageOfPage":{"@id":"https:\/\/www.vkpbratislava.sk\/?p=5386#primaryimage"},"image":{"@id":"https:\/\/www.vkpbratislava.sk\/?p=5386#primaryimage"},"thumbnailUrl":"https:\/\/www.vkpbratislava.sk\/wp-content\/uploads\/2021\/06\/cev-cups-2022-streaming-thumbnail.jpg","datePublished":"2021-06-25T12:50:30+00:00","dateModified":"2021-06-25T13:21:27+00:00","description":"V\u00a0s\u00eddle Eur\u00f3pskej volejbalovej konfeder\u00e1cie v\u00a0Luxemburgu vy\u017erebovali eur\u00f3pske poh\u00e1re pre nasleduj\u00faci ro\u010dn\u00edk. \u017deny \u010dak\u00e1 v\u00a0Challenge Cupe gr\u00e9cka prek\u00e1\u017eka a\u00a0mu\u017ei sa stretn\u00fa s\u00a0ukrajinsk\u00fdm protivn\u00edkom.","breadcrumb":{"@id":"https:\/\/www.vkpbratislava.sk\/?p=5386#breadcrumb"},"inLanguage":"sk-SK","potentialAction":[{"@type":"ReadAction","target":["https:\/\/www.vkpbratislava.sk\/?p=5386"]}]},{"@type":"ImageObject","inLanguage":"sk-SK","@id":"https:\/\/www.vkpbratislava.sk\/?p=5386#primaryimage","url":"https:\/\/www.vkpbratislava.sk\/wp-content\/uploads\/2021\/06\/cev-cups-2022-streaming-thumbnail.jpg","contentUrl":"https:\/\/www.vkpbratislava.sk\/wp-content\/uploads\/2021\/06\/cev-cups-2022-streaming-thumbnail.jpg","width":1920,"height":1080},{"@type":"BreadcrumbList","@id":"https:\/\/www.vkpbratislava.sk\/?p=5386#breadcrumb","itemListElement":[{"@type":"ListItem","position":1,"name":"Domov","item":"https:\/\/www.vkpbratislava.sk\/"},{"@type":"ListItem","position":2,"name":"\u017dreb Challenge Cupu: Mu\u017ei na Ukrajinu, \u017eeny do Gr\u00e9cka"}]},{"@type":"WebSite","@id":"https:\/\/www.vkpbratislava.sk\/#website","url":"https:\/\/www.vkpbratislava.sk\/","name":"VK SLOVAN Bratislava","description":"Volejbalov\u00fd klub","publisher":{"@id":"https:\/\/www.vkpbratislava.sk\/#organization"},"potentialAction":[{"@type":"SearchAction","target":{"@type":"EntryPoint","urlTemplate":"https:\/\/www.vkpbratislava.sk\/?s={search_term_string}"},"query-input":{"@type":"PropertyValueSpecification","valueRequired":true,"valueName":"search_term_string"}}],"inLanguage":"sk-SK"},{"@type":"Organization","@id":"https:\/\/www.vkpbratislava.sk\/#organization","name":"VKP Bratislava","url":"https:\/\/www.vkpbratislava.sk\/","logo":{"@type":"ImageObject","inLanguage":"sk-SK","@id":"https:\/\/www.vkpbratislava.sk\/#\/schema\/logo\/image\/","url":"https:\/\/www.vkpbratislava.sk\/wp-content\/uploads\/2020\/10\/vkpBA.png","contentUrl":"https:\/\/www.vkpbratislava.sk\/wp-content\/uploads\/2020\/10\/vkpBA.png","width":600,"height":600,"caption":"VKP Bratislava"},"image":{"@id":"https:\/\/www.vkpbratislava.sk\/#\/schema\/logo\/image\/"}},{"@type":"Person","@id":"https:\/\/www.vkpbratislava.sk\/#\/schema\/person\/7037e769f9515aa58493d1b5852c4c50","name":"jenca","image":{"@type":"ImageObject","inLanguage":"sk-SK","@id":"https:\/\/www.vkpbratislava.sk\/#\/schema\/person\/image\/","url":"https:\/\/secure.gravatar.com\/avatar\/67aa89e9aab2911bbd0c6fbf0a891ea8d80c207c9b6a6e2c96e13fc2f16e536d?s=96&d=mm&r=g","contentUrl":"https:\/\/secure.gravatar.com\/avatar\/67aa89e9aab2911bbd0c6fbf0a891ea8d80c207c9b6a6e2c96e13fc2f16e536d?s=96&d=mm&r=g","caption":"jenca"},"url":"https:\/\/www.vkpbratislava.sk\/?author=3"}]}},"_links":{"self":[{"href":"https:\/\/www.vkpbratislava.sk\/index.php?rest_route=\/wp\/v2\/posts\/5386","targetHints":{"allow":["GET"]}}],"collection":[{"href":"https:\/\/www.vkpbratislava.sk\/index.php?rest_route=\/wp\/v2\/posts"}],"about":[{"href":"https:\/\/www.vkpbratislava.sk\/index.php?rest_route=\/wp\/v2\/types\/post"}],"author":[{"embeddable":true,"href":"https:\/\/www.vkpbratislava.sk\/index.php?rest_route=\/wp\/v2\/users\/3"}],"replies":[{"embeddable":true,"href":"https:\/\/www.vkpbratislava.sk\/index.php?rest_route=%2Fwp%2Fv2%2Fcomments&post=5386"}],"version-history":[{"count":4,"href":"https:\/\/www.vkpbratislava.sk\/index.php?rest_route=\/wp\/v2\/posts\/5386\/revisions"}],"predecessor-version":[{"id":5394,"href":"https:\/\/www.vkpbratislava.sk\/index.php?rest_route=\/wp\/v2\/posts\/5386\/revisions\/5394"}],"wp:featuredmedia":[{"embeddable":true,"href":"https:\/\/www.vkpbratislava.sk\/index.php?rest_route=\/wp\/v2\/media\/5393"}],"wp:attachment":[{"href":"https:\/\/www.vkpbratislava.sk\/index.php?rest_route=%2Fwp%2Fv2%2Fmedia&parent=5386"}],"wp:term":[{"taxonomy":"category","embeddable":true,"href":"https:\/\/www.vkpbratislava.sk\/index.php?rest_route=%2Fwp%2Fv2%2Fcategories&post=5386"},{"taxonomy":"post_tag","embeddable":true,"href":"https:\/\/www.vkpbratislava.sk\/index.php?rest_route=%2Fwp%2Fv2%2Ftags&post=5386"}],"curies":[{"name":"wp","href":"https:\/\/api.w.org\/{rel}","templated":true}]}}