{"id":5396,"date":"2021-06-26T11:00:55","date_gmt":"2021-06-26T09:00:55","guid":{"rendered":"https:\/\/www.vkpbratislava.sk\/?p=5396"},"modified":"2021-06-28T11:30:05","modified_gmt":"2021-06-28T09:30:05","slug":"prva-velka-ryba-zeny-posilni-skusena-alexandra-vajdova","status":"publish","type":"post","link":"https:\/\/www.vkpbratislava.sk\/?p=5396","title":{"rendered":"Prv\u00e1 ve\u013ek\u00e1 ryba. \u017deny posiln\u00ed sk\u00fasen\u00e1 Alexandra Vajdov\u00e1"},"content":{"rendered":"<p><strong>Po rokoch v\u00a0zahrani\u010d\u00ed sa vracia na Slovensko. \u017densk\u00fd t\u00edm VKP Bratislava posiln\u00ed Alexandra Vajdov\u00e1, ktor\u00e1 naposledy p\u00f4sobila v\u00a0gr\u00e9ckom klube AON Amazones.<\/strong><\/p>\n<p>Tridsa\u0165jedenro\u010dn\u00e1 sme\u010diarka podp\u00edsala s\u00a0VKP zmluvu na jeden rok. \u201eDohoda sa rodila postupne. S\u00a0Robom Hronsk\u00fdm som bola v\u00a0kontakte u\u017e minul\u00fd rok, lebo pri\u0161iel koronav\u00edrus. Ke\u010f hrozilo, \u017ee n\u00e1m zru\u0161ia sez\u00f3nu v\u00a0Gr\u00e9cku, tak sme sa bavili o\u00a0mo\u017enosti dohra\u0165 sez\u00f3nu na Slovensku. Nakoniec sme v\u0161ak pokra\u010dovali, a\u00a0tak to padlo,\u201c prezradila Alexandra Vajdov\u00e1.<\/p>\n<p>Tento rok bola aj v\u00a0h\u013ead\u00e1\u010diku reprezenta\u010dn\u00fdch tr\u00e9nerov pre kvalifik\u00e1ciu na majstrovstv\u00e1 Eur\u00f3py, ale vo febru\u00e1ri si v\u00e1\u017ene poranila koleno. \u201eStalo sa to po n\u00e1vrate k\u00a0z\u00e1pasom a\u00a0musela som sa podrobi\u0165 oper\u00e1cii. Ke\u010f u\u017e som rehabilitovala, tak som zva\u017eovala \u010do \u010falej. A\u00a0spolo\u010dne sme dospeli k\u00a0dohode, \u017ee mi klub pom\u00f4\u017ee zotavi\u0165 sa, da\u0165 koleno do poriadku a\u00a0dohr\u00e1m tu sez\u00f3nu. Prvotn\u00e9 o\u010dak\u00e1vania s\u00fa pre m\u0148a celkom striedme. V\u00a0prvom rade chcem urobi\u0165 v\u0161etko pre to, aby som sa mohla vr\u00e1ti\u0165 na palubovky v\u00a0plnej sile. A\u00a0ke\u010f nabehnem do z\u00e1pasov, aby som vedela pom\u00f4c\u0165 t\u00edmu ako najlep\u0161ie viem,\u201c doplnila 182 cm vysok\u00e1 rod\u00e1\u010dka z\u00a0P\u00fachova.<\/p>\n<p><img loading=\"lazy\" decoding=\"async\" class=\"alignnone size-full wp-image-5398\" src=\"https:\/\/www.vkpbratislava.sk\/wp-content\/uploads\/2021\/06\/7e5d3c2e-a793-45ea-b59b-e3fef9579b7a.jpg\" alt=\"\" width=\"609\" height=\"864\" srcset=\"https:\/\/www.vkpbratislava.sk\/wp-content\/uploads\/2021\/06\/7e5d3c2e-a793-45ea-b59b-e3fef9579b7a.jpg 609w, https:\/\/www.vkpbratislava.sk\/wp-content\/uploads\/2021\/06\/7e5d3c2e-a793-45ea-b59b-e3fef9579b7a-320x454.jpg 320w, https:\/\/www.vkpbratislava.sk\/wp-content\/uploads\/2021\/06\/7e5d3c2e-a793-45ea-b59b-e3fef9579b7a-600x851.jpg 600w\" sizes=\"auto, (max-width: 609px) 100vw, 609px\" \/><\/p>\n<p>Vajdov\u00e1 na Slovensku hr\u00e1vala za Pezinok a Paneur\u00f3pu. Odvtedy p\u00f4sobila v\u00a0zahrani\u010d\u00ed, vysk\u00fa\u0161ala si a\u017e dev\u00e4\u0165 destin\u00e1ci\u00ed mimo Slovenska &#8211; Anglicko, Franc\u00fazsko, \u0160v\u00e9dsko, F\u00ednsko, Belgicko, Filip\u00edny, Vietnam, Bosna a\u00a0Hercegoviny a\u00a0Gr\u00e9cko. S\u00a0bosnianskym t\u00edmom Br\u010dko si zahrala aj v\u00a0kvalifik\u00e1cii Ligy majstrov. \u201eKe\u010f som naposledy hrala na Slovensku, tak som patrila k\u00a0t\u00fdm mlad\u0161\u00edm hr\u00e1\u010dkam. Teraz u\u017e to tak nie je (smiech). Bude to \u00faplne in\u00e1 situ\u00e1cia a\u00a0te\u0161\u00edm sa, \u017ee m\u00e1m \u0161ancu si to porovna\u0165 po takej dlhej dobe,\u201c uzavrela Vajdov\u00e1.<\/p>\n<h5>Hronsk\u00fd: M\u00e1 by\u0165 l\u00edderkou<\/h5>\n<p>Alexandra Vajdov\u00e1 by mala by\u0165 jednou z\u00a0op\u00f4r novotvoriacoho sa t\u00edmu \u017eien VKP Bratislava nielen v\u00a0extralige, ale aj v\u00a0Challenge Cupe. \u201eSom r\u00e1d, \u017ee sa mi podarilo dohodn\u00fa\u0165 s Alex a v nasleduj\u00facej sez\u00f3ne bude oblieka\u0165 dres VKP Bratislava. Ve\u013emi sa te\u0161\u00edm na spolupr\u00e1cu s\u00a0\u0148ou. Je to sk\u00fasen\u00e1 hr\u00e1\u010dka, ktor\u00e1 p\u00f4sobila v mnoh\u00fdch eur\u00f3pskych kluboch a u n\u00e1s by mala by\u0165 jednou z l\u00edderiek dru\u017estva,\u201c povedal mana\u017e\u00e9r \u017eien VKP Robert Hronsk\u00fd.<\/p>\n<p>mb, foto: VKP<\/p>\n","protected":false},"excerpt":{"rendered":"<p>Po rokoch v\u00a0zahrani\u010d\u00ed sa vracia na Slovensko. \u017densk\u00fd t\u00edm VKP Bratislava posiln\u00ed Alexandra Vajdov\u00e1, ktor\u00e1 naposledy p\u00f4sobila v\u00a0gr\u00e9ckom klube AON Amazones.<\/p>\n","protected":false},"author":3,"featured_media":5399,"comment_status":"closed","ping_status":"open","sticky":false,"template":"","format":"standard","meta":{"_monsterinsights_skip_tracking":false,"_monsterinsights_sitenote_active":false,"_monsterinsights_sitenote_note":"","_monsterinsights_sitenote_category":0,"footnotes":""},"categories":[48],"tags":[],"class_list":["post-5396","post","type-post","status-publish","format-standard","has-post-thumbnail","hentry","category-zeny"],"yoast_head":"<!-- This site is optimized with the Yoast SEO plugin v25.6 - https:\/\/yoast.com\/wordpress\/plugins\/seo\/ -->\n<title>Prv\u00e1 ve\u013ek\u00e1 ryba. \u017deny posiln\u00ed sk\u00fasen\u00e1 Alexandra Vajdov\u00e1 - VK SLOVAN Bratislava<\/title>\n<meta name=\"description\" content=\"Po rokoch v\u00a0zahrani\u010d\u00ed sa vracia na Slovensko. \u017densk\u00fd t\u00edm VKP Bratislava posiln\u00ed Alexandra Vajdov\u00e1, ktor\u00e1 naposledy p\u00f4sobila v\u00a0gr\u00e9ckom klube AON Amazones.\" \/>\n<meta name=\"robots\" content=\"index, follow, max-snippet:-1, max-image-preview:large, max-video-preview:-1\" \/>\n<link rel=\"canonical\" href=\"https:\/\/www.vkpbratislava.sk\/?p=5396\" \/>\n<meta property=\"og:locale\" content=\"sk_SK\" \/>\n<meta property=\"og:type\" content=\"article\" \/>\n<meta property=\"og:title\" content=\"Prv\u00e1 ve\u013ek\u00e1 ryba. \u017deny posiln\u00ed sk\u00fasen\u00e1 Alexandra Vajdov\u00e1 - VK SLOVAN Bratislava\" \/>\n<meta property=\"og:description\" content=\"Po rokoch v\u00a0zahrani\u010d\u00ed sa vracia na Slovensko. \u017densk\u00fd t\u00edm VKP Bratislava posiln\u00ed Alexandra Vajdov\u00e1, ktor\u00e1 naposledy p\u00f4sobila v\u00a0gr\u00e9ckom klube AON Amazones.\" \/>\n<meta property=\"og:url\" content=\"https:\/\/www.vkpbratislava.sk\/?p=5396\" \/>\n<meta property=\"og:site_name\" content=\"VK SLOVAN Bratislava\" \/>\n<meta property=\"article:published_time\" content=\"2021-06-26T09:00:55+00:00\" \/>\n<meta property=\"article:modified_time\" content=\"2021-06-28T09:30:05+00:00\" \/>\n<meta property=\"og:image\" content=\"https:\/\/www.vkpbratislava.sk\/wp-content\/uploads\/2021\/06\/7cc2f2f3-ada5-4285-9c58-e12935ec0139-e1624698170336.jpg\" \/>\n\t<meta property=\"og:image:width\" content=\"594\" \/>\n\t<meta property=\"og:image:height\" content=\"436\" \/>\n\t<meta property=\"og:image:type\" content=\"image\/jpeg\" \/>\n<meta name=\"author\" content=\"jenca\" \/>\n<meta name=\"twitter:card\" content=\"summary_large_image\" \/>\n<meta name=\"twitter:label1\" content=\"Autor\" \/>\n\t<meta name=\"twitter:data1\" content=\"jenca\" \/>\n\t<meta name=\"twitter:label2\" content=\"Predpokladan\u00fd \u010das \u010d\u00edtania\" \/>\n\t<meta name=\"twitter:data2\" content=\"2 min\u00faty\" \/>\n<script type=\"application\/ld+json\" class=\"yoast-schema-graph\">{\"@context\":\"https:\/\/schema.org\",\"@graph\":[{\"@type\":\"Article\",\"@id\":\"https:\/\/www.vkpbratislava.sk\/?p=5396#article\",\"isPartOf\":{\"@id\":\"https:\/\/www.vkpbratislava.sk\/?p=5396\"},\"author\":{\"name\":\"jenca\",\"@id\":\"https:\/\/www.vkpbratislava.sk\/#\/schema\/person\/7037e769f9515aa58493d1b5852c4c50\"},\"headline\":\"Prv\u00e1 ve\u013ek\u00e1 ryba. \u017deny posiln\u00ed sk\u00fasen\u00e1 Alexandra Vajdov\u00e1\",\"datePublished\":\"2021-06-26T09:00:55+00:00\",\"dateModified\":\"2021-06-28T09:30:05+00:00\",\"mainEntityOfPage\":{\"@id\":\"https:\/\/www.vkpbratislava.sk\/?p=5396\"},\"wordCount\":440,\"publisher\":{\"@id\":\"https:\/\/www.vkpbratislava.sk\/#organization\"},\"image\":{\"@id\":\"https:\/\/www.vkpbratislava.sk\/?p=5396#primaryimage\"},\"thumbnailUrl\":\"https:\/\/www.vkpbratislava.sk\/wp-content\/uploads\/2021\/06\/7cc2f2f3-ada5-4285-9c58-e12935ec0139-e1624698170336.jpg\",\"articleSection\":[\"\u017deny\"],\"inLanguage\":\"sk-SK\"},{\"@type\":\"WebPage\",\"@id\":\"https:\/\/www.vkpbratislava.sk\/?p=5396\",\"url\":\"https:\/\/www.vkpbratislava.sk\/?p=5396\",\"name\":\"Prv\u00e1 ve\u013ek\u00e1 ryba. \u017deny posiln\u00ed sk\u00fasen\u00e1 Alexandra Vajdov\u00e1 - VK SLOVAN Bratislava\",\"isPartOf\":{\"@id\":\"https:\/\/www.vkpbratislava.sk\/#website\"},\"primaryImageOfPage\":{\"@id\":\"https:\/\/www.vkpbratislava.sk\/?p=5396#primaryimage\"},\"image\":{\"@id\":\"https:\/\/www.vkpbratislava.sk\/?p=5396#primaryimage\"},\"thumbnailUrl\":\"https:\/\/www.vkpbratislava.sk\/wp-content\/uploads\/2021\/06\/7cc2f2f3-ada5-4285-9c58-e12935ec0139-e1624698170336.jpg\",\"datePublished\":\"2021-06-26T09:00:55+00:00\",\"dateModified\":\"2021-06-28T09:30:05+00:00\",\"description\":\"Po rokoch v\u00a0zahrani\u010d\u00ed sa vracia na Slovensko. \u017densk\u00fd t\u00edm VKP Bratislava posiln\u00ed Alexandra Vajdov\u00e1, ktor\u00e1 naposledy p\u00f4sobila v\u00a0gr\u00e9ckom klube AON Amazones.\",\"breadcrumb\":{\"@id\":\"https:\/\/www.vkpbratislava.sk\/?p=5396#breadcrumb\"},\"inLanguage\":\"sk-SK\",\"potentialAction\":[{\"@type\":\"ReadAction\",\"target\":[\"https:\/\/www.vkpbratislava.sk\/?p=5396\"]}]},{\"@type\":\"ImageObject\",\"inLanguage\":\"sk-SK\",\"@id\":\"https:\/\/www.vkpbratislava.sk\/?p=5396#primaryimage\",\"url\":\"https:\/\/www.vkpbratislava.sk\/wp-content\/uploads\/2021\/06\/7cc2f2f3-ada5-4285-9c58-e12935ec0139-e1624698170336.jpg\",\"contentUrl\":\"https:\/\/www.vkpbratislava.sk\/wp-content\/uploads\/2021\/06\/7cc2f2f3-ada5-4285-9c58-e12935ec0139-e1624698170336.jpg\",\"width\":594,\"height\":436},{\"@type\":\"BreadcrumbList\",\"@id\":\"https:\/\/www.vkpbratislava.sk\/?p=5396#breadcrumb\",\"itemListElement\":[{\"@type\":\"ListItem\",\"position\":1,\"name\":\"Domov\",\"item\":\"https:\/\/www.vkpbratislava.sk\/\"},{\"@type\":\"ListItem\",\"position\":2,\"name\":\"Prv\u00e1 ve\u013ek\u00e1 ryba. \u017deny posiln\u00ed sk\u00fasen\u00e1 Alexandra Vajdov\u00e1\"}]},{\"@type\":\"WebSite\",\"@id\":\"https:\/\/www.vkpbratislava.sk\/#website\",\"url\":\"https:\/\/www.vkpbratislava.sk\/\",\"name\":\"VK SLOVAN Bratislava\",\"description\":\"Volejbalov\u00fd klub\",\"publisher\":{\"@id\":\"https:\/\/www.vkpbratislava.sk\/#organization\"},\"potentialAction\":[{\"@type\":\"SearchAction\",\"target\":{\"@type\":\"EntryPoint\",\"urlTemplate\":\"https:\/\/www.vkpbratislava.sk\/?s={search_term_string}\"},\"query-input\":{\"@type\":\"PropertyValueSpecification\",\"valueRequired\":true,\"valueName\":\"search_term_string\"}}],\"inLanguage\":\"sk-SK\"},{\"@type\":\"Organization\",\"@id\":\"https:\/\/www.vkpbratislava.sk\/#organization\",\"name\":\"VKP Bratislava\",\"url\":\"https:\/\/www.vkpbratislava.sk\/\",\"logo\":{\"@type\":\"ImageObject\",\"inLanguage\":\"sk-SK\",\"@id\":\"https:\/\/www.vkpbratislava.sk\/#\/schema\/logo\/image\/\",\"url\":\"https:\/\/www.vkpbratislava.sk\/wp-content\/uploads\/2020\/10\/vkpBA.png\",\"contentUrl\":\"https:\/\/www.vkpbratislava.sk\/wp-content\/uploads\/2020\/10\/vkpBA.png\",\"width\":600,\"height\":600,\"caption\":\"VKP Bratislava\"},\"image\":{\"@id\":\"https:\/\/www.vkpbratislava.sk\/#\/schema\/logo\/image\/\"}},{\"@type\":\"Person\",\"@id\":\"https:\/\/www.vkpbratislava.sk\/#\/schema\/person\/7037e769f9515aa58493d1b5852c4c50\",\"name\":\"jenca\",\"image\":{\"@type\":\"ImageObject\",\"inLanguage\":\"sk-SK\",\"@id\":\"https:\/\/www.vkpbratislava.sk\/#\/schema\/person\/image\/\",\"url\":\"https:\/\/secure.gravatar.com\/avatar\/67aa89e9aab2911bbd0c6fbf0a891ea8d80c207c9b6a6e2c96e13fc2f16e536d?s=96&d=mm&r=g\",\"contentUrl\":\"https:\/\/secure.gravatar.com\/avatar\/67aa89e9aab2911bbd0c6fbf0a891ea8d80c207c9b6a6e2c96e13fc2f16e536d?s=96&d=mm&r=g\",\"caption\":\"jenca\"},\"url\":\"https:\/\/www.vkpbratislava.sk\/?author=3\"}]}<\/script>\n<!-- \/ Yoast SEO plugin. -->","yoast_head_json":{"title":"Prv\u00e1 ve\u013ek\u00e1 ryba. \u017deny posiln\u00ed sk\u00fasen\u00e1 Alexandra Vajdov\u00e1 - VK SLOVAN Bratislava","description":"Po rokoch v\u00a0zahrani\u010d\u00ed sa vracia na Slovensko. \u017densk\u00fd t\u00edm VKP Bratislava posiln\u00ed Alexandra Vajdov\u00e1, ktor\u00e1 naposledy p\u00f4sobila v\u00a0gr\u00e9ckom klube AON Amazones.","robots":{"index":"index","follow":"follow","max-snippet":"max-snippet:-1","max-image-preview":"max-image-preview:large","max-video-preview":"max-video-preview:-1"},"canonical":"https:\/\/www.vkpbratislava.sk\/?p=5396","og_locale":"sk_SK","og_type":"article","og_title":"Prv\u00e1 ve\u013ek\u00e1 ryba. \u017deny posiln\u00ed sk\u00fasen\u00e1 Alexandra Vajdov\u00e1 - VK SLOVAN Bratislava","og_description":"Po rokoch v\u00a0zahrani\u010d\u00ed sa vracia na Slovensko. \u017densk\u00fd t\u00edm VKP Bratislava posiln\u00ed Alexandra Vajdov\u00e1, ktor\u00e1 naposledy p\u00f4sobila v\u00a0gr\u00e9ckom klube AON Amazones.","og_url":"https:\/\/www.vkpbratislava.sk\/?p=5396","og_site_name":"VK SLOVAN Bratislava","article_published_time":"2021-06-26T09:00:55+00:00","article_modified_time":"2021-06-28T09:30:05+00:00","og_image":[{"width":594,"height":436,"url":"https:\/\/www.vkpbratislava.sk\/wp-content\/uploads\/2021\/06\/7cc2f2f3-ada5-4285-9c58-e12935ec0139-e1624698170336.jpg","type":"image\/jpeg"}],"author":"jenca","twitter_card":"summary_large_image","twitter_misc":{"Autor":"jenca","Predpokladan\u00fd \u010das \u010d\u00edtania":"2 min\u00faty"},"schema":{"@context":"https:\/\/schema.org","@graph":[{"@type":"Article","@id":"https:\/\/www.vkpbratislava.sk\/?p=5396#article","isPartOf":{"@id":"https:\/\/www.vkpbratislava.sk\/?p=5396"},"author":{"name":"jenca","@id":"https:\/\/www.vkpbratislava.sk\/#\/schema\/person\/7037e769f9515aa58493d1b5852c4c50"},"headline":"Prv\u00e1 ve\u013ek\u00e1 ryba. \u017deny posiln\u00ed sk\u00fasen\u00e1 Alexandra Vajdov\u00e1","datePublished":"2021-06-26T09:00:55+00:00","dateModified":"2021-06-28T09:30:05+00:00","mainEntityOfPage":{"@id":"https:\/\/www.vkpbratislava.sk\/?p=5396"},"wordCount":440,"publisher":{"@id":"https:\/\/www.vkpbratislava.sk\/#organization"},"image":{"@id":"https:\/\/www.vkpbratislava.sk\/?p=5396#primaryimage"},"thumbnailUrl":"https:\/\/www.vkpbratislava.sk\/wp-content\/uploads\/2021\/06\/7cc2f2f3-ada5-4285-9c58-e12935ec0139-e1624698170336.jpg","articleSection":["\u017deny"],"inLanguage":"sk-SK"},{"@type":"WebPage","@id":"https:\/\/www.vkpbratislava.sk\/?p=5396","url":"https:\/\/www.vkpbratislava.sk\/?p=5396","name":"Prv\u00e1 ve\u013ek\u00e1 ryba. \u017deny posiln\u00ed sk\u00fasen\u00e1 Alexandra Vajdov\u00e1 - VK SLOVAN Bratislava","isPartOf":{"@id":"https:\/\/www.vkpbratislava.sk\/#website"},"primaryImageOfPage":{"@id":"https:\/\/www.vkpbratislava.sk\/?p=5396#primaryimage"},"image":{"@id":"https:\/\/www.vkpbratislava.sk\/?p=5396#primaryimage"},"thumbnailUrl":"https:\/\/www.vkpbratislava.sk\/wp-content\/uploads\/2021\/06\/7cc2f2f3-ada5-4285-9c58-e12935ec0139-e1624698170336.jpg","datePublished":"2021-06-26T09:00:55+00:00","dateModified":"2021-06-28T09:30:05+00:00","description":"Po rokoch v\u00a0zahrani\u010d\u00ed sa vracia na Slovensko. \u017densk\u00fd t\u00edm VKP Bratislava posiln\u00ed Alexandra Vajdov\u00e1, ktor\u00e1 naposledy p\u00f4sobila v\u00a0gr\u00e9ckom klube AON Amazones.","breadcrumb":{"@id":"https:\/\/www.vkpbratislava.sk\/?p=5396#breadcrumb"},"inLanguage":"sk-SK","potentialAction":[{"@type":"ReadAction","target":["https:\/\/www.vkpbratislava.sk\/?p=5396"]}]},{"@type":"ImageObject","inLanguage":"sk-SK","@id":"https:\/\/www.vkpbratislava.sk\/?p=5396#primaryimage","url":"https:\/\/www.vkpbratislava.sk\/wp-content\/uploads\/2021\/06\/7cc2f2f3-ada5-4285-9c58-e12935ec0139-e1624698170336.jpg","contentUrl":"https:\/\/www.vkpbratislava.sk\/wp-content\/uploads\/2021\/06\/7cc2f2f3-ada5-4285-9c58-e12935ec0139-e1624698170336.jpg","width":594,"height":436},{"@type":"BreadcrumbList","@id":"https:\/\/www.vkpbratislava.sk\/?p=5396#breadcrumb","itemListElement":[{"@type":"ListItem","position":1,"name":"Domov","item":"https:\/\/www.vkpbratislava.sk\/"},{"@type":"ListItem","position":2,"name":"Prv\u00e1 ve\u013ek\u00e1 ryba. \u017deny posiln\u00ed sk\u00fasen\u00e1 Alexandra Vajdov\u00e1"}]},{"@type":"WebSite","@id":"https:\/\/www.vkpbratislava.sk\/#website","url":"https:\/\/www.vkpbratislava.sk\/","name":"VK SLOVAN Bratislava","description":"Volejbalov\u00fd klub","publisher":{"@id":"https:\/\/www.vkpbratislava.sk\/#organization"},"potentialAction":[{"@type":"SearchAction","target":{"@type":"EntryPoint","urlTemplate":"https:\/\/www.vkpbratislava.sk\/?s={search_term_string}"},"query-input":{"@type":"PropertyValueSpecification","valueRequired":true,"valueName":"search_term_string"}}],"inLanguage":"sk-SK"},{"@type":"Organization","@id":"https:\/\/www.vkpbratislava.sk\/#organization","name":"VKP Bratislava","url":"https:\/\/www.vkpbratislava.sk\/","logo":{"@type":"ImageObject","inLanguage":"sk-SK","@id":"https:\/\/www.vkpbratislava.sk\/#\/schema\/logo\/image\/","url":"https:\/\/www.vkpbratislava.sk\/wp-content\/uploads\/2020\/10\/vkpBA.png","contentUrl":"https:\/\/www.vkpbratislava.sk\/wp-content\/uploads\/2020\/10\/vkpBA.png","width":600,"height":600,"caption":"VKP Bratislava"},"image":{"@id":"https:\/\/www.vkpbratislava.sk\/#\/schema\/logo\/image\/"}},{"@type":"Person","@id":"https:\/\/www.vkpbratislava.sk\/#\/schema\/person\/7037e769f9515aa58493d1b5852c4c50","name":"jenca","image":{"@type":"ImageObject","inLanguage":"sk-SK","@id":"https:\/\/www.vkpbratislava.sk\/#\/schema\/person\/image\/","url":"https:\/\/secure.gravatar.com\/avatar\/67aa89e9aab2911bbd0c6fbf0a891ea8d80c207c9b6a6e2c96e13fc2f16e536d?s=96&d=mm&r=g","contentUrl":"https:\/\/secure.gravatar.com\/avatar\/67aa89e9aab2911bbd0c6fbf0a891ea8d80c207c9b6a6e2c96e13fc2f16e536d?s=96&d=mm&r=g","caption":"jenca"},"url":"https:\/\/www.vkpbratislava.sk\/?author=3"}]}},"_links":{"self":[{"href":"https:\/\/www.vkpbratislava.sk\/index.php?rest_route=\/wp\/v2\/posts\/5396","targetHints":{"allow":["GET"]}}],"collection":[{"href":"https:\/\/www.vkpbratislava.sk\/index.php?rest_route=\/wp\/v2\/posts"}],"about":[{"href":"https:\/\/www.vkpbratislava.sk\/index.php?rest_route=\/wp\/v2\/types\/post"}],"author":[{"embeddable":true,"href":"https:\/\/www.vkpbratislava.sk\/index.php?rest_route=\/wp\/v2\/users\/3"}],"replies":[{"embeddable":true,"href":"https:\/\/www.vkpbratislava.sk\/index.php?rest_route=%2Fwp%2Fv2%2Fcomments&post=5396"}],"version-history":[{"count":4,"href":"https:\/\/www.vkpbratislava.sk\/index.php?rest_route=\/wp\/v2\/posts\/5396\/revisions"}],"predecessor-version":[{"id":5406,"href":"https:\/\/www.vkpbratislava.sk\/index.php?rest_route=\/wp\/v2\/posts\/5396\/revisions\/5406"}],"wp:featuredmedia":[{"embeddable":true,"href":"https:\/\/www.vkpbratislava.sk\/index.php?rest_route=\/wp\/v2\/media\/5399"}],"wp:attachment":[{"href":"https:\/\/www.vkpbratislava.sk\/index.php?rest_route=%2Fwp%2Fv2%2Fmedia&parent=5396"}],"wp:term":[{"taxonomy":"category","embeddable":true,"href":"https:\/\/www.vkpbratislava.sk\/index.php?rest_route=%2Fwp%2Fv2%2Fcategories&post=5396"},{"taxonomy":"post_tag","embeddable":true,"href":"https:\/\/www.vkpbratislava.sk\/index.php?rest_route=%2Fwp%2Fv2%2Ftags&post=5396"}],"curies":[{"name":"wp","href":"https:\/\/api.w.org\/{rel}","templated":true}]}}