{"id":5417,"date":"2021-07-22T15:15:35","date_gmt":"2021-07-22T13:15:35","guid":{"rendered":"https:\/\/www.vkpbratislava.sk\/?p=5417"},"modified":"2021-07-22T15:15:35","modified_gmt":"2021-07-22T13:15:35","slug":"pozname-zreb-muzov-zacneme-v-trencine-v-pohari-s-komarnom","status":"publish","type":"post","link":"https:\/\/www.vkpbratislava.sk\/?p=5417","title":{"rendered":"Pozn\u00e1me \u017ereb mu\u017eov. Za\u010dneme v\u00a0Tren\u010d\u00edne, v\u00a0poh\u00e1ri s Kom\u00e1rnom"},"content":{"rendered":"<p><strong>V\u00a0s\u00eddle Slovenskej volejbalovej feder\u00e1cie a\u00a0uskuto\u010dnil \u017ereb extraligy i\u00a0Slovensk\u00e9ho poh\u00e1ra mu\u017eov. Na\u0161i chlapci od\u0161tartuj\u00fa nov\u00fa sez\u00f3nu 2021\/2022 na palubovke mlad\u00edkov z\u00a0Tren\u010d\u00edna.<\/strong><\/p>\n<p>\u017drebu sa zhostila na\u0161a nov\u00e1 posila \u017eensk\u00e9ho t\u00edmu Alexandra Vajdov\u00e1, ktor\u00e1 postupne pridelila k\u00a0\u010d\u00edslam jednotliv\u00e9 dru\u017estv\u00e1. Mu\u017ei VKP vyfasovali \u010d\u00edslo 5, \u010do znamen\u00e1, \u017ee v\u00a0trojkolovom syst\u00e9me s\u00fa\u0165a\u017ee budeme dvakr\u00e1t cestova\u0165 na v\u00fdchod Slovenska do Svidn\u00edka i\u00a0Pre\u0161ova. S\u00a0aktu\u00e1lnym majstrom z\u00a0Kom\u00e1rna sa stretneme dva razy na dom\u00e1cej palubovke, rovnako aj s\u00a0Myjavou. V rozpise figuruje aj dru\u017estvo Projekt RD SVF. Av\u0161ak po predch\u00e1dzaj\u00facej dohode dru\u017estvo, ktor\u00e9 m\u00e1 za s\u00fapera Projekt RD SVF m\u00e1 v\u00a0danom term\u00edne vo\u013eno. Term\u00edny stretnut\u00ed s\u00a0Projekt RD SVF bud\u00fa s\u00a0klubmi dohodnut\u00e9 osobitne. Po\u010das dlhodobej \u010dasti s\u00fa\u0165a\u017ee odohr\u00e1 Projekt RS SFV s\u00a0ka\u017ed\u00fdm in\u00fdm dru\u017estvom dve stretnutia.<\/p>\n<p>V\u00a0Slovenskom poh\u00e1ri sa pobijeme o\u00a0postup do 2. kola s\u00a0Kom\u00e1rnom. Prv\u00fd z\u00e1pas odohr\u00e1me doma 3. novembra 2021, odvetu vonku 24. novembra 2021. \u201e\u017dreb sa \u0165a\u017eko hodnot\u00ed. V\u00a0k\u00fatiku du\u0161e sme d\u00fafali, \u017ee nebudeme musie\u0165 dvakr\u00e1t cestova\u0165 na v\u00fdchod, ale takto to je dan\u00e9 a\u00a0mus\u00edme to re\u0161pektova\u0165. Zodpovedne sa priprav\u00edme na ka\u017ed\u00fd z\u00e1pas. Teraz si mus\u00ed sadn\u00fa\u0165 n\u00e1\u0161 \u0161portov\u00fd \u00fasek, aby zos\u00faladil na\u0161e z\u00e1pasy v\u00a0extralige, Slovenskom poh\u00e1ri, Stredoeur\u00f3pskej lige i\u00a0Challenge Cupe. Te\u0161\u00edme sa na nov\u00fa sez\u00f3nu v\u00a0novej hale a\u00a0ver\u00edm, \u017ee aj s\u00a0fan\u00fa\u0161ikmi v\u00a0h\u013eadisku,\u201c uviedol gener\u00e1lny mana\u017e\u00e9r VKP Brastislava Tom\u00e1\u0161 Jen\u010da.<\/p>\n<p>&nbsp;<\/p>\n<h5><strong>\u017dreb extraligy mu\u017eov 2021\/2022\u00a0\u00a0\u00a0\u00a0\u00a0\u00a0\u00a0<\/strong><\/h5>\n<ol>\n<li>kolo \u2013 25. 9. 2021<\/li>\n<\/ol>\n<p>Rieker UJS Kom\u00e1rno &#8211; vo\u013eno<\/p>\n<p>VK MIRAD UNIPO Pre\u0161ov &#8211; TJ Sl\u00e1via Svidn\u00edk<\/p>\n<p>VK OSMOS Prievidza &#8211; TJ Spartak Myjava<\/p>\n<p><strong>\u0160\u0160V Tren\u010d\u00edn &#8211; VKP Bratislava\u00a0<\/strong><\/p>\n<ol start=\"2\">\n<li><span style=\"text-decoration: underline;\">kolo \u2013 2. 10. 2021<\/span><\/li>\n<\/ol>\n<p><strong>vo\u013eno &#8211; VKP Bratislava\u00a0\u00a0\u00a0\u00a0<\/strong><\/p>\n<p>TJ Spartak Myjava &#8211; \u0160\u0160V Tren\u010d\u00edn<\/p>\n<p>TJ Sl\u00e1via Svidn\u00edk &#8211; VK OSMOS Prievidza<\/p>\n<p>Rieker UJS Kom\u00e1rno &#8211; VK MIRAD UNIPO Pre\u0161ov<\/p>\n<ol start=\"3\">\n<li><span style=\"text-decoration: underline;\">kolo \u2013 9. 10. 2021<\/span><\/li>\n<\/ol>\n<p>VK MIRAD UNIPO Pre\u0161ov &#8211; vo\u013eno<\/p>\n<p>VK OSMOS Prievidza &#8211; Rieker UJS Kom\u00e1rno<\/p>\n<p>\u0160\u0160V Tren\u010d\u00edn &#8211; TJ Sl\u00e1via Svidn\u00edk<\/p>\n<p><strong>VKP Bratislava &#8211; TJ Spartak Myjava\u00a0\u00a0\u00a0<\/strong><\/p>\n<ol start=\"4\">\n<li><span style=\"text-decoration: underline;\">kolo \u2013 16. 10. 2021<\/span><\/li>\n<\/ol>\n<p>vo\u013eno &#8211; TJ Spartak Myjava<\/p>\n<p><strong>TJ Sl\u00e1via Svidn\u00edk &#8211; VKP Bratislava\u00a0\u00a0\u00a0\u00a0\u00a0\u00a0<\/strong><\/p>\n<p>Rieker UJS Kom\u00e1rno &#8211; \u0160\u0160V Tren\u010d\u00edn<\/p>\n<p>VK MIRAD UNIPO Pre\u0161ov &#8211; VK OSMOS Prievidza<\/p>\n<ol start=\"5\">\n<li><span style=\"text-decoration: underline;\">kolo \u2013 23. 10. 2021<\/span><\/li>\n<\/ol>\n<p>VK OSMOS Prievidza &#8211; vo\u013eno<\/p>\n<p>\u0160\u0160V Tren\u010d\u00edn &#8211; VK MIRAD UNIPO Pre\u0161ov<\/p>\n<p><strong>VKP Bratislava &#8211; Rieker UJS Kom\u00e1rno\u00a0\u00a0\u00a0\u00a0\u00a0\u00a0<\/strong><\/p>\n<p>TJ Spartak Myjava &#8211; TJ Sl\u00e1via Svidn\u00edk<\/p>\n<ol start=\"6\">\n<li><span style=\"text-decoration: underline;\">kolo \u2013 30. 10. 2021<\/span><\/li>\n<\/ol>\n<p>vo\u013eno &#8211; TJ Sl\u00e1via Svidn\u00edk<\/p>\n<p>Rieker UJS Kom\u00e1rno &#8211; TJ Spartak Myjava<\/p>\n<p><strong>VK MIRAD UNIPO Pre\u0161ov &#8211; VKP Bratislava\u00a0\u00a0\u00a0\u00a0<\/strong><\/p>\n<p>VK OSMOS Prievidza &#8211; \u0160\u0160V Tren\u010d\u00edn<\/p>\n<ol start=\"7\">\n<li><span style=\"text-decoration: underline;\">kolo \u2013 6. 11. 2021<\/span><\/li>\n<\/ol>\n<p>\u0160\u0160V Tren\u010d\u00edn &#8211; vo\u013eno<\/p>\n<p><strong>VKP Bratislava &#8211; VK OSMOS Prievidza\u00a0\u00a0\u00a0<\/strong><\/p>\n<p>TJ Spartak Myjava &#8211; VK MIRAD UNIPO Pre\u0161ov<\/p>\n<p>TJ Sl\u00e1via Svidn\u00edk &#8211; Rieker UJS Kom\u00e1rno<\/p>\n<ol start=\"8\">\n<li><span style=\"text-decoration: underline;\">kolo \u2013 13. 11. 2021<\/span><\/li>\n<\/ol>\n<p>vo\u013eno &#8211; Rieker UJS Kom\u00e1rno<\/p>\n<p>TJ Sl\u00e1via Svidn\u00edk &#8211; VK MIRAD UNIPO Pre\u0161ov<\/p>\n<p>TJ Spartak Myjava &#8211; VK OSMOS Prievidza<\/p>\n<p><strong>VKP Bratislava &#8211; \u0160\u0160V Tren\u010d\u00edn\u00a0<\/strong><\/p>\n<ol start=\"9\">\n<li><span style=\"text-decoration: underline;\">kolo \u2013 20. 11. 2021<\/span><\/li>\n<\/ol>\n<p><strong>VKP Bratislava &#8211; vo\u013eno \u00a0 \u00a0 \u00a0<\/strong><\/p>\n<p>\u0160\u0160V Tren\u010d\u00edn &#8211; TJ Spartak Myjava<\/p>\n<p>VK OSMOS Prievidza &#8211; TJ Sl\u00e1via Svidn\u00edk<\/p>\n<p>VK MIRAD UNIPO Pre\u0161ov &#8211; Rieker UJS Kom\u00e1rno<\/p>\n<ol start=\"10\">\n<li><span style=\"text-decoration: underline;\">kolo \u2013 27. 11. 2021<\/span><\/li>\n<\/ol>\n<p>vo\u013enoF &#8211; VK MIRAD UNIPO Pre\u0161ov<\/p>\n<p>Rieker UJS Kom\u00e1rno &#8211; VK OSMOS Prievidza<\/p>\n<p>TJ Sl\u00e1via Svidn\u00edk &#8211; \u0160\u0160V Tren\u010d\u00edn<\/p>\n<p><strong>TJ Spartak Myjava &#8211; VKP Bratislava\u00a0\u00a0\u00a0<\/strong><\/p>\n<ol start=\"11\">\n<li><span style=\"text-decoration: underline;\">kolo \u2013 4. 12. 2021<\/span><\/li>\n<\/ol>\n<p>TJ Spartak Myjava &#8211; vo\u013eno<\/p>\n<p><strong>VKP Bratislava &#8211; TJ Sl\u00e1via Svidn\u00edk<\/strong><\/p>\n<p>\u0160\u0160V Tren\u010d\u00edn &#8211; Rieker UJS Kom\u00e1rno<\/p>\n<p>VK OSMOS Prievidza &#8211; VK MIRAD UNIPO Pre\u0161ov<\/p>\n<ol start=\"12\">\n<li><span style=\"text-decoration: underline;\">kolo \u2013 11. 12. 2021<\/span><\/li>\n<\/ol>\n<p>vo\u013eno &#8211; VK OSMOS Prievidza<\/p>\n<p>VK MIRAD UNIPO Pre\u0161ov &#8211; \u0160\u0160V Tren\u010d\u00edn<\/p>\n<p><strong>Rieker UJS Kom\u00e1rno &#8211; VKP Bratislava\u00a0\u00a0\u00a0<\/strong><\/p>\n<p>TJ Sl\u00e1via Svidn\u00edk &#8211; TJ Spartak Myjava<\/p>\n<ol start=\"13\">\n<li><span style=\"text-decoration: underline;\">kolo \u2013 18. 12. 2021<\/span><\/li>\n<\/ol>\n<p>TJ Sl\u00e1via Svidn\u00edk &#8211; vo\u013eno<\/p>\n<p>TJ Spartak Myjava &#8211; Rieker UJS Kom\u00e1rno<\/p>\n<p><strong>VKP Bratislava &#8211; VK MIRAD UNIPO Pre\u0161ov\u00a0\u00a0<\/strong><\/p>\n<p>\u0160\u0160V Tren\u010d\u00edn &#8211; VK OSMOS Prievidza<\/p>\n<ol start=\"14\">\n<li><span style=\"text-decoration: underline;\">kolo \u2013 22. 12. 2021<\/span><\/li>\n<\/ol>\n<p>vo\u013eno &#8211; \u0160\u0160V Tren\u010d\u00edn<\/p>\n<p><strong>VK OSMOS Prievidza &#8211; VKP Bratislava\u00a0\u00a0\u00a0\u00a0\u00a0<\/strong><\/p>\n<p>VK MIRAD UNIPO Pre\u0161ov &#8211; TJ Spartak Myjava<\/p>\n<p>Rieker UJS Kom\u00e1rno &#8211; TJ Sl\u00e1via Svidn\u00edk<\/p>\n<ol start=\"15\">\n<li><span style=\"text-decoration: underline;\">kolo \u2013 8. 1. 2022<\/span><\/li>\n<\/ol>\n<p>Rieker UJS Kom\u00e1rno &#8211; vo\u013eno<\/p>\n<p>VK MIRAD UNIPO Pre\u0161ov &#8211; TJ Sl\u00e1via Svidn\u00edk<\/p>\n<p>VK OSMOS Prievidza &#8211; TJ Spartak Myjava<\/p>\n<p><strong>\u0160\u0160V Tren\u010d\u00edn &#8211; VKP Bratislava<\/strong><\/p>\n<ol start=\"16\">\n<li><span style=\"text-decoration: underline;\">kolo \u2013 15. 1. 2022<\/span><\/li>\n<\/ol>\n<p><strong>vo\u013enoF &#8211; VKP Bratislava\u00a0\u00a0\u00a0\u00a0<\/strong><\/p>\n<p>TJ Spartak Myjava &#8211; \u0160\u0160V Tren\u010d\u00edn<\/p>\n<p>TJ Sl\u00e1via Svidn\u00edk &#8211; VK OSMOS Prievidza<\/p>\n<p>Rieker UJS Kom\u00e1rno &#8211; VK MIRAD UNIPO Pre\u0161ov<\/p>\n<ol start=\"17\">\n<li><span style=\"text-decoration: underline;\">kolo \u2013 22. 1. 2022<\/span><\/li>\n<\/ol>\n<p>VK MIRAD UNIPO Pre\u0161ov &#8211; vo\u013eno<\/p>\n<p>VK OSMOS Prievidza &#8211; Rieker UJS Kom\u00e1rno<\/p>\n<p>\u0160\u0160V Tren\u010d\u00edn &#8211; TJ Sl\u00e1via Svidn\u00edk<\/p>\n<p><strong>VKP Bratislava -TJ Spartak Myjava\u00a0\u00a0\u00a0<\/strong><\/p>\n<ol start=\"18\">\n<li><span style=\"text-decoration: underline;\">kolo \u2013 29. 1. 2022<\/span><\/li>\n<\/ol>\n<p>vo\u013eno &#8211; TJ Spartak Myjava<\/p>\n<p><strong>TJ Sl\u00e1via Svidn\u00edk &#8211; VKP Bratislava\u00a0\u00a0\u00a0<\/strong><\/p>\n<p>Rieker UJS Kom\u00e1rno &#8211; \u0160\u0160V Tren\u010d\u00edn<\/p>\n<p>VK MIRAD UNIPO Pre\u0161ov &#8211; VK OSMOS Prievidza<\/p>\n<ol start=\"19\">\n<li><span style=\"text-decoration: underline;\">kolo \u2013 12. 2. 2022<\/span><\/li>\n<\/ol>\n<p>VK OSMOS Prievidza &#8211; vo\u013eno<\/p>\n<p>\u0160\u0160V Tren\u010d\u00edn &#8211; VK MIRAD UNIPO Pre\u0161ov<\/p>\n<p><strong>VKP Bratislava &#8211; Rieker UJS Kom\u00e1rno\u00a0\u00a0<\/strong><\/p>\n<p>TJ Spartak Myjava &#8211; TJ Sl\u00e1via Svidn\u00edk<\/p>\n<ol start=\"20\">\n<li><span style=\"text-decoration: underline;\">kolo \u2013 19. 2. 2022<\/span><\/li>\n<\/ol>\n<p>vo\u013eno &#8211; TJ Sl\u00e1via Svidn\u00edk<\/p>\n<p>Rieker UJS Kom\u00e1rno &#8211; TJ Spartak Myjava<\/p>\n<p><strong>VK MIRAD UNIPO Pre\u0161ov &#8211; VKP Bratislava\u00a0\u00a0\u00a0<\/strong><\/p>\n<p>VK OSMOS Prievidza &#8211; \u0160\u0160V Tren\u010d\u00edn<\/p>\n<ol start=\"21\">\n<li><span style=\"text-decoration: underline;\">kolo \u2013 26. 2. 2022<\/span><\/li>\n<\/ol>\n<p>\u0160\u0160V Tren\u010d\u00edn &#8211; vo\u013eno<\/p>\n<p><strong>VKP Bratislava &#8211; VK OSMOS Prievidza\u00a0\u00a0\u00a0\u00a0\u00a0<\/strong><\/p>\n<p>TJ Spartak Myjava &#8211; VK MIRAD UNIPO Pre\u0161ov<\/p>\n<p>TJ Sl\u00e1via Svidn\u00edk &#8211; Rieker UJS Kom\u00e1rno<\/p>\n<div class=\"bt-video-container\"><iframe loading=\"lazy\" title=\"\u017dreb Extraligy mu\u017ei + Slovensk\u00fd poh\u00e1r 2021 2022\" width=\"1200\" height=\"675\" src=\"https:\/\/www.youtube.com\/embed\/ec9It3bWf4A?feature=oembed\" frameborder=\"0\" allow=\"accelerometer; autoplay; clipboard-write; encrypted-media; gyroscope; picture-in-picture\" allowfullscreen><\/iframe><\/div>\n","protected":false},"excerpt":{"rendered":"<p>V\u00a0s\u00eddle Slovenskej volejbalovej feder\u00e1cie a\u00a0uskuto\u010dnil \u017ereb extraligy i\u00a0Slovensk\u00e9ho poh\u00e1ra mu\u017eov. Na\u0161i chlapci od\u0161tartuj\u00fa nov\u00fa sez\u00f3nu 2021\/2022 na palubovke mlad\u00edkov z\u00a0Tren\u010d\u00edna.<\/p>\n","protected":false},"author":3,"featured_media":5121,"comment_status":"closed","ping_status":"open","sticky":false,"template":"","format":"standard","meta":{"_monsterinsights_skip_tracking":false,"_monsterinsights_sitenote_active":false,"_monsterinsights_sitenote_note":"","_monsterinsights_sitenote_category":0,"footnotes":""},"categories":[47],"tags":[],"class_list":["post-5417","post","type-post","status-publish","format-standard","has-post-thumbnail","hentry","category-muzi"],"yoast_head":"<!-- This site is optimized with the Yoast SEO plugin v25.6 - https:\/\/yoast.com\/wordpress\/plugins\/seo\/ -->\n<title>Pozn\u00e1me \u017ereb mu\u017eov. Za\u010dneme v\u00a0Tren\u010d\u00edne, v\u00a0poh\u00e1ri s Kom\u00e1rnom - VK SLOVAN Bratislava<\/title>\n<meta name=\"robots\" content=\"index, follow, max-snippet:-1, max-image-preview:large, max-video-preview:-1\" \/>\n<link rel=\"canonical\" href=\"https:\/\/www.vkpbratislava.sk\/?p=5417\" \/>\n<meta property=\"og:locale\" content=\"sk_SK\" \/>\n<meta property=\"og:type\" content=\"article\" \/>\n<meta property=\"og:title\" content=\"Pozn\u00e1me \u017ereb mu\u017eov. Za\u010dneme v\u00a0Tren\u010d\u00edne, v\u00a0poh\u00e1ri s Kom\u00e1rnom - VK SLOVAN Bratislava\" \/>\n<meta property=\"og:description\" content=\"V\u00a0s\u00eddle Slovenskej volejbalovej feder\u00e1cie a\u00a0uskuto\u010dnil \u017ereb extraligy i\u00a0Slovensk\u00e9ho poh\u00e1ra mu\u017eov. Na\u0161i chlapci od\u0161tartuj\u00fa nov\u00fa sez\u00f3nu 2021\/2022 na palubovke mlad\u00edkov z\u00a0Tren\u010d\u00edna.\" \/>\n<meta property=\"og:url\" content=\"https:\/\/www.vkpbratislava.sk\/?p=5417\" \/>\n<meta property=\"og:site_name\" content=\"VK SLOVAN Bratislava\" \/>\n<meta property=\"article:published_time\" content=\"2021-07-22T13:15:35+00:00\" \/>\n<meta property=\"og:image\" content=\"https:\/\/www.vkpbratislava.sk\/wp-content\/uploads\/2021\/03\/DF1A3570.jpg\" \/>\n\t<meta property=\"og:image:width\" content=\"2048\" \/>\n\t<meta property=\"og:image:height\" content=\"1365\" \/>\n\t<meta property=\"og:image:type\" content=\"image\/jpeg\" \/>\n<meta name=\"author\" content=\"jenca\" \/>\n<meta name=\"twitter:card\" content=\"summary_large_image\" \/>\n<meta name=\"twitter:label1\" content=\"Autor\" \/>\n\t<meta name=\"twitter:data1\" content=\"jenca\" \/>\n\t<meta name=\"twitter:label2\" content=\"Predpokladan\u00fd \u010das \u010d\u00edtania\" \/>\n\t<meta name=\"twitter:data2\" content=\"4 min\u00faty\" \/>\n<script type=\"application\/ld+json\" class=\"yoast-schema-graph\">{\"@context\":\"https:\/\/schema.org\",\"@graph\":[{\"@type\":\"Article\",\"@id\":\"https:\/\/www.vkpbratislava.sk\/?p=5417#article\",\"isPartOf\":{\"@id\":\"https:\/\/www.vkpbratislava.sk\/?p=5417\"},\"author\":{\"name\":\"jenca\",\"@id\":\"https:\/\/www.vkpbratislava.sk\/#\/schema\/person\/7037e769f9515aa58493d1b5852c4c50\"},\"headline\":\"Pozn\u00e1me \u017ereb mu\u017eov. Za\u010dneme v\u00a0Tren\u010d\u00edne, v\u00a0poh\u00e1ri s Kom\u00e1rnom\",\"datePublished\":\"2021-07-22T13:15:35+00:00\",\"mainEntityOfPage\":{\"@id\":\"https:\/\/www.vkpbratislava.sk\/?p=5417\"},\"wordCount\":992,\"publisher\":{\"@id\":\"https:\/\/www.vkpbratislava.sk\/#organization\"},\"image\":{\"@id\":\"https:\/\/www.vkpbratislava.sk\/?p=5417#primaryimage\"},\"thumbnailUrl\":\"https:\/\/www.vkpbratislava.sk\/wp-content\/uploads\/2021\/03\/DF1A3570.jpg\",\"articleSection\":[\"Mu\u017ei\"],\"inLanguage\":\"sk-SK\"},{\"@type\":\"WebPage\",\"@id\":\"https:\/\/www.vkpbratislava.sk\/?p=5417\",\"url\":\"https:\/\/www.vkpbratislava.sk\/?p=5417\",\"name\":\"Pozn\u00e1me \u017ereb mu\u017eov. Za\u010dneme v\u00a0Tren\u010d\u00edne, v\u00a0poh\u00e1ri s Kom\u00e1rnom - VK SLOVAN Bratislava\",\"isPartOf\":{\"@id\":\"https:\/\/www.vkpbratislava.sk\/#website\"},\"primaryImageOfPage\":{\"@id\":\"https:\/\/www.vkpbratislava.sk\/?p=5417#primaryimage\"},\"image\":{\"@id\":\"https:\/\/www.vkpbratislava.sk\/?p=5417#primaryimage\"},\"thumbnailUrl\":\"https:\/\/www.vkpbratislava.sk\/wp-content\/uploads\/2021\/03\/DF1A3570.jpg\",\"datePublished\":\"2021-07-22T13:15:35+00:00\",\"breadcrumb\":{\"@id\":\"https:\/\/www.vkpbratislava.sk\/?p=5417#breadcrumb\"},\"inLanguage\":\"sk-SK\",\"potentialAction\":[{\"@type\":\"ReadAction\",\"target\":[\"https:\/\/www.vkpbratislava.sk\/?p=5417\"]}]},{\"@type\":\"ImageObject\",\"inLanguage\":\"sk-SK\",\"@id\":\"https:\/\/www.vkpbratislava.sk\/?p=5417#primaryimage\",\"url\":\"https:\/\/www.vkpbratislava.sk\/wp-content\/uploads\/2021\/03\/DF1A3570.jpg\",\"contentUrl\":\"https:\/\/www.vkpbratislava.sk\/wp-content\/uploads\/2021\/03\/DF1A3570.jpg\",\"width\":2048,\"height\":1365},{\"@type\":\"BreadcrumbList\",\"@id\":\"https:\/\/www.vkpbratislava.sk\/?p=5417#breadcrumb\",\"itemListElement\":[{\"@type\":\"ListItem\",\"position\":1,\"name\":\"Domov\",\"item\":\"https:\/\/www.vkpbratislava.sk\/\"},{\"@type\":\"ListItem\",\"position\":2,\"name\":\"Pozn\u00e1me \u017ereb mu\u017eov. Za\u010dneme v\u00a0Tren\u010d\u00edne, v\u00a0poh\u00e1ri s Kom\u00e1rnom\"}]},{\"@type\":\"WebSite\",\"@id\":\"https:\/\/www.vkpbratislava.sk\/#website\",\"url\":\"https:\/\/www.vkpbratislava.sk\/\",\"name\":\"VK SLOVAN Bratislava\",\"description\":\"Volejbalov\u00fd klub\",\"publisher\":{\"@id\":\"https:\/\/www.vkpbratislava.sk\/#organization\"},\"potentialAction\":[{\"@type\":\"SearchAction\",\"target\":{\"@type\":\"EntryPoint\",\"urlTemplate\":\"https:\/\/www.vkpbratislava.sk\/?s={search_term_string}\"},\"query-input\":{\"@type\":\"PropertyValueSpecification\",\"valueRequired\":true,\"valueName\":\"search_term_string\"}}],\"inLanguage\":\"sk-SK\"},{\"@type\":\"Organization\",\"@id\":\"https:\/\/www.vkpbratislava.sk\/#organization\",\"name\":\"VKP Bratislava\",\"url\":\"https:\/\/www.vkpbratislava.sk\/\",\"logo\":{\"@type\":\"ImageObject\",\"inLanguage\":\"sk-SK\",\"@id\":\"https:\/\/www.vkpbratislava.sk\/#\/schema\/logo\/image\/\",\"url\":\"https:\/\/www.vkpbratislava.sk\/wp-content\/uploads\/2020\/10\/vkpBA.png\",\"contentUrl\":\"https:\/\/www.vkpbratislava.sk\/wp-content\/uploads\/2020\/10\/vkpBA.png\",\"width\":600,\"height\":600,\"caption\":\"VKP Bratislava\"},\"image\":{\"@id\":\"https:\/\/www.vkpbratislava.sk\/#\/schema\/logo\/image\/\"}},{\"@type\":\"Person\",\"@id\":\"https:\/\/www.vkpbratislava.sk\/#\/schema\/person\/7037e769f9515aa58493d1b5852c4c50\",\"name\":\"jenca\",\"image\":{\"@type\":\"ImageObject\",\"inLanguage\":\"sk-SK\",\"@id\":\"https:\/\/www.vkpbratislava.sk\/#\/schema\/person\/image\/\",\"url\":\"https:\/\/secure.gravatar.com\/avatar\/67aa89e9aab2911bbd0c6fbf0a891ea8d80c207c9b6a6e2c96e13fc2f16e536d?s=96&d=mm&r=g\",\"contentUrl\":\"https:\/\/secure.gravatar.com\/avatar\/67aa89e9aab2911bbd0c6fbf0a891ea8d80c207c9b6a6e2c96e13fc2f16e536d?s=96&d=mm&r=g\",\"caption\":\"jenca\"},\"url\":\"https:\/\/www.vkpbratislava.sk\/?author=3\"}]}<\/script>\n<!-- \/ Yoast SEO plugin. -->","yoast_head_json":{"title":"Pozn\u00e1me \u017ereb mu\u017eov. Za\u010dneme v\u00a0Tren\u010d\u00edne, v\u00a0poh\u00e1ri s Kom\u00e1rnom - VK SLOVAN Bratislava","robots":{"index":"index","follow":"follow","max-snippet":"max-snippet:-1","max-image-preview":"max-image-preview:large","max-video-preview":"max-video-preview:-1"},"canonical":"https:\/\/www.vkpbratislava.sk\/?p=5417","og_locale":"sk_SK","og_type":"article","og_title":"Pozn\u00e1me \u017ereb mu\u017eov. Za\u010dneme v\u00a0Tren\u010d\u00edne, v\u00a0poh\u00e1ri s Kom\u00e1rnom - VK SLOVAN Bratislava","og_description":"V\u00a0s\u00eddle Slovenskej volejbalovej feder\u00e1cie a\u00a0uskuto\u010dnil \u017ereb extraligy i\u00a0Slovensk\u00e9ho poh\u00e1ra mu\u017eov. Na\u0161i chlapci od\u0161tartuj\u00fa nov\u00fa sez\u00f3nu 2021\/2022 na palubovke mlad\u00edkov z\u00a0Tren\u010d\u00edna.","og_url":"https:\/\/www.vkpbratislava.sk\/?p=5417","og_site_name":"VK SLOVAN Bratislava","article_published_time":"2021-07-22T13:15:35+00:00","og_image":[{"width":2048,"height":1365,"url":"https:\/\/www.vkpbratislava.sk\/wp-content\/uploads\/2021\/03\/DF1A3570.jpg","type":"image\/jpeg"}],"author":"jenca","twitter_card":"summary_large_image","twitter_misc":{"Autor":"jenca","Predpokladan\u00fd \u010das \u010d\u00edtania":"4 min\u00faty"},"schema":{"@context":"https:\/\/schema.org","@graph":[{"@type":"Article","@id":"https:\/\/www.vkpbratislava.sk\/?p=5417#article","isPartOf":{"@id":"https:\/\/www.vkpbratislava.sk\/?p=5417"},"author":{"name":"jenca","@id":"https:\/\/www.vkpbratislava.sk\/#\/schema\/person\/7037e769f9515aa58493d1b5852c4c50"},"headline":"Pozn\u00e1me \u017ereb mu\u017eov. Za\u010dneme v\u00a0Tren\u010d\u00edne, v\u00a0poh\u00e1ri s Kom\u00e1rnom","datePublished":"2021-07-22T13:15:35+00:00","mainEntityOfPage":{"@id":"https:\/\/www.vkpbratislava.sk\/?p=5417"},"wordCount":992,"publisher":{"@id":"https:\/\/www.vkpbratislava.sk\/#organization"},"image":{"@id":"https:\/\/www.vkpbratislava.sk\/?p=5417#primaryimage"},"thumbnailUrl":"https:\/\/www.vkpbratislava.sk\/wp-content\/uploads\/2021\/03\/DF1A3570.jpg","articleSection":["Mu\u017ei"],"inLanguage":"sk-SK"},{"@type":"WebPage","@id":"https:\/\/www.vkpbratislava.sk\/?p=5417","url":"https:\/\/www.vkpbratislava.sk\/?p=5417","name":"Pozn\u00e1me \u017ereb mu\u017eov. Za\u010dneme v\u00a0Tren\u010d\u00edne, v\u00a0poh\u00e1ri s Kom\u00e1rnom - VK SLOVAN Bratislava","isPartOf":{"@id":"https:\/\/www.vkpbratislava.sk\/#website"},"primaryImageOfPage":{"@id":"https:\/\/www.vkpbratislava.sk\/?p=5417#primaryimage"},"image":{"@id":"https:\/\/www.vkpbratislava.sk\/?p=5417#primaryimage"},"thumbnailUrl":"https:\/\/www.vkpbratislava.sk\/wp-content\/uploads\/2021\/03\/DF1A3570.jpg","datePublished":"2021-07-22T13:15:35+00:00","breadcrumb":{"@id":"https:\/\/www.vkpbratislava.sk\/?p=5417#breadcrumb"},"inLanguage":"sk-SK","potentialAction":[{"@type":"ReadAction","target":["https:\/\/www.vkpbratislava.sk\/?p=5417"]}]},{"@type":"ImageObject","inLanguage":"sk-SK","@id":"https:\/\/www.vkpbratislava.sk\/?p=5417#primaryimage","url":"https:\/\/www.vkpbratislava.sk\/wp-content\/uploads\/2021\/03\/DF1A3570.jpg","contentUrl":"https:\/\/www.vkpbratislava.sk\/wp-content\/uploads\/2021\/03\/DF1A3570.jpg","width":2048,"height":1365},{"@type":"BreadcrumbList","@id":"https:\/\/www.vkpbratislava.sk\/?p=5417#breadcrumb","itemListElement":[{"@type":"ListItem","position":1,"name":"Domov","item":"https:\/\/www.vkpbratislava.sk\/"},{"@type":"ListItem","position":2,"name":"Pozn\u00e1me \u017ereb mu\u017eov. Za\u010dneme v\u00a0Tren\u010d\u00edne, v\u00a0poh\u00e1ri s Kom\u00e1rnom"}]},{"@type":"WebSite","@id":"https:\/\/www.vkpbratislava.sk\/#website","url":"https:\/\/www.vkpbratislava.sk\/","name":"VK SLOVAN Bratislava","description":"Volejbalov\u00fd klub","publisher":{"@id":"https:\/\/www.vkpbratislava.sk\/#organization"},"potentialAction":[{"@type":"SearchAction","target":{"@type":"EntryPoint","urlTemplate":"https:\/\/www.vkpbratislava.sk\/?s={search_term_string}"},"query-input":{"@type":"PropertyValueSpecification","valueRequired":true,"valueName":"search_term_string"}}],"inLanguage":"sk-SK"},{"@type":"Organization","@id":"https:\/\/www.vkpbratislava.sk\/#organization","name":"VKP Bratislava","url":"https:\/\/www.vkpbratislava.sk\/","logo":{"@type":"ImageObject","inLanguage":"sk-SK","@id":"https:\/\/www.vkpbratislava.sk\/#\/schema\/logo\/image\/","url":"https:\/\/www.vkpbratislava.sk\/wp-content\/uploads\/2020\/10\/vkpBA.png","contentUrl":"https:\/\/www.vkpbratislava.sk\/wp-content\/uploads\/2020\/10\/vkpBA.png","width":600,"height":600,"caption":"VKP Bratislava"},"image":{"@id":"https:\/\/www.vkpbratislava.sk\/#\/schema\/logo\/image\/"}},{"@type":"Person","@id":"https:\/\/www.vkpbratislava.sk\/#\/schema\/person\/7037e769f9515aa58493d1b5852c4c50","name":"jenca","image":{"@type":"ImageObject","inLanguage":"sk-SK","@id":"https:\/\/www.vkpbratislava.sk\/#\/schema\/person\/image\/","url":"https:\/\/secure.gravatar.com\/avatar\/67aa89e9aab2911bbd0c6fbf0a891ea8d80c207c9b6a6e2c96e13fc2f16e536d?s=96&d=mm&r=g","contentUrl":"https:\/\/secure.gravatar.com\/avatar\/67aa89e9aab2911bbd0c6fbf0a891ea8d80c207c9b6a6e2c96e13fc2f16e536d?s=96&d=mm&r=g","caption":"jenca"},"url":"https:\/\/www.vkpbratislava.sk\/?author=3"}]}},"_links":{"self":[{"href":"https:\/\/www.vkpbratislava.sk\/index.php?rest_route=\/wp\/v2\/posts\/5417","targetHints":{"allow":["GET"]}}],"collection":[{"href":"https:\/\/www.vkpbratislava.sk\/index.php?rest_route=\/wp\/v2\/posts"}],"about":[{"href":"https:\/\/www.vkpbratislava.sk\/index.php?rest_route=\/wp\/v2\/types\/post"}],"author":[{"embeddable":true,"href":"https:\/\/www.vkpbratislava.sk\/index.php?rest_route=\/wp\/v2\/users\/3"}],"replies":[{"embeddable":true,"href":"https:\/\/www.vkpbratislava.sk\/index.php?rest_route=%2Fwp%2Fv2%2Fcomments&post=5417"}],"version-history":[{"count":1,"href":"https:\/\/www.vkpbratislava.sk\/index.php?rest_route=\/wp\/v2\/posts\/5417\/revisions"}],"predecessor-version":[{"id":5418,"href":"https:\/\/www.vkpbratislava.sk\/index.php?rest_route=\/wp\/v2\/posts\/5417\/revisions\/5418"}],"wp:featuredmedia":[{"embeddable":true,"href":"https:\/\/www.vkpbratislava.sk\/index.php?rest_route=\/wp\/v2\/media\/5121"}],"wp:attachment":[{"href":"https:\/\/www.vkpbratislava.sk\/index.php?rest_route=%2Fwp%2Fv2%2Fmedia&parent=5417"}],"wp:term":[{"taxonomy":"category","embeddable":true,"href":"https:\/\/www.vkpbratislava.sk\/index.php?rest_route=%2Fwp%2Fv2%2Fcategories&post=5417"},{"taxonomy":"post_tag","embeddable":true,"href":"https:\/\/www.vkpbratislava.sk\/index.php?rest_route=%2Fwp%2Fv2%2Ftags&post=5417"}],"curies":[{"name":"wp","href":"https:\/\/api.w.org\/{rel}","templated":true}]}}