{"id":5419,"date":"2021-07-22T16:04:19","date_gmt":"2021-07-22T14:04:19","guid":{"rendered":"https:\/\/www.vkpbratislava.sk\/?p=5419"},"modified":"2021-07-22T16:04:19","modified_gmt":"2021-07-22T14:04:19","slug":"zeny-odstartuju-extraligu-v-presove-poharovy-suboj-s-pezinkom","status":"publish","type":"post","link":"https:\/\/www.vkpbratislava.sk\/?p=5419","title":{"rendered":"\u017deny od\u0161tartuj\u00fa extraligu v\u00a0Pre\u0161ove, poh\u00e1rov\u00fd s\u00faboj s\u00a0Pezinkom"},"content":{"rendered":"<p><strong>N\u00e1\u0161 novovzniknut\u00fd t\u00edm \u017eien VKP Bratislava od\u0161tartuje svoju premi\u00e9rov\u00fa sez\u00f3nu v\u00a0extralige \u017eien na palubovke VK Pre\u0161ov, v\u00a0Slovenskom poh\u00e1ri sa zverenkyne Jaroslava Han\u010d\u00e1ka stretn\u00fa s\u00a0\u0160VK Pezinok.<\/strong><\/p>\n<p>Aj \u017erebovanie extraligy \u017eien zverila Slovensk\u00e1 volejbalov\u00e1 feder\u00e1cia do r\u00fak na\u0161ej sk\u00fasenej volejbalistky Alexandry Vajdovej. T\u00e1 pridelila k\u00a0svojmu klubu \u010d\u00edslo 8. \u00davodn\u00fd z\u00e1pas sez\u00f3ny 2021\/2022 vycestuj\u00fa \u017eeny na v\u00fdchod Slovenska do Pre\u0161ova. V\u00a0bratislavskom derby so Sl\u00e1viou sa stretneme prv\u00fdkr\u00e1t 16. okt\u00f3bra, druh\u00fd raz 11. decembra. Zauj\u00edmavos\u0165ou bude, \u017ee oba t\u00edmy bud\u00fa na dom\u00e1cej palubovke, ke\u010f\u017ee aj Sl\u00e1via bude hra\u0165 svoje stretnutia v\u00a0novej hale pri Dome \u0161portu. V\u00a01. kole Slovensk\u00e9ho poh\u00e1ra sa na\u0161e \u017eeny pobij\u00fa o\u00a0postup s\u00a0\u0160VK Pezinok. Prv\u00fd z\u00e1pas odohr\u00e1me u\u00a0s\u00faperiek 10. novembra, odvetu doma 1. decembra. \u201eSo \u017erebom sme spokojn\u00ed. Te\u0161\u00edme sa na Slovensk\u00fd poh\u00e1r, kde sa stretneme s\u00a0Pezinkom. Bude to na\u0161a prv\u00e1 sez\u00f3na pod hlavi\u010dkou VKP Bratislava. Te\u0161\u00edme sa na nov\u00fa halu, derby so Sl\u00e1viou a\u00a0ver\u00edm, \u017ee aj s\u00a0podporou bratislavsk\u00fdch fan\u00fa\u0161ikov,\u201c povedal mana\u017e\u00e9r \u017eien VKP Bratislava R\u00f3bert Hronsk\u00fd.<\/p>\n<h5><strong>\u017dreb extraligy \u017eien 2021\/2022\u00a0\u00a0<\/strong><\/h5>\n<ol>\n<li><span style=\"text-decoration: underline;\">kolo \u2013 25. 9. 2021<\/span><\/li>\n<\/ol>\n<p>Vollejov\u00fd project UKF Nitra &#8211; Projekt RD SVF<\/p>\n<p><strong>VK Pre\u0161ov &#8211; VKP Bratislava\u00a0\u00a0\u00a0<\/strong><\/p>\n<p>HIT UCM Trnava &#8211; Sl\u00e1via EU Bratislava<\/p>\n<p>VK Nov\u00e9 Mesto nad V\u00e1hom &#8211; \u0160VK Pezinok<\/p>\n<ol start=\"2\">\n<li><span style=\"text-decoration: underline;\">kolo \u2013 2. 10. 2021<\/span><\/li>\n<\/ol>\n<p>Sl\u00e1via EU Bratislava &#8211; VK Nov\u00e9 Mesto nad V\u00e1hom<\/p>\n<p><strong>VKP Bratislava &#8211; HIT UCM Trnava\u00a0\u00a0\u00a0\u00a0\u00a0\u00a0<\/strong><\/p>\n<p>Projekt RD SVF &#8211; VK Pre\u0161ov<\/p>\n<p>VK Pirane Brusno &#8211; Vollejov\u00fd project UKF Nitra<\/p>\n<ol start=\"3\">\n<li><span style=\"text-decoration: underline;\">kolo \u2013 9. 10. 2021<\/span><\/li>\n<\/ol>\n<p>VK Pre\u0161ov &#8211; VK Pirane Brusno<\/p>\n<p>HIT UCM Trnava &#8211; Projekt RD SVF<\/p>\n<p><strong>VK Nov\u00e9 Mesto nad V\u00e1hom &#8211; VKP Bratislava<\/strong><\/p>\n<p>\u0160VK Pezinok &#8211; Sl\u00e1via EU Bratislava<\/p>\n<ol start=\"4\">\n<li><span style=\"text-decoration: underline;\">kolo \u2013 13. 10. 2021<\/span><\/li>\n<\/ol>\n<p><strong>VKP Bratislava &#8211; \u0160VK Pezinok<\/strong><\/p>\n<p>Projekt RD SVF &#8211; VK Nov\u00e9 Mesto nad V\u00e1hom<\/p>\n<p>VK Pirane Brusno &#8211; HIT UCM Trnava<\/p>\n<p>Vollejov\u00fd project UKF Nitra &#8211; VK Pre\u0161ov<\/p>\n<ol start=\"5\">\n<li><span style=\"text-decoration: underline;\">kolo \u2013 16. 10. 2021<\/span><\/li>\n<\/ol>\n<p>HIT UCM Trnava &#8211; Vollejov\u00fd project UKF Nitra<\/p>\n<p>VK Nov\u00e9 Mesto nad V\u00e1hom &#8211; VK Pirane Brusno<\/p>\n<p>\u0160VK Pezinok &#8211; Projekt RD SVF<\/p>\n<p><strong>Sl\u00e1via EU Bratislava &#8211; VKP Bratislava<\/strong><\/p>\n<ol start=\"6\">\n<li><span style=\"text-decoration: underline;\">kolo \u2013 23. 10. 2021<\/span><\/li>\n<\/ol>\n<p>Projekt RD SVF &#8211; Sl\u00e1via EU Bratislava<\/p>\n<p>VK Pirane Brusno &#8211; \u0160VK Pezinok<\/p>\n<p>Vollejov\u00fd project UKF Nitra &#8211; VK Nov\u00e9 Mesto nad V\u00e1hom<\/p>\n<p>VK Pre\u0161ov &#8211; HIT UCM Trnava<\/p>\n<p><strong>VKP m\u00e1 vo\u013eno<\/strong><\/p>\n<ol start=\"7\">\n<li><span style=\"text-decoration: underline;\">kolo \u2013 30. 10. 2021<\/span><\/li>\n<\/ol>\n<p>VK Nov\u00e9 Mesto nad V\u00e1hom &#8211; VK Pre\u0161ov<\/p>\n<p>\u0160VK Pezinok &#8211; Vollejov\u00fd project UKF Nitra<\/p>\n<p>Sl\u00e1via EU Bratislava &#8211; VK Pirane Brusno<\/p>\n<p><strong>VKP Bratislava &#8211; Projekt RD SVF\u00a0\u00a0\u00a0\u00a0<\/strong><\/p>\n<ol start=\"8\">\n<li><span style=\"text-decoration: underline;\">kolo \u2013 6. 11. 2021<\/span><\/li>\n<\/ol>\n<p><strong>VK Pirane Brusno &#8211; VKP Bratislava\u00a0\u00a0\u00a0\u00a0<\/strong><\/p>\n<p>Vollejov\u00fd project UKF Nitra &#8211; Sl\u00e1via EU Bratislava<\/p>\n<p>VK Pre\u0161ov &#8211; \u0160VK Pezinok<\/p>\n<p>HIT UCM Trnava &#8211; VK Nov\u00e9 Mesto nad V\u00e1hom<\/p>\n<ol start=\"9\">\n<li><span style=\"text-decoration: underline;\">kolo \u2013 13. 11. 2021<\/span><\/li>\n<\/ol>\n<p>\u0160VK Pezinok &#8211; HIT UCM Trnava<\/p>\n<p>Sl\u00e1via EU Bratislava &#8211; VK Pre\u0161ov<\/p>\n<p><strong>VKP Bratislava &#8211; Vollejov\u00fd project UKF Nitra<\/strong><\/p>\n<p>Projekt RD SVF &#8211; VK Pirane Brusno<\/p>\n<ol start=\"10\">\n<li><span style=\"text-decoration: underline;\">kolo \u2013 17. 11. 2021<\/span><\/li>\n<\/ol>\n<p>Projekt RD SVF &#8211; Vollejov\u00fd project UKF Nitra<\/p>\n<p><strong>VKP Bratislava &#8211; VK Pre\u0161ov\u00a0\u00a0\u00a0\u00a0<\/strong><\/p>\n<p>Sl\u00e1via EU Bratislava &#8211; HIT UCM Trnava<\/p>\n<p>\u0160VK Pezinok &#8211; VK Nov\u00e9 Mesto nad V\u00e1hom<\/p>\n<ol start=\"11\">\n<li><span style=\"text-decoration: underline;\">kolo \u2013 20. 11. 2021<\/span><\/li>\n<\/ol>\n<p>VK Nov\u00e9 Mesto nad V\u00e1hom &#8211; Sl\u00e1via EU Bratislava<\/p>\n<p><strong>HIT UCM Trnava &#8211; VKP Bratislava\u00a0\u00a0\u00a0<\/strong><\/p>\n<p>VK Pre\u0161ov &#8211; Projekt RD SVF<\/p>\n<p>Vollejov\u00fd project UKF Nitra &#8211; VK Pirane Brusno<\/p>\n<ol start=\"12\">\n<li><span style=\"text-decoration: underline;\">kolo \u2013 27. 11. 2021<\/span><\/li>\n<\/ol>\n<p>VK Pirane Brusno &#8211; VK Pre\u0161ov<\/p>\n<p>Projekt RD SVF &#8211; HIT UCM Trnava<\/p>\n<p><strong>VKP Bratislava &#8211; VK Nov\u00e9 Mesto nad V\u00e1hom<\/strong><\/p>\n<p>Sl\u00e1via EU Bratislava &#8211; \u0160VK Pezinok<\/p>\n<ol start=\"13\">\n<li><span style=\"text-decoration: underline;\">kolo \u2013 4. 12. 2021<\/span><\/li>\n<\/ol>\n<p><strong>\u0160VK Pezinok &#8211; VKP Bratislava<\/strong><\/p>\n<p>VK Nov\u00e9 Mesto nad V\u00e1hom &#8211; Projekt RD SVF<\/p>\n<p>HIT UCM Trnava &#8211; VK Pirane Brusno<\/p>\n<p>VK Pre\u0161ov &#8211; Vollejov\u00fd project UKF Nitra<\/p>\n<ol start=\"14\">\n<li><span style=\"text-decoration: underline;\">kolo \u2013 11. 12. 2021<\/span><\/li>\n<\/ol>\n<p>Vollejov\u00fd project UKF Nitra &#8211; HIT UCM Trnava<\/p>\n<p>VK Pirane Brusno &#8211; VK Nov\u00e9 Mesto nad V\u00e1hom<\/p>\n<p>Projekt RD SVF &#8211; \u0160VK Pezinok<\/p>\n<p><strong>VKP Bratislava &#8211; Sl\u00e1via EU Bratislava<\/strong><\/p>\n<ol start=\"15\">\n<li><span style=\"text-decoration: underline;\">kolo \u2013 18. 12. 2021<\/span><\/li>\n<\/ol>\n<p>Sl\u00e1via EU Bratislava &#8211; Projekt RD SVF<\/p>\n<p>\u0160VK Pezinok &#8211; VK Pirane Brusno<\/p>\n<p>VK Nov\u00e9 Mesto nad V\u00e1hom &#8211; Vollejov\u00fd project UKF Nitra<\/p>\n<p>HIT UCM Trnava &#8211; VK Pre\u0161ov<\/p>\n<p><strong>VKP m\u00e1 vo\u013eno<\/strong><\/p>\n<ol start=\"16\">\n<li><span style=\"text-decoration: underline;\">kolo \u2013 22. 12. 2021<\/span><\/li>\n<\/ol>\n<p>VK Pre\u0161ov &#8211; VK Nov\u00e9 Mesto nad V\u00e1hom<\/p>\n<p>Vollejov\u00fd project UKF Nitra &#8211; \u0160VK Pezinok<\/p>\n<p>VK Pirane Brusno &#8211; Sl\u00e1via EU Bratislava<\/p>\n<p><strong>Projekt RD SVF &#8211; VKP Bratislava\u00a0\u00a0\u00a0\u00a0<\/strong><\/p>\n<ol start=\"17\">\n<li><span style=\"text-decoration: underline;\">kolo \u2013 6. 1. 2022<\/span><\/li>\n<\/ol>\n<p><strong>VKP Bratislava &#8211; VK Pirane Brusno\u00a0\u00a0<\/strong><\/p>\n<p>Sl\u00e1via EU Bratislava &#8211; Vollejov\u00fd project UKF Nitra<\/p>\n<p>\u0160VK Pezinok &#8211; VK Pre\u0161ov<\/p>\n<p>VK Nov\u00e9 Mesto nad V\u00e1hom &#8211; HIT UCM Trnava<\/p>\n<ol start=\"18\">\n<li><span style=\"text-decoration: underline;\">kolo \u2013 8. 1. 2022<\/span><\/li>\n<\/ol>\n<p>HIT UCM Trnava &#8211; \u0160VK Pezinok<\/p>\n<p>VK Pre\u0161ov &#8211; Sl\u00e1via EU Bratislava<\/p>\n<p><strong>Vollejov\u00fd project UKF Nitra &#8211; VKP Bratislava<\/strong><\/p>\n<p>VK Pirane Brusno &#8211; Projekt RD SVF<\/p>\n<div class=\"bt-video-container\"><iframe loading=\"lazy\" title=\"\u017dreb Extraligy \u017eeny + Slovensk\u00fd poh\u00e1r 2021 2022\" width=\"1200\" height=\"675\" src=\"https:\/\/www.youtube.com\/embed\/2Xqskrg2Cvo?feature=oembed\" frameborder=\"0\" allow=\"accelerometer; autoplay; clipboard-write; encrypted-media; gyroscope; picture-in-picture\" allowfullscreen><\/iframe><\/div>\n<p>&nbsp;<\/p>\n","protected":false},"excerpt":{"rendered":"<p>N\u00e1\u0161 novovzniknut\u00fd t\u00edm \u017eien VKP Bratislava od\u0161tartuje svoju premi\u00e9rov\u00fa sez\u00f3nu v\u00a0extralige \u017eien na palubovke VK Pre\u0161ov, v\u00a0Slovenskom poh\u00e1ri sa zverenkyne Jaroslava Han\u010d\u00e1ka stretn\u00fa s\u00a0\u0160VK Pezinok.<\/p>\n","protected":false},"author":3,"featured_media":5420,"comment_status":"closed","ping_status":"open","sticky":false,"template":"","format":"standard","meta":{"_monsterinsights_skip_tracking":false,"_monsterinsights_sitenote_active":false,"_monsterinsights_sitenote_note":"","_monsterinsights_sitenote_category":0,"footnotes":""},"categories":[48],"tags":[],"class_list":["post-5419","post","type-post","status-publish","format-standard","has-post-thumbnail","hentry","category-zeny"],"yoast_head":"<!-- This site is optimized with the Yoast SEO plugin v25.6 - https:\/\/yoast.com\/wordpress\/plugins\/seo\/ -->\n<title>\u017deny od\u0161tartuj\u00fa extraligu v\u00a0Pre\u0161ove, poh\u00e1rov\u00fd s\u00faboj s\u00a0Pezinkom - VK SLOVAN Bratislava<\/title>\n<meta name=\"description\" content=\"N\u00e1\u0161 novovzniknut\u00fd t\u00edm \u017eien VKP Bratislava od\u0161tartuje svoju premi\u00e9rov\u00fa sez\u00f3nu v\u00a0extralige \u017eien na palubovke VK Pre\u0161ov, v\u00a0Slovenskom poh\u00e1ri sa zverenkyne Jaroslava Han\u010d\u00e1ka stretn\u00fa s\u00a0\u0160VK Pezinok.\" \/>\n<meta name=\"robots\" content=\"index, follow, max-snippet:-1, max-image-preview:large, max-video-preview:-1\" \/>\n<link rel=\"canonical\" href=\"https:\/\/www.vkpbratislava.sk\/?p=5419\" \/>\n<meta property=\"og:locale\" content=\"sk_SK\" \/>\n<meta property=\"og:type\" content=\"article\" \/>\n<meta property=\"og:title\" content=\"\u017deny od\u0161tartuj\u00fa extraligu v\u00a0Pre\u0161ove, poh\u00e1rov\u00fd s\u00faboj s\u00a0Pezinkom - VK SLOVAN Bratislava\" \/>\n<meta property=\"og:description\" content=\"N\u00e1\u0161 novovzniknut\u00fd t\u00edm \u017eien VKP Bratislava od\u0161tartuje svoju premi\u00e9rov\u00fa sez\u00f3nu v\u00a0extralige \u017eien na palubovke VK Pre\u0161ov, v\u00a0Slovenskom poh\u00e1ri sa zverenkyne Jaroslava Han\u010d\u00e1ka stretn\u00fa s\u00a0\u0160VK Pezinok.\" \/>\n<meta property=\"og:url\" content=\"https:\/\/www.vkpbratislava.sk\/?p=5419\" \/>\n<meta property=\"og:site_name\" content=\"VK SLOVAN Bratislava\" \/>\n<meta property=\"article:published_time\" content=\"2021-07-22T14:04:19+00:00\" \/>\n<meta property=\"og:image\" content=\"https:\/\/www.vkpbratislava.sk\/wp-content\/uploads\/2021\/07\/Snimka-obrazovky-2021-07-22-o-14.56.38.jpg\" \/>\n\t<meta property=\"og:image:width\" content=\"2220\" \/>\n\t<meta property=\"og:image:height\" content=\"1216\" \/>\n\t<meta property=\"og:image:type\" content=\"image\/jpeg\" \/>\n<meta name=\"author\" content=\"jenca\" \/>\n<meta name=\"twitter:card\" content=\"summary_large_image\" \/>\n<meta name=\"twitter:label1\" content=\"Autor\" \/>\n\t<meta name=\"twitter:data1\" content=\"jenca\" \/>\n\t<meta name=\"twitter:label2\" content=\"Predpokladan\u00fd \u010das \u010d\u00edtania\" \/>\n\t<meta name=\"twitter:data2\" content=\"3 min\u00faty\" \/>\n<script type=\"application\/ld+json\" class=\"yoast-schema-graph\">{\"@context\":\"https:\/\/schema.org\",\"@graph\":[{\"@type\":\"Article\",\"@id\":\"https:\/\/www.vkpbratislava.sk\/?p=5419#article\",\"isPartOf\":{\"@id\":\"https:\/\/www.vkpbratislava.sk\/?p=5419\"},\"author\":{\"name\":\"jenca\",\"@id\":\"https:\/\/www.vkpbratislava.sk\/#\/schema\/person\/7037e769f9515aa58493d1b5852c4c50\"},\"headline\":\"\u017deny od\u0161tartuj\u00fa extraligu v\u00a0Pre\u0161ove, poh\u00e1rov\u00fd s\u00faboj s\u00a0Pezinkom\",\"datePublished\":\"2021-07-22T14:04:19+00:00\",\"mainEntityOfPage\":{\"@id\":\"https:\/\/www.vkpbratislava.sk\/?p=5419\"},\"wordCount\":807,\"publisher\":{\"@id\":\"https:\/\/www.vkpbratislava.sk\/#organization\"},\"image\":{\"@id\":\"https:\/\/www.vkpbratislava.sk\/?p=5419#primaryimage\"},\"thumbnailUrl\":\"https:\/\/www.vkpbratislava.sk\/wp-content\/uploads\/2021\/07\/Snimka-obrazovky-2021-07-22-o-14.56.38.jpg\",\"articleSection\":[\"\u017deny\"],\"inLanguage\":\"sk-SK\"},{\"@type\":\"WebPage\",\"@id\":\"https:\/\/www.vkpbratislava.sk\/?p=5419\",\"url\":\"https:\/\/www.vkpbratislava.sk\/?p=5419\",\"name\":\"\u017deny od\u0161tartuj\u00fa extraligu v\u00a0Pre\u0161ove, poh\u00e1rov\u00fd s\u00faboj s\u00a0Pezinkom - VK SLOVAN Bratislava\",\"isPartOf\":{\"@id\":\"https:\/\/www.vkpbratislava.sk\/#website\"},\"primaryImageOfPage\":{\"@id\":\"https:\/\/www.vkpbratislava.sk\/?p=5419#primaryimage\"},\"image\":{\"@id\":\"https:\/\/www.vkpbratislava.sk\/?p=5419#primaryimage\"},\"thumbnailUrl\":\"https:\/\/www.vkpbratislava.sk\/wp-content\/uploads\/2021\/07\/Snimka-obrazovky-2021-07-22-o-14.56.38.jpg\",\"datePublished\":\"2021-07-22T14:04:19+00:00\",\"description\":\"N\u00e1\u0161 novovzniknut\u00fd t\u00edm \u017eien VKP Bratislava od\u0161tartuje svoju premi\u00e9rov\u00fa sez\u00f3nu v\u00a0extralige \u017eien na palubovke VK Pre\u0161ov, v\u00a0Slovenskom poh\u00e1ri sa zverenkyne Jaroslava Han\u010d\u00e1ka stretn\u00fa s\u00a0\u0160VK Pezinok.\",\"breadcrumb\":{\"@id\":\"https:\/\/www.vkpbratislava.sk\/?p=5419#breadcrumb\"},\"inLanguage\":\"sk-SK\",\"potentialAction\":[{\"@type\":\"ReadAction\",\"target\":[\"https:\/\/www.vkpbratislava.sk\/?p=5419\"]}]},{\"@type\":\"ImageObject\",\"inLanguage\":\"sk-SK\",\"@id\":\"https:\/\/www.vkpbratislava.sk\/?p=5419#primaryimage\",\"url\":\"https:\/\/www.vkpbratislava.sk\/wp-content\/uploads\/2021\/07\/Snimka-obrazovky-2021-07-22-o-14.56.38.jpg\",\"contentUrl\":\"https:\/\/www.vkpbratislava.sk\/wp-content\/uploads\/2021\/07\/Snimka-obrazovky-2021-07-22-o-14.56.38.jpg\",\"width\":2220,\"height\":1216},{\"@type\":\"BreadcrumbList\",\"@id\":\"https:\/\/www.vkpbratislava.sk\/?p=5419#breadcrumb\",\"itemListElement\":[{\"@type\":\"ListItem\",\"position\":1,\"name\":\"Domov\",\"item\":\"https:\/\/www.vkpbratislava.sk\/\"},{\"@type\":\"ListItem\",\"position\":2,\"name\":\"\u017deny od\u0161tartuj\u00fa extraligu v\u00a0Pre\u0161ove, poh\u00e1rov\u00fd s\u00faboj s\u00a0Pezinkom\"}]},{\"@type\":\"WebSite\",\"@id\":\"https:\/\/www.vkpbratislava.sk\/#website\",\"url\":\"https:\/\/www.vkpbratislava.sk\/\",\"name\":\"VK SLOVAN Bratislava\",\"description\":\"Volejbalov\u00fd klub\",\"publisher\":{\"@id\":\"https:\/\/www.vkpbratislava.sk\/#organization\"},\"potentialAction\":[{\"@type\":\"SearchAction\",\"target\":{\"@type\":\"EntryPoint\",\"urlTemplate\":\"https:\/\/www.vkpbratislava.sk\/?s={search_term_string}\"},\"query-input\":{\"@type\":\"PropertyValueSpecification\",\"valueRequired\":true,\"valueName\":\"search_term_string\"}}],\"inLanguage\":\"sk-SK\"},{\"@type\":\"Organization\",\"@id\":\"https:\/\/www.vkpbratislava.sk\/#organization\",\"name\":\"VKP Bratislava\",\"url\":\"https:\/\/www.vkpbratislava.sk\/\",\"logo\":{\"@type\":\"ImageObject\",\"inLanguage\":\"sk-SK\",\"@id\":\"https:\/\/www.vkpbratislava.sk\/#\/schema\/logo\/image\/\",\"url\":\"https:\/\/www.vkpbratislava.sk\/wp-content\/uploads\/2020\/10\/vkpBA.png\",\"contentUrl\":\"https:\/\/www.vkpbratislava.sk\/wp-content\/uploads\/2020\/10\/vkpBA.png\",\"width\":600,\"height\":600,\"caption\":\"VKP Bratislava\"},\"image\":{\"@id\":\"https:\/\/www.vkpbratislava.sk\/#\/schema\/logo\/image\/\"}},{\"@type\":\"Person\",\"@id\":\"https:\/\/www.vkpbratislava.sk\/#\/schema\/person\/7037e769f9515aa58493d1b5852c4c50\",\"name\":\"jenca\",\"image\":{\"@type\":\"ImageObject\",\"inLanguage\":\"sk-SK\",\"@id\":\"https:\/\/www.vkpbratislava.sk\/#\/schema\/person\/image\/\",\"url\":\"https:\/\/secure.gravatar.com\/avatar\/67aa89e9aab2911bbd0c6fbf0a891ea8d80c207c9b6a6e2c96e13fc2f16e536d?s=96&d=mm&r=g\",\"contentUrl\":\"https:\/\/secure.gravatar.com\/avatar\/67aa89e9aab2911bbd0c6fbf0a891ea8d80c207c9b6a6e2c96e13fc2f16e536d?s=96&d=mm&r=g\",\"caption\":\"jenca\"},\"url\":\"https:\/\/www.vkpbratislava.sk\/?author=3\"}]}<\/script>\n<!-- \/ Yoast SEO plugin. -->","yoast_head_json":{"title":"\u017deny od\u0161tartuj\u00fa extraligu v\u00a0Pre\u0161ove, poh\u00e1rov\u00fd s\u00faboj s\u00a0Pezinkom - VK SLOVAN Bratislava","description":"N\u00e1\u0161 novovzniknut\u00fd t\u00edm \u017eien VKP Bratislava od\u0161tartuje svoju premi\u00e9rov\u00fa sez\u00f3nu v\u00a0extralige \u017eien na palubovke VK Pre\u0161ov, v\u00a0Slovenskom poh\u00e1ri sa zverenkyne Jaroslava Han\u010d\u00e1ka stretn\u00fa s\u00a0\u0160VK Pezinok.","robots":{"index":"index","follow":"follow","max-snippet":"max-snippet:-1","max-image-preview":"max-image-preview:large","max-video-preview":"max-video-preview:-1"},"canonical":"https:\/\/www.vkpbratislava.sk\/?p=5419","og_locale":"sk_SK","og_type":"article","og_title":"\u017deny od\u0161tartuj\u00fa extraligu v\u00a0Pre\u0161ove, poh\u00e1rov\u00fd s\u00faboj s\u00a0Pezinkom - VK SLOVAN Bratislava","og_description":"N\u00e1\u0161 novovzniknut\u00fd t\u00edm \u017eien VKP Bratislava od\u0161tartuje svoju premi\u00e9rov\u00fa sez\u00f3nu v\u00a0extralige \u017eien na palubovke VK Pre\u0161ov, v\u00a0Slovenskom poh\u00e1ri sa zverenkyne Jaroslava Han\u010d\u00e1ka stretn\u00fa s\u00a0\u0160VK Pezinok.","og_url":"https:\/\/www.vkpbratislava.sk\/?p=5419","og_site_name":"VK SLOVAN Bratislava","article_published_time":"2021-07-22T14:04:19+00:00","og_image":[{"width":2220,"height":1216,"url":"https:\/\/www.vkpbratislava.sk\/wp-content\/uploads\/2021\/07\/Snimka-obrazovky-2021-07-22-o-14.56.38.jpg","type":"image\/jpeg"}],"author":"jenca","twitter_card":"summary_large_image","twitter_misc":{"Autor":"jenca","Predpokladan\u00fd \u010das \u010d\u00edtania":"3 min\u00faty"},"schema":{"@context":"https:\/\/schema.org","@graph":[{"@type":"Article","@id":"https:\/\/www.vkpbratislava.sk\/?p=5419#article","isPartOf":{"@id":"https:\/\/www.vkpbratislava.sk\/?p=5419"},"author":{"name":"jenca","@id":"https:\/\/www.vkpbratislava.sk\/#\/schema\/person\/7037e769f9515aa58493d1b5852c4c50"},"headline":"\u017deny od\u0161tartuj\u00fa extraligu v\u00a0Pre\u0161ove, poh\u00e1rov\u00fd s\u00faboj s\u00a0Pezinkom","datePublished":"2021-07-22T14:04:19+00:00","mainEntityOfPage":{"@id":"https:\/\/www.vkpbratislava.sk\/?p=5419"},"wordCount":807,"publisher":{"@id":"https:\/\/www.vkpbratislava.sk\/#organization"},"image":{"@id":"https:\/\/www.vkpbratislava.sk\/?p=5419#primaryimage"},"thumbnailUrl":"https:\/\/www.vkpbratislava.sk\/wp-content\/uploads\/2021\/07\/Snimka-obrazovky-2021-07-22-o-14.56.38.jpg","articleSection":["\u017deny"],"inLanguage":"sk-SK"},{"@type":"WebPage","@id":"https:\/\/www.vkpbratislava.sk\/?p=5419","url":"https:\/\/www.vkpbratislava.sk\/?p=5419","name":"\u017deny od\u0161tartuj\u00fa extraligu v\u00a0Pre\u0161ove, poh\u00e1rov\u00fd s\u00faboj s\u00a0Pezinkom - VK SLOVAN Bratislava","isPartOf":{"@id":"https:\/\/www.vkpbratislava.sk\/#website"},"primaryImageOfPage":{"@id":"https:\/\/www.vkpbratislava.sk\/?p=5419#primaryimage"},"image":{"@id":"https:\/\/www.vkpbratislava.sk\/?p=5419#primaryimage"},"thumbnailUrl":"https:\/\/www.vkpbratislava.sk\/wp-content\/uploads\/2021\/07\/Snimka-obrazovky-2021-07-22-o-14.56.38.jpg","datePublished":"2021-07-22T14:04:19+00:00","description":"N\u00e1\u0161 novovzniknut\u00fd t\u00edm \u017eien VKP Bratislava od\u0161tartuje svoju premi\u00e9rov\u00fa sez\u00f3nu v\u00a0extralige \u017eien na palubovke VK Pre\u0161ov, v\u00a0Slovenskom poh\u00e1ri sa zverenkyne Jaroslava Han\u010d\u00e1ka stretn\u00fa s\u00a0\u0160VK Pezinok.","breadcrumb":{"@id":"https:\/\/www.vkpbratislava.sk\/?p=5419#breadcrumb"},"inLanguage":"sk-SK","potentialAction":[{"@type":"ReadAction","target":["https:\/\/www.vkpbratislava.sk\/?p=5419"]}]},{"@type":"ImageObject","inLanguage":"sk-SK","@id":"https:\/\/www.vkpbratislava.sk\/?p=5419#primaryimage","url":"https:\/\/www.vkpbratislava.sk\/wp-content\/uploads\/2021\/07\/Snimka-obrazovky-2021-07-22-o-14.56.38.jpg","contentUrl":"https:\/\/www.vkpbratislava.sk\/wp-content\/uploads\/2021\/07\/Snimka-obrazovky-2021-07-22-o-14.56.38.jpg","width":2220,"height":1216},{"@type":"BreadcrumbList","@id":"https:\/\/www.vkpbratislava.sk\/?p=5419#breadcrumb","itemListElement":[{"@type":"ListItem","position":1,"name":"Domov","item":"https:\/\/www.vkpbratislava.sk\/"},{"@type":"ListItem","position":2,"name":"\u017deny od\u0161tartuj\u00fa extraligu v\u00a0Pre\u0161ove, poh\u00e1rov\u00fd s\u00faboj s\u00a0Pezinkom"}]},{"@type":"WebSite","@id":"https:\/\/www.vkpbratislava.sk\/#website","url":"https:\/\/www.vkpbratislava.sk\/","name":"VK SLOVAN Bratislava","description":"Volejbalov\u00fd klub","publisher":{"@id":"https:\/\/www.vkpbratislava.sk\/#organization"},"potentialAction":[{"@type":"SearchAction","target":{"@type":"EntryPoint","urlTemplate":"https:\/\/www.vkpbratislava.sk\/?s={search_term_string}"},"query-input":{"@type":"PropertyValueSpecification","valueRequired":true,"valueName":"search_term_string"}}],"inLanguage":"sk-SK"},{"@type":"Organization","@id":"https:\/\/www.vkpbratislava.sk\/#organization","name":"VKP Bratislava","url":"https:\/\/www.vkpbratislava.sk\/","logo":{"@type":"ImageObject","inLanguage":"sk-SK","@id":"https:\/\/www.vkpbratislava.sk\/#\/schema\/logo\/image\/","url":"https:\/\/www.vkpbratislava.sk\/wp-content\/uploads\/2020\/10\/vkpBA.png","contentUrl":"https:\/\/www.vkpbratislava.sk\/wp-content\/uploads\/2020\/10\/vkpBA.png","width":600,"height":600,"caption":"VKP Bratislava"},"image":{"@id":"https:\/\/www.vkpbratislava.sk\/#\/schema\/logo\/image\/"}},{"@type":"Person","@id":"https:\/\/www.vkpbratislava.sk\/#\/schema\/person\/7037e769f9515aa58493d1b5852c4c50","name":"jenca","image":{"@type":"ImageObject","inLanguage":"sk-SK","@id":"https:\/\/www.vkpbratislava.sk\/#\/schema\/person\/image\/","url":"https:\/\/secure.gravatar.com\/avatar\/67aa89e9aab2911bbd0c6fbf0a891ea8d80c207c9b6a6e2c96e13fc2f16e536d?s=96&d=mm&r=g","contentUrl":"https:\/\/secure.gravatar.com\/avatar\/67aa89e9aab2911bbd0c6fbf0a891ea8d80c207c9b6a6e2c96e13fc2f16e536d?s=96&d=mm&r=g","caption":"jenca"},"url":"https:\/\/www.vkpbratislava.sk\/?author=3"}]}},"_links":{"self":[{"href":"https:\/\/www.vkpbratislava.sk\/index.php?rest_route=\/wp\/v2\/posts\/5419","targetHints":{"allow":["GET"]}}],"collection":[{"href":"https:\/\/www.vkpbratislava.sk\/index.php?rest_route=\/wp\/v2\/posts"}],"about":[{"href":"https:\/\/www.vkpbratislava.sk\/index.php?rest_route=\/wp\/v2\/types\/post"}],"author":[{"embeddable":true,"href":"https:\/\/www.vkpbratislava.sk\/index.php?rest_route=\/wp\/v2\/users\/3"}],"replies":[{"embeddable":true,"href":"https:\/\/www.vkpbratislava.sk\/index.php?rest_route=%2Fwp%2Fv2%2Fcomments&post=5419"}],"version-history":[{"count":1,"href":"https:\/\/www.vkpbratislava.sk\/index.php?rest_route=\/wp\/v2\/posts\/5419\/revisions"}],"predecessor-version":[{"id":5421,"href":"https:\/\/www.vkpbratislava.sk\/index.php?rest_route=\/wp\/v2\/posts\/5419\/revisions\/5421"}],"wp:featuredmedia":[{"embeddable":true,"href":"https:\/\/www.vkpbratislava.sk\/index.php?rest_route=\/wp\/v2\/media\/5420"}],"wp:attachment":[{"href":"https:\/\/www.vkpbratislava.sk\/index.php?rest_route=%2Fwp%2Fv2%2Fmedia&parent=5419"}],"wp:term":[{"taxonomy":"category","embeddable":true,"href":"https:\/\/www.vkpbratislava.sk\/index.php?rest_route=%2Fwp%2Fv2%2Fcategories&post=5419"},{"taxonomy":"post_tag","embeddable":true,"href":"https:\/\/www.vkpbratislava.sk\/index.php?rest_route=%2Fwp%2Fv2%2Ftags&post=5419"}],"curies":[{"name":"wp","href":"https:\/\/api.w.org\/{rel}","templated":true}]}}