{"id":5436,"date":"2021-08-04T12:51:09","date_gmt":"2021-08-04T10:51:09","guid":{"rendered":"https:\/\/www.vkpbratislava.sk\/?p=5436"},"modified":"2021-08-04T12:59:03","modified_gmt":"2021-08-04T10:59:03","slug":"novymi-posilami-kurej-a-tarabus-konci-nemec","status":"publish","type":"post","link":"https:\/\/www.vkpbratislava.sk\/?p=5436","title":{"rendered":"Nov\u00fdmi posilami Kurej a\u00a0Tarabus, kon\u010d\u00ed Nemec"},"content":{"rendered":"<p><strong>K\u00e1der mu\u017esk\u00e9ho t\u00edmu VKP Bratislava sa postupne kry\u0161talizuje. V\u00a0novej sez\u00f3ne si n\u00e1\u0161 dres oble\u010d\u00fa aj libero Pavol Kurej, naposledy p\u00f4sobiaci v Ko\u0161iciach a\u00a0blok\u00e1r J\u00e1n Tarabus, ktor\u00fd z\u00edskal majstrovsk\u00fd titul s\u00a0Kom\u00e1rnom.<\/strong><\/p>\n<p>Obaja sa dohodli na zmluve s\u00a0veden\u00edm klubu a s t\u00edmom u\u017e za\u010dali aj pr\u00edpravu na nov\u00fa sez\u00f3nu. \u201eS\u00fa to hr\u00e1\u010di do z\u00e1kladnej zostavy. Zhodou okolnost\u00ed obaja odchovan\u00ed v\u00a0Tren\u010d\u00edne. Kurej po absolvovan\u00ed strednej \u0161koly prest\u00fapil do Ko\u0161\u00edc. Je to libero, ktor\u00e9 m\u00e1 za sebou dva roky v\u00a0extralige a bol u\u017e v\u00a0h\u013ead\u00e1\u010diku reprezenta\u010dn\u00fdch tr\u00e9nerov. Ver\u00edme, \u017ee nahrad\u00ed \u013dubo\u0161a Nemca. Tarabus je sk\u00fasen\u00fd blok\u00e1r, ktor\u00fd mal kr\u00e1tku volejbalov\u00fa prest\u00e1vku zavinen\u00fa zranen\u00edm, ale po\u010d\u00edtame, \u017ee bud\u00fa obaja posilami. Te\u0161\u00edme sa na vz\u00e1jomn\u00fa spolupr\u00e1cu,\u201c uviedol \u0161portov\u00fd riadite\u013e VKP Bratislava Peter Kaln\u00fd.<\/p>\n<p>Dvadsa\u0165jedenro\u010dn\u00fd Kurej poch\u00e1dza z\u00a0Humenn\u00e9ho. Volejbalovo p\u00f4sobil aj v\u00a0COP Tren\u010d\u00edn a\u00a0naposledy vo VK KDS \u0161port Ko\u0161ice, s\u00a0ktor\u00fdm vyradil VKP vo \u0161tvr\u0165fin\u00e1le minuloro\u010dn\u00e9ho play-off. \u201eZatia\u013e sa c\u00edtim v\u00fdborne. M\u00e1me za sebou u\u017e nieko\u013eko tr\u00e9ningov\u00fdch jednotiek. Chalani s\u00fa super, kolekt\u00edv vynikaj\u00faci. Ur\u010dite chcem hra\u0165 s\u00a0VKP o\u00a0tie najvy\u0161\u0161ie prie\u010dky. Najviac ma oslovilo to, \u017ee okrem extraligy sa bude hra\u0165 aj Challenge Cup a\u00a0MEVZA, ke\u010f\u017ee e\u0161te nem\u00e1m sk\u00fasenosti s\u00a0tak\u00fdmito z\u00e1pasmi. To ma ve\u013emi motivuje,\u201c uviedol Pavol Kurej.<\/p>\n<p>Tarabus je v\u00a025 rokoch s\u00a0v\u00fd\u0161kou 202 cm st\u00e1le talentovan\u00fdm blok\u00e1rom. V\u00a0drese Kom\u00e1rna p\u00f4sobil aj po boku kapit\u00e1na VKP Juraja Za\u0165ka a\u00a0minul\u00fd rok s\u00a0ju\u017eanmi oslavoval titul v\u00a0extralige. \u201eOslovili ma vysok\u00e9 amb\u00edcie klubu a\u00a0v\u00edzie, ktor\u00e9 mi vedenie predostrelo. Potom to u\u017e \u0161lo v\u0161etko pomerne r\u00fdchlo. Z\u00a0k\u00e1dra pozn\u00e1m viacer\u00fdch chalanov. S\u00a0Jurom Za\u0165kom sme hrali jeden rok spolu v\u00a0Kom\u00e1rne, s\u00a0ostatn\u00fdmi sme sa stret\u00e1vali ako s\u00faperi. Zatia\u013e prevl\u00e1da spokojnos\u0165 aj s\u00a0pr\u00edstupom vedenia a\u00a0ver\u00edm, \u017ee to bude takto pokra\u010dova\u0165. Te\u0161\u00edm sa na \u00faspe\u0161n\u00fa sez\u00f3nu,\u201c povedal Tarabus.<\/p>\n<h5>\u010eakujeme, \u013dubo!<\/h5>\n<p>Po vypr\u0161an\u00ed zmluvy u\u017e v\u00a0drese VKP nebude pokra\u010dova\u0165 libero \u013dubo\u0161 Nemec. \u201e\u013dubo\u0161ovi \u010fakujeme za odveden\u00e9 v\u00fdkony v\u00a0minulej sez\u00f3ne. \u017del\u00e1me mu v\u0161etko dobr\u00e9, nielen v\u00a0hale, ale aj na piesku, kde bojuje o\u00a0majstra Slovenska a\u00a0tie\u017e mu prajeme ve\u013ea \u0161\u0165astia so slovenskou reprezent\u00e1ciou na majstrovstv\u00e1ch Eur\u00f3py,\u201c povedal gener\u00e1lny mana\u017e\u00e9r VKP Tom\u00e1\u0161 Jen\u010da.<\/p>\n<p><img loading=\"lazy\" decoding=\"async\" class=\"alignnone size-medium wp-image-5441\" src=\"https:\/\/www.vkpbratislava.sk\/wp-content\/uploads\/2021\/08\/nemec-dakkovacka-640x640.jpg\" alt=\"\" width=\"640\" height=\"640\" srcset=\"https:\/\/www.vkpbratislava.sk\/wp-content\/uploads\/2021\/08\/nemec-dakkovacka-640x640.jpg 640w, https:\/\/www.vkpbratislava.sk\/wp-content\/uploads\/2021\/08\/nemec-dakkovacka-160x160.jpg 160w, https:\/\/www.vkpbratislava.sk\/wp-content\/uploads\/2021\/08\/nemec-dakkovacka-768x768.jpg 768w, https:\/\/www.vkpbratislava.sk\/wp-content\/uploads\/2021\/08\/nemec-dakkovacka-320x320.jpg 320w, https:\/\/www.vkpbratislava.sk\/wp-content\/uploads\/2021\/08\/nemec-dakkovacka-600x600.jpg 600w, https:\/\/www.vkpbratislava.sk\/wp-content\/uploads\/2021\/08\/nemec-dakkovacka-100x100.jpg 100w, https:\/\/www.vkpbratislava.sk\/wp-content\/uploads\/2021\/08\/nemec-dakkovacka.jpg 800w\" sizes=\"auto, (max-width: 640px) 100vw, 640px\" \/><\/p>\n<p>mb, foto: VKP<\/p>\n","protected":false},"excerpt":{"rendered":"<p>K\u00e1der mu\u017esk\u00e9ho t\u00edmu VKP Bratislava sa postupne kry\u0161talizuje. V\u00a0novej sez\u00f3ne si n\u00e1\u0161 dres oble\u010d\u00fa aj libero Pavol Kurej, ktor\u00fd naposledy p\u00f4sobil v Ko\u0161iciach a\u00a0blok\u00e1r J\u00e1n Tarabus, ktor\u00fd z\u00edskal majstrovsk\u00fd titul s\u00a0Kom\u00e1rnom.<\/p>\n","protected":false},"author":3,"featured_media":5443,"comment_status":"closed","ping_status":"open","sticky":false,"template":"","format":"standard","meta":{"_monsterinsights_skip_tracking":false,"_monsterinsights_sitenote_active":false,"_monsterinsights_sitenote_note":"","_monsterinsights_sitenote_category":0,"footnotes":""},"categories":[47],"tags":[],"class_list":["post-5436","post","type-post","status-publish","format-standard","has-post-thumbnail","hentry","category-muzi"],"yoast_head":"<!-- This site is optimized with the Yoast SEO plugin v25.6 - https:\/\/yoast.com\/wordpress\/plugins\/seo\/ -->\n<title>Nov\u00fdmi posilami Kurej a\u00a0Tarabus, kon\u010d\u00ed Nemec - VK SLOVAN Bratislava<\/title>\n<meta name=\"description\" content=\"K\u00e1der mu\u017esk\u00e9ho t\u00edmu VKP Bratislava sa postupne kry\u0161talizuje. V\u00a0novej sez\u00f3ne si n\u00e1\u0161 dres oble\u010d\u00fa aj libero Pavol Kurej, ktor\u00fd naposledy p\u00f4sobil v Ko\u0161iciach a\u00a0blok\u00e1r J\u00e1n Tarabus, ktor\u00fd z\u00edskal majstrovsk\u00fd titul s\u00a0Kom\u00e1rnom.\" \/>\n<meta name=\"robots\" content=\"index, follow, max-snippet:-1, max-image-preview:large, max-video-preview:-1\" \/>\n<link rel=\"canonical\" href=\"https:\/\/www.vkpbratislava.sk\/?p=5436\" \/>\n<meta property=\"og:locale\" content=\"sk_SK\" \/>\n<meta property=\"og:type\" content=\"article\" \/>\n<meta property=\"og:title\" content=\"Nov\u00fdmi posilami Kurej a\u00a0Tarabus, kon\u010d\u00ed Nemec - VK SLOVAN Bratislava\" \/>\n<meta property=\"og:description\" content=\"K\u00e1der mu\u017esk\u00e9ho t\u00edmu VKP Bratislava sa postupne kry\u0161talizuje. V\u00a0novej sez\u00f3ne si n\u00e1\u0161 dres oble\u010d\u00fa aj libero Pavol Kurej, ktor\u00fd naposledy p\u00f4sobil v Ko\u0161iciach a\u00a0blok\u00e1r J\u00e1n Tarabus, ktor\u00fd z\u00edskal majstrovsk\u00fd titul s\u00a0Kom\u00e1rnom.\" \/>\n<meta property=\"og:url\" content=\"https:\/\/www.vkpbratislava.sk\/?p=5436\" \/>\n<meta property=\"og:site_name\" content=\"VK SLOVAN Bratislava\" \/>\n<meta property=\"article:published_time\" content=\"2021-08-04T10:51:09+00:00\" \/>\n<meta property=\"article:modified_time\" content=\"2021-08-04T10:59:03+00:00\" \/>\n<meta property=\"og:image\" content=\"https:\/\/www.vkpbratislava.sk\/wp-content\/uploads\/2021\/08\/IMG_7034-scaled.jpg\" \/>\n\t<meta property=\"og:image:width\" content=\"2560\" \/>\n\t<meta property=\"og:image:height\" content=\"1468\" \/>\n\t<meta property=\"og:image:type\" content=\"image\/jpeg\" \/>\n<meta name=\"author\" content=\"jenca\" \/>\n<meta name=\"twitter:card\" content=\"summary_large_image\" \/>\n<meta name=\"twitter:label1\" content=\"Autor\" \/>\n\t<meta name=\"twitter:data1\" content=\"jenca\" \/>\n\t<meta name=\"twitter:label2\" content=\"Predpokladan\u00fd \u010das \u010d\u00edtania\" \/>\n\t<meta name=\"twitter:data2\" content=\"2 min\u00faty\" \/>\n<script type=\"application\/ld+json\" class=\"yoast-schema-graph\">{\"@context\":\"https:\/\/schema.org\",\"@graph\":[{\"@type\":\"Article\",\"@id\":\"https:\/\/www.vkpbratislava.sk\/?p=5436#article\",\"isPartOf\":{\"@id\":\"https:\/\/www.vkpbratislava.sk\/?p=5436\"},\"author\":{\"name\":\"jenca\",\"@id\":\"https:\/\/www.vkpbratislava.sk\/#\/schema\/person\/7037e769f9515aa58493d1b5852c4c50\"},\"headline\":\"Nov\u00fdmi posilami Kurej a\u00a0Tarabus, kon\u010d\u00ed Nemec\",\"datePublished\":\"2021-08-04T10:51:09+00:00\",\"dateModified\":\"2021-08-04T10:59:03+00:00\",\"mainEntityOfPage\":{\"@id\":\"https:\/\/www.vkpbratislava.sk\/?p=5436\"},\"wordCount\":471,\"publisher\":{\"@id\":\"https:\/\/www.vkpbratislava.sk\/#organization\"},\"image\":{\"@id\":\"https:\/\/www.vkpbratislava.sk\/?p=5436#primaryimage\"},\"thumbnailUrl\":\"https:\/\/www.vkpbratislava.sk\/wp-content\/uploads\/2021\/08\/IMG_7034-scaled.jpg\",\"articleSection\":[\"Mu\u017ei\"],\"inLanguage\":\"sk-SK\"},{\"@type\":\"WebPage\",\"@id\":\"https:\/\/www.vkpbratislava.sk\/?p=5436\",\"url\":\"https:\/\/www.vkpbratislava.sk\/?p=5436\",\"name\":\"Nov\u00fdmi posilami Kurej a\u00a0Tarabus, kon\u010d\u00ed Nemec - VK SLOVAN Bratislava\",\"isPartOf\":{\"@id\":\"https:\/\/www.vkpbratislava.sk\/#website\"},\"primaryImageOfPage\":{\"@id\":\"https:\/\/www.vkpbratislava.sk\/?p=5436#primaryimage\"},\"image\":{\"@id\":\"https:\/\/www.vkpbratislava.sk\/?p=5436#primaryimage\"},\"thumbnailUrl\":\"https:\/\/www.vkpbratislava.sk\/wp-content\/uploads\/2021\/08\/IMG_7034-scaled.jpg\",\"datePublished\":\"2021-08-04T10:51:09+00:00\",\"dateModified\":\"2021-08-04T10:59:03+00:00\",\"description\":\"K\u00e1der mu\u017esk\u00e9ho t\u00edmu VKP Bratislava sa postupne kry\u0161talizuje. V\u00a0novej sez\u00f3ne si n\u00e1\u0161 dres oble\u010d\u00fa aj libero Pavol Kurej, ktor\u00fd naposledy p\u00f4sobil v Ko\u0161iciach a\u00a0blok\u00e1r J\u00e1n Tarabus, ktor\u00fd z\u00edskal majstrovsk\u00fd titul s\u00a0Kom\u00e1rnom.\",\"breadcrumb\":{\"@id\":\"https:\/\/www.vkpbratislava.sk\/?p=5436#breadcrumb\"},\"inLanguage\":\"sk-SK\",\"potentialAction\":[{\"@type\":\"ReadAction\",\"target\":[\"https:\/\/www.vkpbratislava.sk\/?p=5436\"]}]},{\"@type\":\"ImageObject\",\"inLanguage\":\"sk-SK\",\"@id\":\"https:\/\/www.vkpbratislava.sk\/?p=5436#primaryimage\",\"url\":\"https:\/\/www.vkpbratislava.sk\/wp-content\/uploads\/2021\/08\/IMG_7034-scaled.jpg\",\"contentUrl\":\"https:\/\/www.vkpbratislava.sk\/wp-content\/uploads\/2021\/08\/IMG_7034-scaled.jpg\",\"width\":2560,\"height\":1468},{\"@type\":\"BreadcrumbList\",\"@id\":\"https:\/\/www.vkpbratislava.sk\/?p=5436#breadcrumb\",\"itemListElement\":[{\"@type\":\"ListItem\",\"position\":1,\"name\":\"Domov\",\"item\":\"https:\/\/www.vkpbratislava.sk\/\"},{\"@type\":\"ListItem\",\"position\":2,\"name\":\"Nov\u00fdmi posilami Kurej a\u00a0Tarabus, kon\u010d\u00ed Nemec\"}]},{\"@type\":\"WebSite\",\"@id\":\"https:\/\/www.vkpbratislava.sk\/#website\",\"url\":\"https:\/\/www.vkpbratislava.sk\/\",\"name\":\"VK SLOVAN Bratislava\",\"description\":\"Volejbalov\u00fd klub\",\"publisher\":{\"@id\":\"https:\/\/www.vkpbratislava.sk\/#organization\"},\"potentialAction\":[{\"@type\":\"SearchAction\",\"target\":{\"@type\":\"EntryPoint\",\"urlTemplate\":\"https:\/\/www.vkpbratislava.sk\/?s={search_term_string}\"},\"query-input\":{\"@type\":\"PropertyValueSpecification\",\"valueRequired\":true,\"valueName\":\"search_term_string\"}}],\"inLanguage\":\"sk-SK\"},{\"@type\":\"Organization\",\"@id\":\"https:\/\/www.vkpbratislava.sk\/#organization\",\"name\":\"VKP Bratislava\",\"url\":\"https:\/\/www.vkpbratislava.sk\/\",\"logo\":{\"@type\":\"ImageObject\",\"inLanguage\":\"sk-SK\",\"@id\":\"https:\/\/www.vkpbratislava.sk\/#\/schema\/logo\/image\/\",\"url\":\"https:\/\/www.vkpbratislava.sk\/wp-content\/uploads\/2020\/10\/vkpBA.png\",\"contentUrl\":\"https:\/\/www.vkpbratislava.sk\/wp-content\/uploads\/2020\/10\/vkpBA.png\",\"width\":600,\"height\":600,\"caption\":\"VKP Bratislava\"},\"image\":{\"@id\":\"https:\/\/www.vkpbratislava.sk\/#\/schema\/logo\/image\/\"}},{\"@type\":\"Person\",\"@id\":\"https:\/\/www.vkpbratislava.sk\/#\/schema\/person\/7037e769f9515aa58493d1b5852c4c50\",\"name\":\"jenca\",\"image\":{\"@type\":\"ImageObject\",\"inLanguage\":\"sk-SK\",\"@id\":\"https:\/\/www.vkpbratislava.sk\/#\/schema\/person\/image\/\",\"url\":\"https:\/\/secure.gravatar.com\/avatar\/67aa89e9aab2911bbd0c6fbf0a891ea8d80c207c9b6a6e2c96e13fc2f16e536d?s=96&d=mm&r=g\",\"contentUrl\":\"https:\/\/secure.gravatar.com\/avatar\/67aa89e9aab2911bbd0c6fbf0a891ea8d80c207c9b6a6e2c96e13fc2f16e536d?s=96&d=mm&r=g\",\"caption\":\"jenca\"},\"url\":\"https:\/\/www.vkpbratislava.sk\/?author=3\"}]}<\/script>\n<!-- \/ Yoast SEO plugin. -->","yoast_head_json":{"title":"Nov\u00fdmi posilami Kurej a\u00a0Tarabus, kon\u010d\u00ed Nemec - VK SLOVAN Bratislava","description":"K\u00e1der mu\u017esk\u00e9ho t\u00edmu VKP Bratislava sa postupne kry\u0161talizuje. V\u00a0novej sez\u00f3ne si n\u00e1\u0161 dres oble\u010d\u00fa aj libero Pavol Kurej, ktor\u00fd naposledy p\u00f4sobil v Ko\u0161iciach a\u00a0blok\u00e1r J\u00e1n Tarabus, ktor\u00fd z\u00edskal majstrovsk\u00fd titul s\u00a0Kom\u00e1rnom.","robots":{"index":"index","follow":"follow","max-snippet":"max-snippet:-1","max-image-preview":"max-image-preview:large","max-video-preview":"max-video-preview:-1"},"canonical":"https:\/\/www.vkpbratislava.sk\/?p=5436","og_locale":"sk_SK","og_type":"article","og_title":"Nov\u00fdmi posilami Kurej a\u00a0Tarabus, kon\u010d\u00ed Nemec - VK SLOVAN Bratislava","og_description":"K\u00e1der mu\u017esk\u00e9ho t\u00edmu VKP Bratislava sa postupne kry\u0161talizuje. V\u00a0novej sez\u00f3ne si n\u00e1\u0161 dres oble\u010d\u00fa aj libero Pavol Kurej, ktor\u00fd naposledy p\u00f4sobil v Ko\u0161iciach a\u00a0blok\u00e1r J\u00e1n Tarabus, ktor\u00fd z\u00edskal majstrovsk\u00fd titul s\u00a0Kom\u00e1rnom.","og_url":"https:\/\/www.vkpbratislava.sk\/?p=5436","og_site_name":"VK SLOVAN Bratislava","article_published_time":"2021-08-04T10:51:09+00:00","article_modified_time":"2021-08-04T10:59:03+00:00","og_image":[{"width":2560,"height":1468,"url":"https:\/\/www.vkpbratislava.sk\/wp-content\/uploads\/2021\/08\/IMG_7034-scaled.jpg","type":"image\/jpeg"}],"author":"jenca","twitter_card":"summary_large_image","twitter_misc":{"Autor":"jenca","Predpokladan\u00fd \u010das \u010d\u00edtania":"2 min\u00faty"},"schema":{"@context":"https:\/\/schema.org","@graph":[{"@type":"Article","@id":"https:\/\/www.vkpbratislava.sk\/?p=5436#article","isPartOf":{"@id":"https:\/\/www.vkpbratislava.sk\/?p=5436"},"author":{"name":"jenca","@id":"https:\/\/www.vkpbratislava.sk\/#\/schema\/person\/7037e769f9515aa58493d1b5852c4c50"},"headline":"Nov\u00fdmi posilami Kurej a\u00a0Tarabus, kon\u010d\u00ed Nemec","datePublished":"2021-08-04T10:51:09+00:00","dateModified":"2021-08-04T10:59:03+00:00","mainEntityOfPage":{"@id":"https:\/\/www.vkpbratislava.sk\/?p=5436"},"wordCount":471,"publisher":{"@id":"https:\/\/www.vkpbratislava.sk\/#organization"},"image":{"@id":"https:\/\/www.vkpbratislava.sk\/?p=5436#primaryimage"},"thumbnailUrl":"https:\/\/www.vkpbratislava.sk\/wp-content\/uploads\/2021\/08\/IMG_7034-scaled.jpg","articleSection":["Mu\u017ei"],"inLanguage":"sk-SK"},{"@type":"WebPage","@id":"https:\/\/www.vkpbratislava.sk\/?p=5436","url":"https:\/\/www.vkpbratislava.sk\/?p=5436","name":"Nov\u00fdmi posilami Kurej a\u00a0Tarabus, kon\u010d\u00ed Nemec - VK SLOVAN Bratislava","isPartOf":{"@id":"https:\/\/www.vkpbratislava.sk\/#website"},"primaryImageOfPage":{"@id":"https:\/\/www.vkpbratislava.sk\/?p=5436#primaryimage"},"image":{"@id":"https:\/\/www.vkpbratislava.sk\/?p=5436#primaryimage"},"thumbnailUrl":"https:\/\/www.vkpbratislava.sk\/wp-content\/uploads\/2021\/08\/IMG_7034-scaled.jpg","datePublished":"2021-08-04T10:51:09+00:00","dateModified":"2021-08-04T10:59:03+00:00","description":"K\u00e1der mu\u017esk\u00e9ho t\u00edmu VKP Bratislava sa postupne kry\u0161talizuje. V\u00a0novej sez\u00f3ne si n\u00e1\u0161 dres oble\u010d\u00fa aj libero Pavol Kurej, ktor\u00fd naposledy p\u00f4sobil v Ko\u0161iciach a\u00a0blok\u00e1r J\u00e1n Tarabus, ktor\u00fd z\u00edskal majstrovsk\u00fd titul s\u00a0Kom\u00e1rnom.","breadcrumb":{"@id":"https:\/\/www.vkpbratislava.sk\/?p=5436#breadcrumb"},"inLanguage":"sk-SK","potentialAction":[{"@type":"ReadAction","target":["https:\/\/www.vkpbratislava.sk\/?p=5436"]}]},{"@type":"ImageObject","inLanguage":"sk-SK","@id":"https:\/\/www.vkpbratislava.sk\/?p=5436#primaryimage","url":"https:\/\/www.vkpbratislava.sk\/wp-content\/uploads\/2021\/08\/IMG_7034-scaled.jpg","contentUrl":"https:\/\/www.vkpbratislava.sk\/wp-content\/uploads\/2021\/08\/IMG_7034-scaled.jpg","width":2560,"height":1468},{"@type":"BreadcrumbList","@id":"https:\/\/www.vkpbratislava.sk\/?p=5436#breadcrumb","itemListElement":[{"@type":"ListItem","position":1,"name":"Domov","item":"https:\/\/www.vkpbratislava.sk\/"},{"@type":"ListItem","position":2,"name":"Nov\u00fdmi posilami Kurej a\u00a0Tarabus, kon\u010d\u00ed Nemec"}]},{"@type":"WebSite","@id":"https:\/\/www.vkpbratislava.sk\/#website","url":"https:\/\/www.vkpbratislava.sk\/","name":"VK SLOVAN Bratislava","description":"Volejbalov\u00fd klub","publisher":{"@id":"https:\/\/www.vkpbratislava.sk\/#organization"},"potentialAction":[{"@type":"SearchAction","target":{"@type":"EntryPoint","urlTemplate":"https:\/\/www.vkpbratislava.sk\/?s={search_term_string}"},"query-input":{"@type":"PropertyValueSpecification","valueRequired":true,"valueName":"search_term_string"}}],"inLanguage":"sk-SK"},{"@type":"Organization","@id":"https:\/\/www.vkpbratislava.sk\/#organization","name":"VKP Bratislava","url":"https:\/\/www.vkpbratislava.sk\/","logo":{"@type":"ImageObject","inLanguage":"sk-SK","@id":"https:\/\/www.vkpbratislava.sk\/#\/schema\/logo\/image\/","url":"https:\/\/www.vkpbratislava.sk\/wp-content\/uploads\/2020\/10\/vkpBA.png","contentUrl":"https:\/\/www.vkpbratislava.sk\/wp-content\/uploads\/2020\/10\/vkpBA.png","width":600,"height":600,"caption":"VKP Bratislava"},"image":{"@id":"https:\/\/www.vkpbratislava.sk\/#\/schema\/logo\/image\/"}},{"@type":"Person","@id":"https:\/\/www.vkpbratislava.sk\/#\/schema\/person\/7037e769f9515aa58493d1b5852c4c50","name":"jenca","image":{"@type":"ImageObject","inLanguage":"sk-SK","@id":"https:\/\/www.vkpbratislava.sk\/#\/schema\/person\/image\/","url":"https:\/\/secure.gravatar.com\/avatar\/67aa89e9aab2911bbd0c6fbf0a891ea8d80c207c9b6a6e2c96e13fc2f16e536d?s=96&d=mm&r=g","contentUrl":"https:\/\/secure.gravatar.com\/avatar\/67aa89e9aab2911bbd0c6fbf0a891ea8d80c207c9b6a6e2c96e13fc2f16e536d?s=96&d=mm&r=g","caption":"jenca"},"url":"https:\/\/www.vkpbratislava.sk\/?author=3"}]}},"_links":{"self":[{"href":"https:\/\/www.vkpbratislava.sk\/index.php?rest_route=\/wp\/v2\/posts\/5436","targetHints":{"allow":["GET"]}}],"collection":[{"href":"https:\/\/www.vkpbratislava.sk\/index.php?rest_route=\/wp\/v2\/posts"}],"about":[{"href":"https:\/\/www.vkpbratislava.sk\/index.php?rest_route=\/wp\/v2\/types\/post"}],"author":[{"embeddable":true,"href":"https:\/\/www.vkpbratislava.sk\/index.php?rest_route=\/wp\/v2\/users\/3"}],"replies":[{"embeddable":true,"href":"https:\/\/www.vkpbratislava.sk\/index.php?rest_route=%2Fwp%2Fv2%2Fcomments&post=5436"}],"version-history":[{"count":4,"href":"https:\/\/www.vkpbratislava.sk\/index.php?rest_route=\/wp\/v2\/posts\/5436\/revisions"}],"predecessor-version":[{"id":5448,"href":"https:\/\/www.vkpbratislava.sk\/index.php?rest_route=\/wp\/v2\/posts\/5436\/revisions\/5448"}],"wp:featuredmedia":[{"embeddable":true,"href":"https:\/\/www.vkpbratislava.sk\/index.php?rest_route=\/wp\/v2\/media\/5443"}],"wp:attachment":[{"href":"https:\/\/www.vkpbratislava.sk\/index.php?rest_route=%2Fwp%2Fv2%2Fmedia&parent=5436"}],"wp:term":[{"taxonomy":"category","embeddable":true,"href":"https:\/\/www.vkpbratislava.sk\/index.php?rest_route=%2Fwp%2Fv2%2Fcategories&post=5436"},{"taxonomy":"post_tag","embeddable":true,"href":"https:\/\/www.vkpbratislava.sk\/index.php?rest_route=%2Fwp%2Fv2%2Ftags&post=5436"}],"curies":[{"name":"wp","href":"https:\/\/api.w.org\/{rel}","templated":true}]}}