{"id":5450,"date":"2021-08-14T10:49:58","date_gmt":"2021-08-14T08:49:58","guid":{"rendered":"https:\/\/www.vkpbratislava.sk\/?p=5450"},"modified":"2021-08-14T12:40:32","modified_gmt":"2021-08-14T10:40:32","slug":"zeny-posilni-turecka-legionarka-ecem-sahin","status":"publish","type":"post","link":"https:\/\/www.vkpbratislava.sk\/?p=5450","title":{"rendered":"\u017deny posiln\u00ed tureck\u00e1 legion\u00e1rka Ecem Sahin"},"content":{"rendered":"<p class=\"p1\"><strong>U\u017e v rozbehnutej letnej pr\u00edprave z\u00edskal VKP Bratislava do svojich radov sk\u00fasen\u00fa stredn\u00fa blok\u00e1rku Ecem Sahin.<\/strong><br \/>\nDvadsa\u0165dev\u00e4\u0165ro\u010dn\u00e1 Turky\u0148a podp\u00edsala s klubom zmluvu na jeden rok a po dotiahnut\u00ed v\u0161etk\u00fdch administrat\u00edvnych z\u00e1le\u017eitost\u00ed pricestuje do Bratislavy a pripoj\u00ed sa do k\u00e1dra tr\u00e9nera Jaroslava Han\u010d\u00e1ka. \u201cH\u013eadali sme sk\u00fasen\u00fa hr\u00e1\u010dku, ktor\u00e1 do n\u00e1\u0161ho mlad\u00e9ho t\u00edmu prinesie potrebn\u00e9 sk\u00fasenosti i kvalitu a ver\u00edme, \u017ee bude obohaten\u00edm slovenskej extraligy,\u201d uviedol mana\u017e\u00e9r \u017eensk\u00e9ho t\u00edmu VKP R\u00f3bert Hronsk\u00fd.<\/p>\n<p class=\"p3\"><span class=\"s2\">Vo svojej kari\u00e9re za\u010d\u00ednala v Trabzone v klube \u0130dmanoca\u011f\u0131 SK a pokra\u010dovala v Bolu Bld., Rota Koleji SK, Anadolu \u00dcniversitesi, B\u00fcy\u00fck\u00e7ekmece BSK a posledn\u00fa sez\u00f3nu str\u00e1vila v Sivrihisar Spor Kul\u00fcb\u00fc. Teraz si vysk\u00fa\u0161a prv\u00fa zahrani\u010dn\u00fa zast\u00e1vku vo VKP Bratislava. \u201cSom ve\u013emi \u0161\u0165astn\u00e1, \u017ee som podp\u00edsala klub ako VKP, ktor\u00fd m\u00e1 v eur\u00f3pskom volejbale ve\u013ek\u00fa hist\u00f3riu. Hra\u0165 v Eur\u00f3pe bolo pre m\u0148a jedn\u00fdm z cie\u013eov od za\u010diatku mojej volejbalovej kari\u00e9ry. D\u00fafam, \u017ee pom\u00f4\u017eem VKP, aby sme sa na konci sez\u00f3ny umiestnili na stup\u0148och v\u00ed\u0165azov. Vraj som prvou tureckou hr\u00e1\u010dkou, ktor\u00e1 bude hra\u0165 v hist\u00f3rii slovensk\u00e9ho volejbalu, a to mi d\u00e1va v\u00e4\u010d\u0161iu zodpovednos\u0165. \u017del\u00e1m si, aby po mojich v\u00fdkonoch <\/span><span class=\"s2\">ma nasledovali aj niektor\u00ed \u010fal\u0161\u00ed tureck\u00ed hr\u00e1\u010di a hr\u00e1\u010dky. Neviem sa do\u010dka\u0165 d\u0148a, kedy sa stretnem so svojimi spoluhr\u00e1\u010dkami, realiza\u010dn\u00fdm t\u00edmom a fan\u00fa\u0161ikmi. Ver\u00edm, \u017ee n\u00e1s bud\u00fa fan\u00fa\u0161ikovia VKP v\u017edy podporova\u0165 a hna\u0165 za v\u00ed\u0165azstvami,\u201d vyhl\u00e1sila Ecem Sahin.<\/span><\/p>\n","protected":false},"excerpt":{"rendered":"<p>U\u017e v rozbehnutej letnej pr\u00edprave z\u00edskal VKP Bratislava do svojich radov sk\u00fasen\u00fa stredn\u00fa blok\u00e1rku Ecem Sahin.<\/p>\n","protected":false},"author":3,"featured_media":5452,"comment_status":"closed","ping_status":"open","sticky":false,"template":"","format":"standard","meta":{"_monsterinsights_skip_tracking":false,"_monsterinsights_sitenote_active":false,"_monsterinsights_sitenote_note":"","_monsterinsights_sitenote_category":0,"footnotes":""},"categories":[48],"tags":[],"class_list":["post-5450","post","type-post","status-publish","format-standard","has-post-thumbnail","hentry","category-zeny"],"yoast_head":"<!-- This site is optimized with the Yoast SEO plugin v25.6 - https:\/\/yoast.com\/wordpress\/plugins\/seo\/ -->\n<title>\u017deny posiln\u00ed tureck\u00e1 legion\u00e1rka Ecem Sahin - VK SLOVAN Bratislava<\/title>\n<meta name=\"description\" content=\"U\u017e v rozbehnutej letnej pr\u00edprave z\u00edskal VKP Bratislava do svojich radov sk\u00fasen\u00fa stredn\u00fa blok\u00e1rku Ecem Sahin.\" \/>\n<meta name=\"robots\" content=\"index, follow, max-snippet:-1, max-image-preview:large, max-video-preview:-1\" \/>\n<link rel=\"canonical\" href=\"https:\/\/www.vkpbratislava.sk\/?p=5450\" \/>\n<meta property=\"og:locale\" content=\"sk_SK\" \/>\n<meta property=\"og:type\" content=\"article\" \/>\n<meta property=\"og:title\" content=\"\u017deny posiln\u00ed tureck\u00e1 legion\u00e1rka Ecem Sahin - VK SLOVAN Bratislava\" \/>\n<meta property=\"og:description\" content=\"U\u017e v rozbehnutej letnej pr\u00edprave z\u00edskal VKP Bratislava do svojich radov sk\u00fasen\u00fa stredn\u00fa blok\u00e1rku Ecem Sahin.\" \/>\n<meta property=\"og:url\" content=\"https:\/\/www.vkpbratislava.sk\/?p=5450\" \/>\n<meta property=\"og:site_name\" content=\"VK SLOVAN Bratislava\" \/>\n<meta property=\"article:published_time\" content=\"2021-08-14T08:49:58+00:00\" \/>\n<meta property=\"article:modified_time\" content=\"2021-08-14T10:40:32+00:00\" \/>\n<meta property=\"og:image\" content=\"https:\/\/www.vkpbratislava.sk\/wp-content\/uploads\/2021\/08\/311BD52D-C663-47E3-8420-54AE26C9CAF7.jpeg\" \/>\n\t<meta property=\"og:image:width\" content=\"600\" \/>\n\t<meta property=\"og:image:height\" content=\"332\" \/>\n\t<meta property=\"og:image:type\" content=\"image\/jpeg\" \/>\n<meta name=\"author\" content=\"jenca\" \/>\n<meta name=\"twitter:card\" content=\"summary_large_image\" \/>\n<meta name=\"twitter:label1\" content=\"Autor\" \/>\n\t<meta name=\"twitter:data1\" content=\"jenca\" \/>\n\t<meta name=\"twitter:label2\" content=\"Predpokladan\u00fd \u010das \u010d\u00edtania\" \/>\n\t<meta name=\"twitter:data2\" content=\"1 min\u00fata\" \/>\n<script type=\"application\/ld+json\" class=\"yoast-schema-graph\">{\"@context\":\"https:\/\/schema.org\",\"@graph\":[{\"@type\":\"Article\",\"@id\":\"https:\/\/www.vkpbratislava.sk\/?p=5450#article\",\"isPartOf\":{\"@id\":\"https:\/\/www.vkpbratislava.sk\/?p=5450\"},\"author\":{\"name\":\"jenca\",\"@id\":\"https:\/\/www.vkpbratislava.sk\/#\/schema\/person\/7037e769f9515aa58493d1b5852c4c50\"},\"headline\":\"\u017deny posiln\u00ed tureck\u00e1 legion\u00e1rka Ecem Sahin\",\"datePublished\":\"2021-08-14T08:49:58+00:00\",\"dateModified\":\"2021-08-14T10:40:32+00:00\",\"mainEntityOfPage\":{\"@id\":\"https:\/\/www.vkpbratislava.sk\/?p=5450\"},\"wordCount\":302,\"publisher\":{\"@id\":\"https:\/\/www.vkpbratislava.sk\/#organization\"},\"image\":{\"@id\":\"https:\/\/www.vkpbratislava.sk\/?p=5450#primaryimage\"},\"thumbnailUrl\":\"https:\/\/www.vkpbratislava.sk\/wp-content\/uploads\/2021\/08\/311BD52D-C663-47E3-8420-54AE26C9CAF7.jpeg\",\"articleSection\":[\"\u017deny\"],\"inLanguage\":\"sk-SK\"},{\"@type\":\"WebPage\",\"@id\":\"https:\/\/www.vkpbratislava.sk\/?p=5450\",\"url\":\"https:\/\/www.vkpbratislava.sk\/?p=5450\",\"name\":\"\u017deny posiln\u00ed tureck\u00e1 legion\u00e1rka Ecem Sahin - VK SLOVAN Bratislava\",\"isPartOf\":{\"@id\":\"https:\/\/www.vkpbratislava.sk\/#website\"},\"primaryImageOfPage\":{\"@id\":\"https:\/\/www.vkpbratislava.sk\/?p=5450#primaryimage\"},\"image\":{\"@id\":\"https:\/\/www.vkpbratislava.sk\/?p=5450#primaryimage\"},\"thumbnailUrl\":\"https:\/\/www.vkpbratislava.sk\/wp-content\/uploads\/2021\/08\/311BD52D-C663-47E3-8420-54AE26C9CAF7.jpeg\",\"datePublished\":\"2021-08-14T08:49:58+00:00\",\"dateModified\":\"2021-08-14T10:40:32+00:00\",\"description\":\"U\u017e v rozbehnutej letnej pr\u00edprave z\u00edskal VKP Bratislava do svojich radov sk\u00fasen\u00fa stredn\u00fa blok\u00e1rku Ecem Sahin.\",\"breadcrumb\":{\"@id\":\"https:\/\/www.vkpbratislava.sk\/?p=5450#breadcrumb\"},\"inLanguage\":\"sk-SK\",\"potentialAction\":[{\"@type\":\"ReadAction\",\"target\":[\"https:\/\/www.vkpbratislava.sk\/?p=5450\"]}]},{\"@type\":\"ImageObject\",\"inLanguage\":\"sk-SK\",\"@id\":\"https:\/\/www.vkpbratislava.sk\/?p=5450#primaryimage\",\"url\":\"https:\/\/www.vkpbratislava.sk\/wp-content\/uploads\/2021\/08\/311BD52D-C663-47E3-8420-54AE26C9CAF7.jpeg\",\"contentUrl\":\"https:\/\/www.vkpbratislava.sk\/wp-content\/uploads\/2021\/08\/311BD52D-C663-47E3-8420-54AE26C9CAF7.jpeg\",\"width\":600,\"height\":332},{\"@type\":\"BreadcrumbList\",\"@id\":\"https:\/\/www.vkpbratislava.sk\/?p=5450#breadcrumb\",\"itemListElement\":[{\"@type\":\"ListItem\",\"position\":1,\"name\":\"Domov\",\"item\":\"https:\/\/www.vkpbratislava.sk\/\"},{\"@type\":\"ListItem\",\"position\":2,\"name\":\"\u017deny posiln\u00ed tureck\u00e1 legion\u00e1rka Ecem Sahin\"}]},{\"@type\":\"WebSite\",\"@id\":\"https:\/\/www.vkpbratislava.sk\/#website\",\"url\":\"https:\/\/www.vkpbratislava.sk\/\",\"name\":\"VK SLOVAN Bratislava\",\"description\":\"Volejbalov\u00fd klub\",\"publisher\":{\"@id\":\"https:\/\/www.vkpbratislava.sk\/#organization\"},\"potentialAction\":[{\"@type\":\"SearchAction\",\"target\":{\"@type\":\"EntryPoint\",\"urlTemplate\":\"https:\/\/www.vkpbratislava.sk\/?s={search_term_string}\"},\"query-input\":{\"@type\":\"PropertyValueSpecification\",\"valueRequired\":true,\"valueName\":\"search_term_string\"}}],\"inLanguage\":\"sk-SK\"},{\"@type\":\"Organization\",\"@id\":\"https:\/\/www.vkpbratislava.sk\/#organization\",\"name\":\"VKP Bratislava\",\"url\":\"https:\/\/www.vkpbratislava.sk\/\",\"logo\":{\"@type\":\"ImageObject\",\"inLanguage\":\"sk-SK\",\"@id\":\"https:\/\/www.vkpbratislava.sk\/#\/schema\/logo\/image\/\",\"url\":\"https:\/\/www.vkpbratislava.sk\/wp-content\/uploads\/2020\/10\/vkpBA.png\",\"contentUrl\":\"https:\/\/www.vkpbratislava.sk\/wp-content\/uploads\/2020\/10\/vkpBA.png\",\"width\":600,\"height\":600,\"caption\":\"VKP Bratislava\"},\"image\":{\"@id\":\"https:\/\/www.vkpbratislava.sk\/#\/schema\/logo\/image\/\"}},{\"@type\":\"Person\",\"@id\":\"https:\/\/www.vkpbratislava.sk\/#\/schema\/person\/7037e769f9515aa58493d1b5852c4c50\",\"name\":\"jenca\",\"image\":{\"@type\":\"ImageObject\",\"inLanguage\":\"sk-SK\",\"@id\":\"https:\/\/www.vkpbratislava.sk\/#\/schema\/person\/image\/\",\"url\":\"https:\/\/secure.gravatar.com\/avatar\/67aa89e9aab2911bbd0c6fbf0a891ea8d80c207c9b6a6e2c96e13fc2f16e536d?s=96&d=mm&r=g\",\"contentUrl\":\"https:\/\/secure.gravatar.com\/avatar\/67aa89e9aab2911bbd0c6fbf0a891ea8d80c207c9b6a6e2c96e13fc2f16e536d?s=96&d=mm&r=g\",\"caption\":\"jenca\"},\"url\":\"https:\/\/www.vkpbratislava.sk\/?author=3\"}]}<\/script>\n<!-- \/ Yoast SEO plugin. -->","yoast_head_json":{"title":"\u017deny posiln\u00ed tureck\u00e1 legion\u00e1rka Ecem Sahin - VK SLOVAN Bratislava","description":"U\u017e v rozbehnutej letnej pr\u00edprave z\u00edskal VKP Bratislava do svojich radov sk\u00fasen\u00fa stredn\u00fa blok\u00e1rku Ecem Sahin.","robots":{"index":"index","follow":"follow","max-snippet":"max-snippet:-1","max-image-preview":"max-image-preview:large","max-video-preview":"max-video-preview:-1"},"canonical":"https:\/\/www.vkpbratislava.sk\/?p=5450","og_locale":"sk_SK","og_type":"article","og_title":"\u017deny posiln\u00ed tureck\u00e1 legion\u00e1rka Ecem Sahin - VK SLOVAN Bratislava","og_description":"U\u017e v rozbehnutej letnej pr\u00edprave z\u00edskal VKP Bratislava do svojich radov sk\u00fasen\u00fa stredn\u00fa blok\u00e1rku Ecem Sahin.","og_url":"https:\/\/www.vkpbratislava.sk\/?p=5450","og_site_name":"VK SLOVAN Bratislava","article_published_time":"2021-08-14T08:49:58+00:00","article_modified_time":"2021-08-14T10:40:32+00:00","og_image":[{"width":600,"height":332,"url":"https:\/\/www.vkpbratislava.sk\/wp-content\/uploads\/2021\/08\/311BD52D-C663-47E3-8420-54AE26C9CAF7.jpeg","type":"image\/jpeg"}],"author":"jenca","twitter_card":"summary_large_image","twitter_misc":{"Autor":"jenca","Predpokladan\u00fd \u010das \u010d\u00edtania":"1 min\u00fata"},"schema":{"@context":"https:\/\/schema.org","@graph":[{"@type":"Article","@id":"https:\/\/www.vkpbratislava.sk\/?p=5450#article","isPartOf":{"@id":"https:\/\/www.vkpbratislava.sk\/?p=5450"},"author":{"name":"jenca","@id":"https:\/\/www.vkpbratislava.sk\/#\/schema\/person\/7037e769f9515aa58493d1b5852c4c50"},"headline":"\u017deny posiln\u00ed tureck\u00e1 legion\u00e1rka Ecem Sahin","datePublished":"2021-08-14T08:49:58+00:00","dateModified":"2021-08-14T10:40:32+00:00","mainEntityOfPage":{"@id":"https:\/\/www.vkpbratislava.sk\/?p=5450"},"wordCount":302,"publisher":{"@id":"https:\/\/www.vkpbratislava.sk\/#organization"},"image":{"@id":"https:\/\/www.vkpbratislava.sk\/?p=5450#primaryimage"},"thumbnailUrl":"https:\/\/www.vkpbratislava.sk\/wp-content\/uploads\/2021\/08\/311BD52D-C663-47E3-8420-54AE26C9CAF7.jpeg","articleSection":["\u017deny"],"inLanguage":"sk-SK"},{"@type":"WebPage","@id":"https:\/\/www.vkpbratislava.sk\/?p=5450","url":"https:\/\/www.vkpbratislava.sk\/?p=5450","name":"\u017deny posiln\u00ed tureck\u00e1 legion\u00e1rka Ecem Sahin - VK SLOVAN Bratislava","isPartOf":{"@id":"https:\/\/www.vkpbratislava.sk\/#website"},"primaryImageOfPage":{"@id":"https:\/\/www.vkpbratislava.sk\/?p=5450#primaryimage"},"image":{"@id":"https:\/\/www.vkpbratislava.sk\/?p=5450#primaryimage"},"thumbnailUrl":"https:\/\/www.vkpbratislava.sk\/wp-content\/uploads\/2021\/08\/311BD52D-C663-47E3-8420-54AE26C9CAF7.jpeg","datePublished":"2021-08-14T08:49:58+00:00","dateModified":"2021-08-14T10:40:32+00:00","description":"U\u017e v rozbehnutej letnej pr\u00edprave z\u00edskal VKP Bratislava do svojich radov sk\u00fasen\u00fa stredn\u00fa blok\u00e1rku Ecem Sahin.","breadcrumb":{"@id":"https:\/\/www.vkpbratislava.sk\/?p=5450#breadcrumb"},"inLanguage":"sk-SK","potentialAction":[{"@type":"ReadAction","target":["https:\/\/www.vkpbratislava.sk\/?p=5450"]}]},{"@type":"ImageObject","inLanguage":"sk-SK","@id":"https:\/\/www.vkpbratislava.sk\/?p=5450#primaryimage","url":"https:\/\/www.vkpbratislava.sk\/wp-content\/uploads\/2021\/08\/311BD52D-C663-47E3-8420-54AE26C9CAF7.jpeg","contentUrl":"https:\/\/www.vkpbratislava.sk\/wp-content\/uploads\/2021\/08\/311BD52D-C663-47E3-8420-54AE26C9CAF7.jpeg","width":600,"height":332},{"@type":"BreadcrumbList","@id":"https:\/\/www.vkpbratislava.sk\/?p=5450#breadcrumb","itemListElement":[{"@type":"ListItem","position":1,"name":"Domov","item":"https:\/\/www.vkpbratislava.sk\/"},{"@type":"ListItem","position":2,"name":"\u017deny posiln\u00ed tureck\u00e1 legion\u00e1rka Ecem Sahin"}]},{"@type":"WebSite","@id":"https:\/\/www.vkpbratislava.sk\/#website","url":"https:\/\/www.vkpbratislava.sk\/","name":"VK SLOVAN Bratislava","description":"Volejbalov\u00fd klub","publisher":{"@id":"https:\/\/www.vkpbratislava.sk\/#organization"},"potentialAction":[{"@type":"SearchAction","target":{"@type":"EntryPoint","urlTemplate":"https:\/\/www.vkpbratislava.sk\/?s={search_term_string}"},"query-input":{"@type":"PropertyValueSpecification","valueRequired":true,"valueName":"search_term_string"}}],"inLanguage":"sk-SK"},{"@type":"Organization","@id":"https:\/\/www.vkpbratislava.sk\/#organization","name":"VKP Bratislava","url":"https:\/\/www.vkpbratislava.sk\/","logo":{"@type":"ImageObject","inLanguage":"sk-SK","@id":"https:\/\/www.vkpbratislava.sk\/#\/schema\/logo\/image\/","url":"https:\/\/www.vkpbratislava.sk\/wp-content\/uploads\/2020\/10\/vkpBA.png","contentUrl":"https:\/\/www.vkpbratislava.sk\/wp-content\/uploads\/2020\/10\/vkpBA.png","width":600,"height":600,"caption":"VKP Bratislava"},"image":{"@id":"https:\/\/www.vkpbratislava.sk\/#\/schema\/logo\/image\/"}},{"@type":"Person","@id":"https:\/\/www.vkpbratislava.sk\/#\/schema\/person\/7037e769f9515aa58493d1b5852c4c50","name":"jenca","image":{"@type":"ImageObject","inLanguage":"sk-SK","@id":"https:\/\/www.vkpbratislava.sk\/#\/schema\/person\/image\/","url":"https:\/\/secure.gravatar.com\/avatar\/67aa89e9aab2911bbd0c6fbf0a891ea8d80c207c9b6a6e2c96e13fc2f16e536d?s=96&d=mm&r=g","contentUrl":"https:\/\/secure.gravatar.com\/avatar\/67aa89e9aab2911bbd0c6fbf0a891ea8d80c207c9b6a6e2c96e13fc2f16e536d?s=96&d=mm&r=g","caption":"jenca"},"url":"https:\/\/www.vkpbratislava.sk\/?author=3"}]}},"_links":{"self":[{"href":"https:\/\/www.vkpbratislava.sk\/index.php?rest_route=\/wp\/v2\/posts\/5450","targetHints":{"allow":["GET"]}}],"collection":[{"href":"https:\/\/www.vkpbratislava.sk\/index.php?rest_route=\/wp\/v2\/posts"}],"about":[{"href":"https:\/\/www.vkpbratislava.sk\/index.php?rest_route=\/wp\/v2\/types\/post"}],"author":[{"embeddable":true,"href":"https:\/\/www.vkpbratislava.sk\/index.php?rest_route=\/wp\/v2\/users\/3"}],"replies":[{"embeddable":true,"href":"https:\/\/www.vkpbratislava.sk\/index.php?rest_route=%2Fwp%2Fv2%2Fcomments&post=5450"}],"version-history":[{"count":3,"href":"https:\/\/www.vkpbratislava.sk\/index.php?rest_route=\/wp\/v2\/posts\/5450\/revisions"}],"predecessor-version":[{"id":5455,"href":"https:\/\/www.vkpbratislava.sk\/index.php?rest_route=\/wp\/v2\/posts\/5450\/revisions\/5455"}],"wp:featuredmedia":[{"embeddable":true,"href":"https:\/\/www.vkpbratislava.sk\/index.php?rest_route=\/wp\/v2\/media\/5452"}],"wp:attachment":[{"href":"https:\/\/www.vkpbratislava.sk\/index.php?rest_route=%2Fwp%2Fv2%2Fmedia&parent=5450"}],"wp:term":[{"taxonomy":"category","embeddable":true,"href":"https:\/\/www.vkpbratislava.sk\/index.php?rest_route=%2Fwp%2Fv2%2Fcategories&post=5450"},{"taxonomy":"post_tag","embeddable":true,"href":"https:\/\/www.vkpbratislava.sk\/index.php?rest_route=%2Fwp%2Fv2%2Ftags&post=5450"}],"curies":[{"name":"wp","href":"https:\/\/api.w.org\/{rel}","templated":true}]}}