{"id":5505,"date":"2021-09-08T11:15:00","date_gmt":"2021-09-08T09:15:00","guid":{"rendered":"https:\/\/www.vkpbratislava.sk\/?p=5505"},"modified":"2021-09-08T12:36:39","modified_gmt":"2021-09-08T10:36:39","slug":"pozname-terminy-zapasov-mevza-ligy","status":"publish","type":"post","link":"https:\/\/www.vkpbratislava.sk\/?p=5505","title":{"rendered":"Pozn\u00e1me term\u00edny z\u00e1pasov MEVZA ligy"},"content":{"rendered":"<p><strong>\u0160tart volejbalov\u00fdch s\u00fa\u0165a\u017e\u00ed sa nezadr\u017eate\u013ene bl\u00ed\u017ei. Po tom, \u010do sme spoznali \u017ereb extraligov\u00fdch stretnut\u00ed, u\u017e vieme aj term\u00edny z\u00e1pasov v\u00a0Stredoeur\u00f3pskej lige MEVZA.<\/strong><\/p>\n<p>V\u00a0novej sez\u00f3ne sa do Stredoeur\u00f3pskej ligy MEVZA prihl\u00e1silo 9 t\u00edmov zo Slovenska, Rak\u00faska, Slovinska a\u00a0Chorv\u00e1tska. V\u00a0z\u00e1kladnej \u010dasti sa hr\u00e1 dvojkolovo (doma\/vonku), s\u00fa\u0165a\u017e vyvrchol\u00ed z\u00e1vere\u010dn\u00fdm turnajom Final Four, dejisko je zatia\u013e nezn\u00e1me. Obhakcom prvenstva je slovinsk\u00fd t\u00edm ACH Volley \u013dub\u013eana.<\/p>\n<p>Na\u0161u premi\u00e9ru v\u00a0tejto eur\u00f3pskej s\u00fa\u0165a\u017e\u00ed po n\u00e1vrate do Bratislavy od\u0161tartujeme prv\u00fd okt\u00f3brov\u00fd de\u0148 slovensk\u00fdm \u0161l\u00e1grom na palubovke Myjavy. Aj v\u00a0druhom kole sa predstav\u00edme vonku, ke\u010f vycestujeme do rak\u00faskeho Waldviertelu. Prv\u00fd dom\u00e1ci duel teda odohr\u00e1me 13. okt\u00f3bra 2021 o\u00a016.00 hod. proti slovinsk\u00e9mu Mariboru. Z\u00e1pas sa uskuto\u010dn\u00ed u\u017e v\u00a0novej hale pri Dome \u0161portu v\u00a0Bratislave. De\u0148 pred Mikul\u00e1\u0161om priv\u00edtame doma Myjavu a\u00a0v\u00a0predsilvestrovskom z\u00e1pase tie\u017e doma Waldviertel. \u0160tart roka 2022 n\u00e1s \u010dak\u00e1 cesta do Slovinska, kde sa v\u00a0priebehu troch dn\u00ed predstav\u00edme v\u00a0troch z\u00e1pasoch, postupne v\u00a0\u013dub\u013eane, Maribore a\u00a0Kamniku. Z\u00e1kladn\u00fa \u010das\u0165 ukon\u010d\u00edme za\u010diatkom febru\u00e1ra dvoma dom\u00e1cimi z\u00e1pasmi proti Z\u00e1hrebu a\u00a0Kamniku.<\/p>\n<h4>PROGRAM VKP:<\/h4>\n<p><strong>1.okt\u00f3ber 2021 o\u00a018.00 h:<\/strong> Myjava &#8211; <span style=\"color: #3366ff;\">VKP BRATISLAVA<\/span><\/p>\n<p><strong>6.okt\u00f3ber 2021 o\u00a019.00 h:<\/strong> Waldviertel &#8211; <span style=\"color: #3366ff;\">VKP BRATISLAVA<\/span><\/p>\n<p><strong>13.okt\u00f3ber 2021 o\u00a016.00 h:<\/strong> <span style=\"color: #3366ff;\">VKP BRATISLAVA<\/span> &#8211; Maribor<\/p>\n<p><strong>19.okt\u00f3ber 2021 o\u00a018.00 h:<\/strong> <span style=\"color: #3366ff;\">VKP BRATISLAVA<\/span> &#8211; \u013dub\u013eana<\/p>\n<p><strong>6.november 2021 o\u00a020.00 h:<\/strong> Graz &#8211; <span style=\"color: #3366ff;\">VKP BRATISLAVA<\/span><\/p>\n<p><strong>11.november 2021 o\u00a018.30 h:<\/strong> <span style=\"color: #3366ff;\">VKP BRATISLAVA<\/span> &#8211; Aich\/Dob<\/p>\n<p><strong>21.november 2021 o\u00a017.00 h:<\/strong> Z\u00e1hreb &#8211; <span style=\"color: #3366ff;\">VKP BRATISLAVA<\/span><\/p>\n<p><strong>5.december 2021 o\u00a017.00 h:<\/strong> <span style=\"color: #3366ff;\">VKP BRATISLAVA<\/span> &#8211; Myjava<\/p>\n<p><strong>30.december 2021 o\u00a018.00 h:<\/strong> <span style=\"color: #3366ff;\">VKP BRATISLAVA<\/span> &#8211; Waldviertel<\/p>\n<p><strong>5.janu\u00e1r 2022 o\u00a018.00 h:<\/strong> \u013dub\u013eana &#8211; <span style=\"color: #3366ff;\">VKP BRATISLAVA<\/span><\/p>\n<p><strong>6.janu\u00e1r 2022 o\u00a019.00 h:<\/strong> Maribor &#8211; <span style=\"color: #3366ff;\">VKP BRATISLAVA<\/span><\/p>\n<p><strong>7.janu\u00e1r 2022 o\u00a020.00 h:<\/strong> Kamnik &#8211; <span style=\"color: #3366ff;\">VKP BRATISLAVA<\/span><\/p>\n<p><strong>19.janu\u00e1r 2022 o\u00a018.00 h:<\/strong> <span style=\"color: #3366ff;\">VKP BRATISLAVA<\/span> &#8211; Graz<\/p>\n<p><strong>29.janu\u00e1r 2022 o\u00a019.00 h:<\/strong> Aich\/Dob &#8211; <span style=\"color: #3366ff;\">VKP BRATISLAVA<\/span><\/p>\n<p><strong>2.febru\u00e1r 2022 o\u00a016.00 h:<\/strong> <span style=\"color: #3366ff;\">VKP BRATISLAVA<\/span> &#8211; Z\u00e1hreb<\/p>\n<p><strong>9.febru\u00e1r 2022 o\u00a016.00 h:<\/strong> <span style=\"color: #3366ff;\">VKP BRATISLAVA<\/span> &#8211; Kamnik<\/p>\n<h6><\/h6>\n<p><a href=\"http:\/\/mevza-web.dataproject.com\/CompetitionMatches.aspx?ID=39&amp;PID=65\">Cel\u00fd program n\u00e1jdete TU<\/a><\/p>\n<p>&nbsp;<\/p>\n","protected":false},"excerpt":{"rendered":"<p>\u0160tart volejbalov\u00fdch s\u00fa\u0165a\u017e\u00ed sa nezadr\u017eate\u013ene bl\u00ed\u017ei. Po tom, \u010do sme spoznali \u017ereb extraligov\u00fdch stretnut\u00ed, u\u017e vieme aj term\u00edny z\u00e1pasov v\u00a0Stredoeur\u00f3pskej lige MEVZA.<\/p>\n","protected":false},"author":3,"featured_media":5407,"comment_status":"closed","ping_status":"open","sticky":false,"template":"","format":"standard","meta":{"_monsterinsights_skip_tracking":false,"_monsterinsights_sitenote_active":false,"_monsterinsights_sitenote_note":"","_monsterinsights_sitenote_category":0,"footnotes":""},"categories":[47],"tags":[],"class_list":["post-5505","post","type-post","status-publish","format-standard","has-post-thumbnail","hentry","category-muzi"],"yoast_head":"<!-- This site is optimized with the Yoast SEO plugin v25.6 - https:\/\/yoast.com\/wordpress\/plugins\/seo\/ -->\n<title>Pozn\u00e1me term\u00edny z\u00e1pasov MEVZA ligy - VK SLOVAN Bratislava<\/title>\n<meta name=\"description\" content=\"\u0160tart volejbalov\u00fdch s\u00fa\u0165a\u017e\u00ed sa nezadr\u017eate\u013ene bl\u00ed\u017ei. Po tom, \u010do sme spoznali \u017ereb extraligov\u00fdch stretnut\u00ed, u\u017e vieme aj term\u00edny z\u00e1pasov v\u00a0Stredoeur\u00f3pskej lige MEVZA.\" \/>\n<meta name=\"robots\" content=\"index, follow, max-snippet:-1, max-image-preview:large, max-video-preview:-1\" \/>\n<link rel=\"canonical\" href=\"https:\/\/www.vkpbratislava.sk\/?p=5505\" \/>\n<meta property=\"og:locale\" content=\"sk_SK\" \/>\n<meta property=\"og:type\" content=\"article\" \/>\n<meta property=\"og:title\" content=\"Pozn\u00e1me term\u00edny z\u00e1pasov MEVZA ligy - VK SLOVAN Bratislava\" \/>\n<meta property=\"og:description\" content=\"\u0160tart volejbalov\u00fdch s\u00fa\u0165a\u017e\u00ed sa nezadr\u017eate\u013ene bl\u00ed\u017ei. Po tom, \u010do sme spoznali \u017ereb extraligov\u00fdch stretnut\u00ed, u\u017e vieme aj term\u00edny z\u00e1pasov v\u00a0Stredoeur\u00f3pskej lige MEVZA.\" \/>\n<meta property=\"og:url\" content=\"https:\/\/www.vkpbratislava.sk\/?p=5505\" \/>\n<meta property=\"og:site_name\" content=\"VK SLOVAN Bratislava\" \/>\n<meta property=\"article:published_time\" content=\"2021-09-08T09:15:00+00:00\" \/>\n<meta property=\"article:modified_time\" content=\"2021-09-08T10:36:39+00:00\" \/>\n<meta property=\"og:image\" content=\"https:\/\/www.vkpbratislava.sk\/wp-content\/uploads\/2021\/06\/MEL_2021-22_Official_Communication_2_Attachment_4_MEVZA_Banner3x1_2019_print-01-e1631092696901.jpg\" \/>\n\t<meta property=\"og:image:width\" content=\"1400\" \/>\n\t<meta property=\"og:image:height\" content=\"473\" \/>\n\t<meta property=\"og:image:type\" content=\"image\/jpeg\" \/>\n<meta name=\"author\" content=\"jenca\" \/>\n<meta name=\"twitter:card\" content=\"summary_large_image\" \/>\n<meta name=\"twitter:label1\" content=\"Autor\" \/>\n\t<meta name=\"twitter:data1\" content=\"jenca\" \/>\n\t<meta name=\"twitter:label2\" content=\"Predpokladan\u00fd \u010das \u010d\u00edtania\" \/>\n\t<meta name=\"twitter:data2\" content=\"2 min\u00faty\" \/>\n<script type=\"application\/ld+json\" class=\"yoast-schema-graph\">{\"@context\":\"https:\/\/schema.org\",\"@graph\":[{\"@type\":\"Article\",\"@id\":\"https:\/\/www.vkpbratislava.sk\/?p=5505#article\",\"isPartOf\":{\"@id\":\"https:\/\/www.vkpbratislava.sk\/?p=5505\"},\"author\":{\"name\":\"jenca\",\"@id\":\"https:\/\/www.vkpbratislava.sk\/#\/schema\/person\/7037e769f9515aa58493d1b5852c4c50\"},\"headline\":\"Pozn\u00e1me term\u00edny z\u00e1pasov MEVZA ligy\",\"datePublished\":\"2021-09-08T09:15:00+00:00\",\"dateModified\":\"2021-09-08T10:36:39+00:00\",\"mainEntityOfPage\":{\"@id\":\"https:\/\/www.vkpbratislava.sk\/?p=5505\"},\"wordCount\":366,\"publisher\":{\"@id\":\"https:\/\/www.vkpbratislava.sk\/#organization\"},\"image\":{\"@id\":\"https:\/\/www.vkpbratislava.sk\/?p=5505#primaryimage\"},\"thumbnailUrl\":\"https:\/\/www.vkpbratislava.sk\/wp-content\/uploads\/2021\/06\/MEL_2021-22_Official_Communication_2_Attachment_4_MEVZA_Banner3x1_2019_print-01-e1631092696901.jpg\",\"articleSection\":[\"Mu\u017ei\"],\"inLanguage\":\"sk-SK\"},{\"@type\":\"WebPage\",\"@id\":\"https:\/\/www.vkpbratislava.sk\/?p=5505\",\"url\":\"https:\/\/www.vkpbratislava.sk\/?p=5505\",\"name\":\"Pozn\u00e1me term\u00edny z\u00e1pasov MEVZA ligy - VK SLOVAN Bratislava\",\"isPartOf\":{\"@id\":\"https:\/\/www.vkpbratislava.sk\/#website\"},\"primaryImageOfPage\":{\"@id\":\"https:\/\/www.vkpbratislava.sk\/?p=5505#primaryimage\"},\"image\":{\"@id\":\"https:\/\/www.vkpbratislava.sk\/?p=5505#primaryimage\"},\"thumbnailUrl\":\"https:\/\/www.vkpbratislava.sk\/wp-content\/uploads\/2021\/06\/MEL_2021-22_Official_Communication_2_Attachment_4_MEVZA_Banner3x1_2019_print-01-e1631092696901.jpg\",\"datePublished\":\"2021-09-08T09:15:00+00:00\",\"dateModified\":\"2021-09-08T10:36:39+00:00\",\"description\":\"\u0160tart volejbalov\u00fdch s\u00fa\u0165a\u017e\u00ed sa nezadr\u017eate\u013ene bl\u00ed\u017ei. Po tom, \u010do sme spoznali \u017ereb extraligov\u00fdch stretnut\u00ed, u\u017e vieme aj term\u00edny z\u00e1pasov v\u00a0Stredoeur\u00f3pskej lige MEVZA.\",\"breadcrumb\":{\"@id\":\"https:\/\/www.vkpbratislava.sk\/?p=5505#breadcrumb\"},\"inLanguage\":\"sk-SK\",\"potentialAction\":[{\"@type\":\"ReadAction\",\"target\":[\"https:\/\/www.vkpbratislava.sk\/?p=5505\"]}]},{\"@type\":\"ImageObject\",\"inLanguage\":\"sk-SK\",\"@id\":\"https:\/\/www.vkpbratislava.sk\/?p=5505#primaryimage\",\"url\":\"https:\/\/www.vkpbratislava.sk\/wp-content\/uploads\/2021\/06\/MEL_2021-22_Official_Communication_2_Attachment_4_MEVZA_Banner3x1_2019_print-01-e1631092696901.jpg\",\"contentUrl\":\"https:\/\/www.vkpbratislava.sk\/wp-content\/uploads\/2021\/06\/MEL_2021-22_Official_Communication_2_Attachment_4_MEVZA_Banner3x1_2019_print-01-e1631092696901.jpg\",\"width\":1400,\"height\":473},{\"@type\":\"BreadcrumbList\",\"@id\":\"https:\/\/www.vkpbratislava.sk\/?p=5505#breadcrumb\",\"itemListElement\":[{\"@type\":\"ListItem\",\"position\":1,\"name\":\"Domov\",\"item\":\"https:\/\/www.vkpbratislava.sk\/\"},{\"@type\":\"ListItem\",\"position\":2,\"name\":\"Pozn\u00e1me term\u00edny z\u00e1pasov MEVZA ligy\"}]},{\"@type\":\"WebSite\",\"@id\":\"https:\/\/www.vkpbratislava.sk\/#website\",\"url\":\"https:\/\/www.vkpbratislava.sk\/\",\"name\":\"VK SLOVAN Bratislava\",\"description\":\"Volejbalov\u00fd klub\",\"publisher\":{\"@id\":\"https:\/\/www.vkpbratislava.sk\/#organization\"},\"potentialAction\":[{\"@type\":\"SearchAction\",\"target\":{\"@type\":\"EntryPoint\",\"urlTemplate\":\"https:\/\/www.vkpbratislava.sk\/?s={search_term_string}\"},\"query-input\":{\"@type\":\"PropertyValueSpecification\",\"valueRequired\":true,\"valueName\":\"search_term_string\"}}],\"inLanguage\":\"sk-SK\"},{\"@type\":\"Organization\",\"@id\":\"https:\/\/www.vkpbratislava.sk\/#organization\",\"name\":\"VKP Bratislava\",\"url\":\"https:\/\/www.vkpbratislava.sk\/\",\"logo\":{\"@type\":\"ImageObject\",\"inLanguage\":\"sk-SK\",\"@id\":\"https:\/\/www.vkpbratislava.sk\/#\/schema\/logo\/image\/\",\"url\":\"https:\/\/www.vkpbratislava.sk\/wp-content\/uploads\/2020\/10\/vkpBA.png\",\"contentUrl\":\"https:\/\/www.vkpbratislava.sk\/wp-content\/uploads\/2020\/10\/vkpBA.png\",\"width\":600,\"height\":600,\"caption\":\"VKP Bratislava\"},\"image\":{\"@id\":\"https:\/\/www.vkpbratislava.sk\/#\/schema\/logo\/image\/\"}},{\"@type\":\"Person\",\"@id\":\"https:\/\/www.vkpbratislava.sk\/#\/schema\/person\/7037e769f9515aa58493d1b5852c4c50\",\"name\":\"jenca\",\"image\":{\"@type\":\"ImageObject\",\"inLanguage\":\"sk-SK\",\"@id\":\"https:\/\/www.vkpbratislava.sk\/#\/schema\/person\/image\/\",\"url\":\"https:\/\/secure.gravatar.com\/avatar\/67aa89e9aab2911bbd0c6fbf0a891ea8d80c207c9b6a6e2c96e13fc2f16e536d?s=96&d=mm&r=g\",\"contentUrl\":\"https:\/\/secure.gravatar.com\/avatar\/67aa89e9aab2911bbd0c6fbf0a891ea8d80c207c9b6a6e2c96e13fc2f16e536d?s=96&d=mm&r=g\",\"caption\":\"jenca\"},\"url\":\"https:\/\/www.vkpbratislava.sk\/?author=3\"}]}<\/script>\n<!-- \/ Yoast SEO plugin. -->","yoast_head_json":{"title":"Pozn\u00e1me term\u00edny z\u00e1pasov MEVZA ligy - VK SLOVAN Bratislava","description":"\u0160tart volejbalov\u00fdch s\u00fa\u0165a\u017e\u00ed sa nezadr\u017eate\u013ene bl\u00ed\u017ei. Po tom, \u010do sme spoznali \u017ereb extraligov\u00fdch stretnut\u00ed, u\u017e vieme aj term\u00edny z\u00e1pasov v\u00a0Stredoeur\u00f3pskej lige MEVZA.","robots":{"index":"index","follow":"follow","max-snippet":"max-snippet:-1","max-image-preview":"max-image-preview:large","max-video-preview":"max-video-preview:-1"},"canonical":"https:\/\/www.vkpbratislava.sk\/?p=5505","og_locale":"sk_SK","og_type":"article","og_title":"Pozn\u00e1me term\u00edny z\u00e1pasov MEVZA ligy - VK SLOVAN Bratislava","og_description":"\u0160tart volejbalov\u00fdch s\u00fa\u0165a\u017e\u00ed sa nezadr\u017eate\u013ene bl\u00ed\u017ei. Po tom, \u010do sme spoznali \u017ereb extraligov\u00fdch stretnut\u00ed, u\u017e vieme aj term\u00edny z\u00e1pasov v\u00a0Stredoeur\u00f3pskej lige MEVZA.","og_url":"https:\/\/www.vkpbratislava.sk\/?p=5505","og_site_name":"VK SLOVAN Bratislava","article_published_time":"2021-09-08T09:15:00+00:00","article_modified_time":"2021-09-08T10:36:39+00:00","og_image":[{"width":1400,"height":473,"url":"https:\/\/www.vkpbratislava.sk\/wp-content\/uploads\/2021\/06\/MEL_2021-22_Official_Communication_2_Attachment_4_MEVZA_Banner3x1_2019_print-01-e1631092696901.jpg","type":"image\/jpeg"}],"author":"jenca","twitter_card":"summary_large_image","twitter_misc":{"Autor":"jenca","Predpokladan\u00fd \u010das \u010d\u00edtania":"2 min\u00faty"},"schema":{"@context":"https:\/\/schema.org","@graph":[{"@type":"Article","@id":"https:\/\/www.vkpbratislava.sk\/?p=5505#article","isPartOf":{"@id":"https:\/\/www.vkpbratislava.sk\/?p=5505"},"author":{"name":"jenca","@id":"https:\/\/www.vkpbratislava.sk\/#\/schema\/person\/7037e769f9515aa58493d1b5852c4c50"},"headline":"Pozn\u00e1me term\u00edny z\u00e1pasov MEVZA ligy","datePublished":"2021-09-08T09:15:00+00:00","dateModified":"2021-09-08T10:36:39+00:00","mainEntityOfPage":{"@id":"https:\/\/www.vkpbratislava.sk\/?p=5505"},"wordCount":366,"publisher":{"@id":"https:\/\/www.vkpbratislava.sk\/#organization"},"image":{"@id":"https:\/\/www.vkpbratislava.sk\/?p=5505#primaryimage"},"thumbnailUrl":"https:\/\/www.vkpbratislava.sk\/wp-content\/uploads\/2021\/06\/MEL_2021-22_Official_Communication_2_Attachment_4_MEVZA_Banner3x1_2019_print-01-e1631092696901.jpg","articleSection":["Mu\u017ei"],"inLanguage":"sk-SK"},{"@type":"WebPage","@id":"https:\/\/www.vkpbratislava.sk\/?p=5505","url":"https:\/\/www.vkpbratislava.sk\/?p=5505","name":"Pozn\u00e1me term\u00edny z\u00e1pasov MEVZA ligy - VK SLOVAN Bratislava","isPartOf":{"@id":"https:\/\/www.vkpbratislava.sk\/#website"},"primaryImageOfPage":{"@id":"https:\/\/www.vkpbratislava.sk\/?p=5505#primaryimage"},"image":{"@id":"https:\/\/www.vkpbratislava.sk\/?p=5505#primaryimage"},"thumbnailUrl":"https:\/\/www.vkpbratislava.sk\/wp-content\/uploads\/2021\/06\/MEL_2021-22_Official_Communication_2_Attachment_4_MEVZA_Banner3x1_2019_print-01-e1631092696901.jpg","datePublished":"2021-09-08T09:15:00+00:00","dateModified":"2021-09-08T10:36:39+00:00","description":"\u0160tart volejbalov\u00fdch s\u00fa\u0165a\u017e\u00ed sa nezadr\u017eate\u013ene bl\u00ed\u017ei. Po tom, \u010do sme spoznali \u017ereb extraligov\u00fdch stretnut\u00ed, u\u017e vieme aj term\u00edny z\u00e1pasov v\u00a0Stredoeur\u00f3pskej lige MEVZA.","breadcrumb":{"@id":"https:\/\/www.vkpbratislava.sk\/?p=5505#breadcrumb"},"inLanguage":"sk-SK","potentialAction":[{"@type":"ReadAction","target":["https:\/\/www.vkpbratislava.sk\/?p=5505"]}]},{"@type":"ImageObject","inLanguage":"sk-SK","@id":"https:\/\/www.vkpbratislava.sk\/?p=5505#primaryimage","url":"https:\/\/www.vkpbratislava.sk\/wp-content\/uploads\/2021\/06\/MEL_2021-22_Official_Communication_2_Attachment_4_MEVZA_Banner3x1_2019_print-01-e1631092696901.jpg","contentUrl":"https:\/\/www.vkpbratislava.sk\/wp-content\/uploads\/2021\/06\/MEL_2021-22_Official_Communication_2_Attachment_4_MEVZA_Banner3x1_2019_print-01-e1631092696901.jpg","width":1400,"height":473},{"@type":"BreadcrumbList","@id":"https:\/\/www.vkpbratislava.sk\/?p=5505#breadcrumb","itemListElement":[{"@type":"ListItem","position":1,"name":"Domov","item":"https:\/\/www.vkpbratislava.sk\/"},{"@type":"ListItem","position":2,"name":"Pozn\u00e1me term\u00edny z\u00e1pasov MEVZA ligy"}]},{"@type":"WebSite","@id":"https:\/\/www.vkpbratislava.sk\/#website","url":"https:\/\/www.vkpbratislava.sk\/","name":"VK SLOVAN Bratislava","description":"Volejbalov\u00fd klub","publisher":{"@id":"https:\/\/www.vkpbratislava.sk\/#organization"},"potentialAction":[{"@type":"SearchAction","target":{"@type":"EntryPoint","urlTemplate":"https:\/\/www.vkpbratislava.sk\/?s={search_term_string}"},"query-input":{"@type":"PropertyValueSpecification","valueRequired":true,"valueName":"search_term_string"}}],"inLanguage":"sk-SK"},{"@type":"Organization","@id":"https:\/\/www.vkpbratislava.sk\/#organization","name":"VKP Bratislava","url":"https:\/\/www.vkpbratislava.sk\/","logo":{"@type":"ImageObject","inLanguage":"sk-SK","@id":"https:\/\/www.vkpbratislava.sk\/#\/schema\/logo\/image\/","url":"https:\/\/www.vkpbratislava.sk\/wp-content\/uploads\/2020\/10\/vkpBA.png","contentUrl":"https:\/\/www.vkpbratislava.sk\/wp-content\/uploads\/2020\/10\/vkpBA.png","width":600,"height":600,"caption":"VKP Bratislava"},"image":{"@id":"https:\/\/www.vkpbratislava.sk\/#\/schema\/logo\/image\/"}},{"@type":"Person","@id":"https:\/\/www.vkpbratislava.sk\/#\/schema\/person\/7037e769f9515aa58493d1b5852c4c50","name":"jenca","image":{"@type":"ImageObject","inLanguage":"sk-SK","@id":"https:\/\/www.vkpbratislava.sk\/#\/schema\/person\/image\/","url":"https:\/\/secure.gravatar.com\/avatar\/67aa89e9aab2911bbd0c6fbf0a891ea8d80c207c9b6a6e2c96e13fc2f16e536d?s=96&d=mm&r=g","contentUrl":"https:\/\/secure.gravatar.com\/avatar\/67aa89e9aab2911bbd0c6fbf0a891ea8d80c207c9b6a6e2c96e13fc2f16e536d?s=96&d=mm&r=g","caption":"jenca"},"url":"https:\/\/www.vkpbratislava.sk\/?author=3"}]}},"_links":{"self":[{"href":"https:\/\/www.vkpbratislava.sk\/index.php?rest_route=\/wp\/v2\/posts\/5505","targetHints":{"allow":["GET"]}}],"collection":[{"href":"https:\/\/www.vkpbratislava.sk\/index.php?rest_route=\/wp\/v2\/posts"}],"about":[{"href":"https:\/\/www.vkpbratislava.sk\/index.php?rest_route=\/wp\/v2\/types\/post"}],"author":[{"embeddable":true,"href":"https:\/\/www.vkpbratislava.sk\/index.php?rest_route=\/wp\/v2\/users\/3"}],"replies":[{"embeddable":true,"href":"https:\/\/www.vkpbratislava.sk\/index.php?rest_route=%2Fwp%2Fv2%2Fcomments&post=5505"}],"version-history":[{"count":5,"href":"https:\/\/www.vkpbratislava.sk\/index.php?rest_route=\/wp\/v2\/posts\/5505\/revisions"}],"predecessor-version":[{"id":5538,"href":"https:\/\/www.vkpbratislava.sk\/index.php?rest_route=\/wp\/v2\/posts\/5505\/revisions\/5538"}],"wp:featuredmedia":[{"embeddable":true,"href":"https:\/\/www.vkpbratislava.sk\/index.php?rest_route=\/wp\/v2\/media\/5407"}],"wp:attachment":[{"href":"https:\/\/www.vkpbratislava.sk\/index.php?rest_route=%2Fwp%2Fv2%2Fmedia&parent=5505"}],"wp:term":[{"taxonomy":"category","embeddable":true,"href":"https:\/\/www.vkpbratislava.sk\/index.php?rest_route=%2Fwp%2Fv2%2Fcategories&post=5505"},{"taxonomy":"post_tag","embeddable":true,"href":"https:\/\/www.vkpbratislava.sk\/index.php?rest_route=%2Fwp%2Fv2%2Ftags&post=5505"}],"curies":[{"name":"wp","href":"https:\/\/api.w.org\/{rel}","templated":true}]}}