{"id":5560,"date":"2021-09-22T12:21:24","date_gmt":"2021-09-22T10:21:24","guid":{"rendered":"https:\/\/www.vkpbratislava.sk\/?p=5560"},"modified":"2021-09-22T12:22:58","modified_gmt":"2021-09-22T10:22:58","slug":"samuel-goc-tesim-sa-na-novu-vyzvu","status":"publish","type":"post","link":"https:\/\/www.vkpbratislava.sk\/?p=5560","title":{"rendered":"Samuel Go\u010d: Te\u0161\u00edm sa na nov\u00fa v\u00fdzvu"},"content":{"rendered":"<p><strong>Medzi posledn\u00fdmi sa do pr\u00edpravy VKP Bratislava zapojil nahr\u00e1va\u010d Samuel Go\u010d, ktor\u00fd posilnil \u201epolicajtov\u201c z\u00a0Ko\u0161\u00edc. Po tom, \u010do absolvoval majstrovstv\u00e1 Eur\u00f3py u\u017e sa naplno s\u00fastred\u00ed na pr\u00edpravu v\u00a0novom p\u00f4sobisku.<\/strong><\/p>\n<p>Go\u010d p\u00f4sobil v\u00a0minulej sez\u00f3ne v\u00a0Ko\u0161iciach a\u00a0cel\u00e9 leto bol v\u00a0pr\u00edpravnom kempe slovenskej reprezent\u00e1cie, s\u00a0ktorou sa predstavil na eur\u00f3pskom \u0161ampion\u00e1te v\u00a0Est\u00f3nsku. \u201e\u0160ampion\u00e1t bol pre m\u0148a novinkou, ale z\u00e1rove\u0148 ve\u013ek\u00e1 sk\u00fasenos\u0165 a\u00a0obrovsk\u00fd z\u00e1\u017eitok. U\u017e som sa nevedel do\u010dka\u0165, kedy sa pripoj\u00edm k\u00a0t\u00edmu. Takmer v\u0161etk\u00fdch chalanov pozn\u00e1m, ale nie a\u017e tak dobre. Bol som s\u00a0niektor\u00fdmi v\u00a0kontakte. Pochva\u013eovali si pr\u00edpravu a\u00a0te\u0161\u00edm sa na nov\u00fa v\u00fdzvu a\u00a0spolupr\u00e1cu v\u00a0novom klube. Ver\u00edm, \u017ee dobre zapadnem do kab\u00edny, v\u0161etko bude v\u00a0poriadku a\u00a0budeme vyhr\u00e1va\u0165,\u201c prezradil na \u00favod Samuel Go\u010d. \u201ePo \u0161ampion\u00e1te som nemal ve\u013ea \u010dasu. Pobehal som doma lek\u00e1rov, zub\u00e1ra. D\u00fafam, \u017ee som stihol v\u0161etko vybavi\u0165. V\u00a0r\u00e1mci mo\u017enost\u00ed som si aj odd\u00fdchol. Ur\u010dite mus\u00edm za\u010da\u0165 pomal\u0161ie, po\u010dka\u0165 si na \u0161ancu a\u00a0ver\u00edm, \u017ee postupne budem dost\u00e1va\u0165 \u010doraz viac pr\u00edle\u017eitost\u00ed. ,\u201c uviedol rod\u00e1k zo Svidn\u00edka.<\/p>\n<p>Mu\u017esk\u00fd t\u00edm VKP \u010dak\u00e1 n\u00e1ro\u010dn\u00e1 sez\u00f3na. Bojova\u0165 sa bude na viacer\u00fdch frontoch. Okrem dom\u00e1cej extraligy a\u00a0Slovensk\u00e9ho poh\u00e1ra aj eur\u00f3psky Challenge Cup a\u00a0Stredoeur\u00f3pska liga MEVZA. \u201eBude to asi najn\u00e1ro\u010dnej\u0161ia sez\u00f3na, ak\u00fa som doteraz mal. Ver\u00edm, \u017ee to \u00faspe\u0161ne zvl\u00e1dneme,\u201c doplnil \u0161tudent Fakulty telesnej v\u00fdchovy a\u00a0\u0161portu Univerzity Komensk\u00e9ho v\u00a0Bratislave.<\/p>\n<p><img loading=\"lazy\" decoding=\"async\" class=\"alignnone size-medium wp-image-5561\" src=\"https:\/\/www.vkpbratislava.sk\/wp-content\/uploads\/2021\/09\/new-goc-640x640.jpg\" alt=\"\" width=\"640\" height=\"640\" srcset=\"https:\/\/www.vkpbratislava.sk\/wp-content\/uploads\/2021\/09\/new-goc-640x640.jpg 640w, https:\/\/www.vkpbratislava.sk\/wp-content\/uploads\/2021\/09\/new-goc-160x160.jpg 160w, https:\/\/www.vkpbratislava.sk\/wp-content\/uploads\/2021\/09\/new-goc-768x768.jpg 768w, https:\/\/www.vkpbratislava.sk\/wp-content\/uploads\/2021\/09\/new-goc-320x320.jpg 320w, https:\/\/www.vkpbratislava.sk\/wp-content\/uploads\/2021\/09\/new-goc-600x600.jpg 600w, https:\/\/www.vkpbratislava.sk\/wp-content\/uploads\/2021\/09\/new-goc-100x100.jpg 100w, https:\/\/www.vkpbratislava.sk\/wp-content\/uploads\/2021\/09\/new-goc.jpg 800w\" sizes=\"auto, (max-width: 640px) 100vw, 640px\" \/><\/p>\n<p>&nbsp;<\/p>\n<p>&nbsp;<\/p>\n","protected":false},"excerpt":{"rendered":"<p>Medzi posledn\u00fdmi sa do pr\u00edpravy VKP Bratislava zapojil nahr\u00e1va\u010d Samuel Go\u010d, ktor\u00fd posilnil \u201epolicajtov\u201c z\u00a0Ko\u0161\u00edc. Po tom, \u010do absolvoval majstrovstv\u00e1 Eur\u00f3py u\u017e sa naplno s\u00fastred\u00ed na pr\u00edpravu v\u00a0novom p\u00f4sobisku.<\/p>\n","protected":false},"author":3,"featured_media":3162,"comment_status":"closed","ping_status":"open","sticky":false,"template":"","format":"standard","meta":{"_monsterinsights_skip_tracking":false,"_monsterinsights_sitenote_active":false,"_monsterinsights_sitenote_note":"","_monsterinsights_sitenote_category":0,"footnotes":""},"categories":[47],"tags":[],"class_list":["post-5560","post","type-post","status-publish","format-standard","has-post-thumbnail","hentry","category-muzi"],"yoast_head":"<!-- This site is optimized with the Yoast SEO plugin v25.6 - https:\/\/yoast.com\/wordpress\/plugins\/seo\/ -->\n<title>Samuel Go\u010d: Te\u0161\u00edm sa na nov\u00fa v\u00fdzvu - VK SLOVAN Bratislava<\/title>\n<meta name=\"description\" content=\"Medzi posledn\u00fdmi sa do pr\u00edpravy VKP Bratislava zapojil nahr\u00e1va\u010d Samuel Go\u010d, ktor\u00fd posilnil \u201epolicajtov\u201c z\u00a0Ko\u0161\u00edc.\" \/>\n<meta name=\"robots\" content=\"index, follow, max-snippet:-1, max-image-preview:large, max-video-preview:-1\" \/>\n<link rel=\"canonical\" href=\"https:\/\/www.vkpbratislava.sk\/?p=5560\" \/>\n<meta property=\"og:locale\" content=\"sk_SK\" \/>\n<meta property=\"og:type\" content=\"article\" \/>\n<meta property=\"og:title\" content=\"Samuel Go\u010d: Te\u0161\u00edm sa na nov\u00fa v\u00fdzvu - VK SLOVAN Bratislava\" \/>\n<meta property=\"og:description\" content=\"Medzi posledn\u00fdmi sa do pr\u00edpravy VKP Bratislava zapojil nahr\u00e1va\u010d Samuel Go\u010d, ktor\u00fd posilnil \u201epolicajtov\u201c z\u00a0Ko\u0161\u00edc.\" \/>\n<meta property=\"og:url\" content=\"https:\/\/www.vkpbratislava.sk\/?p=5560\" \/>\n<meta property=\"og:site_name\" content=\"VK SLOVAN Bratislava\" \/>\n<meta property=\"article:published_time\" content=\"2021-09-22T10:21:24+00:00\" \/>\n<meta property=\"article:modified_time\" content=\"2021-09-22T10:22:58+00:00\" \/>\n<meta property=\"og:image\" content=\"https:\/\/www.vkpbratislava.sk\/wp-content\/uploads\/2020\/11\/DF1A6208-e1632306143191.jpg\" \/>\n\t<meta property=\"og:image:width\" content=\"1433\" \/>\n\t<meta property=\"og:image:height\" content=\"814\" \/>\n\t<meta property=\"og:image:type\" content=\"image\/jpeg\" \/>\n<meta name=\"author\" content=\"jenca\" \/>\n<meta name=\"twitter:card\" content=\"summary_large_image\" \/>\n<meta name=\"twitter:label1\" content=\"Autor\" \/>\n\t<meta name=\"twitter:data1\" content=\"jenca\" \/>\n\t<meta name=\"twitter:label2\" content=\"Predpokladan\u00fd \u010das \u010d\u00edtania\" \/>\n\t<meta name=\"twitter:data2\" content=\"2 min\u00faty\" \/>\n<script type=\"application\/ld+json\" class=\"yoast-schema-graph\">{\"@context\":\"https:\/\/schema.org\",\"@graph\":[{\"@type\":\"Article\",\"@id\":\"https:\/\/www.vkpbratislava.sk\/?p=5560#article\",\"isPartOf\":{\"@id\":\"https:\/\/www.vkpbratislava.sk\/?p=5560\"},\"author\":{\"name\":\"jenca\",\"@id\":\"https:\/\/www.vkpbratislava.sk\/#\/schema\/person\/7037e769f9515aa58493d1b5852c4c50\"},\"headline\":\"Samuel Go\u010d: Te\u0161\u00edm sa na nov\u00fa v\u00fdzvu\",\"datePublished\":\"2021-09-22T10:21:24+00:00\",\"dateModified\":\"2021-09-22T10:22:58+00:00\",\"mainEntityOfPage\":{\"@id\":\"https:\/\/www.vkpbratislava.sk\/?p=5560\"},\"wordCount\":310,\"publisher\":{\"@id\":\"https:\/\/www.vkpbratislava.sk\/#organization\"},\"image\":{\"@id\":\"https:\/\/www.vkpbratislava.sk\/?p=5560#primaryimage\"},\"thumbnailUrl\":\"https:\/\/www.vkpbratislava.sk\/wp-content\/uploads\/2020\/11\/DF1A6208-e1632306143191.jpg\",\"articleSection\":[\"Mu\u017ei\"],\"inLanguage\":\"sk-SK\"},{\"@type\":\"WebPage\",\"@id\":\"https:\/\/www.vkpbratislava.sk\/?p=5560\",\"url\":\"https:\/\/www.vkpbratislava.sk\/?p=5560\",\"name\":\"Samuel Go\u010d: Te\u0161\u00edm sa na nov\u00fa v\u00fdzvu - VK SLOVAN Bratislava\",\"isPartOf\":{\"@id\":\"https:\/\/www.vkpbratislava.sk\/#website\"},\"primaryImageOfPage\":{\"@id\":\"https:\/\/www.vkpbratislava.sk\/?p=5560#primaryimage\"},\"image\":{\"@id\":\"https:\/\/www.vkpbratislava.sk\/?p=5560#primaryimage\"},\"thumbnailUrl\":\"https:\/\/www.vkpbratislava.sk\/wp-content\/uploads\/2020\/11\/DF1A6208-e1632306143191.jpg\",\"datePublished\":\"2021-09-22T10:21:24+00:00\",\"dateModified\":\"2021-09-22T10:22:58+00:00\",\"description\":\"Medzi posledn\u00fdmi sa do pr\u00edpravy VKP Bratislava zapojil nahr\u00e1va\u010d Samuel Go\u010d, ktor\u00fd posilnil \u201epolicajtov\u201c z\u00a0Ko\u0161\u00edc.\",\"breadcrumb\":{\"@id\":\"https:\/\/www.vkpbratislava.sk\/?p=5560#breadcrumb\"},\"inLanguage\":\"sk-SK\",\"potentialAction\":[{\"@type\":\"ReadAction\",\"target\":[\"https:\/\/www.vkpbratislava.sk\/?p=5560\"]}]},{\"@type\":\"ImageObject\",\"inLanguage\":\"sk-SK\",\"@id\":\"https:\/\/www.vkpbratislava.sk\/?p=5560#primaryimage\",\"url\":\"https:\/\/www.vkpbratislava.sk\/wp-content\/uploads\/2020\/11\/DF1A6208-e1632306143191.jpg\",\"contentUrl\":\"https:\/\/www.vkpbratislava.sk\/wp-content\/uploads\/2020\/11\/DF1A6208-e1632306143191.jpg\",\"width\":1433,\"height\":814},{\"@type\":\"BreadcrumbList\",\"@id\":\"https:\/\/www.vkpbratislava.sk\/?p=5560#breadcrumb\",\"itemListElement\":[{\"@type\":\"ListItem\",\"position\":1,\"name\":\"Domov\",\"item\":\"https:\/\/www.vkpbratislava.sk\/\"},{\"@type\":\"ListItem\",\"position\":2,\"name\":\"Samuel Go\u010d: Te\u0161\u00edm sa na nov\u00fa v\u00fdzvu\"}]},{\"@type\":\"WebSite\",\"@id\":\"https:\/\/www.vkpbratislava.sk\/#website\",\"url\":\"https:\/\/www.vkpbratislava.sk\/\",\"name\":\"VK SLOVAN Bratislava\",\"description\":\"Volejbalov\u00fd klub\",\"publisher\":{\"@id\":\"https:\/\/www.vkpbratislava.sk\/#organization\"},\"potentialAction\":[{\"@type\":\"SearchAction\",\"target\":{\"@type\":\"EntryPoint\",\"urlTemplate\":\"https:\/\/www.vkpbratislava.sk\/?s={search_term_string}\"},\"query-input\":{\"@type\":\"PropertyValueSpecification\",\"valueRequired\":true,\"valueName\":\"search_term_string\"}}],\"inLanguage\":\"sk-SK\"},{\"@type\":\"Organization\",\"@id\":\"https:\/\/www.vkpbratislava.sk\/#organization\",\"name\":\"VKP Bratislava\",\"url\":\"https:\/\/www.vkpbratislava.sk\/\",\"logo\":{\"@type\":\"ImageObject\",\"inLanguage\":\"sk-SK\",\"@id\":\"https:\/\/www.vkpbratislava.sk\/#\/schema\/logo\/image\/\",\"url\":\"https:\/\/www.vkpbratislava.sk\/wp-content\/uploads\/2020\/10\/vkpBA.png\",\"contentUrl\":\"https:\/\/www.vkpbratislava.sk\/wp-content\/uploads\/2020\/10\/vkpBA.png\",\"width\":600,\"height\":600,\"caption\":\"VKP Bratislava\"},\"image\":{\"@id\":\"https:\/\/www.vkpbratislava.sk\/#\/schema\/logo\/image\/\"}},{\"@type\":\"Person\",\"@id\":\"https:\/\/www.vkpbratislava.sk\/#\/schema\/person\/7037e769f9515aa58493d1b5852c4c50\",\"name\":\"jenca\",\"image\":{\"@type\":\"ImageObject\",\"inLanguage\":\"sk-SK\",\"@id\":\"https:\/\/www.vkpbratislava.sk\/#\/schema\/person\/image\/\",\"url\":\"https:\/\/secure.gravatar.com\/avatar\/67aa89e9aab2911bbd0c6fbf0a891ea8d80c207c9b6a6e2c96e13fc2f16e536d?s=96&d=mm&r=g\",\"contentUrl\":\"https:\/\/secure.gravatar.com\/avatar\/67aa89e9aab2911bbd0c6fbf0a891ea8d80c207c9b6a6e2c96e13fc2f16e536d?s=96&d=mm&r=g\",\"caption\":\"jenca\"},\"url\":\"https:\/\/www.vkpbratislava.sk\/?author=3\"}]}<\/script>\n<!-- \/ Yoast SEO plugin. -->","yoast_head_json":{"title":"Samuel Go\u010d: Te\u0161\u00edm sa na nov\u00fa v\u00fdzvu - VK SLOVAN Bratislava","description":"Medzi posledn\u00fdmi sa do pr\u00edpravy VKP Bratislava zapojil nahr\u00e1va\u010d Samuel Go\u010d, ktor\u00fd posilnil \u201epolicajtov\u201c z\u00a0Ko\u0161\u00edc.","robots":{"index":"index","follow":"follow","max-snippet":"max-snippet:-1","max-image-preview":"max-image-preview:large","max-video-preview":"max-video-preview:-1"},"canonical":"https:\/\/www.vkpbratislava.sk\/?p=5560","og_locale":"sk_SK","og_type":"article","og_title":"Samuel Go\u010d: Te\u0161\u00edm sa na nov\u00fa v\u00fdzvu - VK SLOVAN Bratislava","og_description":"Medzi posledn\u00fdmi sa do pr\u00edpravy VKP Bratislava zapojil nahr\u00e1va\u010d Samuel Go\u010d, ktor\u00fd posilnil \u201epolicajtov\u201c z\u00a0Ko\u0161\u00edc.","og_url":"https:\/\/www.vkpbratislava.sk\/?p=5560","og_site_name":"VK SLOVAN Bratislava","article_published_time":"2021-09-22T10:21:24+00:00","article_modified_time":"2021-09-22T10:22:58+00:00","og_image":[{"width":1433,"height":814,"url":"https:\/\/www.vkpbratislava.sk\/wp-content\/uploads\/2020\/11\/DF1A6208-e1632306143191.jpg","type":"image\/jpeg"}],"author":"jenca","twitter_card":"summary_large_image","twitter_misc":{"Autor":"jenca","Predpokladan\u00fd \u010das \u010d\u00edtania":"2 min\u00faty"},"schema":{"@context":"https:\/\/schema.org","@graph":[{"@type":"Article","@id":"https:\/\/www.vkpbratislava.sk\/?p=5560#article","isPartOf":{"@id":"https:\/\/www.vkpbratislava.sk\/?p=5560"},"author":{"name":"jenca","@id":"https:\/\/www.vkpbratislava.sk\/#\/schema\/person\/7037e769f9515aa58493d1b5852c4c50"},"headline":"Samuel Go\u010d: Te\u0161\u00edm sa na nov\u00fa v\u00fdzvu","datePublished":"2021-09-22T10:21:24+00:00","dateModified":"2021-09-22T10:22:58+00:00","mainEntityOfPage":{"@id":"https:\/\/www.vkpbratislava.sk\/?p=5560"},"wordCount":310,"publisher":{"@id":"https:\/\/www.vkpbratislava.sk\/#organization"},"image":{"@id":"https:\/\/www.vkpbratislava.sk\/?p=5560#primaryimage"},"thumbnailUrl":"https:\/\/www.vkpbratislava.sk\/wp-content\/uploads\/2020\/11\/DF1A6208-e1632306143191.jpg","articleSection":["Mu\u017ei"],"inLanguage":"sk-SK"},{"@type":"WebPage","@id":"https:\/\/www.vkpbratislava.sk\/?p=5560","url":"https:\/\/www.vkpbratislava.sk\/?p=5560","name":"Samuel Go\u010d: Te\u0161\u00edm sa na nov\u00fa v\u00fdzvu - VK SLOVAN Bratislava","isPartOf":{"@id":"https:\/\/www.vkpbratislava.sk\/#website"},"primaryImageOfPage":{"@id":"https:\/\/www.vkpbratislava.sk\/?p=5560#primaryimage"},"image":{"@id":"https:\/\/www.vkpbratislava.sk\/?p=5560#primaryimage"},"thumbnailUrl":"https:\/\/www.vkpbratislava.sk\/wp-content\/uploads\/2020\/11\/DF1A6208-e1632306143191.jpg","datePublished":"2021-09-22T10:21:24+00:00","dateModified":"2021-09-22T10:22:58+00:00","description":"Medzi posledn\u00fdmi sa do pr\u00edpravy VKP Bratislava zapojil nahr\u00e1va\u010d Samuel Go\u010d, ktor\u00fd posilnil \u201epolicajtov\u201c z\u00a0Ko\u0161\u00edc.","breadcrumb":{"@id":"https:\/\/www.vkpbratislava.sk\/?p=5560#breadcrumb"},"inLanguage":"sk-SK","potentialAction":[{"@type":"ReadAction","target":["https:\/\/www.vkpbratislava.sk\/?p=5560"]}]},{"@type":"ImageObject","inLanguage":"sk-SK","@id":"https:\/\/www.vkpbratislava.sk\/?p=5560#primaryimage","url":"https:\/\/www.vkpbratislava.sk\/wp-content\/uploads\/2020\/11\/DF1A6208-e1632306143191.jpg","contentUrl":"https:\/\/www.vkpbratislava.sk\/wp-content\/uploads\/2020\/11\/DF1A6208-e1632306143191.jpg","width":1433,"height":814},{"@type":"BreadcrumbList","@id":"https:\/\/www.vkpbratislava.sk\/?p=5560#breadcrumb","itemListElement":[{"@type":"ListItem","position":1,"name":"Domov","item":"https:\/\/www.vkpbratislava.sk\/"},{"@type":"ListItem","position":2,"name":"Samuel Go\u010d: Te\u0161\u00edm sa na nov\u00fa v\u00fdzvu"}]},{"@type":"WebSite","@id":"https:\/\/www.vkpbratislava.sk\/#website","url":"https:\/\/www.vkpbratislava.sk\/","name":"VK SLOVAN Bratislava","description":"Volejbalov\u00fd klub","publisher":{"@id":"https:\/\/www.vkpbratislava.sk\/#organization"},"potentialAction":[{"@type":"SearchAction","target":{"@type":"EntryPoint","urlTemplate":"https:\/\/www.vkpbratislava.sk\/?s={search_term_string}"},"query-input":{"@type":"PropertyValueSpecification","valueRequired":true,"valueName":"search_term_string"}}],"inLanguage":"sk-SK"},{"@type":"Organization","@id":"https:\/\/www.vkpbratislava.sk\/#organization","name":"VKP Bratislava","url":"https:\/\/www.vkpbratislava.sk\/","logo":{"@type":"ImageObject","inLanguage":"sk-SK","@id":"https:\/\/www.vkpbratislava.sk\/#\/schema\/logo\/image\/","url":"https:\/\/www.vkpbratislava.sk\/wp-content\/uploads\/2020\/10\/vkpBA.png","contentUrl":"https:\/\/www.vkpbratislava.sk\/wp-content\/uploads\/2020\/10\/vkpBA.png","width":600,"height":600,"caption":"VKP Bratislava"},"image":{"@id":"https:\/\/www.vkpbratislava.sk\/#\/schema\/logo\/image\/"}},{"@type":"Person","@id":"https:\/\/www.vkpbratislava.sk\/#\/schema\/person\/7037e769f9515aa58493d1b5852c4c50","name":"jenca","image":{"@type":"ImageObject","inLanguage":"sk-SK","@id":"https:\/\/www.vkpbratislava.sk\/#\/schema\/person\/image\/","url":"https:\/\/secure.gravatar.com\/avatar\/67aa89e9aab2911bbd0c6fbf0a891ea8d80c207c9b6a6e2c96e13fc2f16e536d?s=96&d=mm&r=g","contentUrl":"https:\/\/secure.gravatar.com\/avatar\/67aa89e9aab2911bbd0c6fbf0a891ea8d80c207c9b6a6e2c96e13fc2f16e536d?s=96&d=mm&r=g","caption":"jenca"},"url":"https:\/\/www.vkpbratislava.sk\/?author=3"}]}},"_links":{"self":[{"href":"https:\/\/www.vkpbratislava.sk\/index.php?rest_route=\/wp\/v2\/posts\/5560","targetHints":{"allow":["GET"]}}],"collection":[{"href":"https:\/\/www.vkpbratislava.sk\/index.php?rest_route=\/wp\/v2\/posts"}],"about":[{"href":"https:\/\/www.vkpbratislava.sk\/index.php?rest_route=\/wp\/v2\/types\/post"}],"author":[{"embeddable":true,"href":"https:\/\/www.vkpbratislava.sk\/index.php?rest_route=\/wp\/v2\/users\/3"}],"replies":[{"embeddable":true,"href":"https:\/\/www.vkpbratislava.sk\/index.php?rest_route=%2Fwp%2Fv2%2Fcomments&post=5560"}],"version-history":[{"count":1,"href":"https:\/\/www.vkpbratislava.sk\/index.php?rest_route=\/wp\/v2\/posts\/5560\/revisions"}],"predecessor-version":[{"id":5562,"href":"https:\/\/www.vkpbratislava.sk\/index.php?rest_route=\/wp\/v2\/posts\/5560\/revisions\/5562"}],"wp:featuredmedia":[{"embeddable":true,"href":"https:\/\/www.vkpbratislava.sk\/index.php?rest_route=\/wp\/v2\/media\/3162"}],"wp:attachment":[{"href":"https:\/\/www.vkpbratislava.sk\/index.php?rest_route=%2Fwp%2Fv2%2Fmedia&parent=5560"}],"wp:term":[{"taxonomy":"category","embeddable":true,"href":"https:\/\/www.vkpbratislava.sk\/index.php?rest_route=%2Fwp%2Fv2%2Fcategories&post=5560"},{"taxonomy":"post_tag","embeddable":true,"href":"https:\/\/www.vkpbratislava.sk\/index.php?rest_route=%2Fwp%2Fv2%2Ftags&post=5560"}],"curies":[{"name":"wp","href":"https:\/\/api.w.org\/{rel}","templated":true}]}}