{"id":5563,"date":"2021-09-23T18:17:04","date_gmt":"2021-09-23T16:17:04","guid":{"rendered":"https:\/\/www.vkpbratislava.sk\/?p=5563"},"modified":"2021-09-24T10:35:20","modified_gmt":"2021-09-24T08:35:20","slug":"start-sezony-je-tu-ambiciou-medaily","status":"publish","type":"post","link":"https:\/\/www.vkpbratislava.sk\/?p=5563","title":{"rendered":"\u0160tart sez\u00f3ny je tu, amb\u00edciou medaily"},"content":{"rendered":"<p><strong>Do za\u010diatku volejbalovej sez\u00f3ny 2021\/2022 zost\u00e1vaj\u00fa u\u017e len dva dni, odrat\u00favaj\u00fa sa len hodiny do ostr\u00e9ho \u0161tartu a\u00a0z\u00e1stupcovia VKP Bratislava sa posadili pred novin\u00e1rov, aby na tla\u010dovej konferencii predstavili v\u00edzie, ciele a\u00a0povedali novinky z\u00a0kuchyne klubu.<\/strong><\/p>\n<p>Kde inde sa mohla kona\u0165 tla\u010dovka, ako na mieste, kde bude VKP ako doma &#8211; v\u00a0novej \u0161portovej hale pri Dome \u0161portu, ktor\u00e1 bude hosti\u0165 z\u00e1pasy mu\u017eov i\u00a0\u017eien v\u00a0novej sez\u00f3ne. Zverenci Mat\u00fa\u0161a Kaln\u00e9ho bud\u00fa hra\u0165 na viacer\u00fdch frontoch. \u010cak\u00e1 ich nielen dom\u00e1ca extraliga \u010di Slovensk\u00fd poh\u00e1r, ale aj Stredoeur\u00f3pska liga MEVZA a\u00a0tie\u017e \u00fa\u010das\u0165 v\u00a0eur\u00f3pskom Challenge Cupe. \u201eMinul\u00fd rok sme obnovili VKP do mesta, kam historicky patr\u00ed, teda do Bratislavy. T\u00e1to sez\u00f3na bude in\u00e1 ako predo\u0161l\u00e1. Rozhodli sme sa roz\u0161\u00edri\u0165 klub aj o\u00a0\u017eensk\u00fa zlo\u017eku v\u00a0extralige. Za\u017eili sme v\u00a0lete teda viac veselosti, ke\u010f\u017ee so \u017eenami je v\u017edy vesel\u0161ie ako s\u00a0mu\u017emi,\u201c pousmial sa viceprezident klubu Eduard Hronsk\u00fd. \u201eKlub sa rozr\u00e1stol aj po profesion\u00e1lnej str\u00e1nke. Mysl\u00edm si, \u017ee sez\u00f3na sa rozbehne dobre a\u00a0m\u00f4\u017eem poveda\u0165, \u017ee sme pripraven\u00ed na ostr\u00fd \u0161tart. Ver\u00edm, \u017ee napln\u00edme na\u0161e ciele. Pri mu\u017eoch berieme len medailu, u\u00a0\u017eien sme si stanovili cie\u013e skon\u010di\u0165 do \u0161tvrt\u00e9ho miesta, ale nebr\u00e1nime sa tie\u017e cenn\u00e9mu kovu,\u201c doplnil Eduard Hronsk\u00fd.<\/p>\n<p>\u017densk\u00fd t\u00edm podp\u00edsal farm\u00e1rsku zmluvu so \u0160\u0160K Bil\u00edkova, ktor\u00e1 je v\u00fdraznou liah\u0148ou talentovan\u00fdch hr\u00e1\u010dok a\u00a0bud\u00facich reprezentantiek Slovenska. \u201ePo historickom umiestnen\u00ed v\u00a0uplynulej sez\u00f3ny extraligy sme dostali ponuku na spolupr\u00e1cu s\u00a0VKP Bratislava, ktor\u00fd je historicky naj\u00faspe\u0161nej\u0161\u00edm slovensk\u00fdm klubom. Gro t\u00edmu tvoria hr\u00e1\u010dky, ktor\u00e9 hrali v\u00a0uplynulej sez\u00f3ne v\u00a0Pezinku. Doplnili sme ich o\u00a0sk\u00fasen\u00e9 zahrani\u010dn\u00e9 hr\u00e1\u010dky, ktor\u00e9 maj\u00fa dopom\u00f4c\u0165 k\u00a0naplneniu na\u0161ich cie\u013eov a\u00a0posun\u00fa\u0165 mlad\u00fdm hr\u00e1\u010dkam svoje sk\u00fasenosti. Z\u00e1merom bolo prinies\u0165 do t\u00edmu, \u010do najviac slovensk\u00fdch volejbalistiek, ale na trhu ich je nedostatok. \u0164ah\u00fa\u0148kou by mala by\u0165 najm\u00e4 po\u013esk\u00e1 svetobe\u017en\u00ed\u010dka Kinga Kasprzak, ktor\u00e1 hrala aj Ligu majstrov a\u00a0na vrcholnej \u00farovni p\u00f4sob\u00ed u\u017e 15 rokov. V\u00a0minulosti sme spolupracovali so \u0160\u0160K Bil\u00edkova a\u00a0som ve\u013emi r\u00e1d, \u017ee spolupr\u00e1ca pokra\u010duje aj vo VKP Bratislava,\u201c uviedol mana\u017e\u00e9r \u017eien R\u00f3bert Hronsk\u00fd.<\/p>\n<p>Po minulej sez\u00f3ne pri\u0161lo u\u00a0mu\u017eov k\u00a0zmene na tr\u00e9nerskom poste, ke\u010f Jaroslava Noseka nahradil Mat\u00fa\u0161 Kaln\u00fd. \u201eVe\u013emi sa te\u0161\u00edm, \u017ee som sa po 15 rokoch pr\u00e1ce v\u00a0zahrani\u010d\u00ed vr\u00e1til domov a\u00a0do klubu, ktor\u00fd sa obrovskou rados\u0165ou, hrdos\u0165ou a\u00a0pote\u0161en\u00edm po rokoch vr\u00e1til do Bratislavy, kde mu\u017esk\u00fd volejbal ch\u00fdbal. Tu som pred 25 rokmi p\u00f4sobil ako za\u010d\u00ednaj\u00faci hr\u00e1\u010d, tak\u017ee moje puto a\u00a0vz\u0165ah k\u00a0VKP je \u00faplne in\u00fd, a\u00a0preto ma ponuka hne\u010f oslovila. Pozit\u00edvom letnej pr\u00edpravy je fakt, \u017ee sa n\u00e1m vyh\u00fdbali zranenia. A\u017e na nejak\u00e9 dlhodob\u00e9 probl\u00e9my, ktor\u00e9 mal napr\u00edklad Rado Pre\u0161insk\u00fd,\u201c prezradil tr\u00e9ner Mat\u00fa\u0161 Kaln\u00fd.<\/p>\n<p>V\u00a0prvej sez\u00f3ne vo farb\u00e1ch VKP Bratislava povedie \u017eeny tr\u00e9ner Jaroslav Han\u010d\u00e1k. \u201ePr\u00edprava prebehla v\u00a0poriadku. Diev\u010dat\u00e1 i\u0161li do ka\u017ed\u00e9ho tr\u00e9ningu naplno. Ch\u00fdbali n\u00e1m s\u00edce dve reprezentantky Smie\u0161kov\u00e1 a\u00a0Koh\u00fatov\u00e1. Pri\u0161li dos\u0165 unaven\u00e9, tak dostali desa\u0165d\u0148ov\u00fd odpo\u010dinok a\u00a0n\u00e1sledne sa pripojili k\u00a0mu\u017estvu spolo\u010dne aj so zahrani\u010dn\u00fdmi posilami. Dru\u017estvo sa st\u00e1le e\u0161te formuje a\u00a0uvid\u00edme ako to bude vyzera\u0165,\u201c povedal tr\u00e9ner Jaroslav Han\u010d\u00e1k.<\/p>\n<p>Kapit\u00e1nom mu\u017esk\u00e9ho t\u00edmu ost\u00e1va aj v\u00a0novej sez\u00f3ne rekord\u00e9r v\u00a0po\u010dte reprezenta\u010dn\u00fdch \u0161tartov Juraj Za\u0165ko. \u201eSom spokojn\u00fd s\u00a0t\u00fdm, \u017ee od prv\u00e9ho d\u0148a pr\u00edpravy sme boli a\u017e na Samuela Go\u010da v\u00a0kompletnom zlo\u017een\u00ed. Neb\u00fdva to \u010dasto zvykom, ke\u010f\u017ee hr\u00e1\u010di sa prip\u00e1jaj\u00fa do t\u00edmov postupne. Nov\u00ed hr\u00e1\u010di s\u00fa mo\u017eno nov\u00ed v\u00a0klube, ale v\u0161etci sa dlhodobo pozn\u00e1me, teda okrem Daa (pozn.: Daouda Yacoubou). V\u00f4bec nebol probl\u00e9m s\u00a0t\u00fdm, aby zapadli do kab\u00edny. Jadro zostalo po minulej sez\u00f3ne takmer nezmenen\u00e9. Mlad\u00ed chalani s\u00fa ochotn\u00ed a\u00a0chce sa im pracova\u0165. Maj\u00fa ve\u013ek\u00fd potenci\u00e1l a\u00a0d\u00fafam, \u017ee tento mix prinesie v\u00a0tejto sez\u00f3ne \u00faspech,\u201c za\u017eelal si Juraj Za\u0165ko. V\u00a0premi\u00e9rovej sez\u00f3ne \u017eien vo farb\u00e1ch VKP Bratislava bude kapit\u00e1nkou sk\u00fasen\u00e1 nahr\u00e1va\u010dka Andrea Snopkov\u00e1. \u201eP\u00e1\u010di sa mi tento projekt a\u00a0spojenie mladej dravosti a\u00a0sk\u00fasenost\u00ed. Ver\u00edm, \u017ee sa na\u0161e mlad\u0161ie diev\u010dat\u00e1 bud\u00fa m\u00f4c\u0165 od n\u00e1s \u010dosi priu\u010di\u0165, aby postupne prebrali na\u0161u \u00falohu v\u00a0t\u00edme, ke\u010f p\u00f4jdeme do volejbalov\u00e9ho d\u00f4chodku. Za\u010diatok sez\u00f3ny asi nebude pre n\u00e1s \u00faplne optim\u00e1lny, ke\u010f\u017ee sme pohromade len nejak\u00e9 dva t\u00fd\u017edne. Pevne ver\u00edm, \u017ee sa zohr\u00e1me a\u00a0bude to super,\u201c dodala sk\u00fasen\u00e1 Andrea Snopkov\u00e1.<\/p>\n<p><strong>S\u00fapiska VKP Bratislava &#8211; mu\u017ei<\/strong><\/p>\n<p>1 Bartolomej Jakub\u00edk, libero, 179 cm<\/p>\n<p>2 Andrej Billich, blok\u00e1r, 203 cm<\/p>\n<p>3 Samuel Jur\u00edk, univerz\u00e1l, 196 cm<\/p>\n<p>4 Adri\u00e1n Van\u010do, sme\u010diar, 196 cm<\/p>\n<p>6 Juraj Za\u0165ko, nahr\u00e1va\u010d, 192 cm<\/p>\n<p>7 J\u00e1n Tarabus, blok\u00e1r, 202 cm<\/p>\n<p>8 Pavol Kurej, libero, 187 cm<\/p>\n<p>10 Pavel Ehrenwald, sme\u010diar, 196 cm<\/p>\n<p>11 Bruno Pavli\u010dko, nahr\u00e1va\u010d, 186 cm<\/p>\n<p>12 Samuel Go\u010d, nahr\u00e1va\u010d, 197 cm<\/p>\n<p>13 Michal Truba\u010d, sme\u010diar, 195 cm<\/p>\n<p>14 \u013dubo\u0161 Kostol\u00e1ni, univerz\u00e1l, 203 cm<\/p>\n<p>15 J\u00falius Kov\u00e1\u010dik, nahr\u00e1va\u010d, 191 cm<\/p>\n<p>16 Radoslav Pre\u0161insk\u00fd, blok\u00e1r, 206 cm<\/p>\n<p>17 \u0160imon \u010cerven\u00e1k, sme\u010diar, 191 cm<\/p>\n<p>18 Marek Malina, sme\u010diar, 190 cm<\/p>\n<p>20 Daouda Yacoubou, sme\u010diar, 197 cm<\/p>\n<p><strong>Tr\u00e9ner:<\/strong> Mat\u00fa\u0161 Kaln\u00fd<\/p>\n<p><strong>Asistent tr\u00e9nera:<\/strong> Peter Kaln\u00fd<\/p>\n<p><strong>Asistent tr\u00e9nera:<\/strong> Juraj Ti\u0148o<\/p>\n<p><strong>Kondi\u010dn\u00fd tr\u00e9ner:<\/strong> Miroslav Vav\u00e1k<\/p>\n<p><strong>\u0160tatistik:<\/strong> Dominik Hajtol<\/p>\n<p><strong>Lek\u00e1r:<\/strong> MUDr. Tom\u00e1\u0161 Horv\u00e1th<\/p>\n<p><strong>Lek\u00e1r:<\/strong> MUDr. Martin Somora<\/p>\n<p><strong>Pri\u0161li:<\/strong> Samuel Go\u010d, Pavol Kurej (obaja Ko\u0161ice), J\u00e1n Tarabus (Kom\u00e1rno), Samuel Jur\u00edk (Nitra), Daouda Yacoubou (Alanya)<\/p>\n<p><strong>Odi\u0161li:<\/strong> Marek Gergely (Aich\/Dob), Matej Hukel, Boris Demeter, Tom\u00e1\u0161 Holl\u00fd, Milan Marini\u010d, Filip Kraisl, \u013dubo\u0161 Nemec<\/p>\n<p>&nbsp;<\/p>\n<p><strong>VKP Bratislava &#8211;\u00a0 \u017eeny<\/strong><\/p>\n<p>1 Michaela Mattov\u00e1, libero, 175 cm, naposledy VTC Pezinok<\/p>\n<p>2 Lucia Spev\u00e1r, blok\u00e1rka, 191 cm, n\u00e1vrat po materskej<\/p>\n<p>3 Alexandra Vajdov\u00e1, sme\u010diarka, 182 cm, AON Amazones<\/p>\n<p>5 Ecem Sahin, blok\u00e1rka, 186 cm, Turecko<\/p>\n<p>6 Andrea Snopkov\u00e1, nahr\u00e1va\u010dka, 183 cm, naposledy Sl\u00e1via EU<\/p>\n<p>7 Ema Smie\u0161kov\u00e1, blok\u00e1rka, 186 cm, \u0160\u0160K Bil\u00edkova<\/p>\n<p>8 Vikt\u00f3ria Kov\u00e1\u010dov\u00e1, sme\u010diarka, 178 cm, naposledy VTC Pezinok<\/p>\n<p>9 \u00a0Martina Vajdov\u00e1, sme\u010diarka, 187 cm, \u0160\u0160K Bil\u00edkova<\/p>\n<p>10 Marta Fartelov\u00e1, libero, 178 cm, naposledy VTC Pezinok<\/p>\n<p>11 Nina Boledovi\u010dov\u00e1, blok\u00e1rka, 181 cm, \u0160\u0160K Bil\u00edkova<\/p>\n<p>12 Katar\u00edna Frolov\u00e1, univerz\u00e1lka, 185 cm, \u0160\u0160K Bil\u00edkova<\/p>\n<p>13 Martina \u0160pa\u010dkov\u00e1, blok\u00e1rka, 189 cm, \u0160\u0160K Bil\u00edkova<\/p>\n<p>15 Zuzana P\u00edse\u010dn\u00e1, univerz\u00e1lka, 191 cm, naposledy VTC Pezinok<\/p>\n<p>16 Anna Koh\u00fatov\u00e1, nahr\u00e1va\u010dka, 182 cm, \u0160\u0160K Bil\u00edkova<\/p>\n<p>17 Diana N\u00e1vratov\u00e1, univerz\u00e1lka, 182 cm, \u0160\u0160K Bilikova<\/p>\n<p>18 Kinga Kasprzak, sme\u010diarka, 188 cm, Stiinta Bacau<\/p>\n<p><strong>Tr\u00e9ner:<\/strong> Jaroslav Han\u010d\u00e1k<\/p>\n<p><strong>Asistent tr\u00e9nera:<\/strong> Marek Hric<\/p>\n<p><strong>Asistent tr\u00e9nera:<\/strong> Robert Rodzin\u00e1k<\/p>\n<p><strong>\u0160tatistik:<\/strong> Samuel Rosinsk\u00fd<\/p>\n<p><strong>Kondi\u010dn\u00fd tr\u00e9ner:<\/strong> Miroslav Vav\u00e1k<\/p>\n<p><strong>Mana\u017e\u00e9r t\u00edmu:<\/strong> R\u00f3bert Hronsk\u00fd<\/p>\n<p><strong>Lek\u00e1r:<\/strong> MUDr. Tom\u00e1\u0161 Horv\u00e1th<\/p>\n<p><strong>Lek\u00e1r:<\/strong> MUDr. Martin Somora<\/p>\n<div id='gallery-1' class='gallery galleryid-5563 gallery-columns-3 gallery-size-thumbnail'><figure class='gallery-item'>\n\t\t\t<div class='gallery-icon landscape'>\n\t\t\t\t<a href='https:\/\/www.vkpbratislava.sk\/?attachment_id=5607'><img loading=\"lazy\" decoding=\"async\" width=\"160\" height=\"160\" src=\"https:\/\/www.vkpbratislava.sk\/wp-content\/uploads\/2021\/09\/AL4I0026-1-160x160.jpg\" class=\"attachment-thumbnail size-thumbnail\" alt=\"\" srcset=\"https:\/\/www.vkpbratislava.sk\/wp-content\/uploads\/2021\/09\/AL4I0026-1-160x160.jpg 160w, https:\/\/www.vkpbratislava.sk\/wp-content\/uploads\/2021\/09\/AL4I0026-1-320x320.jpg 320w, https:\/\/www.vkpbratislava.sk\/wp-content\/uploads\/2021\/09\/AL4I0026-1-640x640.jpg 640w, https:\/\/www.vkpbratislava.sk\/wp-content\/uploads\/2021\/09\/AL4I0026-1-1280x1280.jpg 1280w, https:\/\/www.vkpbratislava.sk\/wp-content\/uploads\/2021\/09\/AL4I0026-1-600x600.jpg 600w, https:\/\/www.vkpbratislava.sk\/wp-content\/uploads\/2021\/09\/AL4I0026-1-100x100.jpg 100w\" sizes=\"auto, (max-width: 160px) 100vw, 160px\" \/><\/a>\n\t\t\t<\/div><\/figure><figure class='gallery-item'>\n\t\t\t<div class='gallery-icon landscape'>\n\t\t\t\t<a href='https:\/\/www.vkpbratislava.sk\/?attachment_id=5626'><img loading=\"lazy\" decoding=\"async\" width=\"160\" height=\"160\" src=\"https:\/\/www.vkpbratislava.sk\/wp-content\/uploads\/2021\/09\/AL4I9687-1-160x160.jpg\" class=\"attachment-thumbnail size-thumbnail\" alt=\"\" srcset=\"https:\/\/www.vkpbratislava.sk\/wp-content\/uploads\/2021\/09\/AL4I9687-1-160x160.jpg 160w, https:\/\/www.vkpbratislava.sk\/wp-content\/uploads\/2021\/09\/AL4I9687-1-320x320.jpg 320w, https:\/\/www.vkpbratislava.sk\/wp-content\/uploads\/2021\/09\/AL4I9687-1-640x640.jpg 640w, https:\/\/www.vkpbratislava.sk\/wp-content\/uploads\/2021\/09\/AL4I9687-1-1280x1280.jpg 1280w, https:\/\/www.vkpbratislava.sk\/wp-content\/uploads\/2021\/09\/AL4I9687-1-600x600.jpg 600w, https:\/\/www.vkpbratislava.sk\/wp-content\/uploads\/2021\/09\/AL4I9687-1-100x100.jpg 100w\" sizes=\"auto, (max-width: 160px) 100vw, 160px\" \/><\/a>\n\t\t\t<\/div><\/figure><figure class='gallery-item'>\n\t\t\t<div class='gallery-icon landscape'>\n\t\t\t\t<a href='https:\/\/www.vkpbratislava.sk\/?attachment_id=5624'><img loading=\"lazy\" decoding=\"async\" width=\"160\" height=\"160\" src=\"https:\/\/www.vkpbratislava.sk\/wp-content\/uploads\/2021\/09\/AL4I9811-kopie-160x160.jpg\" class=\"attachment-thumbnail size-thumbnail\" alt=\"\" srcset=\"https:\/\/www.vkpbratislava.sk\/wp-content\/uploads\/2021\/09\/AL4I9811-kopie-160x160.jpg 160w, https:\/\/www.vkpbratislava.sk\/wp-content\/uploads\/2021\/09\/AL4I9811-kopie-320x320.jpg 320w, https:\/\/www.vkpbratislava.sk\/wp-content\/uploads\/2021\/09\/AL4I9811-kopie-640x640.jpg 640w, https:\/\/www.vkpbratislava.sk\/wp-content\/uploads\/2021\/09\/AL4I9811-kopie-1280x1280.jpg 1280w, https:\/\/www.vkpbratislava.sk\/wp-content\/uploads\/2021\/09\/AL4I9811-kopie-600x600.jpg 600w, https:\/\/www.vkpbratislava.sk\/wp-content\/uploads\/2021\/09\/AL4I9811-kopie-100x100.jpg 100w\" sizes=\"auto, (max-width: 160px) 100vw, 160px\" \/><\/a>\n\t\t\t<\/div><\/figure><figure class='gallery-item'>\n\t\t\t<div class='gallery-icon landscape'>\n\t\t\t\t<a href='https:\/\/www.vkpbratislava.sk\/?attachment_id=5628'><img loading=\"lazy\" decoding=\"async\" width=\"160\" height=\"160\" src=\"https:\/\/www.vkpbratislava.sk\/wp-content\/uploads\/2021\/09\/AL4I9725-1-160x160.jpg\" class=\"attachment-thumbnail size-thumbnail\" alt=\"\" srcset=\"https:\/\/www.vkpbratislava.sk\/wp-content\/uploads\/2021\/09\/AL4I9725-1-160x160.jpg 160w, https:\/\/www.vkpbratislava.sk\/wp-content\/uploads\/2021\/09\/AL4I9725-1-320x320.jpg 320w, https:\/\/www.vkpbratislava.sk\/wp-content\/uploads\/2021\/09\/AL4I9725-1-640x640.jpg 640w, https:\/\/www.vkpbratislava.sk\/wp-content\/uploads\/2021\/09\/AL4I9725-1-1280x1280.jpg 1280w, https:\/\/www.vkpbratislava.sk\/wp-content\/uploads\/2021\/09\/AL4I9725-1-600x600.jpg 600w, https:\/\/www.vkpbratislava.sk\/wp-content\/uploads\/2021\/09\/AL4I9725-1-100x100.jpg 100w\" sizes=\"auto, (max-width: 160px) 100vw, 160px\" \/><\/a>\n\t\t\t<\/div><\/figure><figure class='gallery-item'>\n\t\t\t<div class='gallery-icon landscape'>\n\t\t\t\t<a href='https:\/\/www.vkpbratislava.sk\/?attachment_id=5619'><img loading=\"lazy\" decoding=\"async\" width=\"160\" height=\"160\" src=\"https:\/\/www.vkpbratislava.sk\/wp-content\/uploads\/2021\/09\/AL4I9779-160x160.jpg\" class=\"attachment-thumbnail size-thumbnail\" alt=\"\" srcset=\"https:\/\/www.vkpbratislava.sk\/wp-content\/uploads\/2021\/09\/AL4I9779-160x160.jpg 160w, https:\/\/www.vkpbratislava.sk\/wp-content\/uploads\/2021\/09\/AL4I9779-320x320.jpg 320w, https:\/\/www.vkpbratislava.sk\/wp-content\/uploads\/2021\/09\/AL4I9779-640x640.jpg 640w, https:\/\/www.vkpbratislava.sk\/wp-content\/uploads\/2021\/09\/AL4I9779-1280x1280.jpg 1280w, https:\/\/www.vkpbratislava.sk\/wp-content\/uploads\/2021\/09\/AL4I9779-600x600.jpg 600w, https:\/\/www.vkpbratislava.sk\/wp-content\/uploads\/2021\/09\/AL4I9779-100x100.jpg 100w\" sizes=\"auto, (max-width: 160px) 100vw, 160px\" \/><\/a>\n\t\t\t<\/div><\/figure><figure class='gallery-item'>\n\t\t\t<div class='gallery-icon landscape'>\n\t\t\t\t<a href='https:\/\/www.vkpbratislava.sk\/?attachment_id=5617'><img loading=\"lazy\" decoding=\"async\" width=\"160\" height=\"160\" src=\"https:\/\/www.vkpbratislava.sk\/wp-content\/uploads\/2021\/09\/AL4I9629-1-160x160.jpg\" class=\"attachment-thumbnail size-thumbnail\" alt=\"\" srcset=\"https:\/\/www.vkpbratislava.sk\/wp-content\/uploads\/2021\/09\/AL4I9629-1-160x160.jpg 160w, https:\/\/www.vkpbratislava.sk\/wp-content\/uploads\/2021\/09\/AL4I9629-1-320x320.jpg 320w, https:\/\/www.vkpbratislava.sk\/wp-content\/uploads\/2021\/09\/AL4I9629-1-640x640.jpg 640w, https:\/\/www.vkpbratislava.sk\/wp-content\/uploads\/2021\/09\/AL4I9629-1-1280x1280.jpg 1280w, https:\/\/www.vkpbratislava.sk\/wp-content\/uploads\/2021\/09\/AL4I9629-1-600x600.jpg 600w, https:\/\/www.vkpbratislava.sk\/wp-content\/uploads\/2021\/09\/AL4I9629-1-100x100.jpg 100w\" sizes=\"auto, (max-width: 160px) 100vw, 160px\" \/><\/a>\n\t\t\t<\/div><\/figure><figure class='gallery-item'>\n\t\t\t<div class='gallery-icon landscape'>\n\t\t\t\t<a href='https:\/\/www.vkpbratislava.sk\/?attachment_id=5611'><img loading=\"lazy\" decoding=\"async\" width=\"160\" height=\"160\" src=\"https:\/\/www.vkpbratislava.sk\/wp-content\/uploads\/2021\/09\/AL4I9788-160x160.jpg\" class=\"attachment-thumbnail size-thumbnail\" alt=\"\" srcset=\"https:\/\/www.vkpbratislava.sk\/wp-content\/uploads\/2021\/09\/AL4I9788-160x160.jpg 160w, https:\/\/www.vkpbratislava.sk\/wp-content\/uploads\/2021\/09\/AL4I9788-320x320.jpg 320w, https:\/\/www.vkpbratislava.sk\/wp-content\/uploads\/2021\/09\/AL4I9788-640x640.jpg 640w, https:\/\/www.vkpbratislava.sk\/wp-content\/uploads\/2021\/09\/AL4I9788-1280x1280.jpg 1280w, https:\/\/www.vkpbratislava.sk\/wp-content\/uploads\/2021\/09\/AL4I9788-600x600.jpg 600w, https:\/\/www.vkpbratislava.sk\/wp-content\/uploads\/2021\/09\/AL4I9788-100x100.jpg 100w\" sizes=\"auto, (max-width: 160px) 100vw, 160px\" \/><\/a>\n\t\t\t<\/div><\/figure><figure class='gallery-item'>\n\t\t\t<div class='gallery-icon portrait'>\n\t\t\t\t<a href='https:\/\/www.vkpbratislava.sk\/?attachment_id=5610'><img loading=\"lazy\" decoding=\"async\" width=\"160\" height=\"160\" src=\"https:\/\/www.vkpbratislava.sk\/wp-content\/uploads\/2021\/09\/AL4I9818-160x160.jpg\" class=\"attachment-thumbnail size-thumbnail\" alt=\"\" srcset=\"https:\/\/www.vkpbratislava.sk\/wp-content\/uploads\/2021\/09\/AL4I9818-160x160.jpg 160w, https:\/\/www.vkpbratislava.sk\/wp-content\/uploads\/2021\/09\/AL4I9818-320x320.jpg 320w, https:\/\/www.vkpbratislava.sk\/wp-content\/uploads\/2021\/09\/AL4I9818-640x640.jpg 640w, https:\/\/www.vkpbratislava.sk\/wp-content\/uploads\/2021\/09\/AL4I9818-1280x1280.jpg 1280w, https:\/\/www.vkpbratislava.sk\/wp-content\/uploads\/2021\/09\/AL4I9818-600x600.jpg 600w, https:\/\/www.vkpbratislava.sk\/wp-content\/uploads\/2021\/09\/AL4I9818-100x100.jpg 100w\" sizes=\"auto, (max-width: 160px) 100vw, 160px\" \/><\/a>\n\t\t\t<\/div><\/figure><figure class='gallery-item'>\n\t\t\t<div class='gallery-icon landscape'>\n\t\t\t\t<a href='https:\/\/www.vkpbratislava.sk\/?attachment_id=5603'><img loading=\"lazy\" decoding=\"async\" width=\"160\" height=\"160\" src=\"https:\/\/www.vkpbratislava.sk\/wp-content\/uploads\/2021\/09\/AL4I9844-1-160x160.jpg\" class=\"attachment-thumbnail size-thumbnail\" alt=\"\" srcset=\"https:\/\/www.vkpbratislava.sk\/wp-content\/uploads\/2021\/09\/AL4I9844-1-160x160.jpg 160w, https:\/\/www.vkpbratislava.sk\/wp-content\/uploads\/2021\/09\/AL4I9844-1-320x320.jpg 320w, https:\/\/www.vkpbratislava.sk\/wp-content\/uploads\/2021\/09\/AL4I9844-1-640x640.jpg 640w, https:\/\/www.vkpbratislava.sk\/wp-content\/uploads\/2021\/09\/AL4I9844-1-1280x1280.jpg 1280w, https:\/\/www.vkpbratislava.sk\/wp-content\/uploads\/2021\/09\/AL4I9844-1-600x600.jpg 600w, https:\/\/www.vkpbratislava.sk\/wp-content\/uploads\/2021\/09\/AL4I9844-1-100x100.jpg 100w\" sizes=\"auto, (max-width: 160px) 100vw, 160px\" \/><\/a>\n\t\t\t<\/div><\/figure><figure class='gallery-item'>\n\t\t\t<div class='gallery-icon landscape'>\n\t\t\t\t<a href='https:\/\/www.vkpbratislava.sk\/?attachment_id=5602'><img loading=\"lazy\" decoding=\"async\" width=\"160\" height=\"160\" src=\"https:\/\/www.vkpbratislava.sk\/wp-content\/uploads\/2021\/09\/AL4I0063-kopie-2-160x160.jpg\" class=\"attachment-thumbnail size-thumbnail\" alt=\"\" srcset=\"https:\/\/www.vkpbratislava.sk\/wp-content\/uploads\/2021\/09\/AL4I0063-kopie-2-160x160.jpg 160w, https:\/\/www.vkpbratislava.sk\/wp-content\/uploads\/2021\/09\/AL4I0063-kopie-2-320x320.jpg 320w, https:\/\/www.vkpbratislava.sk\/wp-content\/uploads\/2021\/09\/AL4I0063-kopie-2-640x640.jpg 640w, https:\/\/www.vkpbratislava.sk\/wp-content\/uploads\/2021\/09\/AL4I0063-kopie-2-1280x1280.jpg 1280w, https:\/\/www.vkpbratislava.sk\/wp-content\/uploads\/2021\/09\/AL4I0063-kopie-2-600x600.jpg 600w, https:\/\/www.vkpbratislava.sk\/wp-content\/uploads\/2021\/09\/AL4I0063-kopie-2-100x100.jpg 100w\" sizes=\"auto, (max-width: 160px) 100vw, 160px\" \/><\/a>\n\t\t\t<\/div><\/figure><figure class='gallery-item'>\n\t\t\t<div class='gallery-icon landscape'>\n\t\t\t\t<a href='https:\/\/www.vkpbratislava.sk\/?attachment_id=5613'><img loading=\"lazy\" decoding=\"async\" width=\"160\" height=\"160\" src=\"https:\/\/www.vkpbratislava.sk\/wp-content\/uploads\/2021\/09\/AL4I9776-160x160.jpg\" class=\"attachment-thumbnail size-thumbnail\" alt=\"\" srcset=\"https:\/\/www.vkpbratislava.sk\/wp-content\/uploads\/2021\/09\/AL4I9776-160x160.jpg 160w, https:\/\/www.vkpbratislava.sk\/wp-content\/uploads\/2021\/09\/AL4I9776-320x320.jpg 320w, https:\/\/www.vkpbratislava.sk\/wp-content\/uploads\/2021\/09\/AL4I9776-640x640.jpg 640w, https:\/\/www.vkpbratislava.sk\/wp-content\/uploads\/2021\/09\/AL4I9776-1280x1280.jpg 1280w, https:\/\/www.vkpbratislava.sk\/wp-content\/uploads\/2021\/09\/AL4I9776-600x600.jpg 600w, https:\/\/www.vkpbratislava.sk\/wp-content\/uploads\/2021\/09\/AL4I9776-100x100.jpg 100w\" sizes=\"auto, (max-width: 160px) 100vw, 160px\" \/><\/a>\n\t\t\t<\/div><\/figure><figure class='gallery-item'>\n\t\t\t<div class='gallery-icon landscape'>\n\t\t\t\t<a href='https:\/\/www.vkpbratislava.sk\/?attachment_id=5601'><img loading=\"lazy\" decoding=\"async\" width=\"160\" height=\"160\" src=\"https:\/\/www.vkpbratislava.sk\/wp-content\/uploads\/2021\/09\/AL4I9715-2-160x160.jpg\" class=\"attachment-thumbnail size-thumbnail\" alt=\"\" srcset=\"https:\/\/www.vkpbratislava.sk\/wp-content\/uploads\/2021\/09\/AL4I9715-2-160x160.jpg 160w, https:\/\/www.vkpbratislava.sk\/wp-content\/uploads\/2021\/09\/AL4I9715-2-320x320.jpg 320w, https:\/\/www.vkpbratislava.sk\/wp-content\/uploads\/2021\/09\/AL4I9715-2-640x640.jpg 640w, https:\/\/www.vkpbratislava.sk\/wp-content\/uploads\/2021\/09\/AL4I9715-2-1280x1280.jpg 1280w, https:\/\/www.vkpbratislava.sk\/wp-content\/uploads\/2021\/09\/AL4I9715-2-600x600.jpg 600w, https:\/\/www.vkpbratislava.sk\/wp-content\/uploads\/2021\/09\/AL4I9715-2-100x100.jpg 100w\" sizes=\"auto, (max-width: 160px) 100vw, 160px\" \/><\/a>\n\t\t\t<\/div><\/figure>\n\t\t<\/div>\n\n","protected":false},"excerpt":{"rendered":"<p>Z\u00e1stupcovia VKP Bratislava sa posadili pred novin\u00e1rov, aby na tla\u010dovej konferencii predstavili v\u00edzie, ciele a\u00a0povedali novinky z\u00a0kuchyne klubu pred sez\u00f3nou 2021\/2022.<\/p>\n","protected":false},"author":3,"featured_media":5614,"comment_status":"closed","ping_status":"open","sticky":false,"template":"","format":"standard","meta":{"_monsterinsights_skip_tracking":false,"_monsterinsights_sitenote_active":false,"_monsterinsights_sitenote_note":"","_monsterinsights_sitenote_category":0,"footnotes":""},"categories":[47,48],"tags":[],"class_list":["post-5563","post","type-post","status-publish","format-standard","has-post-thumbnail","hentry","category-muzi","category-zeny"],"yoast_head":"<!-- This site is optimized with the Yoast SEO plugin v25.6 - https:\/\/yoast.com\/wordpress\/plugins\/seo\/ -->\n<title>\u0160tart sez\u00f3ny je tu, amb\u00edciou medaily - VK SLOVAN Bratislava<\/title>\n<meta name=\"description\" content=\"Z\u00e1stupcovia VKP Bratislava sa posadili pred novin\u00e1rov, aby na tla\u010dovej konferencii predstavili v\u00edzie, ciele a\u00a0povedali novinky z\u00a0kuchyne klubu pred sez\u00f3nou 2021\/2022.\" \/>\n<meta name=\"robots\" content=\"index, follow, max-snippet:-1, max-image-preview:large, max-video-preview:-1\" \/>\n<link rel=\"canonical\" href=\"https:\/\/www.vkpbratislava.sk\/?p=5563\" \/>\n<meta property=\"og:locale\" content=\"sk_SK\" \/>\n<meta property=\"og:type\" content=\"article\" \/>\n<meta property=\"og:title\" content=\"\u0160tart sez\u00f3ny je tu, amb\u00edciou medaily - VK SLOVAN Bratislava\" \/>\n<meta property=\"og:description\" content=\"Z\u00e1stupcovia VKP Bratislava sa posadili pred novin\u00e1rov, aby na tla\u010dovej konferencii predstavili v\u00edzie, ciele a\u00a0povedali novinky z\u00a0kuchyne klubu pred sez\u00f3nou 2021\/2022.\" \/>\n<meta property=\"og:url\" content=\"https:\/\/www.vkpbratislava.sk\/?p=5563\" \/>\n<meta property=\"og:site_name\" content=\"VK SLOVAN Bratislava\" \/>\n<meta property=\"article:published_time\" content=\"2021-09-23T16:17:04+00:00\" \/>\n<meta property=\"article:modified_time\" content=\"2021-09-24T08:35:20+00:00\" \/>\n<meta property=\"og:image\" content=\"https:\/\/www.vkpbratislava.sk\/wp-content\/uploads\/2021\/09\/AL4I9825-scaled.jpg\" \/>\n\t<meta property=\"og:image:width\" content=\"2560\" \/>\n\t<meta property=\"og:image:height\" content=\"1707\" \/>\n\t<meta property=\"og:image:type\" content=\"image\/jpeg\" \/>\n<meta name=\"author\" content=\"jenca\" \/>\n<meta name=\"twitter:card\" content=\"summary_large_image\" \/>\n<meta name=\"twitter:label1\" content=\"Autor\" \/>\n\t<meta name=\"twitter:data1\" content=\"jenca\" \/>\n\t<meta name=\"twitter:label2\" content=\"Predpokladan\u00fd \u010das \u010d\u00edtania\" \/>\n\t<meta name=\"twitter:data2\" content=\"5 min\u00fat\" \/>\n<script type=\"application\/ld+json\" class=\"yoast-schema-graph\">{\"@context\":\"https:\/\/schema.org\",\"@graph\":[{\"@type\":\"Article\",\"@id\":\"https:\/\/www.vkpbratislava.sk\/?p=5563#article\",\"isPartOf\":{\"@id\":\"https:\/\/www.vkpbratislava.sk\/?p=5563\"},\"author\":{\"name\":\"jenca\",\"@id\":\"https:\/\/www.vkpbratislava.sk\/#\/schema\/person\/7037e769f9515aa58493d1b5852c4c50\"},\"headline\":\"\u0160tart sez\u00f3ny je tu, amb\u00edciou medaily\",\"datePublished\":\"2021-09-23T16:17:04+00:00\",\"dateModified\":\"2021-09-24T08:35:20+00:00\",\"mainEntityOfPage\":{\"@id\":\"https:\/\/www.vkpbratislava.sk\/?p=5563\"},\"wordCount\":1254,\"publisher\":{\"@id\":\"https:\/\/www.vkpbratislava.sk\/#organization\"},\"image\":{\"@id\":\"https:\/\/www.vkpbratislava.sk\/?p=5563#primaryimage\"},\"thumbnailUrl\":\"https:\/\/www.vkpbratislava.sk\/wp-content\/uploads\/2021\/09\/AL4I9825-scaled.jpg\",\"articleSection\":[\"Mu\u017ei\",\"\u017deny\"],\"inLanguage\":\"sk-SK\"},{\"@type\":\"WebPage\",\"@id\":\"https:\/\/www.vkpbratislava.sk\/?p=5563\",\"url\":\"https:\/\/www.vkpbratislava.sk\/?p=5563\",\"name\":\"\u0160tart sez\u00f3ny je tu, amb\u00edciou medaily - VK SLOVAN Bratislava\",\"isPartOf\":{\"@id\":\"https:\/\/www.vkpbratislava.sk\/#website\"},\"primaryImageOfPage\":{\"@id\":\"https:\/\/www.vkpbratislava.sk\/?p=5563#primaryimage\"},\"image\":{\"@id\":\"https:\/\/www.vkpbratislava.sk\/?p=5563#primaryimage\"},\"thumbnailUrl\":\"https:\/\/www.vkpbratislava.sk\/wp-content\/uploads\/2021\/09\/AL4I9825-scaled.jpg\",\"datePublished\":\"2021-09-23T16:17:04+00:00\",\"dateModified\":\"2021-09-24T08:35:20+00:00\",\"description\":\"Z\u00e1stupcovia VKP Bratislava sa posadili pred novin\u00e1rov, aby na tla\u010dovej konferencii predstavili v\u00edzie, ciele a\u00a0povedali novinky z\u00a0kuchyne klubu pred sez\u00f3nou 2021\/2022.\",\"breadcrumb\":{\"@id\":\"https:\/\/www.vkpbratislava.sk\/?p=5563#breadcrumb\"},\"inLanguage\":\"sk-SK\",\"potentialAction\":[{\"@type\":\"ReadAction\",\"target\":[\"https:\/\/www.vkpbratislava.sk\/?p=5563\"]}]},{\"@type\":\"ImageObject\",\"inLanguage\":\"sk-SK\",\"@id\":\"https:\/\/www.vkpbratislava.sk\/?p=5563#primaryimage\",\"url\":\"https:\/\/www.vkpbratislava.sk\/wp-content\/uploads\/2021\/09\/AL4I9825-scaled.jpg\",\"contentUrl\":\"https:\/\/www.vkpbratislava.sk\/wp-content\/uploads\/2021\/09\/AL4I9825-scaled.jpg\",\"width\":2560,\"height\":1707,\"caption\":\"Na sn\u00edmke predsedn\u00ed\u010dka poslaneck\u00e9ho klubu strany Sloboda a Solidarita, environmentalistka a poslanky\u0148a N\u00e1rodnej rady Slovenskej republiky Anna Zemanov\u00e1.\"},{\"@type\":\"BreadcrumbList\",\"@id\":\"https:\/\/www.vkpbratislava.sk\/?p=5563#breadcrumb\",\"itemListElement\":[{\"@type\":\"ListItem\",\"position\":1,\"name\":\"Domov\",\"item\":\"https:\/\/www.vkpbratislava.sk\/\"},{\"@type\":\"ListItem\",\"position\":2,\"name\":\"\u0160tart sez\u00f3ny je tu, amb\u00edciou medaily\"}]},{\"@type\":\"WebSite\",\"@id\":\"https:\/\/www.vkpbratislava.sk\/#website\",\"url\":\"https:\/\/www.vkpbratislava.sk\/\",\"name\":\"VK SLOVAN Bratislava\",\"description\":\"Volejbalov\u00fd klub\",\"publisher\":{\"@id\":\"https:\/\/www.vkpbratislava.sk\/#organization\"},\"potentialAction\":[{\"@type\":\"SearchAction\",\"target\":{\"@type\":\"EntryPoint\",\"urlTemplate\":\"https:\/\/www.vkpbratislava.sk\/?s={search_term_string}\"},\"query-input\":{\"@type\":\"PropertyValueSpecification\",\"valueRequired\":true,\"valueName\":\"search_term_string\"}}],\"inLanguage\":\"sk-SK\"},{\"@type\":\"Organization\",\"@id\":\"https:\/\/www.vkpbratislava.sk\/#organization\",\"name\":\"VKP Bratislava\",\"url\":\"https:\/\/www.vkpbratislava.sk\/\",\"logo\":{\"@type\":\"ImageObject\",\"inLanguage\":\"sk-SK\",\"@id\":\"https:\/\/www.vkpbratislava.sk\/#\/schema\/logo\/image\/\",\"url\":\"https:\/\/www.vkpbratislava.sk\/wp-content\/uploads\/2020\/10\/vkpBA.png\",\"contentUrl\":\"https:\/\/www.vkpbratislava.sk\/wp-content\/uploads\/2020\/10\/vkpBA.png\",\"width\":600,\"height\":600,\"caption\":\"VKP Bratislava\"},\"image\":{\"@id\":\"https:\/\/www.vkpbratislava.sk\/#\/schema\/logo\/image\/\"}},{\"@type\":\"Person\",\"@id\":\"https:\/\/www.vkpbratislava.sk\/#\/schema\/person\/7037e769f9515aa58493d1b5852c4c50\",\"name\":\"jenca\",\"image\":{\"@type\":\"ImageObject\",\"inLanguage\":\"sk-SK\",\"@id\":\"https:\/\/www.vkpbratislava.sk\/#\/schema\/person\/image\/\",\"url\":\"https:\/\/secure.gravatar.com\/avatar\/67aa89e9aab2911bbd0c6fbf0a891ea8d80c207c9b6a6e2c96e13fc2f16e536d?s=96&d=mm&r=g\",\"contentUrl\":\"https:\/\/secure.gravatar.com\/avatar\/67aa89e9aab2911bbd0c6fbf0a891ea8d80c207c9b6a6e2c96e13fc2f16e536d?s=96&d=mm&r=g\",\"caption\":\"jenca\"},\"url\":\"https:\/\/www.vkpbratislava.sk\/?author=3\"}]}<\/script>\n<!-- \/ Yoast SEO plugin. -->","yoast_head_json":{"title":"\u0160tart sez\u00f3ny je tu, amb\u00edciou medaily - VK SLOVAN Bratislava","description":"Z\u00e1stupcovia VKP Bratislava sa posadili pred novin\u00e1rov, aby na tla\u010dovej konferencii predstavili v\u00edzie, ciele a\u00a0povedali novinky z\u00a0kuchyne klubu pred sez\u00f3nou 2021\/2022.","robots":{"index":"index","follow":"follow","max-snippet":"max-snippet:-1","max-image-preview":"max-image-preview:large","max-video-preview":"max-video-preview:-1"},"canonical":"https:\/\/www.vkpbratislava.sk\/?p=5563","og_locale":"sk_SK","og_type":"article","og_title":"\u0160tart sez\u00f3ny je tu, amb\u00edciou medaily - VK SLOVAN Bratislava","og_description":"Z\u00e1stupcovia VKP Bratislava sa posadili pred novin\u00e1rov, aby na tla\u010dovej konferencii predstavili v\u00edzie, ciele a\u00a0povedali novinky z\u00a0kuchyne klubu pred sez\u00f3nou 2021\/2022.","og_url":"https:\/\/www.vkpbratislava.sk\/?p=5563","og_site_name":"VK SLOVAN Bratislava","article_published_time":"2021-09-23T16:17:04+00:00","article_modified_time":"2021-09-24T08:35:20+00:00","og_image":[{"width":2560,"height":1707,"url":"https:\/\/www.vkpbratislava.sk\/wp-content\/uploads\/2021\/09\/AL4I9825-scaled.jpg","type":"image\/jpeg"}],"author":"jenca","twitter_card":"summary_large_image","twitter_misc":{"Autor":"jenca","Predpokladan\u00fd \u010das \u010d\u00edtania":"5 min\u00fat"},"schema":{"@context":"https:\/\/schema.org","@graph":[{"@type":"Article","@id":"https:\/\/www.vkpbratislava.sk\/?p=5563#article","isPartOf":{"@id":"https:\/\/www.vkpbratislava.sk\/?p=5563"},"author":{"name":"jenca","@id":"https:\/\/www.vkpbratislava.sk\/#\/schema\/person\/7037e769f9515aa58493d1b5852c4c50"},"headline":"\u0160tart sez\u00f3ny je tu, amb\u00edciou medaily","datePublished":"2021-09-23T16:17:04+00:00","dateModified":"2021-09-24T08:35:20+00:00","mainEntityOfPage":{"@id":"https:\/\/www.vkpbratislava.sk\/?p=5563"},"wordCount":1254,"publisher":{"@id":"https:\/\/www.vkpbratislava.sk\/#organization"},"image":{"@id":"https:\/\/www.vkpbratislava.sk\/?p=5563#primaryimage"},"thumbnailUrl":"https:\/\/www.vkpbratislava.sk\/wp-content\/uploads\/2021\/09\/AL4I9825-scaled.jpg","articleSection":["Mu\u017ei","\u017deny"],"inLanguage":"sk-SK"},{"@type":"WebPage","@id":"https:\/\/www.vkpbratislava.sk\/?p=5563","url":"https:\/\/www.vkpbratislava.sk\/?p=5563","name":"\u0160tart sez\u00f3ny je tu, amb\u00edciou medaily - VK SLOVAN Bratislava","isPartOf":{"@id":"https:\/\/www.vkpbratislava.sk\/#website"},"primaryImageOfPage":{"@id":"https:\/\/www.vkpbratislava.sk\/?p=5563#primaryimage"},"image":{"@id":"https:\/\/www.vkpbratislava.sk\/?p=5563#primaryimage"},"thumbnailUrl":"https:\/\/www.vkpbratislava.sk\/wp-content\/uploads\/2021\/09\/AL4I9825-scaled.jpg","datePublished":"2021-09-23T16:17:04+00:00","dateModified":"2021-09-24T08:35:20+00:00","description":"Z\u00e1stupcovia VKP Bratislava sa posadili pred novin\u00e1rov, aby na tla\u010dovej konferencii predstavili v\u00edzie, ciele a\u00a0povedali novinky z\u00a0kuchyne klubu pred sez\u00f3nou 2021\/2022.","breadcrumb":{"@id":"https:\/\/www.vkpbratislava.sk\/?p=5563#breadcrumb"},"inLanguage":"sk-SK","potentialAction":[{"@type":"ReadAction","target":["https:\/\/www.vkpbratislava.sk\/?p=5563"]}]},{"@type":"ImageObject","inLanguage":"sk-SK","@id":"https:\/\/www.vkpbratislava.sk\/?p=5563#primaryimage","url":"https:\/\/www.vkpbratislava.sk\/wp-content\/uploads\/2021\/09\/AL4I9825-scaled.jpg","contentUrl":"https:\/\/www.vkpbratislava.sk\/wp-content\/uploads\/2021\/09\/AL4I9825-scaled.jpg","width":2560,"height":1707,"caption":"Na sn\u00edmke predsedn\u00ed\u010dka poslaneck\u00e9ho klubu strany Sloboda a Solidarita, environmentalistka a poslanky\u0148a N\u00e1rodnej rady Slovenskej republiky Anna Zemanov\u00e1."},{"@type":"BreadcrumbList","@id":"https:\/\/www.vkpbratislava.sk\/?p=5563#breadcrumb","itemListElement":[{"@type":"ListItem","position":1,"name":"Domov","item":"https:\/\/www.vkpbratislava.sk\/"},{"@type":"ListItem","position":2,"name":"\u0160tart sez\u00f3ny je tu, amb\u00edciou medaily"}]},{"@type":"WebSite","@id":"https:\/\/www.vkpbratislava.sk\/#website","url":"https:\/\/www.vkpbratislava.sk\/","name":"VK SLOVAN Bratislava","description":"Volejbalov\u00fd klub","publisher":{"@id":"https:\/\/www.vkpbratislava.sk\/#organization"},"potentialAction":[{"@type":"SearchAction","target":{"@type":"EntryPoint","urlTemplate":"https:\/\/www.vkpbratislava.sk\/?s={search_term_string}"},"query-input":{"@type":"PropertyValueSpecification","valueRequired":true,"valueName":"search_term_string"}}],"inLanguage":"sk-SK"},{"@type":"Organization","@id":"https:\/\/www.vkpbratislava.sk\/#organization","name":"VKP Bratislava","url":"https:\/\/www.vkpbratislava.sk\/","logo":{"@type":"ImageObject","inLanguage":"sk-SK","@id":"https:\/\/www.vkpbratislava.sk\/#\/schema\/logo\/image\/","url":"https:\/\/www.vkpbratislava.sk\/wp-content\/uploads\/2020\/10\/vkpBA.png","contentUrl":"https:\/\/www.vkpbratislava.sk\/wp-content\/uploads\/2020\/10\/vkpBA.png","width":600,"height":600,"caption":"VKP Bratislava"},"image":{"@id":"https:\/\/www.vkpbratislava.sk\/#\/schema\/logo\/image\/"}},{"@type":"Person","@id":"https:\/\/www.vkpbratislava.sk\/#\/schema\/person\/7037e769f9515aa58493d1b5852c4c50","name":"jenca","image":{"@type":"ImageObject","inLanguage":"sk-SK","@id":"https:\/\/www.vkpbratislava.sk\/#\/schema\/person\/image\/","url":"https:\/\/secure.gravatar.com\/avatar\/67aa89e9aab2911bbd0c6fbf0a891ea8d80c207c9b6a6e2c96e13fc2f16e536d?s=96&d=mm&r=g","contentUrl":"https:\/\/secure.gravatar.com\/avatar\/67aa89e9aab2911bbd0c6fbf0a891ea8d80c207c9b6a6e2c96e13fc2f16e536d?s=96&d=mm&r=g","caption":"jenca"},"url":"https:\/\/www.vkpbratislava.sk\/?author=3"}]}},"_links":{"self":[{"href":"https:\/\/www.vkpbratislava.sk\/index.php?rest_route=\/wp\/v2\/posts\/5563","targetHints":{"allow":["GET"]}}],"collection":[{"href":"https:\/\/www.vkpbratislava.sk\/index.php?rest_route=\/wp\/v2\/posts"}],"about":[{"href":"https:\/\/www.vkpbratislava.sk\/index.php?rest_route=\/wp\/v2\/types\/post"}],"author":[{"embeddable":true,"href":"https:\/\/www.vkpbratislava.sk\/index.php?rest_route=\/wp\/v2\/users\/3"}],"replies":[{"embeddable":true,"href":"https:\/\/www.vkpbratislava.sk\/index.php?rest_route=%2Fwp%2Fv2%2Fcomments&post=5563"}],"version-history":[{"count":5,"href":"https:\/\/www.vkpbratislava.sk\/index.php?rest_route=\/wp\/v2\/posts\/5563\/revisions"}],"predecessor-version":[{"id":5638,"href":"https:\/\/www.vkpbratislava.sk\/index.php?rest_route=\/wp\/v2\/posts\/5563\/revisions\/5638"}],"wp:featuredmedia":[{"embeddable":true,"href":"https:\/\/www.vkpbratislava.sk\/index.php?rest_route=\/wp\/v2\/media\/5614"}],"wp:attachment":[{"href":"https:\/\/www.vkpbratislava.sk\/index.php?rest_route=%2Fwp%2Fv2%2Fmedia&parent=5563"}],"wp:term":[{"taxonomy":"category","embeddable":true,"href":"https:\/\/www.vkpbratislava.sk\/index.php?rest_route=%2Fwp%2Fv2%2Fcategories&post=5563"},{"taxonomy":"post_tag","embeddable":true,"href":"https:\/\/www.vkpbratislava.sk\/index.php?rest_route=%2Fwp%2Fv2%2Ftags&post=5563"}],"curies":[{"name":"wp","href":"https:\/\/api.w.org\/{rel}","templated":true}]}}