{"id":6029,"date":"2021-10-01T07:35:19","date_gmt":"2021-10-01T05:35:19","guid":{"rendered":"https:\/\/www.vkpbratislava.sk\/?p=6029"},"modified":"2021-10-01T07:36:09","modified_gmt":"2021-10-01T05:36:09","slug":"je-tu-mevza-v-prvom-zapase-derby-na-myjave","status":"publish","type":"post","link":"https:\/\/www.vkpbratislava.sk\/?p=6029","title":{"rendered":"Je tu MEVZA. Na Myjavu v bojovej n\u00e1lade"},"content":{"rendered":"<p>Do\u010dkali sme sa aj \u0161tartu Stredoeur\u00f3pskej ligy MEVZA. Vy\u017erebovanie n\u00e1m hne\u010f v\u00a0prvom z\u00e1pase dalo do cesty volejbalistov Myjavy (piatok, 1. 10. o 18.00 h), s\u00a0ktor\u00fdmi sa v\u00a0slovenskom derby pobijeme o\u00a0prv\u00e9 body do tabu\u013eky.<\/p>\n<p>S\u00a0dne\u0161n\u00fdm s\u00faperom sa v\u00a0sez\u00f3ne stretneme viackr\u00e1t. Dokonca sme s \u201ekopani\u010diarmi\u201c odohrali aj dva pr\u00edpravn\u00e9 z\u00e1pasy. Najsk\u00f4r doma, kde sme s\u00fapera bez reprezenta\u010dn\u00fdch op\u00f4r porazili a\u00a0n\u00e1sledne na turnaji v\u00a0Ostrave, kde sme s\u00a0nimi tesne prehrali. \u201eM\u00e1me ich aj v\u00a0extralige, teraz si Myjavu odsk\u00fa\u0161ame aj v\u00a0inej s\u00fa\u0165a\u017ei. Atmosf\u00e9ra v\u00a0t\u00edme je dobr\u00e1, st\u00e1le bojovn\u00e1. Sna\u017e\u00edme sa, aby to na tr\u00e9ningu v\u017edy \u0161\u013eapalo. Niekedy to nejde, pripisujeme to u\u017e v\u0161eli\u010domu, ale mus\u00edme sa pozit\u00edvne nastavi\u0165 na ka\u017ed\u00fd tr\u00e9ning \u010di z\u00e1pas. V\u00a0sez\u00f3ne ich bude ve\u013ea. Do z\u00e1pasu s\u00a0Myjavou ideme ur\u010dite bojovne nastaven\u00ed,\u201c uviedol univerz\u00e1l \u013dubo\u0161 Kostol\u00e1ni. \u201eV\u0161etci sa te\u0161\u00edme, \u017ee to cel\u00e9 u\u017e za\u010d\u00edna. Te\u0161\u00edme sa, \u017ee prv\u00fdm s\u00faperom je pr\u00e1ve Myjava, ktor\u00e1 n\u00e1s ur\u010dite ve\u013emi dobre prever\u00ed a uk\u00e1\u017ee na \u010dom sme. Ideme sa pobi\u0165 o\u00a0v\u00ed\u0165azstvo,\u201c doplnil tr\u00e9ner VKP Mat\u00fa\u0161 Kaln\u00fd.<\/p>\n<div class=\"bt-video-container\"><iframe loading=\"lazy\" title=\"PREVIEW | \u013dUBO\u0160 KOSTOL\u00c1NI | Myjava - VKP Bratislava\" width=\"1200\" height=\"675\" src=\"https:\/\/www.youtube.com\/embed\/TVYGmAp41Mg?feature=oembed\" frameborder=\"0\" allow=\"accelerometer; autoplay; clipboard-write; encrypted-media; gyroscope; picture-in-picture\" allowfullscreen><\/iframe><\/div>\n","protected":false},"excerpt":{"rendered":"<p>Do\u010dkali sme sa aj \u0161tartu Stredoeur\u00f3pskej ligy MEVZA. Vy\u017erebovanie n\u00e1m hne\u010f v\u00a0prvom z\u00e1pase dalo do cesty volejbalistov Myjavy (piatok, 1. 10. o 18.00 h), s\u00a0ktor\u00fdmi sa v\u00a0slovenskom derby pobijeme o\u00a0prv\u00e9 body do tabu\u013eky.<\/p>\n","protected":false},"author":3,"featured_media":6034,"comment_status":"closed","ping_status":"open","sticky":false,"template":"","format":"standard","meta":{"_monsterinsights_skip_tracking":false,"_monsterinsights_sitenote_active":false,"_monsterinsights_sitenote_note":"","_monsterinsights_sitenote_category":0,"footnotes":""},"categories":[47],"tags":[],"class_list":["post-6029","post","type-post","status-publish","format-standard","has-post-thumbnail","hentry","category-muzi"],"yoast_head":"<!-- This site is optimized with the Yoast SEO plugin v25.6 - https:\/\/yoast.com\/wordpress\/plugins\/seo\/ -->\n<title>Je tu MEVZA. Na Myjavu v bojovej n\u00e1lade - VK SLOVAN Bratislava<\/title>\n<meta name=\"description\" content=\"Do\u010dkali sme sa aj \u0161tartu Stredoeur\u00f3pskej ligy MEVZA. Vy\u017erebovanie n\u00e1m hne\u010f v\u00a0prvom z\u00e1pase dalo do cesty volejbalistov Myjavy (piatok, 1. 10. o 18.00 h), s\u00a0ktor\u00fdmi sa v\u00a0slovenskom derby pobijeme o\u00a0prv\u00e9 body do tabu\u013eky.\" \/>\n<meta name=\"robots\" content=\"index, follow, max-snippet:-1, max-image-preview:large, max-video-preview:-1\" \/>\n<link rel=\"canonical\" href=\"https:\/\/www.vkpbratislava.sk\/?p=6029\" \/>\n<meta property=\"og:locale\" content=\"sk_SK\" \/>\n<meta property=\"og:type\" content=\"article\" \/>\n<meta property=\"og:title\" content=\"Je tu MEVZA. Na Myjavu v bojovej n\u00e1lade - VK SLOVAN Bratislava\" \/>\n<meta property=\"og:description\" content=\"Do\u010dkali sme sa aj \u0161tartu Stredoeur\u00f3pskej ligy MEVZA. Vy\u017erebovanie n\u00e1m hne\u010f v\u00a0prvom z\u00e1pase dalo do cesty volejbalistov Myjavy (piatok, 1. 10. o 18.00 h), s\u00a0ktor\u00fdmi sa v\u00a0slovenskom derby pobijeme o\u00a0prv\u00e9 body do tabu\u013eky.\" \/>\n<meta property=\"og:url\" content=\"https:\/\/www.vkpbratislava.sk\/?p=6029\" \/>\n<meta property=\"og:site_name\" content=\"VK SLOVAN Bratislava\" \/>\n<meta property=\"article:published_time\" content=\"2021-10-01T05:35:19+00:00\" \/>\n<meta property=\"article:modified_time\" content=\"2021-10-01T05:36:09+00:00\" \/>\n<meta property=\"og:image\" content=\"https:\/\/www.vkpbratislava.sk\/wp-content\/uploads\/2021\/10\/IMG_9144-scaled.jpg\" \/>\n\t<meta property=\"og:image:width\" content=\"2560\" \/>\n\t<meta property=\"og:image:height\" content=\"1920\" \/>\n\t<meta property=\"og:image:type\" content=\"image\/jpeg\" \/>\n<meta name=\"author\" content=\"jenca\" \/>\n<meta name=\"twitter:card\" content=\"summary_large_image\" \/>\n<meta name=\"twitter:label1\" content=\"Autor\" \/>\n\t<meta name=\"twitter:data1\" content=\"jenca\" \/>\n\t<meta name=\"twitter:label2\" content=\"Predpokladan\u00fd \u010das \u010d\u00edtania\" \/>\n\t<meta name=\"twitter:data2\" content=\"1 min\u00fata\" \/>\n<script type=\"application\/ld+json\" class=\"yoast-schema-graph\">{\"@context\":\"https:\/\/schema.org\",\"@graph\":[{\"@type\":\"Article\",\"@id\":\"https:\/\/www.vkpbratislava.sk\/?p=6029#article\",\"isPartOf\":{\"@id\":\"https:\/\/www.vkpbratislava.sk\/?p=6029\"},\"author\":{\"name\":\"jenca\",\"@id\":\"https:\/\/www.vkpbratislava.sk\/#\/schema\/person\/7037e769f9515aa58493d1b5852c4c50\"},\"headline\":\"Je tu MEVZA. Na Myjavu v bojovej n\u00e1lade\",\"datePublished\":\"2021-10-01T05:35:19+00:00\",\"dateModified\":\"2021-10-01T05:36:09+00:00\",\"mainEntityOfPage\":{\"@id\":\"https:\/\/www.vkpbratislava.sk\/?p=6029\"},\"wordCount\":247,\"publisher\":{\"@id\":\"https:\/\/www.vkpbratislava.sk\/#organization\"},\"image\":{\"@id\":\"https:\/\/www.vkpbratislava.sk\/?p=6029#primaryimage\"},\"thumbnailUrl\":\"https:\/\/www.vkpbratislava.sk\/wp-content\/uploads\/2021\/10\/IMG_9144-scaled.jpg\",\"articleSection\":[\"Mu\u017ei\"],\"inLanguage\":\"sk-SK\"},{\"@type\":\"WebPage\",\"@id\":\"https:\/\/www.vkpbratislava.sk\/?p=6029\",\"url\":\"https:\/\/www.vkpbratislava.sk\/?p=6029\",\"name\":\"Je tu MEVZA. Na Myjavu v bojovej n\u00e1lade - VK SLOVAN Bratislava\",\"isPartOf\":{\"@id\":\"https:\/\/www.vkpbratislava.sk\/#website\"},\"primaryImageOfPage\":{\"@id\":\"https:\/\/www.vkpbratislava.sk\/?p=6029#primaryimage\"},\"image\":{\"@id\":\"https:\/\/www.vkpbratislava.sk\/?p=6029#primaryimage\"},\"thumbnailUrl\":\"https:\/\/www.vkpbratislava.sk\/wp-content\/uploads\/2021\/10\/IMG_9144-scaled.jpg\",\"datePublished\":\"2021-10-01T05:35:19+00:00\",\"dateModified\":\"2021-10-01T05:36:09+00:00\",\"description\":\"Do\u010dkali sme sa aj \u0161tartu Stredoeur\u00f3pskej ligy MEVZA. Vy\u017erebovanie n\u00e1m hne\u010f v\u00a0prvom z\u00e1pase dalo do cesty volejbalistov Myjavy (piatok, 1. 10. o 18.00 h), s\u00a0ktor\u00fdmi sa v\u00a0slovenskom derby pobijeme o\u00a0prv\u00e9 body do tabu\u013eky.\",\"breadcrumb\":{\"@id\":\"https:\/\/www.vkpbratislava.sk\/?p=6029#breadcrumb\"},\"inLanguage\":\"sk-SK\",\"potentialAction\":[{\"@type\":\"ReadAction\",\"target\":[\"https:\/\/www.vkpbratislava.sk\/?p=6029\"]}]},{\"@type\":\"ImageObject\",\"inLanguage\":\"sk-SK\",\"@id\":\"https:\/\/www.vkpbratislava.sk\/?p=6029#primaryimage\",\"url\":\"https:\/\/www.vkpbratislava.sk\/wp-content\/uploads\/2021\/10\/IMG_9144-scaled.jpg\",\"contentUrl\":\"https:\/\/www.vkpbratislava.sk\/wp-content\/uploads\/2021\/10\/IMG_9144-scaled.jpg\",\"width\":2560,\"height\":1920},{\"@type\":\"BreadcrumbList\",\"@id\":\"https:\/\/www.vkpbratislava.sk\/?p=6029#breadcrumb\",\"itemListElement\":[{\"@type\":\"ListItem\",\"position\":1,\"name\":\"Domov\",\"item\":\"https:\/\/www.vkpbratislava.sk\/\"},{\"@type\":\"ListItem\",\"position\":2,\"name\":\"Je tu MEVZA. Na Myjavu v bojovej n\u00e1lade\"}]},{\"@type\":\"WebSite\",\"@id\":\"https:\/\/www.vkpbratislava.sk\/#website\",\"url\":\"https:\/\/www.vkpbratislava.sk\/\",\"name\":\"VK SLOVAN Bratislava\",\"description\":\"Volejbalov\u00fd klub\",\"publisher\":{\"@id\":\"https:\/\/www.vkpbratislava.sk\/#organization\"},\"potentialAction\":[{\"@type\":\"SearchAction\",\"target\":{\"@type\":\"EntryPoint\",\"urlTemplate\":\"https:\/\/www.vkpbratislava.sk\/?s={search_term_string}\"},\"query-input\":{\"@type\":\"PropertyValueSpecification\",\"valueRequired\":true,\"valueName\":\"search_term_string\"}}],\"inLanguage\":\"sk-SK\"},{\"@type\":\"Organization\",\"@id\":\"https:\/\/www.vkpbratislava.sk\/#organization\",\"name\":\"VKP Bratislava\",\"url\":\"https:\/\/www.vkpbratislava.sk\/\",\"logo\":{\"@type\":\"ImageObject\",\"inLanguage\":\"sk-SK\",\"@id\":\"https:\/\/www.vkpbratislava.sk\/#\/schema\/logo\/image\/\",\"url\":\"https:\/\/www.vkpbratislava.sk\/wp-content\/uploads\/2020\/10\/vkpBA.png\",\"contentUrl\":\"https:\/\/www.vkpbratislava.sk\/wp-content\/uploads\/2020\/10\/vkpBA.png\",\"width\":600,\"height\":600,\"caption\":\"VKP Bratislava\"},\"image\":{\"@id\":\"https:\/\/www.vkpbratislava.sk\/#\/schema\/logo\/image\/\"}},{\"@type\":\"Person\",\"@id\":\"https:\/\/www.vkpbratislava.sk\/#\/schema\/person\/7037e769f9515aa58493d1b5852c4c50\",\"name\":\"jenca\",\"image\":{\"@type\":\"ImageObject\",\"inLanguage\":\"sk-SK\",\"@id\":\"https:\/\/www.vkpbratislava.sk\/#\/schema\/person\/image\/\",\"url\":\"https:\/\/secure.gravatar.com\/avatar\/67aa89e9aab2911bbd0c6fbf0a891ea8d80c207c9b6a6e2c96e13fc2f16e536d?s=96&d=mm&r=g\",\"contentUrl\":\"https:\/\/secure.gravatar.com\/avatar\/67aa89e9aab2911bbd0c6fbf0a891ea8d80c207c9b6a6e2c96e13fc2f16e536d?s=96&d=mm&r=g\",\"caption\":\"jenca\"},\"url\":\"https:\/\/www.vkpbratislava.sk\/?author=3\"}]}<\/script>\n<!-- \/ Yoast SEO plugin. -->","yoast_head_json":{"title":"Je tu MEVZA. Na Myjavu v bojovej n\u00e1lade - VK SLOVAN Bratislava","description":"Do\u010dkali sme sa aj \u0161tartu Stredoeur\u00f3pskej ligy MEVZA. Vy\u017erebovanie n\u00e1m hne\u010f v\u00a0prvom z\u00e1pase dalo do cesty volejbalistov Myjavy (piatok, 1. 10. o 18.00 h), s\u00a0ktor\u00fdmi sa v\u00a0slovenskom derby pobijeme o\u00a0prv\u00e9 body do tabu\u013eky.","robots":{"index":"index","follow":"follow","max-snippet":"max-snippet:-1","max-image-preview":"max-image-preview:large","max-video-preview":"max-video-preview:-1"},"canonical":"https:\/\/www.vkpbratislava.sk\/?p=6029","og_locale":"sk_SK","og_type":"article","og_title":"Je tu MEVZA. Na Myjavu v bojovej n\u00e1lade - VK SLOVAN Bratislava","og_description":"Do\u010dkali sme sa aj \u0161tartu Stredoeur\u00f3pskej ligy MEVZA. Vy\u017erebovanie n\u00e1m hne\u010f v\u00a0prvom z\u00e1pase dalo do cesty volejbalistov Myjavy (piatok, 1. 10. o 18.00 h), s\u00a0ktor\u00fdmi sa v\u00a0slovenskom derby pobijeme o\u00a0prv\u00e9 body do tabu\u013eky.","og_url":"https:\/\/www.vkpbratislava.sk\/?p=6029","og_site_name":"VK SLOVAN Bratislava","article_published_time":"2021-10-01T05:35:19+00:00","article_modified_time":"2021-10-01T05:36:09+00:00","og_image":[{"width":2560,"height":1920,"url":"https:\/\/www.vkpbratislava.sk\/wp-content\/uploads\/2021\/10\/IMG_9144-scaled.jpg","type":"image\/jpeg"}],"author":"jenca","twitter_card":"summary_large_image","twitter_misc":{"Autor":"jenca","Predpokladan\u00fd \u010das \u010d\u00edtania":"1 min\u00fata"},"schema":{"@context":"https:\/\/schema.org","@graph":[{"@type":"Article","@id":"https:\/\/www.vkpbratislava.sk\/?p=6029#article","isPartOf":{"@id":"https:\/\/www.vkpbratislava.sk\/?p=6029"},"author":{"name":"jenca","@id":"https:\/\/www.vkpbratislava.sk\/#\/schema\/person\/7037e769f9515aa58493d1b5852c4c50"},"headline":"Je tu MEVZA. Na Myjavu v bojovej n\u00e1lade","datePublished":"2021-10-01T05:35:19+00:00","dateModified":"2021-10-01T05:36:09+00:00","mainEntityOfPage":{"@id":"https:\/\/www.vkpbratislava.sk\/?p=6029"},"wordCount":247,"publisher":{"@id":"https:\/\/www.vkpbratislava.sk\/#organization"},"image":{"@id":"https:\/\/www.vkpbratislava.sk\/?p=6029#primaryimage"},"thumbnailUrl":"https:\/\/www.vkpbratislava.sk\/wp-content\/uploads\/2021\/10\/IMG_9144-scaled.jpg","articleSection":["Mu\u017ei"],"inLanguage":"sk-SK"},{"@type":"WebPage","@id":"https:\/\/www.vkpbratislava.sk\/?p=6029","url":"https:\/\/www.vkpbratislava.sk\/?p=6029","name":"Je tu MEVZA. Na Myjavu v bojovej n\u00e1lade - VK SLOVAN Bratislava","isPartOf":{"@id":"https:\/\/www.vkpbratislava.sk\/#website"},"primaryImageOfPage":{"@id":"https:\/\/www.vkpbratislava.sk\/?p=6029#primaryimage"},"image":{"@id":"https:\/\/www.vkpbratislava.sk\/?p=6029#primaryimage"},"thumbnailUrl":"https:\/\/www.vkpbratislava.sk\/wp-content\/uploads\/2021\/10\/IMG_9144-scaled.jpg","datePublished":"2021-10-01T05:35:19+00:00","dateModified":"2021-10-01T05:36:09+00:00","description":"Do\u010dkali sme sa aj \u0161tartu Stredoeur\u00f3pskej ligy MEVZA. Vy\u017erebovanie n\u00e1m hne\u010f v\u00a0prvom z\u00e1pase dalo do cesty volejbalistov Myjavy (piatok, 1. 10. o 18.00 h), s\u00a0ktor\u00fdmi sa v\u00a0slovenskom derby pobijeme o\u00a0prv\u00e9 body do tabu\u013eky.","breadcrumb":{"@id":"https:\/\/www.vkpbratislava.sk\/?p=6029#breadcrumb"},"inLanguage":"sk-SK","potentialAction":[{"@type":"ReadAction","target":["https:\/\/www.vkpbratislava.sk\/?p=6029"]}]},{"@type":"ImageObject","inLanguage":"sk-SK","@id":"https:\/\/www.vkpbratislava.sk\/?p=6029#primaryimage","url":"https:\/\/www.vkpbratislava.sk\/wp-content\/uploads\/2021\/10\/IMG_9144-scaled.jpg","contentUrl":"https:\/\/www.vkpbratislava.sk\/wp-content\/uploads\/2021\/10\/IMG_9144-scaled.jpg","width":2560,"height":1920},{"@type":"BreadcrumbList","@id":"https:\/\/www.vkpbratislava.sk\/?p=6029#breadcrumb","itemListElement":[{"@type":"ListItem","position":1,"name":"Domov","item":"https:\/\/www.vkpbratislava.sk\/"},{"@type":"ListItem","position":2,"name":"Je tu MEVZA. Na Myjavu v bojovej n\u00e1lade"}]},{"@type":"WebSite","@id":"https:\/\/www.vkpbratislava.sk\/#website","url":"https:\/\/www.vkpbratislava.sk\/","name":"VK SLOVAN Bratislava","description":"Volejbalov\u00fd klub","publisher":{"@id":"https:\/\/www.vkpbratislava.sk\/#organization"},"potentialAction":[{"@type":"SearchAction","target":{"@type":"EntryPoint","urlTemplate":"https:\/\/www.vkpbratislava.sk\/?s={search_term_string}"},"query-input":{"@type":"PropertyValueSpecification","valueRequired":true,"valueName":"search_term_string"}}],"inLanguage":"sk-SK"},{"@type":"Organization","@id":"https:\/\/www.vkpbratislava.sk\/#organization","name":"VKP Bratislava","url":"https:\/\/www.vkpbratislava.sk\/","logo":{"@type":"ImageObject","inLanguage":"sk-SK","@id":"https:\/\/www.vkpbratislava.sk\/#\/schema\/logo\/image\/","url":"https:\/\/www.vkpbratislava.sk\/wp-content\/uploads\/2020\/10\/vkpBA.png","contentUrl":"https:\/\/www.vkpbratislava.sk\/wp-content\/uploads\/2020\/10\/vkpBA.png","width":600,"height":600,"caption":"VKP Bratislava"},"image":{"@id":"https:\/\/www.vkpbratislava.sk\/#\/schema\/logo\/image\/"}},{"@type":"Person","@id":"https:\/\/www.vkpbratislava.sk\/#\/schema\/person\/7037e769f9515aa58493d1b5852c4c50","name":"jenca","image":{"@type":"ImageObject","inLanguage":"sk-SK","@id":"https:\/\/www.vkpbratislava.sk\/#\/schema\/person\/image\/","url":"https:\/\/secure.gravatar.com\/avatar\/67aa89e9aab2911bbd0c6fbf0a891ea8d80c207c9b6a6e2c96e13fc2f16e536d?s=96&d=mm&r=g","contentUrl":"https:\/\/secure.gravatar.com\/avatar\/67aa89e9aab2911bbd0c6fbf0a891ea8d80c207c9b6a6e2c96e13fc2f16e536d?s=96&d=mm&r=g","caption":"jenca"},"url":"https:\/\/www.vkpbratislava.sk\/?author=3"}]}},"_links":{"self":[{"href":"https:\/\/www.vkpbratislava.sk\/index.php?rest_route=\/wp\/v2\/posts\/6029","targetHints":{"allow":["GET"]}}],"collection":[{"href":"https:\/\/www.vkpbratislava.sk\/index.php?rest_route=\/wp\/v2\/posts"}],"about":[{"href":"https:\/\/www.vkpbratislava.sk\/index.php?rest_route=\/wp\/v2\/types\/post"}],"author":[{"embeddable":true,"href":"https:\/\/www.vkpbratislava.sk\/index.php?rest_route=\/wp\/v2\/users\/3"}],"replies":[{"embeddable":true,"href":"https:\/\/www.vkpbratislava.sk\/index.php?rest_route=%2Fwp%2Fv2%2Fcomments&post=6029"}],"version-history":[{"count":2,"href":"https:\/\/www.vkpbratislava.sk\/index.php?rest_route=\/wp\/v2\/posts\/6029\/revisions"}],"predecessor-version":[{"id":6036,"href":"https:\/\/www.vkpbratislava.sk\/index.php?rest_route=\/wp\/v2\/posts\/6029\/revisions\/6036"}],"wp:featuredmedia":[{"embeddable":true,"href":"https:\/\/www.vkpbratislava.sk\/index.php?rest_route=\/wp\/v2\/media\/6034"}],"wp:attachment":[{"href":"https:\/\/www.vkpbratislava.sk\/index.php?rest_route=%2Fwp%2Fv2%2Fmedia&parent=6029"}],"wp:term":[{"taxonomy":"category","embeddable":true,"href":"https:\/\/www.vkpbratislava.sk\/index.php?rest_route=%2Fwp%2Fv2%2Fcategories&post=6029"},{"taxonomy":"post_tag","embeddable":true,"href":"https:\/\/www.vkpbratislava.sk\/index.php?rest_route=%2Fwp%2Fv2%2Ftags&post=6029"}],"curies":[{"name":"wp","href":"https:\/\/api.w.org\/{rel}","templated":true}]}}